{"id":2261,"date":"2018-01-31T18:32:12","date_gmt":"2018-01-31T17:32:12","guid":{"rendered":"http:\/\/evertonfc.cz\/?p=2261"},"modified":"2019-02-05T18:33:15","modified_gmt":"2019-02-05T17:33:15","slug":"sandro-dohraje-sezonu-ve-spanelsku","status":"publish","type":"post","link":"https:\/\/evertonfc.cz\/index.php\/2018\/01\/31\/sandro-dohraje-sezonu-ve-spanelsku\/","title":{"rendered":"Sandro dohraje sez\u00f3nu ve \u0160pan\u011blsku"},"content":{"rendered":"\n<h4 class=\"wp-block-heading\">\u00dato\u010dn\u00edk Sandro Ram\u00edrez aspo\u0148 do\u010dasn\u011b ukon\u010dil sv\u00e9 tr\u00e1pen\u00ed v Evertonu, na hostov\u00e1n\u00ed do konce sez\u00f3ny ho z\u00edskala \u0161pan\u011blsk\u00e1 Sevilla.<\/h4>\n\n\n\n<p>Informaci na sv\u00fdch ofici\u00e1ln\u00edch str\u00e1nk\u00e1ch v \u00fater\u00fd ve\u010der zve\u0159ejnily oba kluby, cel\u00fd transfer bude potom dota\u017een b\u011bhem dne\u0161ka, kdy se Sandro v Seville podrob\u00ed zdravotn\u00ed prohl\u00eddce.<\/p>\n\n\n\n<p>Finan\u010dn\u00ed detaily nesd\u011blila ani jedna strana, podle m\u00e9di\u00ed ale Sevilla za p\u016flro\u010dn\u00ed hostov\u00e1n\u00ed zaplat\u00ed 220 tis\u00edc liber a bude m\u00edt opci na p\u0159estup v hodnot\u011b 7,9 milionu liber. Je rovn\u011b\u017e pravd\u011bpodobn\u00e9, \u017ee andalusk\u00fd celek bude platit zna\u010dnou, ne-li celou, \u010d\u00e1st Sandro astronomick\u00e9ho platu. V Evertonu si pr\u00fd t\u00fddn\u011b p\u0159i\u0161el a\u017e na 120 tis\u00edc liber t\u00fddn\u011b.<\/p>\n\n\n\n<p>Sandro p\u0159edstavuje jeden ze symbol\u016f nepoveden\u00e9 sez\u00f3ny Toffees. V l\u00e9t\u011b byl koupen z M\u00e1lagy jen za 5,2 milionu liber po sez\u00f3n\u011b, v n\u00ed\u017e ve \u0161pan\u011blsk\u00e9 lize jako 21let\u00fd nast\u0159\u00edlel 16 branek. Tehdej\u0161\u00ed mana\u017eer Ronald Koeman se t\u011b\u0161il z jeho velk\u00e9ho potenci\u00e1lu, nicm\u00e9n\u011b po vyhazovu Nizozemce se Sandrovi zav\u0159ely dve\u0159e do prvn\u00edho t\u00fdmu. Za \u0161est m\u011bs\u00edc\u016f odehr\u00e1l jen 649 minut rozlo\u017een\u00fdch do 15 z\u00e1pas\u016f. Jedinou branku si p\u0159ipsal v z\u00e1\u0159\u00ed v Ligov\u00e9m poh\u00e1ru p\u0159i v\u00fdh\u0159e 3:0 na Sunderlandem.<\/p>\n\n\n\n<p>Pokud Sevilla uplatn\u00ed opci a Sandro se ji\u017e do Goodison Parku nevr\u00e1t\u00ed, bude zcela jist\u011b zpochyb\u0148ov\u00e1no, pro\u010d talentovan\u00fd \u00fato\u010dn\u00edk nedostal v&nbsp;Evertonu v\u00edce \u010dase na aklimatizaci, aby mohl p\u0159edv\u00e9st sv\u00e9 schopnosti.<\/p>\n","protected":false},"excerpt":{"rendered":"<p>\u00dato\u010dn\u00edk Sandro Ram\u00edrez aspo\u0148 do\u010dasn\u011b ukon\u010dil sv\u00e9 tr\u00e1pen\u00ed v Evertonu, na hostov\u00e1n\u00ed do konce sez\u00f3ny ho z\u00edskala \u0161pan\u011blsk\u00e1 Sevilla. Informaci&hellip;<\/p>\n","protected":false},"author":6,"featured_media":1316,"comment_status":"open","ping_status":"closed","sticky":false,"template":"","format":"standard","meta":{"_eb_attr":"","_monsterinsights_skip_tracking":false,"_monsterinsights_sitenote_active":false,"_monsterinsights_sitenote_note":"","_monsterinsights_sitenote_category":0,"footnotes":""},"categories":[41],"tags":[],"yoast_head":"<!-- This site is optimized with the Yoast SEO plugin v23.4 - https:\/\/yoast.com\/wordpress\/plugins\/seo\/ -->\n<title>Sandro dohraje sez\u00f3nu ve \u0160pan\u011blsku - Official Czech &amp; Slovak Everton Supporters&#039; Club<\/title>\n<meta name=\"robots\" content=\"index, follow, max-snippet:-1, max-image-preview:large, max-video-preview:-1\" \/>\n<link rel=\"canonical\" href=\"https:\/\/evertonfc.cz\/index.php\/2018\/01\/31\/sandro-dohraje-sezonu-ve-spanelsku\/\" \/>\n<meta property=\"og:locale\" content=\"cs_CZ\" \/>\n<meta property=\"og:type\" content=\"article\" \/>\n<meta property=\"og:title\" content=\"Sandro dohraje sez\u00f3nu ve \u0160pan\u011blsku - Official Czech &amp; Slovak Everton Supporters&#039; Club\" \/>\n<meta property=\"og:description\" content=\"\u00dato\u010dn\u00edk Sandro Ram\u00edrez aspo\u0148 do\u010dasn\u011b ukon\u010dil sv\u00e9 tr\u00e1pen\u00ed v Evertonu, na hostov\u00e1n\u00ed do konce sez\u00f3ny ho z\u00edskala \u0161pan\u011blsk\u00e1 Sevilla. Informaci&hellip;\" \/>\n<meta property=\"og:url\" content=\"https:\/\/evertonfc.cz\/index.php\/2018\/01\/31\/sandro-dohraje-sezonu-ve-spanelsku\/\" \/>\n<meta property=\"og:site_name\" content=\"Official Czech &amp; Slovak Everton Supporters&#039; Club\" \/>\n<meta property=\"article:publisher\" content=\"https:\/\/www.facebook.com\/everton.fans.cz.sk\" \/>\n<meta property=\"article:published_time\" content=\"2018-01-31T17:32:12+00:00\" \/>\n<meta property=\"article:modified_time\" content=\"2019-02-05T17:33:15+00:00\" \/>\n<meta property=\"og:image\" content=\"https:\/\/evertonfc.cz\/wp-content\/uploads\/2019\/01\/transfer.jpg\" \/>\n\t<meta property=\"og:image:width\" content=\"720\" \/>\n\t<meta property=\"og:image:height\" content=\"405\" \/>\n\t<meta property=\"og:image:type\" content=\"image\/jpeg\" \/>\n<meta name=\"author\" content=\"Ri\u010di\" \/>\n<meta name=\"twitter:card\" content=\"summary_large_image\" \/>\n<meta name=\"twitter:creator\" content=\"@rbrejsa\" \/>\n<meta name=\"twitter:label1\" content=\"Napsal(a)\" \/>\n\t<meta name=\"twitter:data1\" content=\"Ri\u010di\" \/>\n\t<meta name=\"twitter:label2\" content=\"Odhadovan\u00e1 doba \u010dten\u00ed\" \/>\n\t<meta name=\"twitter:data2\" content=\"1 minuta\" \/>\n<script type=\"application\/ld+json\" class=\"yoast-schema-graph\">{\"@context\":\"https:\/\/schema.org\",\"@graph\":[{\"@type\":\"Article\",\"@id\":\"https:\/\/evertonfc.cz\/index.php\/2018\/01\/31\/sandro-dohraje-sezonu-ve-spanelsku\/#article\",\"isPartOf\":{\"@id\":\"https:\/\/evertonfc.cz\/index.php\/2018\/01\/31\/sandro-dohraje-sezonu-ve-spanelsku\/\"},\"author\":{\"name\":\"Ri\u010di\",\"@id\":\"https:\/\/evertonfc.cz\/#\/schema\/person\/f7a5daedb2ffee98480bc70e191aaef1\"},\"headline\":\"Sandro dohraje sez\u00f3nu ve \u0160pan\u011blsku\",\"datePublished\":\"2018-01-31T17:32:12+00:00\",\"dateModified\":\"2019-02-05T17:33:15+00:00\",\"mainEntityOfPage\":{\"@id\":\"https:\/\/evertonfc.cz\/index.php\/2018\/01\/31\/sandro-dohraje-sezonu-ve-spanelsku\/\"},\"wordCount\":282,\"commentCount\":0,\"publisher\":{\"@id\":\"https:\/\/evertonfc.cz\/#organization\"},\"image\":{\"@id\":\"https:\/\/evertonfc.cz\/index.php\/2018\/01\/31\/sandro-dohraje-sezonu-ve-spanelsku\/#primaryimage\"},\"thumbnailUrl\":\"https:\/\/evertonfc.cz\/wp-content\/uploads\/2019\/01\/transfer.jpg\",\"articleSection\":[\"P\u0159estupy\"],\"inLanguage\":\"cs\",\"potentialAction\":[{\"@type\":\"CommentAction\",\"name\":\"Comment\",\"target\":[\"https:\/\/evertonfc.cz\/index.php\/2018\/01\/31\/sandro-dohraje-sezonu-ve-spanelsku\/#respond\"]}]},{\"@type\":\"WebPage\",\"@id\":\"https:\/\/evertonfc.cz\/index.php\/2018\/01\/31\/sandro-dohraje-sezonu-ve-spanelsku\/\",\"url\":\"https:\/\/evertonfc.cz\/index.php\/2018\/01\/31\/sandro-dohraje-sezonu-ve-spanelsku\/\",\"name\":\"Sandro dohraje sez\u00f3nu ve \u0160pan\u011blsku - Official Czech &amp; Slovak Everton Supporters&#039; Club\",\"isPartOf\":{\"@id\":\"https:\/\/evertonfc.cz\/#website\"},\"primaryImageOfPage\":{\"@id\":\"https:\/\/evertonfc.cz\/index.php\/2018\/01\/31\/sandro-dohraje-sezonu-ve-spanelsku\/#primaryimage\"},\"image\":{\"@id\":\"https:\/\/evertonfc.cz\/index.php\/2018\/01\/31\/sandro-dohraje-sezonu-ve-spanelsku\/#primaryimage\"},\"thumbnailUrl\":\"https:\/\/evertonfc.cz\/wp-content\/uploads\/2019\/01\/transfer.jpg\",\"datePublished\":\"2018-01-31T17:32:12+00:00\",\"dateModified\":\"2019-02-05T17:33:15+00:00\",\"breadcrumb\":{\"@id\":\"https:\/\/evertonfc.cz\/index.php\/2018\/01\/31\/sandro-dohraje-sezonu-ve-spanelsku\/#breadcrumb\"},\"inLanguage\":\"cs\",\"potentialAction\":[{\"@type\":\"ReadAction\",\"target\":[\"https:\/\/evertonfc.cz\/index.php\/2018\/01\/31\/sandro-dohraje-sezonu-ve-spanelsku\/\"]}]},{\"@type\":\"ImageObject\",\"inLanguage\":\"cs\",\"@id\":\"https:\/\/evertonfc.cz\/index.php\/2018\/01\/31\/sandro-dohraje-sezonu-ve-spanelsku\/#primaryimage\",\"url\":\"https:\/\/evertonfc.cz\/wp-content\/uploads\/2019\/01\/transfer.jpg\",\"contentUrl\":\"https:\/\/evertonfc.cz\/wp-content\/uploads\/2019\/01\/transfer.jpg\",\"width\":720,\"height\":405},{\"@type\":\"BreadcrumbList\",\"@id\":\"https:\/\/evertonfc.cz\/index.php\/2018\/01\/31\/sandro-dohraje-sezonu-ve-spanelsku\/#breadcrumb\",\"itemListElement\":[{\"@type\":\"ListItem\",\"position\":1,\"name\":\"Home\",\"item\":\"https:\/\/evertonfc.cz\/\"},{\"@type\":\"ListItem\",\"position\":2,\"name\":\"Sandro dohraje sez\u00f3nu ve \u0160pan\u011blsku\"}]},{\"@type\":\"WebSite\",\"@id\":\"https:\/\/evertonfc.cz\/#website\",\"url\":\"https:\/\/evertonfc.cz\/\",\"name\":\"Official Czech &amp; Slovak Everton Supporters&#039; Club\",\"description\":\"\",\"publisher\":{\"@id\":\"https:\/\/evertonfc.cz\/#organization\"},\"potentialAction\":[{\"@type\":\"SearchAction\",\"target\":{\"@type\":\"EntryPoint\",\"urlTemplate\":\"https:\/\/evertonfc.cz\/?s={search_term_string}\"},\"query-input\":{\"@type\":\"PropertyValueSpecification\",\"valueRequired\":true,\"valueName\":\"search_term_string\"}}],\"inLanguage\":\"cs\"},{\"@type\":\"Organization\",\"@id\":\"https:\/\/evertonfc.cz\/#organization\",\"name\":\"Official Czech & Slovak Everton Supporters' Club\",\"url\":\"https:\/\/evertonfc.cz\/\",\"logo\":{\"@type\":\"ImageObject\",\"inLanguage\":\"cs\",\"@id\":\"https:\/\/evertonfc.cz\/#\/schema\/logo\/image\/\",\"url\":\"https:\/\/evertonfc.cz\/wp-content\/uploads\/2019\/05\/logo.png\",\"contentUrl\":\"https:\/\/evertonfc.cz\/wp-content\/uploads\/2019\/05\/logo.png\",\"width\":112,\"height\":112,\"caption\":\"Official Czech & Slovak Everton Supporters' Club\"},\"image\":{\"@id\":\"https:\/\/evertonfc.cz\/#\/schema\/logo\/image\/\"},\"sameAs\":[\"https:\/\/www.facebook.com\/everton.fans.cz.sk\"]},{\"@type\":\"Person\",\"@id\":\"https:\/\/evertonfc.cz\/#\/schema\/person\/f7a5daedb2ffee98480bc70e191aaef1\",\"name\":\"Ri\u010di\",\"sameAs\":[\"https:\/\/x.com\/rbrejsa\"],\"url\":\"https:\/\/evertonfc.cz\/index.php\/author\/rici\/\"}]}<\/script>\n<!-- \/ Yoast SEO plugin. -->","yoast_head_json":{"title":"Sandro dohraje sez\u00f3nu ve \u0160pan\u011blsku - Official Czech &amp; Slovak Everton Supporters&#039; Club","robots":{"index":"index","follow":"follow","max-snippet":"max-snippet:-1","max-image-preview":"max-image-preview:large","max-video-preview":"max-video-preview:-1"},"canonical":"https:\/\/evertonfc.cz\/index.php\/2018\/01\/31\/sandro-dohraje-sezonu-ve-spanelsku\/","og_locale":"cs_CZ","og_type":"article","og_title":"Sandro dohraje sez\u00f3nu ve \u0160pan\u011blsku - Official Czech &amp; Slovak Everton Supporters&#039; Club","og_description":"\u00dato\u010dn\u00edk Sandro Ram\u00edrez aspo\u0148 do\u010dasn\u011b ukon\u010dil sv\u00e9 tr\u00e1pen\u00ed v Evertonu, na hostov\u00e1n\u00ed do konce sez\u00f3ny ho z\u00edskala \u0161pan\u011blsk\u00e1 Sevilla. Informaci&hellip;","og_url":"https:\/\/evertonfc.cz\/index.php\/2018\/01\/31\/sandro-dohraje-sezonu-ve-spanelsku\/","og_site_name":"Official Czech &amp; Slovak Everton Supporters&#039; Club","article_publisher":"https:\/\/www.facebook.com\/everton.fans.cz.sk","article_published_time":"2018-01-31T17:32:12+00:00","article_modified_time":"2019-02-05T17:33:15+00:00","og_image":[{"width":720,"height":405,"url":"https:\/\/evertonfc.cz\/wp-content\/uploads\/2019\/01\/transfer.jpg","type":"image\/jpeg"}],"author":"Ri\u010di","twitter_card":"summary_large_image","twitter_creator":"@rbrejsa","twitter_misc":{"Napsal(a)":"Ri\u010di","Odhadovan\u00e1 doba \u010dten\u00ed":"1 minuta"},"schema":{"@context":"https:\/\/schema.org","@graph":[{"@type":"Article","@id":"https:\/\/evertonfc.cz\/index.php\/2018\/01\/31\/sandro-dohraje-sezonu-ve-spanelsku\/#article","isPartOf":{"@id":"https:\/\/evertonfc.cz\/index.php\/2018\/01\/31\/sandro-dohraje-sezonu-ve-spanelsku\/"},"author":{"name":"Ri\u010di","@id":"https:\/\/evertonfc.cz\/#\/schema\/person\/f7a5daedb2ffee98480bc70e191aaef1"},"headline":"Sandro dohraje sez\u00f3nu ve \u0160pan\u011blsku","datePublished":"2018-01-31T17:32:12+00:00","dateModified":"2019-02-05T17:33:15+00:00","mainEntityOfPage":{"@id":"https:\/\/evertonfc.cz\/index.php\/2018\/01\/31\/sandro-dohraje-sezonu-ve-spanelsku\/"},"wordCount":282,"commentCount":0,"publisher":{"@id":"https:\/\/evertonfc.cz\/#organization"},"image":{"@id":"https:\/\/evertonfc.cz\/index.php\/2018\/01\/31\/sandro-dohraje-sezonu-ve-spanelsku\/#primaryimage"},"thumbnailUrl":"https:\/\/evertonfc.cz\/wp-content\/uploads\/2019\/01\/transfer.jpg","articleSection":["P\u0159estupy"],"inLanguage":"cs","potentialAction":[{"@type":"CommentAction","name":"Comment","target":["https:\/\/evertonfc.cz\/index.php\/2018\/01\/31\/sandro-dohraje-sezonu-ve-spanelsku\/#respond"]}]},{"@type":"WebPage","@id":"https:\/\/evertonfc.cz\/index.php\/2018\/01\/31\/sandro-dohraje-sezonu-ve-spanelsku\/","url":"https:\/\/evertonfc.cz\/index.php\/2018\/01\/31\/sandro-dohraje-sezonu-ve-spanelsku\/","name":"Sandro dohraje sez\u00f3nu ve \u0160pan\u011blsku - Official Czech &amp; Slovak Everton Supporters&#039; Club","isPartOf":{"@id":"https:\/\/evertonfc.cz\/#website"},"primaryImageOfPage":{"@id":"https:\/\/evertonfc.cz\/index.php\/2018\/01\/31\/sandro-dohraje-sezonu-ve-spanelsku\/#primaryimage"},"image":{"@id":"https:\/\/evertonfc.cz\/index.php\/2018\/01\/31\/sandro-dohraje-sezonu-ve-spanelsku\/#primaryimage"},"thumbnailUrl":"https:\/\/evertonfc.cz\/wp-content\/uploads\/2019\/01\/transfer.jpg","datePublished":"2018-01-31T17:32:12+00:00","dateModified":"2019-02-05T17:33:15+00:00","breadcrumb":{"@id":"https:\/\/evertonfc.cz\/index.php\/2018\/01\/31\/sandro-dohraje-sezonu-ve-spanelsku\/#breadcrumb"},"inLanguage":"cs","potentialAction":[{"@type":"ReadAction","target":["https:\/\/evertonfc.cz\/index.php\/2018\/01\/31\/sandro-dohraje-sezonu-ve-spanelsku\/"]}]},{"@type":"ImageObject","inLanguage":"cs","@id":"https:\/\/evertonfc.cz\/index.php\/2018\/01\/31\/sandro-dohraje-sezonu-ve-spanelsku\/#primaryimage","url":"https:\/\/evertonfc.cz\/wp-content\/uploads\/2019\/01\/transfer.jpg","contentUrl":"https:\/\/evertonfc.cz\/wp-content\/uploads\/2019\/01\/transfer.jpg","width":720,"height":405},{"@type":"BreadcrumbList","@id":"https:\/\/evertonfc.cz\/index.php\/2018\/01\/31\/sandro-dohraje-sezonu-ve-spanelsku\/#breadcrumb","itemListElement":[{"@type":"ListItem","position":1,"name":"Home","item":"https:\/\/evertonfc.cz\/"},{"@type":"ListItem","position":2,"name":"Sandro dohraje sez\u00f3nu ve \u0160pan\u011blsku"}]},{"@type":"WebSite","@id":"https:\/\/evertonfc.cz\/#website","url":"https:\/\/evertonfc.cz\/","name":"Official Czech &amp; Slovak Everton Supporters&#039; Club","description":"","publisher":{"@id":"https:\/\/evertonfc.cz\/#organization"},"potentialAction":[{"@type":"SearchAction","target":{"@type":"EntryPoint","urlTemplate":"https:\/\/evertonfc.cz\/?s={search_term_string}"},"query-input":{"@type":"PropertyValueSpecification","valueRequired":true,"valueName":"search_term_string"}}],"inLanguage":"cs"},{"@type":"Organization","@id":"https:\/\/evertonfc.cz\/#organization","name":"Official Czech & Slovak Everton Supporters' Club","url":"https:\/\/evertonfc.cz\/","logo":{"@type":"ImageObject","inLanguage":"cs","@id":"https:\/\/evertonfc.cz\/#\/schema\/logo\/image\/","url":"https:\/\/evertonfc.cz\/wp-content\/uploads\/2019\/05\/logo.png","contentUrl":"https:\/\/evertonfc.cz\/wp-content\/uploads\/2019\/05\/logo.png","width":112,"height":112,"caption":"Official Czech & Slovak Everton Supporters' Club"},"image":{"@id":"https:\/\/evertonfc.cz\/#\/schema\/logo\/image\/"},"sameAs":["https:\/\/www.facebook.com\/everton.fans.cz.sk"]},{"@type":"Person","@id":"https:\/\/evertonfc.cz\/#\/schema\/person\/f7a5daedb2ffee98480bc70e191aaef1","name":"Ri\u010di","sameAs":["https:\/\/x.com\/rbrejsa"],"url":"https:\/\/evertonfc.cz\/index.php\/author\/rici\/"}]}},"_links":{"self":[{"href":"https:\/\/evertonfc.cz\/index.php\/wp-json\/wp\/v2\/posts\/2261"}],"collection":[{"href":"https:\/\/evertonfc.cz\/index.php\/wp-json\/wp\/v2\/posts"}],"about":[{"href":"https:\/\/evertonfc.cz\/index.php\/wp-json\/wp\/v2\/types\/post"}],"author":[{"embeddable":true,"href":"https:\/\/evertonfc.cz\/index.php\/wp-json\/wp\/v2\/users\/6"}],"replies":[{"embeddable":true,"href":"https:\/\/evertonfc.cz\/index.php\/wp-json\/wp\/v2\/comments?post=2261"}],"version-history":[{"count":1,"href":"https:\/\/evertonfc.cz\/index.php\/wp-json\/wp\/v2\/posts\/2261\/revisions"}],"predecessor-version":[{"id":2262,"href":"https:\/\/evertonfc.cz\/index.php\/wp-json\/wp\/v2\/posts\/2261\/revisions\/2262"}],"wp:featuredmedia":[{"embeddable":true,"href":"https:\/\/evertonfc.cz\/index.php\/wp-json\/wp\/v2\/media\/1316"}],"wp:attachment":[{"href":"https:\/\/evertonfc.cz\/index.php\/wp-json\/wp\/v2\/media?parent=2261"}],"wp:term":[{"taxonomy":"category","embeddable":true,"href":"https:\/\/evertonfc.cz\/index.php\/wp-json\/wp\/v2\/categories?post=2261"},{"taxonomy":"post_tag","embeddable":true,"href":"https:\/\/evertonfc.cz\/index.php\/wp-json\/wp\/v2\/tags?post=2261"}],"curies":[{"name":"wp","href":"https:\/\/api.w.org\/{rel}","templated":true}]}}