{"id":22613,"date":"2023-09-02T06:02:04","date_gmt":"2023-09-02T04:02:04","guid":{"rendered":"https:\/\/evertonfc.cz\/?p=22613"},"modified":"2023-09-02T06:02:04","modified_gmt":"2023-09-02T04:02:04","slug":"maupay-se-vraci-do-brentfordu","status":"publish","type":"post","link":"https:\/\/evertonfc.cz\/index.php\/2023\/09\/02\/maupay-se-vraci-do-brentfordu\/","title":{"rendered":"Maupay se vrac\u00ed do Brentfordu"},"content":{"rendered":"<h4>Tr\u00e1p\u00edc\u00ed se \u00fato\u010dn\u00edk Neal Maupay p\u0159eci jenom opustil Everton. Na hostov\u00e1n\u00ed s opc\u00ed zam\u00ed\u0159il do Brentfordu, kde ji\u017e d\u0159\u00edve p\u016fsobil.<\/h4>\n<p>Tento 27let\u00fd fotbalista nasko\u010dil v leto\u0161n\u00ed sez\u00f3n\u011b do t\u0159\u00ed ze \u010dty\u0159 mo\u017en\u00fdch z\u00e1pas\u016f za Everton. V posledn\u00edm z nich, ve st\u0159edu, kdy Everton porazil Doncaster 2:1 v Ligov\u00e9m poh\u00e1ru, si p\u0159ipsal asistenci.<\/p>\n<p>Po letn\u00edch p\u0159\u00edchodech \u00fato\u010dn\u00edk\u016f Chermitiho, Beta a Danjumy se v\u0161ak stal \u010dtvrtou nebo dokonce p\u00e1tou volbou do \u00fatoku, a proto se rozhodl vyu\u017e\u00edt nab\u00eddku ze sv\u00e9ho b\u00fdval\u00e9ho klubu, kter\u00fd v minul\u00e9 sez\u00f3n\u011b skon\u010dil na velmi solidn\u00edm dev\u00e1t\u00e9m m\u00edst\u011b v Premier League.<\/p>\n<p>Maupay p\u016fsobil v Brentfordu v letech 2017 a\u017e 2019, kdy klub hr\u00e1l je\u0161t\u011b druhou anglickou ligu. B\u011bhem t\u011bchto t\u0159\u00ed let odehr\u00e1l 95 z\u00e1pas\u016f, v nich\u017e vst\u0159elil 41 branek a p\u0159ipsal si 14 asistenc\u00ed. N\u00e1sledn\u011b p\u0159estoupil do Brightonu, odkud se v lo\u0148sk\u00e9m l\u00e9t\u011b p\u0159esunul za 12 milion\u016f liber na Goodison Park.<\/p>\n<p>Anga\u017em\u00e1 v Evertonu mu ale v\u016fbec nevy\u0161lo. Nepoda\u0159ilo se mu prosadit do t\u00fdmu ani pod mana\u017eerem Frankem Lampardem, ani pod jeho n\u00e1stupcem Seanem Dychem. B\u011bhem 32 z\u00e1pas\u016f minul\u00e9 sez\u00f3ny vst\u0159elil pouze jednu branku a na dal\u0161\u00ed dv\u011b dal\u0161\u00ed p\u0159ihr\u00e1l.<\/p>\n<p>Pokud Brentford, kter\u00fd bude bez sv\u00e9 suspendovan\u00e9 \u00fato\u010dn\u00e9 opory Ivana Toneyho a\u017e do ledna, nevyu\u017eije b\u011bhem Maupayova hostov\u00e1n\u00ed opci na p\u0159estup, Francouz se po skon\u010den\u00ed aktu\u00e1ln\u00ed sez\u00f3ny vr\u00e1t\u00ed zp\u011bt do Evertonu, s n\u00edm\u017e m\u00e1 platn\u00fd kontrakt a\u017e do roku 2025.<\/p>\n<p style=\"text-align: right;\"><span style=\"font-size: 8pt;\">(foto zdroj: evertonfc.com)<\/span><\/p>\n","protected":false},"excerpt":{"rendered":"<p>Tr\u00e1p\u00edc\u00ed se \u00fato\u010dn\u00edk Neal Maupay p\u0159eci jenom opustil Everton. Na hostov\u00e1n\u00ed s opc\u00ed zam\u00ed\u0159il do Brentfordu, kde ji\u017e d\u0159\u00edve p\u016fsobil.<\/p>\n","protected":false},"author":6,"featured_media":22611,"comment_status":"open","ping_status":"closed","sticky":false,"template":"","format":"standard","meta":{"_eb_attr":"","_monsterinsights_skip_tracking":false,"_monsterinsights_sitenote_active":false,"_monsterinsights_sitenote_note":"","_monsterinsights_sitenote_category":0,"footnotes":""},"categories":[41],"tags":[],"yoast_head":"<!-- This site is optimized with the Yoast SEO plugin v23.4 - https:\/\/yoast.com\/wordpress\/plugins\/seo\/ -->\n<title>Maupay se vrac\u00ed do Brentfordu - Official Czech &amp; Slovak Everton Supporters&#039; Club<\/title>\n<meta name=\"description\" content=\"Tr\u00e1p\u00edc\u00ed se \u00fato\u010dn\u00edk Neal Maupay p\u0159eci jenom opustil Everton. Na hostov\u00e1n\u00ed s opc\u00ed zam\u00ed\u0159il do Brentfordu, kde ji\u017e d\u0159\u00edve p\u016fsobil.\" \/>\n<meta name=\"robots\" content=\"index, follow, max-snippet:-1, max-image-preview:large, max-video-preview:-1\" \/>\n<link rel=\"canonical\" href=\"https:\/\/evertonfc.cz\/index.php\/2023\/09\/02\/maupay-se-vraci-do-brentfordu\/\" \/>\n<meta property=\"og:locale\" content=\"cs_CZ\" \/>\n<meta property=\"og:type\" content=\"article\" \/>\n<meta property=\"og:title\" content=\"Maupay se vrac\u00ed do Brentfordu - Official Czech &amp; Slovak Everton Supporters&#039; Club\" \/>\n<meta property=\"og:description\" content=\"Tr\u00e1p\u00edc\u00ed se \u00fato\u010dn\u00edk Neal Maupay p\u0159eci jenom opustil Everton. Na hostov\u00e1n\u00ed s opc\u00ed zam\u00ed\u0159il do Brentfordu, kde ji\u017e d\u0159\u00edve p\u016fsobil.\" \/>\n<meta property=\"og:url\" content=\"https:\/\/evertonfc.cz\/index.php\/2023\/09\/02\/maupay-se-vraci-do-brentfordu\/\" \/>\n<meta property=\"og:site_name\" content=\"Official Czech &amp; Slovak Everton Supporters&#039; Club\" \/>\n<meta property=\"article:publisher\" content=\"https:\/\/www.facebook.com\/everton.fans.cz.sk\" \/>\n<meta property=\"article:published_time\" content=\"2023-09-02T04:02:04+00:00\" \/>\n<meta property=\"og:image\" content=\"https:\/\/evertonfc.cz\/wp-content\/uploads\/2023\/09\/maupay_1_9_2023.jpg\" \/>\n\t<meta property=\"og:image:width\" content=\"720\" \/>\n\t<meta property=\"og:image:height\" content=\"405\" \/>\n\t<meta property=\"og:image:type\" content=\"image\/jpeg\" \/>\n<meta name=\"author\" content=\"Ri\u010di\" \/>\n<meta name=\"twitter:card\" content=\"summary_large_image\" \/>\n<meta name=\"twitter:creator\" content=\"@rbrejsa\" \/>\n<meta name=\"twitter:label1\" content=\"Napsal(a)\" \/>\n\t<meta name=\"twitter:data1\" content=\"Ri\u010di\" \/>\n\t<meta name=\"twitter:label2\" content=\"Odhadovan\u00e1 doba \u010dten\u00ed\" \/>\n\t<meta name=\"twitter:data2\" content=\"2 minuty\" \/>\n<script type=\"application\/ld+json\" class=\"yoast-schema-graph\">{\"@context\":\"https:\/\/schema.org\",\"@graph\":[{\"@type\":\"Article\",\"@id\":\"https:\/\/evertonfc.cz\/index.php\/2023\/09\/02\/maupay-se-vraci-do-brentfordu\/#article\",\"isPartOf\":{\"@id\":\"https:\/\/evertonfc.cz\/index.php\/2023\/09\/02\/maupay-se-vraci-do-brentfordu\/\"},\"author\":{\"name\":\"Ri\u010di\",\"@id\":\"https:\/\/evertonfc.cz\/#\/schema\/person\/f7a5daedb2ffee98480bc70e191aaef1\"},\"headline\":\"Maupay se vrac\u00ed do Brentfordu\",\"datePublished\":\"2023-09-02T04:02:04+00:00\",\"dateModified\":\"2023-09-02T04:02:04+00:00\",\"mainEntityOfPage\":{\"@id\":\"https:\/\/evertonfc.cz\/index.php\/2023\/09\/02\/maupay-se-vraci-do-brentfordu\/\"},\"wordCount\":298,\"commentCount\":4,\"publisher\":{\"@id\":\"https:\/\/evertonfc.cz\/#organization\"},\"image\":{\"@id\":\"https:\/\/evertonfc.cz\/index.php\/2023\/09\/02\/maupay-se-vraci-do-brentfordu\/#primaryimage\"},\"thumbnailUrl\":\"https:\/\/evertonfc.cz\/wp-content\/uploads\/2023\/09\/maupay_1_9_2023.jpg\",\"articleSection\":[\"P\u0159estupy\"],\"inLanguage\":\"cs\",\"potentialAction\":[{\"@type\":\"CommentAction\",\"name\":\"Comment\",\"target\":[\"https:\/\/evertonfc.cz\/index.php\/2023\/09\/02\/maupay-se-vraci-do-brentfordu\/#respond\"]}]},{\"@type\":\"WebPage\",\"@id\":\"https:\/\/evertonfc.cz\/index.php\/2023\/09\/02\/maupay-se-vraci-do-brentfordu\/\",\"url\":\"https:\/\/evertonfc.cz\/index.php\/2023\/09\/02\/maupay-se-vraci-do-brentfordu\/\",\"name\":\"Maupay se vrac\u00ed do Brentfordu - Official Czech &amp; Slovak Everton Supporters&#039; Club\",\"isPartOf\":{\"@id\":\"https:\/\/evertonfc.cz\/#website\"},\"primaryImageOfPage\":{\"@id\":\"https:\/\/evertonfc.cz\/index.php\/2023\/09\/02\/maupay-se-vraci-do-brentfordu\/#primaryimage\"},\"image\":{\"@id\":\"https:\/\/evertonfc.cz\/index.php\/2023\/09\/02\/maupay-se-vraci-do-brentfordu\/#primaryimage\"},\"thumbnailUrl\":\"https:\/\/evertonfc.cz\/wp-content\/uploads\/2023\/09\/maupay_1_9_2023.jpg\",\"datePublished\":\"2023-09-02T04:02:04+00:00\",\"dateModified\":\"2023-09-02T04:02:04+00:00\",\"description\":\"Tr\u00e1p\u00edc\u00ed se \u00fato\u010dn\u00edk Neal Maupay p\u0159eci jenom opustil Everton. Na hostov\u00e1n\u00ed s opc\u00ed zam\u00ed\u0159il do Brentfordu, kde ji\u017e d\u0159\u00edve p\u016fsobil.\",\"breadcrumb\":{\"@id\":\"https:\/\/evertonfc.cz\/index.php\/2023\/09\/02\/maupay-se-vraci-do-brentfordu\/#breadcrumb\"},\"inLanguage\":\"cs\",\"potentialAction\":[{\"@type\":\"ReadAction\",\"target\":[\"https:\/\/evertonfc.cz\/index.php\/2023\/09\/02\/maupay-se-vraci-do-brentfordu\/\"]}]},{\"@type\":\"ImageObject\",\"inLanguage\":\"cs\",\"@id\":\"https:\/\/evertonfc.cz\/index.php\/2023\/09\/02\/maupay-se-vraci-do-brentfordu\/#primaryimage\",\"url\":\"https:\/\/evertonfc.cz\/wp-content\/uploads\/2023\/09\/maupay_1_9_2023.jpg\",\"contentUrl\":\"https:\/\/evertonfc.cz\/wp-content\/uploads\/2023\/09\/maupay_1_9_2023.jpg\",\"width\":720,\"height\":405},{\"@type\":\"BreadcrumbList\",\"@id\":\"https:\/\/evertonfc.cz\/index.php\/2023\/09\/02\/maupay-se-vraci-do-brentfordu\/#breadcrumb\",\"itemListElement\":[{\"@type\":\"ListItem\",\"position\":1,\"name\":\"Home\",\"item\":\"https:\/\/evertonfc.cz\/\"},{\"@type\":\"ListItem\",\"position\":2,\"name\":\"Maupay se vrac\u00ed do Brentfordu\"}]},{\"@type\":\"WebSite\",\"@id\":\"https:\/\/evertonfc.cz\/#website\",\"url\":\"https:\/\/evertonfc.cz\/\",\"name\":\"Official Czech &amp; Slovak Everton Supporters&#039; Club\",\"description\":\"\",\"publisher\":{\"@id\":\"https:\/\/evertonfc.cz\/#organization\"},\"potentialAction\":[{\"@type\":\"SearchAction\",\"target\":{\"@type\":\"EntryPoint\",\"urlTemplate\":\"https:\/\/evertonfc.cz\/?s={search_term_string}\"},\"query-input\":{\"@type\":\"PropertyValueSpecification\",\"valueRequired\":true,\"valueName\":\"search_term_string\"}}],\"inLanguage\":\"cs\"},{\"@type\":\"Organization\",\"@id\":\"https:\/\/evertonfc.cz\/#organization\",\"name\":\"Official Czech & Slovak Everton Supporters' Club\",\"url\":\"https:\/\/evertonfc.cz\/\",\"logo\":{\"@type\":\"ImageObject\",\"inLanguage\":\"cs\",\"@id\":\"https:\/\/evertonfc.cz\/#\/schema\/logo\/image\/\",\"url\":\"https:\/\/evertonfc.cz\/wp-content\/uploads\/2019\/05\/logo.png\",\"contentUrl\":\"https:\/\/evertonfc.cz\/wp-content\/uploads\/2019\/05\/logo.png\",\"width\":112,\"height\":112,\"caption\":\"Official Czech & Slovak Everton Supporters' Club\"},\"image\":{\"@id\":\"https:\/\/evertonfc.cz\/#\/schema\/logo\/image\/\"},\"sameAs\":[\"https:\/\/www.facebook.com\/everton.fans.cz.sk\"]},{\"@type\":\"Person\",\"@id\":\"https:\/\/evertonfc.cz\/#\/schema\/person\/f7a5daedb2ffee98480bc70e191aaef1\",\"name\":\"Ri\u010di\",\"sameAs\":[\"https:\/\/x.com\/rbrejsa\"],\"url\":\"https:\/\/evertonfc.cz\/index.php\/author\/rici\/\"}]}<\/script>\n<!-- \/ Yoast SEO plugin. -->","yoast_head_json":{"title":"Maupay se vrac\u00ed do Brentfordu - Official Czech &amp; Slovak Everton Supporters&#039; Club","description":"Tr\u00e1p\u00edc\u00ed se \u00fato\u010dn\u00edk Neal Maupay p\u0159eci jenom opustil Everton. Na hostov\u00e1n\u00ed s opc\u00ed zam\u00ed\u0159il do Brentfordu, kde ji\u017e d\u0159\u00edve p\u016fsobil.","robots":{"index":"index","follow":"follow","max-snippet":"max-snippet:-1","max-image-preview":"max-image-preview:large","max-video-preview":"max-video-preview:-1"},"canonical":"https:\/\/evertonfc.cz\/index.php\/2023\/09\/02\/maupay-se-vraci-do-brentfordu\/","og_locale":"cs_CZ","og_type":"article","og_title":"Maupay se vrac\u00ed do Brentfordu - Official Czech &amp; Slovak Everton Supporters&#039; Club","og_description":"Tr\u00e1p\u00edc\u00ed se \u00fato\u010dn\u00edk Neal Maupay p\u0159eci jenom opustil Everton. Na hostov\u00e1n\u00ed s opc\u00ed zam\u00ed\u0159il do Brentfordu, kde ji\u017e d\u0159\u00edve p\u016fsobil.","og_url":"https:\/\/evertonfc.cz\/index.php\/2023\/09\/02\/maupay-se-vraci-do-brentfordu\/","og_site_name":"Official Czech &amp; Slovak Everton Supporters&#039; Club","article_publisher":"https:\/\/www.facebook.com\/everton.fans.cz.sk","article_published_time":"2023-09-02T04:02:04+00:00","og_image":[{"width":720,"height":405,"url":"https:\/\/evertonfc.cz\/wp-content\/uploads\/2023\/09\/maupay_1_9_2023.jpg","type":"image\/jpeg"}],"author":"Ri\u010di","twitter_card":"summary_large_image","twitter_creator":"@rbrejsa","twitter_misc":{"Napsal(a)":"Ri\u010di","Odhadovan\u00e1 doba \u010dten\u00ed":"2 minuty"},"schema":{"@context":"https:\/\/schema.org","@graph":[{"@type":"Article","@id":"https:\/\/evertonfc.cz\/index.php\/2023\/09\/02\/maupay-se-vraci-do-brentfordu\/#article","isPartOf":{"@id":"https:\/\/evertonfc.cz\/index.php\/2023\/09\/02\/maupay-se-vraci-do-brentfordu\/"},"author":{"name":"Ri\u010di","@id":"https:\/\/evertonfc.cz\/#\/schema\/person\/f7a5daedb2ffee98480bc70e191aaef1"},"headline":"Maupay se vrac\u00ed do Brentfordu","datePublished":"2023-09-02T04:02:04+00:00","dateModified":"2023-09-02T04:02:04+00:00","mainEntityOfPage":{"@id":"https:\/\/evertonfc.cz\/index.php\/2023\/09\/02\/maupay-se-vraci-do-brentfordu\/"},"wordCount":298,"commentCount":4,"publisher":{"@id":"https:\/\/evertonfc.cz\/#organization"},"image":{"@id":"https:\/\/evertonfc.cz\/index.php\/2023\/09\/02\/maupay-se-vraci-do-brentfordu\/#primaryimage"},"thumbnailUrl":"https:\/\/evertonfc.cz\/wp-content\/uploads\/2023\/09\/maupay_1_9_2023.jpg","articleSection":["P\u0159estupy"],"inLanguage":"cs","potentialAction":[{"@type":"CommentAction","name":"Comment","target":["https:\/\/evertonfc.cz\/index.php\/2023\/09\/02\/maupay-se-vraci-do-brentfordu\/#respond"]}]},{"@type":"WebPage","@id":"https:\/\/evertonfc.cz\/index.php\/2023\/09\/02\/maupay-se-vraci-do-brentfordu\/","url":"https:\/\/evertonfc.cz\/index.php\/2023\/09\/02\/maupay-se-vraci-do-brentfordu\/","name":"Maupay se vrac\u00ed do Brentfordu - Official Czech &amp; Slovak Everton Supporters&#039; Club","isPartOf":{"@id":"https:\/\/evertonfc.cz\/#website"},"primaryImageOfPage":{"@id":"https:\/\/evertonfc.cz\/index.php\/2023\/09\/02\/maupay-se-vraci-do-brentfordu\/#primaryimage"},"image":{"@id":"https:\/\/evertonfc.cz\/index.php\/2023\/09\/02\/maupay-se-vraci-do-brentfordu\/#primaryimage"},"thumbnailUrl":"https:\/\/evertonfc.cz\/wp-content\/uploads\/2023\/09\/maupay_1_9_2023.jpg","datePublished":"2023-09-02T04:02:04+00:00","dateModified":"2023-09-02T04:02:04+00:00","description":"Tr\u00e1p\u00edc\u00ed se \u00fato\u010dn\u00edk Neal Maupay p\u0159eci jenom opustil Everton. Na hostov\u00e1n\u00ed s opc\u00ed zam\u00ed\u0159il do Brentfordu, kde ji\u017e d\u0159\u00edve p\u016fsobil.","breadcrumb":{"@id":"https:\/\/evertonfc.cz\/index.php\/2023\/09\/02\/maupay-se-vraci-do-brentfordu\/#breadcrumb"},"inLanguage":"cs","potentialAction":[{"@type":"ReadAction","target":["https:\/\/evertonfc.cz\/index.php\/2023\/09\/02\/maupay-se-vraci-do-brentfordu\/"]}]},{"@type":"ImageObject","inLanguage":"cs","@id":"https:\/\/evertonfc.cz\/index.php\/2023\/09\/02\/maupay-se-vraci-do-brentfordu\/#primaryimage","url":"https:\/\/evertonfc.cz\/wp-content\/uploads\/2023\/09\/maupay_1_9_2023.jpg","contentUrl":"https:\/\/evertonfc.cz\/wp-content\/uploads\/2023\/09\/maupay_1_9_2023.jpg","width":720,"height":405},{"@type":"BreadcrumbList","@id":"https:\/\/evertonfc.cz\/index.php\/2023\/09\/02\/maupay-se-vraci-do-brentfordu\/#breadcrumb","itemListElement":[{"@type":"ListItem","position":1,"name":"Home","item":"https:\/\/evertonfc.cz\/"},{"@type":"ListItem","position":2,"name":"Maupay se vrac\u00ed do Brentfordu"}]},{"@type":"WebSite","@id":"https:\/\/evertonfc.cz\/#website","url":"https:\/\/evertonfc.cz\/","name":"Official Czech &amp; Slovak Everton Supporters&#039; Club","description":"","publisher":{"@id":"https:\/\/evertonfc.cz\/#organization"},"potentialAction":[{"@type":"SearchAction","target":{"@type":"EntryPoint","urlTemplate":"https:\/\/evertonfc.cz\/?s={search_term_string}"},"query-input":{"@type":"PropertyValueSpecification","valueRequired":true,"valueName":"search_term_string"}}],"inLanguage":"cs"},{"@type":"Organization","@id":"https:\/\/evertonfc.cz\/#organization","name":"Official Czech & Slovak Everton Supporters' Club","url":"https:\/\/evertonfc.cz\/","logo":{"@type":"ImageObject","inLanguage":"cs","@id":"https:\/\/evertonfc.cz\/#\/schema\/logo\/image\/","url":"https:\/\/evertonfc.cz\/wp-content\/uploads\/2019\/05\/logo.png","contentUrl":"https:\/\/evertonfc.cz\/wp-content\/uploads\/2019\/05\/logo.png","width":112,"height":112,"caption":"Official Czech & Slovak Everton Supporters' Club"},"image":{"@id":"https:\/\/evertonfc.cz\/#\/schema\/logo\/image\/"},"sameAs":["https:\/\/www.facebook.com\/everton.fans.cz.sk"]},{"@type":"Person","@id":"https:\/\/evertonfc.cz\/#\/schema\/person\/f7a5daedb2ffee98480bc70e191aaef1","name":"Ri\u010di","sameAs":["https:\/\/x.com\/rbrejsa"],"url":"https:\/\/evertonfc.cz\/index.php\/author\/rici\/"}]}},"_links":{"self":[{"href":"https:\/\/evertonfc.cz\/index.php\/wp-json\/wp\/v2\/posts\/22613"}],"collection":[{"href":"https:\/\/evertonfc.cz\/index.php\/wp-json\/wp\/v2\/posts"}],"about":[{"href":"https:\/\/evertonfc.cz\/index.php\/wp-json\/wp\/v2\/types\/post"}],"author":[{"embeddable":true,"href":"https:\/\/evertonfc.cz\/index.php\/wp-json\/wp\/v2\/users\/6"}],"replies":[{"embeddable":true,"href":"https:\/\/evertonfc.cz\/index.php\/wp-json\/wp\/v2\/comments?post=22613"}],"version-history":[{"count":2,"href":"https:\/\/evertonfc.cz\/index.php\/wp-json\/wp\/v2\/posts\/22613\/revisions"}],"predecessor-version":[{"id":22621,"href":"https:\/\/evertonfc.cz\/index.php\/wp-json\/wp\/v2\/posts\/22613\/revisions\/22621"}],"wp:featuredmedia":[{"embeddable":true,"href":"https:\/\/evertonfc.cz\/index.php\/wp-json\/wp\/v2\/media\/22611"}],"wp:attachment":[{"href":"https:\/\/evertonfc.cz\/index.php\/wp-json\/wp\/v2\/media?parent=22613"}],"wp:term":[{"taxonomy":"category","embeddable":true,"href":"https:\/\/evertonfc.cz\/index.php\/wp-json\/wp\/v2\/categories?post=22613"},{"taxonomy":"post_tag","embeddable":true,"href":"https:\/\/evertonfc.cz\/index.php\/wp-json\/wp\/v2\/tags?post=22613"}],"curies":[{"name":"wp","href":"https:\/\/api.w.org\/{rel}","templated":true}]}}