{"id":2265,"date":"2018-01-31T18:34:36","date_gmt":"2018-01-31T17:34:36","guid":{"rendered":"http:\/\/evertonfc.cz\/?p=2265"},"modified":"2019-02-05T18:36:24","modified_gmt":"2019-02-05T17:36:24","slug":"lookman-bude-hostovat-v-lipsku","status":"publish","type":"post","link":"https:\/\/evertonfc.cz\/index.php\/2018\/01\/31\/lookman-bude-hostovat-v-lipsku\/","title":{"rendered":"Lookman bude hostovat v Lipsku"},"content":{"rendered":"\n<h4 class=\"wp-block-heading\">Deadline Day p\u0159in\u00e1\u0161\u00ed ne\u010dekan\u00e9 tahy, k nim\u017e lze zcela jist\u011b za\u0159adit odchod Ademoly Lookmana do RB Lipsko. Je\u0161t\u011b p\u0159ed dv\u011bma dny p\u0159itom mana\u017eer Sam Allardyce uji\u0161\u0165oval, \u017ee Lookmana na hostov\u00e1n\u00ed nepust\u00ed. Sliby chyby, i takov\u00fd je sou\u010dasn\u00fd Everton.<\/h4>\n\n\n\n<p>Lookman dorazil do Everton jen p\u0159ed rokem z Charltonu za \u010d\u00e1stku kolem 8 milion\u016f liber a sv\u016fj potenci\u00e1l uk\u00e1zal u\u017e z\u00e1hy po podpisu smlouvy. G\u00f3lem na 4:0 pe\u010detil debakl Manchesteru City.<\/p>\n\n\n\n<p>Svou pr\u016flomovou sez\u00f3nu zakon\u010dil na mistrovstv\u00ed sv\u011bta do 20 let, kde pat\u0159il k opor\u00e1m anglick\u00e9ho v\u00fdb\u011bru, kter\u00fd dokr\u00e1\u010del ke zlat\u00fdm medail\u00edm.<\/p>\n\n\n\n<p>I proto do n\u011bj byla p\u0159ed leto\u0161n\u00edm ro\u010dn\u00edkem vkl\u00e1d\u00e1na velk\u00e1 o\u010dek\u00e1v\u00e1n\u00ed, kter\u00e1 se v\u0161ak minula s realitou.<\/p>\n\n\n\n<p>Talentovan\u00fd k\u0159\u00eddeln\u00edk toti\u017e odehr\u00e1l pouze 591 minut rozlo\u017een\u00fdch do 16 z\u00e1pas\u016f. Je ot\u00e1zkou, pro\u010d nedost\u00e1val v\u00edce \u0161anc\u00ed. Je potom k zamy\u0161len\u00ed, \u017ee \u0161anci mu chce d\u00e1t aktu\u00e1ln\u011b p\u00e1t\u00fd celek n\u011bmeck\u00e9 ligy. Pro jeho kari\u00e9ru je ale v sou\u010dasn\u00e9 chv\u00edli mo\u017en\u00e1 lep\u0161\u00ed, \u017ee m\u00ed\u0159\u00ed do funguj\u00edc\u00edho klubu, jen\u017e se neboj\u00ed s\u00e1zet na mlad\u00e9 hr\u00e1\u010de.<\/p>\n\n\n\n<p>20let\u00fd Lookman by se do Evertonu m\u011bl vr\u00e1tit v l\u00e9t\u011b, v hostov\u00e1n\u00ed toti\u017e nen\u00ed zahrnuta opce na p\u0159estup.<br><\/p>\n","protected":false},"excerpt":{"rendered":"<p>Deadline Day p\u0159in\u00e1\u0161\u00ed ne\u010dekan\u00e9 tahy, k nim\u017e lze zcela jist\u011b za\u0159adit odchod Ademoly Lookmana do RB Lipsko. Je\u0161t\u011b p\u0159ed dv\u011bma&hellip;<\/p>\n","protected":false},"author":6,"featured_media":1316,"comment_status":"open","ping_status":"closed","sticky":false,"template":"","format":"standard","meta":{"_eb_attr":"","_monsterinsights_skip_tracking":false,"_monsterinsights_sitenote_active":false,"_monsterinsights_sitenote_note":"","_monsterinsights_sitenote_category":0,"footnotes":""},"categories":[41],"tags":[],"yoast_head":"<!-- This site is optimized with the Yoast SEO plugin v23.4 - https:\/\/yoast.com\/wordpress\/plugins\/seo\/ -->\n<title>Lookman bude hostovat v Lipsku - Official Czech &amp; Slovak Everton Supporters&#039; Club<\/title>\n<meta name=\"robots\" content=\"index, follow, max-snippet:-1, max-image-preview:large, max-video-preview:-1\" \/>\n<link rel=\"canonical\" href=\"https:\/\/evertonfc.cz\/index.php\/2018\/01\/31\/lookman-bude-hostovat-v-lipsku\/\" \/>\n<meta property=\"og:locale\" content=\"cs_CZ\" \/>\n<meta property=\"og:type\" content=\"article\" \/>\n<meta property=\"og:title\" content=\"Lookman bude hostovat v Lipsku - Official Czech &amp; Slovak Everton Supporters&#039; Club\" \/>\n<meta property=\"og:description\" content=\"Deadline Day p\u0159in\u00e1\u0161\u00ed ne\u010dekan\u00e9 tahy, k nim\u017e lze zcela jist\u011b za\u0159adit odchod Ademoly Lookmana do RB Lipsko. Je\u0161t\u011b p\u0159ed dv\u011bma&hellip;\" \/>\n<meta property=\"og:url\" content=\"https:\/\/evertonfc.cz\/index.php\/2018\/01\/31\/lookman-bude-hostovat-v-lipsku\/\" \/>\n<meta property=\"og:site_name\" content=\"Official Czech &amp; Slovak Everton Supporters&#039; Club\" \/>\n<meta property=\"article:publisher\" content=\"https:\/\/www.facebook.com\/everton.fans.cz.sk\" \/>\n<meta property=\"article:published_time\" content=\"2018-01-31T17:34:36+00:00\" \/>\n<meta property=\"article:modified_time\" content=\"2019-02-05T17:36:24+00:00\" \/>\n<meta property=\"og:image\" content=\"https:\/\/evertonfc.cz\/wp-content\/uploads\/2019\/01\/transfer.jpg\" \/>\n\t<meta property=\"og:image:width\" content=\"720\" \/>\n\t<meta property=\"og:image:height\" content=\"405\" \/>\n\t<meta property=\"og:image:type\" content=\"image\/jpeg\" \/>\n<meta name=\"author\" content=\"Ri\u010di\" \/>\n<meta name=\"twitter:card\" content=\"summary_large_image\" \/>\n<meta name=\"twitter:creator\" content=\"@rbrejsa\" \/>\n<meta name=\"twitter:label1\" content=\"Napsal(a)\" \/>\n\t<meta name=\"twitter:data1\" content=\"Ri\u010di\" \/>\n\t<meta name=\"twitter:label2\" content=\"Odhadovan\u00e1 doba \u010dten\u00ed\" \/>\n\t<meta name=\"twitter:data2\" content=\"1 minuta\" \/>\n<script type=\"application\/ld+json\" class=\"yoast-schema-graph\">{\"@context\":\"https:\/\/schema.org\",\"@graph\":[{\"@type\":\"Article\",\"@id\":\"https:\/\/evertonfc.cz\/index.php\/2018\/01\/31\/lookman-bude-hostovat-v-lipsku\/#article\",\"isPartOf\":{\"@id\":\"https:\/\/evertonfc.cz\/index.php\/2018\/01\/31\/lookman-bude-hostovat-v-lipsku\/\"},\"author\":{\"name\":\"Ri\u010di\",\"@id\":\"https:\/\/evertonfc.cz\/#\/schema\/person\/f7a5daedb2ffee98480bc70e191aaef1\"},\"headline\":\"Lookman bude hostovat v Lipsku\",\"datePublished\":\"2018-01-31T17:34:36+00:00\",\"dateModified\":\"2019-02-05T17:36:24+00:00\",\"mainEntityOfPage\":{\"@id\":\"https:\/\/evertonfc.cz\/index.php\/2018\/01\/31\/lookman-bude-hostovat-v-lipsku\/\"},\"wordCount\":247,\"commentCount\":0,\"publisher\":{\"@id\":\"https:\/\/evertonfc.cz\/#organization\"},\"image\":{\"@id\":\"https:\/\/evertonfc.cz\/index.php\/2018\/01\/31\/lookman-bude-hostovat-v-lipsku\/#primaryimage\"},\"thumbnailUrl\":\"https:\/\/evertonfc.cz\/wp-content\/uploads\/2019\/01\/transfer.jpg\",\"articleSection\":[\"P\u0159estupy\"],\"inLanguage\":\"cs\",\"potentialAction\":[{\"@type\":\"CommentAction\",\"name\":\"Comment\",\"target\":[\"https:\/\/evertonfc.cz\/index.php\/2018\/01\/31\/lookman-bude-hostovat-v-lipsku\/#respond\"]}]},{\"@type\":\"WebPage\",\"@id\":\"https:\/\/evertonfc.cz\/index.php\/2018\/01\/31\/lookman-bude-hostovat-v-lipsku\/\",\"url\":\"https:\/\/evertonfc.cz\/index.php\/2018\/01\/31\/lookman-bude-hostovat-v-lipsku\/\",\"name\":\"Lookman bude hostovat v Lipsku - Official Czech &amp; Slovak Everton Supporters&#039; Club\",\"isPartOf\":{\"@id\":\"https:\/\/evertonfc.cz\/#website\"},\"primaryImageOfPage\":{\"@id\":\"https:\/\/evertonfc.cz\/index.php\/2018\/01\/31\/lookman-bude-hostovat-v-lipsku\/#primaryimage\"},\"image\":{\"@id\":\"https:\/\/evertonfc.cz\/index.php\/2018\/01\/31\/lookman-bude-hostovat-v-lipsku\/#primaryimage\"},\"thumbnailUrl\":\"https:\/\/evertonfc.cz\/wp-content\/uploads\/2019\/01\/transfer.jpg\",\"datePublished\":\"2018-01-31T17:34:36+00:00\",\"dateModified\":\"2019-02-05T17:36:24+00:00\",\"breadcrumb\":{\"@id\":\"https:\/\/evertonfc.cz\/index.php\/2018\/01\/31\/lookman-bude-hostovat-v-lipsku\/#breadcrumb\"},\"inLanguage\":\"cs\",\"potentialAction\":[{\"@type\":\"ReadAction\",\"target\":[\"https:\/\/evertonfc.cz\/index.php\/2018\/01\/31\/lookman-bude-hostovat-v-lipsku\/\"]}]},{\"@type\":\"ImageObject\",\"inLanguage\":\"cs\",\"@id\":\"https:\/\/evertonfc.cz\/index.php\/2018\/01\/31\/lookman-bude-hostovat-v-lipsku\/#primaryimage\",\"url\":\"https:\/\/evertonfc.cz\/wp-content\/uploads\/2019\/01\/transfer.jpg\",\"contentUrl\":\"https:\/\/evertonfc.cz\/wp-content\/uploads\/2019\/01\/transfer.jpg\",\"width\":720,\"height\":405},{\"@type\":\"BreadcrumbList\",\"@id\":\"https:\/\/evertonfc.cz\/index.php\/2018\/01\/31\/lookman-bude-hostovat-v-lipsku\/#breadcrumb\",\"itemListElement\":[{\"@type\":\"ListItem\",\"position\":1,\"name\":\"Home\",\"item\":\"https:\/\/evertonfc.cz\/\"},{\"@type\":\"ListItem\",\"position\":2,\"name\":\"Lookman bude hostovat v Lipsku\"}]},{\"@type\":\"WebSite\",\"@id\":\"https:\/\/evertonfc.cz\/#website\",\"url\":\"https:\/\/evertonfc.cz\/\",\"name\":\"Official Czech &amp; Slovak Everton Supporters&#039; Club\",\"description\":\"\",\"publisher\":{\"@id\":\"https:\/\/evertonfc.cz\/#organization\"},\"potentialAction\":[{\"@type\":\"SearchAction\",\"target\":{\"@type\":\"EntryPoint\",\"urlTemplate\":\"https:\/\/evertonfc.cz\/?s={search_term_string}\"},\"query-input\":{\"@type\":\"PropertyValueSpecification\",\"valueRequired\":true,\"valueName\":\"search_term_string\"}}],\"inLanguage\":\"cs\"},{\"@type\":\"Organization\",\"@id\":\"https:\/\/evertonfc.cz\/#organization\",\"name\":\"Official Czech & Slovak Everton Supporters' Club\",\"url\":\"https:\/\/evertonfc.cz\/\",\"logo\":{\"@type\":\"ImageObject\",\"inLanguage\":\"cs\",\"@id\":\"https:\/\/evertonfc.cz\/#\/schema\/logo\/image\/\",\"url\":\"https:\/\/evertonfc.cz\/wp-content\/uploads\/2019\/05\/logo.png\",\"contentUrl\":\"https:\/\/evertonfc.cz\/wp-content\/uploads\/2019\/05\/logo.png\",\"width\":112,\"height\":112,\"caption\":\"Official Czech & Slovak Everton Supporters' Club\"},\"image\":{\"@id\":\"https:\/\/evertonfc.cz\/#\/schema\/logo\/image\/\"},\"sameAs\":[\"https:\/\/www.facebook.com\/everton.fans.cz.sk\"]},{\"@type\":\"Person\",\"@id\":\"https:\/\/evertonfc.cz\/#\/schema\/person\/f7a5daedb2ffee98480bc70e191aaef1\",\"name\":\"Ri\u010di\",\"sameAs\":[\"https:\/\/x.com\/rbrejsa\"],\"url\":\"https:\/\/evertonfc.cz\/index.php\/author\/rici\/\"}]}<\/script>\n<!-- \/ Yoast SEO plugin. -->","yoast_head_json":{"title":"Lookman bude hostovat v Lipsku - Official Czech &amp; Slovak Everton Supporters&#039; Club","robots":{"index":"index","follow":"follow","max-snippet":"max-snippet:-1","max-image-preview":"max-image-preview:large","max-video-preview":"max-video-preview:-1"},"canonical":"https:\/\/evertonfc.cz\/index.php\/2018\/01\/31\/lookman-bude-hostovat-v-lipsku\/","og_locale":"cs_CZ","og_type":"article","og_title":"Lookman bude hostovat v Lipsku - Official Czech &amp; Slovak Everton Supporters&#039; Club","og_description":"Deadline Day p\u0159in\u00e1\u0161\u00ed ne\u010dekan\u00e9 tahy, k nim\u017e lze zcela jist\u011b za\u0159adit odchod Ademoly Lookmana do RB Lipsko. Je\u0161t\u011b p\u0159ed dv\u011bma&hellip;","og_url":"https:\/\/evertonfc.cz\/index.php\/2018\/01\/31\/lookman-bude-hostovat-v-lipsku\/","og_site_name":"Official Czech &amp; Slovak Everton Supporters&#039; Club","article_publisher":"https:\/\/www.facebook.com\/everton.fans.cz.sk","article_published_time":"2018-01-31T17:34:36+00:00","article_modified_time":"2019-02-05T17:36:24+00:00","og_image":[{"width":720,"height":405,"url":"https:\/\/evertonfc.cz\/wp-content\/uploads\/2019\/01\/transfer.jpg","type":"image\/jpeg"}],"author":"Ri\u010di","twitter_card":"summary_large_image","twitter_creator":"@rbrejsa","twitter_misc":{"Napsal(a)":"Ri\u010di","Odhadovan\u00e1 doba \u010dten\u00ed":"1 minuta"},"schema":{"@context":"https:\/\/schema.org","@graph":[{"@type":"Article","@id":"https:\/\/evertonfc.cz\/index.php\/2018\/01\/31\/lookman-bude-hostovat-v-lipsku\/#article","isPartOf":{"@id":"https:\/\/evertonfc.cz\/index.php\/2018\/01\/31\/lookman-bude-hostovat-v-lipsku\/"},"author":{"name":"Ri\u010di","@id":"https:\/\/evertonfc.cz\/#\/schema\/person\/f7a5daedb2ffee98480bc70e191aaef1"},"headline":"Lookman bude hostovat v Lipsku","datePublished":"2018-01-31T17:34:36+00:00","dateModified":"2019-02-05T17:36:24+00:00","mainEntityOfPage":{"@id":"https:\/\/evertonfc.cz\/index.php\/2018\/01\/31\/lookman-bude-hostovat-v-lipsku\/"},"wordCount":247,"commentCount":0,"publisher":{"@id":"https:\/\/evertonfc.cz\/#organization"},"image":{"@id":"https:\/\/evertonfc.cz\/index.php\/2018\/01\/31\/lookman-bude-hostovat-v-lipsku\/#primaryimage"},"thumbnailUrl":"https:\/\/evertonfc.cz\/wp-content\/uploads\/2019\/01\/transfer.jpg","articleSection":["P\u0159estupy"],"inLanguage":"cs","potentialAction":[{"@type":"CommentAction","name":"Comment","target":["https:\/\/evertonfc.cz\/index.php\/2018\/01\/31\/lookman-bude-hostovat-v-lipsku\/#respond"]}]},{"@type":"WebPage","@id":"https:\/\/evertonfc.cz\/index.php\/2018\/01\/31\/lookman-bude-hostovat-v-lipsku\/","url":"https:\/\/evertonfc.cz\/index.php\/2018\/01\/31\/lookman-bude-hostovat-v-lipsku\/","name":"Lookman bude hostovat v Lipsku - Official Czech &amp; Slovak Everton Supporters&#039; Club","isPartOf":{"@id":"https:\/\/evertonfc.cz\/#website"},"primaryImageOfPage":{"@id":"https:\/\/evertonfc.cz\/index.php\/2018\/01\/31\/lookman-bude-hostovat-v-lipsku\/#primaryimage"},"image":{"@id":"https:\/\/evertonfc.cz\/index.php\/2018\/01\/31\/lookman-bude-hostovat-v-lipsku\/#primaryimage"},"thumbnailUrl":"https:\/\/evertonfc.cz\/wp-content\/uploads\/2019\/01\/transfer.jpg","datePublished":"2018-01-31T17:34:36+00:00","dateModified":"2019-02-05T17:36:24+00:00","breadcrumb":{"@id":"https:\/\/evertonfc.cz\/index.php\/2018\/01\/31\/lookman-bude-hostovat-v-lipsku\/#breadcrumb"},"inLanguage":"cs","potentialAction":[{"@type":"ReadAction","target":["https:\/\/evertonfc.cz\/index.php\/2018\/01\/31\/lookman-bude-hostovat-v-lipsku\/"]}]},{"@type":"ImageObject","inLanguage":"cs","@id":"https:\/\/evertonfc.cz\/index.php\/2018\/01\/31\/lookman-bude-hostovat-v-lipsku\/#primaryimage","url":"https:\/\/evertonfc.cz\/wp-content\/uploads\/2019\/01\/transfer.jpg","contentUrl":"https:\/\/evertonfc.cz\/wp-content\/uploads\/2019\/01\/transfer.jpg","width":720,"height":405},{"@type":"BreadcrumbList","@id":"https:\/\/evertonfc.cz\/index.php\/2018\/01\/31\/lookman-bude-hostovat-v-lipsku\/#breadcrumb","itemListElement":[{"@type":"ListItem","position":1,"name":"Home","item":"https:\/\/evertonfc.cz\/"},{"@type":"ListItem","position":2,"name":"Lookman bude hostovat v Lipsku"}]},{"@type":"WebSite","@id":"https:\/\/evertonfc.cz\/#website","url":"https:\/\/evertonfc.cz\/","name":"Official Czech &amp; Slovak Everton Supporters&#039; Club","description":"","publisher":{"@id":"https:\/\/evertonfc.cz\/#organization"},"potentialAction":[{"@type":"SearchAction","target":{"@type":"EntryPoint","urlTemplate":"https:\/\/evertonfc.cz\/?s={search_term_string}"},"query-input":{"@type":"PropertyValueSpecification","valueRequired":true,"valueName":"search_term_string"}}],"inLanguage":"cs"},{"@type":"Organization","@id":"https:\/\/evertonfc.cz\/#organization","name":"Official Czech & Slovak Everton Supporters' Club","url":"https:\/\/evertonfc.cz\/","logo":{"@type":"ImageObject","inLanguage":"cs","@id":"https:\/\/evertonfc.cz\/#\/schema\/logo\/image\/","url":"https:\/\/evertonfc.cz\/wp-content\/uploads\/2019\/05\/logo.png","contentUrl":"https:\/\/evertonfc.cz\/wp-content\/uploads\/2019\/05\/logo.png","width":112,"height":112,"caption":"Official Czech & Slovak Everton Supporters' Club"},"image":{"@id":"https:\/\/evertonfc.cz\/#\/schema\/logo\/image\/"},"sameAs":["https:\/\/www.facebook.com\/everton.fans.cz.sk"]},{"@type":"Person","@id":"https:\/\/evertonfc.cz\/#\/schema\/person\/f7a5daedb2ffee98480bc70e191aaef1","name":"Ri\u010di","sameAs":["https:\/\/x.com\/rbrejsa"],"url":"https:\/\/evertonfc.cz\/index.php\/author\/rici\/"}]}},"_links":{"self":[{"href":"https:\/\/evertonfc.cz\/index.php\/wp-json\/wp\/v2\/posts\/2265"}],"collection":[{"href":"https:\/\/evertonfc.cz\/index.php\/wp-json\/wp\/v2\/posts"}],"about":[{"href":"https:\/\/evertonfc.cz\/index.php\/wp-json\/wp\/v2\/types\/post"}],"author":[{"embeddable":true,"href":"https:\/\/evertonfc.cz\/index.php\/wp-json\/wp\/v2\/users\/6"}],"replies":[{"embeddable":true,"href":"https:\/\/evertonfc.cz\/index.php\/wp-json\/wp\/v2\/comments?post=2265"}],"version-history":[{"count":1,"href":"https:\/\/evertonfc.cz\/index.php\/wp-json\/wp\/v2\/posts\/2265\/revisions"}],"predecessor-version":[{"id":2266,"href":"https:\/\/evertonfc.cz\/index.php\/wp-json\/wp\/v2\/posts\/2265\/revisions\/2266"}],"wp:featuredmedia":[{"embeddable":true,"href":"https:\/\/evertonfc.cz\/index.php\/wp-json\/wp\/v2\/media\/1316"}],"wp:attachment":[{"href":"https:\/\/evertonfc.cz\/index.php\/wp-json\/wp\/v2\/media?parent=2265"}],"wp:term":[{"taxonomy":"category","embeddable":true,"href":"https:\/\/evertonfc.cz\/index.php\/wp-json\/wp\/v2\/categories?post=2265"},{"taxonomy":"post_tag","embeddable":true,"href":"https:\/\/evertonfc.cz\/index.php\/wp-json\/wp\/v2\/tags?post=2265"}],"curies":[{"name":"wp","href":"https:\/\/api.w.org\/{rel}","templated":true}]}}