{"id":2269,"date":"2018-01-04T18:38:15","date_gmt":"2018-01-04T17:38:15","guid":{"rendered":"http:\/\/evertonfc.cz\/?p=2269"},"modified":"2021-02-20T11:45:19","modified_gmt":"2021-02-20T10:45:19","slug":"fac-preview-liverpool-everton","status":"publish","type":"post","link":"https:\/\/evertonfc.cz\/index.php\/2018\/01\/04\/fac-preview-liverpool-everton\/","title":{"rendered":"FA Cup Preview: Liverpool \u2013 Everton"},"content":{"rendered":"\r\n<h4 class=\"wp-block-heading\">N\u00f3rske Imp\u00e9rium sa penaltov\u00fd \u00fader vr\u00e1ti\u0165 pok\u00fasi. Modr\u00fa stranu podcenil Darth Klopp naposledy. \u010ci to v\u0161ak podar\u00ed sa, v piatok ve\u010der dozvieme sa. Nech n\u00e1s Cenk Tosun sprev\u00e1dza!<\/h4>\r\n\r\n\r\n\r\n<p>Humor neopustil n\u00e1s ani na nov\u00fd rok a tak opanuje aj tento \u010dl\u00e1nok. Ale v rozumn\u00fdch medziach samozrejme, inak by sme sa mohli ocitn\u00fa\u0165 v situ\u00e1ci\u00ed, kedy smiech s\u00edce omladil n\u00e1s, no nevedomos\u0165 by sa v strach obr\u00e1tila. A to cesta k temnej strane je&#8230;<\/p>\r\n\r\n\r\n\r\n<p>Pam\u00e4t\u00e1te sa na posledn\u00fa v\u00fdhru na Anfield Road? Nie? Veru, nie je to ako za Starej Republiky, kedy sme si tak\u00fd sviatok mohli u\u017e\u00edva\u0165 predsa len \u010dastej\u0161ie. Novoro\u010dn\u00fd repar\u00e1t v Poh\u00e1ri anglickej Futbalovej Asoci\u00e1cie n\u00e1m d\u00e1va t\u00fato mo\u017enos\u0165. Moment, ur\u010dite si ju niekto pam\u00e4t\u00e1. Mus\u00ed. Nebol uzimen\u00fd december, ale 27. september v jeseni roku 1999. P\u00ed\u0161\u0165alka v ruke Mike Rileyho zanikala v ruchu 44 802 div\u00e1kov, ktor\u00ed sa nesta\u010dili \u010dudova\u0165, \u010do to nov\u00e1 posila modr\u00fdch u\u017e po \u0161tyroch min\u00fatach vyviedla ned\u00f4veryhodnej obrane dom\u00e1cich v \u010dervenom. Volala sa Kevin Campbell a prest\u00fapila do Evertonu len v to leto za tri mili\u00f3ny libier. \u017diadna paralela? Mo\u017eno zatia\u013e. Tie tri mili\u00f3ny toti\u017e putovali do podot\u00fdkam, tureck\u00e9ho Trabzonsporu, odkia\u013e si ho Karamelky u\u017e sez\u00f3nu predt\u00fdm priviedli na hos\u0165ovanie, \u010do sa boji o z\u00e1chranu uk\u00e1zalo ako vynikaj\u00faci \u0165ah. Nikdy predt\u00fdm sa nestalo, \u017ee by hr\u00e1\u010d na hos\u0165ovan\u00ed z\u00edskal cenu Hr\u00e1\u010d Mesiaca. Jemu sa to podarilo ako prv\u00e9mu. D\u00fafam, \u017ee u\u017e v\u00e1m to doch\u00e1dza. Lebo zvy\u0161n\u00e9 udalosti s\u00fa u\u017e len hist\u00f3ria a t\u00e1 sa opakuje.<\/p>\r\n\r\n\r\n\r\n<h4><strong>\u201c<em>We go for it. It&#8217;s a glory game.<\/em><em>\u201d<\/em><\/strong><\/h4>\r\n\r\n\r\n\r\n<p>Rovnako ako smie\u0161na kritika ak\u00e9hoko\u013evek defenz\u00edvneho pr\u00edstupu k z\u00e1pasu, zo strany vraj ukrivdenej. Jednoduch\u00e9 vysvetlenia si veci vlastnej, v podobe \u201eMy sme hrali v\u00fdborne.\u201c dok\u00e1\u017eu neuverite\u013ene rozosmia\u0165, ba dokonca pozastavi\u0165 rozum, a\u017e pok\u00fdm \u010dlovek nepr\u00edde s explik\u00e1ciou, \u017ee dan\u00e9 stvorenia s\u00fa len oby\u010dajn\u00ed est\u00e9ti, h\u013eadaj\u00faci povrchn\u00fa kr\u00e1su. \u010co n\u00e1s, vzdelan\u00e9 hov\u00e4d\u00e1m, vy\u017e\u00edvaj\u00fac sa vo zvr\u00e1tenostiach, odsudzuje k ve\u010dn\u00e9mu nepochopeniu. Nu\u017e h\u013ea, to\u0165 \u017eivot Evertonians&#8230;<\/p>\r\n\r\n\r\n\r\n<p>Okusuje ho naplno aj Ve\u013ek\u00fd Sam, ktor\u00fd sa kone\u010dne do\u010dkal prestupov\u00e9ho obdobia a u\u017e v \u0148om \u010der\u00ed jeho vody. Vedenie Evertonu sa \u00faspe\u0161ne dohodlo s Be\u015fikta\u015fom a p\u00e1n Tosun u\u017e dohaduje osobn\u00e9 podmienky. Po nich mu ni\u010d nebude br\u00e1ni\u0165 prejs\u0165 zdravotnou prehliadkou. Ak ho Blues stihn\u00fa zaregistrova\u0165 do piatkovej hodiny dvan\u00e1stej, u\u017e len jeho z\u00e1pasov\u00e1 kond\u00edcia by mohla predstavova\u0165 probl\u00e9m pred Merseyside derby debutom, s poradov\u00fdm \u010d\u00edslom 230. Slovami mana\u017e\u00e9ra:\u00a0<em>\u201eNa chlapca je ve\u013ek\u00fd tlak. D\u00fafajme, \u017ee ho zvl\u00e1dne.\u201c<\/em><\/p>\r\n\r\n\r\n\r\n<p>\u010co sa t\u00fdka odchodov z k\u00e1dra, Allardyce odpor\u00fa\u010da len trval\u00e9 presuny, \u017eiadne hos\u0165ovania z prv\u00e9ho t\u00edmu. A to najm\u00e4 preto, aby sa prinavr\u00e1ten\u00e9 peniaze mohli obratom pou\u017ei\u0165 na vhodn\u00e9 posilnenie. Toffees chc\u00fa vyjs\u0165 z janu\u00e1rov\u00e9ho okna rozhodne silnej\u0161\u00ed. A mo\u017eno aj o Barkleyho krat\u0161\u00ed. \u017diadna ponuka e\u0161te v tejto chv\u00edli na stole nie je, podobne ako v pr\u00edpade Mirallasa \u010di Sandra, no klub u\u017e d\u00e1vno rezignoval na mo\u017enos\u0165 zotrvania 24 ro\u010dn\u00e9ho z\u00e1lo\u017en\u00edka. Na tento duel nem\u00f4\u017eeme r\u00e1ta\u0165 s Keanom, ktor\u00e9mu doktori za\u0161\u00edvali nohu na 5-6 \u0161tichov, \u010do zna\u010d\u00ed asi \u00faraz na tr\u00e9ningu. Inak s\u00fa v\u0161etci dlhotrvaj\u00faci absent\u00e9ri jasn\u00ed, vr\u00e1tane Bainesyho a Stekelenburga.<\/p>\r\n\r\n\r\n\r\n<h4><strong>\u201c<em>The Defence is weak with this one.\u201d<\/em><\/strong><\/h4>\r\n\r\n\r\n\r\n<p>Imp\u00e9rium v nerovnov\u00e1he. Tak\u00fd pr\u00edvlastok si k\u00e1der \u010derven\u00fdch u\u017e nejak\u00fa t\u00fa dobu zasluhuje a zodpovedn\u00ed sa t\u00fdm kone\u010dne za\u010dali zaobera\u0165 potom, \u010do heslo \u201eAk neubr\u00e1ni\u0161, prestrie\u013eaj!\u201c neprin\u00e1\u0161alo patri\u010dn\u00fa odozvu v tabu\u013eke. Zbyto\u010dn\u00e9 nebabranie sa prenieslo na temn\u00fa stranu Virgila Van Dijka, vyvolen\u00e9ho, ktor\u00fd m\u00e1 nastoli\u0165 na Anfield rovnov\u00e1hu. Najdrah\u0161\u00ed obranca v hist\u00f3ri\u00ed sa svojou cenovkou bez bonusov vyrovnal transferu Lukaka do Manchesteru United a to si \u010dlovek povie, \u017ee ozaj mus\u00ed st\u00e1\u0165 za to. Jeho \u0161tart je v\u0161ak ot\u00e1zny, ke\u010f\u017ee sa nemeck\u00fd lodivod vyjadril o svojej nerozhodnosti v tejto ot\u00e1zke. Nie som v poz\u00edci\u00ed, aby som si mohol dovoli\u0165 zhodnoti\u0165 s\u00fa\u010dasn\u00fa finan\u010dn\u00fa situ\u00e1ciu ob\u013e\u00faben\u00e9ho s\u00fapera, av\u0161ak tak\u00e9to invest\u00edcie si zv\u00e4\u010d\u0161a vy\u017eiadaj\u00fa aj obe\u0165 opa\u010dn\u00fdm smerom. A v\u0161etko nasved\u010duje tomu, \u017ee smerom ju\u017en\u00fdm sa pobere jedna z hviezd Liverpoolu a asi u\u017e b\u00fdval\u00fd mil\u00e1\u010dik trib\u00fan, Philippe Coutinho. Ten sa znova z\u00e1hadne zranil, tak\u017ee spolu so Salahom do z\u00e1pasu nezasiahnu. Bielu \u010diaru s istotou neprekro\u010dia ani Moreno, Clyne, Sturridge a Henderson.<\/p>\r\n\r\n\r\n\r\n<p>Stretnutie \u017eiv\u00fdm prenosom vysiela stanica Nova Sport 1. A ke\u010f\u017ee pre derby plat\u00ed m\u00f4j such\u00fd \u0161tatistick\u00fd k\u013eud, teda aspo\u0148 k\u00fdm sa \u0161tatistiky nezlep\u0161ia, nakoniec len jedna m\u00fadros\u0165 priatelia:<\/p>\r\n\r\n\r\n\r\n<h4 style=\"text-align: center;\"><span style=\"color: #3366ff;\"><strong>\u201e<em>The defensive side of the Game is a pathway to many abilities some consider to be unnatural.\u201d<\/em><\/strong><\/span><\/h4>\r\n\r\n\r\n\r\n<p><strong>\u010co:<\/strong>\u00a0Liverpool FC \u2013 Everton FC, 3. kolo FA Cup<strong><br \/>Kedy:<\/strong>\u00a05.1. 2018 od 20:55 SE\u010c<strong><br \/>Kde:<\/strong>\u00a0Anfield &#8211; Anfield Rd, Liverpool L4 0TH (kapacita: 54 074)<strong><br \/>Rozhodca:<\/strong>\u00a0R. Madley\u00a0<strong>Asistenti:\u00a0<\/strong>M. Perry, A. Holmes\u00a0<strong>\u0160tvrt\u00fd rozhodca:<\/strong>\u00a0J. Moss<\/p>\r\n","protected":false},"excerpt":{"rendered":"<p>N\u00f3rske Imp\u00e9rium sa penaltov\u00fd \u00fader vr\u00e1ti\u0165 pok\u00fasi. Modr\u00fa stranu podcenil Darth Klopp naposledy. \u010ci to v\u0161ak podar\u00ed sa, v piatok ve\u010der dozvieme sa. Nech n\u00e1s Cenk Tosun sprev\u00e1dza!<\/p>\n","protected":false},"author":1,"featured_media":14233,"comment_status":"open","ping_status":"closed","sticky":false,"template":"","format":"standard","meta":{"_eb_attr":"","_monsterinsights_skip_tracking":false,"_monsterinsights_sitenote_active":false,"_monsterinsights_sitenote_note":"","_monsterinsights_sitenote_category":0,"footnotes":""},"categories":[4],"tags":[],"yoast_head":"<!-- This site is optimized with the Yoast SEO plugin v23.4 - https:\/\/yoast.com\/wordpress\/plugins\/seo\/ -->\n<title>FA Cup Preview: Liverpool \u2013 Everton - Official Czech &amp; Slovak Everton Supporters&#039; Club<\/title>\n<meta name=\"robots\" content=\"index, follow, max-snippet:-1, max-image-preview:large, max-video-preview:-1\" \/>\n<link rel=\"canonical\" href=\"https:\/\/evertonfc.cz\/index.php\/2018\/01\/04\/fac-preview-liverpool-everton\/\" \/>\n<meta property=\"og:locale\" content=\"cs_CZ\" \/>\n<meta property=\"og:type\" content=\"article\" \/>\n<meta property=\"og:title\" content=\"FA Cup Preview: Liverpool \u2013 Everton - Official Czech &amp; Slovak Everton Supporters&#039; Club\" \/>\n<meta property=\"og:description\" content=\"N\u00f3rske Imp\u00e9rium sa penaltov\u00fd \u00fader vr\u00e1ti\u0165 pok\u00fasi. Modr\u00fa stranu podcenil Darth Klopp naposledy. \u010ci to v\u0161ak podar\u00ed sa, v piatok ve\u010der dozvieme sa. Nech n\u00e1s Cenk Tosun sprev\u00e1dza!\" \/>\n<meta property=\"og:url\" content=\"https:\/\/evertonfc.cz\/index.php\/2018\/01\/04\/fac-preview-liverpool-everton\/\" \/>\n<meta property=\"og:site_name\" content=\"Official Czech &amp; Slovak Everton Supporters&#039; Club\" \/>\n<meta property=\"article:publisher\" content=\"https:\/\/www.facebook.com\/everton.fans.cz.sk\" \/>\n<meta property=\"article:published_time\" content=\"2018-01-04T17:38:15+00:00\" \/>\n<meta property=\"article:modified_time\" content=\"2021-02-20T10:45:19+00:00\" \/>\n<meta property=\"og:image\" content=\"https:\/\/evertonfc.cz\/wp-content\/uploads\/2021\/02\/Liverpool-VS-Everton.jpg\" \/>\n\t<meta property=\"og:image:width\" content=\"720\" \/>\n\t<meta property=\"og:image:height\" content=\"405\" \/>\n\t<meta property=\"og:image:type\" content=\"image\/jpeg\" \/>\n<meta name=\"author\" content=\"BlueBlooded\" \/>\n<meta name=\"twitter:card\" content=\"summary_large_image\" \/>\n<meta name=\"twitter:label1\" content=\"Napsal(a)\" \/>\n\t<meta name=\"twitter:data1\" content=\"BlueBlooded\" \/>\n\t<meta name=\"twitter:label2\" content=\"Odhadovan\u00e1 doba \u010dten\u00ed\" \/>\n\t<meta name=\"twitter:data2\" content=\"5 minut\" \/>\n<script type=\"application\/ld+json\" class=\"yoast-schema-graph\">{\"@context\":\"https:\/\/schema.org\",\"@graph\":[{\"@type\":\"Article\",\"@id\":\"https:\/\/evertonfc.cz\/index.php\/2018\/01\/04\/fac-preview-liverpool-everton\/#article\",\"isPartOf\":{\"@id\":\"https:\/\/evertonfc.cz\/index.php\/2018\/01\/04\/fac-preview-liverpool-everton\/\"},\"author\":{\"name\":\"BlueBlooded\",\"@id\":\"https:\/\/evertonfc.cz\/#\/schema\/person\/d4493b8cbea51532597fbc4685698916\"},\"headline\":\"FA Cup Preview: Liverpool \u2013 Everton\",\"datePublished\":\"2018-01-04T17:38:15+00:00\",\"dateModified\":\"2021-02-20T10:45:19+00:00\",\"mainEntityOfPage\":{\"@id\":\"https:\/\/evertonfc.cz\/index.php\/2018\/01\/04\/fac-preview-liverpool-everton\/\"},\"wordCount\":921,\"commentCount\":0,\"publisher\":{\"@id\":\"https:\/\/evertonfc.cz\/#organization\"},\"image\":{\"@id\":\"https:\/\/evertonfc.cz\/index.php\/2018\/01\/04\/fac-preview-liverpool-everton\/#primaryimage\"},\"thumbnailUrl\":\"https:\/\/evertonfc.cz\/wp-content\/uploads\/2021\/02\/Liverpool-VS-Everton.jpg\",\"articleSection\":[\"Z\u00e1pasy\"],\"inLanguage\":\"cs\",\"potentialAction\":[{\"@type\":\"CommentAction\",\"name\":\"Comment\",\"target\":[\"https:\/\/evertonfc.cz\/index.php\/2018\/01\/04\/fac-preview-liverpool-everton\/#respond\"]}]},{\"@type\":\"WebPage\",\"@id\":\"https:\/\/evertonfc.cz\/index.php\/2018\/01\/04\/fac-preview-liverpool-everton\/\",\"url\":\"https:\/\/evertonfc.cz\/index.php\/2018\/01\/04\/fac-preview-liverpool-everton\/\",\"name\":\"FA Cup Preview: Liverpool \u2013 Everton - Official Czech &amp; Slovak Everton Supporters&#039; Club\",\"isPartOf\":{\"@id\":\"https:\/\/evertonfc.cz\/#website\"},\"primaryImageOfPage\":{\"@id\":\"https:\/\/evertonfc.cz\/index.php\/2018\/01\/04\/fac-preview-liverpool-everton\/#primaryimage\"},\"image\":{\"@id\":\"https:\/\/evertonfc.cz\/index.php\/2018\/01\/04\/fac-preview-liverpool-everton\/#primaryimage\"},\"thumbnailUrl\":\"https:\/\/evertonfc.cz\/wp-content\/uploads\/2021\/02\/Liverpool-VS-Everton.jpg\",\"datePublished\":\"2018-01-04T17:38:15+00:00\",\"dateModified\":\"2021-02-20T10:45:19+00:00\",\"breadcrumb\":{\"@id\":\"https:\/\/evertonfc.cz\/index.php\/2018\/01\/04\/fac-preview-liverpool-everton\/#breadcrumb\"},\"inLanguage\":\"cs\",\"potentialAction\":[{\"@type\":\"ReadAction\",\"target\":[\"https:\/\/evertonfc.cz\/index.php\/2018\/01\/04\/fac-preview-liverpool-everton\/\"]}]},{\"@type\":\"ImageObject\",\"inLanguage\":\"cs\",\"@id\":\"https:\/\/evertonfc.cz\/index.php\/2018\/01\/04\/fac-preview-liverpool-everton\/#primaryimage\",\"url\":\"https:\/\/evertonfc.cz\/wp-content\/uploads\/2021\/02\/Liverpool-VS-Everton.jpg\",\"contentUrl\":\"https:\/\/evertonfc.cz\/wp-content\/uploads\/2021\/02\/Liverpool-VS-Everton.jpg\",\"width\":720,\"height\":405},{\"@type\":\"BreadcrumbList\",\"@id\":\"https:\/\/evertonfc.cz\/index.php\/2018\/01\/04\/fac-preview-liverpool-everton\/#breadcrumb\",\"itemListElement\":[{\"@type\":\"ListItem\",\"position\":1,\"name\":\"Home\",\"item\":\"https:\/\/evertonfc.cz\/\"},{\"@type\":\"ListItem\",\"position\":2,\"name\":\"FA Cup Preview: Liverpool \u2013 Everton\"}]},{\"@type\":\"WebSite\",\"@id\":\"https:\/\/evertonfc.cz\/#website\",\"url\":\"https:\/\/evertonfc.cz\/\",\"name\":\"Official Czech &amp; Slovak Everton Supporters&#039; Club\",\"description\":\"\",\"publisher\":{\"@id\":\"https:\/\/evertonfc.cz\/#organization\"},\"potentialAction\":[{\"@type\":\"SearchAction\",\"target\":{\"@type\":\"EntryPoint\",\"urlTemplate\":\"https:\/\/evertonfc.cz\/?s={search_term_string}\"},\"query-input\":{\"@type\":\"PropertyValueSpecification\",\"valueRequired\":true,\"valueName\":\"search_term_string\"}}],\"inLanguage\":\"cs\"},{\"@type\":\"Organization\",\"@id\":\"https:\/\/evertonfc.cz\/#organization\",\"name\":\"Official Czech & Slovak Everton Supporters' Club\",\"url\":\"https:\/\/evertonfc.cz\/\",\"logo\":{\"@type\":\"ImageObject\",\"inLanguage\":\"cs\",\"@id\":\"https:\/\/evertonfc.cz\/#\/schema\/logo\/image\/\",\"url\":\"https:\/\/evertonfc.cz\/wp-content\/uploads\/2019\/05\/logo.png\",\"contentUrl\":\"https:\/\/evertonfc.cz\/wp-content\/uploads\/2019\/05\/logo.png\",\"width\":112,\"height\":112,\"caption\":\"Official Czech & Slovak Everton Supporters' Club\"},\"image\":{\"@id\":\"https:\/\/evertonfc.cz\/#\/schema\/logo\/image\/\"},\"sameAs\":[\"https:\/\/www.facebook.com\/everton.fans.cz.sk\"]},{\"@type\":\"Person\",\"@id\":\"https:\/\/evertonfc.cz\/#\/schema\/person\/d4493b8cbea51532597fbc4685698916\",\"name\":\"BlueBlooded\",\"url\":\"https:\/\/evertonfc.cz\/index.php\/author\/admin\/\"}]}<\/script>\n<!-- \/ Yoast SEO plugin. -->","yoast_head_json":{"title":"FA Cup Preview: Liverpool \u2013 Everton - Official Czech &amp; Slovak Everton Supporters&#039; Club","robots":{"index":"index","follow":"follow","max-snippet":"max-snippet:-1","max-image-preview":"max-image-preview:large","max-video-preview":"max-video-preview:-1"},"canonical":"https:\/\/evertonfc.cz\/index.php\/2018\/01\/04\/fac-preview-liverpool-everton\/","og_locale":"cs_CZ","og_type":"article","og_title":"FA Cup Preview: Liverpool \u2013 Everton - Official Czech &amp; Slovak Everton Supporters&#039; Club","og_description":"N\u00f3rske Imp\u00e9rium sa penaltov\u00fd \u00fader vr\u00e1ti\u0165 pok\u00fasi. Modr\u00fa stranu podcenil Darth Klopp naposledy. \u010ci to v\u0161ak podar\u00ed sa, v piatok ve\u010der dozvieme sa. Nech n\u00e1s Cenk Tosun sprev\u00e1dza!","og_url":"https:\/\/evertonfc.cz\/index.php\/2018\/01\/04\/fac-preview-liverpool-everton\/","og_site_name":"Official Czech &amp; Slovak Everton Supporters&#039; Club","article_publisher":"https:\/\/www.facebook.com\/everton.fans.cz.sk","article_published_time":"2018-01-04T17:38:15+00:00","article_modified_time":"2021-02-20T10:45:19+00:00","og_image":[{"width":720,"height":405,"url":"https:\/\/evertonfc.cz\/wp-content\/uploads\/2021\/02\/Liverpool-VS-Everton.jpg","type":"image\/jpeg"}],"author":"BlueBlooded","twitter_card":"summary_large_image","twitter_misc":{"Napsal(a)":"BlueBlooded","Odhadovan\u00e1 doba \u010dten\u00ed":"5 minut"},"schema":{"@context":"https:\/\/schema.org","@graph":[{"@type":"Article","@id":"https:\/\/evertonfc.cz\/index.php\/2018\/01\/04\/fac-preview-liverpool-everton\/#article","isPartOf":{"@id":"https:\/\/evertonfc.cz\/index.php\/2018\/01\/04\/fac-preview-liverpool-everton\/"},"author":{"name":"BlueBlooded","@id":"https:\/\/evertonfc.cz\/#\/schema\/person\/d4493b8cbea51532597fbc4685698916"},"headline":"FA Cup Preview: Liverpool \u2013 Everton","datePublished":"2018-01-04T17:38:15+00:00","dateModified":"2021-02-20T10:45:19+00:00","mainEntityOfPage":{"@id":"https:\/\/evertonfc.cz\/index.php\/2018\/01\/04\/fac-preview-liverpool-everton\/"},"wordCount":921,"commentCount":0,"publisher":{"@id":"https:\/\/evertonfc.cz\/#organization"},"image":{"@id":"https:\/\/evertonfc.cz\/index.php\/2018\/01\/04\/fac-preview-liverpool-everton\/#primaryimage"},"thumbnailUrl":"https:\/\/evertonfc.cz\/wp-content\/uploads\/2021\/02\/Liverpool-VS-Everton.jpg","articleSection":["Z\u00e1pasy"],"inLanguage":"cs","potentialAction":[{"@type":"CommentAction","name":"Comment","target":["https:\/\/evertonfc.cz\/index.php\/2018\/01\/04\/fac-preview-liverpool-everton\/#respond"]}]},{"@type":"WebPage","@id":"https:\/\/evertonfc.cz\/index.php\/2018\/01\/04\/fac-preview-liverpool-everton\/","url":"https:\/\/evertonfc.cz\/index.php\/2018\/01\/04\/fac-preview-liverpool-everton\/","name":"FA Cup Preview: Liverpool \u2013 Everton - Official Czech &amp; Slovak Everton Supporters&#039; Club","isPartOf":{"@id":"https:\/\/evertonfc.cz\/#website"},"primaryImageOfPage":{"@id":"https:\/\/evertonfc.cz\/index.php\/2018\/01\/04\/fac-preview-liverpool-everton\/#primaryimage"},"image":{"@id":"https:\/\/evertonfc.cz\/index.php\/2018\/01\/04\/fac-preview-liverpool-everton\/#primaryimage"},"thumbnailUrl":"https:\/\/evertonfc.cz\/wp-content\/uploads\/2021\/02\/Liverpool-VS-Everton.jpg","datePublished":"2018-01-04T17:38:15+00:00","dateModified":"2021-02-20T10:45:19+00:00","breadcrumb":{"@id":"https:\/\/evertonfc.cz\/index.php\/2018\/01\/04\/fac-preview-liverpool-everton\/#breadcrumb"},"inLanguage":"cs","potentialAction":[{"@type":"ReadAction","target":["https:\/\/evertonfc.cz\/index.php\/2018\/01\/04\/fac-preview-liverpool-everton\/"]}]},{"@type":"ImageObject","inLanguage":"cs","@id":"https:\/\/evertonfc.cz\/index.php\/2018\/01\/04\/fac-preview-liverpool-everton\/#primaryimage","url":"https:\/\/evertonfc.cz\/wp-content\/uploads\/2021\/02\/Liverpool-VS-Everton.jpg","contentUrl":"https:\/\/evertonfc.cz\/wp-content\/uploads\/2021\/02\/Liverpool-VS-Everton.jpg","width":720,"height":405},{"@type":"BreadcrumbList","@id":"https:\/\/evertonfc.cz\/index.php\/2018\/01\/04\/fac-preview-liverpool-everton\/#breadcrumb","itemListElement":[{"@type":"ListItem","position":1,"name":"Home","item":"https:\/\/evertonfc.cz\/"},{"@type":"ListItem","position":2,"name":"FA Cup Preview: Liverpool \u2013 Everton"}]},{"@type":"WebSite","@id":"https:\/\/evertonfc.cz\/#website","url":"https:\/\/evertonfc.cz\/","name":"Official Czech &amp; Slovak Everton Supporters&#039; Club","description":"","publisher":{"@id":"https:\/\/evertonfc.cz\/#organization"},"potentialAction":[{"@type":"SearchAction","target":{"@type":"EntryPoint","urlTemplate":"https:\/\/evertonfc.cz\/?s={search_term_string}"},"query-input":{"@type":"PropertyValueSpecification","valueRequired":true,"valueName":"search_term_string"}}],"inLanguage":"cs"},{"@type":"Organization","@id":"https:\/\/evertonfc.cz\/#organization","name":"Official Czech & Slovak Everton Supporters' Club","url":"https:\/\/evertonfc.cz\/","logo":{"@type":"ImageObject","inLanguage":"cs","@id":"https:\/\/evertonfc.cz\/#\/schema\/logo\/image\/","url":"https:\/\/evertonfc.cz\/wp-content\/uploads\/2019\/05\/logo.png","contentUrl":"https:\/\/evertonfc.cz\/wp-content\/uploads\/2019\/05\/logo.png","width":112,"height":112,"caption":"Official Czech & Slovak Everton Supporters' Club"},"image":{"@id":"https:\/\/evertonfc.cz\/#\/schema\/logo\/image\/"},"sameAs":["https:\/\/www.facebook.com\/everton.fans.cz.sk"]},{"@type":"Person","@id":"https:\/\/evertonfc.cz\/#\/schema\/person\/d4493b8cbea51532597fbc4685698916","name":"BlueBlooded","url":"https:\/\/evertonfc.cz\/index.php\/author\/admin\/"}]}},"_links":{"self":[{"href":"https:\/\/evertonfc.cz\/index.php\/wp-json\/wp\/v2\/posts\/2269"}],"collection":[{"href":"https:\/\/evertonfc.cz\/index.php\/wp-json\/wp\/v2\/posts"}],"about":[{"href":"https:\/\/evertonfc.cz\/index.php\/wp-json\/wp\/v2\/types\/post"}],"author":[{"embeddable":true,"href":"https:\/\/evertonfc.cz\/index.php\/wp-json\/wp\/v2\/users\/1"}],"replies":[{"embeddable":true,"href":"https:\/\/evertonfc.cz\/index.php\/wp-json\/wp\/v2\/comments?post=2269"}],"version-history":[{"count":4,"href":"https:\/\/evertonfc.cz\/index.php\/wp-json\/wp\/v2\/posts\/2269\/revisions"}],"predecessor-version":[{"id":14242,"href":"https:\/\/evertonfc.cz\/index.php\/wp-json\/wp\/v2\/posts\/2269\/revisions\/14242"}],"wp:featuredmedia":[{"embeddable":true,"href":"https:\/\/evertonfc.cz\/index.php\/wp-json\/wp\/v2\/media\/14233"}],"wp:attachment":[{"href":"https:\/\/evertonfc.cz\/index.php\/wp-json\/wp\/v2\/media?parent=2269"}],"wp:term":[{"taxonomy":"category","embeddable":true,"href":"https:\/\/evertonfc.cz\/index.php\/wp-json\/wp\/v2\/categories?post=2269"},{"taxonomy":"post_tag","embeddable":true,"href":"https:\/\/evertonfc.cz\/index.php\/wp-json\/wp\/v2\/tags?post=2269"}],"curies":[{"name":"wp","href":"https:\/\/api.w.org\/{rel}","templated":true}]}}