{"id":22702,"date":"2023-09-03T19:16:09","date_gmt":"2023-09-03T17:16:09","guid":{"rendered":"https:\/\/evertonfc.cz\/?p=22702"},"modified":"2023-09-03T19:26:15","modified_gmt":"2023-09-03T17:26:15","slug":"sheffield-united-everton-22","status":"publish","type":"post","link":"https:\/\/evertonfc.cz\/index.php\/2023\/09\/03\/sheffield-united-everton-22\/","title":{"rendered":"Sheffield United \u2013 Everton 2:2"},"content":{"rendered":"<h4>Daviesa nikde, pub polopr\u00e1zdny, ale modr\u00e9 \u0161\u00edky Evertonians pre obrazovkou hnali svojich aspo\u0148 pre ten prv\u00fd bod\u00edk v sez\u00f3ne. Pozit\u00edva? Beto. St\u00e1lo to zato? Detto.<\/h4>\n<p>Nabit\u00fd v\u00edkendov\u00fd program za\u010d\u00ednal pr\u00e1ve skor\u00fdm v\u00fdkopom na jednom z\u00a0najstar\u0161\u00edch \u0161tadi\u00f3nov v\u00f4bec. S\u00edce sa tam hr\u00e1val prv\u00fd kriket, ale to nikoho pri s\u00faboji dom\u00e1cich z\u00a0Karamelkami nezauj\u00edmalo. Podstatn\u00e9 bolo pre oba\u00a0 t\u00edmy z\u00edska\u0165 kone\u010dne nie\u010do. Nejak\u00fd \u00falovok, najlep\u0161ie trojbodov\u00fd a\u00a0k\u00a0tomu \u010dist\u00e9 konto.<\/p>\n<p>Na pln\u00fd zisk si verili oba t\u00e1bory, s neinkasovan\u00edm to bolo hor\u0161ie. Presne ako uk\u00e1zali nasledovn\u00e9 min\u00faty. A hoci EFC e\u0161te g\u00f3l doteraz nevstrelilo, bolo povzbuden\u00e9 novou portugalskou posilou z talianskej ligy, ktor\u00e1 nadviazala na s\u013eubn\u00fd v\u00fdkon z ligov\u00e9ho poh\u00e1ra. Dopriala tak potrebn\u00fd \u010das na zotavenie pre Calverta-Lewina. Jedinou zmenou v zostave bol absentuj\u00faci mlad\u00edk Dobbin. Ten si privodil men\u0161ie zranenie, ni\u010d v\u00e1\u017ene.<\/p>\n<h4><strong>1.pol\u010das<\/strong><\/h4>\n<p>Duel za\u010dal ve\u013emi blahodarne pre prizeraj\u00facich a\u00a0prip\u00edjaj\u00facich Evertonians v\u00a0Bratislave. Hostia v\u00a0modrom za\u010dali sebavedomo, a\u00a0sna\u017eili sa hre dominova\u0165, vytv\u00e1ra\u0165 tlak a\u00a0postupne aj \u0161ance. Prv\u00fa strelu na br\u00e1nu v\u0161ak mali dom\u00e1ci. Pickford slab\u00fa hlavi\u010dku po \u0161tandardke v\u0161ak \u013eahko skrotil. Potom sa za\u010dal \u010dini\u0165 Beto. Viazal obranu, podr\u017eiaval loptu pre spoluhr\u00e1\u010dov, a\u00a0\u010dasto sa s\u00e1m dost\u00e1val aj do \u0161anc\u00ed, \u010di ich vytv\u00e1ral.<\/p>\n<p>Pri jednej jeho strele ch\u00fdbalo fakt m\u00e1lo, preto\u017ee bola te\u010dovan\u00e1. No pri\u0161iel roh Younga, ktor\u00fd Onana poslal do p\u00e4\u0165ky, a\u00a0tam ho Doucour\u00e9 u\u017e doklepol na dvakr\u00e1t do siete. Ov\u00e1cie, <strong>0:1<\/strong>! A\u00a0u\u017e o\u00a0sekundy nesk\u00f4r pri\u0161iel nebezpe\u010dn\u00fd brejk. Onana z\u00edskal loptu, t\u00e1 sa dostala Danjumovi do \u00faniku. Jedinou chybou bolo jeho sebectvo.<\/p>\n<p>Ned\u00e1\u0161 a\u00a0preto skoro dostane\u0161. Hamer vytestoval pohotovos\u0165 Jordana v\u00a0br\u00e1ne v\u00a021. min\u00fate. Aj tak sa ale na vyrovnanie \u010dakalo e\u0161te vy\u0161e 10 min\u00fat. McBurnie sklepol center do v\u00e1pna pred Archera, a\u00a0ten potvrdil svoj potenci\u00e1l, ke\u010f ho trestuhodne nikto nebr\u00e1nil. Kto to konkr\u00e9tne mal by\u0165 v\u00a0tej diere medzi z\u00e1lo\u017enou a\u00a0obrannou l\u00edniou, to nech\u00e1me na diskutuj\u00facich. Ka\u017edop\u00e1dne stav bol<strong> 1:1 <\/strong>a\u00a0bolo e\u0161te aj hor\u0161ie.<\/p>\n<p>R\u00fdchle prenesie hry na na\u0161u polovicu cez Hamera poslalo Archera do zauj\u00edmavej pr\u00edle\u017eitosti. Cez Tarkowskeho sa mu podarilo vystreli\u0165, s\u00edce len do ty\u010de, ku ktorej Picky nedo\u010diahol, ale n\u00e1sledn\u00fd ne\u0161\u0165astn\u00fd odraz presne do jeho chrbta zariadil posmutnel\u00fd odchod do kab\u00edn za nepriazniv\u00e9ho stavu <strong>2:1<\/strong> pre dom\u00e1cich.<\/p>\n<h4><strong>2.pol\u010das<\/strong><\/h4>\n<p>V\u00a0druhom dejstve sa hral podobn\u00fd futbal. Everton na po\u010dudovanie st\u00e1le vyzeral, \u017ee je schopn\u00fd d\u00e1va\u0165 g\u00f3l, ch\u00fdbalo doladi\u0165 detaily. Ke\u010f sa vy\u017eehlia, Beto p\u00f4jde na hrad! Preto\u017ee bol aj v\u00a0kombin\u00e1cii, ktor\u00e1 zariadila n\u00e1\u0161 vyrovn\u00e1vaj\u00faci g\u00f3l na <strong>2:2<\/strong>. Vysunul Pattersona do centruj\u00facej poz\u00edcie, a\u00a0ten sn\u00e1\u010f prv\u00fd raz v\u00a0tejto sez\u00f3ne presne prihral do \u0161estn\u00e1stky. Je loptu medzi brank\u00e1ra a\u00a0obranu skvele vystihol Danjuma!<\/p>\n<p>O\u00a0tom, \u017ee n\u00e1m rozhodca nep\u00edskal takmer ni\u010d, ani penaltu za ruku, vyzliekanie z\u00a0dresu, \u010di faul pri vniku do \u0161estn\u00e1stky, sa asi netreba ani zmie\u0148ova\u0165. Nekompetentnos\u0165 rozhodcov, nedodr\u017eiavanie v\u00fdkladu pravidiel, to je najlep\u0161ia Premier League. Na \u010do je v\u00a0tomto pr\u00edpade VAR, je asi asistovanie v\u00a0zl\u00fdch rozhodnutiach.<\/p>\n<p>Potom to u\u017e bolo opatrnej\u0161ie. No d\u00e1vku \u0161\u0165astia a\u00a0reprezenta\u010dn\u00e9 schopnosti bolo za potreby, inak by sme s\u00a0bodom z\u00a0mesta ocele \u0165a\u017eko odi\u0161li. United tla\u010dili o\u00a0nie\u010do viac. Mali zblokovan\u00e9 strely, strely ved\u013ea, hrdinom v\u0161ak ostal Pickford, ke\u010f v\u00a0nadstavenom \u010dase dvakr\u00e1t vychytal McBurnieho. A\u00a0to treba vidie\u0165 na vlastn\u00e9 o\u010di&#8230;<\/p>\n<h4><strong>Sean Dyche po z\u00e1pase:<\/strong><\/h4>\n<blockquote><p><span style=\"font-size: 12pt;\"><em>\u201eUkazuje sa, \u017ee z\u00e1klady mus\u00edme robi\u0165 lep\u0161ie, preto\u017ee v\u00e4\u010d\u0161ina na\u0161ich v\u00fdkonov bola dobr\u00e1. Nachytali n\u00e1s v hl\u00fapych z\u00e1kladoch, v ktor\u00fdch by sme sa mali lep\u0161ie orientova\u0165, preto\u017ee ve\u013ea z na\u0161ich v\u00fdkonov bolo spr\u00e1vnych. Mali sme to\u013eko \u00fanikov v dobr\u00fdch poz\u00edci\u00e1ch, a hlavne v prvom pol\u010dase sme ich nevyu\u017eili. Mali sme to rozhodn\u00fa\u0165, ale to ist\u00e9 by som mohol poveda\u0165 o dvoch ostatn\u00fdch ligov\u00fdch z\u00e1pasoch.\u201c<\/em><\/span><\/p><\/blockquote>\n<h3 style=\"text-align: center;\"><span style=\"color: #3366ff;\"><em><strong>Come on you Blues !!!<\/strong><\/em><\/span><\/h3>\n<p style=\"text-align: right;\"><span style=\"font-size: 8pt;\">(fotozdroj: Getty Images)<\/span><\/p>\n<p><strong>Zostrihy:<\/strong> hoofoot.com\u00a0 <strong>Mu\u017e z\u00e1pasu redakcie:<\/strong> Beto<\/p>\n<p><strong>G\u00f3ly:<\/strong> 14\u00b4 Doucour\u00e9, 33\u00b4 Archer (McBurnie), 45+3\u00b4 Pickford (og), 55\u00b4 Danjuma (Patterson)<\/p>\n<p><strong>\u017dlt\u00e9 karty:<\/strong> 9\u00b4 Branthwaite, 49\u00b4 Ahmedhod\u017ei\u0107, 73\u00b4 Doucour\u00e9<\/p>\n<p><strong>Sheffield United FC:<\/strong> Foderingham \u2013 Baldock, Ahmedhod\u017ei\u0107, Egan (68\u00b4 Basham), Robinson, Larouci (68\u00b4 Thomas) \u2013 Souza, Norwood, Hamer \u2013 McBurnie, Archer (75\u00b4 Traor\u00e9)<\/p>\n<p><strong>Everton FC:<\/strong> Pickford \u2013 Patterson, Tarkowski (90+1\u00b4 Godfrey), Branthwaite, Young \u2013 Garner (75\u00b4 McNeil), Doucour\u00e9, Gueye, Onana, Danjuma \u2013 Beto<\/p>\n<p><strong>Rozhodca: <\/strong>Andy Madley<strong>\u00a0 Div\u00e1kov: <\/strong>31 124<\/p>\n","protected":false},"excerpt":{"rendered":"<p>Daviesa nikde, pub polopr\u00e1zdny, ale modr\u00e9 \u0161\u00edky Evertonians pre obrazovkou hnali svojich aspo\u0148 pre ten prv\u00fd bod\u00edk v sez\u00f3ne. Pozit\u00edva? Beto. St\u00e1lo to zato? Detto.<\/p>\n","protected":false},"author":1,"featured_media":22701,"comment_status":"open","ping_status":"closed","sticky":false,"template":"","format":"standard","meta":{"_eb_attr":"","_monsterinsights_skip_tracking":false,"_monsterinsights_sitenote_active":false,"_monsterinsights_sitenote_note":"","_monsterinsights_sitenote_category":0,"footnotes":""},"categories":[4],"tags":[],"yoast_head":"<!-- This site is optimized with the Yoast SEO plugin v23.4 - https:\/\/yoast.com\/wordpress\/plugins\/seo\/ -->\n<title>Sheffield United \u2013 Everton 2:2 - Official Czech &amp; Slovak Everton Supporters&#039; Club<\/title>\n<meta name=\"robots\" content=\"index, follow, max-snippet:-1, max-image-preview:large, max-video-preview:-1\" \/>\n<link rel=\"canonical\" href=\"https:\/\/evertonfc.cz\/index.php\/2023\/09\/03\/sheffield-united-everton-22\/\" \/>\n<meta property=\"og:locale\" content=\"cs_CZ\" \/>\n<meta property=\"og:type\" content=\"article\" \/>\n<meta property=\"og:title\" content=\"Sheffield United \u2013 Everton 2:2 - Official Czech &amp; Slovak Everton Supporters&#039; Club\" \/>\n<meta property=\"og:description\" content=\"Daviesa nikde, pub polopr\u00e1zdny, ale modr\u00e9 \u0161\u00edky Evertonians pre obrazovkou hnali svojich aspo\u0148 pre ten prv\u00fd bod\u00edk v sez\u00f3ne. Pozit\u00edva? Beto. St\u00e1lo to zato? Detto.\" \/>\n<meta property=\"og:url\" content=\"https:\/\/evertonfc.cz\/index.php\/2023\/09\/03\/sheffield-united-everton-22\/\" \/>\n<meta property=\"og:site_name\" content=\"Official Czech &amp; Slovak Everton Supporters&#039; Club\" \/>\n<meta property=\"article:publisher\" content=\"https:\/\/www.facebook.com\/everton.fans.cz.sk\" \/>\n<meta property=\"article:published_time\" content=\"2023-09-03T17:16:09+00:00\" \/>\n<meta property=\"article:modified_time\" content=\"2023-09-03T17:26:15+00:00\" \/>\n<meta property=\"og:image\" content=\"https:\/\/evertonfc.cz\/wp-content\/uploads\/2023\/09\/Jordan-Pickford-vs-Sheffield-Utd-by-Getty-Images-2-9-2023.jpg\" \/>\n\t<meta property=\"og:image:width\" content=\"720\" \/>\n\t<meta property=\"og:image:height\" content=\"405\" \/>\n\t<meta property=\"og:image:type\" content=\"image\/jpeg\" \/>\n<meta name=\"author\" content=\"BlueBlooded\" \/>\n<meta name=\"twitter:card\" content=\"summary_large_image\" \/>\n<meta name=\"twitter:label1\" content=\"Napsal(a)\" \/>\n\t<meta name=\"twitter:data1\" content=\"BlueBlooded\" \/>\n\t<meta name=\"twitter:label2\" content=\"Odhadovan\u00e1 doba \u010dten\u00ed\" \/>\n\t<meta name=\"twitter:data2\" content=\"4 minuty\" \/>\n<script type=\"application\/ld+json\" class=\"yoast-schema-graph\">{\"@context\":\"https:\/\/schema.org\",\"@graph\":[{\"@type\":\"Article\",\"@id\":\"https:\/\/evertonfc.cz\/index.php\/2023\/09\/03\/sheffield-united-everton-22\/#article\",\"isPartOf\":{\"@id\":\"https:\/\/evertonfc.cz\/index.php\/2023\/09\/03\/sheffield-united-everton-22\/\"},\"author\":{\"name\":\"BlueBlooded\",\"@id\":\"https:\/\/evertonfc.cz\/#\/schema\/person\/d4493b8cbea51532597fbc4685698916\"},\"headline\":\"Sheffield United \u2013 Everton 2:2\",\"datePublished\":\"2023-09-03T17:16:09+00:00\",\"dateModified\":\"2023-09-03T17:26:15+00:00\",\"mainEntityOfPage\":{\"@id\":\"https:\/\/evertonfc.cz\/index.php\/2023\/09\/03\/sheffield-united-everton-22\/\"},\"wordCount\":831,\"commentCount\":6,\"publisher\":{\"@id\":\"https:\/\/evertonfc.cz\/#organization\"},\"image\":{\"@id\":\"https:\/\/evertonfc.cz\/index.php\/2023\/09\/03\/sheffield-united-everton-22\/#primaryimage\"},\"thumbnailUrl\":\"https:\/\/evertonfc.cz\/wp-content\/uploads\/2023\/09\/Jordan-Pickford-vs-Sheffield-Utd-by-Getty-Images-2-9-2023.jpg\",\"articleSection\":[\"Z\u00e1pasy\"],\"inLanguage\":\"cs\",\"potentialAction\":[{\"@type\":\"CommentAction\",\"name\":\"Comment\",\"target\":[\"https:\/\/evertonfc.cz\/index.php\/2023\/09\/03\/sheffield-united-everton-22\/#respond\"]}]},{\"@type\":\"WebPage\",\"@id\":\"https:\/\/evertonfc.cz\/index.php\/2023\/09\/03\/sheffield-united-everton-22\/\",\"url\":\"https:\/\/evertonfc.cz\/index.php\/2023\/09\/03\/sheffield-united-everton-22\/\",\"name\":\"Sheffield United \u2013 Everton 2:2 - Official Czech &amp; Slovak Everton Supporters&#039; Club\",\"isPartOf\":{\"@id\":\"https:\/\/evertonfc.cz\/#website\"},\"primaryImageOfPage\":{\"@id\":\"https:\/\/evertonfc.cz\/index.php\/2023\/09\/03\/sheffield-united-everton-22\/#primaryimage\"},\"image\":{\"@id\":\"https:\/\/evertonfc.cz\/index.php\/2023\/09\/03\/sheffield-united-everton-22\/#primaryimage\"},\"thumbnailUrl\":\"https:\/\/evertonfc.cz\/wp-content\/uploads\/2023\/09\/Jordan-Pickford-vs-Sheffield-Utd-by-Getty-Images-2-9-2023.jpg\",\"datePublished\":\"2023-09-03T17:16:09+00:00\",\"dateModified\":\"2023-09-03T17:26:15+00:00\",\"breadcrumb\":{\"@id\":\"https:\/\/evertonfc.cz\/index.php\/2023\/09\/03\/sheffield-united-everton-22\/#breadcrumb\"},\"inLanguage\":\"cs\",\"potentialAction\":[{\"@type\":\"ReadAction\",\"target\":[\"https:\/\/evertonfc.cz\/index.php\/2023\/09\/03\/sheffield-united-everton-22\/\"]}]},{\"@type\":\"ImageObject\",\"inLanguage\":\"cs\",\"@id\":\"https:\/\/evertonfc.cz\/index.php\/2023\/09\/03\/sheffield-united-everton-22\/#primaryimage\",\"url\":\"https:\/\/evertonfc.cz\/wp-content\/uploads\/2023\/09\/Jordan-Pickford-vs-Sheffield-Utd-by-Getty-Images-2-9-2023.jpg\",\"contentUrl\":\"https:\/\/evertonfc.cz\/wp-content\/uploads\/2023\/09\/Jordan-Pickford-vs-Sheffield-Utd-by-Getty-Images-2-9-2023.jpg\",\"width\":720,\"height\":405},{\"@type\":\"BreadcrumbList\",\"@id\":\"https:\/\/evertonfc.cz\/index.php\/2023\/09\/03\/sheffield-united-everton-22\/#breadcrumb\",\"itemListElement\":[{\"@type\":\"ListItem\",\"position\":1,\"name\":\"Home\",\"item\":\"https:\/\/evertonfc.cz\/\"},{\"@type\":\"ListItem\",\"position\":2,\"name\":\"Sheffield United \u2013 Everton 2:2\"}]},{\"@type\":\"WebSite\",\"@id\":\"https:\/\/evertonfc.cz\/#website\",\"url\":\"https:\/\/evertonfc.cz\/\",\"name\":\"Official Czech &amp; Slovak Everton Supporters&#039; Club\",\"description\":\"\",\"publisher\":{\"@id\":\"https:\/\/evertonfc.cz\/#organization\"},\"potentialAction\":[{\"@type\":\"SearchAction\",\"target\":{\"@type\":\"EntryPoint\",\"urlTemplate\":\"https:\/\/evertonfc.cz\/?s={search_term_string}\"},\"query-input\":{\"@type\":\"PropertyValueSpecification\",\"valueRequired\":true,\"valueName\":\"search_term_string\"}}],\"inLanguage\":\"cs\"},{\"@type\":\"Organization\",\"@id\":\"https:\/\/evertonfc.cz\/#organization\",\"name\":\"Official Czech & Slovak Everton Supporters' Club\",\"url\":\"https:\/\/evertonfc.cz\/\",\"logo\":{\"@type\":\"ImageObject\",\"inLanguage\":\"cs\",\"@id\":\"https:\/\/evertonfc.cz\/#\/schema\/logo\/image\/\",\"url\":\"https:\/\/evertonfc.cz\/wp-content\/uploads\/2019\/05\/logo.png\",\"contentUrl\":\"https:\/\/evertonfc.cz\/wp-content\/uploads\/2019\/05\/logo.png\",\"width\":112,\"height\":112,\"caption\":\"Official Czech & Slovak Everton Supporters' Club\"},\"image\":{\"@id\":\"https:\/\/evertonfc.cz\/#\/schema\/logo\/image\/\"},\"sameAs\":[\"https:\/\/www.facebook.com\/everton.fans.cz.sk\"]},{\"@type\":\"Person\",\"@id\":\"https:\/\/evertonfc.cz\/#\/schema\/person\/d4493b8cbea51532597fbc4685698916\",\"name\":\"BlueBlooded\",\"url\":\"https:\/\/evertonfc.cz\/index.php\/author\/admin\/\"}]}<\/script>\n<!-- \/ Yoast SEO plugin. -->","yoast_head_json":{"title":"Sheffield United \u2013 Everton 2:2 - Official Czech &amp; Slovak Everton Supporters&#039; Club","robots":{"index":"index","follow":"follow","max-snippet":"max-snippet:-1","max-image-preview":"max-image-preview:large","max-video-preview":"max-video-preview:-1"},"canonical":"https:\/\/evertonfc.cz\/index.php\/2023\/09\/03\/sheffield-united-everton-22\/","og_locale":"cs_CZ","og_type":"article","og_title":"Sheffield United \u2013 Everton 2:2 - Official Czech &amp; Slovak Everton Supporters&#039; Club","og_description":"Daviesa nikde, pub polopr\u00e1zdny, ale modr\u00e9 \u0161\u00edky Evertonians pre obrazovkou hnali svojich aspo\u0148 pre ten prv\u00fd bod\u00edk v sez\u00f3ne. Pozit\u00edva? Beto. St\u00e1lo to zato? Detto.","og_url":"https:\/\/evertonfc.cz\/index.php\/2023\/09\/03\/sheffield-united-everton-22\/","og_site_name":"Official Czech &amp; Slovak Everton Supporters&#039; Club","article_publisher":"https:\/\/www.facebook.com\/everton.fans.cz.sk","article_published_time":"2023-09-03T17:16:09+00:00","article_modified_time":"2023-09-03T17:26:15+00:00","og_image":[{"width":720,"height":405,"url":"https:\/\/evertonfc.cz\/wp-content\/uploads\/2023\/09\/Jordan-Pickford-vs-Sheffield-Utd-by-Getty-Images-2-9-2023.jpg","type":"image\/jpeg"}],"author":"BlueBlooded","twitter_card":"summary_large_image","twitter_misc":{"Napsal(a)":"BlueBlooded","Odhadovan\u00e1 doba \u010dten\u00ed":"4 minuty"},"schema":{"@context":"https:\/\/schema.org","@graph":[{"@type":"Article","@id":"https:\/\/evertonfc.cz\/index.php\/2023\/09\/03\/sheffield-united-everton-22\/#article","isPartOf":{"@id":"https:\/\/evertonfc.cz\/index.php\/2023\/09\/03\/sheffield-united-everton-22\/"},"author":{"name":"BlueBlooded","@id":"https:\/\/evertonfc.cz\/#\/schema\/person\/d4493b8cbea51532597fbc4685698916"},"headline":"Sheffield United \u2013 Everton 2:2","datePublished":"2023-09-03T17:16:09+00:00","dateModified":"2023-09-03T17:26:15+00:00","mainEntityOfPage":{"@id":"https:\/\/evertonfc.cz\/index.php\/2023\/09\/03\/sheffield-united-everton-22\/"},"wordCount":831,"commentCount":6,"publisher":{"@id":"https:\/\/evertonfc.cz\/#organization"},"image":{"@id":"https:\/\/evertonfc.cz\/index.php\/2023\/09\/03\/sheffield-united-everton-22\/#primaryimage"},"thumbnailUrl":"https:\/\/evertonfc.cz\/wp-content\/uploads\/2023\/09\/Jordan-Pickford-vs-Sheffield-Utd-by-Getty-Images-2-9-2023.jpg","articleSection":["Z\u00e1pasy"],"inLanguage":"cs","potentialAction":[{"@type":"CommentAction","name":"Comment","target":["https:\/\/evertonfc.cz\/index.php\/2023\/09\/03\/sheffield-united-everton-22\/#respond"]}]},{"@type":"WebPage","@id":"https:\/\/evertonfc.cz\/index.php\/2023\/09\/03\/sheffield-united-everton-22\/","url":"https:\/\/evertonfc.cz\/index.php\/2023\/09\/03\/sheffield-united-everton-22\/","name":"Sheffield United \u2013 Everton 2:2 - Official Czech &amp; Slovak Everton Supporters&#039; Club","isPartOf":{"@id":"https:\/\/evertonfc.cz\/#website"},"primaryImageOfPage":{"@id":"https:\/\/evertonfc.cz\/index.php\/2023\/09\/03\/sheffield-united-everton-22\/#primaryimage"},"image":{"@id":"https:\/\/evertonfc.cz\/index.php\/2023\/09\/03\/sheffield-united-everton-22\/#primaryimage"},"thumbnailUrl":"https:\/\/evertonfc.cz\/wp-content\/uploads\/2023\/09\/Jordan-Pickford-vs-Sheffield-Utd-by-Getty-Images-2-9-2023.jpg","datePublished":"2023-09-03T17:16:09+00:00","dateModified":"2023-09-03T17:26:15+00:00","breadcrumb":{"@id":"https:\/\/evertonfc.cz\/index.php\/2023\/09\/03\/sheffield-united-everton-22\/#breadcrumb"},"inLanguage":"cs","potentialAction":[{"@type":"ReadAction","target":["https:\/\/evertonfc.cz\/index.php\/2023\/09\/03\/sheffield-united-everton-22\/"]}]},{"@type":"ImageObject","inLanguage":"cs","@id":"https:\/\/evertonfc.cz\/index.php\/2023\/09\/03\/sheffield-united-everton-22\/#primaryimage","url":"https:\/\/evertonfc.cz\/wp-content\/uploads\/2023\/09\/Jordan-Pickford-vs-Sheffield-Utd-by-Getty-Images-2-9-2023.jpg","contentUrl":"https:\/\/evertonfc.cz\/wp-content\/uploads\/2023\/09\/Jordan-Pickford-vs-Sheffield-Utd-by-Getty-Images-2-9-2023.jpg","width":720,"height":405},{"@type":"BreadcrumbList","@id":"https:\/\/evertonfc.cz\/index.php\/2023\/09\/03\/sheffield-united-everton-22\/#breadcrumb","itemListElement":[{"@type":"ListItem","position":1,"name":"Home","item":"https:\/\/evertonfc.cz\/"},{"@type":"ListItem","position":2,"name":"Sheffield United \u2013 Everton 2:2"}]},{"@type":"WebSite","@id":"https:\/\/evertonfc.cz\/#website","url":"https:\/\/evertonfc.cz\/","name":"Official Czech &amp; Slovak Everton Supporters&#039; Club","description":"","publisher":{"@id":"https:\/\/evertonfc.cz\/#organization"},"potentialAction":[{"@type":"SearchAction","target":{"@type":"EntryPoint","urlTemplate":"https:\/\/evertonfc.cz\/?s={search_term_string}"},"query-input":{"@type":"PropertyValueSpecification","valueRequired":true,"valueName":"search_term_string"}}],"inLanguage":"cs"},{"@type":"Organization","@id":"https:\/\/evertonfc.cz\/#organization","name":"Official Czech & Slovak Everton Supporters' Club","url":"https:\/\/evertonfc.cz\/","logo":{"@type":"ImageObject","inLanguage":"cs","@id":"https:\/\/evertonfc.cz\/#\/schema\/logo\/image\/","url":"https:\/\/evertonfc.cz\/wp-content\/uploads\/2019\/05\/logo.png","contentUrl":"https:\/\/evertonfc.cz\/wp-content\/uploads\/2019\/05\/logo.png","width":112,"height":112,"caption":"Official Czech & Slovak Everton Supporters' Club"},"image":{"@id":"https:\/\/evertonfc.cz\/#\/schema\/logo\/image\/"},"sameAs":["https:\/\/www.facebook.com\/everton.fans.cz.sk"]},{"@type":"Person","@id":"https:\/\/evertonfc.cz\/#\/schema\/person\/d4493b8cbea51532597fbc4685698916","name":"BlueBlooded","url":"https:\/\/evertonfc.cz\/index.php\/author\/admin\/"}]}},"_links":{"self":[{"href":"https:\/\/evertonfc.cz\/index.php\/wp-json\/wp\/v2\/posts\/22702"}],"collection":[{"href":"https:\/\/evertonfc.cz\/index.php\/wp-json\/wp\/v2\/posts"}],"about":[{"href":"https:\/\/evertonfc.cz\/index.php\/wp-json\/wp\/v2\/types\/post"}],"author":[{"embeddable":true,"href":"https:\/\/evertonfc.cz\/index.php\/wp-json\/wp\/v2\/users\/1"}],"replies":[{"embeddable":true,"href":"https:\/\/evertonfc.cz\/index.php\/wp-json\/wp\/v2\/comments?post=22702"}],"version-history":[{"count":6,"href":"https:\/\/evertonfc.cz\/index.php\/wp-json\/wp\/v2\/posts\/22702\/revisions"}],"predecessor-version":[{"id":22708,"href":"https:\/\/evertonfc.cz\/index.php\/wp-json\/wp\/v2\/posts\/22702\/revisions\/22708"}],"wp:featuredmedia":[{"embeddable":true,"href":"https:\/\/evertonfc.cz\/index.php\/wp-json\/wp\/v2\/media\/22701"}],"wp:attachment":[{"href":"https:\/\/evertonfc.cz\/index.php\/wp-json\/wp\/v2\/media?parent=22702"}],"wp:term":[{"taxonomy":"category","embeddable":true,"href":"https:\/\/evertonfc.cz\/index.php\/wp-json\/wp\/v2\/categories?post=22702"},{"taxonomy":"post_tag","embeddable":true,"href":"https:\/\/evertonfc.cz\/index.php\/wp-json\/wp\/v2\/tags?post=22702"}],"curies":[{"name":"wp","href":"https:\/\/api.w.org\/{rel}","templated":true}]}}