{"id":22728,"date":"2023-09-07T12:59:29","date_gmt":"2023-09-07T10:59:29","guid":{"rendered":"https:\/\/evertonfc.cz\/?p=22728"},"modified":"2023-09-07T14:10:07","modified_gmt":"2023-09-07T12:10:07","slug":"gray-si-vytrucoval-prestup-k-saudum","status":"publish","type":"post","link":"https:\/\/evertonfc.cz\/index.php\/2023\/09\/07\/gray-si-vytrucoval-prestup-k-saudum\/","title":{"rendered":"Gray si vytrucoval p\u0159estup k Saud\u016fm"},"content":{"rendered":"<h4>Mocn\u00e9 saudsk\u00e9 duk\u00e1ty zacinkaly na konci p\u0159estupov\u00e9ho obdob\u00ed i v Evertonu, kdy\u017e Al-Ettifaq koupil do sv\u00fdch \u0159ad Demaraie Graye.<\/h4>\n<p>Ofici\u00e1ln\u00ed \u010d\u00e1stka za p\u0159estup z\u016fst\u00e1v\u00e1 utajena, ale m\u00e9dia odhaduj\u00ed, \u017ee \u010din\u00ed kolem deseti milion\u016f liber. To je zaj\u00edmav\u00e1 suma za hr\u00e1\u010de, jeho\u017e smlouva s Evertonem by vypr\u0161ela p\u0159\u00ed\u0161t\u00ed rok a za n\u011bho\u017e klub p\u016fvodn\u011b zaplatil pouh\u00fdch 1,7 milionu liber. Gray nav\u00edc odm\u00edtal nad\u00e1le hr\u00e1t za Everton.<\/p>\n<p>Mana\u017eer Sean Dyche u\u017e p\u0159edev\u010d\u00edrem ve\u0159ejn\u011b zkritizoval Gray\u016fv p\u0159\u00edstup. Pro ofici\u00e1ln\u00ed klubovou str\u00e1nku uvedl, \u017ee hr\u00e1\u010d ji\u017e d\u0159\u00edve v l\u00e9t\u011b informoval Everton dohodnut\u00e9m odchodu a \u017ee do uzav\u0159en\u00ed cel\u00e9ho p\u0159estupov\u00e9ho procesu nebude tr\u00e9novat.<\/p>\n<p>Dr\u017eet v t\u00fdmu nespokojen\u00e9ho a trucuj\u00edc\u00edho Graye, i p\u0159es jeho platnou smlouvu s Toffees, bylo nerealistick\u00e9, a tak si 27let\u00fd k\u0159\u00eddeln\u00edk nakonec vynutil sv\u016fj k\u00fd\u017een\u00fd p\u0159estup.<\/p>\n<p>Po Grayov\u011b odchodu m\u00e1 v\u0161ak Everton k dispozici pouze 21 hr\u00e1\u010d\u016f do pole, co\u017e je nedostate\u010dn\u00fd po\u010det pro n\u00e1ro\u010dnou Premier League. Je tedy pravd\u011bpodobn\u00e9, \u017ee klub bude muset minim\u00e1ln\u011b znalyzovat trh s voln\u00fdmi hr\u00e1\u010di.<\/p>\n<p>Gray p\u0159i\u0161el do Evertonu v roce 2021 z n\u011bmeck\u00e9ho Bayeru Leverkusen. B\u011bhem dvou let odehr\u00e1l 75 utk\u00e1n\u00ed vst\u0159elil 12 branek a p\u0159idal \u0161est asistenc\u00ed. Jeho \u010dasto v\u00fdkonnost kol\u00edsala, ale fanou\u0161ci si budou pamatovat n\u011bkolik jeho okam\u017eik\u016f, v\u010detn\u011b kr\u00e1sn\u00fdch g\u00f3l\u016f proti Arsenalu a Manchesteru City, a tak\u00e9 asistenci na g\u00f3l Calverta-Lewina, kter\u00fd v minul\u00e9 sez\u00f3n\u011b znamenal obrat v dom\u00e1c\u00edm z\u00e1pase proti Crystal Palace a zachr\u00e1nil Everton od sestupu.<\/p>\n<div class=\"single-entry-summary\">\n<div class=\"wprt-container\">\n<div class=\"single-entry-summary\">\n<div class=\"wprt-container\">\n<div class=\"single-entry-summary\">\n<div class=\"wprt-container\">\n<p style=\"text-align: right;\"><span style=\"font-size: 8pt;\">(foto zdroj: evertonfc.com)<\/span><\/p>\n<\/div>\n<\/div>\n<\/div>\n<\/div>\n<\/div>\n<\/div>\n","protected":false},"excerpt":{"rendered":"<p>Mocn\u00e9 saudsk\u00e9 duk\u00e1ty zacinkaly na konci p\u0159estupov\u00e9ho obdob\u00ed i v Evertonu, kdy\u017e Al-Ettifaq koupil do sv\u00fdch \u0159ad Demaraie Graye.<\/p>\n","protected":false},"author":6,"featured_media":22727,"comment_status":"open","ping_status":"closed","sticky":false,"template":"","format":"standard","meta":{"_eb_attr":"","_monsterinsights_skip_tracking":false,"_monsterinsights_sitenote_active":false,"_monsterinsights_sitenote_note":"","_monsterinsights_sitenote_category":0,"footnotes":""},"categories":[41],"tags":[],"yoast_head":"<!-- This site is optimized with the Yoast SEO plugin v23.4 - https:\/\/yoast.com\/wordpress\/plugins\/seo\/ -->\n<title>Gray si vytrucoval p\u0159estup k Saud\u016fm - Official Czech &amp; Slovak Everton Supporters&#039; Club<\/title>\n<meta name=\"description\" content=\"Mocn\u00e9 saudsk\u00e9 duk\u00e1ty zacinkaly na konci p\u0159estupov\u00e9ho obdob\u00ed i v Evertonu, kdy\u017e Al-Ettifaq koupil do sv\u00fdch \u0159ad Demaraie Graye.\" \/>\n<meta name=\"robots\" content=\"index, follow, max-snippet:-1, max-image-preview:large, max-video-preview:-1\" \/>\n<link rel=\"canonical\" href=\"https:\/\/evertonfc.cz\/index.php\/2023\/09\/07\/gray-si-vytrucoval-prestup-k-saudum\/\" \/>\n<meta property=\"og:locale\" content=\"cs_CZ\" \/>\n<meta property=\"og:type\" content=\"article\" \/>\n<meta property=\"og:title\" content=\"Gray si vytrucoval p\u0159estup k Saud\u016fm - Official Czech &amp; Slovak Everton Supporters&#039; Club\" \/>\n<meta property=\"og:description\" content=\"Mocn\u00e9 saudsk\u00e9 duk\u00e1ty zacinkaly na konci p\u0159estupov\u00e9ho obdob\u00ed i v Evertonu, kdy\u017e Al-Ettifaq koupil do sv\u00fdch \u0159ad Demaraie Graye.\" \/>\n<meta property=\"og:url\" content=\"https:\/\/evertonfc.cz\/index.php\/2023\/09\/07\/gray-si-vytrucoval-prestup-k-saudum\/\" \/>\n<meta property=\"og:site_name\" content=\"Official Czech &amp; Slovak Everton Supporters&#039; Club\" \/>\n<meta property=\"article:publisher\" content=\"https:\/\/www.facebook.com\/everton.fans.cz.sk\" \/>\n<meta property=\"article:published_time\" content=\"2023-09-07T10:59:29+00:00\" \/>\n<meta property=\"article:modified_time\" content=\"2023-09-07T12:10:07+00:00\" \/>\n<meta property=\"og:image\" content=\"https:\/\/evertonfc.cz\/wp-content\/uploads\/2023\/09\/gray_7_9_2023.jpg\" \/>\n\t<meta property=\"og:image:width\" content=\"720\" \/>\n\t<meta property=\"og:image:height\" content=\"405\" \/>\n\t<meta property=\"og:image:type\" content=\"image\/jpeg\" \/>\n<meta name=\"author\" content=\"Ri\u010di\" \/>\n<meta name=\"twitter:card\" content=\"summary_large_image\" \/>\n<meta name=\"twitter:creator\" content=\"@rbrejsa\" \/>\n<meta name=\"twitter:label1\" content=\"Napsal(a)\" \/>\n\t<meta name=\"twitter:data1\" content=\"Ri\u010di\" \/>\n\t<meta name=\"twitter:label2\" content=\"Odhadovan\u00e1 doba \u010dten\u00ed\" \/>\n\t<meta name=\"twitter:data2\" content=\"2 minuty\" \/>\n<script type=\"application\/ld+json\" class=\"yoast-schema-graph\">{\"@context\":\"https:\/\/schema.org\",\"@graph\":[{\"@type\":\"Article\",\"@id\":\"https:\/\/evertonfc.cz\/index.php\/2023\/09\/07\/gray-si-vytrucoval-prestup-k-saudum\/#article\",\"isPartOf\":{\"@id\":\"https:\/\/evertonfc.cz\/index.php\/2023\/09\/07\/gray-si-vytrucoval-prestup-k-saudum\/\"},\"author\":{\"name\":\"Ri\u010di\",\"@id\":\"https:\/\/evertonfc.cz\/#\/schema\/person\/f7a5daedb2ffee98480bc70e191aaef1\"},\"headline\":\"Gray si vytrucoval p\u0159estup k Saud\u016fm\",\"datePublished\":\"2023-09-07T10:59:29+00:00\",\"dateModified\":\"2023-09-07T12:10:07+00:00\",\"mainEntityOfPage\":{\"@id\":\"https:\/\/evertonfc.cz\/index.php\/2023\/09\/07\/gray-si-vytrucoval-prestup-k-saudum\/\"},\"wordCount\":312,\"commentCount\":3,\"publisher\":{\"@id\":\"https:\/\/evertonfc.cz\/#organization\"},\"image\":{\"@id\":\"https:\/\/evertonfc.cz\/index.php\/2023\/09\/07\/gray-si-vytrucoval-prestup-k-saudum\/#primaryimage\"},\"thumbnailUrl\":\"https:\/\/evertonfc.cz\/wp-content\/uploads\/2023\/09\/gray_7_9_2023.jpg\",\"articleSection\":[\"P\u0159estupy\"],\"inLanguage\":\"cs\",\"potentialAction\":[{\"@type\":\"CommentAction\",\"name\":\"Comment\",\"target\":[\"https:\/\/evertonfc.cz\/index.php\/2023\/09\/07\/gray-si-vytrucoval-prestup-k-saudum\/#respond\"]}]},{\"@type\":\"WebPage\",\"@id\":\"https:\/\/evertonfc.cz\/index.php\/2023\/09\/07\/gray-si-vytrucoval-prestup-k-saudum\/\",\"url\":\"https:\/\/evertonfc.cz\/index.php\/2023\/09\/07\/gray-si-vytrucoval-prestup-k-saudum\/\",\"name\":\"Gray si vytrucoval p\u0159estup k Saud\u016fm - Official Czech &amp; Slovak Everton Supporters&#039; Club\",\"isPartOf\":{\"@id\":\"https:\/\/evertonfc.cz\/#website\"},\"primaryImageOfPage\":{\"@id\":\"https:\/\/evertonfc.cz\/index.php\/2023\/09\/07\/gray-si-vytrucoval-prestup-k-saudum\/#primaryimage\"},\"image\":{\"@id\":\"https:\/\/evertonfc.cz\/index.php\/2023\/09\/07\/gray-si-vytrucoval-prestup-k-saudum\/#primaryimage\"},\"thumbnailUrl\":\"https:\/\/evertonfc.cz\/wp-content\/uploads\/2023\/09\/gray_7_9_2023.jpg\",\"datePublished\":\"2023-09-07T10:59:29+00:00\",\"dateModified\":\"2023-09-07T12:10:07+00:00\",\"description\":\"Mocn\u00e9 saudsk\u00e9 duk\u00e1ty zacinkaly na konci p\u0159estupov\u00e9ho obdob\u00ed i v Evertonu, kdy\u017e Al-Ettifaq koupil do sv\u00fdch \u0159ad Demaraie Graye.\",\"breadcrumb\":{\"@id\":\"https:\/\/evertonfc.cz\/index.php\/2023\/09\/07\/gray-si-vytrucoval-prestup-k-saudum\/#breadcrumb\"},\"inLanguage\":\"cs\",\"potentialAction\":[{\"@type\":\"ReadAction\",\"target\":[\"https:\/\/evertonfc.cz\/index.php\/2023\/09\/07\/gray-si-vytrucoval-prestup-k-saudum\/\"]}]},{\"@type\":\"ImageObject\",\"inLanguage\":\"cs\",\"@id\":\"https:\/\/evertonfc.cz\/index.php\/2023\/09\/07\/gray-si-vytrucoval-prestup-k-saudum\/#primaryimage\",\"url\":\"https:\/\/evertonfc.cz\/wp-content\/uploads\/2023\/09\/gray_7_9_2023.jpg\",\"contentUrl\":\"https:\/\/evertonfc.cz\/wp-content\/uploads\/2023\/09\/gray_7_9_2023.jpg\",\"width\":720,\"height\":405},{\"@type\":\"BreadcrumbList\",\"@id\":\"https:\/\/evertonfc.cz\/index.php\/2023\/09\/07\/gray-si-vytrucoval-prestup-k-saudum\/#breadcrumb\",\"itemListElement\":[{\"@type\":\"ListItem\",\"position\":1,\"name\":\"Home\",\"item\":\"https:\/\/evertonfc.cz\/\"},{\"@type\":\"ListItem\",\"position\":2,\"name\":\"Gray si vytrucoval p\u0159estup k Saud\u016fm\"}]},{\"@type\":\"WebSite\",\"@id\":\"https:\/\/evertonfc.cz\/#website\",\"url\":\"https:\/\/evertonfc.cz\/\",\"name\":\"Official Czech &amp; Slovak Everton Supporters&#039; Club\",\"description\":\"\",\"publisher\":{\"@id\":\"https:\/\/evertonfc.cz\/#organization\"},\"potentialAction\":[{\"@type\":\"SearchAction\",\"target\":{\"@type\":\"EntryPoint\",\"urlTemplate\":\"https:\/\/evertonfc.cz\/?s={search_term_string}\"},\"query-input\":{\"@type\":\"PropertyValueSpecification\",\"valueRequired\":true,\"valueName\":\"search_term_string\"}}],\"inLanguage\":\"cs\"},{\"@type\":\"Organization\",\"@id\":\"https:\/\/evertonfc.cz\/#organization\",\"name\":\"Official Czech & Slovak Everton Supporters' Club\",\"url\":\"https:\/\/evertonfc.cz\/\",\"logo\":{\"@type\":\"ImageObject\",\"inLanguage\":\"cs\",\"@id\":\"https:\/\/evertonfc.cz\/#\/schema\/logo\/image\/\",\"url\":\"https:\/\/evertonfc.cz\/wp-content\/uploads\/2019\/05\/logo.png\",\"contentUrl\":\"https:\/\/evertonfc.cz\/wp-content\/uploads\/2019\/05\/logo.png\",\"width\":112,\"height\":112,\"caption\":\"Official Czech & Slovak Everton Supporters' Club\"},\"image\":{\"@id\":\"https:\/\/evertonfc.cz\/#\/schema\/logo\/image\/\"},\"sameAs\":[\"https:\/\/www.facebook.com\/everton.fans.cz.sk\"]},{\"@type\":\"Person\",\"@id\":\"https:\/\/evertonfc.cz\/#\/schema\/person\/f7a5daedb2ffee98480bc70e191aaef1\",\"name\":\"Ri\u010di\",\"sameAs\":[\"https:\/\/x.com\/rbrejsa\"],\"url\":\"https:\/\/evertonfc.cz\/index.php\/author\/rici\/\"}]}<\/script>\n<!-- \/ Yoast SEO plugin. -->","yoast_head_json":{"title":"Gray si vytrucoval p\u0159estup k Saud\u016fm - Official Czech &amp; Slovak Everton Supporters&#039; Club","description":"Mocn\u00e9 saudsk\u00e9 duk\u00e1ty zacinkaly na konci p\u0159estupov\u00e9ho obdob\u00ed i v Evertonu, kdy\u017e Al-Ettifaq koupil do sv\u00fdch \u0159ad Demaraie Graye.","robots":{"index":"index","follow":"follow","max-snippet":"max-snippet:-1","max-image-preview":"max-image-preview:large","max-video-preview":"max-video-preview:-1"},"canonical":"https:\/\/evertonfc.cz\/index.php\/2023\/09\/07\/gray-si-vytrucoval-prestup-k-saudum\/","og_locale":"cs_CZ","og_type":"article","og_title":"Gray si vytrucoval p\u0159estup k Saud\u016fm - Official Czech &amp; Slovak Everton Supporters&#039; Club","og_description":"Mocn\u00e9 saudsk\u00e9 duk\u00e1ty zacinkaly na konci p\u0159estupov\u00e9ho obdob\u00ed i v Evertonu, kdy\u017e Al-Ettifaq koupil do sv\u00fdch \u0159ad Demaraie Graye.","og_url":"https:\/\/evertonfc.cz\/index.php\/2023\/09\/07\/gray-si-vytrucoval-prestup-k-saudum\/","og_site_name":"Official Czech &amp; Slovak Everton Supporters&#039; Club","article_publisher":"https:\/\/www.facebook.com\/everton.fans.cz.sk","article_published_time":"2023-09-07T10:59:29+00:00","article_modified_time":"2023-09-07T12:10:07+00:00","og_image":[{"width":720,"height":405,"url":"https:\/\/evertonfc.cz\/wp-content\/uploads\/2023\/09\/gray_7_9_2023.jpg","type":"image\/jpeg"}],"author":"Ri\u010di","twitter_card":"summary_large_image","twitter_creator":"@rbrejsa","twitter_misc":{"Napsal(a)":"Ri\u010di","Odhadovan\u00e1 doba \u010dten\u00ed":"2 minuty"},"schema":{"@context":"https:\/\/schema.org","@graph":[{"@type":"Article","@id":"https:\/\/evertonfc.cz\/index.php\/2023\/09\/07\/gray-si-vytrucoval-prestup-k-saudum\/#article","isPartOf":{"@id":"https:\/\/evertonfc.cz\/index.php\/2023\/09\/07\/gray-si-vytrucoval-prestup-k-saudum\/"},"author":{"name":"Ri\u010di","@id":"https:\/\/evertonfc.cz\/#\/schema\/person\/f7a5daedb2ffee98480bc70e191aaef1"},"headline":"Gray si vytrucoval p\u0159estup k Saud\u016fm","datePublished":"2023-09-07T10:59:29+00:00","dateModified":"2023-09-07T12:10:07+00:00","mainEntityOfPage":{"@id":"https:\/\/evertonfc.cz\/index.php\/2023\/09\/07\/gray-si-vytrucoval-prestup-k-saudum\/"},"wordCount":312,"commentCount":3,"publisher":{"@id":"https:\/\/evertonfc.cz\/#organization"},"image":{"@id":"https:\/\/evertonfc.cz\/index.php\/2023\/09\/07\/gray-si-vytrucoval-prestup-k-saudum\/#primaryimage"},"thumbnailUrl":"https:\/\/evertonfc.cz\/wp-content\/uploads\/2023\/09\/gray_7_9_2023.jpg","articleSection":["P\u0159estupy"],"inLanguage":"cs","potentialAction":[{"@type":"CommentAction","name":"Comment","target":["https:\/\/evertonfc.cz\/index.php\/2023\/09\/07\/gray-si-vytrucoval-prestup-k-saudum\/#respond"]}]},{"@type":"WebPage","@id":"https:\/\/evertonfc.cz\/index.php\/2023\/09\/07\/gray-si-vytrucoval-prestup-k-saudum\/","url":"https:\/\/evertonfc.cz\/index.php\/2023\/09\/07\/gray-si-vytrucoval-prestup-k-saudum\/","name":"Gray si vytrucoval p\u0159estup k Saud\u016fm - Official Czech &amp; Slovak Everton Supporters&#039; Club","isPartOf":{"@id":"https:\/\/evertonfc.cz\/#website"},"primaryImageOfPage":{"@id":"https:\/\/evertonfc.cz\/index.php\/2023\/09\/07\/gray-si-vytrucoval-prestup-k-saudum\/#primaryimage"},"image":{"@id":"https:\/\/evertonfc.cz\/index.php\/2023\/09\/07\/gray-si-vytrucoval-prestup-k-saudum\/#primaryimage"},"thumbnailUrl":"https:\/\/evertonfc.cz\/wp-content\/uploads\/2023\/09\/gray_7_9_2023.jpg","datePublished":"2023-09-07T10:59:29+00:00","dateModified":"2023-09-07T12:10:07+00:00","description":"Mocn\u00e9 saudsk\u00e9 duk\u00e1ty zacinkaly na konci p\u0159estupov\u00e9ho obdob\u00ed i v Evertonu, kdy\u017e Al-Ettifaq koupil do sv\u00fdch \u0159ad Demaraie Graye.","breadcrumb":{"@id":"https:\/\/evertonfc.cz\/index.php\/2023\/09\/07\/gray-si-vytrucoval-prestup-k-saudum\/#breadcrumb"},"inLanguage":"cs","potentialAction":[{"@type":"ReadAction","target":["https:\/\/evertonfc.cz\/index.php\/2023\/09\/07\/gray-si-vytrucoval-prestup-k-saudum\/"]}]},{"@type":"ImageObject","inLanguage":"cs","@id":"https:\/\/evertonfc.cz\/index.php\/2023\/09\/07\/gray-si-vytrucoval-prestup-k-saudum\/#primaryimage","url":"https:\/\/evertonfc.cz\/wp-content\/uploads\/2023\/09\/gray_7_9_2023.jpg","contentUrl":"https:\/\/evertonfc.cz\/wp-content\/uploads\/2023\/09\/gray_7_9_2023.jpg","width":720,"height":405},{"@type":"BreadcrumbList","@id":"https:\/\/evertonfc.cz\/index.php\/2023\/09\/07\/gray-si-vytrucoval-prestup-k-saudum\/#breadcrumb","itemListElement":[{"@type":"ListItem","position":1,"name":"Home","item":"https:\/\/evertonfc.cz\/"},{"@type":"ListItem","position":2,"name":"Gray si vytrucoval p\u0159estup k Saud\u016fm"}]},{"@type":"WebSite","@id":"https:\/\/evertonfc.cz\/#website","url":"https:\/\/evertonfc.cz\/","name":"Official Czech &amp; Slovak Everton Supporters&#039; Club","description":"","publisher":{"@id":"https:\/\/evertonfc.cz\/#organization"},"potentialAction":[{"@type":"SearchAction","target":{"@type":"EntryPoint","urlTemplate":"https:\/\/evertonfc.cz\/?s={search_term_string}"},"query-input":{"@type":"PropertyValueSpecification","valueRequired":true,"valueName":"search_term_string"}}],"inLanguage":"cs"},{"@type":"Organization","@id":"https:\/\/evertonfc.cz\/#organization","name":"Official Czech & Slovak Everton Supporters' Club","url":"https:\/\/evertonfc.cz\/","logo":{"@type":"ImageObject","inLanguage":"cs","@id":"https:\/\/evertonfc.cz\/#\/schema\/logo\/image\/","url":"https:\/\/evertonfc.cz\/wp-content\/uploads\/2019\/05\/logo.png","contentUrl":"https:\/\/evertonfc.cz\/wp-content\/uploads\/2019\/05\/logo.png","width":112,"height":112,"caption":"Official Czech & Slovak Everton Supporters' Club"},"image":{"@id":"https:\/\/evertonfc.cz\/#\/schema\/logo\/image\/"},"sameAs":["https:\/\/www.facebook.com\/everton.fans.cz.sk"]},{"@type":"Person","@id":"https:\/\/evertonfc.cz\/#\/schema\/person\/f7a5daedb2ffee98480bc70e191aaef1","name":"Ri\u010di","sameAs":["https:\/\/x.com\/rbrejsa"],"url":"https:\/\/evertonfc.cz\/index.php\/author\/rici\/"}]}},"_links":{"self":[{"href":"https:\/\/evertonfc.cz\/index.php\/wp-json\/wp\/v2\/posts\/22728"}],"collection":[{"href":"https:\/\/evertonfc.cz\/index.php\/wp-json\/wp\/v2\/posts"}],"about":[{"href":"https:\/\/evertonfc.cz\/index.php\/wp-json\/wp\/v2\/types\/post"}],"author":[{"embeddable":true,"href":"https:\/\/evertonfc.cz\/index.php\/wp-json\/wp\/v2\/users\/6"}],"replies":[{"embeddable":true,"href":"https:\/\/evertonfc.cz\/index.php\/wp-json\/wp\/v2\/comments?post=22728"}],"version-history":[{"count":5,"href":"https:\/\/evertonfc.cz\/index.php\/wp-json\/wp\/v2\/posts\/22728\/revisions"}],"predecessor-version":[{"id":22738,"href":"https:\/\/evertonfc.cz\/index.php\/wp-json\/wp\/v2\/posts\/22728\/revisions\/22738"}],"wp:featuredmedia":[{"embeddable":true,"href":"https:\/\/evertonfc.cz\/index.php\/wp-json\/wp\/v2\/media\/22727"}],"wp:attachment":[{"href":"https:\/\/evertonfc.cz\/index.php\/wp-json\/wp\/v2\/media?parent=22728"}],"wp:term":[{"taxonomy":"category","embeddable":true,"href":"https:\/\/evertonfc.cz\/index.php\/wp-json\/wp\/v2\/categories?post=22728"},{"taxonomy":"post_tag","embeddable":true,"href":"https:\/\/evertonfc.cz\/index.php\/wp-json\/wp\/v2\/tags?post=22728"}],"curies":[{"name":"wp","href":"https:\/\/api.w.org\/{rel}","templated":true}]}}