{"id":2275,"date":"2017-12-16T18:49:49","date_gmt":"2017-12-16T17:49:49","guid":{"rendered":"http:\/\/evertonfc.cz\/?p=2275"},"modified":"2019-02-05T18:53:49","modified_gmt":"2019-02-05T17:53:49","slug":"buducnost-evertonu-zabezpecena","status":"publish","type":"post","link":"https:\/\/evertonfc.cz\/index.php\/2017\/12\/16\/buducnost-evertonu-zabezpecena\/","title":{"rendered":"Bud\u00facnos\u0165 Evertonu zabezpe\u010den\u00e1"},"content":{"rendered":"\n<h4 class=\"wp-block-heading\">Calvert-Lewin, Kenny, Holgate a Feeney prilo\u017eili pero k&nbsp;papieru. Dvaja star\u0161\u00ed obrancovia pred\u013a\u017eili svoje st\u00e1vaj\u00face zmluvy do roku 2022, ich mlad\u0161\u00ed kolega do 2020 a \u00fato\u010dn\u00edk podp\u00edsal a\u017e do 2023.<\/h4>\n\n\n\n<p>Kontrakty, kontrakty. Veled\u00f4le\u017eit\u00e9, ob\u010das bl\u00e1zniv\u00e9, \u010dasto pref\u00edkan\u00e9 a niekedy dokonca aj \u00faplne bezv\u00fdznamn\u00e9. Proste od d\u00f4b, kedy ste za z\u00e1pas dostali komplet obed aj s pive\u010dkom, sme sa vo futbale riadne posunuli. V\u00e4\u010d\u0161ina by predpokladala, \u017ee k lep\u0161iemu. Ob\u010das v\u0161ak m\u00e1m pocit, \u017ee je v tom len v\u00e4\u010d\u0161\u00ed bordel, ni\u010d viac&#8230;<\/p>\n\n\n\n<p>Teraz k podstate pozit\u00edvneho \u010dl\u00e1nku. Ako ste sa dozvedeli u\u017e v s\u00fahrne, mlad\u00e9 pu\u0161ky si bolo treba poisti\u0165 a&nbsp;kedy je na to lep\u0161ia pr\u00edle\u017eitos\u0165, ako v dobe, ke\u010f sa im dar\u00ed? Kenny kone\u010dne dostal priam obrovsk\u00fd dostatok d\u00f4very, za ktor\u00fd v\u010fa\u010d\u00ed Davidovy Unsworthovi, a pomal\u00fdmi a\u010dpr\u00e1ve m\u00ed\u013eov\u00fdmi krokmi ju spl\u00e1ca. To teda trvalo, k\u00fdm sa \u013eudia uvedomili. Big Sam si o \u0148om a Masonovi mysl\u00ed toto:<\/p>\n\n\n\n<p><em>\u201eU\u017e som to spom\u00ednal predt\u00fdm, rozhodovanie na ihrisku v podan\u00ed Jonjoea na m\u0148a rob\u00ed ve\u013ek\u00fd dojem, na tak mlad\u00e9ho mu\u017ea a to je aj d\u00f4vod, pre\u010do vyzer\u00e1 jeho hra tak jednoducho. Je excelentn\u00fd obranca a v s\u00fakrom\u00ed ve\u013emi skromn\u00e1 osobnos\u0165, ktor\u00e1 m\u00e1 vroden\u00fa t\u00fa\u017ebu uspie\u0165.\u201c<\/em><\/p>\n\n\n\n<p>\u201e<em>Pre m\u0148a sa Masonov potenci\u00e1l pr\u00e1ve st\u00e1va realitou. V posledn\u00fdch z\u00e1pasoch si nastavil \u0161tandard a u\u017e je to len o udr\u017ean\u00ed si ho, pokra\u010dovan\u00ed v tvrdej pr\u00e1ci na tr\u00e9ningu a m\u00f4\u017ee sa sta\u0165 jedn\u00fdm z najlep\u0161\u00edch v Premier League.\u201c<\/em><\/p>\n\n\n\n<p>Kenny, b\u00fdval\u00fd kapit\u00e1n U23 s ktorou vyhral titul Premier League 2, p\u00f4vodom z Kirkdale v Liverpoole:<\/p>\n\n\n\n<p>\u201e<em>Pred\u013a\u017ei\u0165 si tu moju kari\u00e9ru znamen\u00e1 pre m\u0148a ve\u013ea. Chcem zosta\u0165 v Evertone tak dlho, ako len budem m\u00f4c\u0165, ale viem, preto mus\u00edm hra\u0165 dobre t\u00fd\u017ede\u0148 \u010do t\u00fd\u017ede\u0148 a robi\u0165 dojem. Niet lep\u0161ieho pocitu, ne\u017e by\u0165 s\u00fa\u010das\u0165ou t\u00edmu, ke\u010f sa n\u00e1m teraz dar\u00ed. Everton je skvel\u00fd klub a som presved\u010den\u00fd, \u017ee ako t\u00edm dok\u00e1\u017eem skvel\u00e9 veci.\u201c<\/em><\/p>\n\n\n\n<p>Mason, ktor\u00e9ho Toffees podp\u00edsali v auguste 2015 z Barnsley, kr\u00e1\u010da \u00faspe\u0161ne, d\u00fafame, \u017ee nie po stop\u00e1ch Johna Stonesa:<\/p>\n\n\n\n<p>\u201e<em>Je to mas\u00edvne povzbudenie podp\u00edsa\u0165 nov\u00fa zmluvu. Vysok\u00e1 mienka klubu o mne mi zdv\u00edha sebavedomie. Ukazuj\u00fa vieru vo m\u0148a a d\u00e1vaj\u00fa mi \u0161ance. \u010c\u00edm viac ich dostanem, t\u00fdm viac sa m\u00f4\u017eem zlep\u0161i\u0165 a r\u00e1s\u0165. Je spr\u00e1vny \u010das by\u0165 mlad\u00fd v Evertone. D\u00fafam, \u017ee s s mojimi rovesn\u00edkmi ako Dom, Mola, Davo a Jonjoe tu budeme e\u0161te dlho.\u201c<\/em><\/p>\n\n\n\n<p>Permanentk\u00e1r na Gwladys Street End, naroden\u00fd v Bootle, tie\u017e mestskej \u010dasti L\u00edverpoolu. V Evertone od svojich 7 rokov \u2013 Morgan Feeney:<\/p>\n\n\n\n<p>\u201e<em>Vyr\u00e1stol som ako Evertonian, st\u00e1le som Evertonian a je \u00fa\u017easn\u00e9 by\u0165 s\u00fa\u010das\u0165ou klubu v jeho napredovan\u00ed. Je to rovnako vzru\u0161uj\u00face ako pre hr\u00e1\u010da, tak pre fan\u00fa\u0161ika. Posledn\u00fdch p\u00e1r mesiacov bolo bl\u00e1zniv\u00fdch, ale v\u0161etko vy\u0161lo spr\u00e1vne. Ka\u017ed\u00fd de\u0148 sa ve\u013ea u\u010d\u00edm od Unsyho, aj spolu s prv\u00fdm t\u00edmom. R\u00e1d by som hral s nimi tak \u010dasto, ako to len ide, zlep\u0161oval sa a ostal tu e\u0161te ve\u013ea rokov. S Allardyceom som e\u0161te ve\u013ea nepracoval, ale zatia\u013e bol pozit\u00edvny a dostal n\u00e1s do spr\u00e1vnych ko\u013eaj\u00ed.\u201c<\/em><\/p>\n\n\n\n<p>A posledn\u00fd, na ktor\u00e9ho sa mu\u017estvo spolieha asi najviac, je u n\u00e1s zn\u00e1my DCL. Moment\u00e1lne si ho pod svoje kr\u00eddla berie Duncan Ferguson, aby sa zlep\u0161il v pohybe a rozhodovan\u00ed na ihrisku. Nov\u00fd boss ho pova\u017euje za vzru\u0161uj\u00faci talent, ktor\u00fd sa neust\u00e1le zlep\u0161uje a m\u00e1 v\u0161etky fyzick\u00e9 atrib\u00faty na to, aby sa udom\u00e1cnil v lige ako jeden z najlep\u0161\u00edch v jeho poz\u00edci\u00ed. Bl\u00edzka spolupr\u00e1ca s hr\u00e1\u010dom ako je Rooney, mu nem\u00f4\u017ee v t\u00edme u\u0161kodi\u0165:<\/p>\n\n\n\n<p>\u201e<em>Je to tu skvel\u00e9. U\u010di\u0165 sa od hr\u00e1\u010dov, ak\u00fdm je napr\u00edklad Wayne Rooney nem\u00f4\u017ee by\u0165 lep\u0161ie pre m\u00f4j rozvoj. S \u010fal\u0161\u00edmi ako som ja, ktor\u00ed sa dost\u00e1vame do prv\u00e9ho t\u00edmu, sa tla\u010d\u00edme navz\u00e1jom, aby sme boli lep\u0161\u00ed. C\u00edtim, \u017ee som sa za kr\u00e1tky \u010das ve\u013emi zlep\u0161il a chcem v tom pokra\u010dova\u0165.\u201c<\/em><\/p>\n","protected":false},"excerpt":{"rendered":"<p>Calvert-Lewin, Kenny, Holgate a Feeney prilo\u017eili pero k&nbsp;papieru. Dvaja star\u0161\u00ed obrancovia pred\u013a\u017eili svoje st\u00e1vaj\u00face zmluvy do roku 2022, ich mlad\u0161\u00ed&hellip;<\/p>\n","protected":false},"author":1,"featured_media":1313,"comment_status":"open","ping_status":"closed","sticky":false,"template":"","format":"standard","meta":{"_eb_attr":"","_monsterinsights_skip_tracking":false,"_monsterinsights_sitenote_active":false,"_monsterinsights_sitenote_note":"","_monsterinsights_sitenote_category":0,"footnotes":""},"categories":[42],"tags":[],"yoast_head":"<!-- This site is optimized with the Yoast SEO plugin v23.4 - https:\/\/yoast.com\/wordpress\/plugins\/seo\/ -->\n<title>Bud\u00facnos\u0165 Evertonu zabezpe\u010den\u00e1 - Official Czech &amp; Slovak Everton Supporters&#039; Club<\/title>\n<meta name=\"robots\" content=\"index, follow, max-snippet:-1, max-image-preview:large, max-video-preview:-1\" \/>\n<link rel=\"canonical\" href=\"https:\/\/evertonfc.cz\/index.php\/2017\/12\/16\/buducnost-evertonu-zabezpecena\/\" \/>\n<meta property=\"og:locale\" content=\"cs_CZ\" \/>\n<meta property=\"og:type\" content=\"article\" \/>\n<meta property=\"og:title\" content=\"Bud\u00facnos\u0165 Evertonu zabezpe\u010den\u00e1 - Official Czech &amp; Slovak Everton Supporters&#039; Club\" \/>\n<meta property=\"og:description\" content=\"Calvert-Lewin, Kenny, Holgate a Feeney prilo\u017eili pero k&nbsp;papieru. Dvaja star\u0161\u00ed obrancovia pred\u013a\u017eili svoje st\u00e1vaj\u00face zmluvy do roku 2022, ich mlad\u0161\u00ed&hellip;\" \/>\n<meta property=\"og:url\" content=\"https:\/\/evertonfc.cz\/index.php\/2017\/12\/16\/buducnost-evertonu-zabezpecena\/\" \/>\n<meta property=\"og:site_name\" content=\"Official Czech &amp; Slovak Everton Supporters&#039; Club\" \/>\n<meta property=\"article:publisher\" content=\"https:\/\/www.facebook.com\/everton.fans.cz.sk\" \/>\n<meta property=\"article:published_time\" content=\"2017-12-16T17:49:49+00:00\" \/>\n<meta property=\"article:modified_time\" content=\"2019-02-05T17:53:49+00:00\" \/>\n<meta property=\"og:image\" content=\"https:\/\/evertonfc.cz\/wp-content\/uploads\/2019\/01\/news.jpg\" \/>\n\t<meta property=\"og:image:width\" content=\"720\" \/>\n\t<meta property=\"og:image:height\" content=\"405\" \/>\n\t<meta property=\"og:image:type\" content=\"image\/jpeg\" \/>\n<meta name=\"author\" content=\"BlueBlooded\" \/>\n<meta name=\"twitter:card\" content=\"summary_large_image\" \/>\n<meta name=\"twitter:label1\" content=\"Napsal(a)\" \/>\n\t<meta name=\"twitter:data1\" content=\"BlueBlooded\" \/>\n\t<meta name=\"twitter:label2\" content=\"Odhadovan\u00e1 doba \u010dten\u00ed\" \/>\n\t<meta name=\"twitter:data2\" content=\"4 minuty\" \/>\n<script type=\"application\/ld+json\" class=\"yoast-schema-graph\">{\"@context\":\"https:\/\/schema.org\",\"@graph\":[{\"@type\":\"Article\",\"@id\":\"https:\/\/evertonfc.cz\/index.php\/2017\/12\/16\/buducnost-evertonu-zabezpecena\/#article\",\"isPartOf\":{\"@id\":\"https:\/\/evertonfc.cz\/index.php\/2017\/12\/16\/buducnost-evertonu-zabezpecena\/\"},\"author\":{\"name\":\"BlueBlooded\",\"@id\":\"https:\/\/evertonfc.cz\/#\/schema\/person\/d4493b8cbea51532597fbc4685698916\"},\"headline\":\"Bud\u00facnos\u0165 Evertonu zabezpe\u010den\u00e1\",\"datePublished\":\"2017-12-16T17:49:49+00:00\",\"dateModified\":\"2019-02-05T17:53:49+00:00\",\"mainEntityOfPage\":{\"@id\":\"https:\/\/evertonfc.cz\/index.php\/2017\/12\/16\/buducnost-evertonu-zabezpecena\/\"},\"wordCount\":781,\"commentCount\":0,\"publisher\":{\"@id\":\"https:\/\/evertonfc.cz\/#organization\"},\"image\":{\"@id\":\"https:\/\/evertonfc.cz\/index.php\/2017\/12\/16\/buducnost-evertonu-zabezpecena\/#primaryimage\"},\"thumbnailUrl\":\"https:\/\/evertonfc.cz\/wp-content\/uploads\/2019\/01\/news.jpg\",\"articleSection\":[\"Aktuality\"],\"inLanguage\":\"cs\",\"potentialAction\":[{\"@type\":\"CommentAction\",\"name\":\"Comment\",\"target\":[\"https:\/\/evertonfc.cz\/index.php\/2017\/12\/16\/buducnost-evertonu-zabezpecena\/#respond\"]}]},{\"@type\":\"WebPage\",\"@id\":\"https:\/\/evertonfc.cz\/index.php\/2017\/12\/16\/buducnost-evertonu-zabezpecena\/\",\"url\":\"https:\/\/evertonfc.cz\/index.php\/2017\/12\/16\/buducnost-evertonu-zabezpecena\/\",\"name\":\"Bud\u00facnos\u0165 Evertonu zabezpe\u010den\u00e1 - Official Czech &amp; Slovak Everton Supporters&#039; Club\",\"isPartOf\":{\"@id\":\"https:\/\/evertonfc.cz\/#website\"},\"primaryImageOfPage\":{\"@id\":\"https:\/\/evertonfc.cz\/index.php\/2017\/12\/16\/buducnost-evertonu-zabezpecena\/#primaryimage\"},\"image\":{\"@id\":\"https:\/\/evertonfc.cz\/index.php\/2017\/12\/16\/buducnost-evertonu-zabezpecena\/#primaryimage\"},\"thumbnailUrl\":\"https:\/\/evertonfc.cz\/wp-content\/uploads\/2019\/01\/news.jpg\",\"datePublished\":\"2017-12-16T17:49:49+00:00\",\"dateModified\":\"2019-02-05T17:53:49+00:00\",\"breadcrumb\":{\"@id\":\"https:\/\/evertonfc.cz\/index.php\/2017\/12\/16\/buducnost-evertonu-zabezpecena\/#breadcrumb\"},\"inLanguage\":\"cs\",\"potentialAction\":[{\"@type\":\"ReadAction\",\"target\":[\"https:\/\/evertonfc.cz\/index.php\/2017\/12\/16\/buducnost-evertonu-zabezpecena\/\"]}]},{\"@type\":\"ImageObject\",\"inLanguage\":\"cs\",\"@id\":\"https:\/\/evertonfc.cz\/index.php\/2017\/12\/16\/buducnost-evertonu-zabezpecena\/#primaryimage\",\"url\":\"https:\/\/evertonfc.cz\/wp-content\/uploads\/2019\/01\/news.jpg\",\"contentUrl\":\"https:\/\/evertonfc.cz\/wp-content\/uploads\/2019\/01\/news.jpg\",\"width\":720,\"height\":405},{\"@type\":\"BreadcrumbList\",\"@id\":\"https:\/\/evertonfc.cz\/index.php\/2017\/12\/16\/buducnost-evertonu-zabezpecena\/#breadcrumb\",\"itemListElement\":[{\"@type\":\"ListItem\",\"position\":1,\"name\":\"Home\",\"item\":\"https:\/\/evertonfc.cz\/\"},{\"@type\":\"ListItem\",\"position\":2,\"name\":\"Bud\u00facnos\u0165 Evertonu zabezpe\u010den\u00e1\"}]},{\"@type\":\"WebSite\",\"@id\":\"https:\/\/evertonfc.cz\/#website\",\"url\":\"https:\/\/evertonfc.cz\/\",\"name\":\"Official Czech &amp; Slovak Everton Supporters&#039; Club\",\"description\":\"\",\"publisher\":{\"@id\":\"https:\/\/evertonfc.cz\/#organization\"},\"potentialAction\":[{\"@type\":\"SearchAction\",\"target\":{\"@type\":\"EntryPoint\",\"urlTemplate\":\"https:\/\/evertonfc.cz\/?s={search_term_string}\"},\"query-input\":{\"@type\":\"PropertyValueSpecification\",\"valueRequired\":true,\"valueName\":\"search_term_string\"}}],\"inLanguage\":\"cs\"},{\"@type\":\"Organization\",\"@id\":\"https:\/\/evertonfc.cz\/#organization\",\"name\":\"Official Czech & Slovak Everton Supporters' Club\",\"url\":\"https:\/\/evertonfc.cz\/\",\"logo\":{\"@type\":\"ImageObject\",\"inLanguage\":\"cs\",\"@id\":\"https:\/\/evertonfc.cz\/#\/schema\/logo\/image\/\",\"url\":\"https:\/\/evertonfc.cz\/wp-content\/uploads\/2019\/05\/logo.png\",\"contentUrl\":\"https:\/\/evertonfc.cz\/wp-content\/uploads\/2019\/05\/logo.png\",\"width\":112,\"height\":112,\"caption\":\"Official Czech & Slovak Everton Supporters' Club\"},\"image\":{\"@id\":\"https:\/\/evertonfc.cz\/#\/schema\/logo\/image\/\"},\"sameAs\":[\"https:\/\/www.facebook.com\/everton.fans.cz.sk\"]},{\"@type\":\"Person\",\"@id\":\"https:\/\/evertonfc.cz\/#\/schema\/person\/d4493b8cbea51532597fbc4685698916\",\"name\":\"BlueBlooded\",\"url\":\"https:\/\/evertonfc.cz\/index.php\/author\/admin\/\"}]}<\/script>\n<!-- \/ Yoast SEO plugin. -->","yoast_head_json":{"title":"Bud\u00facnos\u0165 Evertonu zabezpe\u010den\u00e1 - Official Czech &amp; Slovak Everton Supporters&#039; Club","robots":{"index":"index","follow":"follow","max-snippet":"max-snippet:-1","max-image-preview":"max-image-preview:large","max-video-preview":"max-video-preview:-1"},"canonical":"https:\/\/evertonfc.cz\/index.php\/2017\/12\/16\/buducnost-evertonu-zabezpecena\/","og_locale":"cs_CZ","og_type":"article","og_title":"Bud\u00facnos\u0165 Evertonu zabezpe\u010den\u00e1 - Official Czech &amp; Slovak Everton Supporters&#039; Club","og_description":"Calvert-Lewin, Kenny, Holgate a Feeney prilo\u017eili pero k&nbsp;papieru. Dvaja star\u0161\u00ed obrancovia pred\u013a\u017eili svoje st\u00e1vaj\u00face zmluvy do roku 2022, ich mlad\u0161\u00ed&hellip;","og_url":"https:\/\/evertonfc.cz\/index.php\/2017\/12\/16\/buducnost-evertonu-zabezpecena\/","og_site_name":"Official Czech &amp; Slovak Everton Supporters&#039; Club","article_publisher":"https:\/\/www.facebook.com\/everton.fans.cz.sk","article_published_time":"2017-12-16T17:49:49+00:00","article_modified_time":"2019-02-05T17:53:49+00:00","og_image":[{"width":720,"height":405,"url":"https:\/\/evertonfc.cz\/wp-content\/uploads\/2019\/01\/news.jpg","type":"image\/jpeg"}],"author":"BlueBlooded","twitter_card":"summary_large_image","twitter_misc":{"Napsal(a)":"BlueBlooded","Odhadovan\u00e1 doba \u010dten\u00ed":"4 minuty"},"schema":{"@context":"https:\/\/schema.org","@graph":[{"@type":"Article","@id":"https:\/\/evertonfc.cz\/index.php\/2017\/12\/16\/buducnost-evertonu-zabezpecena\/#article","isPartOf":{"@id":"https:\/\/evertonfc.cz\/index.php\/2017\/12\/16\/buducnost-evertonu-zabezpecena\/"},"author":{"name":"BlueBlooded","@id":"https:\/\/evertonfc.cz\/#\/schema\/person\/d4493b8cbea51532597fbc4685698916"},"headline":"Bud\u00facnos\u0165 Evertonu zabezpe\u010den\u00e1","datePublished":"2017-12-16T17:49:49+00:00","dateModified":"2019-02-05T17:53:49+00:00","mainEntityOfPage":{"@id":"https:\/\/evertonfc.cz\/index.php\/2017\/12\/16\/buducnost-evertonu-zabezpecena\/"},"wordCount":781,"commentCount":0,"publisher":{"@id":"https:\/\/evertonfc.cz\/#organization"},"image":{"@id":"https:\/\/evertonfc.cz\/index.php\/2017\/12\/16\/buducnost-evertonu-zabezpecena\/#primaryimage"},"thumbnailUrl":"https:\/\/evertonfc.cz\/wp-content\/uploads\/2019\/01\/news.jpg","articleSection":["Aktuality"],"inLanguage":"cs","potentialAction":[{"@type":"CommentAction","name":"Comment","target":["https:\/\/evertonfc.cz\/index.php\/2017\/12\/16\/buducnost-evertonu-zabezpecena\/#respond"]}]},{"@type":"WebPage","@id":"https:\/\/evertonfc.cz\/index.php\/2017\/12\/16\/buducnost-evertonu-zabezpecena\/","url":"https:\/\/evertonfc.cz\/index.php\/2017\/12\/16\/buducnost-evertonu-zabezpecena\/","name":"Bud\u00facnos\u0165 Evertonu zabezpe\u010den\u00e1 - Official Czech &amp; Slovak Everton Supporters&#039; Club","isPartOf":{"@id":"https:\/\/evertonfc.cz\/#website"},"primaryImageOfPage":{"@id":"https:\/\/evertonfc.cz\/index.php\/2017\/12\/16\/buducnost-evertonu-zabezpecena\/#primaryimage"},"image":{"@id":"https:\/\/evertonfc.cz\/index.php\/2017\/12\/16\/buducnost-evertonu-zabezpecena\/#primaryimage"},"thumbnailUrl":"https:\/\/evertonfc.cz\/wp-content\/uploads\/2019\/01\/news.jpg","datePublished":"2017-12-16T17:49:49+00:00","dateModified":"2019-02-05T17:53:49+00:00","breadcrumb":{"@id":"https:\/\/evertonfc.cz\/index.php\/2017\/12\/16\/buducnost-evertonu-zabezpecena\/#breadcrumb"},"inLanguage":"cs","potentialAction":[{"@type":"ReadAction","target":["https:\/\/evertonfc.cz\/index.php\/2017\/12\/16\/buducnost-evertonu-zabezpecena\/"]}]},{"@type":"ImageObject","inLanguage":"cs","@id":"https:\/\/evertonfc.cz\/index.php\/2017\/12\/16\/buducnost-evertonu-zabezpecena\/#primaryimage","url":"https:\/\/evertonfc.cz\/wp-content\/uploads\/2019\/01\/news.jpg","contentUrl":"https:\/\/evertonfc.cz\/wp-content\/uploads\/2019\/01\/news.jpg","width":720,"height":405},{"@type":"BreadcrumbList","@id":"https:\/\/evertonfc.cz\/index.php\/2017\/12\/16\/buducnost-evertonu-zabezpecena\/#breadcrumb","itemListElement":[{"@type":"ListItem","position":1,"name":"Home","item":"https:\/\/evertonfc.cz\/"},{"@type":"ListItem","position":2,"name":"Bud\u00facnos\u0165 Evertonu zabezpe\u010den\u00e1"}]},{"@type":"WebSite","@id":"https:\/\/evertonfc.cz\/#website","url":"https:\/\/evertonfc.cz\/","name":"Official Czech &amp; Slovak Everton Supporters&#039; Club","description":"","publisher":{"@id":"https:\/\/evertonfc.cz\/#organization"},"potentialAction":[{"@type":"SearchAction","target":{"@type":"EntryPoint","urlTemplate":"https:\/\/evertonfc.cz\/?s={search_term_string}"},"query-input":{"@type":"PropertyValueSpecification","valueRequired":true,"valueName":"search_term_string"}}],"inLanguage":"cs"},{"@type":"Organization","@id":"https:\/\/evertonfc.cz\/#organization","name":"Official Czech & Slovak Everton Supporters' Club","url":"https:\/\/evertonfc.cz\/","logo":{"@type":"ImageObject","inLanguage":"cs","@id":"https:\/\/evertonfc.cz\/#\/schema\/logo\/image\/","url":"https:\/\/evertonfc.cz\/wp-content\/uploads\/2019\/05\/logo.png","contentUrl":"https:\/\/evertonfc.cz\/wp-content\/uploads\/2019\/05\/logo.png","width":112,"height":112,"caption":"Official Czech & Slovak Everton Supporters' Club"},"image":{"@id":"https:\/\/evertonfc.cz\/#\/schema\/logo\/image\/"},"sameAs":["https:\/\/www.facebook.com\/everton.fans.cz.sk"]},{"@type":"Person","@id":"https:\/\/evertonfc.cz\/#\/schema\/person\/d4493b8cbea51532597fbc4685698916","name":"BlueBlooded","url":"https:\/\/evertonfc.cz\/index.php\/author\/admin\/"}]}},"_links":{"self":[{"href":"https:\/\/evertonfc.cz\/index.php\/wp-json\/wp\/v2\/posts\/2275"}],"collection":[{"href":"https:\/\/evertonfc.cz\/index.php\/wp-json\/wp\/v2\/posts"}],"about":[{"href":"https:\/\/evertonfc.cz\/index.php\/wp-json\/wp\/v2\/types\/post"}],"author":[{"embeddable":true,"href":"https:\/\/evertonfc.cz\/index.php\/wp-json\/wp\/v2\/users\/1"}],"replies":[{"embeddable":true,"href":"https:\/\/evertonfc.cz\/index.php\/wp-json\/wp\/v2\/comments?post=2275"}],"version-history":[{"count":2,"href":"https:\/\/evertonfc.cz\/index.php\/wp-json\/wp\/v2\/posts\/2275\/revisions"}],"predecessor-version":[{"id":2278,"href":"https:\/\/evertonfc.cz\/index.php\/wp-json\/wp\/v2\/posts\/2275\/revisions\/2278"}],"wp:featuredmedia":[{"embeddable":true,"href":"https:\/\/evertonfc.cz\/index.php\/wp-json\/wp\/v2\/media\/1313"}],"wp:attachment":[{"href":"https:\/\/evertonfc.cz\/index.php\/wp-json\/wp\/v2\/media?parent=2275"}],"wp:term":[{"taxonomy":"category","embeddable":true,"href":"https:\/\/evertonfc.cz\/index.php\/wp-json\/wp\/v2\/categories?post=2275"},{"taxonomy":"post_tag","embeddable":true,"href":"https:\/\/evertonfc.cz\/index.php\/wp-json\/wp\/v2\/tags?post=2275"}],"curies":[{"name":"wp","href":"https:\/\/api.w.org\/{rel}","templated":true}]}}