{"id":22776,"date":"2023-09-16T21:14:52","date_gmt":"2023-09-16T19:14:52","guid":{"rendered":"https:\/\/evertonfc.cz\/?p=22776"},"modified":"2023-09-16T21:21:47","modified_gmt":"2023-09-16T19:21:47","slug":"preview-everton-arsenal-15","status":"publish","type":"post","link":"https:\/\/evertonfc.cz\/index.php\/2023\/09\/16\/preview-everton-arsenal-15\/","title":{"rendered":"Preview: Everton \u2013 Arsenal"},"content":{"rendered":"<h4>\u010cakanie na prv\u00fa ligov\u00fa v\u00fdhru, pokus \u010d\u00edslo p\u00e4\u0165, dom\u00e1ci \u010d\u00edslo tri. Pre\u010do chceme pr\u00e1ve The GUNners v Goodison Parku? Preto\u017ee vieme, \u010do prv\u00e9 tri p\u00edsmen\u00e1 znamenaj\u00fa.<\/h4>\n<p>\u201eGrim Up North\u201c. Sumariz\u00e1cia posledn\u00fdch \u0161iestich rokov a \u0161iestich n\u00e1v\u0161tev Arsenalu na Grand Old Lady. Vstrelili len dva g\u00f3ly, a z\u00edskali iba jeden bod. C\u00edtite ako kre\u0161em t\u00fa n\u00e1dej? A nie som s\u00e1m. Sean Dyche takisto klope na sebavedomie hr\u00e1\u010dov, ktor\u00fdm jedin\u00e9, \u010do sta\u010d\u00ed, je za\u010da\u0165 premie\u0148a\u0165 \u0161ance, vytv\u00e1ran\u00e9 ne\u00farekom. A na druhej strane, aby n\u00e1rekom neskon\u010dil u\u017e dohodnut\u00fd a Moshirim spe\u010daten\u00fd odkup Karameliek \u0161\u0165astn\u00fdm partnerom zo 777. Transakcia je bohu\u017eia\u013e dohodnut\u00e1, a jedin\u00e9, \u010do jej m\u00f4\u017ee zabr\u00e1ni\u0165, s\u00fa org\u00e1ny ligy, futbalovej asoci\u00e1cie a finan\u010dnej spr\u00e1vy. Viac inform\u00e1ci\u00ed prinesieme na webe nesk\u00f4r v samostatnom \u010dl\u00e1nku.<\/p>\n<h4><strong>Dyche pred z\u00e1pasom:<\/strong><\/h4>\n<blockquote><p><span style=\"font-size: 12pt;\"><em>\u201eN\u00e1js\u0165 svoje k\u013e\u00fa\u010dov\u00e9 momenty. Mysl\u00edm si, \u017ee to je pravdepodobne najv\u00e4\u010d\u0161ia v\u00fdzva, ktorej sme doteraz v tejto sez\u00f3ne \u010delili. Neboli sme dostato\u010dne klinick\u00ed na to, aby sme sa chopili z\u00e1pasov v d\u00f4le\u017eit\u00fdch okamihoch.<\/em> <em>V minulej sez\u00f3ne [proti Arsenalu v Goodison Parku] sme boli v dobrej forme a zostali sme odhodlan\u00ed spravi\u0165 v\u00fdsledok. V tej f\u00e1ze to bol ve\u013ek\u00fd z\u00e1pas, ve\u013ek\u00fd moment a nos ka\u017ed\u00e9ho hr\u00e1\u010da ukazoval spr\u00e1vnym smerom. V\u0161etci hrali na hrane. To je to, \u010do chceme. Chceme, aby to ka\u017ed\u00fd hr\u00e1\u010d robil st\u00e1le.\u201c<\/em><\/span><\/p><\/blockquote>\n<p>Z\u00a0Finch Farm sa hrn\u00fa sn\u00e1\u010f sam\u00e9 dobr\u00e9 spr\u00e1vy. Jednou diskutabilnou je ale mo\u017eno zotrvanie Gomesa v\u00a0k\u00e1dri, ktor\u00fd bol sp\u00e1jan\u00fd s\u00a0odchodom do Turecka, ale klub ho zrejme nepustil pre \u00fazky k\u00e1der. No po\u010fme na tie jasn\u00e9. Calvert-Lewin je pripraven\u00fd nast\u00fapi\u0165! \u0160ok, v\u0161ak? Po\u010das posledn\u00fdch p\u00e1r t\u00fd\u017ed\u0148ov bez kontaktn\u00e9ho tr\u00e9ningu si udr\u017eal kond\u00edciu, a\u00a0teraz aj s\u00a0maskou na tv\u00e1ri m\u00f4\u017ee zajtra stra\u0161i\u0165 Salibu a\u00a0spol.<\/p>\n<p>Na skupinovom tr\u00e9ningu sa tento t\u00fd\u017ede\u0148 kone\u010dne objavil aj Jack Harrison. E\u0161te fyzicky ale nie je pripraven\u00fd na ostr\u00e9 z\u00e1polenie. Tak mo\u017eno o\u00a0t\u00fd\u017ede\u0148. To\u013eko \u010daka\u0165 nemusia Dobbin s\u00a0Branthwaiteom, a ani Tarkowski, ktor\u00ed sa dali dokopy z\u00a0men\u0161\u00edch zranen\u00ed. Na trib\u00fane preto ostan\u00fa iba Alli s\u00a0Colemanom.<\/p>\n<h4><strong>Rozd\u00e1vanie zadarmo a\u00a0funguje to<\/strong><\/h4>\n<p>Fan\u00fa\u0161ikovia Evertonu v\u00e4\u010d\u0161inou hrom\u017eia, ke\u010f sa klub bezodplatne ale kone\u010dne zbav\u00ed nejak\u00e9ho katastrof\u00e1lneho n\u00e1kupu, ktor\u00fd absol\u00fatne nevy\u0161iel, a Everton na tom len prerobil. A m\u00f4\u017ee to by\u0165 aj v\u00fdkonnostne dobr\u00fd hr\u00e1\u010d, len na\u010dasovanie kon\u010diacej zmluvy a odchodu vyp\u00e1li nevhod. Aj fans Arsenalu s\u00fa na tom podobne, ve\u010f je to logick\u00e9. Rozdiel je v tom, \u017ee v severnom Lond\u00fdne si to m\u00f4\u017eu dovoli\u0165, a e\u0161te sa im aj dar\u00ed.<\/p>\n<p>Naposledy sa im \u201eoplatilo\u201c pusti\u0165 P\u00e9p\u00e9ho. Ten pri\u0161iel na Emirates pred \u0161tyrmi rokmi za rekordn\u00fdch \u00a372 mili\u00f3nov. Pred p\u00e1r d\u0148ami sa up\u00edsal Turkom sn\u00e1\u010f len za tax\u00edk a jednosmern\u00fa letenku. Vraj sa Artetovi nehod\u00ed do syst\u00e9mu, a hr\u00e1\u010d za to nem\u00f4\u017ee. Na vine za tak\u00fa zbyto\u010dn\u00fa cenovku je klub. Au&#8230; Takto u\u017e nechali od\u00eds\u0165 nieko\u013eko ve\u013ek\u00fdch mien, za ktor\u00e9 by v ide\u00e1lnom pr\u00edpade mohli zinkasova\u0165 slu\u0161n\u00e9 odstupn\u00e9. Aubameyang, Lacazette, \u00d6zil, Ramsey, alebo Wilshere a Beller\u00edn, \u010di \u010fal\u0161\u00ed na zozname, ktor\u00fd by napo\u010d\u00edtal aj cez stovku mili\u00f3nov libier. Titul? Na dosah ruky.<\/p>\n<p>Arteta je preto v\u00a0k\u013eude. \u010cak\u00e1 ho kone\u010dne Liga majstrov, no predt\u00fdm si chce spravi\u0165 chu\u0165 nad EFC. Vraj u\u017e chce za\u010da\u0165 na Merseyside vyhr\u00e1va\u0165. K\u00a0dispoz\u00edcii m\u00e1 k\u00a0tomu takmer cel\u00fd k\u00e1der, vr\u00e1tane takmer dvesto mili\u00f3nov v letn\u00fdch posil\u00e1ch v\u00a0podobe Havertza, Ricea a\u00a0Rayu z opciou. Zranen\u00ed s\u00fa len Timber a\u00a0Partey.<\/p>\n<h4 style=\"text-align: center;\"><strong>\u0160tatistick\u00e9 okienko:<\/strong><\/h4>\n<ul>\n<li>Jedin\u00e9 v\u00ed\u0165azstvo Arsenalu za posledn\u00fdch sedem n\u00e1v\u0161tev v Goodison Parku bolo 5:2 v okt\u00f3bri 2017.<\/li>\n<li>Everton m\u00f4\u017ee vyrovna\u0165 svoju najdlh\u0161iu s\u00e9riu \u0161tyroch v\u00ed\u0165azstiev v lige proti Gunners v rokoch 1910 a\u017e 1913.<\/li>\n<li>The Gunners s\u00fa jedn\u00fdm zo \u0161iestich t\u00edmov bez prehry v Premier League v tejto kampani (W3, D1).<\/li>\n<li>EFC naopak e\u0161te v tejto sez\u00f3ne Premier League nevyhralo (D1, L3). Na za\u010diatku ro\u010dn\u00edka 2022-23 malo pod Lampardom podobn\u00fa, a\u017e \u0161es\u0165z\u00e1pasov\u00fa s\u00e9riu bez v\u00ed\u0165azstva.<\/li>\n<li>Od za\u010diatku minulej sez\u00f3ny si Arsenal udr\u017eal v 20 z\u00e1pasoch vonku bezkonkuren\u010dn\u00fdch 11 \u010dist\u00fdch kont.<\/li>\n<li>Everton strelil viac ako jeden g\u00f3l iba v jednom z posledn\u00fdch 21 dom\u00e1cich z\u00e1pasov Premier League, naposledy pri v\u00fdhre 3:0 proti Crystal Palace v okt\u00f3bri 2022.<\/li>\n<\/ul>\n<h3 style=\"text-align: center;\"><span style=\"color: #3366ff;\"><em><strong>Up The Toffees !!!<\/strong><\/em><\/span><\/h3>\n<p><strong>\u010co:<\/strong> Everton FC \u2013 Arsenal FC, 5. kolo Premier League<br \/>\n<strong>Kedy:<\/strong> 17.9. 2023 od 17:30 SE\u010c<br \/>\n<strong>Ako: <\/strong>priamy prenos CANAL+Sport (komentuje Jarom\u00edr Bos\u00e1k)<br \/>\n<strong>Kde:<\/strong> Goodison Park \u2013 Goodison Rd, Liverpool L4 4EL (kapacita: 39 414)<br \/>\n<strong>Rozhodca:<\/strong> Simon Hooper\u00a0 <strong>Asistenti:<\/strong> A. Holmes, S. Long\u00a0 <strong>\u0160tvrt\u00fd rozhodca:<\/strong> A. Taylor<br \/>\n<strong>VAR: <\/strong>Stuart Attwell\u00a0 <strong>Asistent VAR: <\/strong>Nick Greenhalgh<\/p>\n","protected":false},"excerpt":{"rendered":"<p>\u010cakanie na prv\u00fa ligov\u00fa v\u00fdhru, pokus \u010d\u00edslo p\u00e4\u0165, dom\u00e1ci \u010d\u00edslo tri. Pre\u010do chceme pr\u00e1ve The GUNners v Goodison Parku? Preto\u017ee vieme, \u010do prv\u00e9 tri p\u00edsmen\u00e1 znamenaj\u00fa.<\/p>\n","protected":false},"author":1,"featured_media":13812,"comment_status":"open","ping_status":"closed","sticky":false,"template":"","format":"standard","meta":{"_eb_attr":"","_monsterinsights_skip_tracking":false,"_monsterinsights_sitenote_active":false,"_monsterinsights_sitenote_note":"","_monsterinsights_sitenote_category":0,"footnotes":""},"categories":[4],"tags":[],"yoast_head":"<!-- This site is optimized with the Yoast SEO plugin v23.4 - https:\/\/yoast.com\/wordpress\/plugins\/seo\/ -->\n<title>Preview: Everton \u2013 Arsenal - Official Czech &amp; Slovak Everton Supporters&#039; Club<\/title>\n<meta name=\"robots\" content=\"index, follow, max-snippet:-1, max-image-preview:large, max-video-preview:-1\" \/>\n<link rel=\"canonical\" href=\"https:\/\/evertonfc.cz\/index.php\/2023\/09\/16\/preview-everton-arsenal-15\/\" \/>\n<meta property=\"og:locale\" content=\"cs_CZ\" \/>\n<meta property=\"og:type\" content=\"article\" \/>\n<meta property=\"og:title\" content=\"Preview: Everton \u2013 Arsenal - Official Czech &amp; Slovak Everton Supporters&#039; Club\" \/>\n<meta property=\"og:description\" content=\"\u010cakanie na prv\u00fa ligov\u00fa v\u00fdhru, pokus \u010d\u00edslo p\u00e4\u0165, dom\u00e1ci \u010d\u00edslo tri. Pre\u010do chceme pr\u00e1ve The GUNners v Goodison Parku? Preto\u017ee vieme, \u010do prv\u00e9 tri p\u00edsmen\u00e1 znamenaj\u00fa.\" \/>\n<meta property=\"og:url\" content=\"https:\/\/evertonfc.cz\/index.php\/2023\/09\/16\/preview-everton-arsenal-15\/\" \/>\n<meta property=\"og:site_name\" content=\"Official Czech &amp; Slovak Everton Supporters&#039; Club\" \/>\n<meta property=\"article:publisher\" content=\"https:\/\/www.facebook.com\/everton.fans.cz.sk\" \/>\n<meta property=\"article:published_time\" content=\"2023-09-16T19:14:52+00:00\" \/>\n<meta property=\"article:modified_time\" content=\"2023-09-16T19:21:47+00:00\" \/>\n<meta property=\"og:image\" content=\"https:\/\/evertonfc.cz\/wp-content\/uploads\/2021\/02\/Everton-VS-Arsenal.jpg\" \/>\n\t<meta property=\"og:image:width\" content=\"720\" \/>\n\t<meta property=\"og:image:height\" content=\"405\" \/>\n\t<meta property=\"og:image:type\" content=\"image\/jpeg\" \/>\n<meta name=\"author\" content=\"BlueBlooded\" \/>\n<meta name=\"twitter:card\" content=\"summary_large_image\" \/>\n<meta name=\"twitter:label1\" content=\"Napsal(a)\" \/>\n\t<meta name=\"twitter:data1\" content=\"BlueBlooded\" \/>\n\t<meta name=\"twitter:label2\" content=\"Odhadovan\u00e1 doba \u010dten\u00ed\" \/>\n\t<meta name=\"twitter:data2\" content=\"4 minuty\" \/>\n<script type=\"application\/ld+json\" class=\"yoast-schema-graph\">{\"@context\":\"https:\/\/schema.org\",\"@graph\":[{\"@type\":\"Article\",\"@id\":\"https:\/\/evertonfc.cz\/index.php\/2023\/09\/16\/preview-everton-arsenal-15\/#article\",\"isPartOf\":{\"@id\":\"https:\/\/evertonfc.cz\/index.php\/2023\/09\/16\/preview-everton-arsenal-15\/\"},\"author\":{\"name\":\"BlueBlooded\",\"@id\":\"https:\/\/evertonfc.cz\/#\/schema\/person\/d4493b8cbea51532597fbc4685698916\"},\"headline\":\"Preview: Everton \u2013 Arsenal\",\"datePublished\":\"2023-09-16T19:14:52+00:00\",\"dateModified\":\"2023-09-16T19:21:47+00:00\",\"mainEntityOfPage\":{\"@id\":\"https:\/\/evertonfc.cz\/index.php\/2023\/09\/16\/preview-everton-arsenal-15\/\"},\"wordCount\":876,\"commentCount\":9,\"publisher\":{\"@id\":\"https:\/\/evertonfc.cz\/#organization\"},\"image\":{\"@id\":\"https:\/\/evertonfc.cz\/index.php\/2023\/09\/16\/preview-everton-arsenal-15\/#primaryimage\"},\"thumbnailUrl\":\"https:\/\/evertonfc.cz\/wp-content\/uploads\/2021\/02\/Everton-VS-Arsenal.jpg\",\"articleSection\":[\"Z\u00e1pasy\"],\"inLanguage\":\"cs\",\"potentialAction\":[{\"@type\":\"CommentAction\",\"name\":\"Comment\",\"target\":[\"https:\/\/evertonfc.cz\/index.php\/2023\/09\/16\/preview-everton-arsenal-15\/#respond\"]}]},{\"@type\":\"WebPage\",\"@id\":\"https:\/\/evertonfc.cz\/index.php\/2023\/09\/16\/preview-everton-arsenal-15\/\",\"url\":\"https:\/\/evertonfc.cz\/index.php\/2023\/09\/16\/preview-everton-arsenal-15\/\",\"name\":\"Preview: Everton \u2013 Arsenal - Official Czech &amp; Slovak Everton Supporters&#039; Club\",\"isPartOf\":{\"@id\":\"https:\/\/evertonfc.cz\/#website\"},\"primaryImageOfPage\":{\"@id\":\"https:\/\/evertonfc.cz\/index.php\/2023\/09\/16\/preview-everton-arsenal-15\/#primaryimage\"},\"image\":{\"@id\":\"https:\/\/evertonfc.cz\/index.php\/2023\/09\/16\/preview-everton-arsenal-15\/#primaryimage\"},\"thumbnailUrl\":\"https:\/\/evertonfc.cz\/wp-content\/uploads\/2021\/02\/Everton-VS-Arsenal.jpg\",\"datePublished\":\"2023-09-16T19:14:52+00:00\",\"dateModified\":\"2023-09-16T19:21:47+00:00\",\"breadcrumb\":{\"@id\":\"https:\/\/evertonfc.cz\/index.php\/2023\/09\/16\/preview-everton-arsenal-15\/#breadcrumb\"},\"inLanguage\":\"cs\",\"potentialAction\":[{\"@type\":\"ReadAction\",\"target\":[\"https:\/\/evertonfc.cz\/index.php\/2023\/09\/16\/preview-everton-arsenal-15\/\"]}]},{\"@type\":\"ImageObject\",\"inLanguage\":\"cs\",\"@id\":\"https:\/\/evertonfc.cz\/index.php\/2023\/09\/16\/preview-everton-arsenal-15\/#primaryimage\",\"url\":\"https:\/\/evertonfc.cz\/wp-content\/uploads\/2021\/02\/Everton-VS-Arsenal.jpg\",\"contentUrl\":\"https:\/\/evertonfc.cz\/wp-content\/uploads\/2021\/02\/Everton-VS-Arsenal.jpg\",\"width\":720,\"height\":405},{\"@type\":\"BreadcrumbList\",\"@id\":\"https:\/\/evertonfc.cz\/index.php\/2023\/09\/16\/preview-everton-arsenal-15\/#breadcrumb\",\"itemListElement\":[{\"@type\":\"ListItem\",\"position\":1,\"name\":\"Home\",\"item\":\"https:\/\/evertonfc.cz\/\"},{\"@type\":\"ListItem\",\"position\":2,\"name\":\"Preview: Everton \u2013 Arsenal\"}]},{\"@type\":\"WebSite\",\"@id\":\"https:\/\/evertonfc.cz\/#website\",\"url\":\"https:\/\/evertonfc.cz\/\",\"name\":\"Official Czech &amp; Slovak Everton Supporters&#039; Club\",\"description\":\"\",\"publisher\":{\"@id\":\"https:\/\/evertonfc.cz\/#organization\"},\"potentialAction\":[{\"@type\":\"SearchAction\",\"target\":{\"@type\":\"EntryPoint\",\"urlTemplate\":\"https:\/\/evertonfc.cz\/?s={search_term_string}\"},\"query-input\":{\"@type\":\"PropertyValueSpecification\",\"valueRequired\":true,\"valueName\":\"search_term_string\"}}],\"inLanguage\":\"cs\"},{\"@type\":\"Organization\",\"@id\":\"https:\/\/evertonfc.cz\/#organization\",\"name\":\"Official Czech & Slovak Everton Supporters' Club\",\"url\":\"https:\/\/evertonfc.cz\/\",\"logo\":{\"@type\":\"ImageObject\",\"inLanguage\":\"cs\",\"@id\":\"https:\/\/evertonfc.cz\/#\/schema\/logo\/image\/\",\"url\":\"https:\/\/evertonfc.cz\/wp-content\/uploads\/2019\/05\/logo.png\",\"contentUrl\":\"https:\/\/evertonfc.cz\/wp-content\/uploads\/2019\/05\/logo.png\",\"width\":112,\"height\":112,\"caption\":\"Official Czech & Slovak Everton Supporters' Club\"},\"image\":{\"@id\":\"https:\/\/evertonfc.cz\/#\/schema\/logo\/image\/\"},\"sameAs\":[\"https:\/\/www.facebook.com\/everton.fans.cz.sk\"]},{\"@type\":\"Person\",\"@id\":\"https:\/\/evertonfc.cz\/#\/schema\/person\/d4493b8cbea51532597fbc4685698916\",\"name\":\"BlueBlooded\",\"url\":\"https:\/\/evertonfc.cz\/index.php\/author\/admin\/\"}]}<\/script>\n<!-- \/ Yoast SEO plugin. -->","yoast_head_json":{"title":"Preview: Everton \u2013 Arsenal - Official Czech &amp; Slovak Everton Supporters&#039; Club","robots":{"index":"index","follow":"follow","max-snippet":"max-snippet:-1","max-image-preview":"max-image-preview:large","max-video-preview":"max-video-preview:-1"},"canonical":"https:\/\/evertonfc.cz\/index.php\/2023\/09\/16\/preview-everton-arsenal-15\/","og_locale":"cs_CZ","og_type":"article","og_title":"Preview: Everton \u2013 Arsenal - Official Czech &amp; Slovak Everton Supporters&#039; Club","og_description":"\u010cakanie na prv\u00fa ligov\u00fa v\u00fdhru, pokus \u010d\u00edslo p\u00e4\u0165, dom\u00e1ci \u010d\u00edslo tri. Pre\u010do chceme pr\u00e1ve The GUNners v Goodison Parku? Preto\u017ee vieme, \u010do prv\u00e9 tri p\u00edsmen\u00e1 znamenaj\u00fa.","og_url":"https:\/\/evertonfc.cz\/index.php\/2023\/09\/16\/preview-everton-arsenal-15\/","og_site_name":"Official Czech &amp; Slovak Everton Supporters&#039; Club","article_publisher":"https:\/\/www.facebook.com\/everton.fans.cz.sk","article_published_time":"2023-09-16T19:14:52+00:00","article_modified_time":"2023-09-16T19:21:47+00:00","og_image":[{"width":720,"height":405,"url":"https:\/\/evertonfc.cz\/wp-content\/uploads\/2021\/02\/Everton-VS-Arsenal.jpg","type":"image\/jpeg"}],"author":"BlueBlooded","twitter_card":"summary_large_image","twitter_misc":{"Napsal(a)":"BlueBlooded","Odhadovan\u00e1 doba \u010dten\u00ed":"4 minuty"},"schema":{"@context":"https:\/\/schema.org","@graph":[{"@type":"Article","@id":"https:\/\/evertonfc.cz\/index.php\/2023\/09\/16\/preview-everton-arsenal-15\/#article","isPartOf":{"@id":"https:\/\/evertonfc.cz\/index.php\/2023\/09\/16\/preview-everton-arsenal-15\/"},"author":{"name":"BlueBlooded","@id":"https:\/\/evertonfc.cz\/#\/schema\/person\/d4493b8cbea51532597fbc4685698916"},"headline":"Preview: Everton \u2013 Arsenal","datePublished":"2023-09-16T19:14:52+00:00","dateModified":"2023-09-16T19:21:47+00:00","mainEntityOfPage":{"@id":"https:\/\/evertonfc.cz\/index.php\/2023\/09\/16\/preview-everton-arsenal-15\/"},"wordCount":876,"commentCount":9,"publisher":{"@id":"https:\/\/evertonfc.cz\/#organization"},"image":{"@id":"https:\/\/evertonfc.cz\/index.php\/2023\/09\/16\/preview-everton-arsenal-15\/#primaryimage"},"thumbnailUrl":"https:\/\/evertonfc.cz\/wp-content\/uploads\/2021\/02\/Everton-VS-Arsenal.jpg","articleSection":["Z\u00e1pasy"],"inLanguage":"cs","potentialAction":[{"@type":"CommentAction","name":"Comment","target":["https:\/\/evertonfc.cz\/index.php\/2023\/09\/16\/preview-everton-arsenal-15\/#respond"]}]},{"@type":"WebPage","@id":"https:\/\/evertonfc.cz\/index.php\/2023\/09\/16\/preview-everton-arsenal-15\/","url":"https:\/\/evertonfc.cz\/index.php\/2023\/09\/16\/preview-everton-arsenal-15\/","name":"Preview: Everton \u2013 Arsenal - Official Czech &amp; Slovak Everton Supporters&#039; Club","isPartOf":{"@id":"https:\/\/evertonfc.cz\/#website"},"primaryImageOfPage":{"@id":"https:\/\/evertonfc.cz\/index.php\/2023\/09\/16\/preview-everton-arsenal-15\/#primaryimage"},"image":{"@id":"https:\/\/evertonfc.cz\/index.php\/2023\/09\/16\/preview-everton-arsenal-15\/#primaryimage"},"thumbnailUrl":"https:\/\/evertonfc.cz\/wp-content\/uploads\/2021\/02\/Everton-VS-Arsenal.jpg","datePublished":"2023-09-16T19:14:52+00:00","dateModified":"2023-09-16T19:21:47+00:00","breadcrumb":{"@id":"https:\/\/evertonfc.cz\/index.php\/2023\/09\/16\/preview-everton-arsenal-15\/#breadcrumb"},"inLanguage":"cs","potentialAction":[{"@type":"ReadAction","target":["https:\/\/evertonfc.cz\/index.php\/2023\/09\/16\/preview-everton-arsenal-15\/"]}]},{"@type":"ImageObject","inLanguage":"cs","@id":"https:\/\/evertonfc.cz\/index.php\/2023\/09\/16\/preview-everton-arsenal-15\/#primaryimage","url":"https:\/\/evertonfc.cz\/wp-content\/uploads\/2021\/02\/Everton-VS-Arsenal.jpg","contentUrl":"https:\/\/evertonfc.cz\/wp-content\/uploads\/2021\/02\/Everton-VS-Arsenal.jpg","width":720,"height":405},{"@type":"BreadcrumbList","@id":"https:\/\/evertonfc.cz\/index.php\/2023\/09\/16\/preview-everton-arsenal-15\/#breadcrumb","itemListElement":[{"@type":"ListItem","position":1,"name":"Home","item":"https:\/\/evertonfc.cz\/"},{"@type":"ListItem","position":2,"name":"Preview: Everton \u2013 Arsenal"}]},{"@type":"WebSite","@id":"https:\/\/evertonfc.cz\/#website","url":"https:\/\/evertonfc.cz\/","name":"Official Czech &amp; Slovak Everton Supporters&#039; Club","description":"","publisher":{"@id":"https:\/\/evertonfc.cz\/#organization"},"potentialAction":[{"@type":"SearchAction","target":{"@type":"EntryPoint","urlTemplate":"https:\/\/evertonfc.cz\/?s={search_term_string}"},"query-input":{"@type":"PropertyValueSpecification","valueRequired":true,"valueName":"search_term_string"}}],"inLanguage":"cs"},{"@type":"Organization","@id":"https:\/\/evertonfc.cz\/#organization","name":"Official Czech & Slovak Everton Supporters' Club","url":"https:\/\/evertonfc.cz\/","logo":{"@type":"ImageObject","inLanguage":"cs","@id":"https:\/\/evertonfc.cz\/#\/schema\/logo\/image\/","url":"https:\/\/evertonfc.cz\/wp-content\/uploads\/2019\/05\/logo.png","contentUrl":"https:\/\/evertonfc.cz\/wp-content\/uploads\/2019\/05\/logo.png","width":112,"height":112,"caption":"Official Czech & Slovak Everton Supporters' Club"},"image":{"@id":"https:\/\/evertonfc.cz\/#\/schema\/logo\/image\/"},"sameAs":["https:\/\/www.facebook.com\/everton.fans.cz.sk"]},{"@type":"Person","@id":"https:\/\/evertonfc.cz\/#\/schema\/person\/d4493b8cbea51532597fbc4685698916","name":"BlueBlooded","url":"https:\/\/evertonfc.cz\/index.php\/author\/admin\/"}]}},"_links":{"self":[{"href":"https:\/\/evertonfc.cz\/index.php\/wp-json\/wp\/v2\/posts\/22776"}],"collection":[{"href":"https:\/\/evertonfc.cz\/index.php\/wp-json\/wp\/v2\/posts"}],"about":[{"href":"https:\/\/evertonfc.cz\/index.php\/wp-json\/wp\/v2\/types\/post"}],"author":[{"embeddable":true,"href":"https:\/\/evertonfc.cz\/index.php\/wp-json\/wp\/v2\/users\/1"}],"replies":[{"embeddable":true,"href":"https:\/\/evertonfc.cz\/index.php\/wp-json\/wp\/v2\/comments?post=22776"}],"version-history":[{"count":9,"href":"https:\/\/evertonfc.cz\/index.php\/wp-json\/wp\/v2\/posts\/22776\/revisions"}],"predecessor-version":[{"id":22785,"href":"https:\/\/evertonfc.cz\/index.php\/wp-json\/wp\/v2\/posts\/22776\/revisions\/22785"}],"wp:featuredmedia":[{"embeddable":true,"href":"https:\/\/evertonfc.cz\/index.php\/wp-json\/wp\/v2\/media\/13812"}],"wp:attachment":[{"href":"https:\/\/evertonfc.cz\/index.php\/wp-json\/wp\/v2\/media?parent=22776"}],"wp:term":[{"taxonomy":"category","embeddable":true,"href":"https:\/\/evertonfc.cz\/index.php\/wp-json\/wp\/v2\/categories?post=22776"},{"taxonomy":"post_tag","embeddable":true,"href":"https:\/\/evertonfc.cz\/index.php\/wp-json\/wp\/v2\/tags?post=22776"}],"curies":[{"name":"wp","href":"https:\/\/api.w.org\/{rel}","templated":true}]}}