{"id":22787,"date":"2023-09-18T19:40:19","date_gmt":"2023-09-18T17:40:19","guid":{"rendered":"https:\/\/evertonfc.cz\/?p=22787"},"modified":"2023-09-19T07:43:25","modified_gmt":"2023-09-19T05:43:25","slug":"prichazi-alyssa-aherne","status":"publish","type":"post","link":"https:\/\/evertonfc.cz\/index.php\/2023\/09\/18\/prichazi-alyssa-aherne\/","title":{"rendered":"P\u0159ich\u00e1z\u00ed Alyssa Aherne"},"content":{"rendered":"<h4>Pravidlo ned\u00e1\u0161 &#8211; dostane\u0161 ve fotbale plat\u00ed celkem spolehliv\u011b. Evertonu se po odchodu Gabby George k MUTD poda\u0159ilo aplikovat m\u00e9n\u011b za\u017eit\u00e9 pravidlo ztrat\u00ed\u0161-z\u00edsk\u00e1\u0161: od \u010f\u00e1blic k n\u00e1m p\u0159ich\u00e1z\u00ed na ro\u010dn\u00ed hostov\u00e1n\u00ed Alyssa Aherne.<\/h4>\n<p>Devaten\u00e1ctil\u00e1 Alyssa podepsala sv\u016fj prvn\u00ed profesion\u00e1ln\u00ed kontrakt v kv\u011btnu 2023, kdy se po odchodu z Burnley upsala jako mlad\u00fd nad\u011bjn\u00fd talent Manchesteru United. U\u017e v tu dobu v\u0161ak byla v hled\u00e1\u010dku lovce talent\u016f a na\u0161eho mana\u017eera Briana S\u00f8rensena. Jeho d\u016fv\u011bra v mladou hr\u00e1\u010dku mus\u00ed b\u00fdt zna\u010dn\u00e1, proto\u017ee za MUTD nastoupila jen k jednomu z\u00e1pasu. Ke sv\u00e9mu rozhodnut\u00ed o hostov\u00e1n\u00ed na Merseyside se vyj\u00e1d\u0159ila i sama hr\u00e1\u010dka:<\/p>\n<blockquote><p><span style=\"font-size: 12pt;\"><em>&#8222;Kdy\u017e jsem loni vid\u011bla na hostov\u00e1n\u00ed Jess Park a Angie Beever-Jones, a vid\u011bla jak\u00e9 z\u00edskaly zku\u0161enosti a co dok\u00e1\u017eou, rozhodn\u011b to ovlivnilo m\u00e9 odhodl\u00e1n\u00ed p\u0159ij\u00edt sem.&#8220;<\/em><\/span><\/p><\/blockquote>\n<p>Jako \u0161kola pro fotbalov\u00e9 talenty jin\u00fdch klub\u016f tedy fungujeme zd\u00e1 se slu\u0161n\u011b. Ale mo\u017en\u00e1 by to cht\u011blo i n\u011bco nav\u00edc. V ka\u017ed\u00e9m p\u0159\u00edpad\u011b Alyssu v\u00edt\u00e1me a p\u0159ejeme hodn\u011b zdaru mezi Blues. Probl\u00e9m n\u00e1hrady George v obrann\u00e9 \u0159ad\u011b toto hostov\u00e1n\u00ed ne\u0159e\u0161\u00ed, proto\u017ee Aherne nastupuje jako ofenzivn\u00ed z\u00e1lo\u017enice nebo jako k\u0159\u00eddelnice. Kdo a jak zapln\u00ed ohromnou mezeru po odchodu George tak st\u00e1le nen\u00ed jasn\u00e9. Jak se sestavu poda\u0159\u00ed S\u00f8rensenovi poskl\u00e1dat a jak nov\u00fd t\u00fdm bude fungovat uvid\u00edme u\u017e 1.10., kdy doma host\u00edme Seaguls.\u00a0 <strong><span style=\"color: #0000ff; --darkreader-inline-color: #3d3db6;\" data-darkreader-inline-color=\"\">COYB!<\/span><\/strong><\/p>\n<p style=\"text-align: right;\"><span style=\"font-size: 8pt;\"><em>Zdroj fotografie: muss.se<\/em><\/span><\/p>\n","protected":false},"excerpt":{"rendered":"<p>Pravidlo ned\u00e1\u0161 &#8211; dostane\u0161 ve fotbale plat\u00ed celkem spolehliv\u011b. Evertonu se po odchodu Gabby George k MUTD poda\u0159ilo aplikovat m\u00e9n\u011b za\u017eit\u00e9 pravidlo ztrat\u00ed\u0161-z\u00edsk\u00e1\u0161: od \u010f\u00e1blic k n\u00e1m p\u0159ich\u00e1z\u00ed na ro\u010dn\u00ed hostov\u00e1n\u00ed Alyssa Aherne.<\/p>\n","protected":false},"author":26,"featured_media":22793,"comment_status":"open","ping_status":"closed","sticky":false,"template":"","format":"standard","meta":{"_eb_attr":"","_monsterinsights_skip_tracking":false,"_monsterinsights_sitenote_active":false,"_monsterinsights_sitenote_note":"","_monsterinsights_sitenote_category":0,"footnotes":""},"categories":[110],"tags":[],"yoast_head":"<!-- This site is optimized with the Yoast SEO plugin v23.4 - https:\/\/yoast.com\/wordpress\/plugins\/seo\/ -->\n<title>P\u0159ich\u00e1z\u00ed Alyssa Aherne - Official Czech &amp; Slovak Everton Supporters&#039; Club<\/title>\n<meta name=\"robots\" content=\"index, follow, max-snippet:-1, max-image-preview:large, max-video-preview:-1\" \/>\n<link rel=\"canonical\" href=\"https:\/\/evertonfc.cz\/index.php\/2023\/09\/18\/prichazi-alyssa-aherne\/\" \/>\n<meta property=\"og:locale\" content=\"cs_CZ\" \/>\n<meta property=\"og:type\" content=\"article\" \/>\n<meta property=\"og:title\" content=\"P\u0159ich\u00e1z\u00ed Alyssa Aherne - Official Czech &amp; Slovak Everton Supporters&#039; Club\" \/>\n<meta property=\"og:description\" content=\"Pravidlo ned\u00e1\u0161 - dostane\u0161 ve fotbale plat\u00ed celkem spolehliv\u011b. Evertonu se po odchodu Gabby George k MUTD poda\u0159ilo aplikovat m\u00e9n\u011b za\u017eit\u00e9 pravidlo ztrat\u00ed\u0161-z\u00edsk\u00e1\u0161: od \u010f\u00e1blic k n\u00e1m p\u0159ich\u00e1z\u00ed na ro\u010dn\u00ed hostov\u00e1n\u00ed Alyssa Aherne.\" \/>\n<meta property=\"og:url\" content=\"https:\/\/evertonfc.cz\/index.php\/2023\/09\/18\/prichazi-alyssa-aherne\/\" \/>\n<meta property=\"og:site_name\" content=\"Official Czech &amp; Slovak Everton Supporters&#039; Club\" \/>\n<meta property=\"article:publisher\" content=\"https:\/\/www.facebook.com\/everton.fans.cz.sk\" \/>\n<meta property=\"article:published_time\" content=\"2023-09-18T17:40:19+00:00\" \/>\n<meta property=\"article:modified_time\" content=\"2023-09-19T05:43:25+00:00\" \/>\n<meta property=\"og:image\" content=\"https:\/\/evertonfc.cz\/wp-content\/uploads\/2023\/09\/Alyssa-Aherne-18_09_2023.web_.jpg\" \/>\n\t<meta property=\"og:image:width\" content=\"2040\" \/>\n\t<meta property=\"og:image:height\" content=\"1148\" \/>\n\t<meta property=\"og:image:type\" content=\"image\/jpeg\" \/>\n<meta name=\"author\" content=\"Karamela\" \/>\n<meta name=\"twitter:card\" content=\"summary_large_image\" \/>\n<meta name=\"twitter:label1\" content=\"Napsal(a)\" \/>\n\t<meta name=\"twitter:data1\" content=\"Karamela\" \/>\n\t<meta name=\"twitter:label2\" content=\"Odhadovan\u00e1 doba \u010dten\u00ed\" \/>\n\t<meta name=\"twitter:data2\" content=\"1 minuta\" \/>\n<script type=\"application\/ld+json\" class=\"yoast-schema-graph\">{\"@context\":\"https:\/\/schema.org\",\"@graph\":[{\"@type\":\"Article\",\"@id\":\"https:\/\/evertonfc.cz\/index.php\/2023\/09\/18\/prichazi-alyssa-aherne\/#article\",\"isPartOf\":{\"@id\":\"https:\/\/evertonfc.cz\/index.php\/2023\/09\/18\/prichazi-alyssa-aherne\/\"},\"author\":{\"name\":\"Karamela\",\"@id\":\"https:\/\/evertonfc.cz\/#\/schema\/person\/e9a24a80a32efa1344dd2c4e5882185c\"},\"headline\":\"P\u0159ich\u00e1z\u00ed Alyssa Aherne\",\"datePublished\":\"2023-09-18T17:40:19+00:00\",\"dateModified\":\"2023-09-19T05:43:25+00:00\",\"mainEntityOfPage\":{\"@id\":\"https:\/\/evertonfc.cz\/index.php\/2023\/09\/18\/prichazi-alyssa-aherne\/\"},\"wordCount\":281,\"commentCount\":0,\"publisher\":{\"@id\":\"https:\/\/evertonfc.cz\/#organization\"},\"image\":{\"@id\":\"https:\/\/evertonfc.cz\/index.php\/2023\/09\/18\/prichazi-alyssa-aherne\/#primaryimage\"},\"thumbnailUrl\":\"https:\/\/evertonfc.cz\/wp-content\/uploads\/2023\/09\/Alyssa-Aherne-18_09_2023.web_.jpg\",\"articleSection\":[\"Everton Women\"],\"inLanguage\":\"cs\",\"potentialAction\":[{\"@type\":\"CommentAction\",\"name\":\"Comment\",\"target\":[\"https:\/\/evertonfc.cz\/index.php\/2023\/09\/18\/prichazi-alyssa-aherne\/#respond\"]}]},{\"@type\":\"WebPage\",\"@id\":\"https:\/\/evertonfc.cz\/index.php\/2023\/09\/18\/prichazi-alyssa-aherne\/\",\"url\":\"https:\/\/evertonfc.cz\/index.php\/2023\/09\/18\/prichazi-alyssa-aherne\/\",\"name\":\"P\u0159ich\u00e1z\u00ed Alyssa Aherne - Official Czech &amp; Slovak Everton Supporters&#039; Club\",\"isPartOf\":{\"@id\":\"https:\/\/evertonfc.cz\/#website\"},\"primaryImageOfPage\":{\"@id\":\"https:\/\/evertonfc.cz\/index.php\/2023\/09\/18\/prichazi-alyssa-aherne\/#primaryimage\"},\"image\":{\"@id\":\"https:\/\/evertonfc.cz\/index.php\/2023\/09\/18\/prichazi-alyssa-aherne\/#primaryimage\"},\"thumbnailUrl\":\"https:\/\/evertonfc.cz\/wp-content\/uploads\/2023\/09\/Alyssa-Aherne-18_09_2023.web_.jpg\",\"datePublished\":\"2023-09-18T17:40:19+00:00\",\"dateModified\":\"2023-09-19T05:43:25+00:00\",\"breadcrumb\":{\"@id\":\"https:\/\/evertonfc.cz\/index.php\/2023\/09\/18\/prichazi-alyssa-aherne\/#breadcrumb\"},\"inLanguage\":\"cs\",\"potentialAction\":[{\"@type\":\"ReadAction\",\"target\":[\"https:\/\/evertonfc.cz\/index.php\/2023\/09\/18\/prichazi-alyssa-aherne\/\"]}]},{\"@type\":\"ImageObject\",\"inLanguage\":\"cs\",\"@id\":\"https:\/\/evertonfc.cz\/index.php\/2023\/09\/18\/prichazi-alyssa-aherne\/#primaryimage\",\"url\":\"https:\/\/evertonfc.cz\/wp-content\/uploads\/2023\/09\/Alyssa-Aherne-18_09_2023.web_.jpg\",\"contentUrl\":\"https:\/\/evertonfc.cz\/wp-content\/uploads\/2023\/09\/Alyssa-Aherne-18_09_2023.web_.jpg\",\"width\":2040,\"height\":1148},{\"@type\":\"BreadcrumbList\",\"@id\":\"https:\/\/evertonfc.cz\/index.php\/2023\/09\/18\/prichazi-alyssa-aherne\/#breadcrumb\",\"itemListElement\":[{\"@type\":\"ListItem\",\"position\":1,\"name\":\"Home\",\"item\":\"https:\/\/evertonfc.cz\/\"},{\"@type\":\"ListItem\",\"position\":2,\"name\":\"P\u0159ich\u00e1z\u00ed Alyssa Aherne\"}]},{\"@type\":\"WebSite\",\"@id\":\"https:\/\/evertonfc.cz\/#website\",\"url\":\"https:\/\/evertonfc.cz\/\",\"name\":\"Official Czech &amp; Slovak Everton Supporters&#039; Club\",\"description\":\"\",\"publisher\":{\"@id\":\"https:\/\/evertonfc.cz\/#organization\"},\"potentialAction\":[{\"@type\":\"SearchAction\",\"target\":{\"@type\":\"EntryPoint\",\"urlTemplate\":\"https:\/\/evertonfc.cz\/?s={search_term_string}\"},\"query-input\":{\"@type\":\"PropertyValueSpecification\",\"valueRequired\":true,\"valueName\":\"search_term_string\"}}],\"inLanguage\":\"cs\"},{\"@type\":\"Organization\",\"@id\":\"https:\/\/evertonfc.cz\/#organization\",\"name\":\"Official Czech & Slovak Everton Supporters' Club\",\"url\":\"https:\/\/evertonfc.cz\/\",\"logo\":{\"@type\":\"ImageObject\",\"inLanguage\":\"cs\",\"@id\":\"https:\/\/evertonfc.cz\/#\/schema\/logo\/image\/\",\"url\":\"https:\/\/evertonfc.cz\/wp-content\/uploads\/2019\/05\/logo.png\",\"contentUrl\":\"https:\/\/evertonfc.cz\/wp-content\/uploads\/2019\/05\/logo.png\",\"width\":112,\"height\":112,\"caption\":\"Official Czech & Slovak Everton Supporters' Club\"},\"image\":{\"@id\":\"https:\/\/evertonfc.cz\/#\/schema\/logo\/image\/\"},\"sameAs\":[\"https:\/\/www.facebook.com\/everton.fans.cz.sk\"]},{\"@type\":\"Person\",\"@id\":\"https:\/\/evertonfc.cz\/#\/schema\/person\/e9a24a80a32efa1344dd2c4e5882185c\",\"name\":\"Karamela\",\"url\":\"https:\/\/evertonfc.cz\/index.php\/author\/karamela\/\"}]}<\/script>\n<!-- \/ Yoast SEO plugin. -->","yoast_head_json":{"title":"P\u0159ich\u00e1z\u00ed Alyssa Aherne - Official Czech &amp; Slovak Everton Supporters&#039; Club","robots":{"index":"index","follow":"follow","max-snippet":"max-snippet:-1","max-image-preview":"max-image-preview:large","max-video-preview":"max-video-preview:-1"},"canonical":"https:\/\/evertonfc.cz\/index.php\/2023\/09\/18\/prichazi-alyssa-aherne\/","og_locale":"cs_CZ","og_type":"article","og_title":"P\u0159ich\u00e1z\u00ed Alyssa Aherne - Official Czech &amp; Slovak Everton Supporters&#039; Club","og_description":"Pravidlo ned\u00e1\u0161 - dostane\u0161 ve fotbale plat\u00ed celkem spolehliv\u011b. Evertonu se po odchodu Gabby George k MUTD poda\u0159ilo aplikovat m\u00e9n\u011b za\u017eit\u00e9 pravidlo ztrat\u00ed\u0161-z\u00edsk\u00e1\u0161: od \u010f\u00e1blic k n\u00e1m p\u0159ich\u00e1z\u00ed na ro\u010dn\u00ed hostov\u00e1n\u00ed Alyssa Aherne.","og_url":"https:\/\/evertonfc.cz\/index.php\/2023\/09\/18\/prichazi-alyssa-aherne\/","og_site_name":"Official Czech &amp; Slovak Everton Supporters&#039; Club","article_publisher":"https:\/\/www.facebook.com\/everton.fans.cz.sk","article_published_time":"2023-09-18T17:40:19+00:00","article_modified_time":"2023-09-19T05:43:25+00:00","og_image":[{"width":2040,"height":1148,"url":"https:\/\/evertonfc.cz\/wp-content\/uploads\/2023\/09\/Alyssa-Aherne-18_09_2023.web_.jpg","type":"image\/jpeg"}],"author":"Karamela","twitter_card":"summary_large_image","twitter_misc":{"Napsal(a)":"Karamela","Odhadovan\u00e1 doba \u010dten\u00ed":"1 minuta"},"schema":{"@context":"https:\/\/schema.org","@graph":[{"@type":"Article","@id":"https:\/\/evertonfc.cz\/index.php\/2023\/09\/18\/prichazi-alyssa-aherne\/#article","isPartOf":{"@id":"https:\/\/evertonfc.cz\/index.php\/2023\/09\/18\/prichazi-alyssa-aherne\/"},"author":{"name":"Karamela","@id":"https:\/\/evertonfc.cz\/#\/schema\/person\/e9a24a80a32efa1344dd2c4e5882185c"},"headline":"P\u0159ich\u00e1z\u00ed Alyssa Aherne","datePublished":"2023-09-18T17:40:19+00:00","dateModified":"2023-09-19T05:43:25+00:00","mainEntityOfPage":{"@id":"https:\/\/evertonfc.cz\/index.php\/2023\/09\/18\/prichazi-alyssa-aherne\/"},"wordCount":281,"commentCount":0,"publisher":{"@id":"https:\/\/evertonfc.cz\/#organization"},"image":{"@id":"https:\/\/evertonfc.cz\/index.php\/2023\/09\/18\/prichazi-alyssa-aherne\/#primaryimage"},"thumbnailUrl":"https:\/\/evertonfc.cz\/wp-content\/uploads\/2023\/09\/Alyssa-Aherne-18_09_2023.web_.jpg","articleSection":["Everton Women"],"inLanguage":"cs","potentialAction":[{"@type":"CommentAction","name":"Comment","target":["https:\/\/evertonfc.cz\/index.php\/2023\/09\/18\/prichazi-alyssa-aherne\/#respond"]}]},{"@type":"WebPage","@id":"https:\/\/evertonfc.cz\/index.php\/2023\/09\/18\/prichazi-alyssa-aherne\/","url":"https:\/\/evertonfc.cz\/index.php\/2023\/09\/18\/prichazi-alyssa-aherne\/","name":"P\u0159ich\u00e1z\u00ed Alyssa Aherne - Official Czech &amp; Slovak Everton Supporters&#039; Club","isPartOf":{"@id":"https:\/\/evertonfc.cz\/#website"},"primaryImageOfPage":{"@id":"https:\/\/evertonfc.cz\/index.php\/2023\/09\/18\/prichazi-alyssa-aherne\/#primaryimage"},"image":{"@id":"https:\/\/evertonfc.cz\/index.php\/2023\/09\/18\/prichazi-alyssa-aherne\/#primaryimage"},"thumbnailUrl":"https:\/\/evertonfc.cz\/wp-content\/uploads\/2023\/09\/Alyssa-Aherne-18_09_2023.web_.jpg","datePublished":"2023-09-18T17:40:19+00:00","dateModified":"2023-09-19T05:43:25+00:00","breadcrumb":{"@id":"https:\/\/evertonfc.cz\/index.php\/2023\/09\/18\/prichazi-alyssa-aherne\/#breadcrumb"},"inLanguage":"cs","potentialAction":[{"@type":"ReadAction","target":["https:\/\/evertonfc.cz\/index.php\/2023\/09\/18\/prichazi-alyssa-aherne\/"]}]},{"@type":"ImageObject","inLanguage":"cs","@id":"https:\/\/evertonfc.cz\/index.php\/2023\/09\/18\/prichazi-alyssa-aherne\/#primaryimage","url":"https:\/\/evertonfc.cz\/wp-content\/uploads\/2023\/09\/Alyssa-Aherne-18_09_2023.web_.jpg","contentUrl":"https:\/\/evertonfc.cz\/wp-content\/uploads\/2023\/09\/Alyssa-Aherne-18_09_2023.web_.jpg","width":2040,"height":1148},{"@type":"BreadcrumbList","@id":"https:\/\/evertonfc.cz\/index.php\/2023\/09\/18\/prichazi-alyssa-aherne\/#breadcrumb","itemListElement":[{"@type":"ListItem","position":1,"name":"Home","item":"https:\/\/evertonfc.cz\/"},{"@type":"ListItem","position":2,"name":"P\u0159ich\u00e1z\u00ed Alyssa Aherne"}]},{"@type":"WebSite","@id":"https:\/\/evertonfc.cz\/#website","url":"https:\/\/evertonfc.cz\/","name":"Official Czech &amp; Slovak Everton Supporters&#039; Club","description":"","publisher":{"@id":"https:\/\/evertonfc.cz\/#organization"},"potentialAction":[{"@type":"SearchAction","target":{"@type":"EntryPoint","urlTemplate":"https:\/\/evertonfc.cz\/?s={search_term_string}"},"query-input":{"@type":"PropertyValueSpecification","valueRequired":true,"valueName":"search_term_string"}}],"inLanguage":"cs"},{"@type":"Organization","@id":"https:\/\/evertonfc.cz\/#organization","name":"Official Czech & Slovak Everton Supporters' Club","url":"https:\/\/evertonfc.cz\/","logo":{"@type":"ImageObject","inLanguage":"cs","@id":"https:\/\/evertonfc.cz\/#\/schema\/logo\/image\/","url":"https:\/\/evertonfc.cz\/wp-content\/uploads\/2019\/05\/logo.png","contentUrl":"https:\/\/evertonfc.cz\/wp-content\/uploads\/2019\/05\/logo.png","width":112,"height":112,"caption":"Official Czech & Slovak Everton Supporters' Club"},"image":{"@id":"https:\/\/evertonfc.cz\/#\/schema\/logo\/image\/"},"sameAs":["https:\/\/www.facebook.com\/everton.fans.cz.sk"]},{"@type":"Person","@id":"https:\/\/evertonfc.cz\/#\/schema\/person\/e9a24a80a32efa1344dd2c4e5882185c","name":"Karamela","url":"https:\/\/evertonfc.cz\/index.php\/author\/karamela\/"}]}},"_links":{"self":[{"href":"https:\/\/evertonfc.cz\/index.php\/wp-json\/wp\/v2\/posts\/22787"}],"collection":[{"href":"https:\/\/evertonfc.cz\/index.php\/wp-json\/wp\/v2\/posts"}],"about":[{"href":"https:\/\/evertonfc.cz\/index.php\/wp-json\/wp\/v2\/types\/post"}],"author":[{"embeddable":true,"href":"https:\/\/evertonfc.cz\/index.php\/wp-json\/wp\/v2\/users\/26"}],"replies":[{"embeddable":true,"href":"https:\/\/evertonfc.cz\/index.php\/wp-json\/wp\/v2\/comments?post=22787"}],"version-history":[{"count":7,"href":"https:\/\/evertonfc.cz\/index.php\/wp-json\/wp\/v2\/posts\/22787\/revisions"}],"predecessor-version":[{"id":22802,"href":"https:\/\/evertonfc.cz\/index.php\/wp-json\/wp\/v2\/posts\/22787\/revisions\/22802"}],"wp:featuredmedia":[{"embeddable":true,"href":"https:\/\/evertonfc.cz\/index.php\/wp-json\/wp\/v2\/media\/22793"}],"wp:attachment":[{"href":"https:\/\/evertonfc.cz\/index.php\/wp-json\/wp\/v2\/media?parent=22787"}],"wp:term":[{"taxonomy":"category","embeddable":true,"href":"https:\/\/evertonfc.cz\/index.php\/wp-json\/wp\/v2\/categories?post=22787"},{"taxonomy":"post_tag","embeddable":true,"href":"https:\/\/evertonfc.cz\/index.php\/wp-json\/wp\/v2\/tags?post=22787"}],"curies":[{"name":"wp","href":"https:\/\/api.w.org\/{rel}","templated":true}]}}