{"id":2279,"date":"2017-12-17T18:53:52","date_gmt":"2017-12-17T17:53:52","guid":{"rendered":"http:\/\/evertonfc.cz\/?p=2279"},"modified":"2019-02-05T18:55:02","modified_gmt":"2019-02-05T17:55:02","slug":"preview-everton-swansea-city","status":"publish","type":"post","link":"https:\/\/evertonfc.cz\/index.php\/2017\/12\/17\/preview-everton-swansea-city\/","title":{"rendered":"Preview: Everton &#8211; Swansea City"},"content":{"rendered":"\n<h4 class=\"wp-block-heading\">\u010clov\u011bk moc nerozum\u00ed faktu, \u017ee zrovna tento ma\u010d byl vybr\u00e1n jako pond\u011bln\u00ed televizn\u00ed dohr\u00e1vka, le\u010d, jak p\u00ed\u0161e legenda idnes\u00e1ck\u00fdch diskus\u00ed, to je realita. Tak\u017ee povinn\u00e1 v\u00fdhra nad kandid\u00e1tem sestupu bude tentokr\u00e1t p\u0159ed kamerami.<\/h4>\n\n\n\n<p>\u010clov\u011bk ob\u010das b\u00fdv\u00e1 ve sv\u00e9m optimismu realisty \u010di pesimisty brzd\u011bn. Ale kdy\u017e hrajete doma proti posledn\u00edmu t\u00fdmu tabulky, tak je o\u010dek\u00e1v\u00e1n\u00ed opravdu jasn\u00e9. T\u0159i body. A pr\u00e1v\u011b to se \u010dek\u00e1 od z\u00edt\u0159ej\u0161\u00edho utk\u00e1n\u00ed proti t\u00fdmu z Walesu.<\/p>\n\n\n\n<p>Je to v\u011bc, kter\u00e1 by rozhodn\u011b m\u011bla b\u00fdt v sil\u00e1ch karamelek. 10 bod\u016f z posledn\u00edch \u010dty\u0159 z\u00e1pas\u016f znamen\u00e1, \u017ee pouze Man C je z ligov\u00fdch celk\u016f za posledn\u00ed t\u0159i t\u00fddny ve v\u011bt\u0161\u00ed form\u011b (leto\u0161n\u00ed Citizens jsou n\u011bkde jinde ne\u017e zbytek ligy, ale to jsem odbo\u010dil). Zato Swans, jak se jim p\u0159ezd\u00edv\u00e1, se uhn\u00edzdily na posledn\u00edm m\u00edst\u011b. Stejn\u011b jako u Newcastlu je imperativ t\u00e9to sez\u00f3ny jasn\u00fd &#8211; nesestoupit! Zat\u00edm to ale vypad\u00e1, \u017ee to nevyjde. Mo\u017en\u00fdm d\u016fvodem je p\u0159estup Sigurdssona pr\u00e1v\u011b do Evertonu. Ode\u0161el tv\u016frce hry, dobr\u00fd zahrava\u010d standardn\u00edch situac\u00ed. Zjevn\u011b to hru a v\u00fdsledky Swansea ovlivnilo, stejn\u011b jako odchod Llorenteho do Spurs.<\/p>\n\n\n\n<p>Everton pot\u011b\u0161ila zpr\u00e1va, \u017ee Bolasie by mohl b\u00fdt nominov\u00e1n k z\u00e1pasu (pokud ano, tak samoz\u0159ejm\u011b za\u010dne na lavi\u010dce). Uvid\u00edme. Na seznamu dlouhodob\u00fdch marod\u016f se nic nem\u011bn\u00ed, stejn\u011b jako na zran\u011bn\u00edch dvojice Baines-McCarthy. Lze op\u011bt o\u010dek\u00e1vat Martinu vlevo a Kennyho vpravo. Na hrotu si sv\u00e9 povinnosti asi bude plnit Calvert-Lewin. Host\u016fm se uzdravil Routledge a je docela dob\u0159e mo\u017en\u00e9, \u017ee nastup\u00ed v z\u00e1kladn\u00ed sestav\u011b b\u00fdval\u00fd spar\u0165an Bony. Ur\u010dit\u011b nebude hr\u00e1t Bartley.<\/p>\n\n\n\n<p>Utk\u00e1n\u00ed vys\u00edl\u00e1 p\u0159\u00edm\u00fdm p\u0159enosem stanice Digi sport 1.<\/p>\n\n\n\n<p>P. S. Everton je st\u00e1le jedin\u00fd t\u00fdm v lize, kter\u00fd sebral body Manchesteru City.<\/p>\n\n\n\n<p><strong>Co:<\/strong>&nbsp;Everton FC &#8211;&nbsp; Swansea City AFC, 18. kolo Premier League<br><strong>Kdy:<\/strong>&nbsp;18. 12. 2017 od 21:00 SE\u010c<br><strong>Kde:<\/strong>&nbsp;Goodison Park, Liverpool<br><strong>Rozhod\u010d\u00ed:&nbsp;<\/strong>Jonathan Moss<\/p>\n","protected":false},"excerpt":{"rendered":"<p>\u010clov\u011bk moc nerozum\u00ed faktu, \u017ee zrovna tento ma\u010d byl vybr\u00e1n jako pond\u011bln\u00ed televizn\u00ed dohr\u00e1vka, le\u010d, jak p\u00ed\u0161e legenda idnes\u00e1ck\u00fdch diskus\u00ed,&hellip;<\/p>\n","protected":false},"author":12,"featured_media":1314,"comment_status":"open","ping_status":"closed","sticky":false,"template":"","format":"standard","meta":{"_eb_attr":"","_monsterinsights_skip_tracking":false,"_monsterinsights_sitenote_active":false,"_monsterinsights_sitenote_note":"","_monsterinsights_sitenote_category":0,"footnotes":""},"categories":[4],"tags":[],"yoast_head":"<!-- This site is optimized with the Yoast SEO plugin v23.4 - https:\/\/yoast.com\/wordpress\/plugins\/seo\/ -->\n<title>Preview: Everton - Swansea City - Official Czech &amp; Slovak Everton Supporters&#039; Club<\/title>\n<meta name=\"robots\" content=\"index, follow, max-snippet:-1, max-image-preview:large, max-video-preview:-1\" \/>\n<link rel=\"canonical\" href=\"https:\/\/evertonfc.cz\/index.php\/2017\/12\/17\/preview-everton-swansea-city\/\" \/>\n<meta property=\"og:locale\" content=\"cs_CZ\" \/>\n<meta property=\"og:type\" content=\"article\" \/>\n<meta property=\"og:title\" content=\"Preview: Everton - Swansea City - Official Czech &amp; Slovak Everton Supporters&#039; Club\" \/>\n<meta property=\"og:description\" content=\"\u010clov\u011bk moc nerozum\u00ed faktu, \u017ee zrovna tento ma\u010d byl vybr\u00e1n jako pond\u011bln\u00ed televizn\u00ed dohr\u00e1vka, le\u010d, jak p\u00ed\u0161e legenda idnes\u00e1ck\u00fdch diskus\u00ed,&hellip;\" \/>\n<meta property=\"og:url\" content=\"https:\/\/evertonfc.cz\/index.php\/2017\/12\/17\/preview-everton-swansea-city\/\" \/>\n<meta property=\"og:site_name\" content=\"Official Czech &amp; Slovak Everton Supporters&#039; Club\" \/>\n<meta property=\"article:publisher\" content=\"https:\/\/www.facebook.com\/everton.fans.cz.sk\" \/>\n<meta property=\"article:published_time\" content=\"2017-12-17T17:53:52+00:00\" \/>\n<meta property=\"article:modified_time\" content=\"2019-02-05T17:55:02+00:00\" \/>\n<meta property=\"og:image\" content=\"https:\/\/evertonfc.cz\/wp-content\/uploads\/2019\/01\/preview.jpg\" \/>\n\t<meta property=\"og:image:width\" content=\"720\" \/>\n\t<meta property=\"og:image:height\" content=\"405\" \/>\n\t<meta property=\"og:image:type\" content=\"image\/jpeg\" \/>\n<meta name=\"author\" content=\"Javor\" \/>\n<meta name=\"twitter:card\" content=\"summary_large_image\" \/>\n<meta name=\"twitter:creator\" content=\"@LoudinJan\" \/>\n<meta name=\"twitter:label1\" content=\"Napsal(a)\" \/>\n\t<meta name=\"twitter:data1\" content=\"Javor\" \/>\n\t<meta name=\"twitter:label2\" content=\"Odhadovan\u00e1 doba \u010dten\u00ed\" \/>\n\t<meta name=\"twitter:data2\" content=\"2 minuty\" \/>\n<script type=\"application\/ld+json\" class=\"yoast-schema-graph\">{\"@context\":\"https:\/\/schema.org\",\"@graph\":[{\"@type\":\"Article\",\"@id\":\"https:\/\/evertonfc.cz\/index.php\/2017\/12\/17\/preview-everton-swansea-city\/#article\",\"isPartOf\":{\"@id\":\"https:\/\/evertonfc.cz\/index.php\/2017\/12\/17\/preview-everton-swansea-city\/\"},\"author\":{\"name\":\"Javor\",\"@id\":\"https:\/\/evertonfc.cz\/#\/schema\/person\/b30daf6a5852f4811f8207a17ec1bf78\"},\"headline\":\"Preview: Everton &#8211; Swansea City\",\"datePublished\":\"2017-12-17T17:53:52+00:00\",\"dateModified\":\"2019-02-05T17:55:02+00:00\",\"mainEntityOfPage\":{\"@id\":\"https:\/\/evertonfc.cz\/index.php\/2017\/12\/17\/preview-everton-swansea-city\/\"},\"wordCount\":382,\"commentCount\":0,\"publisher\":{\"@id\":\"https:\/\/evertonfc.cz\/#organization\"},\"image\":{\"@id\":\"https:\/\/evertonfc.cz\/index.php\/2017\/12\/17\/preview-everton-swansea-city\/#primaryimage\"},\"thumbnailUrl\":\"https:\/\/evertonfc.cz\/wp-content\/uploads\/2019\/01\/preview.jpg\",\"articleSection\":[\"Z\u00e1pasy\"],\"inLanguage\":\"cs\",\"potentialAction\":[{\"@type\":\"CommentAction\",\"name\":\"Comment\",\"target\":[\"https:\/\/evertonfc.cz\/index.php\/2017\/12\/17\/preview-everton-swansea-city\/#respond\"]}]},{\"@type\":\"WebPage\",\"@id\":\"https:\/\/evertonfc.cz\/index.php\/2017\/12\/17\/preview-everton-swansea-city\/\",\"url\":\"https:\/\/evertonfc.cz\/index.php\/2017\/12\/17\/preview-everton-swansea-city\/\",\"name\":\"Preview: Everton - Swansea City - Official Czech &amp; Slovak Everton Supporters&#039; Club\",\"isPartOf\":{\"@id\":\"https:\/\/evertonfc.cz\/#website\"},\"primaryImageOfPage\":{\"@id\":\"https:\/\/evertonfc.cz\/index.php\/2017\/12\/17\/preview-everton-swansea-city\/#primaryimage\"},\"image\":{\"@id\":\"https:\/\/evertonfc.cz\/index.php\/2017\/12\/17\/preview-everton-swansea-city\/#primaryimage\"},\"thumbnailUrl\":\"https:\/\/evertonfc.cz\/wp-content\/uploads\/2019\/01\/preview.jpg\",\"datePublished\":\"2017-12-17T17:53:52+00:00\",\"dateModified\":\"2019-02-05T17:55:02+00:00\",\"breadcrumb\":{\"@id\":\"https:\/\/evertonfc.cz\/index.php\/2017\/12\/17\/preview-everton-swansea-city\/#breadcrumb\"},\"inLanguage\":\"cs\",\"potentialAction\":[{\"@type\":\"ReadAction\",\"target\":[\"https:\/\/evertonfc.cz\/index.php\/2017\/12\/17\/preview-everton-swansea-city\/\"]}]},{\"@type\":\"ImageObject\",\"inLanguage\":\"cs\",\"@id\":\"https:\/\/evertonfc.cz\/index.php\/2017\/12\/17\/preview-everton-swansea-city\/#primaryimage\",\"url\":\"https:\/\/evertonfc.cz\/wp-content\/uploads\/2019\/01\/preview.jpg\",\"contentUrl\":\"https:\/\/evertonfc.cz\/wp-content\/uploads\/2019\/01\/preview.jpg\",\"width\":720,\"height\":405},{\"@type\":\"BreadcrumbList\",\"@id\":\"https:\/\/evertonfc.cz\/index.php\/2017\/12\/17\/preview-everton-swansea-city\/#breadcrumb\",\"itemListElement\":[{\"@type\":\"ListItem\",\"position\":1,\"name\":\"Home\",\"item\":\"https:\/\/evertonfc.cz\/\"},{\"@type\":\"ListItem\",\"position\":2,\"name\":\"Preview: Everton &#8211; Swansea City\"}]},{\"@type\":\"WebSite\",\"@id\":\"https:\/\/evertonfc.cz\/#website\",\"url\":\"https:\/\/evertonfc.cz\/\",\"name\":\"Official Czech &amp; Slovak Everton Supporters&#039; Club\",\"description\":\"\",\"publisher\":{\"@id\":\"https:\/\/evertonfc.cz\/#organization\"},\"potentialAction\":[{\"@type\":\"SearchAction\",\"target\":{\"@type\":\"EntryPoint\",\"urlTemplate\":\"https:\/\/evertonfc.cz\/?s={search_term_string}\"},\"query-input\":{\"@type\":\"PropertyValueSpecification\",\"valueRequired\":true,\"valueName\":\"search_term_string\"}}],\"inLanguage\":\"cs\"},{\"@type\":\"Organization\",\"@id\":\"https:\/\/evertonfc.cz\/#organization\",\"name\":\"Official Czech & Slovak Everton Supporters' Club\",\"url\":\"https:\/\/evertonfc.cz\/\",\"logo\":{\"@type\":\"ImageObject\",\"inLanguage\":\"cs\",\"@id\":\"https:\/\/evertonfc.cz\/#\/schema\/logo\/image\/\",\"url\":\"https:\/\/evertonfc.cz\/wp-content\/uploads\/2019\/05\/logo.png\",\"contentUrl\":\"https:\/\/evertonfc.cz\/wp-content\/uploads\/2019\/05\/logo.png\",\"width\":112,\"height\":112,\"caption\":\"Official Czech & Slovak Everton Supporters' Club\"},\"image\":{\"@id\":\"https:\/\/evertonfc.cz\/#\/schema\/logo\/image\/\"},\"sameAs\":[\"https:\/\/www.facebook.com\/everton.fans.cz.sk\"]},{\"@type\":\"Person\",\"@id\":\"https:\/\/evertonfc.cz\/#\/schema\/person\/b30daf6a5852f4811f8207a17ec1bf78\",\"name\":\"Javor\",\"sameAs\":[\"https:\/\/x.com\/LoudinJan\"],\"url\":\"https:\/\/evertonfc.cz\/index.php\/author\/javor\/\"}]}<\/script>\n<!-- \/ Yoast SEO plugin. -->","yoast_head_json":{"title":"Preview: Everton - Swansea City - Official Czech &amp; Slovak Everton Supporters&#039; Club","robots":{"index":"index","follow":"follow","max-snippet":"max-snippet:-1","max-image-preview":"max-image-preview:large","max-video-preview":"max-video-preview:-1"},"canonical":"https:\/\/evertonfc.cz\/index.php\/2017\/12\/17\/preview-everton-swansea-city\/","og_locale":"cs_CZ","og_type":"article","og_title":"Preview: Everton - Swansea City - Official Czech &amp; Slovak Everton Supporters&#039; Club","og_description":"\u010clov\u011bk moc nerozum\u00ed faktu, \u017ee zrovna tento ma\u010d byl vybr\u00e1n jako pond\u011bln\u00ed televizn\u00ed dohr\u00e1vka, le\u010d, jak p\u00ed\u0161e legenda idnes\u00e1ck\u00fdch diskus\u00ed,&hellip;","og_url":"https:\/\/evertonfc.cz\/index.php\/2017\/12\/17\/preview-everton-swansea-city\/","og_site_name":"Official Czech &amp; Slovak Everton Supporters&#039; Club","article_publisher":"https:\/\/www.facebook.com\/everton.fans.cz.sk","article_published_time":"2017-12-17T17:53:52+00:00","article_modified_time":"2019-02-05T17:55:02+00:00","og_image":[{"width":720,"height":405,"url":"https:\/\/evertonfc.cz\/wp-content\/uploads\/2019\/01\/preview.jpg","type":"image\/jpeg"}],"author":"Javor","twitter_card":"summary_large_image","twitter_creator":"@LoudinJan","twitter_misc":{"Napsal(a)":"Javor","Odhadovan\u00e1 doba \u010dten\u00ed":"2 minuty"},"schema":{"@context":"https:\/\/schema.org","@graph":[{"@type":"Article","@id":"https:\/\/evertonfc.cz\/index.php\/2017\/12\/17\/preview-everton-swansea-city\/#article","isPartOf":{"@id":"https:\/\/evertonfc.cz\/index.php\/2017\/12\/17\/preview-everton-swansea-city\/"},"author":{"name":"Javor","@id":"https:\/\/evertonfc.cz\/#\/schema\/person\/b30daf6a5852f4811f8207a17ec1bf78"},"headline":"Preview: Everton &#8211; Swansea City","datePublished":"2017-12-17T17:53:52+00:00","dateModified":"2019-02-05T17:55:02+00:00","mainEntityOfPage":{"@id":"https:\/\/evertonfc.cz\/index.php\/2017\/12\/17\/preview-everton-swansea-city\/"},"wordCount":382,"commentCount":0,"publisher":{"@id":"https:\/\/evertonfc.cz\/#organization"},"image":{"@id":"https:\/\/evertonfc.cz\/index.php\/2017\/12\/17\/preview-everton-swansea-city\/#primaryimage"},"thumbnailUrl":"https:\/\/evertonfc.cz\/wp-content\/uploads\/2019\/01\/preview.jpg","articleSection":["Z\u00e1pasy"],"inLanguage":"cs","potentialAction":[{"@type":"CommentAction","name":"Comment","target":["https:\/\/evertonfc.cz\/index.php\/2017\/12\/17\/preview-everton-swansea-city\/#respond"]}]},{"@type":"WebPage","@id":"https:\/\/evertonfc.cz\/index.php\/2017\/12\/17\/preview-everton-swansea-city\/","url":"https:\/\/evertonfc.cz\/index.php\/2017\/12\/17\/preview-everton-swansea-city\/","name":"Preview: Everton - Swansea City - Official Czech &amp; Slovak Everton Supporters&#039; Club","isPartOf":{"@id":"https:\/\/evertonfc.cz\/#website"},"primaryImageOfPage":{"@id":"https:\/\/evertonfc.cz\/index.php\/2017\/12\/17\/preview-everton-swansea-city\/#primaryimage"},"image":{"@id":"https:\/\/evertonfc.cz\/index.php\/2017\/12\/17\/preview-everton-swansea-city\/#primaryimage"},"thumbnailUrl":"https:\/\/evertonfc.cz\/wp-content\/uploads\/2019\/01\/preview.jpg","datePublished":"2017-12-17T17:53:52+00:00","dateModified":"2019-02-05T17:55:02+00:00","breadcrumb":{"@id":"https:\/\/evertonfc.cz\/index.php\/2017\/12\/17\/preview-everton-swansea-city\/#breadcrumb"},"inLanguage":"cs","potentialAction":[{"@type":"ReadAction","target":["https:\/\/evertonfc.cz\/index.php\/2017\/12\/17\/preview-everton-swansea-city\/"]}]},{"@type":"ImageObject","inLanguage":"cs","@id":"https:\/\/evertonfc.cz\/index.php\/2017\/12\/17\/preview-everton-swansea-city\/#primaryimage","url":"https:\/\/evertonfc.cz\/wp-content\/uploads\/2019\/01\/preview.jpg","contentUrl":"https:\/\/evertonfc.cz\/wp-content\/uploads\/2019\/01\/preview.jpg","width":720,"height":405},{"@type":"BreadcrumbList","@id":"https:\/\/evertonfc.cz\/index.php\/2017\/12\/17\/preview-everton-swansea-city\/#breadcrumb","itemListElement":[{"@type":"ListItem","position":1,"name":"Home","item":"https:\/\/evertonfc.cz\/"},{"@type":"ListItem","position":2,"name":"Preview: Everton &#8211; Swansea City"}]},{"@type":"WebSite","@id":"https:\/\/evertonfc.cz\/#website","url":"https:\/\/evertonfc.cz\/","name":"Official Czech &amp; Slovak Everton Supporters&#039; Club","description":"","publisher":{"@id":"https:\/\/evertonfc.cz\/#organization"},"potentialAction":[{"@type":"SearchAction","target":{"@type":"EntryPoint","urlTemplate":"https:\/\/evertonfc.cz\/?s={search_term_string}"},"query-input":{"@type":"PropertyValueSpecification","valueRequired":true,"valueName":"search_term_string"}}],"inLanguage":"cs"},{"@type":"Organization","@id":"https:\/\/evertonfc.cz\/#organization","name":"Official Czech & Slovak Everton Supporters' Club","url":"https:\/\/evertonfc.cz\/","logo":{"@type":"ImageObject","inLanguage":"cs","@id":"https:\/\/evertonfc.cz\/#\/schema\/logo\/image\/","url":"https:\/\/evertonfc.cz\/wp-content\/uploads\/2019\/05\/logo.png","contentUrl":"https:\/\/evertonfc.cz\/wp-content\/uploads\/2019\/05\/logo.png","width":112,"height":112,"caption":"Official Czech & Slovak Everton Supporters' Club"},"image":{"@id":"https:\/\/evertonfc.cz\/#\/schema\/logo\/image\/"},"sameAs":["https:\/\/www.facebook.com\/everton.fans.cz.sk"]},{"@type":"Person","@id":"https:\/\/evertonfc.cz\/#\/schema\/person\/b30daf6a5852f4811f8207a17ec1bf78","name":"Javor","sameAs":["https:\/\/x.com\/LoudinJan"],"url":"https:\/\/evertonfc.cz\/index.php\/author\/javor\/"}]}},"_links":{"self":[{"href":"https:\/\/evertonfc.cz\/index.php\/wp-json\/wp\/v2\/posts\/2279"}],"collection":[{"href":"https:\/\/evertonfc.cz\/index.php\/wp-json\/wp\/v2\/posts"}],"about":[{"href":"https:\/\/evertonfc.cz\/index.php\/wp-json\/wp\/v2\/types\/post"}],"author":[{"embeddable":true,"href":"https:\/\/evertonfc.cz\/index.php\/wp-json\/wp\/v2\/users\/12"}],"replies":[{"embeddable":true,"href":"https:\/\/evertonfc.cz\/index.php\/wp-json\/wp\/v2\/comments?post=2279"}],"version-history":[{"count":1,"href":"https:\/\/evertonfc.cz\/index.php\/wp-json\/wp\/v2\/posts\/2279\/revisions"}],"predecessor-version":[{"id":2280,"href":"https:\/\/evertonfc.cz\/index.php\/wp-json\/wp\/v2\/posts\/2279\/revisions\/2280"}],"wp:featuredmedia":[{"embeddable":true,"href":"https:\/\/evertonfc.cz\/index.php\/wp-json\/wp\/v2\/media\/1314"}],"wp:attachment":[{"href":"https:\/\/evertonfc.cz\/index.php\/wp-json\/wp\/v2\/media?parent=2279"}],"wp:term":[{"taxonomy":"category","embeddable":true,"href":"https:\/\/evertonfc.cz\/index.php\/wp-json\/wp\/v2\/categories?post=2279"},{"taxonomy":"post_tag","embeddable":true,"href":"https:\/\/evertonfc.cz\/index.php\/wp-json\/wp\/v2\/tags?post=2279"}],"curies":[{"name":"wp","href":"https:\/\/api.w.org\/{rel}","templated":true}]}}