{"id":22806,"date":"2023-09-20T15:57:10","date_gmt":"2023-09-20T13:57:10","guid":{"rendered":"https:\/\/evertonfc.cz\/?p=22806"},"modified":"2023-10-09T11:00:21","modified_gmt":"2023-10-09T09:00:21","slug":"dohodnute-moshiri-to-preda","status":"publish","type":"post","link":"https:\/\/evertonfc.cz\/index.php\/2023\/09\/20\/dohodnute-moshiri-to-preda\/","title":{"rendered":"Dohodnut\u00e9, Moshiri to pred\u00e1!"},"content":{"rendered":"<h4>U\u017e je to \u010dierne na bielom, len \u010do to patri\u010dn\u00e9 org\u00e1ny odobria, Everton prejde pod patron\u00e1t klubov\u00e9ho korpor\u00e1tu 777 Partners. Preverovac\u00ed proces by mal trva\u0165 tri mesiace.<\/h4>\n<p>Piatok, 15. september bol ten de\u0148, kedy svetlo sveta uzrela na str\u00e1nkach klubov\u00e9ho webu spr\u00e1va, \u017ee o\u010dak\u00e1van\u00fd obchod medzi s\u00fa\u010dasn\u00fdm v\u00e4\u010d\u0161inov\u00fdm vlastn\u00edkom Farhadom Moshirim a spom\u00ednanou spolo\u010dnos\u0165ou je realitou. Americk\u00ed 777 Partners s n\u00edm podp\u00edsali dohodu o z\u00edskan\u00ed cel\u00e9ho jeho podielu v Evertone.<\/p>\n<p>Ten v s\u00fa\u010dasnosti predstavuje 94,1 percenta akci\u00ed klubu. Zvy\u0161ok zatia\u013e zost\u00e1va v ruk\u00e1ch aktu\u00e1lneho predsedu klubu Billa Kenwrighta (1.3%) a zvy\u0161n\u00fdch akcion\u00e1rov, vlastniacich men\u0161ie a zanedbate\u013en\u00e9 podiely (spolu 4.6%). Presn\u00e1 povaha dohody v\u0161ak zost\u00e1va nejasn\u00e1, ke\u010f\u017ee podrobn\u00e9 podmienky zmluvy nie s\u00fa ofici\u00e1lne zverejnen\u00e9. No The Telegraph uv\u00e1dza, \u017ee cena by nakoniec mohla dosiahnu\u0165 500 mili\u00f3nov libier.<\/p>\n<h4 style=\"text-align: center;\"><strong>Farhad Moshiri, v\u00e4\u010d\u0161inov\u00fd vlastn\u00edk EFC:<\/strong><\/h4>\n<blockquote><p><span style=\"font-size: 12pt;\"><em>\u201ePovaha vlastn\u00edctva a financovania \u0161pi\u010dkov\u00fdch futbalov\u00fdch klubov sa od doby, kedy som prv\u00fdkr\u00e1t investoval do Evertonu pred viac ako siedmimi rokmi, nesmierne zmenila. Dni vlastn\u00edka\/dobrodinca s\u00fa pre v\u00e4\u010d\u0161inu zdanlivo nedosiahnute\u013en\u00e9 a najv\u00e4\u010d\u0161ie kluby teraz zvy\u010dajne vlastnia dobre vybaven\u00e9 PE firmy, \u0161pecializovan\u00ed \u0161portov\u00ed investori alebo \u0161t\u00e1tom podporovan\u00e9 spolo\u010dnosti a fondy.<\/em><\/span><\/p>\n<p><span style=\"font-size: 12pt;\"><em>Otvorene som hovoril o potrebe prinies\u0165 nov\u00e9 invest\u00edcie a dokon\u010di\u0165 financovanie n\u00e1\u0161ho ikonick\u00e9ho nov\u00e9ho \u0161tadi\u00f3na v Bramley-Moore Dock na brehu Mersey, ktor\u00fd som doteraz preva\u017ene financoval s\u00e1m. Hovoril som s viacer\u00fdmi stranami a zva\u017eoval som nieko\u013eko siln\u00fdch potenci\u00e1lnych pr\u00edle\u017eitost\u00ed. Av\u0161ak na z\u00e1klade mojich dlh\u00fdch diskusi\u00ed so 777 ver\u00edm, \u017ee s\u00fa najlep\u0161\u00edmi partnermi, ktor\u00ed posun\u00fa n\u00e1\u0161 skvel\u00fd klub vpred, so v\u0161etk\u00fdmi v\u00fdhodami ich multiklubov\u00e9ho investi\u010dn\u00e9ho modelu.<\/em><\/span><\/p>\n<p><span style=\"font-size: 12pt;\"><em>V\u00fdsledkom tejto dohody je, \u017ee m\u00e1me sk\u00fasen\u00e9ho a dobre prepojen\u00e9ho investora do futbalov\u00fdch klubov, ktor\u00fd n\u00e1m pom\u00f4\u017ee maximalizova\u0165 komer\u010dn\u00e9 pr\u00edle\u017eitosti. A zabezpe\u010dili sme t\u00fdm kompletn\u00e9 financovanie n\u00e1\u0161ho nov\u00e9ho \u0161tadi\u00f3na, ktor\u00fd bude rozhoduj\u00facim prvkom bud\u00faceho \u00faspechu Evertonu.\u201c<\/em><\/span><\/p><\/blockquote>\n<h4><strong>Nejasn\u00e9 podmienky akviz\u00edcie<\/strong><\/h4>\n<p>500 mili\u00f3nov sa m\u00f4\u017ee zda\u0165 ako dos\u0165, ale n\u00e1\u0161 ir\u00e1nsko-britsk\u00fd biznismen investoval do EFC u\u017e viac ako \u00a3750 mili\u00f3nov, tak\u017ee logicky bude po tomto predaji v strate. Ak v\u00f4bec teda k predaju d\u00f4jde, nako\u013eko to mus\u00ed odobri\u0165 e\u0161te Premier League, FA a Finan\u010dn\u00fd \u00farad v Brit\u00e1nii. A e\u0161te okrem toho panuj\u00fa na verejnosti aj pochybnosti, \u010di nov\u00ed majitelia bud\u00fa schopn\u00ed investova\u0165 do Evertonu to\u013eko pe\u0148az\u00ed, ko\u013eko je treba &#8211; zhruba miliardu libier.<\/p>\n<p>Zauj\u00edmav\u00e9 napr\u00edklad je, \u017ee za\u010diatkom tohto roka sa spolo\u010dnos\u0165 Tifosy Capital (poradca 777 Partners) pok\u00fa\u0161ala z\u00edska\u0165 viac ako 200 mili\u00f3nov dol\u00e1rov pre 777, ale nepodarilo sa jej to. Na \u010do konkr\u00e9tne to malo by\u0165, nie je zrejm\u00e9. Moshirimu ale m\u00f4\u017ee by\u0165 jedno, odkia\u013e 777 peniaze zoberie. V\u00fdhodn\u00e9 pre neho je, ako informuje Telegraph, \u017ee zmluvn\u00e9 podmienky s\u00fahlasia s postupn\u00fdmi platbami, rozlo\u017een\u00fdmi do nieko\u013ek\u00fdch rokov s cie\u013eom pom\u00f4c\u0165 tak zlej finan\u010dnej situ\u00e1cii klubu, o ktorej e\u0161te p\u00ed\u0161eme v riadkoch ni\u017e\u0161ie.<\/p>\n<p>To by mohlo vies\u0165 k tomu, \u017ee Moshiri zo\u017ene v\u00e4\u010d\u0161iu dividendu, ak Everton vyu\u017eije svoj \u0161portov\u00fd a komer\u010dn\u00fd potenci\u00e1l. No z\u00e1rove\u0148 to predstavuje i zna\u010dn\u00e9 riziko, ak by v\u00fdsledky t\u00edmu vy\u00fastili k zostupu do Championship. Paul Joyce z The Times to opisuje ako \u201edohodu odv\u00edjaj\u00facu sa od v\u00fdsledkov klubu\u201c. Vysvet\u013eovalo by to, pre\u010do nebola zverejnen\u00e1 \u017eiadna cena akci\u00ed a nejasn\u00fd rozsah po\u010diato\u010dnej invest\u00edcie.<\/p>\n<h4 style=\"text-align: center;\"><strong>Josh Wander, zakladate\u013e a v\u00fdkonn\u00fd partner 777:<\/strong><\/h4>\n<blockquote><p><span style=\"font-size: 12pt;\"><em>\u201eSme skuto\u010dne pocten\u00ed pr\u00edle\u017eitos\u0165ou sta\u0165 sa s\u00fa\u010das\u0165ou rodiny Evertonu ako spr\u00e1vcovia klubu. Pova\u017eujeme za privil\u00e9gium, \u017ee m\u00f4\u017eeme stava\u0165 na jeho hrdom dedi\u010dstve a hodnot\u00e1ch. Na\u0161\u00edm hlavn\u00fdm cie\u013eom je spolupracova\u0165 s fan\u00fa\u0161ikmi a zainteresovan\u00fdmi stranami na rozvoji \u0161portovej a komer\u010dnej infra\u0161trukt\u00fary pre mu\u017esk\u00e9 a \u017eensk\u00e9 t\u00edmy, ktor\u00e1 prinesie v\u00fdsledky pre bud\u00face gener\u00e1cie fan\u00fa\u0161ikov Evertonu. V r\u00e1mci toho sme sa zaviazali k dlhodob\u00e9mu partnerstvu s miestnou komunitou, pracujeme na d\u00f4le\u017eit\u00fdch projektoch, ako je rozvoj Bramley-Moore Dock ako \u0161tadi\u00f3na svetovej triedy, ktor\u00fd umo\u017en\u00ed tis\u00edckam \u010fal\u0161\u00edch Evertonians nav\u0161tevova\u0165 na\u0161e dom\u00e1ce z\u00e1pasy a prispie\u0165 k hospod\u00e1rskej a kult\u00farnej regener\u00e1cii Merseyside.\u201c<\/em><\/span><\/p><\/blockquote>\n<h4><strong>Zmen\u00ed sa na ihrisku nie\u010do ihne\u010f?<\/strong><\/h4>\n<p>Potenci\u00e1lni nov\u00ed majitelia s\u013e\u00fabili, \u017ee v Goodison Parku zaved\u00fa nov\u00fa \u00e9ru. Ako \u010falej rozv\u00edjaj\u00fa novin\u00e1ri, mana\u017e\u00e9r Sean Dyche by mal by\u0165 podporen\u00fd, ur\u010dite aspo\u0148 na za\u010diatku, ke\u010f\u017ee 777 \u00fadajne nem\u00e1 \u017eiadne okam\u017eit\u00e9 pl\u00e1ny na zmenu futbalov\u00fdch oper\u00e1ci\u00ed. \u00dadajne pok\u00fdm prebieha proces schv\u00e1lenia, nikto v klube nem\u00e1 autoritu ho vyhodi\u0165. Pr\u00e1ca \u0161portov\u00e9ho riadite\u013ea Kevina Thelwella je zatia\u013e tie\u017e bez ohrozenia. Rozumie sa, \u017ee potencion\u00e1lni nov\u00ed majitelia s\u00fa dokonca spokojn\u00ed s v\u00fdkonmi Dychea a Thelwella, hoci Everton v tejto sez\u00f3ne e\u0161te nevyhral.<\/p>\n<p>Ameri\u010dania sa zatia\u013e sna\u017eia ubezpe\u010di\u0165 zamestnancov a fan\u00fa\u0161ikov o ich bezprostredn\u00fdch a dlhodob\u00fdch z\u00e1meroch. A gener\u00e1lna v\u00fdmena v\u00fdkonnej rady klubu je jednou z hlavn\u00fdch prior\u00edt programu. Predseda Bill Kenwright, ktor\u00fd si st\u00e1le udr\u017eiava takmer dvojpercentn\u00fd podiel v klube, bude po ratifik\u00e1cii zmluvy vies\u0165 rozhovory o tom, \u010di e\u0161te bude ma\u0165 nejak\u00fa bud\u00facu \u00falohu v\u00a0\u0148om. D\u00fafajme, \u017ee nie, ale ni\u010d nie je vyl\u00fa\u010den\u00e9.<\/p>\n<p>777 Partners po\u010das obdobia, k\u00fdm sa vykon\u00e1 nevyhnutn\u00e9 regula\u010dn\u00e9ho presk\u00famanie v Premier League, nebud\u00fa poskytova\u0165 \u017eiadne \u010fal\u0161ie vyjadrenia. Av\u0161ak veria, \u017ee presved\u010dia \u00farady aj fan\u00fa\u0161ikov. Pod\u013ea jedn\u00e9ho zdroja, ktor\u00fd je obozn\u00e1men\u00fd s pl\u00e1nmi nov\u00fdch vlastn\u00edkov, sa vo vhodnom \u010dase uskuto\u010dnia stretnutia so z\u00e1stupcami fan\u00fa\u0161ikov Evertonu. T\u00ed maj\u00fa \u010do k\u00a0tomu poveda\u0165, rovnako ako zdru\u017eenie akcion\u00e1rov.<\/p>\n<h4 style=\"text-align: center;\"><strong>Asoci\u00e1cia akcion\u00e1rov Evertonu:<\/strong><\/h4>\n<blockquote><p><span style=\"font-size: 12pt;\"><em>\u201eBerieme na vedomie z\u00e1mer najv\u00e4\u010d\u0161ieho akcion\u00e1ra Farhada Moshiriho preda\u0165 svoje akcie 777 Partners. Dosta\u0165 len nieko\u013ekomin\u00fatov\u00e9 varovanie o tejto navrhovanej zmene vlastn\u00edctva je sklaman\u00edm. Majite\u013e a klub sa na\u010falej spr\u00e1vaj\u00fa k akcion\u00e1rom a fan\u00fa\u0161ikom poh\u0155davo a vyz\u00fdvame s\u00fa\u010dasn\u00fdch a (navrhovan\u00fdch bud\u00facich) vlastn\u00edkov, aby okam\u017eite za\u010dali kona\u0165 a\u00a0nielen hovori\u0165 o\u00a0ich transparentnosti a zapojen\u00ed fan\u00fa\u0161ikov, preto\u017ee t\u00ed s\u00fa najd\u00f4le\u017eitej\u0161\u00edm akt\u00edvom ka\u017ed\u00e9ho futbalov\u00e9ho klubu.\u201c<\/em><\/span><\/p><\/blockquote>\n<h4 style=\"text-align: center;\"><strong>Dave Kelly, predseda poradnej rady fan\u00fa\u0161ikov EFC:<\/strong><\/h4>\n<blockquote><p><span style=\"font-size: 12pt;\"><em>\u201eDiabol bude v detailoch a moment\u00e1lne nem\u00e1me \u017eiadne detaily. Uv\u00edtame posedenie s 777 alebo ak\u00fdmko\u013evek potenci\u00e1lnym investorom. Ale v tejto f\u00e1ze by sme povedali, \u017ee budeme posudzova\u0165 \u010diny viac ako slov\u00e1. Ako priaznivci m\u00e1me to, \u010do sme si priali, pokia\u013e ide o zbavenie sa Moshiriho a (Billa) Kenwrighta, ale je to ide\u00e1lne? Tento proces predaja m\u00e1 st\u00e1le pocit, \u017ee je \u010faleko od toho, kde by mal by\u0165. Zapojenie fan\u00fa\u0161ikov mus\u00ed by\u0165 na vrchole ich (777) programu. \u00daprimne, nemysl\u00edm si, \u017ee bud\u00fa \u010daka\u0165 tri mesiace, aby sa zapojili do kontaktu s fan\u00fa\u0161ikmi. 3. okt\u00f3bra je poradn\u00e9 stretnutie pre fan\u00fa\u0161ikov, tak\u017ee potom sa veci m\u00f4\u017eu vyjasni\u0165.\u201c<\/em><\/span><\/p><\/blockquote>\n<h4><strong>777 sa u\u017e finan\u010dne anga\u017euje<\/strong><\/h4>\n<p>Pod\u013ea exkluz\u00edvnych inform\u00e1cii od The Athletic, nov\u00ed bud\u00faci majitelia Karameliek so s\u00eddlom v Miami do\u010dasne poskytli Evertonu zna\u010dn\u00e9 peniaze (rozumej \u010fal\u0161ie p\u00f4\u017ei\u010dky) \u201ena pomoc s kr\u00e1tkodob\u00fdmi po\u017eiadavkami na prev\u00e1dzkov\u00fd kapit\u00e1l a v\u00fdstavbu \u0161tadi\u00f3na\u201c, pri\u010dom prvotn\u00e1 platba sa odhaduje na 20 mili\u00f3nov libier.<\/p>\n<p>Podrobnosti financovania neboli zverejnen\u00e9. \u010ci existuje mo\u017enos\u0165 to previes\u0165 na podiel v klube (konvertibiln\u00fd dlh), teda nevedno. Av\u0161ak pravidl\u00e1 Premier League br\u00e1nia spolo\u010dnosti investova\u0165 priamo do Evertonu prostredn\u00edctvom kapit\u00e1lovej injekcie, pokia\u013e a k\u00fdm dohoda, ktor\u00fa maj\u00fa s Moshirim uzavret\u00fa, nedostane zelen\u00fa. Preto pri naliehavej potrebe dofinancovania dennodenn\u00e9ho chodu klubu sa vyu\u017eila t\u00e1to mo\u017enos\u0165. Nie je to prekvapiv\u00e9, ale st\u00e1le dok\u00e1\u017ee \u0161okova\u0165 fakt, \u017ee \u00faspe\u0161n\u00fd obchodn\u00edk dotiahol predt\u00fdm sebesta\u010dn\u00fd klub do bodu, kedy si mus\u00ed ka\u017ed\u00fd mesiac na svoje fakt\u00fary \u201epo\u017ei\u010diava\u0165\u201c. Doteraz v\u017edy dop\u013a\u0148al kasu Moshiri. No u\u017e si na\u0161iel ochotn\u00fa n\u00e1hradu.<\/p>\n<p>Spolo\u010dnos\u0165 so s\u00eddlom v USA m\u00e1 v \u00famysle udr\u017eiava\u0165 nepretr\u017eit\u00fd dial\u00f3g s Evertonom, zatia\u013e \u010do \u010dak\u00e1, k\u00fdm sa dozvie, \u010di jeho akviz\u00edcia na Merseyside bude m\u00f4c\u0165 pokra\u010dova\u0165. Pravdepodobne to bude zah\u0155\u0148a\u0165 poskytovania ur\u010dit\u00fdch odborn\u00fdch znalost\u00ed zo svojho multiklubov\u00e9ho modelu a obsadenie \u00falohy pozorovate\u013ea v spr\u00e1vnej rade.<\/p>\n<p style=\"text-align: right;\"><span style=\"font-size: 8pt;\">(fotozdroj: The Sun)<\/span><\/p>\n","protected":false},"excerpt":{"rendered":"<p>U\u017e je to \u010dierne na bielom, len \u010do to patri\u010dn\u00e9 org\u00e1ny odobria, Everton prejde pod patron\u00e1t klubov\u00e9ho korpor\u00e1tu 777 Partners. Preverovac\u00ed proces by mal trva\u0165 tri mesiace.<\/p>\n","protected":false},"author":1,"featured_media":22807,"comment_status":"open","ping_status":"closed","sticky":false,"template":"","format":"standard","meta":{"_eb_attr":"","_monsterinsights_skip_tracking":false,"_monsterinsights_sitenote_active":false,"_monsterinsights_sitenote_note":"","_monsterinsights_sitenote_category":0,"footnotes":""},"categories":[42],"tags":[],"yoast_head":"<!-- This site is optimized with the Yoast SEO plugin v23.4 - https:\/\/yoast.com\/wordpress\/plugins\/seo\/ -->\n<title>Dohodnut\u00e9, Moshiri to pred\u00e1! - Official Czech &amp; Slovak Everton Supporters&#039; Club<\/title>\n<meta name=\"robots\" content=\"index, follow, max-snippet:-1, max-image-preview:large, max-video-preview:-1\" \/>\n<link rel=\"canonical\" href=\"https:\/\/evertonfc.cz\/index.php\/2023\/09\/20\/dohodnute-moshiri-to-preda\/\" \/>\n<meta property=\"og:locale\" content=\"cs_CZ\" \/>\n<meta property=\"og:type\" content=\"article\" \/>\n<meta property=\"og:title\" content=\"Dohodnut\u00e9, Moshiri to pred\u00e1! - Official Czech &amp; Slovak Everton Supporters&#039; Club\" \/>\n<meta property=\"og:description\" content=\"U\u017e je to \u010dierne na bielom, len \u010do to patri\u010dn\u00e9 org\u00e1ny odobria, Everton prejde pod patron\u00e1t klubov\u00e9ho korpor\u00e1tu 777 Partners. Preverovac\u00ed proces by mal trva\u0165 tri mesiace.\" \/>\n<meta property=\"og:url\" content=\"https:\/\/evertonfc.cz\/index.php\/2023\/09\/20\/dohodnute-moshiri-to-preda\/\" \/>\n<meta property=\"og:site_name\" content=\"Official Czech &amp; Slovak Everton Supporters&#039; Club\" \/>\n<meta property=\"article:publisher\" content=\"https:\/\/www.facebook.com\/everton.fans.cz.sk\" \/>\n<meta property=\"article:published_time\" content=\"2023-09-20T13:57:10+00:00\" \/>\n<meta property=\"article:modified_time\" content=\"2023-10-09T09:00:21+00:00\" \/>\n<meta property=\"og:image\" content=\"https:\/\/evertonfc.cz\/wp-content\/uploads\/2023\/09\/Moshiri-Wander-The-Sun-20-9-2023.jpg\" \/>\n\t<meta property=\"og:image:width\" content=\"720\" \/>\n\t<meta property=\"og:image:height\" content=\"405\" \/>\n\t<meta property=\"og:image:type\" content=\"image\/jpeg\" \/>\n<meta name=\"author\" content=\"BlueBlooded\" \/>\n<meta name=\"twitter:card\" content=\"summary_large_image\" \/>\n<meta name=\"twitter:label1\" content=\"Napsal(a)\" \/>\n\t<meta name=\"twitter:data1\" content=\"BlueBlooded\" \/>\n\t<meta name=\"twitter:label2\" content=\"Odhadovan\u00e1 doba \u010dten\u00ed\" \/>\n\t<meta name=\"twitter:data2\" content=\"5 minut\" \/>\n<script type=\"application\/ld+json\" class=\"yoast-schema-graph\">{\"@context\":\"https:\/\/schema.org\",\"@graph\":[{\"@type\":\"Article\",\"@id\":\"https:\/\/evertonfc.cz\/index.php\/2023\/09\/20\/dohodnute-moshiri-to-preda\/#article\",\"isPartOf\":{\"@id\":\"https:\/\/evertonfc.cz\/index.php\/2023\/09\/20\/dohodnute-moshiri-to-preda\/\"},\"author\":{\"name\":\"BlueBlooded\",\"@id\":\"https:\/\/evertonfc.cz\/#\/schema\/person\/d4493b8cbea51532597fbc4685698916\"},\"headline\":\"Dohodnut\u00e9, Moshiri to pred\u00e1!\",\"datePublished\":\"2023-09-20T13:57:10+00:00\",\"dateModified\":\"2023-10-09T09:00:21+00:00\",\"mainEntityOfPage\":{\"@id\":\"https:\/\/evertonfc.cz\/index.php\/2023\/09\/20\/dohodnute-moshiri-to-preda\/\"},\"wordCount\":1520,\"commentCount\":2,\"publisher\":{\"@id\":\"https:\/\/evertonfc.cz\/#organization\"},\"image\":{\"@id\":\"https:\/\/evertonfc.cz\/index.php\/2023\/09\/20\/dohodnute-moshiri-to-preda\/#primaryimage\"},\"thumbnailUrl\":\"https:\/\/evertonfc.cz\/wp-content\/uploads\/2023\/09\/Moshiri-Wander-The-Sun-20-9-2023.jpg\",\"articleSection\":[\"Aktuality\"],\"inLanguage\":\"cs\",\"potentialAction\":[{\"@type\":\"CommentAction\",\"name\":\"Comment\",\"target\":[\"https:\/\/evertonfc.cz\/index.php\/2023\/09\/20\/dohodnute-moshiri-to-preda\/#respond\"]}]},{\"@type\":\"WebPage\",\"@id\":\"https:\/\/evertonfc.cz\/index.php\/2023\/09\/20\/dohodnute-moshiri-to-preda\/\",\"url\":\"https:\/\/evertonfc.cz\/index.php\/2023\/09\/20\/dohodnute-moshiri-to-preda\/\",\"name\":\"Dohodnut\u00e9, Moshiri to pred\u00e1! - Official Czech &amp; Slovak Everton Supporters&#039; Club\",\"isPartOf\":{\"@id\":\"https:\/\/evertonfc.cz\/#website\"},\"primaryImageOfPage\":{\"@id\":\"https:\/\/evertonfc.cz\/index.php\/2023\/09\/20\/dohodnute-moshiri-to-preda\/#primaryimage\"},\"image\":{\"@id\":\"https:\/\/evertonfc.cz\/index.php\/2023\/09\/20\/dohodnute-moshiri-to-preda\/#primaryimage\"},\"thumbnailUrl\":\"https:\/\/evertonfc.cz\/wp-content\/uploads\/2023\/09\/Moshiri-Wander-The-Sun-20-9-2023.jpg\",\"datePublished\":\"2023-09-20T13:57:10+00:00\",\"dateModified\":\"2023-10-09T09:00:21+00:00\",\"breadcrumb\":{\"@id\":\"https:\/\/evertonfc.cz\/index.php\/2023\/09\/20\/dohodnute-moshiri-to-preda\/#breadcrumb\"},\"inLanguage\":\"cs\",\"potentialAction\":[{\"@type\":\"ReadAction\",\"target\":[\"https:\/\/evertonfc.cz\/index.php\/2023\/09\/20\/dohodnute-moshiri-to-preda\/\"]}]},{\"@type\":\"ImageObject\",\"inLanguage\":\"cs\",\"@id\":\"https:\/\/evertonfc.cz\/index.php\/2023\/09\/20\/dohodnute-moshiri-to-preda\/#primaryimage\",\"url\":\"https:\/\/evertonfc.cz\/wp-content\/uploads\/2023\/09\/Moshiri-Wander-The-Sun-20-9-2023.jpg\",\"contentUrl\":\"https:\/\/evertonfc.cz\/wp-content\/uploads\/2023\/09\/Moshiri-Wander-The-Sun-20-9-2023.jpg\",\"width\":720,\"height\":405},{\"@type\":\"BreadcrumbList\",\"@id\":\"https:\/\/evertonfc.cz\/index.php\/2023\/09\/20\/dohodnute-moshiri-to-preda\/#breadcrumb\",\"itemListElement\":[{\"@type\":\"ListItem\",\"position\":1,\"name\":\"Home\",\"item\":\"https:\/\/evertonfc.cz\/\"},{\"@type\":\"ListItem\",\"position\":2,\"name\":\"Dohodnut\u00e9, Moshiri to pred\u00e1!\"}]},{\"@type\":\"WebSite\",\"@id\":\"https:\/\/evertonfc.cz\/#website\",\"url\":\"https:\/\/evertonfc.cz\/\",\"name\":\"Official Czech &amp; Slovak Everton Supporters&#039; Club\",\"description\":\"\",\"publisher\":{\"@id\":\"https:\/\/evertonfc.cz\/#organization\"},\"potentialAction\":[{\"@type\":\"SearchAction\",\"target\":{\"@type\":\"EntryPoint\",\"urlTemplate\":\"https:\/\/evertonfc.cz\/?s={search_term_string}\"},\"query-input\":{\"@type\":\"PropertyValueSpecification\",\"valueRequired\":true,\"valueName\":\"search_term_string\"}}],\"inLanguage\":\"cs\"},{\"@type\":\"Organization\",\"@id\":\"https:\/\/evertonfc.cz\/#organization\",\"name\":\"Official Czech & Slovak Everton Supporters' Club\",\"url\":\"https:\/\/evertonfc.cz\/\",\"logo\":{\"@type\":\"ImageObject\",\"inLanguage\":\"cs\",\"@id\":\"https:\/\/evertonfc.cz\/#\/schema\/logo\/image\/\",\"url\":\"https:\/\/evertonfc.cz\/wp-content\/uploads\/2019\/05\/logo.png\",\"contentUrl\":\"https:\/\/evertonfc.cz\/wp-content\/uploads\/2019\/05\/logo.png\",\"width\":112,\"height\":112,\"caption\":\"Official Czech & Slovak Everton Supporters' Club\"},\"image\":{\"@id\":\"https:\/\/evertonfc.cz\/#\/schema\/logo\/image\/\"},\"sameAs\":[\"https:\/\/www.facebook.com\/everton.fans.cz.sk\"]},{\"@type\":\"Person\",\"@id\":\"https:\/\/evertonfc.cz\/#\/schema\/person\/d4493b8cbea51532597fbc4685698916\",\"name\":\"BlueBlooded\",\"url\":\"https:\/\/evertonfc.cz\/index.php\/author\/admin\/\"}]}<\/script>\n<!-- \/ Yoast SEO plugin. -->","yoast_head_json":{"title":"Dohodnut\u00e9, Moshiri to pred\u00e1! - Official Czech &amp; Slovak Everton Supporters&#039; Club","robots":{"index":"index","follow":"follow","max-snippet":"max-snippet:-1","max-image-preview":"max-image-preview:large","max-video-preview":"max-video-preview:-1"},"canonical":"https:\/\/evertonfc.cz\/index.php\/2023\/09\/20\/dohodnute-moshiri-to-preda\/","og_locale":"cs_CZ","og_type":"article","og_title":"Dohodnut\u00e9, Moshiri to pred\u00e1! - Official Czech &amp; Slovak Everton Supporters&#039; Club","og_description":"U\u017e je to \u010dierne na bielom, len \u010do to patri\u010dn\u00e9 org\u00e1ny odobria, Everton prejde pod patron\u00e1t klubov\u00e9ho korpor\u00e1tu 777 Partners. Preverovac\u00ed proces by mal trva\u0165 tri mesiace.","og_url":"https:\/\/evertonfc.cz\/index.php\/2023\/09\/20\/dohodnute-moshiri-to-preda\/","og_site_name":"Official Czech &amp; Slovak Everton Supporters&#039; Club","article_publisher":"https:\/\/www.facebook.com\/everton.fans.cz.sk","article_published_time":"2023-09-20T13:57:10+00:00","article_modified_time":"2023-10-09T09:00:21+00:00","og_image":[{"width":720,"height":405,"url":"https:\/\/evertonfc.cz\/wp-content\/uploads\/2023\/09\/Moshiri-Wander-The-Sun-20-9-2023.jpg","type":"image\/jpeg"}],"author":"BlueBlooded","twitter_card":"summary_large_image","twitter_misc":{"Napsal(a)":"BlueBlooded","Odhadovan\u00e1 doba \u010dten\u00ed":"5 minut"},"schema":{"@context":"https:\/\/schema.org","@graph":[{"@type":"Article","@id":"https:\/\/evertonfc.cz\/index.php\/2023\/09\/20\/dohodnute-moshiri-to-preda\/#article","isPartOf":{"@id":"https:\/\/evertonfc.cz\/index.php\/2023\/09\/20\/dohodnute-moshiri-to-preda\/"},"author":{"name":"BlueBlooded","@id":"https:\/\/evertonfc.cz\/#\/schema\/person\/d4493b8cbea51532597fbc4685698916"},"headline":"Dohodnut\u00e9, Moshiri to pred\u00e1!","datePublished":"2023-09-20T13:57:10+00:00","dateModified":"2023-10-09T09:00:21+00:00","mainEntityOfPage":{"@id":"https:\/\/evertonfc.cz\/index.php\/2023\/09\/20\/dohodnute-moshiri-to-preda\/"},"wordCount":1520,"commentCount":2,"publisher":{"@id":"https:\/\/evertonfc.cz\/#organization"},"image":{"@id":"https:\/\/evertonfc.cz\/index.php\/2023\/09\/20\/dohodnute-moshiri-to-preda\/#primaryimage"},"thumbnailUrl":"https:\/\/evertonfc.cz\/wp-content\/uploads\/2023\/09\/Moshiri-Wander-The-Sun-20-9-2023.jpg","articleSection":["Aktuality"],"inLanguage":"cs","potentialAction":[{"@type":"CommentAction","name":"Comment","target":["https:\/\/evertonfc.cz\/index.php\/2023\/09\/20\/dohodnute-moshiri-to-preda\/#respond"]}]},{"@type":"WebPage","@id":"https:\/\/evertonfc.cz\/index.php\/2023\/09\/20\/dohodnute-moshiri-to-preda\/","url":"https:\/\/evertonfc.cz\/index.php\/2023\/09\/20\/dohodnute-moshiri-to-preda\/","name":"Dohodnut\u00e9, Moshiri to pred\u00e1! - Official Czech &amp; Slovak Everton Supporters&#039; Club","isPartOf":{"@id":"https:\/\/evertonfc.cz\/#website"},"primaryImageOfPage":{"@id":"https:\/\/evertonfc.cz\/index.php\/2023\/09\/20\/dohodnute-moshiri-to-preda\/#primaryimage"},"image":{"@id":"https:\/\/evertonfc.cz\/index.php\/2023\/09\/20\/dohodnute-moshiri-to-preda\/#primaryimage"},"thumbnailUrl":"https:\/\/evertonfc.cz\/wp-content\/uploads\/2023\/09\/Moshiri-Wander-The-Sun-20-9-2023.jpg","datePublished":"2023-09-20T13:57:10+00:00","dateModified":"2023-10-09T09:00:21+00:00","breadcrumb":{"@id":"https:\/\/evertonfc.cz\/index.php\/2023\/09\/20\/dohodnute-moshiri-to-preda\/#breadcrumb"},"inLanguage":"cs","potentialAction":[{"@type":"ReadAction","target":["https:\/\/evertonfc.cz\/index.php\/2023\/09\/20\/dohodnute-moshiri-to-preda\/"]}]},{"@type":"ImageObject","inLanguage":"cs","@id":"https:\/\/evertonfc.cz\/index.php\/2023\/09\/20\/dohodnute-moshiri-to-preda\/#primaryimage","url":"https:\/\/evertonfc.cz\/wp-content\/uploads\/2023\/09\/Moshiri-Wander-The-Sun-20-9-2023.jpg","contentUrl":"https:\/\/evertonfc.cz\/wp-content\/uploads\/2023\/09\/Moshiri-Wander-The-Sun-20-9-2023.jpg","width":720,"height":405},{"@type":"BreadcrumbList","@id":"https:\/\/evertonfc.cz\/index.php\/2023\/09\/20\/dohodnute-moshiri-to-preda\/#breadcrumb","itemListElement":[{"@type":"ListItem","position":1,"name":"Home","item":"https:\/\/evertonfc.cz\/"},{"@type":"ListItem","position":2,"name":"Dohodnut\u00e9, Moshiri to pred\u00e1!"}]},{"@type":"WebSite","@id":"https:\/\/evertonfc.cz\/#website","url":"https:\/\/evertonfc.cz\/","name":"Official Czech &amp; Slovak Everton Supporters&#039; Club","description":"","publisher":{"@id":"https:\/\/evertonfc.cz\/#organization"},"potentialAction":[{"@type":"SearchAction","target":{"@type":"EntryPoint","urlTemplate":"https:\/\/evertonfc.cz\/?s={search_term_string}"},"query-input":{"@type":"PropertyValueSpecification","valueRequired":true,"valueName":"search_term_string"}}],"inLanguage":"cs"},{"@type":"Organization","@id":"https:\/\/evertonfc.cz\/#organization","name":"Official Czech & Slovak Everton Supporters' Club","url":"https:\/\/evertonfc.cz\/","logo":{"@type":"ImageObject","inLanguage":"cs","@id":"https:\/\/evertonfc.cz\/#\/schema\/logo\/image\/","url":"https:\/\/evertonfc.cz\/wp-content\/uploads\/2019\/05\/logo.png","contentUrl":"https:\/\/evertonfc.cz\/wp-content\/uploads\/2019\/05\/logo.png","width":112,"height":112,"caption":"Official Czech & Slovak Everton Supporters' Club"},"image":{"@id":"https:\/\/evertonfc.cz\/#\/schema\/logo\/image\/"},"sameAs":["https:\/\/www.facebook.com\/everton.fans.cz.sk"]},{"@type":"Person","@id":"https:\/\/evertonfc.cz\/#\/schema\/person\/d4493b8cbea51532597fbc4685698916","name":"BlueBlooded","url":"https:\/\/evertonfc.cz\/index.php\/author\/admin\/"}]}},"_links":{"self":[{"href":"https:\/\/evertonfc.cz\/index.php\/wp-json\/wp\/v2\/posts\/22806"}],"collection":[{"href":"https:\/\/evertonfc.cz\/index.php\/wp-json\/wp\/v2\/posts"}],"about":[{"href":"https:\/\/evertonfc.cz\/index.php\/wp-json\/wp\/v2\/types\/post"}],"author":[{"embeddable":true,"href":"https:\/\/evertonfc.cz\/index.php\/wp-json\/wp\/v2\/users\/1"}],"replies":[{"embeddable":true,"href":"https:\/\/evertonfc.cz\/index.php\/wp-json\/wp\/v2\/comments?post=22806"}],"version-history":[{"count":7,"href":"https:\/\/evertonfc.cz\/index.php\/wp-json\/wp\/v2\/posts\/22806\/revisions"}],"predecessor-version":[{"id":22814,"href":"https:\/\/evertonfc.cz\/index.php\/wp-json\/wp\/v2\/posts\/22806\/revisions\/22814"}],"wp:featuredmedia":[{"embeddable":true,"href":"https:\/\/evertonfc.cz\/index.php\/wp-json\/wp\/v2\/media\/22807"}],"wp:attachment":[{"href":"https:\/\/evertonfc.cz\/index.php\/wp-json\/wp\/v2\/media?parent=22806"}],"wp:term":[{"taxonomy":"category","embeddable":true,"href":"https:\/\/evertonfc.cz\/index.php\/wp-json\/wp\/v2\/categories?post=22806"},{"taxonomy":"post_tag","embeddable":true,"href":"https:\/\/evertonfc.cz\/index.php\/wp-json\/wp\/v2\/tags?post=22806"}],"curies":[{"name":"wp","href":"https:\/\/api.w.org\/{rel}","templated":true}]}}