{"id":22819,"date":"2023-09-23T11:41:23","date_gmt":"2023-09-23T09:41:23","guid":{"rendered":"https:\/\/evertonfc.cz\/?p=22819"},"modified":"2023-09-23T13:11:32","modified_gmt":"2023-09-23T11:11:32","slug":"preview-brentford-everton-3","status":"publish","type":"post","link":"https:\/\/evertonfc.cz\/index.php\/2023\/09\/23\/preview-brentford-everton-3\/","title":{"rendered":"Preview: Brentford &#8211; Everton"},"content":{"rendered":"<h4>A\u010d chce \u010d\u00e1st fanou\u0161k\u016f odvol\u00e1n\u00ed mana\u017eera, tak to vypad\u00e1, \u017ee m\u016f\u017ee b\u00fdt Dyche v klidu. Zat\u00edm? Situace Evertonu ale opravdu nen\u00ed dobr\u00e1.<\/h4>\n<p>Jeden bod z p\u011bti z\u00e1pas\u016f a 18. m\u00edsto z 20 to celkem jasn\u011b dokazuje. Oproti Arsenalu se nab\u00edzelo postavit Calverta-Lewina a Beta od za\u010d\u00e1tku, ale nebylo tomu tak a po pasivn\u00edm v\u00fdkonu byla v\u00fdsledkem nejt\u011bsn\u011bj\u0161\u00ed prohra. Brentford jeho kvality nem\u00e1 a body pot\u0159ebujeme.<\/p>\n<p>T\u00fdm ze z\u00e1padn\u00edho Lond\u00fdna p\u0159\u00edjemn\u011b p\u0159ekvapil v\u0161echny v minul\u00e9 sez\u00f3n\u011b dev\u00e1t\u00fdm m\u00edstem. I letos vy\u0161\u0161\u00ed ambice nem\u00e1 (ale kdy\u017e se n\u011bco povede v poh\u00e1rech, tak se jist\u011b zlobit nebude). S bilanci 1-3-1 m\u00e1 6 bod\u016f a moment\u00e1ln\u011b je ve sv\u00e9m obl\u00edben\u00e9m st\u0159edu tabulky na 11. pozici. V ligov\u00e9m poh\u00e1ru je ve 3. kole, stejn\u011b jako Everton, za 4 dny bude jeho soupe\u0159em Arsenal, p\u0159i\u010dem\u017e Bees budou hr\u00e1t doma.<\/p>\n<p>P\u0159edlo\u0148sk\u00fdm postupem do nejvy\u0161\u0161\u00ed sout\u011b\u017ee nav\u00e1zal na sv\u00e9 p\u016fsoben\u00ed v n\u00ed v letech 1935-1947, nejv\u011bt\u0161\u00ed \u00fasp\u011bch v historii zaznamenal v sez\u00f3\u011b 1935-1936, kdy skon\u010dil p\u00e1t\u00fd (sv\u016fj zat\u00edm posledn\u00ed titul tehdy vyhr\u00e1l Sunderland). D\u00e1nsk\u00fd mana\u017eer Frank je u t\u00fdmu od roku 2018 a v\u017edy relativn\u011b velkou \u010d\u00e1st jeho k\u00e1dru tvo\u0159ili hr\u00e1\u010di z rodn\u00e9 zem\u011b. Mezi lety 2018-2022 najdeme v k\u00e1dru i \u010deskou stopu v podob\u011b odchovance pra\u017esk\u00e9 Slavie Jana \u017damb\u016frka, kter\u00fd loni p\u0159estoupil do Viborgu.<\/p>\n<p>V\u00fdhodou Brentfordu krom\u011b dom\u00e1c\u00edho prost\u0159ed\u00ed je v dne\u0161n\u00edm z\u00e1pase i zdrav\u00ed hr\u00e1\u010d\u016f. Chyb\u011bt bude pouze kv\u016fli v\u00e1\u017en\u00e9mu zran\u011bni kolene lev\u00fd obr\u00e1nce Henry (ten si v t\u00e9hle sez\u00f3n\u011b u\u017e nezahraje), dlouhodob\u011b potrestan\u00fd Toney a Maupay, kter\u00fd nem\u016f\u017ee hr\u00e1t proti Evertonu pr\u00e1v\u011b proto, \u017ee odtud na hostov\u00e1n\u00ed p\u0159i\u0161el.<\/p>\n<p>Everton se ale u\u017e tak\u00e9 uzdravuje. Harrison zvl\u00e1dl v\u010dera prvn\u00ed polo\u010das za t\u00fdm do 21 let proti Norwichi, jedin\u00fdmi jist\u00fdmi absent\u00e9ry tak jsou Alli, Coleman a Gomes. Calvert-Lewin pravd\u011bpodobn\u011b op\u011bt za\u010dne na lavi\u010dce. Jeho fyzick\u00e1 kondice ur\u010dit\u011b nen\u00ed na \u00farovni takov\u00e9, aby zvl\u00e1dl t\u0159eba 60 minut, co\u017e by ho oprav\u0148ovalo nastoupit v z\u00e1kladn\u00ed sestav\u011b.<\/p>\n<p><strong>Co:\u00a0<\/strong>Brentford FC &#8211; Everton FC, 6. kolo Premier League<br \/>\n<strong>Kdy:\u00a0<\/strong>23. z\u00e1\u0159\u00ed 2023 od 18:30<br \/>\n<strong>Kde:\u00a0<\/strong>Gtech Community Stadium, Lond\u00fdn<br \/>\n<strong>TV:\u00a0<\/strong>P\u0159\u00edm\u00fd p\u0159enos na stanici Canal+ Sport, komentuje Jarom\u00edr Bos\u00e1k<br \/>\n<strong>Rozhod\u010d\u00ed:\u00a0<\/strong>Michael Oliver &#8211; Stuart Burt, Dan Cook\u00a0 <strong>\u010ctvrt\u00fd rozhod\u010d\u00ed: <\/strong>Andy Madley<br \/>\n<strong>Videorozhod\u010d\u00ed:\u00a0<\/strong>Graham Scott\u00a0 <strong>Asistent videorozhod\u010d\u00edho:\u00a0<\/strong>Dan Robathan<\/p>\n","protected":false},"excerpt":{"rendered":"<p>A\u010d chce \u010d\u00e1st fanou\u0161k\u016f odvol\u00e1n\u00ed mana\u017eera, tak to vypad\u00e1, \u017ee m\u016f\u017ee b\u00fdt Dyche v klidu. Zat\u00edm? Situace Evertonu ale opravdu nen\u00ed dobr\u00e1.<\/p>\n","protected":false},"author":12,"featured_media":17028,"comment_status":"open","ping_status":"closed","sticky":false,"template":"","format":"standard","meta":{"_eb_attr":"","_monsterinsights_skip_tracking":false,"_monsterinsights_sitenote_active":false,"_monsterinsights_sitenote_note":"","_monsterinsights_sitenote_category":0,"footnotes":""},"categories":[4],"tags":[],"yoast_head":"<!-- This site is optimized with the Yoast SEO plugin v23.4 - https:\/\/yoast.com\/wordpress\/plugins\/seo\/ -->\n<title>Preview: Brentford - Everton - Official Czech &amp; Slovak Everton Supporters&#039; Club<\/title>\n<meta name=\"description\" content=\"A\u010d chce \u010d\u00e1st fanou\u0161k\u016f odvol\u00e1n\u00ed mana\u017eera, tak to vypad\u00e1, \u017ee m\u016f\u017ee b\u00fdt Dyche v klidu. Zat\u00edm?\" \/>\n<meta name=\"robots\" content=\"index, follow, max-snippet:-1, max-image-preview:large, max-video-preview:-1\" \/>\n<link rel=\"canonical\" href=\"https:\/\/evertonfc.cz\/index.php\/2023\/09\/23\/preview-brentford-everton-3\/\" \/>\n<meta property=\"og:locale\" content=\"cs_CZ\" \/>\n<meta property=\"og:type\" content=\"article\" \/>\n<meta property=\"og:title\" content=\"Preview: Brentford - Everton - Official Czech &amp; Slovak Everton Supporters&#039; Club\" \/>\n<meta property=\"og:description\" content=\"A\u010d chce \u010d\u00e1st fanou\u0161k\u016f odvol\u00e1n\u00ed mana\u017eera, tak to vypad\u00e1, \u017ee m\u016f\u017ee b\u00fdt Dyche v klidu. Zat\u00edm?\" \/>\n<meta property=\"og:url\" content=\"https:\/\/evertonfc.cz\/index.php\/2023\/09\/23\/preview-brentford-everton-3\/\" \/>\n<meta property=\"og:site_name\" content=\"Official Czech &amp; Slovak Everton Supporters&#039; Club\" \/>\n<meta property=\"article:publisher\" content=\"https:\/\/www.facebook.com\/everton.fans.cz.sk\" \/>\n<meta property=\"article:published_time\" content=\"2023-09-23T09:41:23+00:00\" \/>\n<meta property=\"article:modified_time\" content=\"2023-09-23T11:11:32+00:00\" \/>\n<meta property=\"og:image\" content=\"https:\/\/evertonfc.cz\/wp-content\/uploads\/2021\/11\/Brentford-VS-Everton.png\" \/>\n\t<meta property=\"og:image:width\" content=\"720\" \/>\n\t<meta property=\"og:image:height\" content=\"405\" \/>\n\t<meta property=\"og:image:type\" content=\"image\/png\" \/>\n<meta name=\"author\" content=\"Javor\" \/>\n<meta name=\"twitter:card\" content=\"summary_large_image\" \/>\n<meta name=\"twitter:creator\" content=\"@LoudinJan\" \/>\n<meta name=\"twitter:label1\" content=\"Napsal(a)\" \/>\n\t<meta name=\"twitter:data1\" content=\"Javor\" \/>\n\t<meta name=\"twitter:label2\" content=\"Odhadovan\u00e1 doba \u010dten\u00ed\" \/>\n\t<meta name=\"twitter:data2\" content=\"2 minuty\" \/>\n<script type=\"application\/ld+json\" class=\"yoast-schema-graph\">{\"@context\":\"https:\/\/schema.org\",\"@graph\":[{\"@type\":\"Article\",\"@id\":\"https:\/\/evertonfc.cz\/index.php\/2023\/09\/23\/preview-brentford-everton-3\/#article\",\"isPartOf\":{\"@id\":\"https:\/\/evertonfc.cz\/index.php\/2023\/09\/23\/preview-brentford-everton-3\/\"},\"author\":{\"name\":\"Javor\",\"@id\":\"https:\/\/evertonfc.cz\/#\/schema\/person\/b30daf6a5852f4811f8207a17ec1bf78\"},\"headline\":\"Preview: Brentford &#8211; Everton\",\"datePublished\":\"2023-09-23T09:41:23+00:00\",\"dateModified\":\"2023-09-23T11:11:32+00:00\",\"mainEntityOfPage\":{\"@id\":\"https:\/\/evertonfc.cz\/index.php\/2023\/09\/23\/preview-brentford-everton-3\/\"},\"wordCount\":457,\"commentCount\":6,\"publisher\":{\"@id\":\"https:\/\/evertonfc.cz\/#organization\"},\"image\":{\"@id\":\"https:\/\/evertonfc.cz\/index.php\/2023\/09\/23\/preview-brentford-everton-3\/#primaryimage\"},\"thumbnailUrl\":\"https:\/\/evertonfc.cz\/wp-content\/uploads\/2021\/11\/Brentford-VS-Everton.png\",\"articleSection\":[\"Z\u00e1pasy\"],\"inLanguage\":\"cs\",\"potentialAction\":[{\"@type\":\"CommentAction\",\"name\":\"Comment\",\"target\":[\"https:\/\/evertonfc.cz\/index.php\/2023\/09\/23\/preview-brentford-everton-3\/#respond\"]}]},{\"@type\":\"WebPage\",\"@id\":\"https:\/\/evertonfc.cz\/index.php\/2023\/09\/23\/preview-brentford-everton-3\/\",\"url\":\"https:\/\/evertonfc.cz\/index.php\/2023\/09\/23\/preview-brentford-everton-3\/\",\"name\":\"Preview: Brentford - Everton - Official Czech &amp; Slovak Everton Supporters&#039; Club\",\"isPartOf\":{\"@id\":\"https:\/\/evertonfc.cz\/#website\"},\"primaryImageOfPage\":{\"@id\":\"https:\/\/evertonfc.cz\/index.php\/2023\/09\/23\/preview-brentford-everton-3\/#primaryimage\"},\"image\":{\"@id\":\"https:\/\/evertonfc.cz\/index.php\/2023\/09\/23\/preview-brentford-everton-3\/#primaryimage\"},\"thumbnailUrl\":\"https:\/\/evertonfc.cz\/wp-content\/uploads\/2021\/11\/Brentford-VS-Everton.png\",\"datePublished\":\"2023-09-23T09:41:23+00:00\",\"dateModified\":\"2023-09-23T11:11:32+00:00\",\"description\":\"A\u010d chce \u010d\u00e1st fanou\u0161k\u016f odvol\u00e1n\u00ed mana\u017eera, tak to vypad\u00e1, \u017ee m\u016f\u017ee b\u00fdt Dyche v klidu. Zat\u00edm?\",\"breadcrumb\":{\"@id\":\"https:\/\/evertonfc.cz\/index.php\/2023\/09\/23\/preview-brentford-everton-3\/#breadcrumb\"},\"inLanguage\":\"cs\",\"potentialAction\":[{\"@type\":\"ReadAction\",\"target\":[\"https:\/\/evertonfc.cz\/index.php\/2023\/09\/23\/preview-brentford-everton-3\/\"]}]},{\"@type\":\"ImageObject\",\"inLanguage\":\"cs\",\"@id\":\"https:\/\/evertonfc.cz\/index.php\/2023\/09\/23\/preview-brentford-everton-3\/#primaryimage\",\"url\":\"https:\/\/evertonfc.cz\/wp-content\/uploads\/2021\/11\/Brentford-VS-Everton.png\",\"contentUrl\":\"https:\/\/evertonfc.cz\/wp-content\/uploads\/2021\/11\/Brentford-VS-Everton.png\",\"width\":720,\"height\":405},{\"@type\":\"BreadcrumbList\",\"@id\":\"https:\/\/evertonfc.cz\/index.php\/2023\/09\/23\/preview-brentford-everton-3\/#breadcrumb\",\"itemListElement\":[{\"@type\":\"ListItem\",\"position\":1,\"name\":\"Home\",\"item\":\"https:\/\/evertonfc.cz\/\"},{\"@type\":\"ListItem\",\"position\":2,\"name\":\"Preview: Brentford &#8211; Everton\"}]},{\"@type\":\"WebSite\",\"@id\":\"https:\/\/evertonfc.cz\/#website\",\"url\":\"https:\/\/evertonfc.cz\/\",\"name\":\"Official Czech &amp; Slovak Everton Supporters&#039; Club\",\"description\":\"\",\"publisher\":{\"@id\":\"https:\/\/evertonfc.cz\/#organization\"},\"potentialAction\":[{\"@type\":\"SearchAction\",\"target\":{\"@type\":\"EntryPoint\",\"urlTemplate\":\"https:\/\/evertonfc.cz\/?s={search_term_string}\"},\"query-input\":{\"@type\":\"PropertyValueSpecification\",\"valueRequired\":true,\"valueName\":\"search_term_string\"}}],\"inLanguage\":\"cs\"},{\"@type\":\"Organization\",\"@id\":\"https:\/\/evertonfc.cz\/#organization\",\"name\":\"Official Czech & Slovak Everton Supporters' Club\",\"url\":\"https:\/\/evertonfc.cz\/\",\"logo\":{\"@type\":\"ImageObject\",\"inLanguage\":\"cs\",\"@id\":\"https:\/\/evertonfc.cz\/#\/schema\/logo\/image\/\",\"url\":\"https:\/\/evertonfc.cz\/wp-content\/uploads\/2019\/05\/logo.png\",\"contentUrl\":\"https:\/\/evertonfc.cz\/wp-content\/uploads\/2019\/05\/logo.png\",\"width\":112,\"height\":112,\"caption\":\"Official Czech & Slovak Everton Supporters' Club\"},\"image\":{\"@id\":\"https:\/\/evertonfc.cz\/#\/schema\/logo\/image\/\"},\"sameAs\":[\"https:\/\/www.facebook.com\/everton.fans.cz.sk\"]},{\"@type\":\"Person\",\"@id\":\"https:\/\/evertonfc.cz\/#\/schema\/person\/b30daf6a5852f4811f8207a17ec1bf78\",\"name\":\"Javor\",\"sameAs\":[\"https:\/\/x.com\/LoudinJan\"],\"url\":\"https:\/\/evertonfc.cz\/index.php\/author\/javor\/\"}]}<\/script>\n<!-- \/ Yoast SEO plugin. -->","yoast_head_json":{"title":"Preview: Brentford - Everton - Official Czech &amp; Slovak Everton Supporters&#039; Club","description":"A\u010d chce \u010d\u00e1st fanou\u0161k\u016f odvol\u00e1n\u00ed mana\u017eera, tak to vypad\u00e1, \u017ee m\u016f\u017ee b\u00fdt Dyche v klidu. Zat\u00edm?","robots":{"index":"index","follow":"follow","max-snippet":"max-snippet:-1","max-image-preview":"max-image-preview:large","max-video-preview":"max-video-preview:-1"},"canonical":"https:\/\/evertonfc.cz\/index.php\/2023\/09\/23\/preview-brentford-everton-3\/","og_locale":"cs_CZ","og_type":"article","og_title":"Preview: Brentford - Everton - Official Czech &amp; Slovak Everton Supporters&#039; Club","og_description":"A\u010d chce \u010d\u00e1st fanou\u0161k\u016f odvol\u00e1n\u00ed mana\u017eera, tak to vypad\u00e1, \u017ee m\u016f\u017ee b\u00fdt Dyche v klidu. Zat\u00edm?","og_url":"https:\/\/evertonfc.cz\/index.php\/2023\/09\/23\/preview-brentford-everton-3\/","og_site_name":"Official Czech &amp; Slovak Everton Supporters&#039; Club","article_publisher":"https:\/\/www.facebook.com\/everton.fans.cz.sk","article_published_time":"2023-09-23T09:41:23+00:00","article_modified_time":"2023-09-23T11:11:32+00:00","og_image":[{"width":720,"height":405,"url":"https:\/\/evertonfc.cz\/wp-content\/uploads\/2021\/11\/Brentford-VS-Everton.png","type":"image\/png"}],"author":"Javor","twitter_card":"summary_large_image","twitter_creator":"@LoudinJan","twitter_misc":{"Napsal(a)":"Javor","Odhadovan\u00e1 doba \u010dten\u00ed":"2 minuty"},"schema":{"@context":"https:\/\/schema.org","@graph":[{"@type":"Article","@id":"https:\/\/evertonfc.cz\/index.php\/2023\/09\/23\/preview-brentford-everton-3\/#article","isPartOf":{"@id":"https:\/\/evertonfc.cz\/index.php\/2023\/09\/23\/preview-brentford-everton-3\/"},"author":{"name":"Javor","@id":"https:\/\/evertonfc.cz\/#\/schema\/person\/b30daf6a5852f4811f8207a17ec1bf78"},"headline":"Preview: Brentford &#8211; Everton","datePublished":"2023-09-23T09:41:23+00:00","dateModified":"2023-09-23T11:11:32+00:00","mainEntityOfPage":{"@id":"https:\/\/evertonfc.cz\/index.php\/2023\/09\/23\/preview-brentford-everton-3\/"},"wordCount":457,"commentCount":6,"publisher":{"@id":"https:\/\/evertonfc.cz\/#organization"},"image":{"@id":"https:\/\/evertonfc.cz\/index.php\/2023\/09\/23\/preview-brentford-everton-3\/#primaryimage"},"thumbnailUrl":"https:\/\/evertonfc.cz\/wp-content\/uploads\/2021\/11\/Brentford-VS-Everton.png","articleSection":["Z\u00e1pasy"],"inLanguage":"cs","potentialAction":[{"@type":"CommentAction","name":"Comment","target":["https:\/\/evertonfc.cz\/index.php\/2023\/09\/23\/preview-brentford-everton-3\/#respond"]}]},{"@type":"WebPage","@id":"https:\/\/evertonfc.cz\/index.php\/2023\/09\/23\/preview-brentford-everton-3\/","url":"https:\/\/evertonfc.cz\/index.php\/2023\/09\/23\/preview-brentford-everton-3\/","name":"Preview: Brentford - Everton - Official Czech &amp; Slovak Everton Supporters&#039; Club","isPartOf":{"@id":"https:\/\/evertonfc.cz\/#website"},"primaryImageOfPage":{"@id":"https:\/\/evertonfc.cz\/index.php\/2023\/09\/23\/preview-brentford-everton-3\/#primaryimage"},"image":{"@id":"https:\/\/evertonfc.cz\/index.php\/2023\/09\/23\/preview-brentford-everton-3\/#primaryimage"},"thumbnailUrl":"https:\/\/evertonfc.cz\/wp-content\/uploads\/2021\/11\/Brentford-VS-Everton.png","datePublished":"2023-09-23T09:41:23+00:00","dateModified":"2023-09-23T11:11:32+00:00","description":"A\u010d chce \u010d\u00e1st fanou\u0161k\u016f odvol\u00e1n\u00ed mana\u017eera, tak to vypad\u00e1, \u017ee m\u016f\u017ee b\u00fdt Dyche v klidu. Zat\u00edm?","breadcrumb":{"@id":"https:\/\/evertonfc.cz\/index.php\/2023\/09\/23\/preview-brentford-everton-3\/#breadcrumb"},"inLanguage":"cs","potentialAction":[{"@type":"ReadAction","target":["https:\/\/evertonfc.cz\/index.php\/2023\/09\/23\/preview-brentford-everton-3\/"]}]},{"@type":"ImageObject","inLanguage":"cs","@id":"https:\/\/evertonfc.cz\/index.php\/2023\/09\/23\/preview-brentford-everton-3\/#primaryimage","url":"https:\/\/evertonfc.cz\/wp-content\/uploads\/2021\/11\/Brentford-VS-Everton.png","contentUrl":"https:\/\/evertonfc.cz\/wp-content\/uploads\/2021\/11\/Brentford-VS-Everton.png","width":720,"height":405},{"@type":"BreadcrumbList","@id":"https:\/\/evertonfc.cz\/index.php\/2023\/09\/23\/preview-brentford-everton-3\/#breadcrumb","itemListElement":[{"@type":"ListItem","position":1,"name":"Home","item":"https:\/\/evertonfc.cz\/"},{"@type":"ListItem","position":2,"name":"Preview: Brentford &#8211; Everton"}]},{"@type":"WebSite","@id":"https:\/\/evertonfc.cz\/#website","url":"https:\/\/evertonfc.cz\/","name":"Official Czech &amp; Slovak Everton Supporters&#039; Club","description":"","publisher":{"@id":"https:\/\/evertonfc.cz\/#organization"},"potentialAction":[{"@type":"SearchAction","target":{"@type":"EntryPoint","urlTemplate":"https:\/\/evertonfc.cz\/?s={search_term_string}"},"query-input":{"@type":"PropertyValueSpecification","valueRequired":true,"valueName":"search_term_string"}}],"inLanguage":"cs"},{"@type":"Organization","@id":"https:\/\/evertonfc.cz\/#organization","name":"Official Czech & Slovak Everton Supporters' Club","url":"https:\/\/evertonfc.cz\/","logo":{"@type":"ImageObject","inLanguage":"cs","@id":"https:\/\/evertonfc.cz\/#\/schema\/logo\/image\/","url":"https:\/\/evertonfc.cz\/wp-content\/uploads\/2019\/05\/logo.png","contentUrl":"https:\/\/evertonfc.cz\/wp-content\/uploads\/2019\/05\/logo.png","width":112,"height":112,"caption":"Official Czech & Slovak Everton Supporters' Club"},"image":{"@id":"https:\/\/evertonfc.cz\/#\/schema\/logo\/image\/"},"sameAs":["https:\/\/www.facebook.com\/everton.fans.cz.sk"]},{"@type":"Person","@id":"https:\/\/evertonfc.cz\/#\/schema\/person\/b30daf6a5852f4811f8207a17ec1bf78","name":"Javor","sameAs":["https:\/\/x.com\/LoudinJan"],"url":"https:\/\/evertonfc.cz\/index.php\/author\/javor\/"}]}},"_links":{"self":[{"href":"https:\/\/evertonfc.cz\/index.php\/wp-json\/wp\/v2\/posts\/22819"}],"collection":[{"href":"https:\/\/evertonfc.cz\/index.php\/wp-json\/wp\/v2\/posts"}],"about":[{"href":"https:\/\/evertonfc.cz\/index.php\/wp-json\/wp\/v2\/types\/post"}],"author":[{"embeddable":true,"href":"https:\/\/evertonfc.cz\/index.php\/wp-json\/wp\/v2\/users\/12"}],"replies":[{"embeddable":true,"href":"https:\/\/evertonfc.cz\/index.php\/wp-json\/wp\/v2\/comments?post=22819"}],"version-history":[{"count":4,"href":"https:\/\/evertonfc.cz\/index.php\/wp-json\/wp\/v2\/posts\/22819\/revisions"}],"predecessor-version":[{"id":22823,"href":"https:\/\/evertonfc.cz\/index.php\/wp-json\/wp\/v2\/posts\/22819\/revisions\/22823"}],"wp:featuredmedia":[{"embeddable":true,"href":"https:\/\/evertonfc.cz\/index.php\/wp-json\/wp\/v2\/media\/17028"}],"wp:attachment":[{"href":"https:\/\/evertonfc.cz\/index.php\/wp-json\/wp\/v2\/media?parent=22819"}],"wp:term":[{"taxonomy":"category","embeddable":true,"href":"https:\/\/evertonfc.cz\/index.php\/wp-json\/wp\/v2\/categories?post=22819"},{"taxonomy":"post_tag","embeddable":true,"href":"https:\/\/evertonfc.cz\/index.php\/wp-json\/wp\/v2\/tags?post=22819"}],"curies":[{"name":"wp","href":"https:\/\/api.w.org\/{rel}","templated":true}]}}