{"id":22824,"date":"2023-09-23T20:33:48","date_gmt":"2023-09-23T18:33:48","guid":{"rendered":"https:\/\/evertonfc.cz\/?p=22824"},"modified":"2023-09-23T20:58:49","modified_gmt":"2023-09-23T18:58:49","slug":"brentford-everton-13","status":"publish","type":"post","link":"https:\/\/evertonfc.cz\/index.php\/2023\/09\/23\/brentford-everton-13\/","title":{"rendered":"Brentford &#8211; Everton 1:3"},"content":{"rendered":"<h4>Dobr\u00fd v\u00fdkon, v\u00edt\u011bzstv\u00ed, g\u00f3l Calverta-Lewina = mnoho pozitiv p\u0159ij\u00ed\u017ed\u00ed z Brentfordu.<\/h4>\n<p>V prvn\u00edm n\u00e1b\u011bhu byl Beto, ale p\u0159i\u0161el o m\u00ed\u010d. K n\u011bmu se dostal u vlastn\u00edho v\u00e1pna Lewis-Potter a jeho b\u011bh skon\u010dil p\u0159ed v\u00e1pnem Evertonu, kde ho musel za \u017elutou kartu faulovat Young. Z na\u0159\u00edzen\u00e9ho trestn\u00e9ho kopu na\u0161t\u011bst\u00ed Mbuemo netrefil za\u0159\u00edzen\u00ed. A tak se Everton po zblokovan\u00e9m centru McNeila ujal veden\u00ed &#8211; neodkopnut\u00fd roh se dostal zp\u011bt k zahr\u00e1va\u010di Garnerovi a jeho centr prodlou\u017eil hlavi\u010dkou na nohu Doucour\u00e9ho Tarkowski, malijsk\u00fd z\u00e1lo\u017en\u00edk poslal m\u00ed\u010d pod b\u0159evno &#8211; <strong>0:1! <\/strong><\/p>\n<p>O chvilku pozd\u011bji mohli host\u00e9 zv\u00fd\u0161it, centr prodlou\u017eil hlavou Beto, nab\u011bhl si na n\u011bj McNeil a jeho st\u0159ela skon\u010dila t\u011bsn\u011b vedle vzd\u00e1len\u011bj\u0161\u00ed ty\u010de. N\u00e1sledn\u011b po trestn\u00e9m kopu za faul na Beta nacentroval Garner a netrefil hlavou branku Onana. M\u00edsto odkopu sklepl Pinnock m\u00ed\u010d na nohu Mykolenka, ale jeho zakon\u010den\u00ed slab\u0161\u00ed prava\u010dkou bylo p\u0159\u00edmo na brank\u00e1\u0159e Flekkena. Brentford se nedost\u00e1val do zakon\u010den\u00ed a tak po 25 minut\u00e1ch m\u011bl na kont\u011b p\u0159esn\u011b jednu st\u0159elu &#8211; tu z druh\u00e9 minuty z trestn\u00e9ho kopu mimo. Velmi bl\u00edzko zv\u00fd\u0161en\u00ed n\u00e1skoku byl znovu Doucour\u00e9 po n\u00e1kopu Tarkowsk\u00e9ho, ale trefil b\u0159evno. Pak se naplnilo p\u0159\u00edslov\u00ed ned\u00e1\u0161-dostane\u0161.<\/p>\n<p>Dom\u00e1c\u00ed se poprv\u00e9 za utk\u00e1n\u00ed dostali do \u0161estn\u00e1ctky soupe\u0159e a k\u0159\u00ed\u017enou ranou ke vzd\u00e1len\u011bj\u0161\u00ed ty\u010di po p\u0159ihr\u00e1vce Janelta vyrovnal Wissa &#8211; <strong>1:1!\u00a0\u00a0<\/strong>To dom\u00e1c\u00ed povzbudilo a zjistili, \u017ee \u0161estn\u00e1ctka soupe\u0159e nen\u00ed zapov\u011bzen\u00e9 \u00fazem\u00ed. Znovu do veden\u00ed ale mohl poslat hosty Beto, le\u010d jeho zakon\u010den\u00ed bylo sk\u00e1kav\u00e9 a mimo. V dal\u0161\u00edm \u00fatoku dom\u00e1c\u00edm bylo Janeltovi st\u0159ela zblokov\u00e1na k Hickeymu, jeho\u017e volej skon\u010dil nad b\u0159evnem.<\/p>\n<p>Z brejku se dostal do p\u0159\u00edle\u017eitosti Beto, byl vytla\u010den ze st\u0159eleck\u00e9ho \u00fahlu, je\u0161t\u011b p\u0159ihr\u00e1val do \u0161estn\u00e1ctky Onanovi, ale ten \u0161patn\u011b do\u0161l\u00e1pl a skon\u010dil na zemi. N\u00e1sledn\u011b lacino p\u0159i\u0161el o m\u00ed\u010d Gana, p\u0159ihr\u00e1vku Wissy na do\u0165uknut\u00ed Lewises-Pottera z metru do pr\u00e1zdn\u00e9 ale zvl\u00e1dl ohl\u00eddat Tarkowski. A kdy\u017e Gana netrefil branku, tak se do \u0161atny \u0161lo za rem\u00edzov\u00e9ho stavu. Druh\u00e1 p\u016fle za\u010dala v\u00edcem\u00e9n\u011b t\u00edm, \u017ee si Beto v\u0161iml brank\u00e1\u0159e hodn\u011b z branky, ale st\u0159elou z p\u016flky ho nep\u0159ekvapil. V dal\u0161\u00ed \u0161anci po trestn\u00e9m kopu byl Onana znovu po hlavi\u010dkov\u00e9m p\u0159iklepnut\u00ed Tarkowsk\u00e9ho, ale Flekken si bli\u017e\u0161\u00ed ty\u010d pohl\u00eddal. Prvn\u00ed polovina druh\u00e9ho polo\u010dasu byla velmi dietn\u00ed, prakticky bez \u0161anc\u00ed.<\/p>\n<p>To se ale zm\u011bnilo v jeho polovin\u011b, proto\u017ee padl znovu g\u00f3l. Centr McNeila z rohu si na\u0161el ve vzduchu Tarkowski a hlavou trknul Everton do veden\u00ed &#8211; <strong>1:2! <\/strong>Brentford odpov\u011bd\u011bl skrum\u00e1\u017e\u00ed po trestn\u00e9m kopu, ale nadvakr\u00e1t nedostal m\u00ed\u010d do s\u00edt\u011b po \u0161anci Pinnocka a roh si mod\u0159\u00ed pohl\u00eddali. Pot\u00e9 \u0161anci sp\u00e1lil Tarkowski, o n\u011bkolik minut pozd\u011bji bylo je\u0161t\u011b veseleji. Garner vybojoval m\u00ed\u010d ve st\u0159edu h\u0159i\u0161t\u011b a vynikaj\u00edc\u00ed p\u0159ihr\u00e1vkou na\u0161el Calverta-Lewina. Ten si poradil tak, \u017ee zahr\u00e1l Flekkenovi na housle &#8211; <strong>1:3!\u00a0<\/strong><\/p>\n<p>V zaj\u00edmav\u00e9 situaci n\u00e1sledn\u011b zablokoval rozhod\u010d\u00ed Oliver st\u0159elu Ghoddose, kter\u00fd jen cht\u011bl m\u00ed\u010d vr\u00e1tit do branky po \u0161patn\u00e9m odkopu Pickforda, frustrovan\u00ed dom\u00e1c\u00ed pak vid\u011bli v rychl\u00e9m sledu dv\u011b \u017elut\u00e9 karty za fauly na McNeila s Youngem. Ve zbytku z\u00e1pasu se utk\u00e1n\u00ed u\u017e jen dohr\u00e1valo bez \u0161anc\u00ed. Everton tak zaknihoval na h\u0159i\u0161ti Brentfordu prvn\u00ed v\u00edt\u011bzstv\u00ed od roku 1952, p\u0159i\u010dem\u017e n\u011bco se d\u00e1 vytknout snad jen t\u0159et\u00ed \u010dtvrtin\u011b z\u00e1pasu.<\/p>\n<p style=\"text-align: right;\"><span style=\"font-size: 8pt;\">(foto zdroj: evertonfc.com)<\/span><\/p>\n<p><strong>Branky:<\/strong>\u00a0<span data-source=\"lightstreamer\" data-grid=\"main\" data-item=\"item_844508\" data-field=\"scorers\">28. Jensen \u2013 6. Doucour\u00e9, 67. Tarkowski, 71. Calvert-Lewin<\/span><\/p>\n<p><strong>Karty: <\/strong>Mbeumo, Ghoddos &#8211; Young, Branthwaite\u00a0 <strong>Mu\u017e z\u00e1pasu redakce:\u00a0<\/strong>Tarkowski<\/p>\n<p><strong>Brentford FC:<\/strong>\u00a0<span data-source=\"lightstreamer\" data-grid=\"main\" data-item=\"item_844508\" data-field=\"report1\">Flekken \u2013 Hickey (73. Ghoddos), Collins, Pinnock, Roerslev (61. Ajer) \u2013 Jensen, N\u00f8rgaard, Janelt<br \/>\n(61. Onyeka) \u2013 Mbeumo, Wissa, Lewis-Potter (89. Olakigbe)<\/span><\/p>\n<p><strong>Everton FC:<\/strong>\u00a0<span data-source=\"lightstreamer\" data-grid=\"main\" data-item=\"item_844508\" data-field=\"report2\">Pickford \u2013 Young, Tarkowski, Branthwaite, Mykolenko \u2013 Garner, Gueye, Doucour\u00e9, Onana<br \/>\n(78. Danjuma), McNeil \u2013 Beto (64. Calvert-Lewin)<\/span><\/p>\n<p><strong>Rozhod\u010d\u00ed:\u00a0<\/strong>Michael Oliver<\/p>\n","protected":false},"excerpt":{"rendered":"<p>Dobr\u00fd v\u00fdkon, v\u00edt\u011bzstv\u00ed, g\u00f3l Calverta-Lewina = mnoho pozitiv p\u0159ij\u00ed\u017ed\u00ed z Brentfordu.<\/p>\n","protected":false},"author":12,"featured_media":22830,"comment_status":"open","ping_status":"closed","sticky":false,"template":"","format":"standard","meta":{"_eb_attr":"","_monsterinsights_skip_tracking":false,"_monsterinsights_sitenote_active":false,"_monsterinsights_sitenote_note":"","_monsterinsights_sitenote_category":0,"footnotes":""},"categories":[4],"tags":[],"yoast_head":"<!-- This site is optimized with the Yoast SEO plugin v23.4 - https:\/\/yoast.com\/wordpress\/plugins\/seo\/ -->\n<title>Brentford - Everton 1:3 - Official Czech &amp; Slovak Everton Supporters&#039; Club<\/title>\n<meta name=\"description\" content=\"Dobr\u00fd v\u00fdkon, v\u00edt\u011bzstv\u00ed, g\u00f3l Calverta-Lewina = mnoho pozitiv p\u0159ij\u00ed\u017ed\u00ed z Brentfordu.\" \/>\n<meta name=\"robots\" content=\"index, follow, max-snippet:-1, max-image-preview:large, max-video-preview:-1\" \/>\n<link rel=\"canonical\" href=\"https:\/\/evertonfc.cz\/index.php\/2023\/09\/23\/brentford-everton-13\/\" \/>\n<meta property=\"og:locale\" content=\"cs_CZ\" \/>\n<meta property=\"og:type\" content=\"article\" \/>\n<meta property=\"og:title\" content=\"Brentford - Everton 1:3 - Official Czech &amp; Slovak Everton Supporters&#039; Club\" \/>\n<meta property=\"og:description\" content=\"Dobr\u00fd v\u00fdkon, v\u00edt\u011bzstv\u00ed, g\u00f3l Calverta-Lewina = mnoho pozitiv p\u0159ij\u00ed\u017ed\u00ed z Brentfordu.\" \/>\n<meta property=\"og:url\" content=\"https:\/\/evertonfc.cz\/index.php\/2023\/09\/23\/brentford-everton-13\/\" \/>\n<meta property=\"og:site_name\" content=\"Official Czech &amp; Slovak Everton Supporters&#039; Club\" \/>\n<meta property=\"article:publisher\" content=\"https:\/\/www.facebook.com\/everton.fans.cz.sk\" \/>\n<meta property=\"article:published_time\" content=\"2023-09-23T18:33:48+00:00\" \/>\n<meta property=\"article:modified_time\" content=\"2023-09-23T18:58:49+00:00\" \/>\n<meta property=\"og:image\" content=\"https:\/\/evertonfc.cz\/wp-content\/uploads\/2023\/09\/doucoure_brentford_23_9_2023.jpg\" \/>\n\t<meta property=\"og:image:width\" content=\"720\" \/>\n\t<meta property=\"og:image:height\" content=\"405\" \/>\n\t<meta property=\"og:image:type\" content=\"image\/jpeg\" \/>\n<meta name=\"author\" content=\"Javor\" \/>\n<meta name=\"twitter:card\" content=\"summary_large_image\" \/>\n<meta name=\"twitter:creator\" content=\"@LoudinJan\" \/>\n<meta name=\"twitter:label1\" content=\"Napsal(a)\" \/>\n\t<meta name=\"twitter:data1\" content=\"Javor\" \/>\n\t<meta name=\"twitter:label2\" content=\"Odhadovan\u00e1 doba \u010dten\u00ed\" \/>\n\t<meta name=\"twitter:data2\" content=\"4 minuty\" \/>\n<script type=\"application\/ld+json\" class=\"yoast-schema-graph\">{\"@context\":\"https:\/\/schema.org\",\"@graph\":[{\"@type\":\"Article\",\"@id\":\"https:\/\/evertonfc.cz\/index.php\/2023\/09\/23\/brentford-everton-13\/#article\",\"isPartOf\":{\"@id\":\"https:\/\/evertonfc.cz\/index.php\/2023\/09\/23\/brentford-everton-13\/\"},\"author\":{\"name\":\"Javor\",\"@id\":\"https:\/\/evertonfc.cz\/#\/schema\/person\/b30daf6a5852f4811f8207a17ec1bf78\"},\"headline\":\"Brentford &#8211; Everton 1:3\",\"datePublished\":\"2023-09-23T18:33:48+00:00\",\"dateModified\":\"2023-09-23T18:58:49+00:00\",\"mainEntityOfPage\":{\"@id\":\"https:\/\/evertonfc.cz\/index.php\/2023\/09\/23\/brentford-everton-13\/\"},\"wordCount\":729,\"commentCount\":18,\"publisher\":{\"@id\":\"https:\/\/evertonfc.cz\/#organization\"},\"image\":{\"@id\":\"https:\/\/evertonfc.cz\/index.php\/2023\/09\/23\/brentford-everton-13\/#primaryimage\"},\"thumbnailUrl\":\"https:\/\/evertonfc.cz\/wp-content\/uploads\/2023\/09\/doucoure_brentford_23_9_2023.jpg\",\"articleSection\":[\"Z\u00e1pasy\"],\"inLanguage\":\"cs\",\"potentialAction\":[{\"@type\":\"CommentAction\",\"name\":\"Comment\",\"target\":[\"https:\/\/evertonfc.cz\/index.php\/2023\/09\/23\/brentford-everton-13\/#respond\"]}]},{\"@type\":\"WebPage\",\"@id\":\"https:\/\/evertonfc.cz\/index.php\/2023\/09\/23\/brentford-everton-13\/\",\"url\":\"https:\/\/evertonfc.cz\/index.php\/2023\/09\/23\/brentford-everton-13\/\",\"name\":\"Brentford - Everton 1:3 - Official Czech &amp; Slovak Everton Supporters&#039; Club\",\"isPartOf\":{\"@id\":\"https:\/\/evertonfc.cz\/#website\"},\"primaryImageOfPage\":{\"@id\":\"https:\/\/evertonfc.cz\/index.php\/2023\/09\/23\/brentford-everton-13\/#primaryimage\"},\"image\":{\"@id\":\"https:\/\/evertonfc.cz\/index.php\/2023\/09\/23\/brentford-everton-13\/#primaryimage\"},\"thumbnailUrl\":\"https:\/\/evertonfc.cz\/wp-content\/uploads\/2023\/09\/doucoure_brentford_23_9_2023.jpg\",\"datePublished\":\"2023-09-23T18:33:48+00:00\",\"dateModified\":\"2023-09-23T18:58:49+00:00\",\"description\":\"Dobr\u00fd v\u00fdkon, v\u00edt\u011bzstv\u00ed, g\u00f3l Calverta-Lewina = mnoho pozitiv p\u0159ij\u00ed\u017ed\u00ed z Brentfordu.\",\"breadcrumb\":{\"@id\":\"https:\/\/evertonfc.cz\/index.php\/2023\/09\/23\/brentford-everton-13\/#breadcrumb\"},\"inLanguage\":\"cs\",\"potentialAction\":[{\"@type\":\"ReadAction\",\"target\":[\"https:\/\/evertonfc.cz\/index.php\/2023\/09\/23\/brentford-everton-13\/\"]}]},{\"@type\":\"ImageObject\",\"inLanguage\":\"cs\",\"@id\":\"https:\/\/evertonfc.cz\/index.php\/2023\/09\/23\/brentford-everton-13\/#primaryimage\",\"url\":\"https:\/\/evertonfc.cz\/wp-content\/uploads\/2023\/09\/doucoure_brentford_23_9_2023.jpg\",\"contentUrl\":\"https:\/\/evertonfc.cz\/wp-content\/uploads\/2023\/09\/doucoure_brentford_23_9_2023.jpg\",\"width\":720,\"height\":405},{\"@type\":\"BreadcrumbList\",\"@id\":\"https:\/\/evertonfc.cz\/index.php\/2023\/09\/23\/brentford-everton-13\/#breadcrumb\",\"itemListElement\":[{\"@type\":\"ListItem\",\"position\":1,\"name\":\"Home\",\"item\":\"https:\/\/evertonfc.cz\/\"},{\"@type\":\"ListItem\",\"position\":2,\"name\":\"Brentford &#8211; Everton 1:3\"}]},{\"@type\":\"WebSite\",\"@id\":\"https:\/\/evertonfc.cz\/#website\",\"url\":\"https:\/\/evertonfc.cz\/\",\"name\":\"Official Czech &amp; Slovak Everton Supporters&#039; Club\",\"description\":\"\",\"publisher\":{\"@id\":\"https:\/\/evertonfc.cz\/#organization\"},\"potentialAction\":[{\"@type\":\"SearchAction\",\"target\":{\"@type\":\"EntryPoint\",\"urlTemplate\":\"https:\/\/evertonfc.cz\/?s={search_term_string}\"},\"query-input\":{\"@type\":\"PropertyValueSpecification\",\"valueRequired\":true,\"valueName\":\"search_term_string\"}}],\"inLanguage\":\"cs\"},{\"@type\":\"Organization\",\"@id\":\"https:\/\/evertonfc.cz\/#organization\",\"name\":\"Official Czech & Slovak Everton Supporters' Club\",\"url\":\"https:\/\/evertonfc.cz\/\",\"logo\":{\"@type\":\"ImageObject\",\"inLanguage\":\"cs\",\"@id\":\"https:\/\/evertonfc.cz\/#\/schema\/logo\/image\/\",\"url\":\"https:\/\/evertonfc.cz\/wp-content\/uploads\/2019\/05\/logo.png\",\"contentUrl\":\"https:\/\/evertonfc.cz\/wp-content\/uploads\/2019\/05\/logo.png\",\"width\":112,\"height\":112,\"caption\":\"Official Czech & Slovak Everton Supporters' Club\"},\"image\":{\"@id\":\"https:\/\/evertonfc.cz\/#\/schema\/logo\/image\/\"},\"sameAs\":[\"https:\/\/www.facebook.com\/everton.fans.cz.sk\"]},{\"@type\":\"Person\",\"@id\":\"https:\/\/evertonfc.cz\/#\/schema\/person\/b30daf6a5852f4811f8207a17ec1bf78\",\"name\":\"Javor\",\"sameAs\":[\"https:\/\/x.com\/LoudinJan\"],\"url\":\"https:\/\/evertonfc.cz\/index.php\/author\/javor\/\"}]}<\/script>\n<!-- \/ Yoast SEO plugin. -->","yoast_head_json":{"title":"Brentford - Everton 1:3 - Official Czech &amp; Slovak Everton Supporters&#039; Club","description":"Dobr\u00fd v\u00fdkon, v\u00edt\u011bzstv\u00ed, g\u00f3l Calverta-Lewina = mnoho pozitiv p\u0159ij\u00ed\u017ed\u00ed z Brentfordu.","robots":{"index":"index","follow":"follow","max-snippet":"max-snippet:-1","max-image-preview":"max-image-preview:large","max-video-preview":"max-video-preview:-1"},"canonical":"https:\/\/evertonfc.cz\/index.php\/2023\/09\/23\/brentford-everton-13\/","og_locale":"cs_CZ","og_type":"article","og_title":"Brentford - Everton 1:3 - Official Czech &amp; Slovak Everton Supporters&#039; Club","og_description":"Dobr\u00fd v\u00fdkon, v\u00edt\u011bzstv\u00ed, g\u00f3l Calverta-Lewina = mnoho pozitiv p\u0159ij\u00ed\u017ed\u00ed z Brentfordu.","og_url":"https:\/\/evertonfc.cz\/index.php\/2023\/09\/23\/brentford-everton-13\/","og_site_name":"Official Czech &amp; Slovak Everton Supporters&#039; Club","article_publisher":"https:\/\/www.facebook.com\/everton.fans.cz.sk","article_published_time":"2023-09-23T18:33:48+00:00","article_modified_time":"2023-09-23T18:58:49+00:00","og_image":[{"width":720,"height":405,"url":"https:\/\/evertonfc.cz\/wp-content\/uploads\/2023\/09\/doucoure_brentford_23_9_2023.jpg","type":"image\/jpeg"}],"author":"Javor","twitter_card":"summary_large_image","twitter_creator":"@LoudinJan","twitter_misc":{"Napsal(a)":"Javor","Odhadovan\u00e1 doba \u010dten\u00ed":"4 minuty"},"schema":{"@context":"https:\/\/schema.org","@graph":[{"@type":"Article","@id":"https:\/\/evertonfc.cz\/index.php\/2023\/09\/23\/brentford-everton-13\/#article","isPartOf":{"@id":"https:\/\/evertonfc.cz\/index.php\/2023\/09\/23\/brentford-everton-13\/"},"author":{"name":"Javor","@id":"https:\/\/evertonfc.cz\/#\/schema\/person\/b30daf6a5852f4811f8207a17ec1bf78"},"headline":"Brentford &#8211; Everton 1:3","datePublished":"2023-09-23T18:33:48+00:00","dateModified":"2023-09-23T18:58:49+00:00","mainEntityOfPage":{"@id":"https:\/\/evertonfc.cz\/index.php\/2023\/09\/23\/brentford-everton-13\/"},"wordCount":729,"commentCount":18,"publisher":{"@id":"https:\/\/evertonfc.cz\/#organization"},"image":{"@id":"https:\/\/evertonfc.cz\/index.php\/2023\/09\/23\/brentford-everton-13\/#primaryimage"},"thumbnailUrl":"https:\/\/evertonfc.cz\/wp-content\/uploads\/2023\/09\/doucoure_brentford_23_9_2023.jpg","articleSection":["Z\u00e1pasy"],"inLanguage":"cs","potentialAction":[{"@type":"CommentAction","name":"Comment","target":["https:\/\/evertonfc.cz\/index.php\/2023\/09\/23\/brentford-everton-13\/#respond"]}]},{"@type":"WebPage","@id":"https:\/\/evertonfc.cz\/index.php\/2023\/09\/23\/brentford-everton-13\/","url":"https:\/\/evertonfc.cz\/index.php\/2023\/09\/23\/brentford-everton-13\/","name":"Brentford - Everton 1:3 - Official Czech &amp; Slovak Everton Supporters&#039; Club","isPartOf":{"@id":"https:\/\/evertonfc.cz\/#website"},"primaryImageOfPage":{"@id":"https:\/\/evertonfc.cz\/index.php\/2023\/09\/23\/brentford-everton-13\/#primaryimage"},"image":{"@id":"https:\/\/evertonfc.cz\/index.php\/2023\/09\/23\/brentford-everton-13\/#primaryimage"},"thumbnailUrl":"https:\/\/evertonfc.cz\/wp-content\/uploads\/2023\/09\/doucoure_brentford_23_9_2023.jpg","datePublished":"2023-09-23T18:33:48+00:00","dateModified":"2023-09-23T18:58:49+00:00","description":"Dobr\u00fd v\u00fdkon, v\u00edt\u011bzstv\u00ed, g\u00f3l Calverta-Lewina = mnoho pozitiv p\u0159ij\u00ed\u017ed\u00ed z Brentfordu.","breadcrumb":{"@id":"https:\/\/evertonfc.cz\/index.php\/2023\/09\/23\/brentford-everton-13\/#breadcrumb"},"inLanguage":"cs","potentialAction":[{"@type":"ReadAction","target":["https:\/\/evertonfc.cz\/index.php\/2023\/09\/23\/brentford-everton-13\/"]}]},{"@type":"ImageObject","inLanguage":"cs","@id":"https:\/\/evertonfc.cz\/index.php\/2023\/09\/23\/brentford-everton-13\/#primaryimage","url":"https:\/\/evertonfc.cz\/wp-content\/uploads\/2023\/09\/doucoure_brentford_23_9_2023.jpg","contentUrl":"https:\/\/evertonfc.cz\/wp-content\/uploads\/2023\/09\/doucoure_brentford_23_9_2023.jpg","width":720,"height":405},{"@type":"BreadcrumbList","@id":"https:\/\/evertonfc.cz\/index.php\/2023\/09\/23\/brentford-everton-13\/#breadcrumb","itemListElement":[{"@type":"ListItem","position":1,"name":"Home","item":"https:\/\/evertonfc.cz\/"},{"@type":"ListItem","position":2,"name":"Brentford &#8211; Everton 1:3"}]},{"@type":"WebSite","@id":"https:\/\/evertonfc.cz\/#website","url":"https:\/\/evertonfc.cz\/","name":"Official Czech &amp; Slovak Everton Supporters&#039; Club","description":"","publisher":{"@id":"https:\/\/evertonfc.cz\/#organization"},"potentialAction":[{"@type":"SearchAction","target":{"@type":"EntryPoint","urlTemplate":"https:\/\/evertonfc.cz\/?s={search_term_string}"},"query-input":{"@type":"PropertyValueSpecification","valueRequired":true,"valueName":"search_term_string"}}],"inLanguage":"cs"},{"@type":"Organization","@id":"https:\/\/evertonfc.cz\/#organization","name":"Official Czech & Slovak Everton Supporters' Club","url":"https:\/\/evertonfc.cz\/","logo":{"@type":"ImageObject","inLanguage":"cs","@id":"https:\/\/evertonfc.cz\/#\/schema\/logo\/image\/","url":"https:\/\/evertonfc.cz\/wp-content\/uploads\/2019\/05\/logo.png","contentUrl":"https:\/\/evertonfc.cz\/wp-content\/uploads\/2019\/05\/logo.png","width":112,"height":112,"caption":"Official Czech & Slovak Everton Supporters' Club"},"image":{"@id":"https:\/\/evertonfc.cz\/#\/schema\/logo\/image\/"},"sameAs":["https:\/\/www.facebook.com\/everton.fans.cz.sk"]},{"@type":"Person","@id":"https:\/\/evertonfc.cz\/#\/schema\/person\/b30daf6a5852f4811f8207a17ec1bf78","name":"Javor","sameAs":["https:\/\/x.com\/LoudinJan"],"url":"https:\/\/evertonfc.cz\/index.php\/author\/javor\/"}]}},"_links":{"self":[{"href":"https:\/\/evertonfc.cz\/index.php\/wp-json\/wp\/v2\/posts\/22824"}],"collection":[{"href":"https:\/\/evertonfc.cz\/index.php\/wp-json\/wp\/v2\/posts"}],"about":[{"href":"https:\/\/evertonfc.cz\/index.php\/wp-json\/wp\/v2\/types\/post"}],"author":[{"embeddable":true,"href":"https:\/\/evertonfc.cz\/index.php\/wp-json\/wp\/v2\/users\/12"}],"replies":[{"embeddable":true,"href":"https:\/\/evertonfc.cz\/index.php\/wp-json\/wp\/v2\/comments?post=22824"}],"version-history":[{"count":7,"href":"https:\/\/evertonfc.cz\/index.php\/wp-json\/wp\/v2\/posts\/22824\/revisions"}],"predecessor-version":[{"id":22835,"href":"https:\/\/evertonfc.cz\/index.php\/wp-json\/wp\/v2\/posts\/22824\/revisions\/22835"}],"wp:featuredmedia":[{"embeddable":true,"href":"https:\/\/evertonfc.cz\/index.php\/wp-json\/wp\/v2\/media\/22830"}],"wp:attachment":[{"href":"https:\/\/evertonfc.cz\/index.php\/wp-json\/wp\/v2\/media?parent=22824"}],"wp:term":[{"taxonomy":"category","embeddable":true,"href":"https:\/\/evertonfc.cz\/index.php\/wp-json\/wp\/v2\/categories?post=22824"},{"taxonomy":"post_tag","embeddable":true,"href":"https:\/\/evertonfc.cz\/index.php\/wp-json\/wp\/v2\/tags?post=22824"}],"curies":[{"name":"wp","href":"https:\/\/api.w.org\/{rel}","templated":true}]}}