{"id":22839,"date":"2023-09-27T20:09:47","date_gmt":"2023-09-27T18:09:47","guid":{"rendered":"https:\/\/evertonfc.cz\/?p=22839"},"modified":"2023-09-28T17:04:51","modified_gmt":"2023-09-28T15:04:51","slug":"lc-preview-aston-villa-everton","status":"publish","type":"post","link":"https:\/\/evertonfc.cz\/index.php\/2023\/09\/27\/lc-preview-aston-villa-everton\/","title":{"rendered":"LC Preview: Aston Villa &#8211; Everton"},"content":{"rendered":"<h4>Ligov\u00fd poh\u00e1r v kabinetu Toffees st\u00e1le sch\u00e1z\u00ed. Na druh\u00e9 kontrole letos \u010d\u00edh\u00e1 t\u00fdm, kter\u00fd vyhr\u00e1l trofej jako v\u016fbec prvn\u00ed v jej\u00ed historii &#8211; Aston Villa.<\/h4>\n<p>O ni se hraje od roku 1961, konkurence je ni\u017e\u0161\u00ed, tak\u017ee kdo by se staral Tak\u017ee, koho to zaj\u00edm\u00e1? P\u0159\u00ed\u010dina lhostejnosti je v\u00e1m asi z\u0159ejm\u00e1. \u00davod sez\u00f3ny napov\u011bd\u011bl, \u017ee letos jsme v boji o z\u00e1chranu je\u0161t\u011b o n\u011bco d\u0159\u00edve, ne\u017e vloni a p\u0159edvloni. V sobotu p\u0159ijedou v lize Klobou\u010dn\u00edci, tomu je t\u0159eba pod\u0159\u00eddit v\u0161e ostatn\u00ed.<\/p>\n<h4>Z t\u00e1bora dom\u00e1c\u00edch<\/h4>\n<p>Villans to dot\u00e1hli v boji o poh\u00e1r s vyryt\u00fdm jm\u00e9nem n\u011bkdej\u0161\u00edho prezidenta Football League Joea Richardse u\u017e 9kr\u00e1t do fin\u00e1le. Krom\u011b triumfu v ji\u017e zm\u00edn\u011bn\u00e9m prvn\u00edm ro\u010dn\u00edku byli na dosah i dvakr\u00e1t po p\u0159elomu tis\u00edcilet\u00ed, ale jak v roce 2010, tak v roce 2020 z\u016fstali pod vrcholem.<\/p>\n<p>Po n\u00e1vratu do Premier League klub z Birminghamu o\u017eil a je op\u011bt velmi ambici\u00f3zn\u00ed. V minul\u00e9 sez\u00f3n\u011b uhr\u00e1l evropsk\u00e9 poh\u00e1ry, konkr\u00e9tn\u011b Konferen\u010dn\u00ed ligu, a i proto bylo nutn\u00e9 udr\u017eet \u0161irok\u00fd k\u00e1dr. Ten se te\u010f jist\u011b hod\u00ed managerovi Emerymu, kter\u00e9ho lze pova\u017eovat za specialistu na poh\u00e1rov\u00e9 sout\u011b\u017ee. Evropskou ligu uzmul \u010dty\u0159ikr\u00e1t, stejn\u011b tak poh\u00e1rov\u00e9 sout\u011b\u017ee ve Francii, kdy\u017e vedl pa\u0159\u00ed\u017esk\u00fd velkoklub.<\/p>\n<p>Vzpom\u00ednky na druh\u00e9 kolo a na st\u0159edn\u011bdobou bilanci m\u00e1me velmi \u010dern\u00e9. P\u0159esto\u017ee Villa bude postr\u00e1dat Buendiu, Mingse, Hause, Bernarda Traor\u00e9ho i Diega Carlose, st\u00e1le maj\u00ed kam s\u00e1hnout. Ve Var\u0161av\u011b v EKL to mixu \u00e1\u010dka a b\u00e9\u010dka nedopadlo dob\u0159e, i proto se d\u00e1 \u010dekat trochu v\u011bt\u0161\u00ed improvizace a mo\u017en\u00e1 i motivace pro hr\u00e1\u010de druh\u00e9ho sledu. Na Stamford Bridge p\u0159i p\u0159ekvapiv\u00e9 v\u00fdh\u0159e vyb\u011bhlo 5 jin\u00fdch hr\u00e1\u010d\u016f ne\u017e v Polsku. Opomenuti byli Bailey, Duran, Chambers, Lenglet, Tielemans. Dva z t\u00e9to rezervy letos u\u017e poko\u0159ili Everton.<\/p>\n<p>Mohli by b\u00fdt \u0161anc\u00ed na \u00fasp\u011bch pot\u00ed\u017ee s dresy? Hr\u00e1\u010di Villy si st\u011b\u017euj\u00ed, \u017ee st\u0159ih je p\u0159\u00edli\u0161 t\u011bsn\u00fd a pot sp\u00ed\u0161e nas\u00e1vaj\u00ed ne\u017e odv\u00e1d\u00ed. Hr\u00e1\u010dky \u017eensk\u00e9ho odd\u011blen\u00ed se dokonce d\u011bs\u00ed je obl\u00e9knout a klub tak v\u0161e \u0159e\u0161\u00ed s britsk\u00fdm v\u00fdrobcem &#8211; firmou Castore.<\/p>\n<h4>Kdo \u010dek\u00e1 na p\u0159\u00edle\u017eitost<\/h4>\n<p>P\u011bt ze sedmi ji\u017e jist\u00fdch \u00fa\u010dastn\u00edk\u016f osmifin\u00e1le, tedy 16 nejlep\u0161\u00edch, jsou kluby z ni\u017e\u0161\u00ed sout\u011b\u017ee. Sheffield United, Tottenham a Nottingham se porou\u010deli v druh\u00e9m kole, nyn\u00ed se k nim z Premier League p\u0159idali Wolves, Luton a Palace a kv\u016fli losu je jist\u00e9, \u017ee dal\u0161\u00ed 4 t\u00fdmy vypadnou. Tak\u017ee d\u00e1l p\u016fjde jen 10 t\u00fdm\u016f z nejvy\u0161\u0161\u00edho patra. Los dal\u0161\u00edho kola prob\u011bhne posledn\u00ed z\u00e1\u0159ijov\u00fd den.<\/p>\n<p>Sean Dyche ale nem\u00e1 a\u017e takov\u00fd v\u00fdb\u011br. Sotva m\u016f\u017ee poskl\u00e1dat 2 jeden\u00e1ctky. Sou\u010dasn\u011b tak\u00e9 nelze k poh\u00e1ru p\u0159istoupit a\u017e p\u0159\u00edli\u0161 laxn\u011b, jako se stalo proti Doncasteru ve 2. kole. Ten sv\u00e9ho o 72 m\u00edst v\u00fd\u0161e postaven\u00e9ho soupe\u0159e p\u0159ehr\u00e1val, sice ode\u0161el s pr\u00e1zdnou, alespo\u0148 se ve sv\u00e9 sout\u011b\u017ei odrazil ze dna.<\/p>\n<p>Je ot\u00e1zka, zda po takov\u00e9 blam\u00e1\u017ei dostanou dal\u0161\u00ed \u0161anci nerozehran\u00ed Keane a Godfrey. Na druhou stranu je t\u0159eba trochu \u0161et\u0159it s\u00edly a jsou tu hr\u00e1\u010di na hran\u011b z\u00e1kladn\u00ed sestavy jako nezkrotn\u00fd Patterson, mlad\u00fd Chermiti, uzdravuj\u00edc\u00ed se Harrison s DCL nebo dal\u0161\u00ed mlad\u00ed jako Virginia a Dobbin. Nikdo dal\u0161\u00ed z rezervy nepom\u016f\u017ee, v\u010dera toti\u017e prohr\u00e1li v EFL Trophy s Burtonem 2:0 v pln\u00e9 sestav\u011b s Kouyatem, Okoronkwem nebo Onyangem.<\/p>\n<h4>Bilance<\/h4>\n<p>Posledn\u00ed l\u00e9ta ovl\u00e1dla vz\u00e1jemn\u00e9 duely zcela Aston Villa, Everton se naposledy radoval v sez\u00f3n\u011b p\u00e1du sv\u00e9ho dlouholet\u00e9ho rivala do Championship, v roce 2016. P\u0159ed t\u00edm na druhou stranu l\u00e9ta panovali Toffees. V ligov\u00e9m poh\u00e1ru se kluby utkaly jen 9kr\u00e1t, co\u017e nen\u00ed tolik oproti ligov\u00fdm 2 stovk\u00e1m. Everton nikdy mimo Goodison Park nezv\u00edt\u011bzil, av\u0161ak v posledn\u00edm m\u011b\u0159en\u00ed, \u0161lo o dvojz\u00e1pas v semifin\u00e1le v \u00fanoru 1984, se radovali Evertonians (2:0 a 0:1). K\u00e9\u017e se tak stane i dnes ve\u010der! COYB!<\/p>\n<p><strong>Co<\/strong>: Aston Villa FC &#8211; Everton FC, Carabao Cup, 3. kolo<br \/>\n<strong>Kdy<\/strong>: 27.9.2023 od 20:45 SE\u010c<br \/>\n<strong>Kde<\/strong>: Villa Park &#8211; Trinity Road, Birmingham, B6 6HE (kapacita: 42\u00a0640)<br \/>\n<strong>TV<\/strong>: pravd\u011bpodobn\u011b jen streamy r\u016fzn\u00fdch pokoutn\u00edch podnik\u016f<br \/>\n<strong>Rozhod\u010d\u00ed<\/strong>: Tony Harrington<\/p>\n","protected":false},"excerpt":{"rendered":"<p>Ligov\u00fd poh\u00e1r v kabinetu Toffees st\u00e1le sch\u00e1z\u00ed. Na druh\u00e9 kontrole letos \u010d\u00edh\u00e1 t\u00fdm, kter\u00fd vyhr\u00e1l trofej jako v\u016fbec prvn\u00ed v jej\u00ed historii &#8211; Aston Villa.<\/p>\n","protected":false},"author":10,"featured_media":16147,"comment_status":"open","ping_status":"closed","sticky":false,"template":"","format":"standard","meta":{"_eb_attr":"","_monsterinsights_skip_tracking":false,"_monsterinsights_sitenote_active":false,"_monsterinsights_sitenote_note":"","_monsterinsights_sitenote_category":0,"footnotes":""},"categories":[4],"tags":[],"yoast_head":"<!-- This site is optimized with the Yoast SEO plugin v23.4 - https:\/\/yoast.com\/wordpress\/plugins\/seo\/ -->\n<title>LC Preview: Aston Villa - Everton - Official Czech &amp; Slovak Everton Supporters&#039; Club<\/title>\n<meta name=\"robots\" content=\"index, follow, max-snippet:-1, max-image-preview:large, max-video-preview:-1\" \/>\n<link rel=\"canonical\" href=\"https:\/\/evertonfc.cz\/index.php\/2023\/09\/27\/lc-preview-aston-villa-everton\/\" \/>\n<meta property=\"og:locale\" content=\"cs_CZ\" \/>\n<meta property=\"og:type\" content=\"article\" \/>\n<meta property=\"og:title\" content=\"LC Preview: Aston Villa - Everton - Official Czech &amp; Slovak Everton Supporters&#039; Club\" \/>\n<meta property=\"og:description\" content=\"Ligov\u00fd poh\u00e1r v kabinetu Toffees st\u00e1le sch\u00e1z\u00ed. Na druh\u00e9 kontrole letos \u010d\u00edh\u00e1 t\u00fdm, kter\u00fd vyhr\u00e1l trofej jako v\u016fbec prvn\u00ed v jej\u00ed historii - Aston Villa.\" \/>\n<meta property=\"og:url\" content=\"https:\/\/evertonfc.cz\/index.php\/2023\/09\/27\/lc-preview-aston-villa-everton\/\" \/>\n<meta property=\"og:site_name\" content=\"Official Czech &amp; Slovak Everton Supporters&#039; Club\" \/>\n<meta property=\"article:publisher\" content=\"https:\/\/www.facebook.com\/everton.fans.cz.sk\" \/>\n<meta property=\"article:published_time\" content=\"2023-09-27T18:09:47+00:00\" \/>\n<meta property=\"article:modified_time\" content=\"2023-09-28T15:04:51+00:00\" \/>\n<meta property=\"og:image\" content=\"https:\/\/evertonfc.cz\/wp-content\/uploads\/2021\/08\/carabao.jpg\" \/>\n\t<meta property=\"og:image:width\" content=\"720\" \/>\n\t<meta property=\"og:image:height\" content=\"405\" \/>\n\t<meta property=\"og:image:type\" content=\"image\/jpeg\" \/>\n<meta name=\"author\" content=\"Fip\" \/>\n<meta name=\"twitter:card\" content=\"summary_large_image\" \/>\n<meta name=\"twitter:label1\" content=\"Napsal(a)\" \/>\n\t<meta name=\"twitter:data1\" content=\"Fip\" \/>\n\t<meta name=\"twitter:label2\" content=\"Odhadovan\u00e1 doba \u010dten\u00ed\" \/>\n\t<meta name=\"twitter:data2\" content=\"4 minuty\" \/>\n<script type=\"application\/ld+json\" class=\"yoast-schema-graph\">{\"@context\":\"https:\/\/schema.org\",\"@graph\":[{\"@type\":\"Article\",\"@id\":\"https:\/\/evertonfc.cz\/index.php\/2023\/09\/27\/lc-preview-aston-villa-everton\/#article\",\"isPartOf\":{\"@id\":\"https:\/\/evertonfc.cz\/index.php\/2023\/09\/27\/lc-preview-aston-villa-everton\/\"},\"author\":{\"name\":\"Fip\",\"@id\":\"https:\/\/evertonfc.cz\/#\/schema\/person\/35904009755e8eaa0dc1a5f5f0419002\"},\"headline\":\"LC Preview: Aston Villa &#8211; Everton\",\"datePublished\":\"2023-09-27T18:09:47+00:00\",\"dateModified\":\"2023-09-28T15:04:51+00:00\",\"mainEntityOfPage\":{\"@id\":\"https:\/\/evertonfc.cz\/index.php\/2023\/09\/27\/lc-preview-aston-villa-everton\/\"},\"wordCount\":791,\"commentCount\":8,\"publisher\":{\"@id\":\"https:\/\/evertonfc.cz\/#organization\"},\"image\":{\"@id\":\"https:\/\/evertonfc.cz\/index.php\/2023\/09\/27\/lc-preview-aston-villa-everton\/#primaryimage\"},\"thumbnailUrl\":\"https:\/\/evertonfc.cz\/wp-content\/uploads\/2021\/08\/carabao.jpg\",\"articleSection\":[\"Z\u00e1pasy\"],\"inLanguage\":\"cs\",\"potentialAction\":[{\"@type\":\"CommentAction\",\"name\":\"Comment\",\"target\":[\"https:\/\/evertonfc.cz\/index.php\/2023\/09\/27\/lc-preview-aston-villa-everton\/#respond\"]}]},{\"@type\":\"WebPage\",\"@id\":\"https:\/\/evertonfc.cz\/index.php\/2023\/09\/27\/lc-preview-aston-villa-everton\/\",\"url\":\"https:\/\/evertonfc.cz\/index.php\/2023\/09\/27\/lc-preview-aston-villa-everton\/\",\"name\":\"LC Preview: Aston Villa - Everton - Official Czech &amp; Slovak Everton Supporters&#039; Club\",\"isPartOf\":{\"@id\":\"https:\/\/evertonfc.cz\/#website\"},\"primaryImageOfPage\":{\"@id\":\"https:\/\/evertonfc.cz\/index.php\/2023\/09\/27\/lc-preview-aston-villa-everton\/#primaryimage\"},\"image\":{\"@id\":\"https:\/\/evertonfc.cz\/index.php\/2023\/09\/27\/lc-preview-aston-villa-everton\/#primaryimage\"},\"thumbnailUrl\":\"https:\/\/evertonfc.cz\/wp-content\/uploads\/2021\/08\/carabao.jpg\",\"datePublished\":\"2023-09-27T18:09:47+00:00\",\"dateModified\":\"2023-09-28T15:04:51+00:00\",\"breadcrumb\":{\"@id\":\"https:\/\/evertonfc.cz\/index.php\/2023\/09\/27\/lc-preview-aston-villa-everton\/#breadcrumb\"},\"inLanguage\":\"cs\",\"potentialAction\":[{\"@type\":\"ReadAction\",\"target\":[\"https:\/\/evertonfc.cz\/index.php\/2023\/09\/27\/lc-preview-aston-villa-everton\/\"]}]},{\"@type\":\"ImageObject\",\"inLanguage\":\"cs\",\"@id\":\"https:\/\/evertonfc.cz\/index.php\/2023\/09\/27\/lc-preview-aston-villa-everton\/#primaryimage\",\"url\":\"https:\/\/evertonfc.cz\/wp-content\/uploads\/2021\/08\/carabao.jpg\",\"contentUrl\":\"https:\/\/evertonfc.cz\/wp-content\/uploads\/2021\/08\/carabao.jpg\",\"width\":720,\"height\":405},{\"@type\":\"BreadcrumbList\",\"@id\":\"https:\/\/evertonfc.cz\/index.php\/2023\/09\/27\/lc-preview-aston-villa-everton\/#breadcrumb\",\"itemListElement\":[{\"@type\":\"ListItem\",\"position\":1,\"name\":\"Home\",\"item\":\"https:\/\/evertonfc.cz\/\"},{\"@type\":\"ListItem\",\"position\":2,\"name\":\"LC Preview: Aston Villa &#8211; Everton\"}]},{\"@type\":\"WebSite\",\"@id\":\"https:\/\/evertonfc.cz\/#website\",\"url\":\"https:\/\/evertonfc.cz\/\",\"name\":\"Official Czech &amp; Slovak Everton Supporters&#039; Club\",\"description\":\"\",\"publisher\":{\"@id\":\"https:\/\/evertonfc.cz\/#organization\"},\"potentialAction\":[{\"@type\":\"SearchAction\",\"target\":{\"@type\":\"EntryPoint\",\"urlTemplate\":\"https:\/\/evertonfc.cz\/?s={search_term_string}\"},\"query-input\":{\"@type\":\"PropertyValueSpecification\",\"valueRequired\":true,\"valueName\":\"search_term_string\"}}],\"inLanguage\":\"cs\"},{\"@type\":\"Organization\",\"@id\":\"https:\/\/evertonfc.cz\/#organization\",\"name\":\"Official Czech & Slovak Everton Supporters' Club\",\"url\":\"https:\/\/evertonfc.cz\/\",\"logo\":{\"@type\":\"ImageObject\",\"inLanguage\":\"cs\",\"@id\":\"https:\/\/evertonfc.cz\/#\/schema\/logo\/image\/\",\"url\":\"https:\/\/evertonfc.cz\/wp-content\/uploads\/2019\/05\/logo.png\",\"contentUrl\":\"https:\/\/evertonfc.cz\/wp-content\/uploads\/2019\/05\/logo.png\",\"width\":112,\"height\":112,\"caption\":\"Official Czech & Slovak Everton Supporters' Club\"},\"image\":{\"@id\":\"https:\/\/evertonfc.cz\/#\/schema\/logo\/image\/\"},\"sameAs\":[\"https:\/\/www.facebook.com\/everton.fans.cz.sk\"]},{\"@type\":\"Person\",\"@id\":\"https:\/\/evertonfc.cz\/#\/schema\/person\/35904009755e8eaa0dc1a5f5f0419002\",\"name\":\"Fip\",\"url\":\"https:\/\/evertonfc.cz\/index.php\/author\/fip\/\"}]}<\/script>\n<!-- \/ Yoast SEO plugin. -->","yoast_head_json":{"title":"LC Preview: Aston Villa - Everton - Official Czech &amp; Slovak Everton Supporters&#039; Club","robots":{"index":"index","follow":"follow","max-snippet":"max-snippet:-1","max-image-preview":"max-image-preview:large","max-video-preview":"max-video-preview:-1"},"canonical":"https:\/\/evertonfc.cz\/index.php\/2023\/09\/27\/lc-preview-aston-villa-everton\/","og_locale":"cs_CZ","og_type":"article","og_title":"LC Preview: Aston Villa - Everton - Official Czech &amp; Slovak Everton Supporters&#039; Club","og_description":"Ligov\u00fd poh\u00e1r v kabinetu Toffees st\u00e1le sch\u00e1z\u00ed. Na druh\u00e9 kontrole letos \u010d\u00edh\u00e1 t\u00fdm, kter\u00fd vyhr\u00e1l trofej jako v\u016fbec prvn\u00ed v jej\u00ed historii - Aston Villa.","og_url":"https:\/\/evertonfc.cz\/index.php\/2023\/09\/27\/lc-preview-aston-villa-everton\/","og_site_name":"Official Czech &amp; Slovak Everton Supporters&#039; Club","article_publisher":"https:\/\/www.facebook.com\/everton.fans.cz.sk","article_published_time":"2023-09-27T18:09:47+00:00","article_modified_time":"2023-09-28T15:04:51+00:00","og_image":[{"width":720,"height":405,"url":"https:\/\/evertonfc.cz\/wp-content\/uploads\/2021\/08\/carabao.jpg","type":"image\/jpeg"}],"author":"Fip","twitter_card":"summary_large_image","twitter_misc":{"Napsal(a)":"Fip","Odhadovan\u00e1 doba \u010dten\u00ed":"4 minuty"},"schema":{"@context":"https:\/\/schema.org","@graph":[{"@type":"Article","@id":"https:\/\/evertonfc.cz\/index.php\/2023\/09\/27\/lc-preview-aston-villa-everton\/#article","isPartOf":{"@id":"https:\/\/evertonfc.cz\/index.php\/2023\/09\/27\/lc-preview-aston-villa-everton\/"},"author":{"name":"Fip","@id":"https:\/\/evertonfc.cz\/#\/schema\/person\/35904009755e8eaa0dc1a5f5f0419002"},"headline":"LC Preview: Aston Villa &#8211; Everton","datePublished":"2023-09-27T18:09:47+00:00","dateModified":"2023-09-28T15:04:51+00:00","mainEntityOfPage":{"@id":"https:\/\/evertonfc.cz\/index.php\/2023\/09\/27\/lc-preview-aston-villa-everton\/"},"wordCount":791,"commentCount":8,"publisher":{"@id":"https:\/\/evertonfc.cz\/#organization"},"image":{"@id":"https:\/\/evertonfc.cz\/index.php\/2023\/09\/27\/lc-preview-aston-villa-everton\/#primaryimage"},"thumbnailUrl":"https:\/\/evertonfc.cz\/wp-content\/uploads\/2021\/08\/carabao.jpg","articleSection":["Z\u00e1pasy"],"inLanguage":"cs","potentialAction":[{"@type":"CommentAction","name":"Comment","target":["https:\/\/evertonfc.cz\/index.php\/2023\/09\/27\/lc-preview-aston-villa-everton\/#respond"]}]},{"@type":"WebPage","@id":"https:\/\/evertonfc.cz\/index.php\/2023\/09\/27\/lc-preview-aston-villa-everton\/","url":"https:\/\/evertonfc.cz\/index.php\/2023\/09\/27\/lc-preview-aston-villa-everton\/","name":"LC Preview: Aston Villa - Everton - Official Czech &amp; Slovak Everton Supporters&#039; Club","isPartOf":{"@id":"https:\/\/evertonfc.cz\/#website"},"primaryImageOfPage":{"@id":"https:\/\/evertonfc.cz\/index.php\/2023\/09\/27\/lc-preview-aston-villa-everton\/#primaryimage"},"image":{"@id":"https:\/\/evertonfc.cz\/index.php\/2023\/09\/27\/lc-preview-aston-villa-everton\/#primaryimage"},"thumbnailUrl":"https:\/\/evertonfc.cz\/wp-content\/uploads\/2021\/08\/carabao.jpg","datePublished":"2023-09-27T18:09:47+00:00","dateModified":"2023-09-28T15:04:51+00:00","breadcrumb":{"@id":"https:\/\/evertonfc.cz\/index.php\/2023\/09\/27\/lc-preview-aston-villa-everton\/#breadcrumb"},"inLanguage":"cs","potentialAction":[{"@type":"ReadAction","target":["https:\/\/evertonfc.cz\/index.php\/2023\/09\/27\/lc-preview-aston-villa-everton\/"]}]},{"@type":"ImageObject","inLanguage":"cs","@id":"https:\/\/evertonfc.cz\/index.php\/2023\/09\/27\/lc-preview-aston-villa-everton\/#primaryimage","url":"https:\/\/evertonfc.cz\/wp-content\/uploads\/2021\/08\/carabao.jpg","contentUrl":"https:\/\/evertonfc.cz\/wp-content\/uploads\/2021\/08\/carabao.jpg","width":720,"height":405},{"@type":"BreadcrumbList","@id":"https:\/\/evertonfc.cz\/index.php\/2023\/09\/27\/lc-preview-aston-villa-everton\/#breadcrumb","itemListElement":[{"@type":"ListItem","position":1,"name":"Home","item":"https:\/\/evertonfc.cz\/"},{"@type":"ListItem","position":2,"name":"LC Preview: Aston Villa &#8211; Everton"}]},{"@type":"WebSite","@id":"https:\/\/evertonfc.cz\/#website","url":"https:\/\/evertonfc.cz\/","name":"Official Czech &amp; Slovak Everton Supporters&#039; Club","description":"","publisher":{"@id":"https:\/\/evertonfc.cz\/#organization"},"potentialAction":[{"@type":"SearchAction","target":{"@type":"EntryPoint","urlTemplate":"https:\/\/evertonfc.cz\/?s={search_term_string}"},"query-input":{"@type":"PropertyValueSpecification","valueRequired":true,"valueName":"search_term_string"}}],"inLanguage":"cs"},{"@type":"Organization","@id":"https:\/\/evertonfc.cz\/#organization","name":"Official Czech & Slovak Everton Supporters' Club","url":"https:\/\/evertonfc.cz\/","logo":{"@type":"ImageObject","inLanguage":"cs","@id":"https:\/\/evertonfc.cz\/#\/schema\/logo\/image\/","url":"https:\/\/evertonfc.cz\/wp-content\/uploads\/2019\/05\/logo.png","contentUrl":"https:\/\/evertonfc.cz\/wp-content\/uploads\/2019\/05\/logo.png","width":112,"height":112,"caption":"Official Czech & Slovak Everton Supporters' Club"},"image":{"@id":"https:\/\/evertonfc.cz\/#\/schema\/logo\/image\/"},"sameAs":["https:\/\/www.facebook.com\/everton.fans.cz.sk"]},{"@type":"Person","@id":"https:\/\/evertonfc.cz\/#\/schema\/person\/35904009755e8eaa0dc1a5f5f0419002","name":"Fip","url":"https:\/\/evertonfc.cz\/index.php\/author\/fip\/"}]}},"_links":{"self":[{"href":"https:\/\/evertonfc.cz\/index.php\/wp-json\/wp\/v2\/posts\/22839"}],"collection":[{"href":"https:\/\/evertonfc.cz\/index.php\/wp-json\/wp\/v2\/posts"}],"about":[{"href":"https:\/\/evertonfc.cz\/index.php\/wp-json\/wp\/v2\/types\/post"}],"author":[{"embeddable":true,"href":"https:\/\/evertonfc.cz\/index.php\/wp-json\/wp\/v2\/users\/10"}],"replies":[{"embeddable":true,"href":"https:\/\/evertonfc.cz\/index.php\/wp-json\/wp\/v2\/comments?post=22839"}],"version-history":[{"count":7,"href":"https:\/\/evertonfc.cz\/index.php\/wp-json\/wp\/v2\/posts\/22839\/revisions"}],"predecessor-version":[{"id":22851,"href":"https:\/\/evertonfc.cz\/index.php\/wp-json\/wp\/v2\/posts\/22839\/revisions\/22851"}],"wp:featuredmedia":[{"embeddable":true,"href":"https:\/\/evertonfc.cz\/index.php\/wp-json\/wp\/v2\/media\/16147"}],"wp:attachment":[{"href":"https:\/\/evertonfc.cz\/index.php\/wp-json\/wp\/v2\/media?parent=22839"}],"wp:term":[{"taxonomy":"category","embeddable":true,"href":"https:\/\/evertonfc.cz\/index.php\/wp-json\/wp\/v2\/categories?post=22839"},{"taxonomy":"post_tag","embeddable":true,"href":"https:\/\/evertonfc.cz\/index.php\/wp-json\/wp\/v2\/tags?post=22839"}],"curies":[{"name":"wp","href":"https:\/\/api.w.org\/{rel}","templated":true}]}}