{"id":22852,"date":"2023-09-28T18:09:24","date_gmt":"2023-09-28T16:09:24","guid":{"rendered":"https:\/\/evertonfc.cz\/?p=22852"},"modified":"2023-09-29T11:45:48","modified_gmt":"2023-09-29T09:45:48","slug":"aston-villa-everton-12","status":"publish","type":"post","link":"https:\/\/evertonfc.cz\/index.php\/2023\/09\/28\/aston-villa-everton-12\/","title":{"rendered":"Aston Villa \u2013 Everton 1:2"},"content":{"rendered":"<h4>Asi by sme mali za\u010da\u0165 hr\u00e1va\u0165 len na ihrisk\u00e1ch s\u00faperov. Tam n\u00e1m to ide, odtia\u013e zbierame body, a\u00a0stade postupujeme \u010falej. Asi preto n\u00e1m osud vy\u017ereboval \u0161tvrt\u00e9 kolo doma.<\/h4>\n<p>Koncom okt\u00f3bra tak priv\u00edtame na Goodison Parku tr\u00e1piace sa Burnley. Ale to u\u017e predbieham, d\u00f4le\u017eit\u00e9 sa stalo v\u010dera. Pomsta sa podarila, hoc nie ve\u013ek\u00e1 v sk\u00f3re, v\u00ed\u0165azstvo a\u00a0fat\u00e1lne vyradenie v\u017edy chutia o\u00a0\u010dosi slad\u0161ie. Kto neveril, nem\u00f4\u017eeme sa mu \u010dudova\u0165. The Villans v\u00a0lige na \u0161iestom miesto d\u00fdchaj\u00fa na chrb\u00e1t Arsenalu.<\/p>\n<p>Dyche vo svojom rigidnom zm\u00fd\u0161\u013ean\u00ed nemal pr\u00edli\u0161 nad \u010d\u00edm v\u00e1ha\u0165. No predsa n\u00e1s dok\u00e1zal prekvapi\u0165. A\u00a0to v\u00a0dobrom. Dokonca Mr. FourFourTwo aj zmenil form\u00e1ciu, a\u00a0vzadu pridal Keanea. Ubral t\u00fdm jedn\u00e9ho stredn\u00e9ho z\u00e1lo\u017en\u00edka, kde si museli vysta\u010di\u0165 Onana s\u00a0Garnerom. Na kr\u00eddlach dostal \u0161ancu Danjuma a\u00a0ne\u010dakane aj uzdraven\u00fd Harrison, pripravovan\u00fd cez t\u00fd\u017ede\u0148 v\u00a0z\u00e1pase v\u00fdberu do 21 rokov. Nutno spomen\u00fa\u0165, \u017ee naposledy, ke\u010f Sean sk\u00fa\u0161al nie\u010do tak\u00e9, tak vyfasoval 0:5 od City a\u00a01:5 aj od Evertonu.<\/p>\n<h4><strong>1.pol\u010das<\/strong><\/h4>\n<p>Stretnutie dlho nenap\u00ednalo, a od \u00favodu bolo jasn\u00e9, v akom scen\u00e1ri bude prebieha\u0165. Dom\u00e1ci si bud\u00fa prihr\u00e1va\u0165 a hostia ich nap\u00e1da\u0165. Ni\u010d svetoborn\u00e9. No efekt vo v\u00fdznamn\u00fdch detailoch bol, \u017ee sa zabrdzden\u00e1 Villa pravidelne v dlh\u00fdch \u00fasekoch nevedela dosta\u0165 z vlastnej polovice. Pressing Evertonu bol tak\u00fd dobr\u00fd. Dokonca n\u00fatil hr\u00e1\u010dov vo viac spoten\u00fdch dresoch kopi\u0165 chyby, a necha\u0165 tak sn\u00e1\u010f polopr\u00e1zdny Villa Park h\u00edka\u0165. S\u00edce prv\u00e9 dve polo \u0161ance patrili bordov\u00fdm, ako pri strele Durana \u010di tesnom voleji Tielemansa nad brvno.<\/p>\n<p>To bolo ale jedin\u00e9 dobr\u00e9, na \u010do sa posila z Leicestru v tomto dueli zmohla. \u00davodn\u00fd g\u00f3l po \u0161tvr\u0165 hodine preto musel padn\u00fa\u0165 n\u00e1v\u0161tevn\u00edkom. Op\u00e4\u0165 n\u00e1tlak na stop\u00e9rov, Olsen zbesilo odkop\u00e1va, a lopta sa po hlavi\u010dkovej hre dost\u00e1va k Onanovi, ktor\u00fd \u0148ou svi\u017ene nab\u00e1da Garnera k \u0161tip\u013eav\u00e9mu zakon\u010deniu \u013eava\u010dkou na svoj prv\u00fd g\u00f3l za EFC. <strong>0:1. <\/strong>Danjumov prienik do v\u00e1pna sme bohu\u017eia\u013e nevyu\u017eili, Villa si nepochopite\u013ene nechcela da\u0165 vlastn\u00fd g\u00f3l. Calvert-Lewin sa tam tie\u017e dostal v\u010faka \u0161ikovn\u00e9mu Harrisonovi, no bo\u010dn\u00e1 sie\u0165 sa ner\u00e1tala.<\/p>\n<h4><strong>2.pol\u010das<\/strong><\/h4>\n<p>V\u00a0druhom dejstve sa hral podobn\u00fd futbal. Zmenou zo \u0161atne bol Young za Mykolenka, ktor\u00fd nem\u00e1 ni\u010d v\u00e1\u017ene, len p\u00e1r modr\u00edn. A\u00a0v\u00a0podstate hne\u010f sme op\u00e4\u0165 zu\u017eitkovali dobr\u00e9 a dotierav\u00e9 postavanie. Tielemans poslal leniv\u00fa dozadu, ktor\u00fa vystihol Calvert-Lewin, a\u00a0v\u00a0n\u00e1jazde s\u00e1m na br\u00e1nu nekompromisne zakon\u010dil. <strong>0:2<\/strong><\/p>\n<p>Diabyho n\u00e1sledne vychytal Pickford, ke\u010f hostitelia zv\u00fd\u0161ili tempo. O\u00a0to ist\u00e9 sa pok\u00fa\u0161al DCL, ale Olsen sa nedal zahanbi\u0165. Ale postupom \u010dasu a\u00a0striedaniami sme upustili od drzosti, a\u00a0nechali dom\u00e1cich hra\u0165 bli\u017e\u0161ie k\u00a0br\u00e1ne. Z\u00a0toho plynul aj jeden roh, po ktorom sa k\u00a0lopte pred v\u00e1pnom dostal Kamara a\u00a0v\u00fdpalil. Bohu\u017eia\u013e to Keane ne\u0161\u0165astne te\u010doval do protipohybu n\u00e1\u0161ho brank\u00e1ra. <strong>1:2<\/strong>, \u0161koda ale nevad\u00ed, zvy\u0161ok sme ust\u00e1li.<\/p>\n<h4><strong>Sean Dyche po z\u00e1pase:<\/strong><\/h4>\n<blockquote><p><span style=\"font-size: 12pt;\"><em>\u201eSom naozaj spokojn\u00fd s hr\u00e1\u010dmi a flexibilitou, ktor\u00fa uk\u00e1zali. Hovoril som s nimi vopred o flexibilite zahra\u0165 in\u00fa form\u00e1ciu, ma\u0165 in\u00e9 myslenie a in\u00fa taktiku. Ale potom som im rovnako povedal, \u017ee taktika nevyhr\u00e1va z\u00e1pasy, ale v\u00fdkony. Je to o jednotlivcoch a t\u00edmovej etike. V\u0161etky nosy ukazuj\u00fa spr\u00e1vnym smerom a mysl\u00edm, \u017ee to sa dnes ve\u010der op\u00e4\u0165 prejavilo. Taktika bola od hr\u00e1\u010dov podan\u00e1 dobre, ale rovnako, z\u00e1mer \u00eds\u0165 a prevzia\u0165 hru v dr\u017ean\u00ed lopty aj mimo dr\u017eania bol naozaj, naozaj pote\u0161uj\u00faci.\u201c<\/em><\/span><\/p><\/blockquote>\n<h3 style=\"text-align: center;\"><span style=\"color: #3366ff;\"><em><strong>Come on you Blues !!!<\/strong><\/em><\/span><\/h3>\n<p style=\"text-align: right;\"><span style=\"font-size: 8pt;\">(fotozdroj: Getty Images)<\/span><\/p>\n<p><strong>Zostrihy:<\/strong> hoofoot.com\u00a0 <strong>Mu\u017e z\u00e1pasu redakcie:<\/strong> James Garner<\/p>\n<p><strong>G\u00f3ly:<\/strong> 15\u00b4 Garner (Onana), 50\u00b4 Calvert-Lewin, 83\u00b4 Kamara<\/p>\n<p><strong>\u017dlt\u00e9 karty:<\/strong> 46\u00b4 Watkins, 48\u00b4 Paterson, 66\u00b4 Tarkowski, 74\u00b4 Digne, 79\u00b4 Konsa, 90+4\u00b4 McNeil, 90+4\u00b4 Luiz<\/p>\n<p><strong>Aston Villa FC:<\/strong> Olsen \u2013 Cash, Konsa, Torres, Robinson, McGinn (46\u00b4 Kamara) \u2013 Luiz, Dendoncker (46\u00b4 Digne), Tielemans (78\u00b4 Kellyman) \u2013 Diaby, Duran (46\u00b4 Watkins), Bailey (31\u00b4 Zaniolo)<\/p>\n<p><strong>Everton FC:<\/strong> Pickford \u2013 Patterson, Keane, Tarkowski, Branthwaite, Mykolenko (46\u00b4 Young) \u2013 Harrison (65\u00b4 McNeil), Garner, Onana (79\u00b4 Doucour\u00e9), Danjuma (72\u00b4 Gueye) \u2013 Calvert-Lewin (72\u00b4 Beto)<\/p>\n<p><strong>Rozhodca: <\/strong>Tony Harrington<\/p>\n","protected":false},"excerpt":{"rendered":"<p>Asi by sme mali za\u010da\u0165 hr\u00e1va\u0165 len na ihrisk\u00e1ch s\u00faperov. Tam n\u00e1m to ide, odtia\u013e zbierame body, a\u00a0stade postupujeme \u010falej. Asi preto n\u00e1m osud vy\u017ereboval \u0161tvrt\u00e9 kolo doma.<\/p>\n","protected":false},"author":1,"featured_media":22853,"comment_status":"open","ping_status":"closed","sticky":false,"template":"","format":"standard","meta":{"_eb_attr":"","_monsterinsights_skip_tracking":false,"_monsterinsights_sitenote_active":false,"_monsterinsights_sitenote_note":"","_monsterinsights_sitenote_category":0,"footnotes":""},"categories":[4],"tags":[],"yoast_head":"<!-- This site is optimized with the Yoast SEO plugin v23.4 - https:\/\/yoast.com\/wordpress\/plugins\/seo\/ -->\n<title>Aston Villa \u2013 Everton 1:2 - Official Czech &amp; Slovak Everton Supporters&#039; Club<\/title>\n<meta name=\"robots\" content=\"index, follow, max-snippet:-1, max-image-preview:large, max-video-preview:-1\" \/>\n<link rel=\"canonical\" href=\"https:\/\/evertonfc.cz\/index.php\/2023\/09\/28\/aston-villa-everton-12\/\" \/>\n<meta property=\"og:locale\" content=\"cs_CZ\" \/>\n<meta property=\"og:type\" content=\"article\" \/>\n<meta property=\"og:title\" content=\"Aston Villa \u2013 Everton 1:2 - Official Czech &amp; Slovak Everton Supporters&#039; Club\" \/>\n<meta property=\"og:description\" content=\"Asi by sme mali za\u010da\u0165 hr\u00e1va\u0165 len na ihrisk\u00e1ch s\u00faperov. Tam n\u00e1m to ide, odtia\u013e zbierame body, a\u00a0stade postupujeme \u010falej. Asi preto n\u00e1m osud vy\u017ereboval \u0161tvrt\u00e9 kolo doma.\" \/>\n<meta property=\"og:url\" content=\"https:\/\/evertonfc.cz\/index.php\/2023\/09\/28\/aston-villa-everton-12\/\" \/>\n<meta property=\"og:site_name\" content=\"Official Czech &amp; Slovak Everton Supporters&#039; Club\" \/>\n<meta property=\"article:publisher\" content=\"https:\/\/www.facebook.com\/everton.fans.cz.sk\" \/>\n<meta property=\"article:published_time\" content=\"2023-09-28T16:09:24+00:00\" \/>\n<meta property=\"article:modified_time\" content=\"2023-09-29T09:45:48+00:00\" \/>\n<meta property=\"og:image\" content=\"https:\/\/evertonfc.cz\/wp-content\/uploads\/2023\/09\/LC-Aston-Villa-1-2-Everton-by-Getty-Images-28-9-2023.jpg\" \/>\n\t<meta property=\"og:image:width\" content=\"720\" \/>\n\t<meta property=\"og:image:height\" content=\"405\" \/>\n\t<meta property=\"og:image:type\" content=\"image\/jpeg\" \/>\n<meta name=\"author\" content=\"BlueBlooded\" \/>\n<meta name=\"twitter:card\" content=\"summary_large_image\" \/>\n<meta name=\"twitter:label1\" content=\"Napsal(a)\" \/>\n\t<meta name=\"twitter:data1\" content=\"BlueBlooded\" \/>\n\t<meta name=\"twitter:label2\" content=\"Odhadovan\u00e1 doba \u010dten\u00ed\" \/>\n\t<meta name=\"twitter:data2\" content=\"3 minuty\" \/>\n<script type=\"application\/ld+json\" class=\"yoast-schema-graph\">{\"@context\":\"https:\/\/schema.org\",\"@graph\":[{\"@type\":\"Article\",\"@id\":\"https:\/\/evertonfc.cz\/index.php\/2023\/09\/28\/aston-villa-everton-12\/#article\",\"isPartOf\":{\"@id\":\"https:\/\/evertonfc.cz\/index.php\/2023\/09\/28\/aston-villa-everton-12\/\"},\"author\":{\"name\":\"BlueBlooded\",\"@id\":\"https:\/\/evertonfc.cz\/#\/schema\/person\/d4493b8cbea51532597fbc4685698916\"},\"headline\":\"Aston Villa \u2013 Everton 1:2\",\"datePublished\":\"2023-09-28T16:09:24+00:00\",\"dateModified\":\"2023-09-29T09:45:48+00:00\",\"mainEntityOfPage\":{\"@id\":\"https:\/\/evertonfc.cz\/index.php\/2023\/09\/28\/aston-villa-everton-12\/\"},\"wordCount\":721,\"commentCount\":0,\"publisher\":{\"@id\":\"https:\/\/evertonfc.cz\/#organization\"},\"image\":{\"@id\":\"https:\/\/evertonfc.cz\/index.php\/2023\/09\/28\/aston-villa-everton-12\/#primaryimage\"},\"thumbnailUrl\":\"https:\/\/evertonfc.cz\/wp-content\/uploads\/2023\/09\/LC-Aston-Villa-1-2-Everton-by-Getty-Images-28-9-2023.jpg\",\"articleSection\":[\"Z\u00e1pasy\"],\"inLanguage\":\"cs\",\"potentialAction\":[{\"@type\":\"CommentAction\",\"name\":\"Comment\",\"target\":[\"https:\/\/evertonfc.cz\/index.php\/2023\/09\/28\/aston-villa-everton-12\/#respond\"]}]},{\"@type\":\"WebPage\",\"@id\":\"https:\/\/evertonfc.cz\/index.php\/2023\/09\/28\/aston-villa-everton-12\/\",\"url\":\"https:\/\/evertonfc.cz\/index.php\/2023\/09\/28\/aston-villa-everton-12\/\",\"name\":\"Aston Villa \u2013 Everton 1:2 - Official Czech &amp; Slovak Everton Supporters&#039; Club\",\"isPartOf\":{\"@id\":\"https:\/\/evertonfc.cz\/#website\"},\"primaryImageOfPage\":{\"@id\":\"https:\/\/evertonfc.cz\/index.php\/2023\/09\/28\/aston-villa-everton-12\/#primaryimage\"},\"image\":{\"@id\":\"https:\/\/evertonfc.cz\/index.php\/2023\/09\/28\/aston-villa-everton-12\/#primaryimage\"},\"thumbnailUrl\":\"https:\/\/evertonfc.cz\/wp-content\/uploads\/2023\/09\/LC-Aston-Villa-1-2-Everton-by-Getty-Images-28-9-2023.jpg\",\"datePublished\":\"2023-09-28T16:09:24+00:00\",\"dateModified\":\"2023-09-29T09:45:48+00:00\",\"breadcrumb\":{\"@id\":\"https:\/\/evertonfc.cz\/index.php\/2023\/09\/28\/aston-villa-everton-12\/#breadcrumb\"},\"inLanguage\":\"cs\",\"potentialAction\":[{\"@type\":\"ReadAction\",\"target\":[\"https:\/\/evertonfc.cz\/index.php\/2023\/09\/28\/aston-villa-everton-12\/\"]}]},{\"@type\":\"ImageObject\",\"inLanguage\":\"cs\",\"@id\":\"https:\/\/evertonfc.cz\/index.php\/2023\/09\/28\/aston-villa-everton-12\/#primaryimage\",\"url\":\"https:\/\/evertonfc.cz\/wp-content\/uploads\/2023\/09\/LC-Aston-Villa-1-2-Everton-by-Getty-Images-28-9-2023.jpg\",\"contentUrl\":\"https:\/\/evertonfc.cz\/wp-content\/uploads\/2023\/09\/LC-Aston-Villa-1-2-Everton-by-Getty-Images-28-9-2023.jpg\",\"width\":720,\"height\":405},{\"@type\":\"BreadcrumbList\",\"@id\":\"https:\/\/evertonfc.cz\/index.php\/2023\/09\/28\/aston-villa-everton-12\/#breadcrumb\",\"itemListElement\":[{\"@type\":\"ListItem\",\"position\":1,\"name\":\"Home\",\"item\":\"https:\/\/evertonfc.cz\/\"},{\"@type\":\"ListItem\",\"position\":2,\"name\":\"Aston Villa \u2013 Everton 1:2\"}]},{\"@type\":\"WebSite\",\"@id\":\"https:\/\/evertonfc.cz\/#website\",\"url\":\"https:\/\/evertonfc.cz\/\",\"name\":\"Official Czech &amp; Slovak Everton Supporters&#039; Club\",\"description\":\"\",\"publisher\":{\"@id\":\"https:\/\/evertonfc.cz\/#organization\"},\"potentialAction\":[{\"@type\":\"SearchAction\",\"target\":{\"@type\":\"EntryPoint\",\"urlTemplate\":\"https:\/\/evertonfc.cz\/?s={search_term_string}\"},\"query-input\":{\"@type\":\"PropertyValueSpecification\",\"valueRequired\":true,\"valueName\":\"search_term_string\"}}],\"inLanguage\":\"cs\"},{\"@type\":\"Organization\",\"@id\":\"https:\/\/evertonfc.cz\/#organization\",\"name\":\"Official Czech & Slovak Everton Supporters' Club\",\"url\":\"https:\/\/evertonfc.cz\/\",\"logo\":{\"@type\":\"ImageObject\",\"inLanguage\":\"cs\",\"@id\":\"https:\/\/evertonfc.cz\/#\/schema\/logo\/image\/\",\"url\":\"https:\/\/evertonfc.cz\/wp-content\/uploads\/2019\/05\/logo.png\",\"contentUrl\":\"https:\/\/evertonfc.cz\/wp-content\/uploads\/2019\/05\/logo.png\",\"width\":112,\"height\":112,\"caption\":\"Official Czech & Slovak Everton Supporters' Club\"},\"image\":{\"@id\":\"https:\/\/evertonfc.cz\/#\/schema\/logo\/image\/\"},\"sameAs\":[\"https:\/\/www.facebook.com\/everton.fans.cz.sk\"]},{\"@type\":\"Person\",\"@id\":\"https:\/\/evertonfc.cz\/#\/schema\/person\/d4493b8cbea51532597fbc4685698916\",\"name\":\"BlueBlooded\",\"url\":\"https:\/\/evertonfc.cz\/index.php\/author\/admin\/\"}]}<\/script>\n<!-- \/ Yoast SEO plugin. -->","yoast_head_json":{"title":"Aston Villa \u2013 Everton 1:2 - Official Czech &amp; Slovak Everton Supporters&#039; Club","robots":{"index":"index","follow":"follow","max-snippet":"max-snippet:-1","max-image-preview":"max-image-preview:large","max-video-preview":"max-video-preview:-1"},"canonical":"https:\/\/evertonfc.cz\/index.php\/2023\/09\/28\/aston-villa-everton-12\/","og_locale":"cs_CZ","og_type":"article","og_title":"Aston Villa \u2013 Everton 1:2 - Official Czech &amp; Slovak Everton Supporters&#039; Club","og_description":"Asi by sme mali za\u010da\u0165 hr\u00e1va\u0165 len na ihrisk\u00e1ch s\u00faperov. Tam n\u00e1m to ide, odtia\u013e zbierame body, a\u00a0stade postupujeme \u010falej. Asi preto n\u00e1m osud vy\u017ereboval \u0161tvrt\u00e9 kolo doma.","og_url":"https:\/\/evertonfc.cz\/index.php\/2023\/09\/28\/aston-villa-everton-12\/","og_site_name":"Official Czech &amp; Slovak Everton Supporters&#039; Club","article_publisher":"https:\/\/www.facebook.com\/everton.fans.cz.sk","article_published_time":"2023-09-28T16:09:24+00:00","article_modified_time":"2023-09-29T09:45:48+00:00","og_image":[{"width":720,"height":405,"url":"https:\/\/evertonfc.cz\/wp-content\/uploads\/2023\/09\/LC-Aston-Villa-1-2-Everton-by-Getty-Images-28-9-2023.jpg","type":"image\/jpeg"}],"author":"BlueBlooded","twitter_card":"summary_large_image","twitter_misc":{"Napsal(a)":"BlueBlooded","Odhadovan\u00e1 doba \u010dten\u00ed":"3 minuty"},"schema":{"@context":"https:\/\/schema.org","@graph":[{"@type":"Article","@id":"https:\/\/evertonfc.cz\/index.php\/2023\/09\/28\/aston-villa-everton-12\/#article","isPartOf":{"@id":"https:\/\/evertonfc.cz\/index.php\/2023\/09\/28\/aston-villa-everton-12\/"},"author":{"name":"BlueBlooded","@id":"https:\/\/evertonfc.cz\/#\/schema\/person\/d4493b8cbea51532597fbc4685698916"},"headline":"Aston Villa \u2013 Everton 1:2","datePublished":"2023-09-28T16:09:24+00:00","dateModified":"2023-09-29T09:45:48+00:00","mainEntityOfPage":{"@id":"https:\/\/evertonfc.cz\/index.php\/2023\/09\/28\/aston-villa-everton-12\/"},"wordCount":721,"commentCount":0,"publisher":{"@id":"https:\/\/evertonfc.cz\/#organization"},"image":{"@id":"https:\/\/evertonfc.cz\/index.php\/2023\/09\/28\/aston-villa-everton-12\/#primaryimage"},"thumbnailUrl":"https:\/\/evertonfc.cz\/wp-content\/uploads\/2023\/09\/LC-Aston-Villa-1-2-Everton-by-Getty-Images-28-9-2023.jpg","articleSection":["Z\u00e1pasy"],"inLanguage":"cs","potentialAction":[{"@type":"CommentAction","name":"Comment","target":["https:\/\/evertonfc.cz\/index.php\/2023\/09\/28\/aston-villa-everton-12\/#respond"]}]},{"@type":"WebPage","@id":"https:\/\/evertonfc.cz\/index.php\/2023\/09\/28\/aston-villa-everton-12\/","url":"https:\/\/evertonfc.cz\/index.php\/2023\/09\/28\/aston-villa-everton-12\/","name":"Aston Villa \u2013 Everton 1:2 - Official Czech &amp; Slovak Everton Supporters&#039; Club","isPartOf":{"@id":"https:\/\/evertonfc.cz\/#website"},"primaryImageOfPage":{"@id":"https:\/\/evertonfc.cz\/index.php\/2023\/09\/28\/aston-villa-everton-12\/#primaryimage"},"image":{"@id":"https:\/\/evertonfc.cz\/index.php\/2023\/09\/28\/aston-villa-everton-12\/#primaryimage"},"thumbnailUrl":"https:\/\/evertonfc.cz\/wp-content\/uploads\/2023\/09\/LC-Aston-Villa-1-2-Everton-by-Getty-Images-28-9-2023.jpg","datePublished":"2023-09-28T16:09:24+00:00","dateModified":"2023-09-29T09:45:48+00:00","breadcrumb":{"@id":"https:\/\/evertonfc.cz\/index.php\/2023\/09\/28\/aston-villa-everton-12\/#breadcrumb"},"inLanguage":"cs","potentialAction":[{"@type":"ReadAction","target":["https:\/\/evertonfc.cz\/index.php\/2023\/09\/28\/aston-villa-everton-12\/"]}]},{"@type":"ImageObject","inLanguage":"cs","@id":"https:\/\/evertonfc.cz\/index.php\/2023\/09\/28\/aston-villa-everton-12\/#primaryimage","url":"https:\/\/evertonfc.cz\/wp-content\/uploads\/2023\/09\/LC-Aston-Villa-1-2-Everton-by-Getty-Images-28-9-2023.jpg","contentUrl":"https:\/\/evertonfc.cz\/wp-content\/uploads\/2023\/09\/LC-Aston-Villa-1-2-Everton-by-Getty-Images-28-9-2023.jpg","width":720,"height":405},{"@type":"BreadcrumbList","@id":"https:\/\/evertonfc.cz\/index.php\/2023\/09\/28\/aston-villa-everton-12\/#breadcrumb","itemListElement":[{"@type":"ListItem","position":1,"name":"Home","item":"https:\/\/evertonfc.cz\/"},{"@type":"ListItem","position":2,"name":"Aston Villa \u2013 Everton 1:2"}]},{"@type":"WebSite","@id":"https:\/\/evertonfc.cz\/#website","url":"https:\/\/evertonfc.cz\/","name":"Official Czech &amp; Slovak Everton Supporters&#039; Club","description":"","publisher":{"@id":"https:\/\/evertonfc.cz\/#organization"},"potentialAction":[{"@type":"SearchAction","target":{"@type":"EntryPoint","urlTemplate":"https:\/\/evertonfc.cz\/?s={search_term_string}"},"query-input":{"@type":"PropertyValueSpecification","valueRequired":true,"valueName":"search_term_string"}}],"inLanguage":"cs"},{"@type":"Organization","@id":"https:\/\/evertonfc.cz\/#organization","name":"Official Czech & Slovak Everton Supporters' Club","url":"https:\/\/evertonfc.cz\/","logo":{"@type":"ImageObject","inLanguage":"cs","@id":"https:\/\/evertonfc.cz\/#\/schema\/logo\/image\/","url":"https:\/\/evertonfc.cz\/wp-content\/uploads\/2019\/05\/logo.png","contentUrl":"https:\/\/evertonfc.cz\/wp-content\/uploads\/2019\/05\/logo.png","width":112,"height":112,"caption":"Official Czech & Slovak Everton Supporters' Club"},"image":{"@id":"https:\/\/evertonfc.cz\/#\/schema\/logo\/image\/"},"sameAs":["https:\/\/www.facebook.com\/everton.fans.cz.sk"]},{"@type":"Person","@id":"https:\/\/evertonfc.cz\/#\/schema\/person\/d4493b8cbea51532597fbc4685698916","name":"BlueBlooded","url":"https:\/\/evertonfc.cz\/index.php\/author\/admin\/"}]}},"_links":{"self":[{"href":"https:\/\/evertonfc.cz\/index.php\/wp-json\/wp\/v2\/posts\/22852"}],"collection":[{"href":"https:\/\/evertonfc.cz\/index.php\/wp-json\/wp\/v2\/posts"}],"about":[{"href":"https:\/\/evertonfc.cz\/index.php\/wp-json\/wp\/v2\/types\/post"}],"author":[{"embeddable":true,"href":"https:\/\/evertonfc.cz\/index.php\/wp-json\/wp\/v2\/users\/1"}],"replies":[{"embeddable":true,"href":"https:\/\/evertonfc.cz\/index.php\/wp-json\/wp\/v2\/comments?post=22852"}],"version-history":[{"count":5,"href":"https:\/\/evertonfc.cz\/index.php\/wp-json\/wp\/v2\/posts\/22852\/revisions"}],"predecessor-version":[{"id":22861,"href":"https:\/\/evertonfc.cz\/index.php\/wp-json\/wp\/v2\/posts\/22852\/revisions\/22861"}],"wp:featuredmedia":[{"embeddable":true,"href":"https:\/\/evertonfc.cz\/index.php\/wp-json\/wp\/v2\/media\/22853"}],"wp:attachment":[{"href":"https:\/\/evertonfc.cz\/index.php\/wp-json\/wp\/v2\/media?parent=22852"}],"wp:term":[{"taxonomy":"category","embeddable":true,"href":"https:\/\/evertonfc.cz\/index.php\/wp-json\/wp\/v2\/categories?post=22852"},{"taxonomy":"post_tag","embeddable":true,"href":"https:\/\/evertonfc.cz\/index.php\/wp-json\/wp\/v2\/tags?post=22852"}],"curies":[{"name":"wp","href":"https:\/\/api.w.org\/{rel}","templated":true}]}}