{"id":22876,"date":"2023-09-30T10:58:19","date_gmt":"2023-09-30T08:58:19","guid":{"rendered":"https:\/\/evertonfc.cz\/?p=22876"},"modified":"2023-09-30T10:58:19","modified_gmt":"2023-09-30T08:58:19","slug":"preview-everton-luton-town","status":"publish","type":"post","link":"https:\/\/evertonfc.cz\/index.php\/2023\/09\/30\/preview-everton-luton-town\/","title":{"rendered":"Preview: Everton \u2013 Luton Town"},"content":{"rendered":"<h4>Hist\u00f3ria \u010dak\u00e1 na prep\u00edsanie. Karamelky sa m\u00f4\u017eu sta\u0165 v\u00f4bec prv\u00fdm t\u00edmom v\u00a0najvy\u0161\u0161ej s\u00fa\u0165a\u017ei, ktor\u00fd m\u00f4\u017ee v\u00a0prv\u00fdch \u0161tyroch dom\u00e1cich dueloch prehra\u0165 bez vstrelenia g\u00f3lu.<\/h4>\n<p>Ale tak zle na tom nie sme, v\u0161ak? No&#8230; k\u00fdvnite niekto aspo\u0148. Posledn\u00e9 dve v\u00fdhry na ihrisk\u00e1ch s\u00faperov predsa musia nie\u010do nazna\u010dova\u0165. Rovnako ako \u0161tatistika priemern\u00e9ho po\u010dtu striel na z\u00e1pas. T\u00e1 hovor\u00ed, \u017ee EFC mus\u00ed by\u0165 asi zakliate, ke\u010f nez\u00edskalo viac bodov pri po\u010dte 14.2, \u010do je najviac od prvej Mart\u00ednezovej sez\u00f3ny, ke\u010f The Toffees skon\u010dili piaty s \u010d\u00edslom 14.8, a eur\u00f3pskym futbalom na horizonte nadch\u00e1dzaj\u00facich udalost\u00ed.<\/p>\n<p>Tie \u010dasy s\u00fa ale d\u00e1vno pre\u010d. Pre zmenu svit\u00e1 na v\u00e4\u010d\u0161ia probl\u00e9my mimo ihriska. No tie si nech\u00e1me do inej kateg\u00f3rie \u010dl\u00e1nkov. The Hatters &#8211; Klobu\u010dn\u00edkov to nebude zauj\u00edma\u0165. Maj\u00fa vlastn\u00e9 probl\u00e9my, hlavne na ihrisku. V lige e\u0161te nevyhrali, a cez t\u00fd\u017ede\u0148 vypadli z poh\u00e1ra s tre\u0165oligistom. Dokonca s\u00fa moment\u00e1lne jedin\u00ed v Premier League, ktor\u00ed sa v z\u00e1pasoch e\u0161te neujali vedenia. Doslova ako stvoren\u00ed pre Everton. Iba\u017ee&#8230;<\/p>\n<h4><strong>Dyche pred z\u00e1pasom:<\/strong><\/h4>\n<blockquote><p><span style=\"font-size: 12pt;\"><em>\u201eV Evertone existuje o\u010dak\u00e1vanie vyhra\u0165 ka\u017ed\u00fd z\u00e1pas. Odkedy som tu, bolo mi to jasne povedan\u00e9. Ka\u017ed\u00fd z\u00e1pas sa d\u00e1 vyhra\u0165 a v ka\u017edom z\u00e1pase ideme vyhra\u0165. Luton v z\u00e1pasoch tvrdo pracuje. Tak\u017ee mus\u00edme poda\u0165 v\u00fdkon. Ur\u010dite nikoho neberieme na \u013eahk\u00fa v\u00e1hu, to je jasn\u00e9 a hr\u00e1\u010di to vedia. Na za\u010diatku sez\u00f3ny sme doma predviedli dva ve\u013emi dominantn\u00e9 v\u00fdkony. Nedali sme g\u00f3l a jeden sme pustili. To s\u00fa jemn\u00e9 l\u00ednie futbalu. Tie z\u00e1pasy, s takou \u00farov\u0148ou v\u00fdkonu, by sa naozaj mali rozhodn\u00fa\u0165 pred koncom. To je ist\u00e9. Na konci hry by sme nemali pla\u0161i\u0165 v\u00fdsledok. Mus\u00edte strie\u013ea\u0165 g\u00f3ly a za\u010d\u00edname vidie\u0165, \u017ee tento t\u00edm je schopn\u00fd strie\u013ea\u0165 g\u00f3ly. Mysl\u00edm, \u017ee je to dobr\u00e9 znamenie.\u201c<\/em><\/span><\/p><\/blockquote>\n<p>Ak ner\u00e1tame dlhodobo absentuj\u00faceho Colemana s Allim, tak mimo e\u0161te st\u00e1le je Gomes s l\u00fdtkom. Mykolenka \u010dak\u00e1 fitnes test pred z\u00e1pasom, nako\u013eko si v poh\u00e1ri privodil men\u0161ie zranenie, s ktor\u00fdm pod\u013ea Dychea mus\u00ed by\u0165 opatrn\u00fd. Harrison sa naopak hlasno prihl\u00e1sil o miesto v z\u00e1kladnej zostave. V tej Lutonu bude ur\u010dite ch\u00fdba\u0165 Barkley, \u010do je \u0161koda, hoci u\u017e dva dni tr\u00e9nuje po zranen\u00ed. Pridalo by to na zauj\u00edmavosti stretnutia. Hos\u0165uj\u00faca posila z Arsenalu, z\u00e1lo\u017en\u00edk Lokonga tie\u017e absentuje pre hamstring, Clark s \u010dlenkom rovnako ako Potts, a mimo je tie\u017e Osho.<\/p>\n<h4><strong>H\u013abkov\u00ed pot\u00e1pa\u010di<\/strong><\/h4>\n<p>Asi ni\u010d lep\u0161ie necharakterizuje \u017eivotopis klubu z\u00a0Bedfordshire, necel\u00fdch 40 kilometrov severne od Lond\u00fdma, a\u00a0e\u0161te bli\u017e\u0161ie k predmestsk\u00e9mu\u00a0Watfordu, kde hlavn\u00fd rival preb\u00fdva. Za svojich 138 rokov existencie toho stihli naozaj mnoho. Pomaly vyst\u00fapi\u0165 na vrchol, i\u00a0vcelku r\u00fdchlo z\u00a0neho nie raz padn\u00fa\u0165 a\u017e na sam\u00e9 dno profesion\u00e1lneho futbalu, a\u00a0naposledy aj trochu ni\u017e\u0161ie. Posledn\u00e1 dek\u00e1da sa im ale naozaj vydarila.<\/p>\n<p>Z\u00a0piatej ligy sa za 10 sez\u00f3n dok\u00e1zali koncep\u010dn\u00fdm modelom n\u00e1kupov hr\u00e1\u010dov s\u00a0pr\u00eds\u013eubom do bud\u00facnosti dosta\u0165 a\u017e sem. Samozrejme, z\u00e1sluhu na tom m\u00e1 aj nieko\u013eko naozaj schopn\u00fdch mana\u017e\u00e9rov. Vr\u00e1tane Nathana Jonesa. Ten sa stihol do klubu aj vr\u00e1ti\u0165 a\u00a0teda dvakr\u00e1t od\u00eds\u0165. To je klasifikovan\u00e9 ako nev\u010fak, \u010di?<\/p>\n<p>Klub v\u0161ak nestoj\u00ed na jedinom \u010dloveku, a\u00a0tak cie\u013eom pre prv\u00fa \u00fa\u010das\u0165 v\u00a0modernej Premier League je finan\u010dn\u00e1 stabiliz\u00e1cia. Nevid\u00edte mas\u00edvne invest\u00edcie do k\u00e1dra, sk\u00f4r d\u00f4veru v\u00a0osved\u010den\u00e9, plus nejak\u00e1 t\u00e1 \u0161ikovn\u00e1 hos\u0165ova\u010dka, \u010di rozumn\u00fd podpis mlad\u00e9ho hr\u00e1\u010da. Bohu\u017eia\u013e, kvalita v\u0161ak absentuje na tento level.<\/p>\n<p>Je to vidie\u0165, a zrejme aj na dom\u00e1com Kenilworth Road, s kapacitou 11 265, s\u00fa s t\u00fdm zmieren\u00ed. Rob Edwards a spol si nem\u00f4\u017eu dovoli\u0165 \u010fal\u0161ie odpo\u010dty bodov, ako naposledy rovn\u00fdch 30, ktor\u00e9 ich poslali po 83 rokoch k amat\u00e9rom. Inak m\u00f4\u017eu zabudn\u00fa\u0165 na zopakovanie \u00faspechov ako Ligov\u00fd poh\u00e1r 88\u00b4 alebo fin\u00e1le FA Cupu 59\u00b4.<\/p>\n<h4 style=\"text-align: center;\"><strong>\u0160tatistick\u00e9 okienko:<\/strong><\/h4>\n<ul>\n<li>Ide o prv\u00e9 stretnutie medzi Evertonom a Lutonom Town, odkedy The Toffees v okt\u00f3bri 2007 vyhrali v Ligovom poh\u00e1ri na Kenilworth Road 1:0 po pred\u013a\u017een\u00ed v\u010faka Timovi Cahillovi.<\/li>\n<li>Posledn\u00fd bod Lutonu na ihrisku s\u00fapera najvy\u0161\u0161ej s\u00fa\u0165a\u017ee vzi\u0161iel z rem\u00edzy 1:1 proti Evertonu v Goodison Parku v marci 1992. To e\u0161te Karamelky tr\u00e9noval Howard Kendall.<\/li>\n<li>Pomer premenen\u00fdch \u0161anc\u00ed Lutonu na \u00farovni 4,8% je najni\u017e\u0161\u00ed v Premier League. Everton disponuje tret\u00edm najni\u017e\u0161\u00edm s 5,9%. Aj tak s\u00fa v\u0161ak kurzy na v\u00fdhru EFC nizke.<\/li>\n<li>Everton strelil viac g\u00f3lov a z\u00edskal viac bodov pri v\u00fdhre 3:1 na p\u00f4de Brentfordu z minul\u00e9ho v\u00edkendu ako vo svojich \u00favodn\u00fdch piatich ligov\u00fdch z\u00e1pasoch dokopy.<\/li>\n<li>Luton nevyhral v posledn\u00fdch \u0161iestich ligov\u00fdch z\u00e1pasoch proti Evertonu (D3, L3).<\/li>\n<li>Doucour\u00e9 strelil sedem g\u00f3lov vo svojich posledn\u00fdch 16 z\u00e1pasoch v Premier League \u2013 je najlep\u0161\u00edm strelcom Evertonu od vymenovania Dychea. \u0160es\u0165 z nich padlo u s\u00fapera.<\/li>\n<li>Carlton Morris strelil alebo pripravil ka\u017ed\u00fd z troch g\u00f3lov Lutonu v Premier League, pri\u010dom oba jeho g\u00f3ly padli z pokutov\u00e9ho kopu. Treba na neho d\u00e1va\u0165 pozor.<\/li>\n<\/ul>\n<h3 style=\"text-align: center;\"><span style=\"color: #3366ff;\"><em><strong>Up The Toffees !!!<\/strong><\/em><\/span><\/h3>\n<p><strong>\u010co:<\/strong> Everton FC \u2013 Luton Town FC, 7. kolo Premier League<br \/>\n<strong>Kedy:<\/strong> 30.9. 2023 od 16:00 SE\u010c<br \/>\n<strong>Ako: <\/strong>stream CANAL+Sport 6 (komentuje Pavel Tyl\u0161ar)<br \/>\n<strong>Kde:<\/strong> Goodison Park \u2013 Goodison Rd, Liverpool L4 4EL (kapacita: 39 414)<br \/>\n<strong>Rozhodca:<\/strong> Anthony Taylor\u00a0 <strong>Asistenti:<\/strong> G. Beswick, A. Nunn\u00a0 <strong>\u0160tvrt\u00fd rozhodca:<\/strong> S. Barrott<br \/>\n<strong>VAR: <\/strong>Paul Tierney <strong>Asistent VAR: <\/strong>Sian Massey-Ellis<\/p>\n","protected":false},"excerpt":{"rendered":"<p>Hist\u00f3ria \u010dak\u00e1 na prep\u00edsanie. Karamelky sa m\u00f4\u017eu sta\u0165 v\u00f4bec prv\u00fdm t\u00edmom v\u00a0najvy\u0161\u0161ej s\u00fa\u0165a\u017ei, ktor\u00fd m\u00f4\u017ee v\u00a0prv\u00fdch \u0161tyroch dom\u00e1cich dueloch prehra\u0165 bez vstrelenia g\u00f3lu.<\/p>\n","protected":false},"author":1,"featured_media":22875,"comment_status":"open","ping_status":"closed","sticky":false,"template":"","format":"standard","meta":{"_eb_attr":"","_monsterinsights_skip_tracking":false,"_monsterinsights_sitenote_active":false,"_monsterinsights_sitenote_note":"","_monsterinsights_sitenote_category":0,"footnotes":""},"categories":[4],"tags":[],"yoast_head":"<!-- This site is optimized with the Yoast SEO plugin v23.4 - https:\/\/yoast.com\/wordpress\/plugins\/seo\/ -->\n<title>Preview: Everton \u2013 Luton Town - Official Czech &amp; Slovak Everton Supporters&#039; Club<\/title>\n<meta name=\"robots\" content=\"index, follow, max-snippet:-1, max-image-preview:large, max-video-preview:-1\" \/>\n<link rel=\"canonical\" href=\"https:\/\/evertonfc.cz\/index.php\/2023\/09\/30\/preview-everton-luton-town\/\" \/>\n<meta property=\"og:locale\" content=\"cs_CZ\" \/>\n<meta property=\"og:type\" content=\"article\" \/>\n<meta property=\"og:title\" content=\"Preview: Everton \u2013 Luton Town - Official Czech &amp; Slovak Everton Supporters&#039; Club\" \/>\n<meta property=\"og:description\" content=\"Hist\u00f3ria \u010dak\u00e1 na prep\u00edsanie. Karamelky sa m\u00f4\u017eu sta\u0165 v\u00f4bec prv\u00fdm t\u00edmom v\u00a0najvy\u0161\u0161ej s\u00fa\u0165a\u017ei, ktor\u00fd m\u00f4\u017ee v\u00a0prv\u00fdch \u0161tyroch dom\u00e1cich dueloch prehra\u0165 bez vstrelenia g\u00f3lu.\" \/>\n<meta property=\"og:url\" content=\"https:\/\/evertonfc.cz\/index.php\/2023\/09\/30\/preview-everton-luton-town\/\" \/>\n<meta property=\"og:site_name\" content=\"Official Czech &amp; Slovak Everton Supporters&#039; Club\" \/>\n<meta property=\"article:publisher\" content=\"https:\/\/www.facebook.com\/everton.fans.cz.sk\" \/>\n<meta property=\"article:published_time\" content=\"2023-09-30T08:58:19+00:00\" \/>\n<meta property=\"og:image\" content=\"https:\/\/evertonfc.cz\/wp-content\/uploads\/2023\/09\/Everton-VS-Luton-Town.png\" \/>\n\t<meta property=\"og:image:width\" content=\"720\" \/>\n\t<meta property=\"og:image:height\" content=\"405\" \/>\n\t<meta property=\"og:image:type\" content=\"image\/png\" \/>\n<meta name=\"author\" content=\"BlueBlooded\" \/>\n<meta name=\"twitter:card\" content=\"summary_large_image\" \/>\n<meta name=\"twitter:label1\" content=\"Napsal(a)\" \/>\n\t<meta name=\"twitter:data1\" content=\"BlueBlooded\" \/>\n\t<meta name=\"twitter:label2\" content=\"Odhadovan\u00e1 doba \u010dten\u00ed\" \/>\n\t<meta name=\"twitter:data2\" content=\"4 minuty\" \/>\n<script type=\"application\/ld+json\" class=\"yoast-schema-graph\">{\"@context\":\"https:\/\/schema.org\",\"@graph\":[{\"@type\":\"Article\",\"@id\":\"https:\/\/evertonfc.cz\/index.php\/2023\/09\/30\/preview-everton-luton-town\/#article\",\"isPartOf\":{\"@id\":\"https:\/\/evertonfc.cz\/index.php\/2023\/09\/30\/preview-everton-luton-town\/\"},\"author\":{\"name\":\"BlueBlooded\",\"@id\":\"https:\/\/evertonfc.cz\/#\/schema\/person\/d4493b8cbea51532597fbc4685698916\"},\"headline\":\"Preview: Everton \u2013 Luton Town\",\"datePublished\":\"2023-09-30T08:58:19+00:00\",\"dateModified\":\"2023-09-30T08:58:19+00:00\",\"mainEntityOfPage\":{\"@id\":\"https:\/\/evertonfc.cz\/index.php\/2023\/09\/30\/preview-everton-luton-town\/\"},\"wordCount\":990,\"commentCount\":9,\"publisher\":{\"@id\":\"https:\/\/evertonfc.cz\/#organization\"},\"image\":{\"@id\":\"https:\/\/evertonfc.cz\/index.php\/2023\/09\/30\/preview-everton-luton-town\/#primaryimage\"},\"thumbnailUrl\":\"https:\/\/evertonfc.cz\/wp-content\/uploads\/2023\/09\/Everton-VS-Luton-Town.png\",\"articleSection\":[\"Z\u00e1pasy\"],\"inLanguage\":\"cs\",\"potentialAction\":[{\"@type\":\"CommentAction\",\"name\":\"Comment\",\"target\":[\"https:\/\/evertonfc.cz\/index.php\/2023\/09\/30\/preview-everton-luton-town\/#respond\"]}]},{\"@type\":\"WebPage\",\"@id\":\"https:\/\/evertonfc.cz\/index.php\/2023\/09\/30\/preview-everton-luton-town\/\",\"url\":\"https:\/\/evertonfc.cz\/index.php\/2023\/09\/30\/preview-everton-luton-town\/\",\"name\":\"Preview: Everton \u2013 Luton Town - Official Czech &amp; Slovak Everton Supporters&#039; Club\",\"isPartOf\":{\"@id\":\"https:\/\/evertonfc.cz\/#website\"},\"primaryImageOfPage\":{\"@id\":\"https:\/\/evertonfc.cz\/index.php\/2023\/09\/30\/preview-everton-luton-town\/#primaryimage\"},\"image\":{\"@id\":\"https:\/\/evertonfc.cz\/index.php\/2023\/09\/30\/preview-everton-luton-town\/#primaryimage\"},\"thumbnailUrl\":\"https:\/\/evertonfc.cz\/wp-content\/uploads\/2023\/09\/Everton-VS-Luton-Town.png\",\"datePublished\":\"2023-09-30T08:58:19+00:00\",\"dateModified\":\"2023-09-30T08:58:19+00:00\",\"breadcrumb\":{\"@id\":\"https:\/\/evertonfc.cz\/index.php\/2023\/09\/30\/preview-everton-luton-town\/#breadcrumb\"},\"inLanguage\":\"cs\",\"potentialAction\":[{\"@type\":\"ReadAction\",\"target\":[\"https:\/\/evertonfc.cz\/index.php\/2023\/09\/30\/preview-everton-luton-town\/\"]}]},{\"@type\":\"ImageObject\",\"inLanguage\":\"cs\",\"@id\":\"https:\/\/evertonfc.cz\/index.php\/2023\/09\/30\/preview-everton-luton-town\/#primaryimage\",\"url\":\"https:\/\/evertonfc.cz\/wp-content\/uploads\/2023\/09\/Everton-VS-Luton-Town.png\",\"contentUrl\":\"https:\/\/evertonfc.cz\/wp-content\/uploads\/2023\/09\/Everton-VS-Luton-Town.png\",\"width\":720,\"height\":405},{\"@type\":\"BreadcrumbList\",\"@id\":\"https:\/\/evertonfc.cz\/index.php\/2023\/09\/30\/preview-everton-luton-town\/#breadcrumb\",\"itemListElement\":[{\"@type\":\"ListItem\",\"position\":1,\"name\":\"Home\",\"item\":\"https:\/\/evertonfc.cz\/\"},{\"@type\":\"ListItem\",\"position\":2,\"name\":\"Preview: Everton \u2013 Luton Town\"}]},{\"@type\":\"WebSite\",\"@id\":\"https:\/\/evertonfc.cz\/#website\",\"url\":\"https:\/\/evertonfc.cz\/\",\"name\":\"Official Czech &amp; Slovak Everton Supporters&#039; Club\",\"description\":\"\",\"publisher\":{\"@id\":\"https:\/\/evertonfc.cz\/#organization\"},\"potentialAction\":[{\"@type\":\"SearchAction\",\"target\":{\"@type\":\"EntryPoint\",\"urlTemplate\":\"https:\/\/evertonfc.cz\/?s={search_term_string}\"},\"query-input\":{\"@type\":\"PropertyValueSpecification\",\"valueRequired\":true,\"valueName\":\"search_term_string\"}}],\"inLanguage\":\"cs\"},{\"@type\":\"Organization\",\"@id\":\"https:\/\/evertonfc.cz\/#organization\",\"name\":\"Official Czech & Slovak Everton Supporters' Club\",\"url\":\"https:\/\/evertonfc.cz\/\",\"logo\":{\"@type\":\"ImageObject\",\"inLanguage\":\"cs\",\"@id\":\"https:\/\/evertonfc.cz\/#\/schema\/logo\/image\/\",\"url\":\"https:\/\/evertonfc.cz\/wp-content\/uploads\/2019\/05\/logo.png\",\"contentUrl\":\"https:\/\/evertonfc.cz\/wp-content\/uploads\/2019\/05\/logo.png\",\"width\":112,\"height\":112,\"caption\":\"Official Czech & Slovak Everton Supporters' Club\"},\"image\":{\"@id\":\"https:\/\/evertonfc.cz\/#\/schema\/logo\/image\/\"},\"sameAs\":[\"https:\/\/www.facebook.com\/everton.fans.cz.sk\"]},{\"@type\":\"Person\",\"@id\":\"https:\/\/evertonfc.cz\/#\/schema\/person\/d4493b8cbea51532597fbc4685698916\",\"name\":\"BlueBlooded\",\"url\":\"https:\/\/evertonfc.cz\/index.php\/author\/admin\/\"}]}<\/script>\n<!-- \/ Yoast SEO plugin. -->","yoast_head_json":{"title":"Preview: Everton \u2013 Luton Town - Official Czech &amp; Slovak Everton Supporters&#039; Club","robots":{"index":"index","follow":"follow","max-snippet":"max-snippet:-1","max-image-preview":"max-image-preview:large","max-video-preview":"max-video-preview:-1"},"canonical":"https:\/\/evertonfc.cz\/index.php\/2023\/09\/30\/preview-everton-luton-town\/","og_locale":"cs_CZ","og_type":"article","og_title":"Preview: Everton \u2013 Luton Town - Official Czech &amp; Slovak Everton Supporters&#039; Club","og_description":"Hist\u00f3ria \u010dak\u00e1 na prep\u00edsanie. Karamelky sa m\u00f4\u017eu sta\u0165 v\u00f4bec prv\u00fdm t\u00edmom v\u00a0najvy\u0161\u0161ej s\u00fa\u0165a\u017ei, ktor\u00fd m\u00f4\u017ee v\u00a0prv\u00fdch \u0161tyroch dom\u00e1cich dueloch prehra\u0165 bez vstrelenia g\u00f3lu.","og_url":"https:\/\/evertonfc.cz\/index.php\/2023\/09\/30\/preview-everton-luton-town\/","og_site_name":"Official Czech &amp; Slovak Everton Supporters&#039; Club","article_publisher":"https:\/\/www.facebook.com\/everton.fans.cz.sk","article_published_time":"2023-09-30T08:58:19+00:00","og_image":[{"width":720,"height":405,"url":"https:\/\/evertonfc.cz\/wp-content\/uploads\/2023\/09\/Everton-VS-Luton-Town.png","type":"image\/png"}],"author":"BlueBlooded","twitter_card":"summary_large_image","twitter_misc":{"Napsal(a)":"BlueBlooded","Odhadovan\u00e1 doba \u010dten\u00ed":"4 minuty"},"schema":{"@context":"https:\/\/schema.org","@graph":[{"@type":"Article","@id":"https:\/\/evertonfc.cz\/index.php\/2023\/09\/30\/preview-everton-luton-town\/#article","isPartOf":{"@id":"https:\/\/evertonfc.cz\/index.php\/2023\/09\/30\/preview-everton-luton-town\/"},"author":{"name":"BlueBlooded","@id":"https:\/\/evertonfc.cz\/#\/schema\/person\/d4493b8cbea51532597fbc4685698916"},"headline":"Preview: Everton \u2013 Luton Town","datePublished":"2023-09-30T08:58:19+00:00","dateModified":"2023-09-30T08:58:19+00:00","mainEntityOfPage":{"@id":"https:\/\/evertonfc.cz\/index.php\/2023\/09\/30\/preview-everton-luton-town\/"},"wordCount":990,"commentCount":9,"publisher":{"@id":"https:\/\/evertonfc.cz\/#organization"},"image":{"@id":"https:\/\/evertonfc.cz\/index.php\/2023\/09\/30\/preview-everton-luton-town\/#primaryimage"},"thumbnailUrl":"https:\/\/evertonfc.cz\/wp-content\/uploads\/2023\/09\/Everton-VS-Luton-Town.png","articleSection":["Z\u00e1pasy"],"inLanguage":"cs","potentialAction":[{"@type":"CommentAction","name":"Comment","target":["https:\/\/evertonfc.cz\/index.php\/2023\/09\/30\/preview-everton-luton-town\/#respond"]}]},{"@type":"WebPage","@id":"https:\/\/evertonfc.cz\/index.php\/2023\/09\/30\/preview-everton-luton-town\/","url":"https:\/\/evertonfc.cz\/index.php\/2023\/09\/30\/preview-everton-luton-town\/","name":"Preview: Everton \u2013 Luton Town - Official Czech &amp; Slovak Everton Supporters&#039; Club","isPartOf":{"@id":"https:\/\/evertonfc.cz\/#website"},"primaryImageOfPage":{"@id":"https:\/\/evertonfc.cz\/index.php\/2023\/09\/30\/preview-everton-luton-town\/#primaryimage"},"image":{"@id":"https:\/\/evertonfc.cz\/index.php\/2023\/09\/30\/preview-everton-luton-town\/#primaryimage"},"thumbnailUrl":"https:\/\/evertonfc.cz\/wp-content\/uploads\/2023\/09\/Everton-VS-Luton-Town.png","datePublished":"2023-09-30T08:58:19+00:00","dateModified":"2023-09-30T08:58:19+00:00","breadcrumb":{"@id":"https:\/\/evertonfc.cz\/index.php\/2023\/09\/30\/preview-everton-luton-town\/#breadcrumb"},"inLanguage":"cs","potentialAction":[{"@type":"ReadAction","target":["https:\/\/evertonfc.cz\/index.php\/2023\/09\/30\/preview-everton-luton-town\/"]}]},{"@type":"ImageObject","inLanguage":"cs","@id":"https:\/\/evertonfc.cz\/index.php\/2023\/09\/30\/preview-everton-luton-town\/#primaryimage","url":"https:\/\/evertonfc.cz\/wp-content\/uploads\/2023\/09\/Everton-VS-Luton-Town.png","contentUrl":"https:\/\/evertonfc.cz\/wp-content\/uploads\/2023\/09\/Everton-VS-Luton-Town.png","width":720,"height":405},{"@type":"BreadcrumbList","@id":"https:\/\/evertonfc.cz\/index.php\/2023\/09\/30\/preview-everton-luton-town\/#breadcrumb","itemListElement":[{"@type":"ListItem","position":1,"name":"Home","item":"https:\/\/evertonfc.cz\/"},{"@type":"ListItem","position":2,"name":"Preview: Everton \u2013 Luton Town"}]},{"@type":"WebSite","@id":"https:\/\/evertonfc.cz\/#website","url":"https:\/\/evertonfc.cz\/","name":"Official Czech &amp; Slovak Everton Supporters&#039; Club","description":"","publisher":{"@id":"https:\/\/evertonfc.cz\/#organization"},"potentialAction":[{"@type":"SearchAction","target":{"@type":"EntryPoint","urlTemplate":"https:\/\/evertonfc.cz\/?s={search_term_string}"},"query-input":{"@type":"PropertyValueSpecification","valueRequired":true,"valueName":"search_term_string"}}],"inLanguage":"cs"},{"@type":"Organization","@id":"https:\/\/evertonfc.cz\/#organization","name":"Official Czech & Slovak Everton Supporters' Club","url":"https:\/\/evertonfc.cz\/","logo":{"@type":"ImageObject","inLanguage":"cs","@id":"https:\/\/evertonfc.cz\/#\/schema\/logo\/image\/","url":"https:\/\/evertonfc.cz\/wp-content\/uploads\/2019\/05\/logo.png","contentUrl":"https:\/\/evertonfc.cz\/wp-content\/uploads\/2019\/05\/logo.png","width":112,"height":112,"caption":"Official Czech & Slovak Everton Supporters' Club"},"image":{"@id":"https:\/\/evertonfc.cz\/#\/schema\/logo\/image\/"},"sameAs":["https:\/\/www.facebook.com\/everton.fans.cz.sk"]},{"@type":"Person","@id":"https:\/\/evertonfc.cz\/#\/schema\/person\/d4493b8cbea51532597fbc4685698916","name":"BlueBlooded","url":"https:\/\/evertonfc.cz\/index.php\/author\/admin\/"}]}},"_links":{"self":[{"href":"https:\/\/evertonfc.cz\/index.php\/wp-json\/wp\/v2\/posts\/22876"}],"collection":[{"href":"https:\/\/evertonfc.cz\/index.php\/wp-json\/wp\/v2\/posts"}],"about":[{"href":"https:\/\/evertonfc.cz\/index.php\/wp-json\/wp\/v2\/types\/post"}],"author":[{"embeddable":true,"href":"https:\/\/evertonfc.cz\/index.php\/wp-json\/wp\/v2\/users\/1"}],"replies":[{"embeddable":true,"href":"https:\/\/evertonfc.cz\/index.php\/wp-json\/wp\/v2\/comments?post=22876"}],"version-history":[{"count":10,"href":"https:\/\/evertonfc.cz\/index.php\/wp-json\/wp\/v2\/posts\/22876\/revisions"}],"predecessor-version":[{"id":22886,"href":"https:\/\/evertonfc.cz\/index.php\/wp-json\/wp\/v2\/posts\/22876\/revisions\/22886"}],"wp:featuredmedia":[{"embeddable":true,"href":"https:\/\/evertonfc.cz\/index.php\/wp-json\/wp\/v2\/media\/22875"}],"wp:attachment":[{"href":"https:\/\/evertonfc.cz\/index.php\/wp-json\/wp\/v2\/media?parent=22876"}],"wp:term":[{"taxonomy":"category","embeddable":true,"href":"https:\/\/evertonfc.cz\/index.php\/wp-json\/wp\/v2\/categories?post=22876"},{"taxonomy":"post_tag","embeddable":true,"href":"https:\/\/evertonfc.cz\/index.php\/wp-json\/wp\/v2\/tags?post=22876"}],"curies":[{"name":"wp","href":"https:\/\/api.w.org\/{rel}","templated":true}]}}