{"id":22895,"date":"2023-10-03T21:06:31","date_gmt":"2023-10-03T19:06:31","guid":{"rendered":"https:\/\/evertonfc.cz\/?p=22895"},"modified":"2023-10-06T16:48:18","modified_gmt":"2023-10-06T14:48:18","slug":"everton-w-brighton-hove-albion-w-12","status":"publish","type":"post","link":"https:\/\/evertonfc.cz\/index.php\/2023\/10\/03\/everton-w-brighton-hove-albion-w-12\/","title":{"rendered":"Everton W &#8211; Brighton &#038; Hove Albion W 1:2"},"content":{"rendered":"<h4>Dlouh\u00e9 letn\u00ed \u010dek\u00e1n\u00ed je kone\u010dn\u011b u konce a nov\u00e1 sez\u00f3na za\u010dala i pro n\u00e1\u0161 \u017eensk\u00fd t\u00fdm. P\u0159inesla s sebou nov\u00e9 tv\u00e1\u0159e a star\u00e9 probl\u00e9my.<\/h4>\n<p>Optimistick\u00e1 zn\u011blka Z-Cars pohladila ucho ka\u017ed\u00e9ho Evertoniana a d\u016frazn\u011b mu p\u0159ipomn\u011bla, \u017ee s podzimem se op\u011bt rozt\u00e1\u010d\u00ed modr\u00fd koloto\u010d nad\u011bj\u00ed a frustrac\u00ed, kter\u00fd v\u017edy nakonec n\u011bjak slu\u0161n\u011b dopadne. Bude tomu tak i letos? Kdo v\u00ed, ale v\u011b\u0159it tomu m\u016f\u017eeme. Veden\u00e9 novou klubovou kapit\u00e1nkou Megan Finnigan nakr\u00e1\u010dely d\u00e1my letos poprv\u00e9 na dom\u00e1c\u00ed pa\u017eit. Lo\u0148sk\u00e1 nejlep\u0161\u00ed st\u0159elkynn\u011b Katja Snoeijs k z\u00e1pasu nenastoupila kv\u016fli zran\u011bn\u00ed ruky, jinak m\u011bl Brian <span class=\"sp-c-lineup-pitch__player\" data-reactid=\".14n6qa2tul6.0.0.0.1.$include-14.0.0.1:$panel-0.$0.0.0.0.2.0.0.1:$home-formation-row-1.$home-player-2\"><span class=\"sp-c-lineup-pitch__player__name gs-u-display-block@xs \" data-reactid=\".14n6qa2tul6.0.0.0.1.$include-14.0.0.1:$panel-0.$0.0.0.0.2.0.0.1:$home-formation-row-1.$home-player-2.1\">S\u00f8rensen k dispozici to nejlep\u0161\u00ed, co se na Merseyside moment\u00e1ln\u011b nach\u00e1z\u00ed. Po minut\u011b ticha k uct\u011bn\u00ed pam\u00e1tky ned\u00e1vno zesnul\u00e9 Maddy Cussack ze Sheffieldu United (zem\u0159ela n\u00e1hle ve smutn\u011b mlad\u00e9m v\u011bku 27 let z neuveden\u00e9 p\u0159\u00ed\u010diny) se mohlo za\u010d\u00edt.<\/span><\/span><\/p>\n<h4>Prvn\u00ed polo\u010das<\/h4>\n<p>neza\u010dal nejl\u00e9pe. Seagulls se bez respektu usadily na na\u0161\u00ed polovin\u011b a tradi\u010dn\u011b chaotick\u00e1 obrana m\u011bla pln\u00e9 ruce pr\u00e1ce. Ve t\u0159et\u00ed minut\u011b hry z d\u00e1lky nap\u0159\u00e1hla Robinson. Jej\u00ed st\u0159ela zazvonila o b\u0159evno, kam ji \u0161pi\u010dkami prst\u016f vyt\u011bsnila Ramsey. Bohu\u017eel v\u0161ak pot\u00e9 skon\u010dila na zemi, odkud se mohla jen bezmocn\u011b d\u00edvat, jak Terland p\u0159esko\u010dila v n\u00e1sledn\u00e9m hlavi\u010dkov\u00e9m souboji o odra\u017een\u00fd m\u00ed\u010d Finnigan &#8211; <strong>0:1<\/strong>. Albion n\u00e1s ani d\u00e1le nepustil k ni\u010demu, naopak Terland m\u011bla dal\u0161\u00ed t\u0159i dobr\u00e9 \u0161ance k dal\u0161\u00ed brance.<\/p>\n<p>Obrana na na\u0161\u00ed polovin\u011b ho\u0159ela,\u00a0 pokud u\u017e jsme se k m\u00ed\u010di dostali, zazdili jsme nad\u011bji na rozjet\u00ed n\u011bjak\u00e9 akce zbabranou p\u0159ihr\u00e1vkou (zejm\u00e9na Galli v tomto vynikala). Ve 14. minut\u011b poslala Robinson uli\u010dkou p\u0159ihr\u00e1vku na Terland, kter\u00e1 p\u0159idala sv\u016fj druh\u00fd dne\u0161n\u00ed g\u00f3l &#8211; <strong>0:2<\/strong>.\u00a0 Ve 24. minut\u011b m\u011bla nad\u011bjnou \u0161anci\u00a0 <span class=\"sp-c-lineup-pitch__player\" data-reactid=\".14n6qa2tul6.0.0.0.1.$include-14.0.0.1:$panel-0.$0.0.0.0.2.0.0.1:$home-formation-row-1.$home-player-2\"><span class=\"sp-c-lineup-pitch__player__name gs-u-display-block@xs \" data-reactid=\".14n6qa2tul6.0.0.0.1.$include-14.0.0.1:$panel-0.$0.0.0.0.2.0.0.1:$home-formation-row-1.$home-player-2.1\">S\u00f8rensen, ale p\u0159ekonat Baggaley se j\u00ed ani nadvakr\u00e1t nepoda\u0159ilo. S ub\u00fdvaj\u00edc\u00edm \u010dasem jsme p\u0159edvedli i n\u011bco ofenzivn\u00edch akc\u00ed. Zejm\u00e9na Piemonte m\u011bla n\u011bkolik nad\u011bjn\u00fdch moment\u016f, ale na sn\u00ed\u017een\u00ed, nato\u017e na vyrovn\u00e1n\u00ed to nesta\u010dilo.<\/span><\/span><\/p>\n<h4>Druh\u00fd polo\u010das<\/h4>\n<p>p\u0159inesl z na\u0161\u00ed strany podstatn\u011b lep\u0161\u00ed v\u00fdkon, kter\u00fd po z\u00e1sluze vedl ke sn\u00ed\u017een\u00ed v 65. minut\u011b, kdy Finnigan n\u00edzkou p\u0159\u00edzemn\u00ed st\u0159elou uklidila do s\u00edt\u011b roh Bennison &#8211; <strong>1:2<\/strong>. N\u00e1sledn\u00e9ho p\u0159eru\u0161en\u00ed hry vyu\u017eil <span class=\"sp-c-lineup-pitch__player\" data-reactid=\".14n6qa2tul6.0.0.0.1.$include-14.0.0.1:$panel-0.$0.0.0.0.2.0.0.1:$home-formation-row-1.$home-player-2\"><span class=\"sp-c-lineup-pitch__player__name gs-u-display-block@xs \" data-reactid=\".14n6qa2tul6.0.0.0.1.$include-14.0.0.1:$panel-0.$0.0.0.0.2.0.0.1:$home-formation-row-1.$home-player-2.1\">S\u00f8rensen k trojn\u00e1sobn\u00e9mu st\u0159\u00edd\u00e1n\u00ed a do hry p\u0159ivedl v\u011bt\u0161inu na\u0161ich letn\u00edch posil. Za\u010dalo b\u00fdt zjevn\u00e9, \u017ee se s pouh\u00fdm sn\u00ed\u017een\u00edm opravdu nechceme spokojit.\u00a0Nejbl\u00ed\u017ee ke g\u00f3lu byla n\u011bkolikr\u00e1t op\u011bt Martina Piemonte, ale ani tentokr\u00e1t jej\u00ed \u0161ance nebyly bohu\u017eel korunov\u00e1ny \u00fasp\u011bchem. Navzdory na\u0161\u00ed snaze z\u016fstalo sk\u00f3re do konce z\u00e1pasu z\u016fstalo nezm\u011bn\u011bn\u00e9 a my jsme si p\u0159ipsali 0 bod\u016f za prvn\u00ed leto\u0161n\u00ed por\u00e1\u017eku.<\/span><\/span><\/p>\n<h4>Na z\u00e1v\u011br<\/h4>\n<p>Z\u00e1pas dvou rozd\u00edln\u00fdch polo\u010das\u016f: prvn\u00ed p\u0159inesl star\u00fd beznad\u011bjn\u00fd Everton s d\u011bravou obranou. A s neschopnost\u00ed zalo\u017eit funk\u010dn\u00ed \u00fatok, pokud s t\u00edm soupe\u0159 nesouhlas\u00ed. Na druhou polovinu z\u00e1pasu se u\u017e koukalo l\u00e9pe. Z leto\u0161n\u00edch posil m\u011b v tomto z\u00e1pase nejv\u00edce zaujala Karoline Olesen, kter\u00e1 v z\u00e1loze odvedla spoustu pr\u00e1ce a Martina Piemonte, kter\u00e9 se sice sk\u00f3rovat nepoda\u0159ilo, ale mnoho k tomu nechyb\u011blo. Zjevn\u011b m\u00e1 fyzi\u010dku, cit pro v\u00fdb\u011br m\u00edsta i pro strikera pot\u0159ebnou d\u00e1vku sebev\u011bdom\u00ed. Uvid\u00edme, jak si povede v dal\u0161\u00edch z\u00e1pasech.\u00a0Postaven\u00ed <span class=\"sp-c-lineup-pitch__player\" data-reactid=\".14n6qa2tul6.0.0.0.1.$include-14.0.0.1:$panel-0.$0.0.0.0.2.0.0.1:$home-formation-row-1.$home-player-2\"><span class=\"sp-c-lineup-pitch__player__name gs-u-display-block@xs \" data-reactid=\".14n6qa2tul6.0.0.0.1.$include-14.0.0.1:$panel-0.$0.0.0.0.2.0.0.1:$home-formation-row-1.$home-player-2.1\">S\u00f8rensen na spoluhrot\/podhrot se mi nezd\u00e1lo zrovna funguj\u00edc\u00ed. Je pravda, \u017ee to je jej\u00ed nativn\u00ed pozice, ale p\u0159eci jenom posedn\u00ed sez\u00f3ny hr\u00e1la obvykle na k\u0159\u00eddle, co\u017e j\u00ed, mysl\u00edm si, vyhovuje l\u00e9pe. A krom\u011b toho za n\u00ed na k\u0159\u00eddlo funguj\u00edc\u00ed alternativu nejsp\u00ed\u0161e nem\u00e1me. <\/span><\/span><\/p>\n<p><span class=\"sp-c-lineup-pitch__player\" data-reactid=\".14n6qa2tul6.0.0.0.1.$include-14.0.0.1:$panel-0.$0.0.0.0.2.0.0.1:$home-formation-row-1.$home-player-2\"><span class=\"sp-c-lineup-pitch__player__name gs-u-display-block@xs \" data-reactid=\".14n6qa2tul6.0.0.0.1.$include-14.0.0.1:$panel-0.$0.0.0.0.2.0.0.1:$home-formation-row-1.$home-player-2.1\">Prvn\u00ed z\u00e1pas m\u00e1me za sebou, nedopadl pro n\u00e1s nejl\u00e9pe, ale nad\u011bje na zlep\u0161en\u00ed tu je. Ov\u0161em tento dov\u011btek jsem minulou sez\u00f3nu psal a\u017e p\u0159\u00edli\u0161 \u010dasto. \u0158ekl bych, \u017ee p\u0159i\u0161el \u010das to zlep\u0161en\u00ed kone\u010dn\u011b vid\u011bt i v p\u0159\u00edtomn\u00e9m \u010dase. <strong><span style=\"color: #0000ff; --darkreader-inline-color: #3d3db6;\" data-darkreader-inline-color=\"\">COYB!<\/span><\/strong><\/span><\/span><\/p>\n<p style=\"text-align: right;\"><span style=\"font-size: 8pt;\"><em>Fotografie: Martina Piemonte (zdroj: bbc.co.uk)<\/em><\/span><\/p>\n<p><strong>Branky:<\/strong> Finnigan (65\u00b4) &#8211; Terland (3\u00b4, 14\u00b4)\u00a0 <strong>\u017dK:<\/strong> 35\u00b4 <span class=\"sp-c-lineup-pitch__player\" data-reactid=\".14n6qa2tul6.0.0.0.1.$include-14.0.0.1:$panel-0.$0.0.0.1.2.0.0.1:$away-formation-row-1.$away-player-0\"><span class=\"sp-c-lineup-pitch__player__name gs-u-display-block@xs \" data-reactid=\".14n6qa2tul6.0.0.0.1.$include-14.0.0.1:$panel-0.$0.0.0.1.2.0.0.1:$away-formation-row-1.$away-player-0.1\">T<\/span><\/span><span class=\"sp-c-lineup-pitch__player\" data-reactid=\".14n6qa2tul6.0.0.0.1.$include-14.0.0.1:$panel-0.$0.0.0.1.2.0.0.1:$away-formation-row-1.$away-player-1\"><span class=\"sp-c-lineup-pitch__player__name gs-u-display-block@xs \" data-reactid=\".14n6qa2tul6.0.0.0.1.$include-14.0.0.1:$panel-0.$0.0.0.1.2.0.0.1:$away-formation-row-1.$away-player-1.1\">horisd\u00f3ttir, 90+4\u00b4 Sarri<\/span><\/span><\/p>\n<p><strong>Everton (3-4-1-2):<\/strong> Ramsey; <span class=\"sp-c-lineup-pitch__player\" data-reactid=\".14n6qa2tul6.0.0.0.1.$include-14.0.0.1:$panel-0.$0.0.0.0.2.0.0.1:$home-formation-row-1.$home-player-0\"><span class=\"sp-c-lineup-pitch__player__name gs-u-display-block@xs \" data-reactid=\".14n6qa2tul6.0.0.0.1.$include-14.0.0.1:$panel-0.$0.0.0.0.2.0.0.1:$home-formation-row-1.$home-player-0.1\">Bj\u00f6rn, <\/span><\/span><span class=\"sp-c-lineup-pitch__player\" data-reactid=\".14n6qa2tul6.0.0.0.1.$include-14.0.0.1:$panel-0.$0.0.0.0.2.0.0.1:$home-formation-row-1.$home-player-1\"><span class=\"sp-c-lineup-pitch__player__name gs-u-display-block@xs \" data-reactid=\".14n6qa2tul6.0.0.0.1.$include-14.0.0.1:$panel-0.$0.0.0.0.2.0.0.1:$home-formation-row-1.$home-player-1.1\">Finnigan, <\/span><\/span><span class=\"sp-c-lineup-pitch__player\" data-reactid=\".14n6qa2tul6.0.0.0.1.$include-14.0.0.1:$panel-0.$0.0.0.0.2.0.0.1:$home-formation-row-1.$home-player-2\"><span class=\"sp-c-lineup-pitch__player__name gs-u-display-block@xs \" data-reactid=\".14n6qa2tul6.0.0.0.1.$include-14.0.0.1:$panel-0.$0.0.0.0.2.0.0.1:$home-formation-row-1.$home-player-2.1\">Stenevik; Hope<span class=\"sp-c-lineup-pitch__player__number\" data-reactid=\".14n6qa2tul6.0.0.0.1.$include-14.0.0.1:$panel-0.$0.0.0.0.2.0.0.1:$home-formation-row-2.$home-player-1.0\">, <\/span>Olesen (<span class=\"gs-u-vh\" data-reactid=\".14n6qa2tul6.0.0.0.1.$include-14.0.0.1:$panel-0.$0.0.0.0.3.$5PO504640.2.$0.3\">Vanhaevermaet 66\u00b4)<\/span>, Galli (Wheeler 85\u00b4), Veje (Paxyne 66); Bennison; S\u00f8rensen, Piemonte (Duggan 88\u00b4)<\/span><\/span><\/p>\n<p><strong>Seaguls (3-5-2):<\/strong> Baggaley; <span class=\"sp-c-lineup-pitch__player\" data-reactid=\".14n6qa2tul6.0.0.0.1.$include-14.0.0.1:$panel-0.$0.0.0.1.2.0.0.1:$away-formation-row-1.$away-player-0\"><span class=\"sp-c-lineup-pitch__player__name gs-u-display-block@xs \" data-reactid=\".14n6qa2tul6.0.0.0.1.$include-14.0.0.1:$panel-0.$0.0.0.1.2.0.0.1:$away-formation-row-1.$away-player-0.1\">Bergsvand, T<\/span><\/span><span class=\"sp-c-lineup-pitch__player\" data-reactid=\".14n6qa2tul6.0.0.0.1.$include-14.0.0.1:$panel-0.$0.0.0.1.2.0.0.1:$away-formation-row-1.$away-player-1\"><span class=\"sp-c-lineup-pitch__player__name gs-u-display-block@xs \" data-reactid=\".14n6qa2tul6.0.0.0.1.$include-14.0.0.1:$panel-0.$0.0.0.1.2.0.0.1:$away-formation-row-1.$away-player-1.1\">horisd\u00f3ttir, <\/span><\/span><span class=\"sp-c-lineup-pitch__player\" data-reactid=\".14n6qa2tul6.0.0.0.1.$include-14.0.0.1:$panel-0.$0.0.0.1.2.0.0.1:$away-formation-row-1.$away-player-2\"><span class=\"sp-c-lineup-pitch__player__name gs-u-display-block@xs \" data-reactid=\".14n6qa2tul6.0.0.0.1.$include-14.0.0.1:$panel-0.$0.0.0.1.2.0.0.1:$away-formation-row-1.$away-player-2.1\">Kullberg; Robinson (Rule 75\u00b4), Losada, Olme (Ferreira Pinto 62\u00b4), Bremer, Pattinson; Terland (Symonds 75\u00b4), Lee (Sarri 61\u00b4)<\/span><\/span><\/p>\n<p><strong>Rozhod\u010d\u00ed: <\/strong>Kirsty Dowle\u00a0 <strong>Div\u00e1ci:<\/strong> 1 295\u00a0 <strong>Sest\u0159ih z\u00e1pasu: <a href=\"https:\/\/www.youtube.com\/watch?v=DI0vIUEnKTw\" target=\"_blank\" rel=\"noopener\">YouTube<\/a><\/strong><\/p>\n<div id=\"gtx-trans\" style=\"position: absolute; left: 675px; top: 1174.48px;\">\n<div class=\"gtx-trans-icon\"><\/div>\n<\/div>\n","protected":false},"excerpt":{"rendered":"<p>Dlouh\u00e9 letn\u00ed \u010dek\u00e1n\u00ed je kone\u010dn\u011b u konce a nov\u00e1 sez\u00f3na za\u010dala i pro n\u00e1\u0161 \u017eensk\u00fd t\u00fdm. P\u0159inesla s sebou nov\u00e9 tv\u00e1\u0159e a star\u00e9 probl\u00e9my.\u00a0<\/p>\n","protected":false},"author":26,"featured_media":22907,"comment_status":"open","ping_status":"closed","sticky":false,"template":"","format":"standard","meta":{"_eb_attr":"","_monsterinsights_skip_tracking":false,"_monsterinsights_sitenote_active":false,"_monsterinsights_sitenote_note":"","_monsterinsights_sitenote_category":0,"footnotes":""},"categories":[110],"tags":[],"yoast_head":"<!-- This site is optimized with the Yoast SEO plugin v23.4 - https:\/\/yoast.com\/wordpress\/plugins\/seo\/ -->\n<title>Everton W - Brighton &amp; Hove Albion W 1:2 - Official Czech &amp; Slovak Everton Supporters&#039; Club<\/title>\n<meta name=\"robots\" content=\"index, follow, max-snippet:-1, max-image-preview:large, max-video-preview:-1\" \/>\n<link rel=\"canonical\" href=\"https:\/\/evertonfc.cz\/index.php\/2023\/10\/03\/everton-w-brighton-hove-albion-w-12\/\" \/>\n<meta property=\"og:locale\" content=\"cs_CZ\" \/>\n<meta property=\"og:type\" content=\"article\" \/>\n<meta property=\"og:title\" content=\"Everton W - Brighton &amp; Hove Albion W 1:2 - Official Czech &amp; Slovak Everton Supporters&#039; Club\" \/>\n<meta property=\"og:description\" content=\"Dlouh\u00e9 letn\u00ed \u010dek\u00e1n\u00ed je kone\u010dn\u011b u konce a nov\u00e1 sez\u00f3na za\u010dala i pro n\u00e1\u0161 \u017eensk\u00fd t\u00fdm. P\u0159inesla s sebou nov\u00e9 tv\u00e1\u0159e a star\u00e9 probl\u00e9my.\u00a0\" \/>\n<meta property=\"og:url\" content=\"https:\/\/evertonfc.cz\/index.php\/2023\/10\/03\/everton-w-brighton-hove-albion-w-12\/\" \/>\n<meta property=\"og:site_name\" content=\"Official Czech &amp; Slovak Everton Supporters&#039; Club\" \/>\n<meta property=\"article:publisher\" content=\"https:\/\/www.facebook.com\/everton.fans.cz.sk\" \/>\n<meta property=\"article:published_time\" content=\"2023-10-03T19:06:31+00:00\" \/>\n<meta property=\"article:modified_time\" content=\"2023-10-06T14:48:18+00:00\" \/>\n<meta property=\"og:image\" content=\"https:\/\/evertonfc.cz\/wp-content\/uploads\/2023\/10\/Everton-Women-1-2-Brighton-by-LiverpoolEcho-4-10-2023.jpg\" \/>\n\t<meta property=\"og:image:width\" content=\"720\" \/>\n\t<meta property=\"og:image:height\" content=\"405\" \/>\n\t<meta property=\"og:image:type\" content=\"image\/jpeg\" \/>\n<meta name=\"author\" content=\"Karamela\" \/>\n<meta name=\"twitter:card\" content=\"summary_large_image\" \/>\n<meta name=\"twitter:label1\" content=\"Napsal(a)\" \/>\n\t<meta name=\"twitter:data1\" content=\"Karamela\" \/>\n\t<meta name=\"twitter:label2\" content=\"Odhadovan\u00e1 doba \u010dten\u00ed\" \/>\n\t<meta name=\"twitter:data2\" content=\"4 minuty\" \/>\n<script type=\"application\/ld+json\" class=\"yoast-schema-graph\">{\"@context\":\"https:\/\/schema.org\",\"@graph\":[{\"@type\":\"Article\",\"@id\":\"https:\/\/evertonfc.cz\/index.php\/2023\/10\/03\/everton-w-brighton-hove-albion-w-12\/#article\",\"isPartOf\":{\"@id\":\"https:\/\/evertonfc.cz\/index.php\/2023\/10\/03\/everton-w-brighton-hove-albion-w-12\/\"},\"author\":{\"name\":\"Karamela\",\"@id\":\"https:\/\/evertonfc.cz\/#\/schema\/person\/e9a24a80a32efa1344dd2c4e5882185c\"},\"headline\":\"Everton W &#8211; Brighton &#038; Hove Albion W 1:2\",\"datePublished\":\"2023-10-03T19:06:31+00:00\",\"dateModified\":\"2023-10-06T14:48:18+00:00\",\"mainEntityOfPage\":{\"@id\":\"https:\/\/evertonfc.cz\/index.php\/2023\/10\/03\/everton-w-brighton-hove-albion-w-12\/\"},\"wordCount\":835,\"commentCount\":2,\"publisher\":{\"@id\":\"https:\/\/evertonfc.cz\/#organization\"},\"image\":{\"@id\":\"https:\/\/evertonfc.cz\/index.php\/2023\/10\/03\/everton-w-brighton-hove-albion-w-12\/#primaryimage\"},\"thumbnailUrl\":\"https:\/\/evertonfc.cz\/wp-content\/uploads\/2023\/10\/Everton-Women-1-2-Brighton-by-LiverpoolEcho-4-10-2023.jpg\",\"articleSection\":[\"Everton Women\"],\"inLanguage\":\"cs\",\"potentialAction\":[{\"@type\":\"CommentAction\",\"name\":\"Comment\",\"target\":[\"https:\/\/evertonfc.cz\/index.php\/2023\/10\/03\/everton-w-brighton-hove-albion-w-12\/#respond\"]}]},{\"@type\":\"WebPage\",\"@id\":\"https:\/\/evertonfc.cz\/index.php\/2023\/10\/03\/everton-w-brighton-hove-albion-w-12\/\",\"url\":\"https:\/\/evertonfc.cz\/index.php\/2023\/10\/03\/everton-w-brighton-hove-albion-w-12\/\",\"name\":\"Everton W - Brighton & Hove Albion W 1:2 - Official Czech &amp; Slovak Everton Supporters&#039; Club\",\"isPartOf\":{\"@id\":\"https:\/\/evertonfc.cz\/#website\"},\"primaryImageOfPage\":{\"@id\":\"https:\/\/evertonfc.cz\/index.php\/2023\/10\/03\/everton-w-brighton-hove-albion-w-12\/#primaryimage\"},\"image\":{\"@id\":\"https:\/\/evertonfc.cz\/index.php\/2023\/10\/03\/everton-w-brighton-hove-albion-w-12\/#primaryimage\"},\"thumbnailUrl\":\"https:\/\/evertonfc.cz\/wp-content\/uploads\/2023\/10\/Everton-Women-1-2-Brighton-by-LiverpoolEcho-4-10-2023.jpg\",\"datePublished\":\"2023-10-03T19:06:31+00:00\",\"dateModified\":\"2023-10-06T14:48:18+00:00\",\"breadcrumb\":{\"@id\":\"https:\/\/evertonfc.cz\/index.php\/2023\/10\/03\/everton-w-brighton-hove-albion-w-12\/#breadcrumb\"},\"inLanguage\":\"cs\",\"potentialAction\":[{\"@type\":\"ReadAction\",\"target\":[\"https:\/\/evertonfc.cz\/index.php\/2023\/10\/03\/everton-w-brighton-hove-albion-w-12\/\"]}]},{\"@type\":\"ImageObject\",\"inLanguage\":\"cs\",\"@id\":\"https:\/\/evertonfc.cz\/index.php\/2023\/10\/03\/everton-w-brighton-hove-albion-w-12\/#primaryimage\",\"url\":\"https:\/\/evertonfc.cz\/wp-content\/uploads\/2023\/10\/Everton-Women-1-2-Brighton-by-LiverpoolEcho-4-10-2023.jpg\",\"contentUrl\":\"https:\/\/evertonfc.cz\/wp-content\/uploads\/2023\/10\/Everton-Women-1-2-Brighton-by-LiverpoolEcho-4-10-2023.jpg\",\"width\":720,\"height\":405},{\"@type\":\"BreadcrumbList\",\"@id\":\"https:\/\/evertonfc.cz\/index.php\/2023\/10\/03\/everton-w-brighton-hove-albion-w-12\/#breadcrumb\",\"itemListElement\":[{\"@type\":\"ListItem\",\"position\":1,\"name\":\"Home\",\"item\":\"https:\/\/evertonfc.cz\/\"},{\"@type\":\"ListItem\",\"position\":2,\"name\":\"Everton W &#8211; Brighton &#038; Hove Albion W 1:2\"}]},{\"@type\":\"WebSite\",\"@id\":\"https:\/\/evertonfc.cz\/#website\",\"url\":\"https:\/\/evertonfc.cz\/\",\"name\":\"Official Czech &amp; Slovak Everton Supporters&#039; Club\",\"description\":\"\",\"publisher\":{\"@id\":\"https:\/\/evertonfc.cz\/#organization\"},\"potentialAction\":[{\"@type\":\"SearchAction\",\"target\":{\"@type\":\"EntryPoint\",\"urlTemplate\":\"https:\/\/evertonfc.cz\/?s={search_term_string}\"},\"query-input\":{\"@type\":\"PropertyValueSpecification\",\"valueRequired\":true,\"valueName\":\"search_term_string\"}}],\"inLanguage\":\"cs\"},{\"@type\":\"Organization\",\"@id\":\"https:\/\/evertonfc.cz\/#organization\",\"name\":\"Official Czech & Slovak Everton Supporters' Club\",\"url\":\"https:\/\/evertonfc.cz\/\",\"logo\":{\"@type\":\"ImageObject\",\"inLanguage\":\"cs\",\"@id\":\"https:\/\/evertonfc.cz\/#\/schema\/logo\/image\/\",\"url\":\"https:\/\/evertonfc.cz\/wp-content\/uploads\/2019\/05\/logo.png\",\"contentUrl\":\"https:\/\/evertonfc.cz\/wp-content\/uploads\/2019\/05\/logo.png\",\"width\":112,\"height\":112,\"caption\":\"Official Czech & Slovak Everton Supporters' Club\"},\"image\":{\"@id\":\"https:\/\/evertonfc.cz\/#\/schema\/logo\/image\/\"},\"sameAs\":[\"https:\/\/www.facebook.com\/everton.fans.cz.sk\"]},{\"@type\":\"Person\",\"@id\":\"https:\/\/evertonfc.cz\/#\/schema\/person\/e9a24a80a32efa1344dd2c4e5882185c\",\"name\":\"Karamela\",\"url\":\"https:\/\/evertonfc.cz\/index.php\/author\/karamela\/\"}]}<\/script>\n<!-- \/ Yoast SEO plugin. -->","yoast_head_json":{"title":"Everton W - Brighton & Hove Albion W 1:2 - Official Czech &amp; Slovak Everton Supporters&#039; Club","robots":{"index":"index","follow":"follow","max-snippet":"max-snippet:-1","max-image-preview":"max-image-preview:large","max-video-preview":"max-video-preview:-1"},"canonical":"https:\/\/evertonfc.cz\/index.php\/2023\/10\/03\/everton-w-brighton-hove-albion-w-12\/","og_locale":"cs_CZ","og_type":"article","og_title":"Everton W - Brighton & Hove Albion W 1:2 - Official Czech &amp; Slovak Everton Supporters&#039; Club","og_description":"Dlouh\u00e9 letn\u00ed \u010dek\u00e1n\u00ed je kone\u010dn\u011b u konce a nov\u00e1 sez\u00f3na za\u010dala i pro n\u00e1\u0161 \u017eensk\u00fd t\u00fdm. P\u0159inesla s sebou nov\u00e9 tv\u00e1\u0159e a star\u00e9 probl\u00e9my.\u00a0","og_url":"https:\/\/evertonfc.cz\/index.php\/2023\/10\/03\/everton-w-brighton-hove-albion-w-12\/","og_site_name":"Official Czech &amp; Slovak Everton Supporters&#039; Club","article_publisher":"https:\/\/www.facebook.com\/everton.fans.cz.sk","article_published_time":"2023-10-03T19:06:31+00:00","article_modified_time":"2023-10-06T14:48:18+00:00","og_image":[{"width":720,"height":405,"url":"https:\/\/evertonfc.cz\/wp-content\/uploads\/2023\/10\/Everton-Women-1-2-Brighton-by-LiverpoolEcho-4-10-2023.jpg","type":"image\/jpeg"}],"author":"Karamela","twitter_card":"summary_large_image","twitter_misc":{"Napsal(a)":"Karamela","Odhadovan\u00e1 doba \u010dten\u00ed":"4 minuty"},"schema":{"@context":"https:\/\/schema.org","@graph":[{"@type":"Article","@id":"https:\/\/evertonfc.cz\/index.php\/2023\/10\/03\/everton-w-brighton-hove-albion-w-12\/#article","isPartOf":{"@id":"https:\/\/evertonfc.cz\/index.php\/2023\/10\/03\/everton-w-brighton-hove-albion-w-12\/"},"author":{"name":"Karamela","@id":"https:\/\/evertonfc.cz\/#\/schema\/person\/e9a24a80a32efa1344dd2c4e5882185c"},"headline":"Everton W &#8211; Brighton &#038; Hove Albion W 1:2","datePublished":"2023-10-03T19:06:31+00:00","dateModified":"2023-10-06T14:48:18+00:00","mainEntityOfPage":{"@id":"https:\/\/evertonfc.cz\/index.php\/2023\/10\/03\/everton-w-brighton-hove-albion-w-12\/"},"wordCount":835,"commentCount":2,"publisher":{"@id":"https:\/\/evertonfc.cz\/#organization"},"image":{"@id":"https:\/\/evertonfc.cz\/index.php\/2023\/10\/03\/everton-w-brighton-hove-albion-w-12\/#primaryimage"},"thumbnailUrl":"https:\/\/evertonfc.cz\/wp-content\/uploads\/2023\/10\/Everton-Women-1-2-Brighton-by-LiverpoolEcho-4-10-2023.jpg","articleSection":["Everton Women"],"inLanguage":"cs","potentialAction":[{"@type":"CommentAction","name":"Comment","target":["https:\/\/evertonfc.cz\/index.php\/2023\/10\/03\/everton-w-brighton-hove-albion-w-12\/#respond"]}]},{"@type":"WebPage","@id":"https:\/\/evertonfc.cz\/index.php\/2023\/10\/03\/everton-w-brighton-hove-albion-w-12\/","url":"https:\/\/evertonfc.cz\/index.php\/2023\/10\/03\/everton-w-brighton-hove-albion-w-12\/","name":"Everton W - Brighton & Hove Albion W 1:2 - Official Czech &amp; Slovak Everton Supporters&#039; Club","isPartOf":{"@id":"https:\/\/evertonfc.cz\/#website"},"primaryImageOfPage":{"@id":"https:\/\/evertonfc.cz\/index.php\/2023\/10\/03\/everton-w-brighton-hove-albion-w-12\/#primaryimage"},"image":{"@id":"https:\/\/evertonfc.cz\/index.php\/2023\/10\/03\/everton-w-brighton-hove-albion-w-12\/#primaryimage"},"thumbnailUrl":"https:\/\/evertonfc.cz\/wp-content\/uploads\/2023\/10\/Everton-Women-1-2-Brighton-by-LiverpoolEcho-4-10-2023.jpg","datePublished":"2023-10-03T19:06:31+00:00","dateModified":"2023-10-06T14:48:18+00:00","breadcrumb":{"@id":"https:\/\/evertonfc.cz\/index.php\/2023\/10\/03\/everton-w-brighton-hove-albion-w-12\/#breadcrumb"},"inLanguage":"cs","potentialAction":[{"@type":"ReadAction","target":["https:\/\/evertonfc.cz\/index.php\/2023\/10\/03\/everton-w-brighton-hove-albion-w-12\/"]}]},{"@type":"ImageObject","inLanguage":"cs","@id":"https:\/\/evertonfc.cz\/index.php\/2023\/10\/03\/everton-w-brighton-hove-albion-w-12\/#primaryimage","url":"https:\/\/evertonfc.cz\/wp-content\/uploads\/2023\/10\/Everton-Women-1-2-Brighton-by-LiverpoolEcho-4-10-2023.jpg","contentUrl":"https:\/\/evertonfc.cz\/wp-content\/uploads\/2023\/10\/Everton-Women-1-2-Brighton-by-LiverpoolEcho-4-10-2023.jpg","width":720,"height":405},{"@type":"BreadcrumbList","@id":"https:\/\/evertonfc.cz\/index.php\/2023\/10\/03\/everton-w-brighton-hove-albion-w-12\/#breadcrumb","itemListElement":[{"@type":"ListItem","position":1,"name":"Home","item":"https:\/\/evertonfc.cz\/"},{"@type":"ListItem","position":2,"name":"Everton W &#8211; Brighton &#038; Hove Albion W 1:2"}]},{"@type":"WebSite","@id":"https:\/\/evertonfc.cz\/#website","url":"https:\/\/evertonfc.cz\/","name":"Official Czech &amp; Slovak Everton Supporters&#039; Club","description":"","publisher":{"@id":"https:\/\/evertonfc.cz\/#organization"},"potentialAction":[{"@type":"SearchAction","target":{"@type":"EntryPoint","urlTemplate":"https:\/\/evertonfc.cz\/?s={search_term_string}"},"query-input":{"@type":"PropertyValueSpecification","valueRequired":true,"valueName":"search_term_string"}}],"inLanguage":"cs"},{"@type":"Organization","@id":"https:\/\/evertonfc.cz\/#organization","name":"Official Czech & Slovak Everton Supporters' Club","url":"https:\/\/evertonfc.cz\/","logo":{"@type":"ImageObject","inLanguage":"cs","@id":"https:\/\/evertonfc.cz\/#\/schema\/logo\/image\/","url":"https:\/\/evertonfc.cz\/wp-content\/uploads\/2019\/05\/logo.png","contentUrl":"https:\/\/evertonfc.cz\/wp-content\/uploads\/2019\/05\/logo.png","width":112,"height":112,"caption":"Official Czech & Slovak Everton Supporters' Club"},"image":{"@id":"https:\/\/evertonfc.cz\/#\/schema\/logo\/image\/"},"sameAs":["https:\/\/www.facebook.com\/everton.fans.cz.sk"]},{"@type":"Person","@id":"https:\/\/evertonfc.cz\/#\/schema\/person\/e9a24a80a32efa1344dd2c4e5882185c","name":"Karamela","url":"https:\/\/evertonfc.cz\/index.php\/author\/karamela\/"}]}},"_links":{"self":[{"href":"https:\/\/evertonfc.cz\/index.php\/wp-json\/wp\/v2\/posts\/22895"}],"collection":[{"href":"https:\/\/evertonfc.cz\/index.php\/wp-json\/wp\/v2\/posts"}],"about":[{"href":"https:\/\/evertonfc.cz\/index.php\/wp-json\/wp\/v2\/types\/post"}],"author":[{"embeddable":true,"href":"https:\/\/evertonfc.cz\/index.php\/wp-json\/wp\/v2\/users\/26"}],"replies":[{"embeddable":true,"href":"https:\/\/evertonfc.cz\/index.php\/wp-json\/wp\/v2\/comments?post=22895"}],"version-history":[{"count":14,"href":"https:\/\/evertonfc.cz\/index.php\/wp-json\/wp\/v2\/posts\/22895\/revisions"}],"predecessor-version":[{"id":22915,"href":"https:\/\/evertonfc.cz\/index.php\/wp-json\/wp\/v2\/posts\/22895\/revisions\/22915"}],"wp:featuredmedia":[{"embeddable":true,"href":"https:\/\/evertonfc.cz\/index.php\/wp-json\/wp\/v2\/media\/22907"}],"wp:attachment":[{"href":"https:\/\/evertonfc.cz\/index.php\/wp-json\/wp\/v2\/media?parent=22895"}],"wp:term":[{"taxonomy":"category","embeddable":true,"href":"https:\/\/evertonfc.cz\/index.php\/wp-json\/wp\/v2\/categories?post=22895"},{"taxonomy":"post_tag","embeddable":true,"href":"https:\/\/evertonfc.cz\/index.php\/wp-json\/wp\/v2\/tags?post=22895"}],"curies":[{"name":"wp","href":"https:\/\/api.w.org\/{rel}","templated":true}]}}