{"id":2291,"date":"2017-12-28T19:05:52","date_gmt":"2017-12-28T18:05:52","guid":{"rendered":"http:\/\/evertonfc.cz\/?p=2291"},"modified":"2019-02-05T19:07:04","modified_gmt":"2019-02-05T18:07:04","slug":"the-guardian-everton-privede-utocnika-tosuna","status":"publish","type":"post","link":"https:\/\/evertonfc.cz\/index.php\/2017\/12\/28\/the-guardian-everton-privede-utocnika-tosuna\/","title":{"rendered":"The Guardian: Everton p\u0159ivede \u00fato\u010dn\u00edka Tosuna"},"content":{"rendered":"\n<h4 class=\"wp-block-heading\">Podle informac\u00ed britsk\u00e9ho den\u00edku The Guardian se Everton dohodl s Besiktasem na p\u0159estupu tureck\u00e9ho \u00fato\u010dn\u00edka Cenka Tosuna, za n\u011bho\u017e i s\u00a0bonusy m\u016f\u017ee zaplatit 25 milion\u016f liber.<\/h4>\n\n\n\n<p>Ofici\u00e1ln\u011b a s kontraktem na \u010dty\u0159i a p\u016fl roku se m\u00e1 Tosun st\u00e1t hr\u00e1\u010dem Evertonu 1. ledna, kdy zapo\u010dne lednov\u00e9 p\u0159estupov\u00e9 obdob\u00ed.<\/p>\n\n\n\n<p>Sam Allardyce za\u010dal anga\u017em\u00e1 na Goodison Parku velmi dob\u0159e, v \u00favodn\u00edch sedmi z\u00e1pasech v pozici mana\u017eera jako prvn\u00ed v klubov\u00e9 historii nepoznal ho\u0159kost por\u00e1\u017eky. K\u00fd\u017een\u00e9 v\u00fdsledky jsou p\u0159edev\u0161\u00edm z\u00e1sluhou v\u00fdborn\u00e9 defenzivy. Nyn\u00ed by Allardyce, jak prozradil v poz\u00e1pasov\u00e9m rozhovoru po rem\u00edze 0:0 na p\u016fd\u011b West Bromu, r\u00e1d vylep\u0161il tak\u00e9 ofenzivn\u00ed str\u00e1nku mu\u017estva. To se v\u0161ak neobejde bez nutn\u00e9 investice do kvalitn\u00edho \u00fato\u010dn\u00edka, jen\u017e v Evertonu chyb\u00ed od letn\u00edho odchodu Romela Lukaka do Manchesteru United za \u010d\u00e1stku, kter\u00e1 i s bonusy m\u016f\u017ee nar\u016fst na 90 milion\u016f liber.<\/p>\n\n\n\n<p>Nahradit Lukaka tou\u017eil u\u017e v l\u00e9t\u011b b\u00fdval\u00fd mana\u017eer Ronald Koeman. V jeho hled\u00e1\u010dku uv\u00edzl Olivier Giroud z Arsenalu, jen\u017ee a\u0165 transfer Francouze, \u010di n\u011bkoho jin\u00e9ho se nepoda\u0159ilo realizovat.<\/p>\n\n\n\n<p>Nov\u00e9ho \u00fato\u010dn\u00edka se tak s n\u011bkolikam\u011bs\u00ed\u010dn\u00edm zpo\u017ed\u011bn\u00edm do\u010dk\u00e1 a\u017e Sam Allardyce. Podle den\u00edku The Guardian bude modr\u00fd dres obl\u00e9kat 26let\u00fd Cenk Tosun, kter\u00e9ho&nbsp;Allardyce cht\u011bl do t\u00fdmu ji\u017e ve sv\u00e9m b\u00fdval\u00e9m p\u016fsobi\u0161ti v Crystal Palace.<\/p>\n\n\n\n<p>Toffees pr\u00fd p\u016fvodn\u011b ne\u00fasp\u011b\u0161n\u011b nab\u00eddli \u010d\u00e1stku ve v\u00fd\u0161i 15 milion\u016f liber. Besiktas souhlasil a\u017e s&nbsp;20 miliony liber a dal\u0161\u00edmi p\u011bti v&nbsp;p\u0159\u00edpadn\u00fdch bonusech. The Guardian rovn\u011b\u017e uvedl, \u017ee Tosun\u016fv agent a otec v&nbsp;jedn\u00e9 osob\u011b se s&nbsp;Evertonem ve st\u0159edu dohodl na platov\u00fdch podm\u00ednk\u00e1ch a s\u00e1m hr\u00e1\u010d n\u00e1sledn\u011b absolvoval zdravotn\u00ed prohl\u00eddku v tr\u00e9ninkov\u00e9m centru USM Finch Farm.<\/p>\n\n\n\n<p>Cenk Tosun se narodil v N\u011bmecku, ov\u0161em do sv\u011bta profesion\u00e1ln\u00edho fotbalu prorazil a\u017e po p\u0159estupu do Turecka v roce 2011. Jako rozumn\u00e9 se uk\u00e1zalo, \u017ee vym\u011bnil mate\u0159sk\u00fd Eintracht Frankfurt za Gaziantepspor. Poveden\u00fdmi v\u00fdkony na sebe poutal pozornost slavn\u011bj\u0161\u00edch tureck\u00fdch klub\u016f, ne\u017e se v&nbsp;roce 2014 upsal Besiktasi. V&nbsp;istanbulsk\u00e9m celku za t\u0159i a p\u016fl roku stihl nast\u0159\u00edlet 41 branek v 96 z\u00e1pasech. V leto\u0161n\u00edch sez\u00f3n\u011b tureck\u00e9 ligy se trefil osmkr\u00e1t v 16 startech, v\u00edce na sebe ale upozornil v z\u00e1kladn\u00ed skupin\u011b Ligy mistr\u016f. Besiktasi pomohl \u010dty\u0159mi g\u00f3ly k postupu do osmifin\u00e1le sout\u011b\u017ee.<\/p>\n\n\n\n<p>1,83 metru vysok\u00fd \u00fato\u010dn\u00edk rovn\u011b\u017e pravideln\u011b nastupuje za tureckou reprezentaci, v 24 duelech zat\u00ed\u017eil konta soupe\u0159\u016f osmi brankami.<\/p>\n","protected":false},"excerpt":{"rendered":"<p>Podle informac\u00ed britsk\u00e9ho den\u00edku The Guardian se Everton dohodl s Besiktasem na p\u0159estupu tureck\u00e9ho \u00fato\u010dn\u00edka Cenka Tosuna, za n\u011bho\u017e i&hellip;<\/p>\n","protected":false},"author":6,"featured_media":1316,"comment_status":"open","ping_status":"closed","sticky":false,"template":"","format":"standard","meta":{"_eb_attr":"","_monsterinsights_skip_tracking":false,"_monsterinsights_sitenote_active":false,"_monsterinsights_sitenote_note":"","_monsterinsights_sitenote_category":0,"footnotes":""},"categories":[41],"tags":[],"yoast_head":"<!-- This site is optimized with the Yoast SEO plugin v23.4 - https:\/\/yoast.com\/wordpress\/plugins\/seo\/ -->\n<title>The Guardian: Everton p\u0159ivede \u00fato\u010dn\u00edka Tosuna - Official Czech &amp; Slovak Everton Supporters&#039; Club<\/title>\n<meta name=\"robots\" content=\"index, follow, max-snippet:-1, max-image-preview:large, max-video-preview:-1\" \/>\n<link rel=\"canonical\" href=\"https:\/\/evertonfc.cz\/index.php\/2017\/12\/28\/the-guardian-everton-privede-utocnika-tosuna\/\" \/>\n<meta property=\"og:locale\" content=\"cs_CZ\" \/>\n<meta property=\"og:type\" content=\"article\" \/>\n<meta property=\"og:title\" content=\"The Guardian: Everton p\u0159ivede \u00fato\u010dn\u00edka Tosuna - Official Czech &amp; Slovak Everton Supporters&#039; Club\" \/>\n<meta property=\"og:description\" content=\"Podle informac\u00ed britsk\u00e9ho den\u00edku The Guardian se Everton dohodl s Besiktasem na p\u0159estupu tureck\u00e9ho \u00fato\u010dn\u00edka Cenka Tosuna, za n\u011bho\u017e i&hellip;\" \/>\n<meta property=\"og:url\" content=\"https:\/\/evertonfc.cz\/index.php\/2017\/12\/28\/the-guardian-everton-privede-utocnika-tosuna\/\" \/>\n<meta property=\"og:site_name\" content=\"Official Czech &amp; Slovak Everton Supporters&#039; Club\" \/>\n<meta property=\"article:publisher\" content=\"https:\/\/www.facebook.com\/everton.fans.cz.sk\" \/>\n<meta property=\"article:published_time\" content=\"2017-12-28T18:05:52+00:00\" \/>\n<meta property=\"article:modified_time\" content=\"2019-02-05T18:07:04+00:00\" \/>\n<meta property=\"og:image\" content=\"https:\/\/evertonfc.cz\/wp-content\/uploads\/2019\/01\/transfer.jpg\" \/>\n\t<meta property=\"og:image:width\" content=\"720\" \/>\n\t<meta property=\"og:image:height\" content=\"405\" \/>\n\t<meta property=\"og:image:type\" content=\"image\/jpeg\" \/>\n<meta name=\"author\" content=\"Ri\u010di\" \/>\n<meta name=\"twitter:card\" content=\"summary_large_image\" \/>\n<meta name=\"twitter:creator\" content=\"@rbrejsa\" \/>\n<meta name=\"twitter:label1\" content=\"Napsal(a)\" \/>\n\t<meta name=\"twitter:data1\" content=\"Ri\u010di\" \/>\n\t<meta name=\"twitter:label2\" content=\"Odhadovan\u00e1 doba \u010dten\u00ed\" \/>\n\t<meta name=\"twitter:data2\" content=\"2 minuty\" \/>\n<script type=\"application\/ld+json\" class=\"yoast-schema-graph\">{\"@context\":\"https:\/\/schema.org\",\"@graph\":[{\"@type\":\"Article\",\"@id\":\"https:\/\/evertonfc.cz\/index.php\/2017\/12\/28\/the-guardian-everton-privede-utocnika-tosuna\/#article\",\"isPartOf\":{\"@id\":\"https:\/\/evertonfc.cz\/index.php\/2017\/12\/28\/the-guardian-everton-privede-utocnika-tosuna\/\"},\"author\":{\"name\":\"Ri\u010di\",\"@id\":\"https:\/\/evertonfc.cz\/#\/schema\/person\/f7a5daedb2ffee98480bc70e191aaef1\"},\"headline\":\"The Guardian: Everton p\u0159ivede \u00fato\u010dn\u00edka Tosuna\",\"datePublished\":\"2017-12-28T18:05:52+00:00\",\"dateModified\":\"2019-02-05T18:07:04+00:00\",\"mainEntityOfPage\":{\"@id\":\"https:\/\/evertonfc.cz\/index.php\/2017\/12\/28\/the-guardian-everton-privede-utocnika-tosuna\/\"},\"wordCount\":495,\"commentCount\":0,\"publisher\":{\"@id\":\"https:\/\/evertonfc.cz\/#organization\"},\"image\":{\"@id\":\"https:\/\/evertonfc.cz\/index.php\/2017\/12\/28\/the-guardian-everton-privede-utocnika-tosuna\/#primaryimage\"},\"thumbnailUrl\":\"https:\/\/evertonfc.cz\/wp-content\/uploads\/2019\/01\/transfer.jpg\",\"articleSection\":[\"P\u0159estupy\"],\"inLanguage\":\"cs\",\"potentialAction\":[{\"@type\":\"CommentAction\",\"name\":\"Comment\",\"target\":[\"https:\/\/evertonfc.cz\/index.php\/2017\/12\/28\/the-guardian-everton-privede-utocnika-tosuna\/#respond\"]}]},{\"@type\":\"WebPage\",\"@id\":\"https:\/\/evertonfc.cz\/index.php\/2017\/12\/28\/the-guardian-everton-privede-utocnika-tosuna\/\",\"url\":\"https:\/\/evertonfc.cz\/index.php\/2017\/12\/28\/the-guardian-everton-privede-utocnika-tosuna\/\",\"name\":\"The Guardian: Everton p\u0159ivede \u00fato\u010dn\u00edka Tosuna - Official Czech &amp; Slovak Everton Supporters&#039; Club\",\"isPartOf\":{\"@id\":\"https:\/\/evertonfc.cz\/#website\"},\"primaryImageOfPage\":{\"@id\":\"https:\/\/evertonfc.cz\/index.php\/2017\/12\/28\/the-guardian-everton-privede-utocnika-tosuna\/#primaryimage\"},\"image\":{\"@id\":\"https:\/\/evertonfc.cz\/index.php\/2017\/12\/28\/the-guardian-everton-privede-utocnika-tosuna\/#primaryimage\"},\"thumbnailUrl\":\"https:\/\/evertonfc.cz\/wp-content\/uploads\/2019\/01\/transfer.jpg\",\"datePublished\":\"2017-12-28T18:05:52+00:00\",\"dateModified\":\"2019-02-05T18:07:04+00:00\",\"breadcrumb\":{\"@id\":\"https:\/\/evertonfc.cz\/index.php\/2017\/12\/28\/the-guardian-everton-privede-utocnika-tosuna\/#breadcrumb\"},\"inLanguage\":\"cs\",\"potentialAction\":[{\"@type\":\"ReadAction\",\"target\":[\"https:\/\/evertonfc.cz\/index.php\/2017\/12\/28\/the-guardian-everton-privede-utocnika-tosuna\/\"]}]},{\"@type\":\"ImageObject\",\"inLanguage\":\"cs\",\"@id\":\"https:\/\/evertonfc.cz\/index.php\/2017\/12\/28\/the-guardian-everton-privede-utocnika-tosuna\/#primaryimage\",\"url\":\"https:\/\/evertonfc.cz\/wp-content\/uploads\/2019\/01\/transfer.jpg\",\"contentUrl\":\"https:\/\/evertonfc.cz\/wp-content\/uploads\/2019\/01\/transfer.jpg\",\"width\":720,\"height\":405},{\"@type\":\"BreadcrumbList\",\"@id\":\"https:\/\/evertonfc.cz\/index.php\/2017\/12\/28\/the-guardian-everton-privede-utocnika-tosuna\/#breadcrumb\",\"itemListElement\":[{\"@type\":\"ListItem\",\"position\":1,\"name\":\"Home\",\"item\":\"https:\/\/evertonfc.cz\/\"},{\"@type\":\"ListItem\",\"position\":2,\"name\":\"The Guardian: Everton p\u0159ivede \u00fato\u010dn\u00edka Tosuna\"}]},{\"@type\":\"WebSite\",\"@id\":\"https:\/\/evertonfc.cz\/#website\",\"url\":\"https:\/\/evertonfc.cz\/\",\"name\":\"Official Czech &amp; Slovak Everton Supporters&#039; Club\",\"description\":\"\",\"publisher\":{\"@id\":\"https:\/\/evertonfc.cz\/#organization\"},\"potentialAction\":[{\"@type\":\"SearchAction\",\"target\":{\"@type\":\"EntryPoint\",\"urlTemplate\":\"https:\/\/evertonfc.cz\/?s={search_term_string}\"},\"query-input\":{\"@type\":\"PropertyValueSpecification\",\"valueRequired\":true,\"valueName\":\"search_term_string\"}}],\"inLanguage\":\"cs\"},{\"@type\":\"Organization\",\"@id\":\"https:\/\/evertonfc.cz\/#organization\",\"name\":\"Official Czech & Slovak Everton Supporters' Club\",\"url\":\"https:\/\/evertonfc.cz\/\",\"logo\":{\"@type\":\"ImageObject\",\"inLanguage\":\"cs\",\"@id\":\"https:\/\/evertonfc.cz\/#\/schema\/logo\/image\/\",\"url\":\"https:\/\/evertonfc.cz\/wp-content\/uploads\/2019\/05\/logo.png\",\"contentUrl\":\"https:\/\/evertonfc.cz\/wp-content\/uploads\/2019\/05\/logo.png\",\"width\":112,\"height\":112,\"caption\":\"Official Czech & Slovak Everton Supporters' Club\"},\"image\":{\"@id\":\"https:\/\/evertonfc.cz\/#\/schema\/logo\/image\/\"},\"sameAs\":[\"https:\/\/www.facebook.com\/everton.fans.cz.sk\"]},{\"@type\":\"Person\",\"@id\":\"https:\/\/evertonfc.cz\/#\/schema\/person\/f7a5daedb2ffee98480bc70e191aaef1\",\"name\":\"Ri\u010di\",\"sameAs\":[\"https:\/\/x.com\/rbrejsa\"],\"url\":\"https:\/\/evertonfc.cz\/index.php\/author\/rici\/\"}]}<\/script>\n<!-- \/ Yoast SEO plugin. -->","yoast_head_json":{"title":"The Guardian: Everton p\u0159ivede \u00fato\u010dn\u00edka Tosuna - Official Czech &amp; Slovak Everton Supporters&#039; Club","robots":{"index":"index","follow":"follow","max-snippet":"max-snippet:-1","max-image-preview":"max-image-preview:large","max-video-preview":"max-video-preview:-1"},"canonical":"https:\/\/evertonfc.cz\/index.php\/2017\/12\/28\/the-guardian-everton-privede-utocnika-tosuna\/","og_locale":"cs_CZ","og_type":"article","og_title":"The Guardian: Everton p\u0159ivede \u00fato\u010dn\u00edka Tosuna - Official Czech &amp; Slovak Everton Supporters&#039; Club","og_description":"Podle informac\u00ed britsk\u00e9ho den\u00edku The Guardian se Everton dohodl s Besiktasem na p\u0159estupu tureck\u00e9ho \u00fato\u010dn\u00edka Cenka Tosuna, za n\u011bho\u017e i&hellip;","og_url":"https:\/\/evertonfc.cz\/index.php\/2017\/12\/28\/the-guardian-everton-privede-utocnika-tosuna\/","og_site_name":"Official Czech &amp; Slovak Everton Supporters&#039; Club","article_publisher":"https:\/\/www.facebook.com\/everton.fans.cz.sk","article_published_time":"2017-12-28T18:05:52+00:00","article_modified_time":"2019-02-05T18:07:04+00:00","og_image":[{"width":720,"height":405,"url":"https:\/\/evertonfc.cz\/wp-content\/uploads\/2019\/01\/transfer.jpg","type":"image\/jpeg"}],"author":"Ri\u010di","twitter_card":"summary_large_image","twitter_creator":"@rbrejsa","twitter_misc":{"Napsal(a)":"Ri\u010di","Odhadovan\u00e1 doba \u010dten\u00ed":"2 minuty"},"schema":{"@context":"https:\/\/schema.org","@graph":[{"@type":"Article","@id":"https:\/\/evertonfc.cz\/index.php\/2017\/12\/28\/the-guardian-everton-privede-utocnika-tosuna\/#article","isPartOf":{"@id":"https:\/\/evertonfc.cz\/index.php\/2017\/12\/28\/the-guardian-everton-privede-utocnika-tosuna\/"},"author":{"name":"Ri\u010di","@id":"https:\/\/evertonfc.cz\/#\/schema\/person\/f7a5daedb2ffee98480bc70e191aaef1"},"headline":"The Guardian: Everton p\u0159ivede \u00fato\u010dn\u00edka Tosuna","datePublished":"2017-12-28T18:05:52+00:00","dateModified":"2019-02-05T18:07:04+00:00","mainEntityOfPage":{"@id":"https:\/\/evertonfc.cz\/index.php\/2017\/12\/28\/the-guardian-everton-privede-utocnika-tosuna\/"},"wordCount":495,"commentCount":0,"publisher":{"@id":"https:\/\/evertonfc.cz\/#organization"},"image":{"@id":"https:\/\/evertonfc.cz\/index.php\/2017\/12\/28\/the-guardian-everton-privede-utocnika-tosuna\/#primaryimage"},"thumbnailUrl":"https:\/\/evertonfc.cz\/wp-content\/uploads\/2019\/01\/transfer.jpg","articleSection":["P\u0159estupy"],"inLanguage":"cs","potentialAction":[{"@type":"CommentAction","name":"Comment","target":["https:\/\/evertonfc.cz\/index.php\/2017\/12\/28\/the-guardian-everton-privede-utocnika-tosuna\/#respond"]}]},{"@type":"WebPage","@id":"https:\/\/evertonfc.cz\/index.php\/2017\/12\/28\/the-guardian-everton-privede-utocnika-tosuna\/","url":"https:\/\/evertonfc.cz\/index.php\/2017\/12\/28\/the-guardian-everton-privede-utocnika-tosuna\/","name":"The Guardian: Everton p\u0159ivede \u00fato\u010dn\u00edka Tosuna - Official Czech &amp; Slovak Everton Supporters&#039; Club","isPartOf":{"@id":"https:\/\/evertonfc.cz\/#website"},"primaryImageOfPage":{"@id":"https:\/\/evertonfc.cz\/index.php\/2017\/12\/28\/the-guardian-everton-privede-utocnika-tosuna\/#primaryimage"},"image":{"@id":"https:\/\/evertonfc.cz\/index.php\/2017\/12\/28\/the-guardian-everton-privede-utocnika-tosuna\/#primaryimage"},"thumbnailUrl":"https:\/\/evertonfc.cz\/wp-content\/uploads\/2019\/01\/transfer.jpg","datePublished":"2017-12-28T18:05:52+00:00","dateModified":"2019-02-05T18:07:04+00:00","breadcrumb":{"@id":"https:\/\/evertonfc.cz\/index.php\/2017\/12\/28\/the-guardian-everton-privede-utocnika-tosuna\/#breadcrumb"},"inLanguage":"cs","potentialAction":[{"@type":"ReadAction","target":["https:\/\/evertonfc.cz\/index.php\/2017\/12\/28\/the-guardian-everton-privede-utocnika-tosuna\/"]}]},{"@type":"ImageObject","inLanguage":"cs","@id":"https:\/\/evertonfc.cz\/index.php\/2017\/12\/28\/the-guardian-everton-privede-utocnika-tosuna\/#primaryimage","url":"https:\/\/evertonfc.cz\/wp-content\/uploads\/2019\/01\/transfer.jpg","contentUrl":"https:\/\/evertonfc.cz\/wp-content\/uploads\/2019\/01\/transfer.jpg","width":720,"height":405},{"@type":"BreadcrumbList","@id":"https:\/\/evertonfc.cz\/index.php\/2017\/12\/28\/the-guardian-everton-privede-utocnika-tosuna\/#breadcrumb","itemListElement":[{"@type":"ListItem","position":1,"name":"Home","item":"https:\/\/evertonfc.cz\/"},{"@type":"ListItem","position":2,"name":"The Guardian: Everton p\u0159ivede \u00fato\u010dn\u00edka Tosuna"}]},{"@type":"WebSite","@id":"https:\/\/evertonfc.cz\/#website","url":"https:\/\/evertonfc.cz\/","name":"Official Czech &amp; Slovak Everton Supporters&#039; Club","description":"","publisher":{"@id":"https:\/\/evertonfc.cz\/#organization"},"potentialAction":[{"@type":"SearchAction","target":{"@type":"EntryPoint","urlTemplate":"https:\/\/evertonfc.cz\/?s={search_term_string}"},"query-input":{"@type":"PropertyValueSpecification","valueRequired":true,"valueName":"search_term_string"}}],"inLanguage":"cs"},{"@type":"Organization","@id":"https:\/\/evertonfc.cz\/#organization","name":"Official Czech & Slovak Everton Supporters' Club","url":"https:\/\/evertonfc.cz\/","logo":{"@type":"ImageObject","inLanguage":"cs","@id":"https:\/\/evertonfc.cz\/#\/schema\/logo\/image\/","url":"https:\/\/evertonfc.cz\/wp-content\/uploads\/2019\/05\/logo.png","contentUrl":"https:\/\/evertonfc.cz\/wp-content\/uploads\/2019\/05\/logo.png","width":112,"height":112,"caption":"Official Czech & Slovak Everton Supporters' Club"},"image":{"@id":"https:\/\/evertonfc.cz\/#\/schema\/logo\/image\/"},"sameAs":["https:\/\/www.facebook.com\/everton.fans.cz.sk"]},{"@type":"Person","@id":"https:\/\/evertonfc.cz\/#\/schema\/person\/f7a5daedb2ffee98480bc70e191aaef1","name":"Ri\u010di","sameAs":["https:\/\/x.com\/rbrejsa"],"url":"https:\/\/evertonfc.cz\/index.php\/author\/rici\/"}]}},"_links":{"self":[{"href":"https:\/\/evertonfc.cz\/index.php\/wp-json\/wp\/v2\/posts\/2291"}],"collection":[{"href":"https:\/\/evertonfc.cz\/index.php\/wp-json\/wp\/v2\/posts"}],"about":[{"href":"https:\/\/evertonfc.cz\/index.php\/wp-json\/wp\/v2\/types\/post"}],"author":[{"embeddable":true,"href":"https:\/\/evertonfc.cz\/index.php\/wp-json\/wp\/v2\/users\/6"}],"replies":[{"embeddable":true,"href":"https:\/\/evertonfc.cz\/index.php\/wp-json\/wp\/v2\/comments?post=2291"}],"version-history":[{"count":1,"href":"https:\/\/evertonfc.cz\/index.php\/wp-json\/wp\/v2\/posts\/2291\/revisions"}],"predecessor-version":[{"id":2292,"href":"https:\/\/evertonfc.cz\/index.php\/wp-json\/wp\/v2\/posts\/2291\/revisions\/2292"}],"wp:featuredmedia":[{"embeddable":true,"href":"https:\/\/evertonfc.cz\/index.php\/wp-json\/wp\/v2\/media\/1316"}],"wp:attachment":[{"href":"https:\/\/evertonfc.cz\/index.php\/wp-json\/wp\/v2\/media?parent=2291"}],"wp:term":[{"taxonomy":"category","embeddable":true,"href":"https:\/\/evertonfc.cz\/index.php\/wp-json\/wp\/v2\/categories?post=2291"},{"taxonomy":"post_tag","embeddable":true,"href":"https:\/\/evertonfc.cz\/index.php\/wp-json\/wp\/v2\/tags?post=2291"}],"curies":[{"name":"wp","href":"https:\/\/api.w.org\/{rel}","templated":true}]}}