{"id":22924,"date":"2023-10-07T13:03:02","date_gmt":"2023-10-07T11:03:02","guid":{"rendered":"https:\/\/evertonfc.cz\/?p=22924"},"modified":"2023-10-07T13:04:43","modified_gmt":"2023-10-07T11:04:43","slug":"branthwaite-sa-zaviazal","status":"publish","type":"post","link":"https:\/\/evertonfc.cz\/index.php\/2023\/10\/07\/branthwaite-sa-zaviazal\/","title":{"rendered":"Branthwaite sa zaviazal"},"content":{"rendered":"<h4>Fan\u00fa\u0161ikovia sa pr\u00e1vom cez leto ob\u00e1vali, \u010di mlad\u00fd a n\u00e1dejn\u00fd stop\u00e9r ostane na Finch Farm, a\u00a0\u010di v\u00f4bec dostane \u0161ancu v\u00a0prvom t\u00edme. Naplnil sa v\u0161ak opa\u010dn\u00fd, snov\u00fd scen\u00e1r.<\/h4>\n<p>St\u00e1le len 21-ro\u010dn\u00fd Jarrad nielen\u017ee nikam neod\u00edde, ale po zabet\u00f3novan\u00ed sa do z\u00e1kladnej zostavy Seana Dychea aj podp\u00edsal nov\u00fd dlhodob\u00fd kontrakt. Mana\u017e\u00e9r tento \u0161tvrtok na tla\u010dovej konferencii potvrdil rokovania a\u00a0bl\u00edzku dohodu, a\u00a0v\u010dera to u\u017e bola realita. \u0160tvorro\u010dn\u00e1 vylep\u0161en\u00e1 zmluva ho udr\u017e\u00ed v\u00a0Goodison Parku do leta 2027.<\/p>\n<h4><strong>Branthwaite po podpise zmluvy:<\/strong><\/h4>\n<blockquote><p><span style=\"font-size: 12pt;\"><em>\u201ePostavenie klubu, to, ak\u00e1 ve\u013ek\u00e1 je rodina v Evertone a ako r\u00e1d hr\u00e1m tu pred fan\u00fa\u0161ikmi, boli k\u013e\u00fa\u010dov\u00fdmi d\u00f4vodmi, pre\u010do som podp\u00edsal zmluvu. Znamen\u00e1 to pre m\u0148a uk\u00e1za\u0165 svoj z\u00e1v\u00e4zok vo\u010di klubu a dok\u00e1za\u0165, ako ve\u013ea pre m\u0148a znamen\u00e1 hra\u0165 za Everton. Odkedy som sem pri\u0161iel, c\u00edtil som spojenie s klubom. Fan\u00fa\u0161ikovia boli ku mne naozaj dobr\u00ed. V\u00a0prvom z\u00e1pase, ktor\u00fd som hral, mi ov\u00e1cie, ke\u010f bolo pre\u010d\u00edtan\u00e9 moje meno, dodalo obrovsk\u00fa sebad\u00f4veru, aby som tam i\u0161iel a zahral svoju najlep\u0161iu hru. <\/em><em>Odkedy som sa dostal do t\u00edmu, fan\u00fa\u0161ikovia mi prejavili skuto\u010dn\u00fa podporu a to mi dod\u00e1va sebavedomie, ako mlad\u00e9mu hr\u00e1\u010dovi. Nem\u00f4\u017eem im dostato\u010dne po\u010fakova\u0165.\u201c<\/em><\/span><\/p><\/blockquote>\n<p>To je vynikaj\u00faca spr\u00e1va pre v\u0161etk\u00fdch. Nako\u013eko tento talentovan\u00fd vysok\u00fd stredn\u00fd obranca u\u017e dlhodobo pri\u0165ahuje pozornos\u0165 r\u00f4znych klubov, a\u00a0bud\u00facnosti m\u00f4\u017ee by\u0165 ve\u013emi v\u00fdhodne spe\u0148a\u017een\u00fd. To je bohu\u017eia\u013e ve\u013emi pravdepodobn\u00fd scen\u00e1r, ak sa klub v\u00fdsledkovo i\u00a0finan\u010dne nespam\u00e4t\u00e1. Everton si dokonca m\u00f4\u017ee za ur\u010dit\u00fdch podmienok uplatni\u0165 aj opciu na \u010fal\u0161\u00ed rok. \u010co v\u0161ak dohoda neobsahuje, je v\u00fdkupn\u00e1 klauzula.<\/p>\n<h4><strong>\u0160portov\u00fd riadite\u013e Kevin Thelwell:<\/strong><\/h4>\n<blockquote><p><span style=\"font-size: 12pt;\"><em>\u201eJarrad je vynikaj\u00faci hr\u00e1\u010d s obrovsk\u00fdm potenci\u00e1lom a jeho nov\u00e1 zmluva je bohato zasl\u00fa\u017een\u00e1 za to, ako za n\u00e1s hral doteraz v tejto sez\u00f3ne. V minulej sez\u00f3ne z\u00edskal k\u013e\u00fa\u010dov\u00e9 sk\u00fasenosti z hos\u0165ovania v PSV. Pre Everton je ve\u013ekou vzpruhou, \u017ee mlad\u00fd hr\u00e1\u010d s Jarradov\u00fdm talentom zaviazal klubu svoju dlhodob\u00fa bud\u00facnos\u0165. Jeho doteraj\u0161ie v\u00fdkony v tejto sez\u00f3ne zap\u00f4sobili na ka\u017ed\u00e9ho a umo\u017enili nahliadnu\u0165 do jeho vzru\u0161uj\u00faceho potenci\u00e1lu. Te\u0161\u00edme sa, \u017ee v nasleduj\u00facich rokoch bude v kr\u00e1\u013eovskej modrej e\u0161te lep\u0161\u00ed.\u201c<\/em><\/span><\/p><\/blockquote>\n<p>Rod\u00e1k z Carlisle sa k The Toffees pripojil z mestsk\u00e9ho United v janu\u00e1ri 2020. Za vtedy 17-ro\u010dn\u00e9 ucho EFC na \u010dele s Brandsom, ktor\u00e9ho to bol dlhodob\u00fd cie\u013e, zaplatilo okolo 750 tis\u00edc libier. Po hos\u0165ovan\u00ed v Blackburn Rovers a PSV Eindhoven sa stal v tejto sez\u00f3ne pravideln\u00fdm \u010dlenom mu\u017esk\u00e9ho seniorsk\u00e9ho t\u00edmu Seana Dychea a vytvoril s\u00e9riu p\u00f4sobiv\u00fdch v\u00fdkonov. Branthwaite pomohol po\u010das tohto leta aj Anglicku do 21 rokov vyhra\u0165 majstrovstv\u00e1 Eur\u00f3py a je hodnoten\u00fd ako jeden z najs\u013eubnej\u0161\u00edch mlad\u00fdch obrancov v Eur\u00f3pe.<\/p>\n<h4><strong>Branthwaite o\u00a0vplyve Dychea:<\/strong><\/h4>\n<blockquote><p><span style=\"font-size: 12pt;\"><em>\u201eMysl\u00edm, \u017ee to ukazuje, ak\u00fd typ \u010dloveka je, ke\u010f mi zavolal po\u010das hos\u0165ovania v inom t\u00edme. Ukazuje to, ako sa star\u00e1 o hr\u00e1\u010dov a ako chce ma\u0165 v\u0161etk\u00fdch spolu ako t\u00edm. Ke\u010f som sa vr\u00e1til do klubu, porozpr\u00e1vali sme sa a i\u0161lo len o to, \u017ee ak budem tr\u00e9nova\u0165 tak tvrdo, ako viem a uk\u00e1\u017eem kvalitu, ktor\u00fa m\u00e1m, potom dostanem \u0161ancu. Ke\u010f v\u00e1m mana\u017e\u00e9r a Kevin Thelwell plne d\u00f4veruj\u00fa, m\u00e1te pocit, \u017ee ste tu v\u00edtan\u00ed a viem, \u017ee m\u00f4\u017eem \u00eds\u0165 na ihrisko, ke\u010f ma tam mana\u017e\u00e9r postav\u00ed a bude mi plne d\u00f4verova\u0165. Je to d\u00f4le\u017eit\u00fd faktor pri podpise zmluvy. Minul\u00fa sez\u00f3nu som odi\u0161iel do PSV a odohral som 30 z\u00e1pasov. Ako hr\u00e1\u010d som sa v\u00fdrazne zlep\u0161il, tak\u017ee si mysl\u00edm, \u017ee \u010d\u00edm viac z\u00e1pasov odohr\u00e1m, t\u00fdm sa budem zlep\u0161ova\u0165. To je najlep\u0161\u00edm sp\u00f4sob. Hra\u0165 \u010do najviac, tvrdo tr\u00e9nova\u0165 a po\u010d\u00fava\u0165 mana\u017e\u00e9ra.\u201c<\/em><\/span><\/p><\/blockquote>\n<p style=\"text-align: right;\"><span style=\"font-size: 8pt;\">(fotozroj: Tony McArdle\/Everton FC)<\/span><\/p>\n","protected":false},"excerpt":{"rendered":"<p>Fan\u00fa\u0161ikovia sa pr\u00e1vom cez leto ob\u00e1vali, \u010di mlad\u00fd a n\u00e1dejn\u00fd stop\u00e9r ostane na Finch Farm, a\u00a0\u010di v\u00f4bec dostane \u0161ancu v\u00a0prvom t\u00edme. Naplnil sa v\u0161ak opa\u010dn\u00fd, snov\u00fd scen\u00e1r.<\/p>\n","protected":false},"author":1,"featured_media":22925,"comment_status":"open","ping_status":"closed","sticky":false,"template":"","format":"standard","meta":{"_eb_attr":"","_monsterinsights_skip_tracking":false,"_monsterinsights_sitenote_active":false,"_monsterinsights_sitenote_note":"","_monsterinsights_sitenote_category":0,"footnotes":""},"categories":[42],"tags":[],"yoast_head":"<!-- This site is optimized with the Yoast SEO plugin v23.4 - https:\/\/yoast.com\/wordpress\/plugins\/seo\/ -->\n<title>Branthwaite sa zaviazal - Official Czech &amp; Slovak Everton Supporters&#039; Club<\/title>\n<meta name=\"robots\" content=\"index, follow, max-snippet:-1, max-image-preview:large, max-video-preview:-1\" \/>\n<link rel=\"canonical\" href=\"https:\/\/evertonfc.cz\/index.php\/2023\/10\/07\/branthwaite-sa-zaviazal\/\" \/>\n<meta property=\"og:locale\" content=\"cs_CZ\" \/>\n<meta property=\"og:type\" content=\"article\" \/>\n<meta property=\"og:title\" content=\"Branthwaite sa zaviazal - Official Czech &amp; Slovak Everton Supporters&#039; Club\" \/>\n<meta property=\"og:description\" content=\"Fan\u00fa\u0161ikovia sa pr\u00e1vom cez leto ob\u00e1vali, \u010di mlad\u00fd a n\u00e1dejn\u00fd stop\u00e9r ostane na Finch Farm, a\u00a0\u010di v\u00f4bec dostane \u0161ancu v\u00a0prvom t\u00edme. Naplnil sa v\u0161ak opa\u010dn\u00fd, snov\u00fd scen\u00e1r.\" \/>\n<meta property=\"og:url\" content=\"https:\/\/evertonfc.cz\/index.php\/2023\/10\/07\/branthwaite-sa-zaviazal\/\" \/>\n<meta property=\"og:site_name\" content=\"Official Czech &amp; Slovak Everton Supporters&#039; Club\" \/>\n<meta property=\"article:publisher\" content=\"https:\/\/www.facebook.com\/everton.fans.cz.sk\" \/>\n<meta property=\"article:published_time\" content=\"2023-10-07T11:03:02+00:00\" \/>\n<meta property=\"article:modified_time\" content=\"2023-10-07T11:04:43+00:00\" \/>\n<meta property=\"og:image\" content=\"https:\/\/evertonfc.cz\/wp-content\/uploads\/2023\/10\/Branthwaite-new-contract-by-Tony-McArdle-Everton-FC-7-10-2023.jpg\" \/>\n\t<meta property=\"og:image:width\" content=\"720\" \/>\n\t<meta property=\"og:image:height\" content=\"405\" \/>\n\t<meta property=\"og:image:type\" content=\"image\/jpeg\" \/>\n<meta name=\"author\" content=\"BlueBlooded\" \/>\n<meta name=\"twitter:card\" content=\"summary_large_image\" \/>\n<meta name=\"twitter:label1\" content=\"Napsal(a)\" \/>\n\t<meta name=\"twitter:data1\" content=\"BlueBlooded\" \/>\n\t<meta name=\"twitter:label2\" content=\"Odhadovan\u00e1 doba \u010dten\u00ed\" \/>\n\t<meta name=\"twitter:data2\" content=\"2 minuty\" \/>\n<script type=\"application\/ld+json\" class=\"yoast-schema-graph\">{\"@context\":\"https:\/\/schema.org\",\"@graph\":[{\"@type\":\"Article\",\"@id\":\"https:\/\/evertonfc.cz\/index.php\/2023\/10\/07\/branthwaite-sa-zaviazal\/#article\",\"isPartOf\":{\"@id\":\"https:\/\/evertonfc.cz\/index.php\/2023\/10\/07\/branthwaite-sa-zaviazal\/\"},\"author\":{\"name\":\"BlueBlooded\",\"@id\":\"https:\/\/evertonfc.cz\/#\/schema\/person\/d4493b8cbea51532597fbc4685698916\"},\"headline\":\"Branthwaite sa zaviazal\",\"datePublished\":\"2023-10-07T11:03:02+00:00\",\"dateModified\":\"2023-10-07T11:04:43+00:00\",\"mainEntityOfPage\":{\"@id\":\"https:\/\/evertonfc.cz\/index.php\/2023\/10\/07\/branthwaite-sa-zaviazal\/\"},\"wordCount\":729,\"commentCount\":0,\"publisher\":{\"@id\":\"https:\/\/evertonfc.cz\/#organization\"},\"image\":{\"@id\":\"https:\/\/evertonfc.cz\/index.php\/2023\/10\/07\/branthwaite-sa-zaviazal\/#primaryimage\"},\"thumbnailUrl\":\"https:\/\/evertonfc.cz\/wp-content\/uploads\/2023\/10\/Branthwaite-new-contract-by-Tony-McArdle-Everton-FC-7-10-2023.jpg\",\"articleSection\":[\"Aktuality\"],\"inLanguage\":\"cs\",\"potentialAction\":[{\"@type\":\"CommentAction\",\"name\":\"Comment\",\"target\":[\"https:\/\/evertonfc.cz\/index.php\/2023\/10\/07\/branthwaite-sa-zaviazal\/#respond\"]}]},{\"@type\":\"WebPage\",\"@id\":\"https:\/\/evertonfc.cz\/index.php\/2023\/10\/07\/branthwaite-sa-zaviazal\/\",\"url\":\"https:\/\/evertonfc.cz\/index.php\/2023\/10\/07\/branthwaite-sa-zaviazal\/\",\"name\":\"Branthwaite sa zaviazal - Official Czech &amp; Slovak Everton Supporters&#039; Club\",\"isPartOf\":{\"@id\":\"https:\/\/evertonfc.cz\/#website\"},\"primaryImageOfPage\":{\"@id\":\"https:\/\/evertonfc.cz\/index.php\/2023\/10\/07\/branthwaite-sa-zaviazal\/#primaryimage\"},\"image\":{\"@id\":\"https:\/\/evertonfc.cz\/index.php\/2023\/10\/07\/branthwaite-sa-zaviazal\/#primaryimage\"},\"thumbnailUrl\":\"https:\/\/evertonfc.cz\/wp-content\/uploads\/2023\/10\/Branthwaite-new-contract-by-Tony-McArdle-Everton-FC-7-10-2023.jpg\",\"datePublished\":\"2023-10-07T11:03:02+00:00\",\"dateModified\":\"2023-10-07T11:04:43+00:00\",\"breadcrumb\":{\"@id\":\"https:\/\/evertonfc.cz\/index.php\/2023\/10\/07\/branthwaite-sa-zaviazal\/#breadcrumb\"},\"inLanguage\":\"cs\",\"potentialAction\":[{\"@type\":\"ReadAction\",\"target\":[\"https:\/\/evertonfc.cz\/index.php\/2023\/10\/07\/branthwaite-sa-zaviazal\/\"]}]},{\"@type\":\"ImageObject\",\"inLanguage\":\"cs\",\"@id\":\"https:\/\/evertonfc.cz\/index.php\/2023\/10\/07\/branthwaite-sa-zaviazal\/#primaryimage\",\"url\":\"https:\/\/evertonfc.cz\/wp-content\/uploads\/2023\/10\/Branthwaite-new-contract-by-Tony-McArdle-Everton-FC-7-10-2023.jpg\",\"contentUrl\":\"https:\/\/evertonfc.cz\/wp-content\/uploads\/2023\/10\/Branthwaite-new-contract-by-Tony-McArdle-Everton-FC-7-10-2023.jpg\",\"width\":720,\"height\":405},{\"@type\":\"BreadcrumbList\",\"@id\":\"https:\/\/evertonfc.cz\/index.php\/2023\/10\/07\/branthwaite-sa-zaviazal\/#breadcrumb\",\"itemListElement\":[{\"@type\":\"ListItem\",\"position\":1,\"name\":\"Home\",\"item\":\"https:\/\/evertonfc.cz\/\"},{\"@type\":\"ListItem\",\"position\":2,\"name\":\"Branthwaite sa zaviazal\"}]},{\"@type\":\"WebSite\",\"@id\":\"https:\/\/evertonfc.cz\/#website\",\"url\":\"https:\/\/evertonfc.cz\/\",\"name\":\"Official Czech &amp; Slovak Everton Supporters&#039; Club\",\"description\":\"\",\"publisher\":{\"@id\":\"https:\/\/evertonfc.cz\/#organization\"},\"potentialAction\":[{\"@type\":\"SearchAction\",\"target\":{\"@type\":\"EntryPoint\",\"urlTemplate\":\"https:\/\/evertonfc.cz\/?s={search_term_string}\"},\"query-input\":{\"@type\":\"PropertyValueSpecification\",\"valueRequired\":true,\"valueName\":\"search_term_string\"}}],\"inLanguage\":\"cs\"},{\"@type\":\"Organization\",\"@id\":\"https:\/\/evertonfc.cz\/#organization\",\"name\":\"Official Czech & Slovak Everton Supporters' Club\",\"url\":\"https:\/\/evertonfc.cz\/\",\"logo\":{\"@type\":\"ImageObject\",\"inLanguage\":\"cs\",\"@id\":\"https:\/\/evertonfc.cz\/#\/schema\/logo\/image\/\",\"url\":\"https:\/\/evertonfc.cz\/wp-content\/uploads\/2019\/05\/logo.png\",\"contentUrl\":\"https:\/\/evertonfc.cz\/wp-content\/uploads\/2019\/05\/logo.png\",\"width\":112,\"height\":112,\"caption\":\"Official Czech & Slovak Everton Supporters' Club\"},\"image\":{\"@id\":\"https:\/\/evertonfc.cz\/#\/schema\/logo\/image\/\"},\"sameAs\":[\"https:\/\/www.facebook.com\/everton.fans.cz.sk\"]},{\"@type\":\"Person\",\"@id\":\"https:\/\/evertonfc.cz\/#\/schema\/person\/d4493b8cbea51532597fbc4685698916\",\"name\":\"BlueBlooded\",\"url\":\"https:\/\/evertonfc.cz\/index.php\/author\/admin\/\"}]}<\/script>\n<!-- \/ Yoast SEO plugin. -->","yoast_head_json":{"title":"Branthwaite sa zaviazal - Official Czech &amp; Slovak Everton Supporters&#039; Club","robots":{"index":"index","follow":"follow","max-snippet":"max-snippet:-1","max-image-preview":"max-image-preview:large","max-video-preview":"max-video-preview:-1"},"canonical":"https:\/\/evertonfc.cz\/index.php\/2023\/10\/07\/branthwaite-sa-zaviazal\/","og_locale":"cs_CZ","og_type":"article","og_title":"Branthwaite sa zaviazal - Official Czech &amp; Slovak Everton Supporters&#039; Club","og_description":"Fan\u00fa\u0161ikovia sa pr\u00e1vom cez leto ob\u00e1vali, \u010di mlad\u00fd a n\u00e1dejn\u00fd stop\u00e9r ostane na Finch Farm, a\u00a0\u010di v\u00f4bec dostane \u0161ancu v\u00a0prvom t\u00edme. Naplnil sa v\u0161ak opa\u010dn\u00fd, snov\u00fd scen\u00e1r.","og_url":"https:\/\/evertonfc.cz\/index.php\/2023\/10\/07\/branthwaite-sa-zaviazal\/","og_site_name":"Official Czech &amp; Slovak Everton Supporters&#039; Club","article_publisher":"https:\/\/www.facebook.com\/everton.fans.cz.sk","article_published_time":"2023-10-07T11:03:02+00:00","article_modified_time":"2023-10-07T11:04:43+00:00","og_image":[{"width":720,"height":405,"url":"https:\/\/evertonfc.cz\/wp-content\/uploads\/2023\/10\/Branthwaite-new-contract-by-Tony-McArdle-Everton-FC-7-10-2023.jpg","type":"image\/jpeg"}],"author":"BlueBlooded","twitter_card":"summary_large_image","twitter_misc":{"Napsal(a)":"BlueBlooded","Odhadovan\u00e1 doba \u010dten\u00ed":"2 minuty"},"schema":{"@context":"https:\/\/schema.org","@graph":[{"@type":"Article","@id":"https:\/\/evertonfc.cz\/index.php\/2023\/10\/07\/branthwaite-sa-zaviazal\/#article","isPartOf":{"@id":"https:\/\/evertonfc.cz\/index.php\/2023\/10\/07\/branthwaite-sa-zaviazal\/"},"author":{"name":"BlueBlooded","@id":"https:\/\/evertonfc.cz\/#\/schema\/person\/d4493b8cbea51532597fbc4685698916"},"headline":"Branthwaite sa zaviazal","datePublished":"2023-10-07T11:03:02+00:00","dateModified":"2023-10-07T11:04:43+00:00","mainEntityOfPage":{"@id":"https:\/\/evertonfc.cz\/index.php\/2023\/10\/07\/branthwaite-sa-zaviazal\/"},"wordCount":729,"commentCount":0,"publisher":{"@id":"https:\/\/evertonfc.cz\/#organization"},"image":{"@id":"https:\/\/evertonfc.cz\/index.php\/2023\/10\/07\/branthwaite-sa-zaviazal\/#primaryimage"},"thumbnailUrl":"https:\/\/evertonfc.cz\/wp-content\/uploads\/2023\/10\/Branthwaite-new-contract-by-Tony-McArdle-Everton-FC-7-10-2023.jpg","articleSection":["Aktuality"],"inLanguage":"cs","potentialAction":[{"@type":"CommentAction","name":"Comment","target":["https:\/\/evertonfc.cz\/index.php\/2023\/10\/07\/branthwaite-sa-zaviazal\/#respond"]}]},{"@type":"WebPage","@id":"https:\/\/evertonfc.cz\/index.php\/2023\/10\/07\/branthwaite-sa-zaviazal\/","url":"https:\/\/evertonfc.cz\/index.php\/2023\/10\/07\/branthwaite-sa-zaviazal\/","name":"Branthwaite sa zaviazal - Official Czech &amp; Slovak Everton Supporters&#039; Club","isPartOf":{"@id":"https:\/\/evertonfc.cz\/#website"},"primaryImageOfPage":{"@id":"https:\/\/evertonfc.cz\/index.php\/2023\/10\/07\/branthwaite-sa-zaviazal\/#primaryimage"},"image":{"@id":"https:\/\/evertonfc.cz\/index.php\/2023\/10\/07\/branthwaite-sa-zaviazal\/#primaryimage"},"thumbnailUrl":"https:\/\/evertonfc.cz\/wp-content\/uploads\/2023\/10\/Branthwaite-new-contract-by-Tony-McArdle-Everton-FC-7-10-2023.jpg","datePublished":"2023-10-07T11:03:02+00:00","dateModified":"2023-10-07T11:04:43+00:00","breadcrumb":{"@id":"https:\/\/evertonfc.cz\/index.php\/2023\/10\/07\/branthwaite-sa-zaviazal\/#breadcrumb"},"inLanguage":"cs","potentialAction":[{"@type":"ReadAction","target":["https:\/\/evertonfc.cz\/index.php\/2023\/10\/07\/branthwaite-sa-zaviazal\/"]}]},{"@type":"ImageObject","inLanguage":"cs","@id":"https:\/\/evertonfc.cz\/index.php\/2023\/10\/07\/branthwaite-sa-zaviazal\/#primaryimage","url":"https:\/\/evertonfc.cz\/wp-content\/uploads\/2023\/10\/Branthwaite-new-contract-by-Tony-McArdle-Everton-FC-7-10-2023.jpg","contentUrl":"https:\/\/evertonfc.cz\/wp-content\/uploads\/2023\/10\/Branthwaite-new-contract-by-Tony-McArdle-Everton-FC-7-10-2023.jpg","width":720,"height":405},{"@type":"BreadcrumbList","@id":"https:\/\/evertonfc.cz\/index.php\/2023\/10\/07\/branthwaite-sa-zaviazal\/#breadcrumb","itemListElement":[{"@type":"ListItem","position":1,"name":"Home","item":"https:\/\/evertonfc.cz\/"},{"@type":"ListItem","position":2,"name":"Branthwaite sa zaviazal"}]},{"@type":"WebSite","@id":"https:\/\/evertonfc.cz\/#website","url":"https:\/\/evertonfc.cz\/","name":"Official Czech &amp; Slovak Everton Supporters&#039; Club","description":"","publisher":{"@id":"https:\/\/evertonfc.cz\/#organization"},"potentialAction":[{"@type":"SearchAction","target":{"@type":"EntryPoint","urlTemplate":"https:\/\/evertonfc.cz\/?s={search_term_string}"},"query-input":{"@type":"PropertyValueSpecification","valueRequired":true,"valueName":"search_term_string"}}],"inLanguage":"cs"},{"@type":"Organization","@id":"https:\/\/evertonfc.cz\/#organization","name":"Official Czech & Slovak Everton Supporters' Club","url":"https:\/\/evertonfc.cz\/","logo":{"@type":"ImageObject","inLanguage":"cs","@id":"https:\/\/evertonfc.cz\/#\/schema\/logo\/image\/","url":"https:\/\/evertonfc.cz\/wp-content\/uploads\/2019\/05\/logo.png","contentUrl":"https:\/\/evertonfc.cz\/wp-content\/uploads\/2019\/05\/logo.png","width":112,"height":112,"caption":"Official Czech & Slovak Everton Supporters' Club"},"image":{"@id":"https:\/\/evertonfc.cz\/#\/schema\/logo\/image\/"},"sameAs":["https:\/\/www.facebook.com\/everton.fans.cz.sk"]},{"@type":"Person","@id":"https:\/\/evertonfc.cz\/#\/schema\/person\/d4493b8cbea51532597fbc4685698916","name":"BlueBlooded","url":"https:\/\/evertonfc.cz\/index.php\/author\/admin\/"}]}},"_links":{"self":[{"href":"https:\/\/evertonfc.cz\/index.php\/wp-json\/wp\/v2\/posts\/22924"}],"collection":[{"href":"https:\/\/evertonfc.cz\/index.php\/wp-json\/wp\/v2\/posts"}],"about":[{"href":"https:\/\/evertonfc.cz\/index.php\/wp-json\/wp\/v2\/types\/post"}],"author":[{"embeddable":true,"href":"https:\/\/evertonfc.cz\/index.php\/wp-json\/wp\/v2\/users\/1"}],"replies":[{"embeddable":true,"href":"https:\/\/evertonfc.cz\/index.php\/wp-json\/wp\/v2\/comments?post=22924"}],"version-history":[{"count":4,"href":"https:\/\/evertonfc.cz\/index.php\/wp-json\/wp\/v2\/posts\/22924\/revisions"}],"predecessor-version":[{"id":22931,"href":"https:\/\/evertonfc.cz\/index.php\/wp-json\/wp\/v2\/posts\/22924\/revisions\/22931"}],"wp:featuredmedia":[{"embeddable":true,"href":"https:\/\/evertonfc.cz\/index.php\/wp-json\/wp\/v2\/media\/22925"}],"wp:attachment":[{"href":"https:\/\/evertonfc.cz\/index.php\/wp-json\/wp\/v2\/media?parent=22924"}],"wp:term":[{"taxonomy":"category","embeddable":true,"href":"https:\/\/evertonfc.cz\/index.php\/wp-json\/wp\/v2\/categories?post=22924"},{"taxonomy":"post_tag","embeddable":true,"href":"https:\/\/evertonfc.cz\/index.php\/wp-json\/wp\/v2\/tags?post=22924"}],"curies":[{"name":"wp","href":"https:\/\/api.w.org\/{rel}","templated":true}]}}