{"id":2293,"date":"2017-12-27T19:07:18","date_gmt":"2017-12-27T18:07:18","guid":{"rendered":"http:\/\/evertonfc.cz\/?p=2293"},"modified":"2023-05-27T19:45:17","modified_gmt":"2023-05-27T17:45:17","slug":"preview-bournemouth-everton-2","status":"publish","type":"post","link":"https:\/\/evertonfc.cz\/index.php\/2017\/12\/27\/preview-bournemouth-everton-2\/","title":{"rendered":"Preview: Bournemouth &#8211; Everton"},"content":{"rendered":"\r\n<h4 class=\"wp-block-heading\">Heroick\u00fd v\u00fdkon zo \u0161iesteho kola sa bud\u00fa sna\u017ei\u0165 Karamelky zreplikova\u0165 teraz na ihrisku s\u00fapera. Dostane Niasse \u0161ancu od za\u010diatku? Alebo pr\u00edde len z lavi\u010dky znova hasi\u0165 vzplanut\u00e9 suchoty?<\/h4>\r\n\r\n\r\n\r\n<p>Od vymenovania nov\u00e9ho \u0161\u00e9fa kr\u00e1\u013eovsky modrej squadry ubehol u\u017e nejak\u00fd ten t\u00fd\u017ede\u0148 a chv\u00e1li\u0165 pozit\u00edvne zmeny pod n\u00edm, by bolo zbyto\u010dn\u00e9 nosenie dreva, do u\u017e aj tak prerasten\u00e9ho lesa. Bolo to r\u00fdchle, \u00fa\u010dinn\u00e9 a patri\u010dne sa to prejavilo aj v tabu\u013eke. V\u00e4\u010d\u0161ina Evertonians je preto pr\u00e1vom v\u010fa\u010dn\u00e1 a spokojn\u00e1. Za\u017eehnan\u00e9 zostupov\u00e9 obavy by si prial aj n\u00e1\u0161 s\u00faper. Len\u017ee dielo nie je ani z\u010faleka dokonan\u00e9 a tak sa mnoh\u00ed p\u00fdtaj\u00fa, kedy sa za\u010dne meter predv\u00e1dzanej hry pos\u00fava\u0165 z negat\u00edvneho po\u013ea, do toho pozit\u00edvneho. \u013dudia pochopite\u013ene tak\u00fa zmenu o\u010dak\u00e1vaj\u00fa aj v z\u00e1vislosti od sily oponenta, av\u0161ak \u017eiadna ind\u00edcia v predch\u00e1dzaj\u00facom z\u00e1pase s tabu\u013ekov\u00fdm dnom, ni\u010d tak\u00e9 nepriniesla, ba naopak. Teraz m\u00e1 Big Sam mo\u017enos\u0165 na z\u00e1bavn\u00fd repar\u00e1t. Ve\u010f s The Cherries nikdy nie je nuda&#8230;<\/p>\r\n\r\n\r\n\r\n<h4><em>\u201eAllardici\u201d<\/em><\/h4>\r\n\r\n\r\n\r\n<p>Na dne\u0161nej tla\u010dovej konferencii vyjavil p\u00e1r faktov a to, \u017ee Wayne Rooney je sp\u00e4\u0165 po vylie\u010den\u00ed chr\u00edpky, rovnako ako James McCarthy, ktor\u00fd by mal by\u0165 fit aj na z\u00e1pasov\u00e9 vy\u0165a\u017eenie. Pripom\u00ednam, reprezentant \u00cdrska nehral s\u00fa\u0165a\u017en\u00fd z\u00e1pas od okt\u00f3bra, tak\u017ee nepredpokladajme, \u017ee si spolu s Rooneym odbij\u00fa dev\u00e4\u0165desiat min\u00fat. Gueye by mohol by\u0165 pripraven\u00fd a\u017e na z\u00e1pas s Manchesterom United a Ross Barkley je \u00fadajne tie\u017e \u201eve\u013emi bl\u00edzko\u201c n\u00e1vratu, ke\u010f\u017ee u\u017e patri\u010dne a pravidelne tr\u00e9nuje s prv\u00fdm t\u00edmom a s\u00e1m Sam by ho mal najrad\u0161ej k dispoz\u00edci\u00ed u\u017e pred dvoma t\u00fd\u017ed\u0148ami.<\/p>\r\n<p>Coleman s Morim ost\u00e1vaj\u00fa st\u00e1le mimo akcie s t\u00fdm, \u017ee prv\u00fd menovan\u00fd sk\u00fa\u0161a nov\u00fd pr\u00edstroj na ur\u00fdchlenie jeho zotavenia a druh\u00fd si po\u010dk\u00e1 e\u0161te minim\u00e1lne do marca. Zl\u00e1 spr\u00e1va sa t\u00fdka Bainesyho. Ten znova pri rehabilit\u00e1cii uc\u00edtil \u0165ahanie v l\u00fdtku, \u010do v lie\u010debnom postupe znamen\u00e1 dva kroky vzad. Na margo prestupov\u00fdch \u0161pekul\u00e1ci\u00ed sa vyjadril, \u017ee Everton bol a bude sp\u00e1jan\u00fd s e\u0161te ve\u013ea \u00fato\u010dn\u00edkmi, ke\u010f\u017ee to je miesto, kde ho top\u00e1nka tla\u010d\u00ed najviac. U\u017e teraz prakticky cel\u00fa \u0165archu zodpovednosti nesie Calvert-Lewin a to nem\u00f4\u017ee pokra\u010dova\u0165 donekone\u010dna. Ako znelo jeho vyjadrenie, Sandro sa e\u0161te nestihol prisp\u00f4sobi\u0165 r\u00fdchlosti Premier League a Niasse, tak ten si aj napriek v\u0161etk\u00fdm snah\u00e1m u n\u00e1s svoje miesto na ihrisku e\u0161te nesprivatizoval.<\/p>\r\n\r\n\r\n\r\n<h4><em>\u201eDefinitely not Established\u201d<\/em><\/h4>\r\n\r\n\r\n\r\n<p>Kto vie, \u010di Eddieho Howea pred desiatimi rokmi napadlo, \u017ee raz bude Bournemouth tr\u00e9nova\u0165 aj na tej najvy\u0161\u0161ej \u00farovni. Lebo v tom \u010dase ho aj naozaj tr\u00e9noval. A to v League Two, \u0161tvrtej a na ostrovoch poslednej profesion\u00e1lnej \u00farovni vo futbalovej hierarchii. Nie ka\u017ed\u00e9mu je dopriate hne\u010f z tr\u00e1vnika toho ist\u00e9ho klubu presko\u010di\u0165 rovno do jeho kancel\u00e1rie s menovkou \u201eHead Coach\u201c, \u010di \u201eManager\u201c.<\/p>\r\n<p>Je mu sa to po skon\u010den\u00ed hr\u00e1\u010dskej kari\u00e9ry podarilo a zamestn\u00e1vate\u013eovi \u00a0sa za to odv\u010fa\u010dil postupom o stupienok vy\u0161\u0161ie, do League One. Potom v\u0161ak prijal v\u00fdzvu v podobe pr\u00e1ve zost\u00fapen\u00e9ho Burnley z Premier League a tak nev\u00e1hal. Jeden a pol roka na Turf Moor v\u0161ak pri\u0161iel navnivo\u010d a n\u00e1vrat medzi elitu sa nepodaril, z \u010doho s\u00e1m vyviedol d\u00f4sledky a rezignoval pod\u013ea vlastn\u00fdch slov, z osobn\u00fdch d\u00f4vodov. Kam sa potom podel?<\/p>\r\n\r\n\r\n\r\n<p>Po preto\u010den\u00ed p\u00e1sky sme op\u00e4\u0165 v pr\u00edmorskom letovisku Dorsetu a Eddie Howe je znova mana\u017e\u00e9rom na Dean Court, kde sa mu podarilo to, \u010do s The Clarets nie. Za necel\u00e9 tri sez\u00f3ny dok\u00e1zal s \u201efamily\u201c klubom post\u00fapi\u0165 a\u017e o dve poschodia. Tak\u00fd r\u00fdchly progres b\u00fdva zv\u00e4\u010d\u0161a raritn\u00fd a o to raritnej\u0161ie sa marilo ich zotrvanie v Premier League. A kto in\u00fd ich mohol smerom k z\u00e1chrane na\u0161tartova\u0165 ako Everton, ktor\u00fd prehral na ich tr\u00e1vniku tesne 1:0. Bod zlomu.<\/p>\r\n<p>Nasledovan\u00e9 v\u00ed\u0165azstv\u00e1 proti Chelsea a Manchesteri United podarili udr\u017ea\u0165 kone\u010dn\u00e9 16. miesto a o rok na to a\u017e deviate, \u010do bol aj pre nich sam\u00fdch ur\u010dite \u0161ok. T\u00fato sez\u00f3nu sa teda poh\u00e1rov\u00e9 amb\u00edcie javili azda opodstatnen\u00e9. Ale nie. T\u00e1to liga neodp\u00fa\u0161\u0165a a d\u00e1 v\u00e1m poc\u00edti\u0165 ak\u00e9ko\u013evek podcenenie a samozrejme, aj tvrdohlavos\u0165. Na t\u00fa dopl\u00e1caj\u00fa Cherries svojou ofenz\u00edvnou hrou, ktorou nech\u00e1vaj\u00fa ich zm\u00e4tkuj\u00facu obranu zranite\u013en\u00fa aj vo\u010di sam\u00fdm sebe.<\/p>\r\n<p>Tak\u00fdmto sp\u00f4sobom si napr\u00edklad pri\u0161iel West Ham na vz\u00e1cny bod\u00edk, v minulom kole pri rem\u00edze 3:3. Na prvom zostupovom mieste sa teda pomaly pot\u00e1paj\u00fa a na tuh\u00fd boj to vyzer\u00e1 u\u017e od za\u010diatku sez\u00f3ny. Po odohran\u00fdch 20 z\u00e1pasoch maj\u00fa na konte 11 prehier, 5 rem\u00edz a 4 v\u00fdhry \u2013 sk\u00f3re 18:31. Defoe, Mings a Stanislas s\u00fa dlhodob\u00ed absent\u00e9ri a pred z\u00e1pasom sa rozhodne o sp\u00f4sobilosti Danielsa, Artera, Kinga a Surmana.<\/p>\r\n\r\n\r\n\r\n<h4>Zauj\u00edmav\u00e9 \u0161tatistiky:<\/h4>\r\n\r\n\r\n\r\n<ul>\r\n<li>Everton neskon\u010dil kalend\u00e1rny rok v\u00fdhrou posledn\u00e9 tri roky (2 prehry, 1 rem\u00edza).<\/li>\r\n<li>V\u00a0posledn\u00fdch 5 vz\u00e1jomn\u00fdch ligov\u00fdch z\u00e1pasoch \u00a0padlo dokopy 22 g\u00f3lov (Everton 13, Bournemouth 9), \u010do je priemerne 4.4 g\u00f3lu na z\u00e1pas.<\/li>\r\n<li>10 z\u00a0nich padlo dokonca a\u017e v\u00a0poslednej \u0161tvr\u0165hodine hry.<\/li>\r\n<\/ul>\r\n\r\n\r\n\r\n<p><strong>\u010co:<\/strong>\u00a0AFC Bournemouth \u2013 Everton FC, 21. kolo Premier League<strong><br \/>Kedy:<\/strong>\u00a030.12. 2017 od 16:00 SE\u010c<strong><br \/>Kde:<\/strong>\u00a0Dean Court &#8211; King&#8217;s Park Dr, Bournemouth BH7 7AF (kapacita: 11 360)<strong><br \/>Rozhodca:<\/strong>\u00a0L. Probert\u00a0<strong>Asistenti:\u00a0<\/strong>S. Beck, C. Hatzidakis\u00a0<strong>\u0160tvrt\u00fd rozhodca:\u00a0<\/strong>A. Marriner<\/p>\r\n","protected":false},"excerpt":{"rendered":"<p>Heroick\u00fd v\u00fdkon zo \u0161iesteho kola sa bud\u00fa sna\u017ei\u0165 Karamelky zreplikova\u0165 teraz na ihrisku s\u00fapera. Dostane Niasse \u0161ancu od za\u010diatku? Alebo pr\u00edde len z lavi\u010dky znova hasi\u0165 vzplanut\u00e9 suchoty?<\/p>\n","protected":false},"author":1,"featured_media":20316,"comment_status":"open","ping_status":"closed","sticky":false,"template":"","format":"standard","meta":{"_eb_attr":"","_monsterinsights_skip_tracking":false,"_monsterinsights_sitenote_active":false,"_monsterinsights_sitenote_note":"","_monsterinsights_sitenote_category":0,"footnotes":""},"categories":[4],"tags":[],"yoast_head":"<!-- This site is optimized with the Yoast SEO plugin v23.4 - https:\/\/yoast.com\/wordpress\/plugins\/seo\/ -->\n<title>Preview: Bournemouth - Everton - Official Czech &amp; Slovak Everton Supporters&#039; Club<\/title>\n<meta name=\"robots\" content=\"index, follow, max-snippet:-1, max-image-preview:large, max-video-preview:-1\" \/>\n<link rel=\"canonical\" href=\"https:\/\/evertonfc.cz\/index.php\/2017\/12\/27\/preview-bournemouth-everton-2\/\" \/>\n<meta property=\"og:locale\" content=\"cs_CZ\" \/>\n<meta property=\"og:type\" content=\"article\" \/>\n<meta property=\"og:title\" content=\"Preview: Bournemouth - Everton - Official Czech &amp; Slovak Everton Supporters&#039; Club\" \/>\n<meta property=\"og:description\" content=\"Heroick\u00fd v\u00fdkon zo \u0161iesteho kola sa bud\u00fa sna\u017ei\u0165 Karamelky zreplikova\u0165 teraz na ihrisku s\u00fapera. Dostane Niasse \u0161ancu od za\u010diatku? Alebo pr\u00edde len z lavi\u010dky znova hasi\u0165 vzplanut\u00e9 suchoty?\" \/>\n<meta property=\"og:url\" content=\"https:\/\/evertonfc.cz\/index.php\/2017\/12\/27\/preview-bournemouth-everton-2\/\" \/>\n<meta property=\"og:site_name\" content=\"Official Czech &amp; Slovak Everton Supporters&#039; Club\" \/>\n<meta property=\"article:publisher\" content=\"https:\/\/www.facebook.com\/everton.fans.cz.sk\" \/>\n<meta property=\"article:published_time\" content=\"2017-12-27T18:07:18+00:00\" \/>\n<meta property=\"article:modified_time\" content=\"2023-05-27T17:45:17+00:00\" \/>\n<meta property=\"og:image\" content=\"https:\/\/evertonfc.cz\/wp-content\/uploads\/2022\/11\/Bournemouth-VS-Everton.png\" \/>\n\t<meta property=\"og:image:width\" content=\"720\" \/>\n\t<meta property=\"og:image:height\" content=\"405\" \/>\n\t<meta property=\"og:image:type\" content=\"image\/png\" \/>\n<meta name=\"author\" content=\"BlueBlooded\" \/>\n<meta name=\"twitter:card\" content=\"summary_large_image\" \/>\n<meta name=\"twitter:label1\" content=\"Napsal(a)\" \/>\n\t<meta name=\"twitter:data1\" content=\"BlueBlooded\" \/>\n\t<meta name=\"twitter:label2\" content=\"Odhadovan\u00e1 doba \u010dten\u00ed\" \/>\n\t<meta name=\"twitter:data2\" content=\"5 minut\" \/>\n<script type=\"application\/ld+json\" class=\"yoast-schema-graph\">{\"@context\":\"https:\/\/schema.org\",\"@graph\":[{\"@type\":\"Article\",\"@id\":\"https:\/\/evertonfc.cz\/index.php\/2017\/12\/27\/preview-bournemouth-everton-2\/#article\",\"isPartOf\":{\"@id\":\"https:\/\/evertonfc.cz\/index.php\/2017\/12\/27\/preview-bournemouth-everton-2\/\"},\"author\":{\"name\":\"BlueBlooded\",\"@id\":\"https:\/\/evertonfc.cz\/#\/schema\/person\/d4493b8cbea51532597fbc4685698916\"},\"headline\":\"Preview: Bournemouth &#8211; Everton\",\"datePublished\":\"2017-12-27T18:07:18+00:00\",\"dateModified\":\"2023-05-27T17:45:17+00:00\",\"mainEntityOfPage\":{\"@id\":\"https:\/\/evertonfc.cz\/index.php\/2017\/12\/27\/preview-bournemouth-everton-2\/\"},\"wordCount\":989,\"commentCount\":0,\"publisher\":{\"@id\":\"https:\/\/evertonfc.cz\/#organization\"},\"image\":{\"@id\":\"https:\/\/evertonfc.cz\/index.php\/2017\/12\/27\/preview-bournemouth-everton-2\/#primaryimage\"},\"thumbnailUrl\":\"https:\/\/evertonfc.cz\/wp-content\/uploads\/2022\/11\/Bournemouth-VS-Everton.png\",\"articleSection\":[\"Z\u00e1pasy\"],\"inLanguage\":\"cs\",\"potentialAction\":[{\"@type\":\"CommentAction\",\"name\":\"Comment\",\"target\":[\"https:\/\/evertonfc.cz\/index.php\/2017\/12\/27\/preview-bournemouth-everton-2\/#respond\"]}]},{\"@type\":\"WebPage\",\"@id\":\"https:\/\/evertonfc.cz\/index.php\/2017\/12\/27\/preview-bournemouth-everton-2\/\",\"url\":\"https:\/\/evertonfc.cz\/index.php\/2017\/12\/27\/preview-bournemouth-everton-2\/\",\"name\":\"Preview: Bournemouth - Everton - Official Czech &amp; Slovak Everton Supporters&#039; Club\",\"isPartOf\":{\"@id\":\"https:\/\/evertonfc.cz\/#website\"},\"primaryImageOfPage\":{\"@id\":\"https:\/\/evertonfc.cz\/index.php\/2017\/12\/27\/preview-bournemouth-everton-2\/#primaryimage\"},\"image\":{\"@id\":\"https:\/\/evertonfc.cz\/index.php\/2017\/12\/27\/preview-bournemouth-everton-2\/#primaryimage\"},\"thumbnailUrl\":\"https:\/\/evertonfc.cz\/wp-content\/uploads\/2022\/11\/Bournemouth-VS-Everton.png\",\"datePublished\":\"2017-12-27T18:07:18+00:00\",\"dateModified\":\"2023-05-27T17:45:17+00:00\",\"breadcrumb\":{\"@id\":\"https:\/\/evertonfc.cz\/index.php\/2017\/12\/27\/preview-bournemouth-everton-2\/#breadcrumb\"},\"inLanguage\":\"cs\",\"potentialAction\":[{\"@type\":\"ReadAction\",\"target\":[\"https:\/\/evertonfc.cz\/index.php\/2017\/12\/27\/preview-bournemouth-everton-2\/\"]}]},{\"@type\":\"ImageObject\",\"inLanguage\":\"cs\",\"@id\":\"https:\/\/evertonfc.cz\/index.php\/2017\/12\/27\/preview-bournemouth-everton-2\/#primaryimage\",\"url\":\"https:\/\/evertonfc.cz\/wp-content\/uploads\/2022\/11\/Bournemouth-VS-Everton.png\",\"contentUrl\":\"https:\/\/evertonfc.cz\/wp-content\/uploads\/2022\/11\/Bournemouth-VS-Everton.png\",\"width\":720,\"height\":405},{\"@type\":\"BreadcrumbList\",\"@id\":\"https:\/\/evertonfc.cz\/index.php\/2017\/12\/27\/preview-bournemouth-everton-2\/#breadcrumb\",\"itemListElement\":[{\"@type\":\"ListItem\",\"position\":1,\"name\":\"Home\",\"item\":\"https:\/\/evertonfc.cz\/\"},{\"@type\":\"ListItem\",\"position\":2,\"name\":\"Preview: Bournemouth &#8211; Everton\"}]},{\"@type\":\"WebSite\",\"@id\":\"https:\/\/evertonfc.cz\/#website\",\"url\":\"https:\/\/evertonfc.cz\/\",\"name\":\"Official Czech &amp; Slovak Everton Supporters&#039; Club\",\"description\":\"\",\"publisher\":{\"@id\":\"https:\/\/evertonfc.cz\/#organization\"},\"potentialAction\":[{\"@type\":\"SearchAction\",\"target\":{\"@type\":\"EntryPoint\",\"urlTemplate\":\"https:\/\/evertonfc.cz\/?s={search_term_string}\"},\"query-input\":{\"@type\":\"PropertyValueSpecification\",\"valueRequired\":true,\"valueName\":\"search_term_string\"}}],\"inLanguage\":\"cs\"},{\"@type\":\"Organization\",\"@id\":\"https:\/\/evertonfc.cz\/#organization\",\"name\":\"Official Czech & Slovak Everton Supporters' Club\",\"url\":\"https:\/\/evertonfc.cz\/\",\"logo\":{\"@type\":\"ImageObject\",\"inLanguage\":\"cs\",\"@id\":\"https:\/\/evertonfc.cz\/#\/schema\/logo\/image\/\",\"url\":\"https:\/\/evertonfc.cz\/wp-content\/uploads\/2019\/05\/logo.png\",\"contentUrl\":\"https:\/\/evertonfc.cz\/wp-content\/uploads\/2019\/05\/logo.png\",\"width\":112,\"height\":112,\"caption\":\"Official Czech & Slovak Everton Supporters' Club\"},\"image\":{\"@id\":\"https:\/\/evertonfc.cz\/#\/schema\/logo\/image\/\"},\"sameAs\":[\"https:\/\/www.facebook.com\/everton.fans.cz.sk\"]},{\"@type\":\"Person\",\"@id\":\"https:\/\/evertonfc.cz\/#\/schema\/person\/d4493b8cbea51532597fbc4685698916\",\"name\":\"BlueBlooded\",\"url\":\"https:\/\/evertonfc.cz\/index.php\/author\/admin\/\"}]}<\/script>\n<!-- \/ Yoast SEO plugin. -->","yoast_head_json":{"title":"Preview: Bournemouth - Everton - Official Czech &amp; Slovak Everton Supporters&#039; Club","robots":{"index":"index","follow":"follow","max-snippet":"max-snippet:-1","max-image-preview":"max-image-preview:large","max-video-preview":"max-video-preview:-1"},"canonical":"https:\/\/evertonfc.cz\/index.php\/2017\/12\/27\/preview-bournemouth-everton-2\/","og_locale":"cs_CZ","og_type":"article","og_title":"Preview: Bournemouth - Everton - Official Czech &amp; Slovak Everton Supporters&#039; Club","og_description":"Heroick\u00fd v\u00fdkon zo \u0161iesteho kola sa bud\u00fa sna\u017ei\u0165 Karamelky zreplikova\u0165 teraz na ihrisku s\u00fapera. Dostane Niasse \u0161ancu od za\u010diatku? Alebo pr\u00edde len z lavi\u010dky znova hasi\u0165 vzplanut\u00e9 suchoty?","og_url":"https:\/\/evertonfc.cz\/index.php\/2017\/12\/27\/preview-bournemouth-everton-2\/","og_site_name":"Official Czech &amp; Slovak Everton Supporters&#039; Club","article_publisher":"https:\/\/www.facebook.com\/everton.fans.cz.sk","article_published_time":"2017-12-27T18:07:18+00:00","article_modified_time":"2023-05-27T17:45:17+00:00","og_image":[{"width":720,"height":405,"url":"https:\/\/evertonfc.cz\/wp-content\/uploads\/2022\/11\/Bournemouth-VS-Everton.png","type":"image\/png"}],"author":"BlueBlooded","twitter_card":"summary_large_image","twitter_misc":{"Napsal(a)":"BlueBlooded","Odhadovan\u00e1 doba \u010dten\u00ed":"5 minut"},"schema":{"@context":"https:\/\/schema.org","@graph":[{"@type":"Article","@id":"https:\/\/evertonfc.cz\/index.php\/2017\/12\/27\/preview-bournemouth-everton-2\/#article","isPartOf":{"@id":"https:\/\/evertonfc.cz\/index.php\/2017\/12\/27\/preview-bournemouth-everton-2\/"},"author":{"name":"BlueBlooded","@id":"https:\/\/evertonfc.cz\/#\/schema\/person\/d4493b8cbea51532597fbc4685698916"},"headline":"Preview: Bournemouth &#8211; Everton","datePublished":"2017-12-27T18:07:18+00:00","dateModified":"2023-05-27T17:45:17+00:00","mainEntityOfPage":{"@id":"https:\/\/evertonfc.cz\/index.php\/2017\/12\/27\/preview-bournemouth-everton-2\/"},"wordCount":989,"commentCount":0,"publisher":{"@id":"https:\/\/evertonfc.cz\/#organization"},"image":{"@id":"https:\/\/evertonfc.cz\/index.php\/2017\/12\/27\/preview-bournemouth-everton-2\/#primaryimage"},"thumbnailUrl":"https:\/\/evertonfc.cz\/wp-content\/uploads\/2022\/11\/Bournemouth-VS-Everton.png","articleSection":["Z\u00e1pasy"],"inLanguage":"cs","potentialAction":[{"@type":"CommentAction","name":"Comment","target":["https:\/\/evertonfc.cz\/index.php\/2017\/12\/27\/preview-bournemouth-everton-2\/#respond"]}]},{"@type":"WebPage","@id":"https:\/\/evertonfc.cz\/index.php\/2017\/12\/27\/preview-bournemouth-everton-2\/","url":"https:\/\/evertonfc.cz\/index.php\/2017\/12\/27\/preview-bournemouth-everton-2\/","name":"Preview: Bournemouth - Everton - Official Czech &amp; Slovak Everton Supporters&#039; Club","isPartOf":{"@id":"https:\/\/evertonfc.cz\/#website"},"primaryImageOfPage":{"@id":"https:\/\/evertonfc.cz\/index.php\/2017\/12\/27\/preview-bournemouth-everton-2\/#primaryimage"},"image":{"@id":"https:\/\/evertonfc.cz\/index.php\/2017\/12\/27\/preview-bournemouth-everton-2\/#primaryimage"},"thumbnailUrl":"https:\/\/evertonfc.cz\/wp-content\/uploads\/2022\/11\/Bournemouth-VS-Everton.png","datePublished":"2017-12-27T18:07:18+00:00","dateModified":"2023-05-27T17:45:17+00:00","breadcrumb":{"@id":"https:\/\/evertonfc.cz\/index.php\/2017\/12\/27\/preview-bournemouth-everton-2\/#breadcrumb"},"inLanguage":"cs","potentialAction":[{"@type":"ReadAction","target":["https:\/\/evertonfc.cz\/index.php\/2017\/12\/27\/preview-bournemouth-everton-2\/"]}]},{"@type":"ImageObject","inLanguage":"cs","@id":"https:\/\/evertonfc.cz\/index.php\/2017\/12\/27\/preview-bournemouth-everton-2\/#primaryimage","url":"https:\/\/evertonfc.cz\/wp-content\/uploads\/2022\/11\/Bournemouth-VS-Everton.png","contentUrl":"https:\/\/evertonfc.cz\/wp-content\/uploads\/2022\/11\/Bournemouth-VS-Everton.png","width":720,"height":405},{"@type":"BreadcrumbList","@id":"https:\/\/evertonfc.cz\/index.php\/2017\/12\/27\/preview-bournemouth-everton-2\/#breadcrumb","itemListElement":[{"@type":"ListItem","position":1,"name":"Home","item":"https:\/\/evertonfc.cz\/"},{"@type":"ListItem","position":2,"name":"Preview: Bournemouth &#8211; Everton"}]},{"@type":"WebSite","@id":"https:\/\/evertonfc.cz\/#website","url":"https:\/\/evertonfc.cz\/","name":"Official Czech &amp; Slovak Everton Supporters&#039; Club","description":"","publisher":{"@id":"https:\/\/evertonfc.cz\/#organization"},"potentialAction":[{"@type":"SearchAction","target":{"@type":"EntryPoint","urlTemplate":"https:\/\/evertonfc.cz\/?s={search_term_string}"},"query-input":{"@type":"PropertyValueSpecification","valueRequired":true,"valueName":"search_term_string"}}],"inLanguage":"cs"},{"@type":"Organization","@id":"https:\/\/evertonfc.cz\/#organization","name":"Official Czech & Slovak Everton Supporters' Club","url":"https:\/\/evertonfc.cz\/","logo":{"@type":"ImageObject","inLanguage":"cs","@id":"https:\/\/evertonfc.cz\/#\/schema\/logo\/image\/","url":"https:\/\/evertonfc.cz\/wp-content\/uploads\/2019\/05\/logo.png","contentUrl":"https:\/\/evertonfc.cz\/wp-content\/uploads\/2019\/05\/logo.png","width":112,"height":112,"caption":"Official Czech & Slovak Everton Supporters' Club"},"image":{"@id":"https:\/\/evertonfc.cz\/#\/schema\/logo\/image\/"},"sameAs":["https:\/\/www.facebook.com\/everton.fans.cz.sk"]},{"@type":"Person","@id":"https:\/\/evertonfc.cz\/#\/schema\/person\/d4493b8cbea51532597fbc4685698916","name":"BlueBlooded","url":"https:\/\/evertonfc.cz\/index.php\/author\/admin\/"}]}},"_links":{"self":[{"href":"https:\/\/evertonfc.cz\/index.php\/wp-json\/wp\/v2\/posts\/2293"}],"collection":[{"href":"https:\/\/evertonfc.cz\/index.php\/wp-json\/wp\/v2\/posts"}],"about":[{"href":"https:\/\/evertonfc.cz\/index.php\/wp-json\/wp\/v2\/types\/post"}],"author":[{"embeddable":true,"href":"https:\/\/evertonfc.cz\/index.php\/wp-json\/wp\/v2\/users\/1"}],"replies":[{"embeddable":true,"href":"https:\/\/evertonfc.cz\/index.php\/wp-json\/wp\/v2\/comments?post=2293"}],"version-history":[{"count":3,"href":"https:\/\/evertonfc.cz\/index.php\/wp-json\/wp\/v2\/posts\/2293\/revisions"}],"predecessor-version":[{"id":21692,"href":"https:\/\/evertonfc.cz\/index.php\/wp-json\/wp\/v2\/posts\/2293\/revisions\/21692"}],"wp:featuredmedia":[{"embeddable":true,"href":"https:\/\/evertonfc.cz\/index.php\/wp-json\/wp\/v2\/media\/20316"}],"wp:attachment":[{"href":"https:\/\/evertonfc.cz\/index.php\/wp-json\/wp\/v2\/media?parent=2293"}],"wp:term":[{"taxonomy":"category","embeddable":true,"href":"https:\/\/evertonfc.cz\/index.php\/wp-json\/wp\/v2\/categories?post=2293"},{"taxonomy":"post_tag","embeddable":true,"href":"https:\/\/evertonfc.cz\/index.php\/wp-json\/wp\/v2\/tags?post=2293"}],"curies":[{"name":"wp","href":"https:\/\/api.w.org\/{rel}","templated":true}]}}