{"id":22934,"date":"2023-10-07T20:01:20","date_gmt":"2023-10-07T18:01:20","guid":{"rendered":"https:\/\/evertonfc.cz\/?p=22934"},"modified":"2023-10-07T21:26:16","modified_gmt":"2023-10-07T19:26:16","slug":"everton-bournemouth-30","status":"publish","type":"post","link":"https:\/\/evertonfc.cz\/index.php\/2023\/10\/07\/everton-bournemouth-30\/","title":{"rendered":"Everton &#8211; Bournemouth 3:0"},"content":{"rendered":"<h4>Podzimn\u00ed sklize\u0148 t\u0159e\u0161n\u00ed m\u016f\u017ee p\u0159in\u00e1\u0161et trpk\u00e9 plody. Sean Dyche ale zad\u011blal dobr\u00e9 t\u011bsto a odr\u016fda Iraola sama nask\u00e1\u010de do ko\u0161\u00edku, tak\u017ee se bublanina n\u00e1ramn\u011b vyvedla.<\/h4>\n<p>Dle z\u00e1kulisn\u00edch informac\u00ed se Onana zpozdil na tr\u00e9ninku a poprv\u00e9 vypadl ze z\u00e1kladn\u00ed sestavy. Snad to nebylo nic v\u00e1\u017en\u00e9ho a belgick\u00fd dlouh\u00e1n jen nemohl vyl\u00e9zt ze sv\u00e9ho fi\u00e1tku. Dyche tak byl postaven p\u0159ed ne\u010dekanou a ve prosp\u011bch ofenz\u00edvy vyzn\u00edvaj\u00edc\u00ed zm\u011bnu. Jen\u017ee Gana Gueye podr\u017eel par\u0165\u00e1ka a zneschopnil se (snad jde op\u011bt jen o kr\u00e1tkodobou z\u00e1le\u017eitost), tak\u017ee Onana p\u0159eci jen trest neodpykal. Tak \u010di tak se m\u00edsto uvolnilo pro modro-ligov\u00e9ho prv\u0148\u00e1\u010dka Jacka Harrisona, Garner se posunul do st\u0159edu. Hur\u00e1!<\/p>\n<h4>Prvn\u00ed p\u016fle<\/h4>\n<p>V \u00favodn\u00edch minut\u00e1ch se soupe\u0159i pokou\u0161eli osahat navz\u00e1jem, Toffees ale dok\u00e1zali The Cherries uchl\u00e1cholit k vlekl\u00e9 nete\u010dnosti. V\u0161e se na\u010dalo v 8. minut\u011b. Po presinku Doucour\u00e9ho a trochu toho hara\u0161en\u00ed uklouznul Zabarnyj, k m\u00ed\u010di se dostal Garner, sebev\u011bdom\u011b vyu\u017eil rozptylov\u00e1n\u00ed DCL a McNeila na k\u0159\u00eddlech a prop\u00e1lil m\u00ed\u010d za Neta do s\u00edt\u011b \u2013 <strong>1:0<\/strong>.<\/p>\n<p>V 11. minut\u011b zastavil Young Outtaru za \u017elutou kartu, na\u0161t\u011bst\u00ed \u010das uk\u00e1\u017ee, \u017ee Dango se spokojil s t\u00edmto z\u00e1pisem. Host\u00e9 pak dvakr\u00e1t zahrozili v re\u017eii Taverniera. Jeho pas Solanke nap\u00e1lil do boku Pickfordovy branky, n\u00e1kop z p\u016flky se od Billinga nedostal do nebezpe\u010d\u00ed.<\/p>\n<p>Everton se postupn\u00fdm \u00fatokem dostal a\u017e k \u0161estn\u00e1ctce soupe\u0159e, McNeil ale netrefil nejl\u00e9pe. Z rohu do\u0161lo ke slu\u0161n\u00e9mu z\u00e1varu, Harrison zasekl a nap\u00e1lil m\u00ed\u010d do davu, odra\u017een\u00fd m\u00ed\u010d Doucour\u00e9 vyslal pouze do Neta. N\u00e1sleduj\u00edc\u00ed 3 rohy po\u0159\u00e1dn\u011b vydeptaly brank\u00e1\u0159e Neta, ale k ohro\u017een\u00ed jeho branky ve skute\u010dnosti nedo\u0161lo.<\/p>\n<p>Naopak se zdvihali host\u00e9, Tarkowski musel hasit na v\u00e1pn\u011b ztr\u00e1tu Harrisona, Branthwaite pohl\u00eddal centr Cooka, Kerkezovu r\u00e1nu za\u0161t\u00edtil op\u011bt blokuj\u00edc\u00ed kapit\u00e1n. Pak se mi taky zazd\u00e1lo, \u017ee Branthwaite inkasoval \u017elutou kartu, ale v\u00a0z\u00e1pise nen\u00ed. Asi jsem moc p\u0159\u00edsn\u00fd. Outtara m\u00ed\u0159il p\u0159evysoko.<\/p>\n<p>Iniciativu pot\u00e9 znovu p\u0159evzali Toffees. DCL se prot\u00e1hnul kolem Senesiho, ale m\u00ed\u010d p\u0159ed branku nedoru\u010dil. Pak l\u00e9tali do v\u00e1pna a Neto za\u010dal kolem sebe o sto \u0161est boxovat. P\u0159i jednom takov\u00e9m se ale srazil se vlastn\u00edm zad\u00e1kem Senesim, odra\u017een\u00fd m\u00ed\u010d loupnul do branky precizn\u011b a za pomoc\u00ed b\u0159evna Harrison \u2013 <strong>2:0<\/strong>.<\/p>\n<p>Do p\u0159est\u00e1vky se ud\u00e1lo je\u0161t\u011b mnoho zaj\u00edmav\u00e9ho. Doucs obral DCL, ale oba byli asi v offside. Po rohu se ke 2 ran\u00e1m odhodlal Young, bez efektu. Tavernier se probil jako tank liniemi Evertonu, ale na\u0161t\u011bst\u00ed Outtara zpackal centr. Do \u0161ance se dostal DCL a hlava nehlava nast\u0159elil b\u0159evno. Dal\u0161\u00ed ohro\u017een\u00ed nachystal Onana, ale z oto\u010dky poslal m\u00ed\u010d s bolestivou grimasou jen o stopu vedle ty\u010dky.<\/p>\n<h4>Druh\u00e1 p\u016fle<\/h4>\n<p>Po n\u00e1vratu na pa\u017eit Everton pokra\u010doval v zahazov\u00e1n\u00ed \u0161anc\u00ed. Doucour\u00e9 zahodil slibnou \u0161anci po dal\u0161\u00ed chyb\u011b obrany Cherries, n\u00e1sledn\u011b zvoral dal\u0161\u00ed slibn\u00fd brejk. Branthwaite si po podpisu nov\u00e9 smlouvy p\u0159ipsal dal\u0161\u00ed plusov\u00e9 body, kdy\u017e po jeho dobr\u00e9m obrann\u00e9m z\u00e1kroku nechal Solankeho \u017er\u00e1t tr\u00e1vu. Dal\u0161\u00ed hezk\u00fd moment vyst\u0159ihl DCL, kdy\u017e se z druh\u00e9ho dotyku pokusil elegantn\u011b zakon\u010dit Pickford\u016fv dlouh\u00fd pozdrav.<\/p>\n<p>Host\u016fm z\u00e1pas v\u016fbec nevych\u00e1zel a Everton se nenechal dlouho prosit. P\u0159i dal\u0161\u00edm rychl\u00e9m p\u0159echodu Doucour\u00e9 vyb\u00eddl McNeila, jeho oblou\u010dek Harrison neprocedil za \u010d\u00e1ru, ale Doucour\u00e9 nap\u0159\u00e1hl jako letos v m\u00e1ji, akor\u00e1t z mal\u00e9ho v\u00e1pna a bylo \u2013 <strong>3:0<\/strong>. Akci p\u0159edch\u00e1zel Onan\u016fv hrani\u010dn\u00ed odb\u011br m\u00ed\u010de Rothwellovi, ale v\u0161e pro\u0161lo to bez velk\u00fdch \u0159e\u010d\u00ed.<\/p>\n<p>Mohl b\u00fdt je\u0161t\u011b l\u00e9pe, hrozila dvojice McNeil-Doucour\u00e9, pot\u00e9 DCL dloubl le\u017e\u00edc\u00edho Neta, ale doklepnout ho nenechal jeden z\u00a0obr\u00e1nc\u016f. \u0160anc\u00ed p\u0159ib\u00fdvalo na obou stran\u00e1ch. Young po rohu na polovin\u011b h\u0159i\u0161t\u011b v\u00e1hal s\u00a0rozehr\u00e1vkou, dostal do \u00fazk\u00fdch Tarkyho, kter\u00fd si vlastn\u00ed ztr\u00e1tu musel, jak jinak, s\u00e1m zablokovat. Solanke hlavi\u010dkoval jen p\u0159esn\u011b na Pickforda.<\/p>\n<p>Onana pak hlavou i nohou nedok\u00e1zal prost\u0159elit Neta, jeho\u017e po chv\u00edli p\u00e1lila st\u0159ela Garnera, dal\u0161\u00ed r\u00e1nu McNeila si pohl\u00eddal. Nejprve prost\u0159\u00eddali host\u00e9, na h\u0159i\u0161t\u011b se dostal Kieffer Moore a dostal se do n\u011bkolika slibn\u00fdch \u0161anc\u00ed. Jednu dokonce musel vyt\u00e1hnout McNeil, aby pak sprintem podpo\u0159il Doucour\u00e9ho, kter\u00fd dal neslan\u00fd pas za obranu, Dwight se i tak prodral k\u00a0zakon\u010den\u00ed. Dost\u00e1v\u00e1 se znovu do dobr\u00e9 formy, chlapec.<\/p>\n<p>Dyche za\u010dal se zm\u011bnami, jak je jeho zvykem, pozd\u011bji. \u00a0Patterson nahradil Harrisona a dostalo se mu supervize od maz\u00e1ka Younga. Nejprve p\u0159i br\u00e1n\u011bn\u00ed v\u00a0tandemu, pak ho veter\u00e1n vyslal do brejku a kdy\u017e mlad\u00fd Skot s\u00a0v\u00fdpadem neusp\u011bl, vydal se na zte\u010d s\u00e1m Young, ale \u010das nezastav\u00ed\u0161, to u\u017e bylo moc.<\/p>\n<p>Na h\u0159i\u0161t\u011b se dostali 2 portugal\u0161t\u00ed asas\u00edni, Betovi chyb\u011bl k\u00a0zakon\u010den\u00ed v\u00edce klidu a p\u00e1rkr\u00e1t i trochu lep\u0161\u00ed m\u00ed\u010d. Cherries u\u017e byli ke konci u\u017e hodn\u011b p\u0159ezr\u00e1l\u00ed, kupili chybu za chybou. \u0160koda, \u017ee Chermiti moc \u010dasu nedostal. Z\u00e1pas ale nelze hodnotit i p\u0159es velmi slab\u00fd v\u00fdkon soupe\u0159e jinak ne\u017e pozitivn\u011b. Vid\u011bl jsem rostouc\u00ed sebev\u011bdom\u00ed v\u0161ech hr\u00e1\u010d\u016f, DCL si z\u00e1pas u\u017e\u00edval a byl uvoln\u011bn\u00fd. Harrison dob\u0159e zapadl do t\u00fdmu a jeho zakon\u010den\u00ed uk\u00e1zalo jeho schopnost rychle se rozhodovat, tak\u00e9 ale schopnost p\u0159ev\u00e1d\u011bt tyto my\u0161lenky v \u010diny. McNeil a Doucour\u00e9 ne\u00fanavn\u011b d\u0159eli, Onana se p\u0159es pomalej\u0161\u00ed rozjezd tak\u00e9 zapojil. M\u016fj hrdina z\u00e1pasu byl James Garner, vzal na sebe odpov\u011bdnost i roli jak\u00e9hosi re\u017eis\u00e9ra, na\u010dal soupe\u0159e a bylo by fajn vid\u011bt ho ve st\u0159edu h\u0159i\u0161t\u011b \u010dast\u011bji. Jestli se horsk\u00e1 dr\u00e1ha jm\u00e9nem Everton udr\u017e\u00ed naho\u0159e, si budeme muset po\u010dkat po dal\u0161\u00ed reprezenta\u010dn\u00ed pauze. Motivace bude pro The Blues velik\u00e1!<\/p>\n<p style=\"text-align: right;\"><span style=\"font-size: 8pt;\">fotozdroj: skysports.com<\/span><\/p>\n<p><strong>Branky<\/strong>: 8\u2018 Garner, 37\u2018 Harrison, 60\u2018 Doucour\u00e9<\/p>\n<p><strong>\u017dlut\u00e9<\/strong> <strong>karty<\/strong>:11\u2018 Young \u2013 58\u2018 Solanke, 60\u2018 Neto<\/p>\n<p><strong>St\u0159ely<\/strong>\/<strong>na<\/strong> <strong>branku<\/strong>: 25\/8 \u2013 11\/4, <strong>xG<\/strong>: 2,09 \u2013 0,81 <strong>Dr\u017een\u00ed<\/strong> <strong>m\u00ed\u010de<\/strong>: 48% \u2013 52% <strong>Rohy<\/strong>: 8 \u2013 7<\/p>\n<p><strong>Everton<\/strong>: Pickford \u2013 Young, Branthwaite, Tarkowski, Mykolenko \u2013 Harrison (78\u2018 Patterson), Onana, Garner, McNeil \u2013 Doucour\u00e9 (91\u2018 Chermiti) \u2013 Calvert-Lewin (83\u2018 Beto)<\/p>\n<p><strong>Bournemouth<\/strong>: Neto \u2013 Smith (86\u2018 Aarons), Zabarnyi, Senesi, Kerkez (67\u2018 Brooks) \u2013 Christie (46\u2018 Rothwell), Cook (66\u2018 Moore) \u2013 Tavernier, Billing, Ouattara (57\u2018 Sinisterra) \u2013 Solanke.<\/p>\n<p><strong>Rozhod\u010d\u00ed<\/strong>: David Coote <strong>Div\u00e1k\u016f<\/strong>: 38\u00a0815<\/p>\n","protected":false},"excerpt":{"rendered":"<p>Podzimn\u00ed sklize\u0148 t\u0159esn\u00ed m\u016f\u017ee p\u0159in\u00e1\u0161et trpk\u00e9 plody. Sean Dyche ale zad\u011blal dobr\u00e9 t\u011bsto a odr\u016fda Iraola sama nask\u00e1\u010de do ko\u0161\u00edku, tak\u017ee se bublanina n\u00e1ramn\u011b vyvedla. <\/p>\n","protected":false},"author":10,"featured_media":22933,"comment_status":"open","ping_status":"closed","sticky":false,"template":"","format":"standard","meta":{"_eb_attr":"","_monsterinsights_skip_tracking":false,"_monsterinsights_sitenote_active":false,"_monsterinsights_sitenote_note":"","_monsterinsights_sitenote_category":0,"footnotes":""},"categories":[4],"tags":[],"yoast_head":"<!-- This site is optimized with the Yoast SEO plugin v23.4 - https:\/\/yoast.com\/wordpress\/plugins\/seo\/ -->\n<title>Everton - Bournemouth 3:0 - Official Czech &amp; Slovak Everton Supporters&#039; Club<\/title>\n<meta name=\"robots\" content=\"index, follow, max-snippet:-1, max-image-preview:large, max-video-preview:-1\" \/>\n<link rel=\"canonical\" href=\"https:\/\/evertonfc.cz\/index.php\/2023\/10\/07\/everton-bournemouth-30\/\" \/>\n<meta property=\"og:locale\" content=\"cs_CZ\" \/>\n<meta property=\"og:type\" content=\"article\" \/>\n<meta property=\"og:title\" content=\"Everton - Bournemouth 3:0 - Official Czech &amp; Slovak Everton Supporters&#039; Club\" \/>\n<meta property=\"og:description\" content=\"Podzimn\u00ed sklize\u0148 t\u0159esn\u00ed m\u016f\u017ee p\u0159in\u00e1\u0161et trpk\u00e9 plody. Sean Dyche ale zad\u011blal dobr\u00e9 t\u011bsto a odr\u016fda Iraola sama nask\u00e1\u010de do ko\u0161\u00edku, tak\u017ee se bublanina n\u00e1ramn\u011b vyvedla.\" \/>\n<meta property=\"og:url\" content=\"https:\/\/evertonfc.cz\/index.php\/2023\/10\/07\/everton-bournemouth-30\/\" \/>\n<meta property=\"og:site_name\" content=\"Official Czech &amp; Slovak Everton Supporters&#039; Club\" \/>\n<meta property=\"article:publisher\" content=\"https:\/\/www.facebook.com\/everton.fans.cz.sk\" \/>\n<meta property=\"article:published_time\" content=\"2023-10-07T18:01:20+00:00\" \/>\n<meta property=\"article:modified_time\" content=\"2023-10-07T19:26:16+00:00\" \/>\n<meta property=\"og:image\" content=\"https:\/\/evertonfc.cz\/wp-content\/uploads\/2023\/10\/bournemout_demo.jpg\" \/>\n\t<meta property=\"og:image:width\" content=\"720\" \/>\n\t<meta property=\"og:image:height\" content=\"405\" \/>\n\t<meta property=\"og:image:type\" content=\"image\/jpeg\" \/>\n<meta name=\"author\" content=\"Fip\" \/>\n<meta name=\"twitter:card\" content=\"summary_large_image\" \/>\n<meta name=\"twitter:label1\" content=\"Napsal(a)\" \/>\n\t<meta name=\"twitter:data1\" content=\"Fip\" \/>\n\t<meta name=\"twitter:label2\" content=\"Odhadovan\u00e1 doba \u010dten\u00ed\" \/>\n\t<meta name=\"twitter:data2\" content=\"5 minut\" \/>\n<script type=\"application\/ld+json\" class=\"yoast-schema-graph\">{\"@context\":\"https:\/\/schema.org\",\"@graph\":[{\"@type\":\"Article\",\"@id\":\"https:\/\/evertonfc.cz\/index.php\/2023\/10\/07\/everton-bournemouth-30\/#article\",\"isPartOf\":{\"@id\":\"https:\/\/evertonfc.cz\/index.php\/2023\/10\/07\/everton-bournemouth-30\/\"},\"author\":{\"name\":\"Fip\",\"@id\":\"https:\/\/evertonfc.cz\/#\/schema\/person\/35904009755e8eaa0dc1a5f5f0419002\"},\"headline\":\"Everton &#8211; Bournemouth 3:0\",\"datePublished\":\"2023-10-07T18:01:20+00:00\",\"dateModified\":\"2023-10-07T19:26:16+00:00\",\"mainEntityOfPage\":{\"@id\":\"https:\/\/evertonfc.cz\/index.php\/2023\/10\/07\/everton-bournemouth-30\/\"},\"wordCount\":1151,\"commentCount\":15,\"publisher\":{\"@id\":\"https:\/\/evertonfc.cz\/#organization\"},\"image\":{\"@id\":\"https:\/\/evertonfc.cz\/index.php\/2023\/10\/07\/everton-bournemouth-30\/#primaryimage\"},\"thumbnailUrl\":\"https:\/\/evertonfc.cz\/wp-content\/uploads\/2023\/10\/bournemout_demo.jpg\",\"articleSection\":[\"Z\u00e1pasy\"],\"inLanguage\":\"cs\",\"potentialAction\":[{\"@type\":\"CommentAction\",\"name\":\"Comment\",\"target\":[\"https:\/\/evertonfc.cz\/index.php\/2023\/10\/07\/everton-bournemouth-30\/#respond\"]}]},{\"@type\":\"WebPage\",\"@id\":\"https:\/\/evertonfc.cz\/index.php\/2023\/10\/07\/everton-bournemouth-30\/\",\"url\":\"https:\/\/evertonfc.cz\/index.php\/2023\/10\/07\/everton-bournemouth-30\/\",\"name\":\"Everton - Bournemouth 3:0 - Official Czech &amp; Slovak Everton Supporters&#039; Club\",\"isPartOf\":{\"@id\":\"https:\/\/evertonfc.cz\/#website\"},\"primaryImageOfPage\":{\"@id\":\"https:\/\/evertonfc.cz\/index.php\/2023\/10\/07\/everton-bournemouth-30\/#primaryimage\"},\"image\":{\"@id\":\"https:\/\/evertonfc.cz\/index.php\/2023\/10\/07\/everton-bournemouth-30\/#primaryimage\"},\"thumbnailUrl\":\"https:\/\/evertonfc.cz\/wp-content\/uploads\/2023\/10\/bournemout_demo.jpg\",\"datePublished\":\"2023-10-07T18:01:20+00:00\",\"dateModified\":\"2023-10-07T19:26:16+00:00\",\"breadcrumb\":{\"@id\":\"https:\/\/evertonfc.cz\/index.php\/2023\/10\/07\/everton-bournemouth-30\/#breadcrumb\"},\"inLanguage\":\"cs\",\"potentialAction\":[{\"@type\":\"ReadAction\",\"target\":[\"https:\/\/evertonfc.cz\/index.php\/2023\/10\/07\/everton-bournemouth-30\/\"]}]},{\"@type\":\"ImageObject\",\"inLanguage\":\"cs\",\"@id\":\"https:\/\/evertonfc.cz\/index.php\/2023\/10\/07\/everton-bournemouth-30\/#primaryimage\",\"url\":\"https:\/\/evertonfc.cz\/wp-content\/uploads\/2023\/10\/bournemout_demo.jpg\",\"contentUrl\":\"https:\/\/evertonfc.cz\/wp-content\/uploads\/2023\/10\/bournemout_demo.jpg\",\"width\":720,\"height\":405},{\"@type\":\"BreadcrumbList\",\"@id\":\"https:\/\/evertonfc.cz\/index.php\/2023\/10\/07\/everton-bournemouth-30\/#breadcrumb\",\"itemListElement\":[{\"@type\":\"ListItem\",\"position\":1,\"name\":\"Home\",\"item\":\"https:\/\/evertonfc.cz\/\"},{\"@type\":\"ListItem\",\"position\":2,\"name\":\"Everton &#8211; Bournemouth 3:0\"}]},{\"@type\":\"WebSite\",\"@id\":\"https:\/\/evertonfc.cz\/#website\",\"url\":\"https:\/\/evertonfc.cz\/\",\"name\":\"Official Czech &amp; Slovak Everton Supporters&#039; Club\",\"description\":\"\",\"publisher\":{\"@id\":\"https:\/\/evertonfc.cz\/#organization\"},\"potentialAction\":[{\"@type\":\"SearchAction\",\"target\":{\"@type\":\"EntryPoint\",\"urlTemplate\":\"https:\/\/evertonfc.cz\/?s={search_term_string}\"},\"query-input\":{\"@type\":\"PropertyValueSpecification\",\"valueRequired\":true,\"valueName\":\"search_term_string\"}}],\"inLanguage\":\"cs\"},{\"@type\":\"Organization\",\"@id\":\"https:\/\/evertonfc.cz\/#organization\",\"name\":\"Official Czech & Slovak Everton Supporters' Club\",\"url\":\"https:\/\/evertonfc.cz\/\",\"logo\":{\"@type\":\"ImageObject\",\"inLanguage\":\"cs\",\"@id\":\"https:\/\/evertonfc.cz\/#\/schema\/logo\/image\/\",\"url\":\"https:\/\/evertonfc.cz\/wp-content\/uploads\/2019\/05\/logo.png\",\"contentUrl\":\"https:\/\/evertonfc.cz\/wp-content\/uploads\/2019\/05\/logo.png\",\"width\":112,\"height\":112,\"caption\":\"Official Czech & Slovak Everton Supporters' Club\"},\"image\":{\"@id\":\"https:\/\/evertonfc.cz\/#\/schema\/logo\/image\/\"},\"sameAs\":[\"https:\/\/www.facebook.com\/everton.fans.cz.sk\"]},{\"@type\":\"Person\",\"@id\":\"https:\/\/evertonfc.cz\/#\/schema\/person\/35904009755e8eaa0dc1a5f5f0419002\",\"name\":\"Fip\",\"url\":\"https:\/\/evertonfc.cz\/index.php\/author\/fip\/\"}]}<\/script>\n<!-- \/ Yoast SEO plugin. -->","yoast_head_json":{"title":"Everton - Bournemouth 3:0 - Official Czech &amp; Slovak Everton Supporters&#039; Club","robots":{"index":"index","follow":"follow","max-snippet":"max-snippet:-1","max-image-preview":"max-image-preview:large","max-video-preview":"max-video-preview:-1"},"canonical":"https:\/\/evertonfc.cz\/index.php\/2023\/10\/07\/everton-bournemouth-30\/","og_locale":"cs_CZ","og_type":"article","og_title":"Everton - Bournemouth 3:0 - Official Czech &amp; Slovak Everton Supporters&#039; Club","og_description":"Podzimn\u00ed sklize\u0148 t\u0159esn\u00ed m\u016f\u017ee p\u0159in\u00e1\u0161et trpk\u00e9 plody. Sean Dyche ale zad\u011blal dobr\u00e9 t\u011bsto a odr\u016fda Iraola sama nask\u00e1\u010de do ko\u0161\u00edku, tak\u017ee se bublanina n\u00e1ramn\u011b vyvedla.","og_url":"https:\/\/evertonfc.cz\/index.php\/2023\/10\/07\/everton-bournemouth-30\/","og_site_name":"Official Czech &amp; Slovak Everton Supporters&#039; Club","article_publisher":"https:\/\/www.facebook.com\/everton.fans.cz.sk","article_published_time":"2023-10-07T18:01:20+00:00","article_modified_time":"2023-10-07T19:26:16+00:00","og_image":[{"width":720,"height":405,"url":"https:\/\/evertonfc.cz\/wp-content\/uploads\/2023\/10\/bournemout_demo.jpg","type":"image\/jpeg"}],"author":"Fip","twitter_card":"summary_large_image","twitter_misc":{"Napsal(a)":"Fip","Odhadovan\u00e1 doba \u010dten\u00ed":"5 minut"},"schema":{"@context":"https:\/\/schema.org","@graph":[{"@type":"Article","@id":"https:\/\/evertonfc.cz\/index.php\/2023\/10\/07\/everton-bournemouth-30\/#article","isPartOf":{"@id":"https:\/\/evertonfc.cz\/index.php\/2023\/10\/07\/everton-bournemouth-30\/"},"author":{"name":"Fip","@id":"https:\/\/evertonfc.cz\/#\/schema\/person\/35904009755e8eaa0dc1a5f5f0419002"},"headline":"Everton &#8211; Bournemouth 3:0","datePublished":"2023-10-07T18:01:20+00:00","dateModified":"2023-10-07T19:26:16+00:00","mainEntityOfPage":{"@id":"https:\/\/evertonfc.cz\/index.php\/2023\/10\/07\/everton-bournemouth-30\/"},"wordCount":1151,"commentCount":15,"publisher":{"@id":"https:\/\/evertonfc.cz\/#organization"},"image":{"@id":"https:\/\/evertonfc.cz\/index.php\/2023\/10\/07\/everton-bournemouth-30\/#primaryimage"},"thumbnailUrl":"https:\/\/evertonfc.cz\/wp-content\/uploads\/2023\/10\/bournemout_demo.jpg","articleSection":["Z\u00e1pasy"],"inLanguage":"cs","potentialAction":[{"@type":"CommentAction","name":"Comment","target":["https:\/\/evertonfc.cz\/index.php\/2023\/10\/07\/everton-bournemouth-30\/#respond"]}]},{"@type":"WebPage","@id":"https:\/\/evertonfc.cz\/index.php\/2023\/10\/07\/everton-bournemouth-30\/","url":"https:\/\/evertonfc.cz\/index.php\/2023\/10\/07\/everton-bournemouth-30\/","name":"Everton - Bournemouth 3:0 - Official Czech &amp; Slovak Everton Supporters&#039; Club","isPartOf":{"@id":"https:\/\/evertonfc.cz\/#website"},"primaryImageOfPage":{"@id":"https:\/\/evertonfc.cz\/index.php\/2023\/10\/07\/everton-bournemouth-30\/#primaryimage"},"image":{"@id":"https:\/\/evertonfc.cz\/index.php\/2023\/10\/07\/everton-bournemouth-30\/#primaryimage"},"thumbnailUrl":"https:\/\/evertonfc.cz\/wp-content\/uploads\/2023\/10\/bournemout_demo.jpg","datePublished":"2023-10-07T18:01:20+00:00","dateModified":"2023-10-07T19:26:16+00:00","breadcrumb":{"@id":"https:\/\/evertonfc.cz\/index.php\/2023\/10\/07\/everton-bournemouth-30\/#breadcrumb"},"inLanguage":"cs","potentialAction":[{"@type":"ReadAction","target":["https:\/\/evertonfc.cz\/index.php\/2023\/10\/07\/everton-bournemouth-30\/"]}]},{"@type":"ImageObject","inLanguage":"cs","@id":"https:\/\/evertonfc.cz\/index.php\/2023\/10\/07\/everton-bournemouth-30\/#primaryimage","url":"https:\/\/evertonfc.cz\/wp-content\/uploads\/2023\/10\/bournemout_demo.jpg","contentUrl":"https:\/\/evertonfc.cz\/wp-content\/uploads\/2023\/10\/bournemout_demo.jpg","width":720,"height":405},{"@type":"BreadcrumbList","@id":"https:\/\/evertonfc.cz\/index.php\/2023\/10\/07\/everton-bournemouth-30\/#breadcrumb","itemListElement":[{"@type":"ListItem","position":1,"name":"Home","item":"https:\/\/evertonfc.cz\/"},{"@type":"ListItem","position":2,"name":"Everton &#8211; Bournemouth 3:0"}]},{"@type":"WebSite","@id":"https:\/\/evertonfc.cz\/#website","url":"https:\/\/evertonfc.cz\/","name":"Official Czech &amp; Slovak Everton Supporters&#039; Club","description":"","publisher":{"@id":"https:\/\/evertonfc.cz\/#organization"},"potentialAction":[{"@type":"SearchAction","target":{"@type":"EntryPoint","urlTemplate":"https:\/\/evertonfc.cz\/?s={search_term_string}"},"query-input":{"@type":"PropertyValueSpecification","valueRequired":true,"valueName":"search_term_string"}}],"inLanguage":"cs"},{"@type":"Organization","@id":"https:\/\/evertonfc.cz\/#organization","name":"Official Czech & Slovak Everton Supporters' Club","url":"https:\/\/evertonfc.cz\/","logo":{"@type":"ImageObject","inLanguage":"cs","@id":"https:\/\/evertonfc.cz\/#\/schema\/logo\/image\/","url":"https:\/\/evertonfc.cz\/wp-content\/uploads\/2019\/05\/logo.png","contentUrl":"https:\/\/evertonfc.cz\/wp-content\/uploads\/2019\/05\/logo.png","width":112,"height":112,"caption":"Official Czech & Slovak Everton Supporters' Club"},"image":{"@id":"https:\/\/evertonfc.cz\/#\/schema\/logo\/image\/"},"sameAs":["https:\/\/www.facebook.com\/everton.fans.cz.sk"]},{"@type":"Person","@id":"https:\/\/evertonfc.cz\/#\/schema\/person\/35904009755e8eaa0dc1a5f5f0419002","name":"Fip","url":"https:\/\/evertonfc.cz\/index.php\/author\/fip\/"}]}},"_links":{"self":[{"href":"https:\/\/evertonfc.cz\/index.php\/wp-json\/wp\/v2\/posts\/22934"}],"collection":[{"href":"https:\/\/evertonfc.cz\/index.php\/wp-json\/wp\/v2\/posts"}],"about":[{"href":"https:\/\/evertonfc.cz\/index.php\/wp-json\/wp\/v2\/types\/post"}],"author":[{"embeddable":true,"href":"https:\/\/evertonfc.cz\/index.php\/wp-json\/wp\/v2\/users\/10"}],"replies":[{"embeddable":true,"href":"https:\/\/evertonfc.cz\/index.php\/wp-json\/wp\/v2\/comments?post=22934"}],"version-history":[{"count":3,"href":"https:\/\/evertonfc.cz\/index.php\/wp-json\/wp\/v2\/posts\/22934\/revisions"}],"predecessor-version":[{"id":22941,"href":"https:\/\/evertonfc.cz\/index.php\/wp-json\/wp\/v2\/posts\/22934\/revisions\/22941"}],"wp:featuredmedia":[{"embeddable":true,"href":"https:\/\/evertonfc.cz\/index.php\/wp-json\/wp\/v2\/media\/22933"}],"wp:attachment":[{"href":"https:\/\/evertonfc.cz\/index.php\/wp-json\/wp\/v2\/media?parent=22934"}],"wp:term":[{"taxonomy":"category","embeddable":true,"href":"https:\/\/evertonfc.cz\/index.php\/wp-json\/wp\/v2\/categories?post=22934"},{"taxonomy":"post_tag","embeddable":true,"href":"https:\/\/evertonfc.cz\/index.php\/wp-json\/wp\/v2\/tags?post=22934"}],"curies":[{"name":"wp","href":"https:\/\/api.w.org\/{rel}","templated":true}]}}