{"id":22974,"date":"2023-10-12T20:09:35","date_gmt":"2023-10-12T18:09:35","guid":{"rendered":"https:\/\/evertonfc.cz\/?p=22974"},"modified":"2023-10-13T16:27:39","modified_gmt":"2023-10-13T14:27:39","slug":"conti-cup-everton-w-manchester-city-w-12","status":"publish","type":"post","link":"https:\/\/evertonfc.cz\/index.php\/2023\/10\/12\/conti-cup-everton-w-manchester-city-w-12\/","title":{"rendered":"Conti Cup: Everton W &#8211; Manchester City W 1:2"},"content":{"rendered":"<h4>Leto\u0161n\u00ed ligov\u00fd poh\u00e1r se dal do pohybu. Los a geografick\u00e1 p\u0159\u00edslu\u0161nost n\u00e1m ur\u010dily soupe\u0159e nad jin\u00e9 obt\u00ed\u017en\u00e9ho\u00a0 &#8211; \u017eeny Manchester City.<\/h4>\n<p>V The FA Women\u00b4s Continental Tyres League Cup (jak zn\u00ed ofici\u00e1ln\u00ed n\u00e1lez ligov\u00e9ho poh\u00e1ru) jsme v r\u00e1mci divize Sever ve skupin\u011b B spole\u010dn\u011b s Leicesterem, LFC a MCFC. Pokud se n\u00e1m povede v t\u00e9to konkurenci obsadit nejh\u016f\u0159e druh\u00e9 m\u00edsto, m\u016f\u017eeme se prob\u00edt do vy\u0159azovac\u00ed f\u00e1ze poh\u00e1ru. Nen\u00ed to nemo\u017en\u00e9, i kdy\u017e dne\u0161n\u00ed z\u00e1pas k tomu pr\u00e1v\u011b nep\u0159isp\u011bl. P\u0159ed z\u00e1pasem bylo z\u0159ejm\u00e9, \u017ee se budeme muset obej\u00edt bez Snoeijs, dvoj\u010dat Holmgaardov\u00fdch a Stenevik. A nov\u011b i bez Piemonte, kter\u00e1 si od li\u0161ek p\u0159ivezla pohmo\u017ed\u011bn\u00fd sval. Citizens se u\u017e zkraje sez\u00f3ny povedlo nechat si vykartovat t\u0159i hr\u00e1\u010dky, tak\u017ee se musely obej\u00edt bez Greenwood, Hemp a Ouahabi.<\/p>\n<h4>Prvn\u00ed polo\u010das<\/h4>\n<p>Kdo o\u010dek\u00e1val, \u017ee n\u00e1s Citizens p\u0159ijely vy\u0161kolit, tak ten se v prvn\u00ed p\u016fli nespletl. Prakticky v\u016fbec k ni\u010demu n\u00e1s nepustily\u00a0 a pom\u011br st\u0159el na br\u00e1nu 11:0 v jejich prosp\u011bch dopl\u0148uje celkov\u011b pochmurn\u00fd obraz hry. Celkem vzato je div, \u017ee jsme obdr\u017eeli jen jednu branku. A to sice ve 21. minut\u011b z kopa\u010dky Jess Park, kter\u00e1 netrp\u011bla sentimentem z lo\u0148sk\u00e9ho \u00fa\u010dinkov\u00e1n\u00ed v na\u0161ich barv\u00e1ch a zbl\u00edzka doklepla do br\u00e1ny p\u0159ihr\u00e1vku Shaw &#8211; <strong>0:1<\/strong>. Bylo jasn\u00e9, \u017ee pokud nem\u00e1 utk\u00e1n\u00ed skon\u010dit blam\u00e1\u017e\u00ed, bude t\u0159eba n\u011bco podniknout.<\/p>\n<h4>Druh\u00fd polo\u010das<\/h4>\n<p>Druh\u00fd polo\u010das za\u010dal tak\u00e9 nevaln\u011b. Po chyb\u011b na\u0161\u00ed kapit\u00e1nky Finnigan se k m\u00ed\u010di dostala Shaw a bez probl\u00e9m\u016f zv\u00fd\u0161ila veden\u00ed Citizens &#8211; <strong>0:2<\/strong>.\u00a0 Pokud a\u017e doposud hr\u00e1ly Citizens s p\u0159ehledem, po druh\u00e9m g\u00f3lu byly v naprost\u00e9 pohod\u011b.\u00a0 Nicm\u00e9n\u011b i kdy\u017e na\u0161e v\u00fdlety na polovinu soupe\u0159ek byly i nad\u00e1le sporadick\u00e9, p\u0159eci jen jsme postupem \u010dasu za\u010dali hr\u00e1t dop\u0159edu. P\u0159isp\u011blo tomu jednak polo\u010dasov\u00e9 st\u0159\u00edd\u00e1n\u00ed s p\u0159\u00edchodem Payne, jednak trojit\u00e9 st\u0159\u00edd\u00e1n\u00ed, kter\u00e9 na tr\u00e1vn\u00edk p\u0159ivedlo Hope, Duggan a Bennison. City ov\u0161em rozhodn\u011b nehodlalo p\u0159ipustit n\u011bjak\u00e9 pochybnosti, kdo \u017ee je na h\u0159i\u0161ti \u0161\u00e9fem. Dv\u011b dalekonosn\u00e9 st\u0159ely Mace nebyly zdaleka jen propaga\u010dn\u00ed, ale Brosnan byla na sv\u00e9m m\u00edst\u011b.<\/p>\n<p>Nicm\u00e9n\u011b st\u0159\u00edd\u00e1n\u00ed p\u0159eci jen vneslo do na\u0161\u00ed hry trochu \u0159\u00e1du a o\u017eiven\u00ed.\u00a0 Payne se uk\u00e1zala jako schopn\u00e1 rozehr\u00e1va\u010dka a nevzd\u00e1vala ani m\u00ed\u010de ve zd\u00e1nliv\u011b beznad\u011bjn\u00e9 pozici. Po jedn\u00e9 jej\u00ed akci m\u011bla bl\u00edzko ke g\u00f3lu m\u011bla hlavi\u010dka Hope, bohu\u017eel byla kryt\u00e1 MacIver. Zato dal\u0161\u00ed hlavi\u010dka, tentokr\u00e1t v prodlou\u017een\u00ed a v pod\u00e1n\u00ed Duggan (op\u011bt po p\u0159ihr\u00e1vce Payne) se ujala a\u00a0 ustanovila sk\u00f3re na kone\u010dn\u00fdch <strong>1:2<\/strong>. Toni Duggan tak sk\u00f3rovala poprv\u00e9 po n\u00e1vratu z mate\u0159sk\u00e9, p\u0159i\u010dem\u017e jej\u00ed posledn\u00ed p\u0159edchoz\u00ed branka byla zaznamen\u00e1na v b\u0159eznu 2022.<\/p>\n<h4><strong>Shrnut\u00ed<\/strong><\/h4>\n<p>V porovn\u00e1n\u00ed s n\u00e1mi hraj\u00ed Citizens i nad\u00e1le jinou ligu. Jejich poh\u00e1rov\u00e1 sestava je velmi siln\u00e1 (v podstat\u011b druh\u00e9 A \u017eenstvo) a kvalita, kterou dok\u00e1\u017eou p\u0159iv\u00e9st z lavi\u010dky rovn\u011b\u017e. Druh\u00fd polo\u010das jsme odehr\u00e1li v\u00fdrazn\u011b l\u00e9pe ne\u017e ten prvn\u00ed, ale na vyrovn\u00e1n\u00ed to p\u0159esto nesta\u010dilo. <span class=\"sp-c-lineup-pitch__player\" data-reactid=\".3x18swwbim.0.0.0.1.$include-0.0.0.1:$panel-0.$0.0.0.0.2.0.0.1:$home-formation-row-1.$home-player-2\"><span class=\"sp-c-lineup-pitch__player__name gs-u-display-block@xs \" data-reactid=\".3x18swwbim.0.0.0.1.$include-0.0.0.1:$panel-0.$0.0.0.0.2.0.0.1:$home-formation-row-1.$home-player-2.1\">S\u00f8rensen na hrotu je dle m\u00e9ho n\u00e1zoru omyl. Finnigan je sice d\u0159\u00ed\u010d, ale bohu\u017eel m\u00e1 sklon \u010das od \u010dasu vyrobit fat\u00e1ln\u00ed chybu, co\u017e se projevilo i dnes p\u0159ed druhou brankou City. Wheeler se ukazuje v \u010d\u00edm d\u00e1l t\u00edm lep\u0161\u00edm sv\u011btle a Payne se vyplat\u00ed i nad\u00e1le sledovat.\u00a0 A klobouk dolu p\u0159ed Toni! S hrateln\u011bj\u0161\u00edm soupe\u0159em, bychom u\u017e kone\u010dn\u011b m\u011bli zabodovat. Co takhle t\u0159eba v derby? <strong><span style=\"color: #0000ff; --darkreader-inline-color: #3d3db6;\" data-darkreader-inline-color=\"\">COYB!<\/span><\/strong><\/span><\/span><\/p>\n<p style=\"text-align: right;\"><span style=\"font-size: 8pt;\"><em>(fotozdroj: \u00a0Emma Simpson &#8211; Everton FC\/Getty Images)<\/em><\/span><\/p>\n<p><strong>Branky:<\/strong> 21\u00b4 Park, 47\u00b4 Shaw, 93+3\u00b4 Duggan\u00a0 <strong>\u017dK:<\/strong> 46\u00b4 Coombs<\/p>\n<p><strong>Everton (3-5-2): <\/strong>Brosnan; <span class=\"sp-c-lineup-pitch__player\" data-reactid=\".3x18swwbim.0.0.0.1.$include-0.0.0.1:$panel-0.$0.0.0.0.2.0.0.1:$home-formation-row-1.$home-player-0\"><span class=\"sp-c-lineup-pitch__player__name gs-u-display-block@xs \" data-reactid=\".3x18swwbim.0.0.0.1.$include-0.0.0.1:$panel-0.$0.0.0.0.2.0.0.1:$home-formation-row-1.$home-player-0.1\">Bj\u00f6rn, <\/span><\/span><span class=\"sp-c-lineup-pitch__player\" data-reactid=\".3x18swwbim.0.0.0.1.$include-0.0.0.1:$panel-0.$0.0.0.0.2.0.0.1:$home-formation-row-1.$home-player-1\"><span class=\"sp-c-lineup-pitch__player__name gs-u-display-block@xs \" data-reactid=\".3x18swwbim.0.0.0.1.$include-0.0.0.1:$panel-0.$0.0.0.0.2.0.0.1:$home-formation-row-1.$home-player-1.1\">Finnigan, V<\/span><\/span><span class=\"sp-c-lineup-pitch__player\" data-reactid=\".3x18swwbim.0.0.0.1.$include-0.0.0.1:$panel-0.$0.0.0.0.2.0.0.1:$home-formation-row-1.$home-player-2\"><span class=\"sp-c-lineup-pitch__player__name gs-u-display-block@xs \" data-reactid=\".3x18swwbim.0.0.0.1.$include-0.0.0.1:$panel-0.$0.0.0.0.2.0.0.1:$home-formation-row-1.$home-player-2.1\">eje; S\u00f8rensen, Galli (Hope 59\u00b4), Vanhaevermaet, Wheeler, Bissell (Duggan 59\u00b4); Olesen (Bennison 59\u00b4), Aherne (Payne 45\u00b4)<\/span><\/span><\/p>\n<p><strong>Manchester City (4-3-3):\u00a0<\/strong>MacIver; <span class=\"sp-c-lineup-pitch__player\" data-reactid=\".3x18swwbim.0.0.0.1.$include-0.0.0.1:$panel-0.$0.0.0.1.2.0.0.1:$away-formation-row-1.$away-player-0\"><span class=\"sp-c-lineup-pitch__player__name gs-u-display-block@xs \" data-reactid=\".3x18swwbim.0.0.0.1.$include-0.0.0.1:$panel-0.$0.0.0.1.2.0.0.1:$away-formation-row-1.$away-player-0.1\">Casparij, <\/span><\/span><span class=\"sp-c-lineup-pitch__player\" data-reactid=\".3x18swwbim.0.0.0.1.$include-0.0.0.1:$panel-0.$0.0.0.1.2.0.0.1:$away-formation-row-1.$away-player-1\"><span class=\"sp-c-lineup-pitch__player__name gs-u-display-block@xs \" data-reactid=\".3x18swwbim.0.0.0.1.$include-0.0.0.1:$panel-0.$0.0.0.1.2.0.0.1:$away-formation-row-1.$away-player-1.1\">Houghton, <\/span><\/span><span class=\"sp-c-lineup-pitch__player\" data-reactid=\".3x18swwbim.0.0.0.1.$include-0.0.0.1:$panel-0.$0.0.0.1.2.0.0.1:$away-formation-row-1.$away-player-2\"><span class=\"sp-c-lineup-pitch__player__name gs-u-display-block@xs \" data-reactid=\".3x18swwbim.0.0.0.1.$include-0.0.0.1:$panel-0.$0.0.0.1.2.0.0.1:$away-formation-row-1.$away-player-2.1\">Morgan (Kennedy 73\u00b4), <\/span><\/span><span class=\"sp-c-lineup-pitch__player\" data-reactid=\".3x18swwbim.0.0.0.1.$include-0.0.0.1:$panel-0.$0.0.0.1.2.0.0.1:$away-formation-row-1.$away-player-3\"><span class=\"sp-c-lineup-pitch__player__name gs-u-display-block@xs \" data-reactid=\".3x18swwbim.0.0.0.1.$include-0.0.0.1:$panel-0.$0.0.0.1.2.0.0.1:$away-formation-row-1.$away-player-3.1\">Blakstad; Mace, Coombs (Roord 73\u00b4), Castellanos (Angeldahl 89\u00b4); Park, Shaw (Kelly 60\u00b4), Fowler (Aleixandri 60\u00b4)<\/span><\/span><\/p>\n<p><strong>Rozhod\u010d\u00ed:<\/strong> Megan Wilson\u00a0 <strong>Div\u00e1ci:<\/strong> 2 200<\/p>\n<p><iframe loading=\"lazy\" title=\"HIGHLIGHTS! CITY TOPPLE THE TOFFEES IN IMPRESSIVE CONTI CUP OPENER | Everton 1-2 Man City\" width=\"1140\" height=\"641\" src=\"https:\/\/www.youtube.com\/embed\/kAFDQIxPYbg?feature=oembed\" frameborder=\"0\" allow=\"accelerometer; autoplay; clipboard-write; encrypted-media; gyroscope; picture-in-picture; web-share\" allowfullscreen><\/iframe><\/p>\n","protected":false},"excerpt":{"rendered":"<p>Leto\u0161n\u00ed ligov\u00fd poh\u00e1r se dal do pohybu a los a geografick\u00e1 p\u0159\u00edslu\u0161nost n\u00e1m ur\u010dily soupe\u0159e nad jin\u00e9 obt\u00ed\u017en\u00e9ho\u00a0 &#8211; \u017eeny Manchester City.<\/p>\n","protected":false},"author":26,"featured_media":22989,"comment_status":"open","ping_status":"closed","sticky":false,"template":"","format":"standard","meta":{"_eb_attr":"","_monsterinsights_skip_tracking":false,"_monsterinsights_sitenote_active":false,"_monsterinsights_sitenote_note":"","_monsterinsights_sitenote_category":0,"footnotes":""},"categories":[110],"tags":[],"yoast_head":"<!-- This site is optimized with the Yoast SEO plugin v23.4 - https:\/\/yoast.com\/wordpress\/plugins\/seo\/ -->\n<title>Conti Cup: Everton W - Manchester City W 1:2 - Official Czech &amp; Slovak Everton Supporters&#039; Club<\/title>\n<meta name=\"robots\" content=\"index, follow, max-snippet:-1, max-image-preview:large, max-video-preview:-1\" \/>\n<link rel=\"canonical\" href=\"https:\/\/evertonfc.cz\/index.php\/2023\/10\/12\/conti-cup-everton-w-manchester-city-w-12\/\" \/>\n<meta property=\"og:locale\" content=\"cs_CZ\" \/>\n<meta property=\"og:type\" content=\"article\" \/>\n<meta property=\"og:title\" content=\"Conti Cup: Everton W - Manchester City W 1:2 - Official Czech &amp; Slovak Everton Supporters&#039; Club\" \/>\n<meta property=\"og:description\" content=\"Leto\u0161n\u00ed ligov\u00fd poh\u00e1r se dal do pohybu a los a geografick\u00e1 p\u0159\u00edslu\u0161nost n\u00e1m ur\u010dily soupe\u0159e nad jin\u00e9 obt\u00ed\u017en\u00e9ho\u00a0 - \u017eeny Manchester City.\" \/>\n<meta property=\"og:url\" content=\"https:\/\/evertonfc.cz\/index.php\/2023\/10\/12\/conti-cup-everton-w-manchester-city-w-12\/\" \/>\n<meta property=\"og:site_name\" content=\"Official Czech &amp; Slovak Everton Supporters&#039; Club\" \/>\n<meta property=\"article:publisher\" content=\"https:\/\/www.facebook.com\/everton.fans.cz.sk\" \/>\n<meta property=\"article:published_time\" content=\"2023-10-12T18:09:35+00:00\" \/>\n<meta property=\"article:modified_time\" content=\"2023-10-13T14:27:39+00:00\" \/>\n<meta property=\"og:image\" content=\"https:\/\/evertonfc.cz\/wp-content\/uploads\/2023\/10\/Everton-Women-1-2-ManCity-by-Emma-Simpson-Everton-FC-Getty-Images-13-10-2023.jpg\" \/>\n\t<meta property=\"og:image:width\" content=\"720\" \/>\n\t<meta property=\"og:image:height\" content=\"405\" \/>\n\t<meta property=\"og:image:type\" content=\"image\/jpeg\" \/>\n<meta name=\"author\" content=\"Karamela\" \/>\n<meta name=\"twitter:card\" content=\"summary_large_image\" \/>\n<meta name=\"twitter:label1\" content=\"Napsal(a)\" \/>\n\t<meta name=\"twitter:data1\" content=\"Karamela\" \/>\n\t<meta name=\"twitter:label2\" content=\"Odhadovan\u00e1 doba \u010dten\u00ed\" \/>\n\t<meta name=\"twitter:data2\" content=\"4 minuty\" \/>\n<script type=\"application\/ld+json\" class=\"yoast-schema-graph\">{\"@context\":\"https:\/\/schema.org\",\"@graph\":[{\"@type\":\"Article\",\"@id\":\"https:\/\/evertonfc.cz\/index.php\/2023\/10\/12\/conti-cup-everton-w-manchester-city-w-12\/#article\",\"isPartOf\":{\"@id\":\"https:\/\/evertonfc.cz\/index.php\/2023\/10\/12\/conti-cup-everton-w-manchester-city-w-12\/\"},\"author\":{\"name\":\"Karamela\",\"@id\":\"https:\/\/evertonfc.cz\/#\/schema\/person\/e9a24a80a32efa1344dd2c4e5882185c\"},\"headline\":\"Conti Cup: Everton W &#8211; Manchester City W 1:2\",\"datePublished\":\"2023-10-12T18:09:35+00:00\",\"dateModified\":\"2023-10-13T14:27:39+00:00\",\"mainEntityOfPage\":{\"@id\":\"https:\/\/evertonfc.cz\/index.php\/2023\/10\/12\/conti-cup-everton-w-manchester-city-w-12\/\"},\"wordCount\":764,\"commentCount\":0,\"publisher\":{\"@id\":\"https:\/\/evertonfc.cz\/#organization\"},\"image\":{\"@id\":\"https:\/\/evertonfc.cz\/index.php\/2023\/10\/12\/conti-cup-everton-w-manchester-city-w-12\/#primaryimage\"},\"thumbnailUrl\":\"https:\/\/evertonfc.cz\/wp-content\/uploads\/2023\/10\/Everton-Women-1-2-ManCity-by-Emma-Simpson-Everton-FC-Getty-Images-13-10-2023.jpg\",\"articleSection\":[\"Everton Women\"],\"inLanguage\":\"cs\",\"potentialAction\":[{\"@type\":\"CommentAction\",\"name\":\"Comment\",\"target\":[\"https:\/\/evertonfc.cz\/index.php\/2023\/10\/12\/conti-cup-everton-w-manchester-city-w-12\/#respond\"]}]},{\"@type\":\"WebPage\",\"@id\":\"https:\/\/evertonfc.cz\/index.php\/2023\/10\/12\/conti-cup-everton-w-manchester-city-w-12\/\",\"url\":\"https:\/\/evertonfc.cz\/index.php\/2023\/10\/12\/conti-cup-everton-w-manchester-city-w-12\/\",\"name\":\"Conti Cup: Everton W - Manchester City W 1:2 - Official Czech &amp; Slovak Everton Supporters&#039; Club\",\"isPartOf\":{\"@id\":\"https:\/\/evertonfc.cz\/#website\"},\"primaryImageOfPage\":{\"@id\":\"https:\/\/evertonfc.cz\/index.php\/2023\/10\/12\/conti-cup-everton-w-manchester-city-w-12\/#primaryimage\"},\"image\":{\"@id\":\"https:\/\/evertonfc.cz\/index.php\/2023\/10\/12\/conti-cup-everton-w-manchester-city-w-12\/#primaryimage\"},\"thumbnailUrl\":\"https:\/\/evertonfc.cz\/wp-content\/uploads\/2023\/10\/Everton-Women-1-2-ManCity-by-Emma-Simpson-Everton-FC-Getty-Images-13-10-2023.jpg\",\"datePublished\":\"2023-10-12T18:09:35+00:00\",\"dateModified\":\"2023-10-13T14:27:39+00:00\",\"breadcrumb\":{\"@id\":\"https:\/\/evertonfc.cz\/index.php\/2023\/10\/12\/conti-cup-everton-w-manchester-city-w-12\/#breadcrumb\"},\"inLanguage\":\"cs\",\"potentialAction\":[{\"@type\":\"ReadAction\",\"target\":[\"https:\/\/evertonfc.cz\/index.php\/2023\/10\/12\/conti-cup-everton-w-manchester-city-w-12\/\"]}]},{\"@type\":\"ImageObject\",\"inLanguage\":\"cs\",\"@id\":\"https:\/\/evertonfc.cz\/index.php\/2023\/10\/12\/conti-cup-everton-w-manchester-city-w-12\/#primaryimage\",\"url\":\"https:\/\/evertonfc.cz\/wp-content\/uploads\/2023\/10\/Everton-Women-1-2-ManCity-by-Emma-Simpson-Everton-FC-Getty-Images-13-10-2023.jpg\",\"contentUrl\":\"https:\/\/evertonfc.cz\/wp-content\/uploads\/2023\/10\/Everton-Women-1-2-ManCity-by-Emma-Simpson-Everton-FC-Getty-Images-13-10-2023.jpg\",\"width\":720,\"height\":405},{\"@type\":\"BreadcrumbList\",\"@id\":\"https:\/\/evertonfc.cz\/index.php\/2023\/10\/12\/conti-cup-everton-w-manchester-city-w-12\/#breadcrumb\",\"itemListElement\":[{\"@type\":\"ListItem\",\"position\":1,\"name\":\"Home\",\"item\":\"https:\/\/evertonfc.cz\/\"},{\"@type\":\"ListItem\",\"position\":2,\"name\":\"Conti Cup: Everton W &#8211; Manchester City W 1:2\"}]},{\"@type\":\"WebSite\",\"@id\":\"https:\/\/evertonfc.cz\/#website\",\"url\":\"https:\/\/evertonfc.cz\/\",\"name\":\"Official Czech &amp; Slovak Everton Supporters&#039; Club\",\"description\":\"\",\"publisher\":{\"@id\":\"https:\/\/evertonfc.cz\/#organization\"},\"potentialAction\":[{\"@type\":\"SearchAction\",\"target\":{\"@type\":\"EntryPoint\",\"urlTemplate\":\"https:\/\/evertonfc.cz\/?s={search_term_string}\"},\"query-input\":{\"@type\":\"PropertyValueSpecification\",\"valueRequired\":true,\"valueName\":\"search_term_string\"}}],\"inLanguage\":\"cs\"},{\"@type\":\"Organization\",\"@id\":\"https:\/\/evertonfc.cz\/#organization\",\"name\":\"Official Czech & Slovak Everton Supporters' Club\",\"url\":\"https:\/\/evertonfc.cz\/\",\"logo\":{\"@type\":\"ImageObject\",\"inLanguage\":\"cs\",\"@id\":\"https:\/\/evertonfc.cz\/#\/schema\/logo\/image\/\",\"url\":\"https:\/\/evertonfc.cz\/wp-content\/uploads\/2019\/05\/logo.png\",\"contentUrl\":\"https:\/\/evertonfc.cz\/wp-content\/uploads\/2019\/05\/logo.png\",\"width\":112,\"height\":112,\"caption\":\"Official Czech & Slovak Everton Supporters' Club\"},\"image\":{\"@id\":\"https:\/\/evertonfc.cz\/#\/schema\/logo\/image\/\"},\"sameAs\":[\"https:\/\/www.facebook.com\/everton.fans.cz.sk\"]},{\"@type\":\"Person\",\"@id\":\"https:\/\/evertonfc.cz\/#\/schema\/person\/e9a24a80a32efa1344dd2c4e5882185c\",\"name\":\"Karamela\",\"url\":\"https:\/\/evertonfc.cz\/index.php\/author\/karamela\/\"}]}<\/script>\n<!-- \/ Yoast SEO plugin. -->","yoast_head_json":{"title":"Conti Cup: Everton W - Manchester City W 1:2 - Official Czech &amp; Slovak Everton Supporters&#039; Club","robots":{"index":"index","follow":"follow","max-snippet":"max-snippet:-1","max-image-preview":"max-image-preview:large","max-video-preview":"max-video-preview:-1"},"canonical":"https:\/\/evertonfc.cz\/index.php\/2023\/10\/12\/conti-cup-everton-w-manchester-city-w-12\/","og_locale":"cs_CZ","og_type":"article","og_title":"Conti Cup: Everton W - Manchester City W 1:2 - Official Czech &amp; Slovak Everton Supporters&#039; Club","og_description":"Leto\u0161n\u00ed ligov\u00fd poh\u00e1r se dal do pohybu a los a geografick\u00e1 p\u0159\u00edslu\u0161nost n\u00e1m ur\u010dily soupe\u0159e nad jin\u00e9 obt\u00ed\u017en\u00e9ho\u00a0 - \u017eeny Manchester City.","og_url":"https:\/\/evertonfc.cz\/index.php\/2023\/10\/12\/conti-cup-everton-w-manchester-city-w-12\/","og_site_name":"Official Czech &amp; Slovak Everton Supporters&#039; Club","article_publisher":"https:\/\/www.facebook.com\/everton.fans.cz.sk","article_published_time":"2023-10-12T18:09:35+00:00","article_modified_time":"2023-10-13T14:27:39+00:00","og_image":[{"width":720,"height":405,"url":"https:\/\/evertonfc.cz\/wp-content\/uploads\/2023\/10\/Everton-Women-1-2-ManCity-by-Emma-Simpson-Everton-FC-Getty-Images-13-10-2023.jpg","type":"image\/jpeg"}],"author":"Karamela","twitter_card":"summary_large_image","twitter_misc":{"Napsal(a)":"Karamela","Odhadovan\u00e1 doba \u010dten\u00ed":"4 minuty"},"schema":{"@context":"https:\/\/schema.org","@graph":[{"@type":"Article","@id":"https:\/\/evertonfc.cz\/index.php\/2023\/10\/12\/conti-cup-everton-w-manchester-city-w-12\/#article","isPartOf":{"@id":"https:\/\/evertonfc.cz\/index.php\/2023\/10\/12\/conti-cup-everton-w-manchester-city-w-12\/"},"author":{"name":"Karamela","@id":"https:\/\/evertonfc.cz\/#\/schema\/person\/e9a24a80a32efa1344dd2c4e5882185c"},"headline":"Conti Cup: Everton W &#8211; Manchester City W 1:2","datePublished":"2023-10-12T18:09:35+00:00","dateModified":"2023-10-13T14:27:39+00:00","mainEntityOfPage":{"@id":"https:\/\/evertonfc.cz\/index.php\/2023\/10\/12\/conti-cup-everton-w-manchester-city-w-12\/"},"wordCount":764,"commentCount":0,"publisher":{"@id":"https:\/\/evertonfc.cz\/#organization"},"image":{"@id":"https:\/\/evertonfc.cz\/index.php\/2023\/10\/12\/conti-cup-everton-w-manchester-city-w-12\/#primaryimage"},"thumbnailUrl":"https:\/\/evertonfc.cz\/wp-content\/uploads\/2023\/10\/Everton-Women-1-2-ManCity-by-Emma-Simpson-Everton-FC-Getty-Images-13-10-2023.jpg","articleSection":["Everton Women"],"inLanguage":"cs","potentialAction":[{"@type":"CommentAction","name":"Comment","target":["https:\/\/evertonfc.cz\/index.php\/2023\/10\/12\/conti-cup-everton-w-manchester-city-w-12\/#respond"]}]},{"@type":"WebPage","@id":"https:\/\/evertonfc.cz\/index.php\/2023\/10\/12\/conti-cup-everton-w-manchester-city-w-12\/","url":"https:\/\/evertonfc.cz\/index.php\/2023\/10\/12\/conti-cup-everton-w-manchester-city-w-12\/","name":"Conti Cup: Everton W - Manchester City W 1:2 - Official Czech &amp; Slovak Everton Supporters&#039; Club","isPartOf":{"@id":"https:\/\/evertonfc.cz\/#website"},"primaryImageOfPage":{"@id":"https:\/\/evertonfc.cz\/index.php\/2023\/10\/12\/conti-cup-everton-w-manchester-city-w-12\/#primaryimage"},"image":{"@id":"https:\/\/evertonfc.cz\/index.php\/2023\/10\/12\/conti-cup-everton-w-manchester-city-w-12\/#primaryimage"},"thumbnailUrl":"https:\/\/evertonfc.cz\/wp-content\/uploads\/2023\/10\/Everton-Women-1-2-ManCity-by-Emma-Simpson-Everton-FC-Getty-Images-13-10-2023.jpg","datePublished":"2023-10-12T18:09:35+00:00","dateModified":"2023-10-13T14:27:39+00:00","breadcrumb":{"@id":"https:\/\/evertonfc.cz\/index.php\/2023\/10\/12\/conti-cup-everton-w-manchester-city-w-12\/#breadcrumb"},"inLanguage":"cs","potentialAction":[{"@type":"ReadAction","target":["https:\/\/evertonfc.cz\/index.php\/2023\/10\/12\/conti-cup-everton-w-manchester-city-w-12\/"]}]},{"@type":"ImageObject","inLanguage":"cs","@id":"https:\/\/evertonfc.cz\/index.php\/2023\/10\/12\/conti-cup-everton-w-manchester-city-w-12\/#primaryimage","url":"https:\/\/evertonfc.cz\/wp-content\/uploads\/2023\/10\/Everton-Women-1-2-ManCity-by-Emma-Simpson-Everton-FC-Getty-Images-13-10-2023.jpg","contentUrl":"https:\/\/evertonfc.cz\/wp-content\/uploads\/2023\/10\/Everton-Women-1-2-ManCity-by-Emma-Simpson-Everton-FC-Getty-Images-13-10-2023.jpg","width":720,"height":405},{"@type":"BreadcrumbList","@id":"https:\/\/evertonfc.cz\/index.php\/2023\/10\/12\/conti-cup-everton-w-manchester-city-w-12\/#breadcrumb","itemListElement":[{"@type":"ListItem","position":1,"name":"Home","item":"https:\/\/evertonfc.cz\/"},{"@type":"ListItem","position":2,"name":"Conti Cup: Everton W &#8211; Manchester City W 1:2"}]},{"@type":"WebSite","@id":"https:\/\/evertonfc.cz\/#website","url":"https:\/\/evertonfc.cz\/","name":"Official Czech &amp; Slovak Everton Supporters&#039; Club","description":"","publisher":{"@id":"https:\/\/evertonfc.cz\/#organization"},"potentialAction":[{"@type":"SearchAction","target":{"@type":"EntryPoint","urlTemplate":"https:\/\/evertonfc.cz\/?s={search_term_string}"},"query-input":{"@type":"PropertyValueSpecification","valueRequired":true,"valueName":"search_term_string"}}],"inLanguage":"cs"},{"@type":"Organization","@id":"https:\/\/evertonfc.cz\/#organization","name":"Official Czech & Slovak Everton Supporters' Club","url":"https:\/\/evertonfc.cz\/","logo":{"@type":"ImageObject","inLanguage":"cs","@id":"https:\/\/evertonfc.cz\/#\/schema\/logo\/image\/","url":"https:\/\/evertonfc.cz\/wp-content\/uploads\/2019\/05\/logo.png","contentUrl":"https:\/\/evertonfc.cz\/wp-content\/uploads\/2019\/05\/logo.png","width":112,"height":112,"caption":"Official Czech & Slovak Everton Supporters' Club"},"image":{"@id":"https:\/\/evertonfc.cz\/#\/schema\/logo\/image\/"},"sameAs":["https:\/\/www.facebook.com\/everton.fans.cz.sk"]},{"@type":"Person","@id":"https:\/\/evertonfc.cz\/#\/schema\/person\/e9a24a80a32efa1344dd2c4e5882185c","name":"Karamela","url":"https:\/\/evertonfc.cz\/index.php\/author\/karamela\/"}]}},"_links":{"self":[{"href":"https:\/\/evertonfc.cz\/index.php\/wp-json\/wp\/v2\/posts\/22974"}],"collection":[{"href":"https:\/\/evertonfc.cz\/index.php\/wp-json\/wp\/v2\/posts"}],"about":[{"href":"https:\/\/evertonfc.cz\/index.php\/wp-json\/wp\/v2\/types\/post"}],"author":[{"embeddable":true,"href":"https:\/\/evertonfc.cz\/index.php\/wp-json\/wp\/v2\/users\/26"}],"replies":[{"embeddable":true,"href":"https:\/\/evertonfc.cz\/index.php\/wp-json\/wp\/v2\/comments?post=22974"}],"version-history":[{"count":11,"href":"https:\/\/evertonfc.cz\/index.php\/wp-json\/wp\/v2\/posts\/22974\/revisions"}],"predecessor-version":[{"id":22990,"href":"https:\/\/evertonfc.cz\/index.php\/wp-json\/wp\/v2\/posts\/22974\/revisions\/22990"}],"wp:featuredmedia":[{"embeddable":true,"href":"https:\/\/evertonfc.cz\/index.php\/wp-json\/wp\/v2\/media\/22989"}],"wp:attachment":[{"href":"https:\/\/evertonfc.cz\/index.php\/wp-json\/wp\/v2\/media?parent=22974"}],"wp:term":[{"taxonomy":"category","embeddable":true,"href":"https:\/\/evertonfc.cz\/index.php\/wp-json\/wp\/v2\/categories?post=22974"},{"taxonomy":"post_tag","embeddable":true,"href":"https:\/\/evertonfc.cz\/index.php\/wp-json\/wp\/v2\/tags?post=22974"}],"curies":[{"name":"wp","href":"https:\/\/api.w.org\/{rel}","templated":true}]}}