{"id":2298,"date":"2017-12-31T19:10:52","date_gmt":"2017-12-31T18:10:52","guid":{"rendered":"http:\/\/evertonfc.cz\/?p=2298"},"modified":"2020-11-06T12:31:25","modified_gmt":"2020-11-06T11:31:25","slug":"preview-everton-manchester-united","status":"publish","type":"post","link":"https:\/\/evertonfc.cz\/index.php\/2017\/12\/31\/preview-everton-manchester-united\/","title":{"rendered":"Preview: Everton &#8211; Manchester United"},"content":{"rendered":"\r\n<h4 class=\"wp-block-heading\">Jak na Nov\u00fd rok, tak po cel\u00fd rok. Tak\u017ee z\u00edt\u0159ej\u0161\u00ed v\u00fdhrou nad \u00da\u010dkami nastartujeme \u00fasp\u011b\u0161nou osmn\u00e1ctku, to je jasn\u00e9.<\/h4>\r\n\r\n\r\n\r\n<p>A je to celkem re\u00e1ln\u00e9. \u00da\u010dka si proch\u00e1z\u00ed kriz\u00ed. Nen\u00ed velk\u00e1, ale t\u0159i rem\u00edzy v \u0159ad\u011b, to je dost ztr\u00e1t. Burnley a hlavn\u011b Southampton by m\u011bli \u010dervenob\u00edl\u00ed doma por\u00e1\u017eet. Mana\u017eer Mourinho svedl ztr\u00e1tu dvou bod\u016f se Saints na neodp\u00edskanou penaltu v prvn\u00ed p\u016fli po ruce Jo\u0161idy.<\/p>\r\n\r\n\r\n\r\n<p>Nav\u00edc z\u00edt\u0159ej\u0161\u00ed host\u00e9 po\u010d\u00edtaj\u00ed ztr\u00e1ty. Op\u011bt se zranil Ibrahimovi\u0107 a chyb\u011bt bude asi m\u011bs\u00edc. To v\u00edte, zran\u011bn\u00ed kolene nen\u00ed ot\u00e1zka deseti dn\u016f. V prvn\u00ed p\u016fli proti Southamptonu musel kv\u016fli zran\u011bn\u00ed hlavy st\u0159\u00eddat Lukaku, tak\u017ee jeho prvn\u00ed start v Goodison Parku od p\u0159estupu je s otazn\u00edkem. D\u00e1le je nejist\u00fd start dvojice Smalling a Darmian. Ur\u010dit\u011b hr\u00e1t nebude Bailly, kter\u00fd ji\u017e chyb\u00ed n\u011bjak\u00fd ten p\u00e1tek a trojice Carrick-Fellaini-Valencia sp\u00ed\u0161e tak\u00e9 nebude. Kdyby nenastoupil od za\u010d\u00e1tku Lukaku, tak povinnosti hro\u0165\u00e1ka z\u0159ejm\u011b obstar\u00e1 Martial. A v trestu je za faul loktem i Young.<\/p>\r\n\r\n\r\n\r\n<p>U dom\u00e1c\u00edch o\u010dek\u00e1van\u011b nebude trojice Baines-Coleman-Mori, pap\u00edrov\u011b by se na lavi\u010dku mohl posadit Barkley, uvid\u00edme. Sestava bude jist\u011b trochu jin\u00e1 ne\u017e v\u010dera proti Bournemouthu, p\u0159i dvou z\u00e1pasech ve t\u0159ech dnech je nutn\u00e9 ji proto\u010dit. Nab\u00edz\u00ed se t\u0159eba postaven\u00ed Rooneyho od za\u010d\u00e1tku. T\u00e9\u017e bude zaj\u00edmav\u00e9 sledovat, jak\u00fdm v\u00fdkonem Everton zareaguje na prvn\u00ed por\u00e1\u017eku od zm\u011bny mana\u017eera.<\/p>\r\n\r\n\r\n\r\n<p>Utk\u00e1n\u00ed vys\u00edl\u00e1 p\u0159\u00edm\u00fdm p\u0159enosem stanice Digi sport 1.<\/p>\r\n\r\n\r\n\r\n<p><strong>Co:<\/strong>\u00a0Everton FC &#8211;\u00a0 Manchester United FC, 22. kolo Premier League<br \/><strong>Kdy:<\/strong>\u00a01. 1. 2018 od 18:30 SE\u010c<br \/><strong>Kde:<\/strong>\u00a0Goodison Park, Liverpool<br \/><strong>Rozhod\u010d\u00ed:\u00a0<\/strong>Andre Marriner<\/p>\r\n","protected":false},"excerpt":{"rendered":"<p>Jak na Nov\u00fd rok, tak po cel\u00fd rok. Tak\u017ee z\u00edt\u0159ej\u0161\u00ed v\u00fdhrou nad \u00da\u010dkami nastartujeme \u00fasp\u011b\u0161nou osmn\u00e1ctku, to je jasn\u00e9. A&hellip;<\/p>\n","protected":false},"author":12,"featured_media":12849,"comment_status":"open","ping_status":"closed","sticky":false,"template":"","format":"standard","meta":{"_eb_attr":"","_monsterinsights_skip_tracking":false,"_monsterinsights_sitenote_active":false,"_monsterinsights_sitenote_note":"","_monsterinsights_sitenote_category":0,"footnotes":""},"categories":[4],"tags":[],"yoast_head":"<!-- This site is optimized with the Yoast SEO plugin v23.4 - https:\/\/yoast.com\/wordpress\/plugins\/seo\/ -->\n<title>Preview: Everton - Manchester United - Official Czech &amp; Slovak Everton Supporters&#039; Club<\/title>\n<meta name=\"robots\" content=\"index, follow, max-snippet:-1, max-image-preview:large, max-video-preview:-1\" \/>\n<link rel=\"canonical\" href=\"https:\/\/evertonfc.cz\/index.php\/2017\/12\/31\/preview-everton-manchester-united\/\" \/>\n<meta property=\"og:locale\" content=\"cs_CZ\" \/>\n<meta property=\"og:type\" content=\"article\" \/>\n<meta property=\"og:title\" content=\"Preview: Everton - Manchester United - Official Czech &amp; Slovak Everton Supporters&#039; Club\" \/>\n<meta property=\"og:description\" content=\"Jak na Nov\u00fd rok, tak po cel\u00fd rok. Tak\u017ee z\u00edt\u0159ej\u0161\u00ed v\u00fdhrou nad \u00da\u010dkami nastartujeme \u00fasp\u011b\u0161nou osmn\u00e1ctku, to je jasn\u00e9. A&hellip;\" \/>\n<meta property=\"og:url\" content=\"https:\/\/evertonfc.cz\/index.php\/2017\/12\/31\/preview-everton-manchester-united\/\" \/>\n<meta property=\"og:site_name\" content=\"Official Czech &amp; Slovak Everton Supporters&#039; Club\" \/>\n<meta property=\"article:publisher\" content=\"https:\/\/www.facebook.com\/everton.fans.cz.sk\" \/>\n<meta property=\"article:published_time\" content=\"2017-12-31T18:10:52+00:00\" \/>\n<meta property=\"article:modified_time\" content=\"2020-11-06T11:31:25+00:00\" \/>\n<meta property=\"og:image\" content=\"https:\/\/evertonfc.cz\/wp-content\/uploads\/2020\/11\/Everton-VS-Manchester-United-7-11-2020.jpg.jpg\" \/>\n\t<meta property=\"og:image:width\" content=\"720\" \/>\n\t<meta property=\"og:image:height\" content=\"405\" \/>\n\t<meta property=\"og:image:type\" content=\"image\/jpeg\" \/>\n<meta name=\"author\" content=\"Javor\" \/>\n<meta name=\"twitter:card\" content=\"summary_large_image\" \/>\n<meta name=\"twitter:creator\" content=\"@LoudinJan\" \/>\n<meta name=\"twitter:label1\" content=\"Napsal(a)\" \/>\n\t<meta name=\"twitter:data1\" content=\"Javor\" \/>\n\t<meta name=\"twitter:label2\" content=\"Odhadovan\u00e1 doba \u010dten\u00ed\" \/>\n\t<meta name=\"twitter:data2\" content=\"2 minuty\" \/>\n<script type=\"application\/ld+json\" class=\"yoast-schema-graph\">{\"@context\":\"https:\/\/schema.org\",\"@graph\":[{\"@type\":\"Article\",\"@id\":\"https:\/\/evertonfc.cz\/index.php\/2017\/12\/31\/preview-everton-manchester-united\/#article\",\"isPartOf\":{\"@id\":\"https:\/\/evertonfc.cz\/index.php\/2017\/12\/31\/preview-everton-manchester-united\/\"},\"author\":{\"name\":\"Javor\",\"@id\":\"https:\/\/evertonfc.cz\/#\/schema\/person\/b30daf6a5852f4811f8207a17ec1bf78\"},\"headline\":\"Preview: Everton &#8211; Manchester United\",\"datePublished\":\"2017-12-31T18:10:52+00:00\",\"dateModified\":\"2020-11-06T11:31:25+00:00\",\"mainEntityOfPage\":{\"@id\":\"https:\/\/evertonfc.cz\/index.php\/2017\/12\/31\/preview-everton-manchester-united\/\"},\"wordCount\":314,\"commentCount\":0,\"publisher\":{\"@id\":\"https:\/\/evertonfc.cz\/#organization\"},\"image\":{\"@id\":\"https:\/\/evertonfc.cz\/index.php\/2017\/12\/31\/preview-everton-manchester-united\/#primaryimage\"},\"thumbnailUrl\":\"https:\/\/evertonfc.cz\/wp-content\/uploads\/2020\/11\/Everton-VS-Manchester-United-7-11-2020.jpg.jpg\",\"articleSection\":[\"Z\u00e1pasy\"],\"inLanguage\":\"cs\",\"potentialAction\":[{\"@type\":\"CommentAction\",\"name\":\"Comment\",\"target\":[\"https:\/\/evertonfc.cz\/index.php\/2017\/12\/31\/preview-everton-manchester-united\/#respond\"]}]},{\"@type\":\"WebPage\",\"@id\":\"https:\/\/evertonfc.cz\/index.php\/2017\/12\/31\/preview-everton-manchester-united\/\",\"url\":\"https:\/\/evertonfc.cz\/index.php\/2017\/12\/31\/preview-everton-manchester-united\/\",\"name\":\"Preview: Everton - Manchester United - Official Czech &amp; Slovak Everton Supporters&#039; Club\",\"isPartOf\":{\"@id\":\"https:\/\/evertonfc.cz\/#website\"},\"primaryImageOfPage\":{\"@id\":\"https:\/\/evertonfc.cz\/index.php\/2017\/12\/31\/preview-everton-manchester-united\/#primaryimage\"},\"image\":{\"@id\":\"https:\/\/evertonfc.cz\/index.php\/2017\/12\/31\/preview-everton-manchester-united\/#primaryimage\"},\"thumbnailUrl\":\"https:\/\/evertonfc.cz\/wp-content\/uploads\/2020\/11\/Everton-VS-Manchester-United-7-11-2020.jpg.jpg\",\"datePublished\":\"2017-12-31T18:10:52+00:00\",\"dateModified\":\"2020-11-06T11:31:25+00:00\",\"breadcrumb\":{\"@id\":\"https:\/\/evertonfc.cz\/index.php\/2017\/12\/31\/preview-everton-manchester-united\/#breadcrumb\"},\"inLanguage\":\"cs\",\"potentialAction\":[{\"@type\":\"ReadAction\",\"target\":[\"https:\/\/evertonfc.cz\/index.php\/2017\/12\/31\/preview-everton-manchester-united\/\"]}]},{\"@type\":\"ImageObject\",\"inLanguage\":\"cs\",\"@id\":\"https:\/\/evertonfc.cz\/index.php\/2017\/12\/31\/preview-everton-manchester-united\/#primaryimage\",\"url\":\"https:\/\/evertonfc.cz\/wp-content\/uploads\/2020\/11\/Everton-VS-Manchester-United-7-11-2020.jpg.jpg\",\"contentUrl\":\"https:\/\/evertonfc.cz\/wp-content\/uploads\/2020\/11\/Everton-VS-Manchester-United-7-11-2020.jpg.jpg\",\"width\":720,\"height\":405},{\"@type\":\"BreadcrumbList\",\"@id\":\"https:\/\/evertonfc.cz\/index.php\/2017\/12\/31\/preview-everton-manchester-united\/#breadcrumb\",\"itemListElement\":[{\"@type\":\"ListItem\",\"position\":1,\"name\":\"Home\",\"item\":\"https:\/\/evertonfc.cz\/\"},{\"@type\":\"ListItem\",\"position\":2,\"name\":\"Preview: Everton &#8211; Manchester United\"}]},{\"@type\":\"WebSite\",\"@id\":\"https:\/\/evertonfc.cz\/#website\",\"url\":\"https:\/\/evertonfc.cz\/\",\"name\":\"Official Czech &amp; Slovak Everton Supporters&#039; Club\",\"description\":\"\",\"publisher\":{\"@id\":\"https:\/\/evertonfc.cz\/#organization\"},\"potentialAction\":[{\"@type\":\"SearchAction\",\"target\":{\"@type\":\"EntryPoint\",\"urlTemplate\":\"https:\/\/evertonfc.cz\/?s={search_term_string}\"},\"query-input\":{\"@type\":\"PropertyValueSpecification\",\"valueRequired\":true,\"valueName\":\"search_term_string\"}}],\"inLanguage\":\"cs\"},{\"@type\":\"Organization\",\"@id\":\"https:\/\/evertonfc.cz\/#organization\",\"name\":\"Official Czech & Slovak Everton Supporters' Club\",\"url\":\"https:\/\/evertonfc.cz\/\",\"logo\":{\"@type\":\"ImageObject\",\"inLanguage\":\"cs\",\"@id\":\"https:\/\/evertonfc.cz\/#\/schema\/logo\/image\/\",\"url\":\"https:\/\/evertonfc.cz\/wp-content\/uploads\/2019\/05\/logo.png\",\"contentUrl\":\"https:\/\/evertonfc.cz\/wp-content\/uploads\/2019\/05\/logo.png\",\"width\":112,\"height\":112,\"caption\":\"Official Czech & Slovak Everton Supporters' Club\"},\"image\":{\"@id\":\"https:\/\/evertonfc.cz\/#\/schema\/logo\/image\/\"},\"sameAs\":[\"https:\/\/www.facebook.com\/everton.fans.cz.sk\"]},{\"@type\":\"Person\",\"@id\":\"https:\/\/evertonfc.cz\/#\/schema\/person\/b30daf6a5852f4811f8207a17ec1bf78\",\"name\":\"Javor\",\"sameAs\":[\"https:\/\/x.com\/LoudinJan\"],\"url\":\"https:\/\/evertonfc.cz\/index.php\/author\/javor\/\"}]}<\/script>\n<!-- \/ Yoast SEO plugin. -->","yoast_head_json":{"title":"Preview: Everton - Manchester United - Official Czech &amp; Slovak Everton Supporters&#039; Club","robots":{"index":"index","follow":"follow","max-snippet":"max-snippet:-1","max-image-preview":"max-image-preview:large","max-video-preview":"max-video-preview:-1"},"canonical":"https:\/\/evertonfc.cz\/index.php\/2017\/12\/31\/preview-everton-manchester-united\/","og_locale":"cs_CZ","og_type":"article","og_title":"Preview: Everton - Manchester United - Official Czech &amp; Slovak Everton Supporters&#039; Club","og_description":"Jak na Nov\u00fd rok, tak po cel\u00fd rok. Tak\u017ee z\u00edt\u0159ej\u0161\u00ed v\u00fdhrou nad \u00da\u010dkami nastartujeme \u00fasp\u011b\u0161nou osmn\u00e1ctku, to je jasn\u00e9. A&hellip;","og_url":"https:\/\/evertonfc.cz\/index.php\/2017\/12\/31\/preview-everton-manchester-united\/","og_site_name":"Official Czech &amp; Slovak Everton Supporters&#039; Club","article_publisher":"https:\/\/www.facebook.com\/everton.fans.cz.sk","article_published_time":"2017-12-31T18:10:52+00:00","article_modified_time":"2020-11-06T11:31:25+00:00","og_image":[{"width":720,"height":405,"url":"https:\/\/evertonfc.cz\/wp-content\/uploads\/2020\/11\/Everton-VS-Manchester-United-7-11-2020.jpg.jpg","type":"image\/jpeg"}],"author":"Javor","twitter_card":"summary_large_image","twitter_creator":"@LoudinJan","twitter_misc":{"Napsal(a)":"Javor","Odhadovan\u00e1 doba \u010dten\u00ed":"2 minuty"},"schema":{"@context":"https:\/\/schema.org","@graph":[{"@type":"Article","@id":"https:\/\/evertonfc.cz\/index.php\/2017\/12\/31\/preview-everton-manchester-united\/#article","isPartOf":{"@id":"https:\/\/evertonfc.cz\/index.php\/2017\/12\/31\/preview-everton-manchester-united\/"},"author":{"name":"Javor","@id":"https:\/\/evertonfc.cz\/#\/schema\/person\/b30daf6a5852f4811f8207a17ec1bf78"},"headline":"Preview: Everton &#8211; Manchester United","datePublished":"2017-12-31T18:10:52+00:00","dateModified":"2020-11-06T11:31:25+00:00","mainEntityOfPage":{"@id":"https:\/\/evertonfc.cz\/index.php\/2017\/12\/31\/preview-everton-manchester-united\/"},"wordCount":314,"commentCount":0,"publisher":{"@id":"https:\/\/evertonfc.cz\/#organization"},"image":{"@id":"https:\/\/evertonfc.cz\/index.php\/2017\/12\/31\/preview-everton-manchester-united\/#primaryimage"},"thumbnailUrl":"https:\/\/evertonfc.cz\/wp-content\/uploads\/2020\/11\/Everton-VS-Manchester-United-7-11-2020.jpg.jpg","articleSection":["Z\u00e1pasy"],"inLanguage":"cs","potentialAction":[{"@type":"CommentAction","name":"Comment","target":["https:\/\/evertonfc.cz\/index.php\/2017\/12\/31\/preview-everton-manchester-united\/#respond"]}]},{"@type":"WebPage","@id":"https:\/\/evertonfc.cz\/index.php\/2017\/12\/31\/preview-everton-manchester-united\/","url":"https:\/\/evertonfc.cz\/index.php\/2017\/12\/31\/preview-everton-manchester-united\/","name":"Preview: Everton - Manchester United - Official Czech &amp; Slovak Everton Supporters&#039; Club","isPartOf":{"@id":"https:\/\/evertonfc.cz\/#website"},"primaryImageOfPage":{"@id":"https:\/\/evertonfc.cz\/index.php\/2017\/12\/31\/preview-everton-manchester-united\/#primaryimage"},"image":{"@id":"https:\/\/evertonfc.cz\/index.php\/2017\/12\/31\/preview-everton-manchester-united\/#primaryimage"},"thumbnailUrl":"https:\/\/evertonfc.cz\/wp-content\/uploads\/2020\/11\/Everton-VS-Manchester-United-7-11-2020.jpg.jpg","datePublished":"2017-12-31T18:10:52+00:00","dateModified":"2020-11-06T11:31:25+00:00","breadcrumb":{"@id":"https:\/\/evertonfc.cz\/index.php\/2017\/12\/31\/preview-everton-manchester-united\/#breadcrumb"},"inLanguage":"cs","potentialAction":[{"@type":"ReadAction","target":["https:\/\/evertonfc.cz\/index.php\/2017\/12\/31\/preview-everton-manchester-united\/"]}]},{"@type":"ImageObject","inLanguage":"cs","@id":"https:\/\/evertonfc.cz\/index.php\/2017\/12\/31\/preview-everton-manchester-united\/#primaryimage","url":"https:\/\/evertonfc.cz\/wp-content\/uploads\/2020\/11\/Everton-VS-Manchester-United-7-11-2020.jpg.jpg","contentUrl":"https:\/\/evertonfc.cz\/wp-content\/uploads\/2020\/11\/Everton-VS-Manchester-United-7-11-2020.jpg.jpg","width":720,"height":405},{"@type":"BreadcrumbList","@id":"https:\/\/evertonfc.cz\/index.php\/2017\/12\/31\/preview-everton-manchester-united\/#breadcrumb","itemListElement":[{"@type":"ListItem","position":1,"name":"Home","item":"https:\/\/evertonfc.cz\/"},{"@type":"ListItem","position":2,"name":"Preview: Everton &#8211; Manchester United"}]},{"@type":"WebSite","@id":"https:\/\/evertonfc.cz\/#website","url":"https:\/\/evertonfc.cz\/","name":"Official Czech &amp; Slovak Everton Supporters&#039; Club","description":"","publisher":{"@id":"https:\/\/evertonfc.cz\/#organization"},"potentialAction":[{"@type":"SearchAction","target":{"@type":"EntryPoint","urlTemplate":"https:\/\/evertonfc.cz\/?s={search_term_string}"},"query-input":{"@type":"PropertyValueSpecification","valueRequired":true,"valueName":"search_term_string"}}],"inLanguage":"cs"},{"@type":"Organization","@id":"https:\/\/evertonfc.cz\/#organization","name":"Official Czech & Slovak Everton Supporters' Club","url":"https:\/\/evertonfc.cz\/","logo":{"@type":"ImageObject","inLanguage":"cs","@id":"https:\/\/evertonfc.cz\/#\/schema\/logo\/image\/","url":"https:\/\/evertonfc.cz\/wp-content\/uploads\/2019\/05\/logo.png","contentUrl":"https:\/\/evertonfc.cz\/wp-content\/uploads\/2019\/05\/logo.png","width":112,"height":112,"caption":"Official Czech & Slovak Everton Supporters' Club"},"image":{"@id":"https:\/\/evertonfc.cz\/#\/schema\/logo\/image\/"},"sameAs":["https:\/\/www.facebook.com\/everton.fans.cz.sk"]},{"@type":"Person","@id":"https:\/\/evertonfc.cz\/#\/schema\/person\/b30daf6a5852f4811f8207a17ec1bf78","name":"Javor","sameAs":["https:\/\/x.com\/LoudinJan"],"url":"https:\/\/evertonfc.cz\/index.php\/author\/javor\/"}]}},"_links":{"self":[{"href":"https:\/\/evertonfc.cz\/index.php\/wp-json\/wp\/v2\/posts\/2298"}],"collection":[{"href":"https:\/\/evertonfc.cz\/index.php\/wp-json\/wp\/v2\/posts"}],"about":[{"href":"https:\/\/evertonfc.cz\/index.php\/wp-json\/wp\/v2\/types\/post"}],"author":[{"embeddable":true,"href":"https:\/\/evertonfc.cz\/index.php\/wp-json\/wp\/v2\/users\/12"}],"replies":[{"embeddable":true,"href":"https:\/\/evertonfc.cz\/index.php\/wp-json\/wp\/v2\/comments?post=2298"}],"version-history":[{"count":2,"href":"https:\/\/evertonfc.cz\/index.php\/wp-json\/wp\/v2\/posts\/2298\/revisions"}],"predecessor-version":[{"id":12850,"href":"https:\/\/evertonfc.cz\/index.php\/wp-json\/wp\/v2\/posts\/2298\/revisions\/12850"}],"wp:featuredmedia":[{"embeddable":true,"href":"https:\/\/evertonfc.cz\/index.php\/wp-json\/wp\/v2\/media\/12849"}],"wp:attachment":[{"href":"https:\/\/evertonfc.cz\/index.php\/wp-json\/wp\/v2\/media?parent=2298"}],"wp:term":[{"taxonomy":"category","embeddable":true,"href":"https:\/\/evertonfc.cz\/index.php\/wp-json\/wp\/v2\/categories?post=2298"},{"taxonomy":"post_tag","embeddable":true,"href":"https:\/\/evertonfc.cz\/index.php\/wp-json\/wp\/v2\/tags?post=2298"}],"curies":[{"name":"wp","href":"https:\/\/api.w.org\/{rel}","templated":true}]}}