{"id":22992,"date":"2023-10-14T17:32:00","date_gmt":"2023-10-14T15:32:00","guid":{"rendered":"https:\/\/evertonfc.cz\/?p=22992"},"modified":"2023-10-20T21:18:33","modified_gmt":"2023-10-20T19:18:33","slug":"ocelova-kostra-pod-vahou-efc","status":"publish","type":"post","link":"https:\/\/evertonfc.cz\/index.php\/2023\/10\/14\/ocelova-kostra-pod-vahou-efc\/","title":{"rendered":"Oce\u013eov\u00e1 kostra pod v\u00e1hou EFC"},"content":{"rendered":"<h4>V jeden\u00e1stom diely n\u00e1\u0161ho seri\u00e1lu o\u00a0stavbe nov\u00e9ho domova pre Everton si posvietime na pevn\u00e9 kovy, ktor\u00e9 u\u017e pretk\u00e1vaj\u00fa t\u00fd\u010diaci sa to kolos na brehu rieky Mersey.<\/h4>\n<p>V\u00a0poslednej \u010dasti, ktor\u00fa sme z\u00a0\u010dasovej zanepr\u00e1zdnenosti zverejnili u\u017e pred vy\u0161e rokom, sme sa venovali prv\u00fdm nadzemn\u00fdm pr\u00e1cam. Tie zah\u0155\u0148ali vybudovanie rohov \u0161tadi\u00f3na z\u00a0obrovsk\u00fdch bet\u00f3nov\u00fdch prefabrik\u00e1tov. Od tejto f\u00e1zy stavba nabrala r\u00fdchly sp\u00e1d, preto\u017ee sa k\u00a0nim za\u010dali prip\u00e1ja\u0165 oce\u013eov\u00e9 kon\u0161trukcie.<\/p>\n<p>V j\u00fani 2022 dorazili ich prv\u00e9 dod\u00e1vky tvoriace skelet. A to aj napriek kr\u00edze v stavebn\u00edctve, ktor\u00fa sp\u00f4sobila Vojna na Ukrajine, a s t\u00fdm spojen\u00e9 zdra\u017eovanie a nedostatok materi\u00e1lov. V\u010faka skorej predobjedn\u00e1vke bol Everton schopn\u00fd zabezpe\u010di\u0165 preh\u013eadnos\u0165 n\u00e1kladov a z\u00e1rove\u0148 zmierni\u0165 ak\u00e9ko\u013evek oneskorenia vo v\u00fdrobe a dod\u00e1vke oce\u013eov\u00fdch kon\u0161trukci\u00ed. Jedn\u00fdm z k\u013e\u00fa\u010dov\u00fdch partnerov dod\u00e1vate\u013esk\u00e9ho re\u0165azca Laing O\u2019Rourke tu na severoz\u00e1pade Anglicka s\u00fa v\u00fdrobcovia ocele Severfield\u00a0v\u00a0ne\u010falekom Boltone.<\/p>\n<h4><strong>12 000 ton \u201ekost\u00ed\u201c<\/strong><\/h4>\n<p>V\u00fdroba a in\u0161tal\u00e1cia tejto oce\u013eovej kon\u0161trukcie je obrovsk\u00e1 a zlo\u017eit\u00e1 pr\u00e1ca, ktor\u00e1 si vy\u017eaduje \u00fa\u017easn\u00fa \u00farove\u0148 detailov a koordin\u00e1cie. V\u0161etky zlo\u017eit\u00e9 st\u013apy a nosn\u00edky vy\u017eaduj\u00fa individu\u00e1lnu identifik\u00e1ciu, aby sa za\u010dlenili do celkovej sch\u00e9my. V\u0161etky vyr\u00e1ban\u00e9 polo\u017eky s\u00fa ozna\u010den\u00e9 trojrozmern\u00fdmi s\u00faradnicami, tak\u017ee sa presne vie, kam zapadaj\u00fa v 3D modely stavby. V podstate ide o obrovsk\u00fa in\u017einiersku sklada\u010dku, kde je nevyhnutn\u00e9 presn\u00e9 pl\u00e1novanie, prec\u00edznos\u0165 a presnos\u0165. Oce\u013e reaguje odli\u0161ne na bet\u00f3n, bude sa roz\u0165ahova\u0165 a zmr\u0161\u0165ova\u0165.<\/p>\n<p>A niektor\u00e9 \u010fal\u0161ie komponenty, ktor\u00e9 visia z ocele, ako s\u00fa hlin\u00edkov\u00e9 opl\u00e1\u0161tenia a zasklenia, maj\u00fa r\u00f4zne \u00farovne tolerancie, tak\u017ee v\u0161etky kon\u0161truk\u010dn\u00e9 komponenty vy\u017eaduj\u00fa dobre a prec\u00edzne navrhnut\u00e9 spoje a kri\u017eovania, ktor\u00e9 im umo\u017e\u0148uj\u00fa oh\u00fdba\u0165 sa bez toho, aby to ohrozilo ich nosnos\u0165 v celkovej \u0161trukt\u00fare. V t\u00fdch oblastiach, kde s\u00fa stre\u0161n\u00e9 nosn\u00edky podopret\u00e9 hrablov\u00fdmi tr\u00e1mami, existuje obzvl\u00e1\u0161\u0165 zlo\u017eit\u00e1 geometria.<\/p>\n<p><img loading=\"lazy\" decoding=\"async\" class=\"alignnone size-full wp-image-23002\" src=\"https:\/\/evertonfc.cz\/wp-content\/uploads\/2023\/10\/MBM-steelwork-two-14-10-2023.jpg\" alt=\"\" width=\"1440\" height=\"810\" srcset=\"https:\/\/evertonfc.cz\/wp-content\/uploads\/2023\/10\/MBM-steelwork-two-14-10-2023.jpg 1440w, https:\/\/evertonfc.cz\/wp-content\/uploads\/2023\/10\/MBM-steelwork-two-14-10-2023-300x169.jpg 300w, https:\/\/evertonfc.cz\/wp-content\/uploads\/2023\/10\/MBM-steelwork-two-14-10-2023-1024x576.jpg 1024w, https:\/\/evertonfc.cz\/wp-content\/uploads\/2023\/10\/MBM-steelwork-two-14-10-2023-768x432.jpg 768w, https:\/\/evertonfc.cz\/wp-content\/uploads\/2023\/10\/MBM-steelwork-two-14-10-2023-1140x641.jpg 1140w, https:\/\/evertonfc.cz\/wp-content\/uploads\/2023\/10\/MBM-steelwork-two-14-10-2023-720x405.jpg 720w\" sizes=\"(max-width: 1440px) 100vw, 1440px\" \/>Tak\u017ee \u00farove\u0148 detailov, ktor\u00e9 s\u00fa potrebn\u00e9 pri navrhovan\u00ed t\u00fdchto kri\u017eovatiek, a kde slu\u017eby ako voda a energia prech\u00e1dzaj\u00fa cez dutiny, je jednoducho neuverite\u013en\u00e1. Jednotliv\u00e9 kusy s\u00fa tie\u017e vopred natret\u00e9, bu\u010f protipo\u017eiarnymi n\u00e1termi alebo ochrann\u00fdm n\u00e1terom pre morsk\u00e9 prostredie. Je to preto, \u017ee niektor\u00e9 z t\u00fdchto kusov ocele s\u00fa na stavbe \u0165a\u017eko dosiahnute\u013en\u00e9. A\u00a0nechcete predsa posiela\u0165 \u013eud\u00ed, aby ich ma\u013eovali na mieste, tak\u017ee s\u00fa vopred o\u0161etren\u00e9 v bezpe\u010dn\u00fdch tov\u00e1rensk\u00fdch podmienkach.<\/p>\n<h4><strong>Steve Farden, hlavn\u00fd stavebn\u00fd in\u017einier spolo\u010dnosti Laing O\u2019Rourke:<\/strong><\/h4>\n<blockquote><p><span style=\"font-size: 12pt;\"><em>\u201eJe to obrovsk\u00fd m\u00ed\u013enik pre projekt. Na projekte som pracoval dva roky a pr\u00edprava prv\u00e9ho oce\u013eov\u00e9ho st\u013apa na severoz\u00e1padn\u00fa trib\u00fanu zabrala ve\u013ea detailn\u00e9ho pl\u00e1novania. Znamen\u00e1 to za\u010diatok v\u00fdstavby oce\u013eovej nosnej kon\u0161trukcie, ktor\u00e1 n\u00e1m n\u00e1sledne umo\u017en\u00ed za\u010da\u0165 pr\u00e1ce na hale severnej trib\u00fany. Do troch t\u00fd\u017ed\u0148ov bude oce\u013eov\u00e1 kon\u0161trukcia do \u00farovne dva a napojen\u00e1 na bet\u00f3nov\u00e9 jadro v rohu. To potom znamen\u00e1, \u017ee sa m\u00f4\u017eeme za\u010da\u0165 pripravova\u0165 na f\u00e1zu mont\u00e1\u017ee a pracova\u0165 na otvoren\u00ed \u010dast\u00ed st\u00e1nku na mont\u00e1\u017e a uvedenie do prev\u00e1dzky.\u201c<\/em><\/span><\/p><\/blockquote>\n<p>Pr\u00eddavn\u00e9 zdv\u00edhacie poz\u00edcie s\u00fa vopred vyroben\u00e9 a pripevnen\u00e9 k oce\u013eovej kon\u0161trukcii, \u010d\u00edm zais\u0165uj\u00fa, \u017ee sa lak po\u010das zdv\u00edhacej oper\u00e1cie nepo\u0161kod\u00ed, tak\u017ee v\u0161etko, \u010do sa na stavbe rob\u00ed, je o zmiernen\u00ed riz\u00edk pre \u013eud\u00ed \u2013 teraz aj v bud\u00facnosti \u2013 ako aj o istote vhodnosti a uistenia sa, \u017ee v\u0161etko zapadne pod\u013ea pl\u00e1nu. Metodol\u00f3gia Design for Manufacture and Assembly znamen\u00e1, \u017ee v\u00e4\u010d\u0161ina \u0161tadi\u00f3na bude postaven\u00e1 v kontrolovanom prostred\u00ed tov\u00e1rn\u00ed, \u010do poskytne istotu oh\u013eadom stavebn\u00e9ho programu, kvality a n\u00e1kladov.<\/p>\n<h4><strong>Montovan\u00e9 prv\u00e9 schodisk\u00e1 <\/strong><\/h4>\n<p>Ak by sme boli v\u00a0tom \u010dase pr\u00edtomn\u00ed na stavbe, boli by sme svedkami, ako sa prv\u00e9 schodisk\u00e1 namontuj\u00fa do niektor\u00fdch rohov\u00fdch kon\u0161trukci\u00ed. Zdv\u00edhanie t\u00fdchto schodiskov\u00fdch \u0161\u00e1cht na miesto bolo komplikovan\u00e9, preto\u017ee sa musia dv\u00edha\u0165 pod ur\u010dit\u00fdmi uhlami. S\u00fa v\u0161ak d\u00f4le\u017eit\u00e9, preto\u017ee schodisk\u00e1 poskytuj\u00fa st\u00e1ly pr\u00edstup pracovnej sile pre nov\u00e9 pracovn\u00e9 postupy, ktor\u00e9 n\u00e1s \u010dakaj\u00fa. Neguje to potrebu do\u010dasn\u00fdch pr\u00edstupov\u00fdch schodov a\u00a0le\u0161enia. Ich in\u0161tal\u00e1cia v dostato\u010dnom predstihu pred t\u00fdm, ako sa pracovn\u00edci potrebuj\u00fa dosta\u0165 do vestibulu alebo terasovit\u00fdch priestorov, je skuto\u010dne u\u017eito\u010dn\u00e1.<\/p>\n<p><img loading=\"lazy\" decoding=\"async\" class=\"alignnone size-full wp-image-23001\" src=\"https:\/\/evertonfc.cz\/wp-content\/uploads\/2023\/10\/MBM-stairs-14-10-2023.jpg\" alt=\"\" width=\"720\" height=\"405\" srcset=\"https:\/\/evertonfc.cz\/wp-content\/uploads\/2023\/10\/MBM-stairs-14-10-2023.jpg 720w, https:\/\/evertonfc.cz\/wp-content\/uploads\/2023\/10\/MBM-stairs-14-10-2023-300x169.jpg 300w\" sizes=\"(max-width: 720px) 100vw, 720px\" \/>Spom\u00ednan\u00e9 schodisk\u00e1 nadv\u00e4zuj\u00fa na takzvan\u00e9 \u201esuper-st\u013apy\u201c. Prv\u00fd, 18-tonov\u00fd vn\u00fatorn\u00fd super-st\u013ap bol in\u0161talovan\u00fd v severoz\u00e1padnom kvadrante, kde bol pripojen\u00fd k bet\u00f3novej vyv\u00fd\u0161enine. Severov\u00fdchodn\u00fd roh \u010doskoro nasledoval, a tieto dva rohy boli spojen\u00e9 oce\u013eovou mrie\u017ekou do \u0161iestich t\u00fd\u017ed\u0148ov. Steve dod\u00e1va: <em>\u201eTieto super st\u013apy dr\u017e\u00ed \u0161es\u0165 skrutiek s priemerom 50 mm, ktor\u00e9 sa zas\u00favaj\u00fa do krytu pil\u00f3ty s hmotnos\u0165ou 15 a\u017e 20 ton. Pod t\u00fdm je celkom \u0161es\u0165 15 metrov\u00fdch bet\u00f3nov\u00fdch pil\u00f3t, ktor\u00e9 id\u00fa priamo do skaln\u00e9ho podlo\u017eia pod nimi, tak\u017ee to v\u0161etko dr\u017e\u00ed st\u013apy v zemi.\u201c<\/em><\/p>\n<h4><strong>Prv\u00e9 obrysy st\u00e1nku ur\u00fdchlili \u017eeriavy<\/strong><\/h4>\n<p>Prv\u00fd zo \u0161tyroch ve\u017eov\u00fdch \u017eeriavov, 60 metrov vysok\u00fd, bol na miesto prevezen\u00fd po \u010dastiach a\u00a0p\u00e1r dn\u00ed trvalo, k\u00fdm sa vyt\u00fd\u010dil do panor\u00e1my. \u010eal\u0161ie tri ve\u017eov\u00e9 \u017eeriavy boli in\u0161talovan\u00e9 na \u0161peci\u00e1lne postaven\u00e9 z\u00e1kladne v priebehu nasleduj\u00facich troch t\u00fd\u017ed\u0148ov v severoz\u00e1padn\u00fdch, juhoz\u00e1padn\u00fdch a juhov\u00fdchodn\u00fdch rohoch are\u00e1lu. Prvou \u00falohou \u017eeriavov bolo pom\u00f4c\u0165 spoji\u0165 oce\u013eov\u00fa kon\u0161trukciu, ktor\u00e1 tvor\u00ed pl\u00e1\u0161\u0165 nov\u00e9ho \u0161tadi\u00f3na.<\/p>\n<p>Po pr\u00edchode zvy\u0161n\u00fdch \u017eeriavov \u2013 70 a\u00a0dvoch 55 metrov\u00fdch \u00a0\u2013 nasledovalo vyv\u00fd\u0161enie v\u0161etk\u00fdch rohov \u0161tadi\u00f3na do plnej v\u00fd\u0161ky (bez strechy) a\u00a0ich jednotliv\u00e9 spojenie oce\u013eovou kostrou. V\u0161etky \u017eeriavy stoja v mierne odli\u0161n\u00fdch v\u00fd\u0161kach, aby sa predi\u0161lo riziku kol\u00edzie ich nosn\u00fdch zdv\u00edhac\u00edch ramien, ke\u010f sa prekr\u00fdvaj\u00fa na v\u00fdchodnej a z\u00e1padnej trib\u00fane. Pracuj\u00fa nez\u00e1visle ale i v tandeme, m\u00f4\u017eu pokry\u0165 d\u013a\u017eku are\u00e1lu \u0161tadi\u00f3na. Pou\u017e\u00edvali sa hlavne na zdv\u00edhanie \u0165a\u017ek\u00fdch prefabrikovan\u00fdch bet\u00f3nov\u00fdch prvkov na miesto.<\/p>\n<p><img loading=\"lazy\" decoding=\"async\" class=\"alignnone size-full wp-image-23000\" src=\"https:\/\/evertonfc.cz\/wp-content\/uploads\/2023\/10\/MBM-cranes-14-10-2023.jpg\" alt=\"\" width=\"720\" height=\"405\" srcset=\"https:\/\/evertonfc.cz\/wp-content\/uploads\/2023\/10\/MBM-cranes-14-10-2023.jpg 720w, https:\/\/evertonfc.cz\/wp-content\/uploads\/2023\/10\/MBM-cranes-14-10-2023-300x169.jpg 300w\" sizes=\"(max-width: 720px) 100vw, 720px\" \/><\/p>\n<h4><strong>\u010co dalej?<\/strong><\/h4>\n<p>Oce\u013eov\u00e1 kon\u0161trukcia postupne po\u010das leta 2022 pokra\u010dovala vo formovan\u00ed tvaru \u0161tadi\u00f3na. Namontovali sa \u0161ikm\u00e9 tr\u00e1my, ktor\u00e9 nakoniec podopr\u00fa zasklen\u00e9 okno von na samotn\u00e9 mesto. Medzit\u00fdm sa oce\u013eov\u00e9 mre\u017eovanie z dvoch severn\u00fdch rohov \u010falej roz\u0161irovalo. Prv\u00e9 hrablov\u00e9 tr\u00e1my, ktor\u00e9 bud\u00fa nies\u0165 prefabrikovan\u00e9 bet\u00f3nov\u00e9 terasov\u00e9 jednotky, sa priskrutkovali na miesto v severoz\u00e1padnej v\u00fdstavbe.<\/p>\n<p>Celkovo 3 400 terasov\u00fdch jednotiek, ktor\u00e9 sa nakoniec ulo\u017eia na tieto hrablov\u00e9 tr\u00e1my a vytvoria vn\u00fatorn\u00e9 oblo\u017eenie ov\u00e1lu \u0161tadi\u00f3na, vyr\u00e1ba v \u00cdrsku partner dod\u00e1vate\u013esk\u00e9ho re\u0165azca spolo\u010dnosti Laing O&#8217;Rourke, Banagher Precast. Bud\u00fa dodan\u00e9 lo\u010fou do dokov v\u00a0Liverpoole v kr\u00e1tkej vzdialenosti od miesta projektu.<\/p>\n<p>V bud\u00facej \u010dasti, sn\u00e1\u010f u\u017e \u010doskoro, sa pozrieme na z\u00e1zemie robotn\u00edkov na stavbe, v\u00fdrobu tehlovej fas\u00e1dy, osadzovanie trib\u00fan, i poskytovanie soci\u00e1lnej hodnoty.<\/p>\n<p style=\"text-align: right;\"><span style=\"font-size: 8pt;\">(fotozdroj: evertonfc.com)<\/span><\/p>\n","protected":false},"excerpt":{"rendered":"<p>V jeden\u00e1stom diely n\u00e1\u0161ho seri\u00e1lu o\u00a0stavbe nov\u00e9ho domova pre Everton si posvietime na pevn\u00e9 kovy, ktor\u00e9 u\u017e pretk\u00e1vaj\u00fa t\u00fd\u010diaci sa to kolos na brehu rieky Mersey.<\/p>\n","protected":false},"author":1,"featured_media":22999,"comment_status":"open","ping_status":"closed","sticky":false,"template":"","format":"standard","meta":{"_eb_attr":"","_monsterinsights_skip_tracking":false,"_monsterinsights_sitenote_active":false,"_monsterinsights_sitenote_note":"","_monsterinsights_sitenote_category":0,"footnotes":""},"categories":[146],"tags":[],"yoast_head":"<!-- This site is optimized with the Yoast SEO plugin v23.4 - https:\/\/yoast.com\/wordpress\/plugins\/seo\/ -->\n<title>Oce\u013eov\u00e1 kostra pod v\u00e1hou EFC - Official Czech &amp; Slovak Everton Supporters&#039; Club<\/title>\n<meta name=\"robots\" content=\"index, follow, max-snippet:-1, max-image-preview:large, max-video-preview:-1\" \/>\n<link rel=\"canonical\" href=\"https:\/\/evertonfc.cz\/index.php\/2023\/10\/14\/ocelova-kostra-pod-vahou-efc\/\" \/>\n<meta property=\"og:locale\" content=\"cs_CZ\" \/>\n<meta property=\"og:type\" content=\"article\" \/>\n<meta property=\"og:title\" content=\"Oce\u013eov\u00e1 kostra pod v\u00e1hou EFC - Official Czech &amp; Slovak Everton Supporters&#039; Club\" \/>\n<meta property=\"og:description\" content=\"V jeden\u00e1stom diely n\u00e1\u0161ho seri\u00e1lu o\u00a0stavbe nov\u00e9ho domova pre Everton si posvietime na pevn\u00e9 kovy, ktor\u00e9 u\u017e pretk\u00e1vaj\u00fa t\u00fd\u010diaci sa to kolos na brehu rieky Mersey.\" \/>\n<meta property=\"og:url\" content=\"https:\/\/evertonfc.cz\/index.php\/2023\/10\/14\/ocelova-kostra-pod-vahou-efc\/\" \/>\n<meta property=\"og:site_name\" content=\"Official Czech &amp; Slovak Everton Supporters&#039; Club\" \/>\n<meta property=\"article:publisher\" content=\"https:\/\/www.facebook.com\/everton.fans.cz.sk\" \/>\n<meta property=\"article:published_time\" content=\"2023-10-14T15:32:00+00:00\" \/>\n<meta property=\"article:modified_time\" content=\"2023-10-20T19:18:33+00:00\" \/>\n<meta property=\"og:image\" content=\"https:\/\/evertonfc.cz\/wp-content\/uploads\/2023\/10\/MBM-steelwork-one-14-10-2023.jpg\" \/>\n\t<meta property=\"og:image:width\" content=\"720\" \/>\n\t<meta property=\"og:image:height\" content=\"405\" \/>\n\t<meta property=\"og:image:type\" content=\"image\/jpeg\" \/>\n<meta name=\"author\" content=\"BlueBlooded\" \/>\n<meta name=\"twitter:card\" content=\"summary_large_image\" \/>\n<meta name=\"twitter:label1\" content=\"Napsal(a)\" \/>\n\t<meta name=\"twitter:data1\" content=\"BlueBlooded\" \/>\n\t<meta name=\"twitter:label2\" content=\"Odhadovan\u00e1 doba \u010dten\u00ed\" \/>\n\t<meta name=\"twitter:data2\" content=\"6 minut\" \/>\n<script type=\"application\/ld+json\" class=\"yoast-schema-graph\">{\"@context\":\"https:\/\/schema.org\",\"@graph\":[{\"@type\":\"Article\",\"@id\":\"https:\/\/evertonfc.cz\/index.php\/2023\/10\/14\/ocelova-kostra-pod-vahou-efc\/#article\",\"isPartOf\":{\"@id\":\"https:\/\/evertonfc.cz\/index.php\/2023\/10\/14\/ocelova-kostra-pod-vahou-efc\/\"},\"author\":{\"name\":\"BlueBlooded\",\"@id\":\"https:\/\/evertonfc.cz\/#\/schema\/person\/d4493b8cbea51532597fbc4685698916\"},\"headline\":\"Oce\u013eov\u00e1 kostra pod v\u00e1hou EFC\",\"datePublished\":\"2023-10-14T15:32:00+00:00\",\"dateModified\":\"2023-10-20T19:18:33+00:00\",\"mainEntityOfPage\":{\"@id\":\"https:\/\/evertonfc.cz\/index.php\/2023\/10\/14\/ocelova-kostra-pod-vahou-efc\/\"},\"wordCount\":1278,\"commentCount\":2,\"publisher\":{\"@id\":\"https:\/\/evertonfc.cz\/#organization\"},\"image\":{\"@id\":\"https:\/\/evertonfc.cz\/index.php\/2023\/10\/14\/ocelova-kostra-pod-vahou-efc\/#primaryimage\"},\"thumbnailUrl\":\"https:\/\/evertonfc.cz\/wp-content\/uploads\/2023\/10\/MBM-steelwork-one-14-10-2023.jpg\",\"articleSection\":[\"Making of Bramley-Moore\"],\"inLanguage\":\"cs\",\"potentialAction\":[{\"@type\":\"CommentAction\",\"name\":\"Comment\",\"target\":[\"https:\/\/evertonfc.cz\/index.php\/2023\/10\/14\/ocelova-kostra-pod-vahou-efc\/#respond\"]}]},{\"@type\":\"WebPage\",\"@id\":\"https:\/\/evertonfc.cz\/index.php\/2023\/10\/14\/ocelova-kostra-pod-vahou-efc\/\",\"url\":\"https:\/\/evertonfc.cz\/index.php\/2023\/10\/14\/ocelova-kostra-pod-vahou-efc\/\",\"name\":\"Oce\u013eov\u00e1 kostra pod v\u00e1hou EFC - Official Czech &amp; Slovak Everton Supporters&#039; Club\",\"isPartOf\":{\"@id\":\"https:\/\/evertonfc.cz\/#website\"},\"primaryImageOfPage\":{\"@id\":\"https:\/\/evertonfc.cz\/index.php\/2023\/10\/14\/ocelova-kostra-pod-vahou-efc\/#primaryimage\"},\"image\":{\"@id\":\"https:\/\/evertonfc.cz\/index.php\/2023\/10\/14\/ocelova-kostra-pod-vahou-efc\/#primaryimage\"},\"thumbnailUrl\":\"https:\/\/evertonfc.cz\/wp-content\/uploads\/2023\/10\/MBM-steelwork-one-14-10-2023.jpg\",\"datePublished\":\"2023-10-14T15:32:00+00:00\",\"dateModified\":\"2023-10-20T19:18:33+00:00\",\"breadcrumb\":{\"@id\":\"https:\/\/evertonfc.cz\/index.php\/2023\/10\/14\/ocelova-kostra-pod-vahou-efc\/#breadcrumb\"},\"inLanguage\":\"cs\",\"potentialAction\":[{\"@type\":\"ReadAction\",\"target\":[\"https:\/\/evertonfc.cz\/index.php\/2023\/10\/14\/ocelova-kostra-pod-vahou-efc\/\"]}]},{\"@type\":\"ImageObject\",\"inLanguage\":\"cs\",\"@id\":\"https:\/\/evertonfc.cz\/index.php\/2023\/10\/14\/ocelova-kostra-pod-vahou-efc\/#primaryimage\",\"url\":\"https:\/\/evertonfc.cz\/wp-content\/uploads\/2023\/10\/MBM-steelwork-one-14-10-2023.jpg\",\"contentUrl\":\"https:\/\/evertonfc.cz\/wp-content\/uploads\/2023\/10\/MBM-steelwork-one-14-10-2023.jpg\",\"width\":720,\"height\":405},{\"@type\":\"BreadcrumbList\",\"@id\":\"https:\/\/evertonfc.cz\/index.php\/2023\/10\/14\/ocelova-kostra-pod-vahou-efc\/#breadcrumb\",\"itemListElement\":[{\"@type\":\"ListItem\",\"position\":1,\"name\":\"Home\",\"item\":\"https:\/\/evertonfc.cz\/\"},{\"@type\":\"ListItem\",\"position\":2,\"name\":\"Oce\u013eov\u00e1 kostra pod v\u00e1hou EFC\"}]},{\"@type\":\"WebSite\",\"@id\":\"https:\/\/evertonfc.cz\/#website\",\"url\":\"https:\/\/evertonfc.cz\/\",\"name\":\"Official Czech &amp; Slovak Everton Supporters&#039; Club\",\"description\":\"\",\"publisher\":{\"@id\":\"https:\/\/evertonfc.cz\/#organization\"},\"potentialAction\":[{\"@type\":\"SearchAction\",\"target\":{\"@type\":\"EntryPoint\",\"urlTemplate\":\"https:\/\/evertonfc.cz\/?s={search_term_string}\"},\"query-input\":{\"@type\":\"PropertyValueSpecification\",\"valueRequired\":true,\"valueName\":\"search_term_string\"}}],\"inLanguage\":\"cs\"},{\"@type\":\"Organization\",\"@id\":\"https:\/\/evertonfc.cz\/#organization\",\"name\":\"Official Czech & Slovak Everton Supporters' Club\",\"url\":\"https:\/\/evertonfc.cz\/\",\"logo\":{\"@type\":\"ImageObject\",\"inLanguage\":\"cs\",\"@id\":\"https:\/\/evertonfc.cz\/#\/schema\/logo\/image\/\",\"url\":\"https:\/\/evertonfc.cz\/wp-content\/uploads\/2019\/05\/logo.png\",\"contentUrl\":\"https:\/\/evertonfc.cz\/wp-content\/uploads\/2019\/05\/logo.png\",\"width\":112,\"height\":112,\"caption\":\"Official Czech & Slovak Everton Supporters' Club\"},\"image\":{\"@id\":\"https:\/\/evertonfc.cz\/#\/schema\/logo\/image\/\"},\"sameAs\":[\"https:\/\/www.facebook.com\/everton.fans.cz.sk\"]},{\"@type\":\"Person\",\"@id\":\"https:\/\/evertonfc.cz\/#\/schema\/person\/d4493b8cbea51532597fbc4685698916\",\"name\":\"BlueBlooded\",\"url\":\"https:\/\/evertonfc.cz\/index.php\/author\/admin\/\"}]}<\/script>\n<!-- \/ Yoast SEO plugin. -->","yoast_head_json":{"title":"Oce\u013eov\u00e1 kostra pod v\u00e1hou EFC - Official Czech &amp; Slovak Everton Supporters&#039; Club","robots":{"index":"index","follow":"follow","max-snippet":"max-snippet:-1","max-image-preview":"max-image-preview:large","max-video-preview":"max-video-preview:-1"},"canonical":"https:\/\/evertonfc.cz\/index.php\/2023\/10\/14\/ocelova-kostra-pod-vahou-efc\/","og_locale":"cs_CZ","og_type":"article","og_title":"Oce\u013eov\u00e1 kostra pod v\u00e1hou EFC - Official Czech &amp; Slovak Everton Supporters&#039; Club","og_description":"V jeden\u00e1stom diely n\u00e1\u0161ho seri\u00e1lu o\u00a0stavbe nov\u00e9ho domova pre Everton si posvietime na pevn\u00e9 kovy, ktor\u00e9 u\u017e pretk\u00e1vaj\u00fa t\u00fd\u010diaci sa to kolos na brehu rieky Mersey.","og_url":"https:\/\/evertonfc.cz\/index.php\/2023\/10\/14\/ocelova-kostra-pod-vahou-efc\/","og_site_name":"Official Czech &amp; Slovak Everton Supporters&#039; Club","article_publisher":"https:\/\/www.facebook.com\/everton.fans.cz.sk","article_published_time":"2023-10-14T15:32:00+00:00","article_modified_time":"2023-10-20T19:18:33+00:00","og_image":[{"width":720,"height":405,"url":"https:\/\/evertonfc.cz\/wp-content\/uploads\/2023\/10\/MBM-steelwork-one-14-10-2023.jpg","type":"image\/jpeg"}],"author":"BlueBlooded","twitter_card":"summary_large_image","twitter_misc":{"Napsal(a)":"BlueBlooded","Odhadovan\u00e1 doba \u010dten\u00ed":"6 minut"},"schema":{"@context":"https:\/\/schema.org","@graph":[{"@type":"Article","@id":"https:\/\/evertonfc.cz\/index.php\/2023\/10\/14\/ocelova-kostra-pod-vahou-efc\/#article","isPartOf":{"@id":"https:\/\/evertonfc.cz\/index.php\/2023\/10\/14\/ocelova-kostra-pod-vahou-efc\/"},"author":{"name":"BlueBlooded","@id":"https:\/\/evertonfc.cz\/#\/schema\/person\/d4493b8cbea51532597fbc4685698916"},"headline":"Oce\u013eov\u00e1 kostra pod v\u00e1hou EFC","datePublished":"2023-10-14T15:32:00+00:00","dateModified":"2023-10-20T19:18:33+00:00","mainEntityOfPage":{"@id":"https:\/\/evertonfc.cz\/index.php\/2023\/10\/14\/ocelova-kostra-pod-vahou-efc\/"},"wordCount":1278,"commentCount":2,"publisher":{"@id":"https:\/\/evertonfc.cz\/#organization"},"image":{"@id":"https:\/\/evertonfc.cz\/index.php\/2023\/10\/14\/ocelova-kostra-pod-vahou-efc\/#primaryimage"},"thumbnailUrl":"https:\/\/evertonfc.cz\/wp-content\/uploads\/2023\/10\/MBM-steelwork-one-14-10-2023.jpg","articleSection":["Making of Bramley-Moore"],"inLanguage":"cs","potentialAction":[{"@type":"CommentAction","name":"Comment","target":["https:\/\/evertonfc.cz\/index.php\/2023\/10\/14\/ocelova-kostra-pod-vahou-efc\/#respond"]}]},{"@type":"WebPage","@id":"https:\/\/evertonfc.cz\/index.php\/2023\/10\/14\/ocelova-kostra-pod-vahou-efc\/","url":"https:\/\/evertonfc.cz\/index.php\/2023\/10\/14\/ocelova-kostra-pod-vahou-efc\/","name":"Oce\u013eov\u00e1 kostra pod v\u00e1hou EFC - Official Czech &amp; Slovak Everton Supporters&#039; Club","isPartOf":{"@id":"https:\/\/evertonfc.cz\/#website"},"primaryImageOfPage":{"@id":"https:\/\/evertonfc.cz\/index.php\/2023\/10\/14\/ocelova-kostra-pod-vahou-efc\/#primaryimage"},"image":{"@id":"https:\/\/evertonfc.cz\/index.php\/2023\/10\/14\/ocelova-kostra-pod-vahou-efc\/#primaryimage"},"thumbnailUrl":"https:\/\/evertonfc.cz\/wp-content\/uploads\/2023\/10\/MBM-steelwork-one-14-10-2023.jpg","datePublished":"2023-10-14T15:32:00+00:00","dateModified":"2023-10-20T19:18:33+00:00","breadcrumb":{"@id":"https:\/\/evertonfc.cz\/index.php\/2023\/10\/14\/ocelova-kostra-pod-vahou-efc\/#breadcrumb"},"inLanguage":"cs","potentialAction":[{"@type":"ReadAction","target":["https:\/\/evertonfc.cz\/index.php\/2023\/10\/14\/ocelova-kostra-pod-vahou-efc\/"]}]},{"@type":"ImageObject","inLanguage":"cs","@id":"https:\/\/evertonfc.cz\/index.php\/2023\/10\/14\/ocelova-kostra-pod-vahou-efc\/#primaryimage","url":"https:\/\/evertonfc.cz\/wp-content\/uploads\/2023\/10\/MBM-steelwork-one-14-10-2023.jpg","contentUrl":"https:\/\/evertonfc.cz\/wp-content\/uploads\/2023\/10\/MBM-steelwork-one-14-10-2023.jpg","width":720,"height":405},{"@type":"BreadcrumbList","@id":"https:\/\/evertonfc.cz\/index.php\/2023\/10\/14\/ocelova-kostra-pod-vahou-efc\/#breadcrumb","itemListElement":[{"@type":"ListItem","position":1,"name":"Home","item":"https:\/\/evertonfc.cz\/"},{"@type":"ListItem","position":2,"name":"Oce\u013eov\u00e1 kostra pod v\u00e1hou EFC"}]},{"@type":"WebSite","@id":"https:\/\/evertonfc.cz\/#website","url":"https:\/\/evertonfc.cz\/","name":"Official Czech &amp; Slovak Everton Supporters&#039; Club","description":"","publisher":{"@id":"https:\/\/evertonfc.cz\/#organization"},"potentialAction":[{"@type":"SearchAction","target":{"@type":"EntryPoint","urlTemplate":"https:\/\/evertonfc.cz\/?s={search_term_string}"},"query-input":{"@type":"PropertyValueSpecification","valueRequired":true,"valueName":"search_term_string"}}],"inLanguage":"cs"},{"@type":"Organization","@id":"https:\/\/evertonfc.cz\/#organization","name":"Official Czech & Slovak Everton Supporters' Club","url":"https:\/\/evertonfc.cz\/","logo":{"@type":"ImageObject","inLanguage":"cs","@id":"https:\/\/evertonfc.cz\/#\/schema\/logo\/image\/","url":"https:\/\/evertonfc.cz\/wp-content\/uploads\/2019\/05\/logo.png","contentUrl":"https:\/\/evertonfc.cz\/wp-content\/uploads\/2019\/05\/logo.png","width":112,"height":112,"caption":"Official Czech & Slovak Everton Supporters' Club"},"image":{"@id":"https:\/\/evertonfc.cz\/#\/schema\/logo\/image\/"},"sameAs":["https:\/\/www.facebook.com\/everton.fans.cz.sk"]},{"@type":"Person","@id":"https:\/\/evertonfc.cz\/#\/schema\/person\/d4493b8cbea51532597fbc4685698916","name":"BlueBlooded","url":"https:\/\/evertonfc.cz\/index.php\/author\/admin\/"}]}},"_links":{"self":[{"href":"https:\/\/evertonfc.cz\/index.php\/wp-json\/wp\/v2\/posts\/22992"}],"collection":[{"href":"https:\/\/evertonfc.cz\/index.php\/wp-json\/wp\/v2\/posts"}],"about":[{"href":"https:\/\/evertonfc.cz\/index.php\/wp-json\/wp\/v2\/types\/post"}],"author":[{"embeddable":true,"href":"https:\/\/evertonfc.cz\/index.php\/wp-json\/wp\/v2\/users\/1"}],"replies":[{"embeddable":true,"href":"https:\/\/evertonfc.cz\/index.php\/wp-json\/wp\/v2\/comments?post=22992"}],"version-history":[{"count":8,"href":"https:\/\/evertonfc.cz\/index.php\/wp-json\/wp\/v2\/posts\/22992\/revisions"}],"predecessor-version":[{"id":23004,"href":"https:\/\/evertonfc.cz\/index.php\/wp-json\/wp\/v2\/posts\/22992\/revisions\/23004"}],"wp:featuredmedia":[{"embeddable":true,"href":"https:\/\/evertonfc.cz\/index.php\/wp-json\/wp\/v2\/media\/22999"}],"wp:attachment":[{"href":"https:\/\/evertonfc.cz\/index.php\/wp-json\/wp\/v2\/media?parent=22992"}],"wp:term":[{"taxonomy":"category","embeddable":true,"href":"https:\/\/evertonfc.cz\/index.php\/wp-json\/wp\/v2\/categories?post=22992"},{"taxonomy":"post_tag","embeddable":true,"href":"https:\/\/evertonfc.cz\/index.php\/wp-json\/wp\/v2\/tags?post=22992"}],"curies":[{"name":"wp","href":"https:\/\/api.w.org\/{rel}","templated":true}]}}