{"id":23026,"date":"2023-10-20T20:38:13","date_gmt":"2023-10-20T18:38:13","guid":{"rendered":"https:\/\/evertonfc.cz\/?p=23026"},"modified":"2023-10-28T18:21:36","modified_gmt":"2023-10-28T16:21:36","slug":"cernosska-stopa-v-evertone","status":"publish","type":"post","link":"https:\/\/evertonfc.cz\/index.php\/2023\/10\/20\/cernosska-stopa-v-evertone\/","title":{"rendered":"\u010cerno\u0161sk\u00e1 stopa v Evertone"},"content":{"rendered":"<h4>Okt\u00f3ber ako Mesiac \u010derno\u0161skej hist\u00f3rie si po roku pripomenieme ikonick\u00fdmi hr\u00e1\u010dmi Evertonu tmavej pleti, ktor\u00ed sa v Goodison Parku nezmazate\u013ene zap\u00edsali.<\/h4>\n<p>Na rozdiel od Portugalcov, \u010di dokonca Franc\u00fazov a Belgi\u010danov, anglick\u00fd futbal spo\u010diatku len ve\u013emi pomaly zh\u00e1\u0148al futbalov\u00e9 talenty zo svojich b\u00fdval\u00fdch africk\u00fdch kol\u00f3ni\u00ed. A\u017e s pr\u00edchodom Premier League za\u010dala ostrovn\u00e1 futbalov\u00e1 sc\u00e9na nadob\u00fada\u0165 kozmopolitnej\u0161iu podobu. Ale i tak Everton nem\u00e1 \u00faplne rovnak\u00fa trad\u00edciu podpisovania africk\u00fdch hr\u00e1\u010dov ako niektor\u00e9 z ostatn\u00fdch t\u00edmov v lige.<\/p>\n<p>No napriek tomu hist\u00f3ria The Toffees zah\u0155\u0148a nieko\u013eko v\u00fdznamn\u00fdch pr\u00edspevkov hr\u00e1\u010dov tohto kontinentu. Okrem toho, s\u00fa\u010dasn\u00e9 v\u00ed\u0165azn\u00e9 suchoty v\u00a0podobe absencie nov\u00fdch klubov\u00fdch trofej\u00ed (EFC nez\u00edskalo seniorsk\u00fa trofej od v\u00fdhry nad Blackburnom Rovers v Charity Shield v roku 1995) znamenaj\u00fa, \u017ee iba jeden z africk\u00fdch hr\u00e1\u010dov, ktor\u00ed s\u00fa ni\u017e\u0161ie vymenovan\u00ed, s klubom zdvihol nad hlavu nie\u010do cenn\u00e9.<\/p>\n<h4 style=\"text-align: center;\"><strong><em>Mike Trebilcock <\/em><\/strong><strong>(v EFC od 1965-1968)<\/strong><\/h4>\n<p>Pod\u013ea viacer\u00fdch zdrojov pravdepodobne prv\u00fd \u010dierny hr\u00e1\u010d Evertonu. Av\u0161ak v\u0161eobecne v\u00e4\u010d\u0161ina \u013eud\u00ed pova\u017euje Cliffa Marshalla za \u010dierneho priekopn\u00edka Goodison Parku. Mo\u017eno preto, \u017ee Cliff mal oboch \u010derno\u0161sk\u00fdch rodi\u010dov. K\u00fdm Mike mal len \u010derno\u0161sk\u00e9ho otca a bielu matku. Ako posila z\u00a0Plymouthu v\u00a0ro\u010dn\u00edku 1965\/66 vlastne hne\u010f v\u00a0prvom z\u00e1pase nahradil supertalentovan\u00e9ho Alexa Younga v jeden\u00e1stke Evertonu. Nosil dres s \u010d\u00edslom 10 v \u010dasoch, ke\u010f to znamenalo, \u017ee hral na \u201e\u013eavom vn\u00fatri\u201c.<\/p>\n<p><img loading=\"lazy\" decoding=\"async\" class=\"alignnone size-full wp-image-23027\" src=\"https:\/\/evertonfc.cz\/wp-content\/uploads\/2023\/10\/Mike-Trebilcock-Harry-Catterick-1966.jpg\" alt=\"\" width=\"720\" height=\"470\" srcset=\"https:\/\/evertonfc.cz\/wp-content\/uploads\/2023\/10\/Mike-Trebilcock-Harry-Catterick-1966.jpg 720w, https:\/\/evertonfc.cz\/wp-content\/uploads\/2023\/10\/Mike-Trebilcock-Harry-Catterick-1966-300x196.jpg 300w\" sizes=\"(max-width: 720px) 100vw, 720px\" \/>Na konci tej samej sez\u00f3ny v\u010faka zraneniu Freda Pickeringa dostal pr\u00edle\u017eitos\u0165 zabezpe\u010di\u0165 si miesto v hist\u00f3rii FA Cupu t\u00fdm, \u017ee sa stal prv\u00fdm \u010diernym hr\u00e1\u010dom, ktor\u00fd sk\u00f3roval vo fin\u00e1le. Zranenie Pickeringa na posledn\u00fa chv\u00ed\u013eu sp\u00f4sobilo, \u017ee mana\u017e\u00e9r Harry Catterick mal dilemu. Pickering si \u00fadajne myslel, \u017ee je dostato\u010dne fit na to, aby mohol hra\u0165. Ale Catterick sa rozhodol neriskova\u0165 ho. A\u00a0tak si vybral namiesto Freda relat\u00edvne nesk\u00fasen\u00e9ho Trebilcocka. Mike sa odv\u010fa\u010dil za d\u00f4veru svojho mana\u017e\u00e9ra t\u00fdm, \u017ee sk\u00f3roval hne\u010f dvakr\u00e1t, ke\u010f Everton po\u00a0 dvojg\u00f3lovom manku oto\u010dil a vyhral 3:2.<\/p>\n<p>Napriek t\u00fdmto svojim \u00faspechom odohral Mike Trebilcock za Everton len \u010fal\u0161ie \u0161tyri ligov\u00e9 z\u00e1pasy. Dva v sez\u00f3ne 1966\/67 a dva v sez\u00f3ne 67\/68. V janu\u00e1ri 1968 sa preto pres\u0165ahoval do Portsmouthu.<\/p>\n<h4 style=\"text-align: center;\"><strong><em>Cliff Marshall <\/em><\/strong><strong>(v EFC od 1973-1976)<\/strong><\/h4>\n<p>Bol to miestny chlapec, naroden\u00fd v Seftone. V\u00a0roku 1973, ke\u010f pri\u0161iel \u010das sta\u0165 sa profesion\u00e1lom, Cliff mal ponuky od oboch gigantov z\u00a0Merseyside. Rozhodnutie padlo vst\u00fapi\u0165 do Evertonu, ktor\u00fd vtedy viedol Billy Bingham. <em>\u201eMohol som \u00eds\u0165 do Liverpoolu alebo Man United, ale v\u017edy by som si vybral Everton.\u201c<\/em><\/p>\n<p>Rovnako ako Mike Trebilcock, aj Cliffova kari\u00e9ra v Evertone bola kr\u00e1tka. Predt\u00fdm, ako sa jeho sen skon\u010dil, odohral len sedem ligov\u00fdch vyst\u00fapen\u00ed a jeden duel v FA Cupe. Frustrovan\u00fd nedostatkom hern\u00e9ho vy\u0165a\u017eenia h\u013eadal na konci sez\u00f3ny 1975\/76 prestup inam. Nesk\u00f4r v\u00a0jednom v\u00a0rozhovorov prezradil, \u017ee k jeho odchodu prispel aj spor s tr\u00e9nersk\u00fdm person\u00e1lom v Goodison Parku:<\/p>\n<p><em>\u201eV kone\u010dnom d\u00f4sledku som bol trochu roz\u010darovan\u00fd. R\u00e1d som hr\u00e1val futbal, futbal bol mojou prvou l\u00e1skou. \u010co ma v\u0161ak roz\u010darovalo, bolo, \u017ee niektor\u00ed tr\u00e9neri v Evertone povedali, \u017ee mojou prvoradou prioritou je br\u00e1ni\u0165, a to sa mi nep\u00e1\u010dilo. Som \u00fato\u010dn\u00edk. Obrana by mala by\u0165 mojou druhou prioritou. A\u00a0tak som sa pohol \u010falej.\u201c<\/em><\/p>\n<p><img loading=\"lazy\" decoding=\"async\" class=\"alignnone size-full wp-image-23028\" src=\"https:\/\/evertonfc.cz\/wp-content\/uploads\/2023\/10\/Cliff-Marshall-at-EFC.jpg\" alt=\"\" width=\"720\" height=\"730\" srcset=\"https:\/\/evertonfc.cz\/wp-content\/uploads\/2023\/10\/Cliff-Marshall-at-EFC.jpg 720w, https:\/\/evertonfc.cz\/wp-content\/uploads\/2023\/10\/Cliff-Marshall-at-EFC-296x300.jpg 296w\" sizes=\"(max-width: 720px) 100vw, 720px\" \/>Futbalov\u00fa kari\u00e9ru ukon\u010dil, ke\u010f mal len 22 rokov. Futbal ho prestal bavi\u0165, a vzh\u013eadom na rasizmus, ktor\u00fd v t\u00fdch \u010dasoch prevl\u00e1dal na trib\u00fanach, nie je \u0165a\u017ek\u00e9 pochopi\u0165, pre\u010do tomu tak mohlo by\u0165. In\u00e9 to nebolo ani v Evertone, kde Cliff za\u017eil to, \u010do niektor\u00ed hr\u00e1\u010di tej doby op\u00edsali ako \u201e\u00fapln\u00e9 ban\u00e1nov\u00e9 zaobch\u00e1dzanie\u201c, ke\u010f im fan\u00fa\u0161ikovia h\u00e1dzali ban\u00e1nov\u00e9 \u0161upky a spievali o nich ako o opiciach. Cliff o rasizme, ktor\u00fd za\u017eil, ke\u010f vyrastal v Liverpoole, porozpr\u00e1val kr\u00e1tko pred jeho smr\u0165ou v novembri 2021:<\/p>\n<p><em>\u201e\u013dudia n\u00e1s volali v\u0161elijako, slovom N alebo otrok. Boj bol vtedy len s\u00fa\u010das\u0165ou dospievania \u010dierneho die\u0165a\u0165a. Spom\u00ednam si na jeden incident, ke\u010f ma v \u0161kole stretol jeden bitk\u00e1r, sp\u00fdtal som sa ho, pre\u010do ma tak nen\u00e1vid\u00ed. A on mi povedal, \u017ee preto, \u017ee som in\u00fd. Odpovedal som, \u017ee viem, ja \u010dierny a\u00a0on biely, ale ke\u010f n\u00e1s oboch rozre\u017e\u00fa, budeme krv\u00e1ca\u0165 rovnak\u00fa farbu.\u201c<\/em><\/p>\n<h4 style=\"text-align: center;\"><strong><em>Daniel Amokachi <\/em><\/strong><strong>(v EFC od 1994-1996)<\/strong><\/h4>\n<p>Podp\u00edsal ho Mike Walker za vtedaj\u0161\u00ed klubov\u00fd rekord 3 mili\u00f3ny libier pre jeho v\u00fdkony za Nig\u00e9riu na fin\u00e1le Majstrovstiev sveta v roku 1994. \u201eAmo\u201c, ako ho prez\u00fdvala Gwladys Street, bol po\u010das svojho p\u00f4sobenia u Karameliek ve\u013emi popul\u00e1rnou postavou. Ale nane\u0161\u0165astie jeho \u00farove\u0148 v\u00fdkonov nie v\u017edy zodpovedala jeho vysokej cene. Po\u010das svojho p\u00f4sobenia v Evertone sa mu z ve\u013ekej \u010dasti nepodarilo vytla\u010di\u0165 etablovan\u00fa dvojicu Paul Rideout a Duncan Ferguson. A, \u017eia\u013e, g\u00f3ly d\u00e1val pomerne m\u00e1lo a sporadicky.<\/p>\n<p>Najjagavej\u0161\u00ed moment pri\u0161iel v roku 1995 v semifin\u00e1le FA Cupu proti Tottenhamu Hotspur na Elland Road. Za zvl\u00e1\u0161tnych okolnost\u00ed nast\u00fapil ako n\u00e1hradn\u00edk, ke\u010f vystriedal zranen\u00e9ho Rideouta a strelil dva g\u00f3ly, \u010d\u00edm si The Toffees zabezpe\u010dili miesto vo fin\u00e1le. Mana\u017e\u00e9r Joe Royle nesk\u00f4r vtipkoval, \u017ee to bolo \u201enajlep\u0161ie striedanie, ak\u00e9 nikdy neurobil\u201c. Everton napokon porazil vo f\u00edn\u00e1le Manchester United 1:0, pri\u010dom Amokachi op\u00e4\u0165 striedal z\u00a0lavi\u010dky, no bez g\u00f3lu. Medailu z\u00a0Wembley mu v\u0161ak u\u017e nikto nevezme.<\/p>\n<p><img loading=\"lazy\" decoding=\"async\" class=\"alignnone size-full wp-image-23029\" src=\"https:\/\/evertonfc.cz\/wp-content\/uploads\/2023\/10\/daniel-amokachi-everton-graham-stuart-1995-fa-cup-final.jpg\" alt=\"\" width=\"720\" height=\"405\" srcset=\"https:\/\/evertonfc.cz\/wp-content\/uploads\/2023\/10\/daniel-amokachi-everton-graham-stuart-1995-fa-cup-final.jpg 720w, https:\/\/evertonfc.cz\/wp-content\/uploads\/2023\/10\/daniel-amokachi-everton-graham-stuart-1995-fa-cup-final-300x169.jpg 300w\" sizes=\"(max-width: 720px) 100vw, 720px\" \/>Rovnako ako aj zlat\u00fa olympijsk\u00fa, ktor\u00fa z\u00edskal so svojou krajinou na hr\u00e1ch v roku 1996 v Atlante pred odchodom do tureck\u00e9ho Be\u015fikta\u015fu Istanbul. V\u00a0drese kr\u00e1\u013eovskej modrej sa mu podarilo vstreli\u0165 12 g\u00f3lov v\u00a054 z\u00e1pasoch.<\/p>\n<h4 style=\"text-align: center;\"><strong><em>Kevin Campbell <\/em><\/strong><strong>(v EFC od 1999-2005)<\/strong><\/h4>\n<p>Produkt akad\u00e9mie Arsenalu bol podpis Waltera Smitha, sprvu len na hos\u0165ovanie. No ako sa v\u0161ak nesk\u00f4r uk\u00e1zalo, bol to azda najd\u00f4le\u017eitej\u0161\u00ed podpis on\u00e9ho tr\u00e9nera. Smith s nedostatkom pe\u0148az\u00ed v klube videl v Campbellovi lacn\u00fd sp\u00f4sob, ako z\u00edska\u0165 ve\u013emi potrebn\u00fa palebn\u00fa silu pre jeho snahu odvies\u0165 Everton od \u010doraz re\u00e1lnej\u0161ieho nebezpe\u010denstva zostupu. Pr\u00ednos bol obojstrann\u00fd. Kevin sa v tom \u010dase z\u00fafalo sna\u017eil opusti\u0165 Turecko, nako\u013eko sa tam stal obe\u0165ou rasistick\u00fdch koment\u00e1rov prezidenta Trabsonsporu, ktor\u00fd ho ozna\u010dil za \u201eodfarben\u00e9ho kanibala\u201c.<\/p>\n<p>Hoci mu trvalo p\u00e1r z\u00e1pasov, k\u00fdm sa usadil, Campbellov vplyv na Goodison Parku bol ohromuj\u00faci. Po\u010das hos\u0165ovania vstrelil dev\u00e4\u0165 g\u00f3lov v rovnakom po\u010dte z\u00e1pasov, \u010do bol pr\u00edspevok, ktor\u00fdm takmer s\u00e1m nasmeroval klub pre\u010d zo zostupovej z\u00f3ny a do bezpe\u010dia v strede tabu\u013eky. Bol to mo\u017eno najv\u00fdraznej\u0161\u00ed po\u010din, ak\u00fd ktor\u00fdko\u013evek hr\u00e1\u010d urobil pre Everton, odkedy Andrei Kanchelskis strelil 16 g\u00f3lov a priviedol t\u00edm vtedaj\u0161ieho mana\u017e\u00e9ra Joea Royla do kvalifik\u00e1cie Poh\u00e1ra UEFA v sez\u00f3ne 1995\/96.<\/p>\n<p>To leto 1999, napriek ochromuj\u00facim finan\u010dn\u00fdm probl\u00e9mom, Everton vysolil 3 mili\u00f3ny libier za Campbella z\u00a0Turecka. Existovala tu toti\u017e n\u00e1dej, \u017ee rie\u0161enie jedn\u00e9ho z najdlh\u0161ie trvaj\u00facich probl\u00e9mov klubu \u2013 konkr\u00e9tne ch\u00fdbaj\u00faci 20-g\u00f3lov\u00fd \u00fato\u010dn\u00edk za sez\u00f3nu \u2013 sa kone\u010dne podaril n\u00e1js\u0165. Kevinov pr\u00edchod sa zhodoval s objavom Francisa Jeffersa na sc\u00e9ne. Dvojica nadviazala fenomen\u00e1lne partnerstvo, doplnen\u00e9 o stredopoliarov Nicka Barmbyho a Dona Hutchisona. Campbellov najsl\u00e1vnej\u0161\u00ed g\u00f3l pri\u0161iel kr\u00e1tko na to. \u00dato\u010dn\u00edk sa oprel do lopty len v \u0161tvrtej min\u00fate Merseyside derby, a strelil to, \u010do bol posledn\u00fd v\u00ed\u0165azn\u00fd g\u00f3l, ktor\u00fd by hr\u00e1\u010d Evertonu strelil na Anfielde na \u010fal\u0161\u00edch 22 rokov.<\/p>\n<p><img loading=\"lazy\" decoding=\"async\" class=\"alignnone size-full wp-image-14363\" src=\"https:\/\/evertonfc.cz\/wp-content\/uploads\/2021\/02\/Liverpool-vs-Everton-1999-Kevin-Campbell-by-Sky-Sports-26-2-2021.jpg\" alt=\"\" width=\"720\" height=\"405\" srcset=\"https:\/\/evertonfc.cz\/wp-content\/uploads\/2021\/02\/Liverpool-vs-Everton-1999-Kevin-Campbell-by-Sky-Sports-26-2-2021.jpg 720w, https:\/\/evertonfc.cz\/wp-content\/uploads\/2021\/02\/Liverpool-vs-Everton-1999-Kevin-Campbell-by-Sky-Sports-26-2-2021-300x169.jpg 300w\" sizes=\"(max-width: 720px) 100vw, 720px\" \/>Av\u0161ak kv\u00f4li zraneniam \u201eSuper Kev\u201c nedok\u00e1zal poskytn\u00fa\u0165 konzistentn\u00fd a spo\u013eahliv\u00fd zdroj g\u00f3lov, ktor\u00e9 Everton tak ve\u013emi potreboval, a t\u00edm za\u017eil dlh\u00e9 obdobia stagn\u00e1cie po\u010das nasleduj\u00facich troch sez\u00f3n. Campbell bol jedn\u00fdm z mnoh\u00fdch hr\u00e1\u010dov, ktor\u00ed v\u00fdrazne profitovali z pr\u00edchodu Davida Moyesa a jeho d\u00f4razu na kond\u00edciu a futbal. Vo svojej druhej celej sez\u00f3ne pod Moyesom, svojej poslednej v Goodison Parku kedy \u0160k\u00f3t zmenil form\u00e1ciu, ho vytla\u010dil Marcus Bent na lavi\u010dku.\u00a0Kevin sa tak por\u00fa\u010dal pre\u010d do West Bromu v\u00a0janu\u00e1ri 2005. Everton v\u0161ak zostal v jeho srdci. Aj napriek svojim kore\u0148om v Arsenale zost\u00e1va dodnes ve\u013ek\u00fdm podporovate\u013eom Evertonu, a klub \u010dasto propaguje v m\u00e9di\u00e1ch.<\/p>\n<h4 style=\"text-align: center;\"><strong><em>Joseph Yobo <\/em><\/strong><strong>(v EFC od 2003-2012)<\/strong><\/h4>\n<p>Ke\u010f Joseph Yobo pri\u0161iel do Evertonu v lete 2002 z Marseille, bol jedn\u00fdm z najlep\u0161\u00edch mlad\u00fdch africk\u00fdch obrancov na svete. Bol to prv\u00fd podpis (hoci na hos\u0165ovanie), ktor\u00fd urobil vtedy nov\u00fd mana\u017e\u00e9r Evertonu, David Moyes, takmer po 4 mesiacoch svojho \u00faradovania. Vytrhnutie 21-ro\u010dn\u00e9ho obrancu z paz\u00farov talianskeho \u0161ampi\u00f3na Juventusu a zo \u017eiarliv\u00fdch poh\u013eadov uch\u00e1dza\u010dov o Ligu majstrov, Arsenalu a Newcastlu, uk\u00e1zalo ve\u013ekos\u0165 tohto \u017eivotne d\u00f4le\u017eit\u00e9ho Moyesovho \u00falovku.<\/p>\n<p>V auguste 2002, ke\u010f Yobo debutoval v lige proti Birminghamu City, hral po boku hr\u00e1\u010dov ako Alan Stubbs, David Weir a Alessandro Pistone. A za\u017eiaril hne\u010f od za\u010diatku. Predv\u00e1dzal svoju r\u00fdchlos\u0165, rozvahu s loptou a vzdu\u0161n\u00e9 schopnosti. Vo veku 21 rokov mal Yobo kvality na to, aby mohol hra\u0165 prakticky kdeko\u013evek v obrannej \u0161tvorici. V za\u010diatkoch na Goodison Parku bol preto \u010dasto nasadzovan\u00fd na pravej strane. \u010coskoro sa v\u0161ak uk\u00e1zalo, \u017ee stredn\u00e1 obrana bude aj bola jeho najlep\u0161ou poz\u00edciou.<\/p>\n<p><img loading=\"lazy\" decoding=\"async\" class=\"alignnone size-full wp-image-23030\" src=\"https:\/\/evertonfc.cz\/wp-content\/uploads\/2023\/10\/Joseph-Yobo-vs-Ryan-Giggs.jpg\" alt=\"\" width=\"720\" height=\"405\" srcset=\"https:\/\/evertonfc.cz\/wp-content\/uploads\/2023\/10\/Joseph-Yobo-vs-Ryan-Giggs.jpg 720w, https:\/\/evertonfc.cz\/wp-content\/uploads\/2023\/10\/Joseph-Yobo-vs-Ryan-Giggs-300x169.jpg 300w\" sizes=\"(max-width: 720px) 100vw, 720px\" \/>Ako jeho kari\u00e9ra v Evertone napredovala, Yobo len posilnil dojem fan\u00fa\u0161ikov, \u017ee je jedn\u00fdm z najlep\u0161\u00edch obrancov v Premier League. No ob\u010das sa aj jemu podarila hl\u00fapa chyba, preto pravdepodobne nie je uzn\u00e1van\u00fd aj \u0161irokou verejnos\u0165ou. Po kone\u010dnom rozpade partnerstva Alan Stubbs-David Weir sa stal automatickou vo\u013ebou v strednej obrane. Dokonca sa stal prv\u00fdm africk\u00fdm hr\u00e1\u010dom, ktor\u00fd navliekol kapit\u00e1nsku p\u00e1sku Evertonu, ke\u010f viedol t\u00edm proti Larisse v Eur\u00f3pskej lige.<\/p>\n<p>V klube bol vplyvnou postavou (p\u00e4\u0165 rokov ako vicekapit\u00e1n) predt\u00fdm, ako partnerstvo Sylvain Distin &amp; Phil Jagielka (ako aj s\u00e9ria zranen\u00ed) prakticky sp\u00f4sobilo koniec jeho p\u00f4sobenia v klube. Posledn\u00e9 dva roky svojho kontraktu str\u00e1vil na hos\u0165ovan\u00ed vo Fenerbahce, predt\u00fdm ako tam definit\u00edvne odi\u0161iel v lete 2012. 10 rokov po pr\u00edchode na Merseyside. Je tie\u017e rekord\u00e9rom Nig\u00e9rie v\u00a0po\u010dte odohran\u00fdch z\u00e1pasov.<\/p>\n<p style=\"text-align: right;\"><span style=\"font-size: 8pt;\">(fotozdroj: internet)<\/span><\/p>\n","protected":false},"excerpt":{"rendered":"<p>Okt\u00f3ber ako Mesiac \u010derno\u0161skej hist\u00f3rie si po roku pripomenieme ikonick\u00fdmi hr\u00e1\u010dmi Evertonu tmavej pleti, ktor\u00ed sa v Goodison Parku nezmazate\u013ene zap\u00edsali.<\/p>\n","protected":false},"author":1,"featured_media":23025,"comment_status":"open","ping_status":"closed","sticky":false,"template":"","format":"standard","meta":{"_eb_attr":"","_monsterinsights_skip_tracking":false,"_monsterinsights_sitenote_active":false,"_monsterinsights_sitenote_note":"","_monsterinsights_sitenote_category":0,"footnotes":""},"categories":[39],"tags":[],"yoast_head":"<!-- This site is optimized with the Yoast SEO plugin v23.4 - https:\/\/yoast.com\/wordpress\/plugins\/seo\/ -->\n<title>\u010cerno\u0161sk\u00e1 stopa v Evertone - Official Czech &amp; Slovak Everton Supporters&#039; Club<\/title>\n<meta name=\"robots\" content=\"index, follow, max-snippet:-1, max-image-preview:large, max-video-preview:-1\" \/>\n<link rel=\"canonical\" href=\"https:\/\/evertonfc.cz\/index.php\/2023\/10\/20\/cernosska-stopa-v-evertone\/\" \/>\n<meta property=\"og:locale\" content=\"cs_CZ\" \/>\n<meta property=\"og:type\" content=\"article\" \/>\n<meta property=\"og:title\" content=\"\u010cerno\u0161sk\u00e1 stopa v Evertone - Official Czech &amp; Slovak Everton Supporters&#039; Club\" \/>\n<meta property=\"og:description\" content=\"Okt\u00f3ber ako Mesiac \u010derno\u0161skej hist\u00f3rie si po roku pripomenieme ikonick\u00fdmi hr\u00e1\u010dmi Evertonu tmavej pleti, ktor\u00ed sa v Goodison Parku nezmazate\u013ene zap\u00edsali.\" \/>\n<meta property=\"og:url\" content=\"https:\/\/evertonfc.cz\/index.php\/2023\/10\/20\/cernosska-stopa-v-evertone\/\" \/>\n<meta property=\"og:site_name\" content=\"Official Czech &amp; Slovak Everton Supporters&#039; Club\" \/>\n<meta property=\"article:publisher\" content=\"https:\/\/www.facebook.com\/everton.fans.cz.sk\" \/>\n<meta property=\"article:published_time\" content=\"2023-10-20T18:38:13+00:00\" \/>\n<meta property=\"article:modified_time\" content=\"2023-10-28T16:21:36+00:00\" \/>\n<meta property=\"og:image\" content=\"https:\/\/evertonfc.cz\/wp-content\/uploads\/2023\/10\/Black-History-banner-20-10-2023.jpg\" \/>\n\t<meta property=\"og:image:width\" content=\"720\" \/>\n\t<meta property=\"og:image:height\" content=\"405\" \/>\n\t<meta property=\"og:image:type\" content=\"image\/jpeg\" \/>\n<meta name=\"author\" content=\"BlueBlooded\" \/>\n<meta name=\"twitter:card\" content=\"summary_large_image\" \/>\n<meta name=\"twitter:label1\" content=\"Napsal(a)\" \/>\n\t<meta name=\"twitter:data1\" content=\"BlueBlooded\" \/>\n\t<meta name=\"twitter:label2\" content=\"Odhadovan\u00e1 doba \u010dten\u00ed\" \/>\n\t<meta name=\"twitter:data2\" content=\"10 minut\" \/>\n<script type=\"application\/ld+json\" class=\"yoast-schema-graph\">{\"@context\":\"https:\/\/schema.org\",\"@graph\":[{\"@type\":\"Article\",\"@id\":\"https:\/\/evertonfc.cz\/index.php\/2023\/10\/20\/cernosska-stopa-v-evertone\/#article\",\"isPartOf\":{\"@id\":\"https:\/\/evertonfc.cz\/index.php\/2023\/10\/20\/cernosska-stopa-v-evertone\/\"},\"author\":{\"name\":\"BlueBlooded\",\"@id\":\"https:\/\/evertonfc.cz\/#\/schema\/person\/d4493b8cbea51532597fbc4685698916\"},\"headline\":\"\u010cerno\u0161sk\u00e1 stopa v Evertone\",\"datePublished\":\"2023-10-20T18:38:13+00:00\",\"dateModified\":\"2023-10-28T16:21:36+00:00\",\"mainEntityOfPage\":{\"@id\":\"https:\/\/evertonfc.cz\/index.php\/2023\/10\/20\/cernosska-stopa-v-evertone\/\"},\"wordCount\":1842,\"commentCount\":0,\"publisher\":{\"@id\":\"https:\/\/evertonfc.cz\/#organization\"},\"image\":{\"@id\":\"https:\/\/evertonfc.cz\/index.php\/2023\/10\/20\/cernosska-stopa-v-evertone\/#primaryimage\"},\"thumbnailUrl\":\"https:\/\/evertonfc.cz\/wp-content\/uploads\/2023\/10\/Black-History-banner-20-10-2023.jpg\",\"articleSection\":[\"Blog\"],\"inLanguage\":\"cs\",\"potentialAction\":[{\"@type\":\"CommentAction\",\"name\":\"Comment\",\"target\":[\"https:\/\/evertonfc.cz\/index.php\/2023\/10\/20\/cernosska-stopa-v-evertone\/#respond\"]}]},{\"@type\":\"WebPage\",\"@id\":\"https:\/\/evertonfc.cz\/index.php\/2023\/10\/20\/cernosska-stopa-v-evertone\/\",\"url\":\"https:\/\/evertonfc.cz\/index.php\/2023\/10\/20\/cernosska-stopa-v-evertone\/\",\"name\":\"\u010cerno\u0161sk\u00e1 stopa v Evertone - Official Czech &amp; Slovak Everton Supporters&#039; Club\",\"isPartOf\":{\"@id\":\"https:\/\/evertonfc.cz\/#website\"},\"primaryImageOfPage\":{\"@id\":\"https:\/\/evertonfc.cz\/index.php\/2023\/10\/20\/cernosska-stopa-v-evertone\/#primaryimage\"},\"image\":{\"@id\":\"https:\/\/evertonfc.cz\/index.php\/2023\/10\/20\/cernosska-stopa-v-evertone\/#primaryimage\"},\"thumbnailUrl\":\"https:\/\/evertonfc.cz\/wp-content\/uploads\/2023\/10\/Black-History-banner-20-10-2023.jpg\",\"datePublished\":\"2023-10-20T18:38:13+00:00\",\"dateModified\":\"2023-10-28T16:21:36+00:00\",\"breadcrumb\":{\"@id\":\"https:\/\/evertonfc.cz\/index.php\/2023\/10\/20\/cernosska-stopa-v-evertone\/#breadcrumb\"},\"inLanguage\":\"cs\",\"potentialAction\":[{\"@type\":\"ReadAction\",\"target\":[\"https:\/\/evertonfc.cz\/index.php\/2023\/10\/20\/cernosska-stopa-v-evertone\/\"]}]},{\"@type\":\"ImageObject\",\"inLanguage\":\"cs\",\"@id\":\"https:\/\/evertonfc.cz\/index.php\/2023\/10\/20\/cernosska-stopa-v-evertone\/#primaryimage\",\"url\":\"https:\/\/evertonfc.cz\/wp-content\/uploads\/2023\/10\/Black-History-banner-20-10-2023.jpg\",\"contentUrl\":\"https:\/\/evertonfc.cz\/wp-content\/uploads\/2023\/10\/Black-History-banner-20-10-2023.jpg\",\"width\":720,\"height\":405},{\"@type\":\"BreadcrumbList\",\"@id\":\"https:\/\/evertonfc.cz\/index.php\/2023\/10\/20\/cernosska-stopa-v-evertone\/#breadcrumb\",\"itemListElement\":[{\"@type\":\"ListItem\",\"position\":1,\"name\":\"Home\",\"item\":\"https:\/\/evertonfc.cz\/\"},{\"@type\":\"ListItem\",\"position\":2,\"name\":\"\u010cerno\u0161sk\u00e1 stopa v Evertone\"}]},{\"@type\":\"WebSite\",\"@id\":\"https:\/\/evertonfc.cz\/#website\",\"url\":\"https:\/\/evertonfc.cz\/\",\"name\":\"Official Czech &amp; Slovak Everton Supporters&#039; Club\",\"description\":\"\",\"publisher\":{\"@id\":\"https:\/\/evertonfc.cz\/#organization\"},\"potentialAction\":[{\"@type\":\"SearchAction\",\"target\":{\"@type\":\"EntryPoint\",\"urlTemplate\":\"https:\/\/evertonfc.cz\/?s={search_term_string}\"},\"query-input\":{\"@type\":\"PropertyValueSpecification\",\"valueRequired\":true,\"valueName\":\"search_term_string\"}}],\"inLanguage\":\"cs\"},{\"@type\":\"Organization\",\"@id\":\"https:\/\/evertonfc.cz\/#organization\",\"name\":\"Official Czech & Slovak Everton Supporters' Club\",\"url\":\"https:\/\/evertonfc.cz\/\",\"logo\":{\"@type\":\"ImageObject\",\"inLanguage\":\"cs\",\"@id\":\"https:\/\/evertonfc.cz\/#\/schema\/logo\/image\/\",\"url\":\"https:\/\/evertonfc.cz\/wp-content\/uploads\/2019\/05\/logo.png\",\"contentUrl\":\"https:\/\/evertonfc.cz\/wp-content\/uploads\/2019\/05\/logo.png\",\"width\":112,\"height\":112,\"caption\":\"Official Czech & Slovak Everton Supporters' Club\"},\"image\":{\"@id\":\"https:\/\/evertonfc.cz\/#\/schema\/logo\/image\/\"},\"sameAs\":[\"https:\/\/www.facebook.com\/everton.fans.cz.sk\"]},{\"@type\":\"Person\",\"@id\":\"https:\/\/evertonfc.cz\/#\/schema\/person\/d4493b8cbea51532597fbc4685698916\",\"name\":\"BlueBlooded\",\"url\":\"https:\/\/evertonfc.cz\/index.php\/author\/admin\/\"}]}<\/script>\n<!-- \/ Yoast SEO plugin. -->","yoast_head_json":{"title":"\u010cerno\u0161sk\u00e1 stopa v Evertone - Official Czech &amp; Slovak Everton Supporters&#039; Club","robots":{"index":"index","follow":"follow","max-snippet":"max-snippet:-1","max-image-preview":"max-image-preview:large","max-video-preview":"max-video-preview:-1"},"canonical":"https:\/\/evertonfc.cz\/index.php\/2023\/10\/20\/cernosska-stopa-v-evertone\/","og_locale":"cs_CZ","og_type":"article","og_title":"\u010cerno\u0161sk\u00e1 stopa v Evertone - Official Czech &amp; Slovak Everton Supporters&#039; Club","og_description":"Okt\u00f3ber ako Mesiac \u010derno\u0161skej hist\u00f3rie si po roku pripomenieme ikonick\u00fdmi hr\u00e1\u010dmi Evertonu tmavej pleti, ktor\u00ed sa v Goodison Parku nezmazate\u013ene zap\u00edsali.","og_url":"https:\/\/evertonfc.cz\/index.php\/2023\/10\/20\/cernosska-stopa-v-evertone\/","og_site_name":"Official Czech &amp; Slovak Everton Supporters&#039; Club","article_publisher":"https:\/\/www.facebook.com\/everton.fans.cz.sk","article_published_time":"2023-10-20T18:38:13+00:00","article_modified_time":"2023-10-28T16:21:36+00:00","og_image":[{"width":720,"height":405,"url":"https:\/\/evertonfc.cz\/wp-content\/uploads\/2023\/10\/Black-History-banner-20-10-2023.jpg","type":"image\/jpeg"}],"author":"BlueBlooded","twitter_card":"summary_large_image","twitter_misc":{"Napsal(a)":"BlueBlooded","Odhadovan\u00e1 doba \u010dten\u00ed":"10 minut"},"schema":{"@context":"https:\/\/schema.org","@graph":[{"@type":"Article","@id":"https:\/\/evertonfc.cz\/index.php\/2023\/10\/20\/cernosska-stopa-v-evertone\/#article","isPartOf":{"@id":"https:\/\/evertonfc.cz\/index.php\/2023\/10\/20\/cernosska-stopa-v-evertone\/"},"author":{"name":"BlueBlooded","@id":"https:\/\/evertonfc.cz\/#\/schema\/person\/d4493b8cbea51532597fbc4685698916"},"headline":"\u010cerno\u0161sk\u00e1 stopa v Evertone","datePublished":"2023-10-20T18:38:13+00:00","dateModified":"2023-10-28T16:21:36+00:00","mainEntityOfPage":{"@id":"https:\/\/evertonfc.cz\/index.php\/2023\/10\/20\/cernosska-stopa-v-evertone\/"},"wordCount":1842,"commentCount":0,"publisher":{"@id":"https:\/\/evertonfc.cz\/#organization"},"image":{"@id":"https:\/\/evertonfc.cz\/index.php\/2023\/10\/20\/cernosska-stopa-v-evertone\/#primaryimage"},"thumbnailUrl":"https:\/\/evertonfc.cz\/wp-content\/uploads\/2023\/10\/Black-History-banner-20-10-2023.jpg","articleSection":["Blog"],"inLanguage":"cs","potentialAction":[{"@type":"CommentAction","name":"Comment","target":["https:\/\/evertonfc.cz\/index.php\/2023\/10\/20\/cernosska-stopa-v-evertone\/#respond"]}]},{"@type":"WebPage","@id":"https:\/\/evertonfc.cz\/index.php\/2023\/10\/20\/cernosska-stopa-v-evertone\/","url":"https:\/\/evertonfc.cz\/index.php\/2023\/10\/20\/cernosska-stopa-v-evertone\/","name":"\u010cerno\u0161sk\u00e1 stopa v Evertone - Official Czech &amp; Slovak Everton Supporters&#039; Club","isPartOf":{"@id":"https:\/\/evertonfc.cz\/#website"},"primaryImageOfPage":{"@id":"https:\/\/evertonfc.cz\/index.php\/2023\/10\/20\/cernosska-stopa-v-evertone\/#primaryimage"},"image":{"@id":"https:\/\/evertonfc.cz\/index.php\/2023\/10\/20\/cernosska-stopa-v-evertone\/#primaryimage"},"thumbnailUrl":"https:\/\/evertonfc.cz\/wp-content\/uploads\/2023\/10\/Black-History-banner-20-10-2023.jpg","datePublished":"2023-10-20T18:38:13+00:00","dateModified":"2023-10-28T16:21:36+00:00","breadcrumb":{"@id":"https:\/\/evertonfc.cz\/index.php\/2023\/10\/20\/cernosska-stopa-v-evertone\/#breadcrumb"},"inLanguage":"cs","potentialAction":[{"@type":"ReadAction","target":["https:\/\/evertonfc.cz\/index.php\/2023\/10\/20\/cernosska-stopa-v-evertone\/"]}]},{"@type":"ImageObject","inLanguage":"cs","@id":"https:\/\/evertonfc.cz\/index.php\/2023\/10\/20\/cernosska-stopa-v-evertone\/#primaryimage","url":"https:\/\/evertonfc.cz\/wp-content\/uploads\/2023\/10\/Black-History-banner-20-10-2023.jpg","contentUrl":"https:\/\/evertonfc.cz\/wp-content\/uploads\/2023\/10\/Black-History-banner-20-10-2023.jpg","width":720,"height":405},{"@type":"BreadcrumbList","@id":"https:\/\/evertonfc.cz\/index.php\/2023\/10\/20\/cernosska-stopa-v-evertone\/#breadcrumb","itemListElement":[{"@type":"ListItem","position":1,"name":"Home","item":"https:\/\/evertonfc.cz\/"},{"@type":"ListItem","position":2,"name":"\u010cerno\u0161sk\u00e1 stopa v Evertone"}]},{"@type":"WebSite","@id":"https:\/\/evertonfc.cz\/#website","url":"https:\/\/evertonfc.cz\/","name":"Official Czech &amp; Slovak Everton Supporters&#039; Club","description":"","publisher":{"@id":"https:\/\/evertonfc.cz\/#organization"},"potentialAction":[{"@type":"SearchAction","target":{"@type":"EntryPoint","urlTemplate":"https:\/\/evertonfc.cz\/?s={search_term_string}"},"query-input":{"@type":"PropertyValueSpecification","valueRequired":true,"valueName":"search_term_string"}}],"inLanguage":"cs"},{"@type":"Organization","@id":"https:\/\/evertonfc.cz\/#organization","name":"Official Czech & Slovak Everton Supporters' Club","url":"https:\/\/evertonfc.cz\/","logo":{"@type":"ImageObject","inLanguage":"cs","@id":"https:\/\/evertonfc.cz\/#\/schema\/logo\/image\/","url":"https:\/\/evertonfc.cz\/wp-content\/uploads\/2019\/05\/logo.png","contentUrl":"https:\/\/evertonfc.cz\/wp-content\/uploads\/2019\/05\/logo.png","width":112,"height":112,"caption":"Official Czech & Slovak Everton Supporters' Club"},"image":{"@id":"https:\/\/evertonfc.cz\/#\/schema\/logo\/image\/"},"sameAs":["https:\/\/www.facebook.com\/everton.fans.cz.sk"]},{"@type":"Person","@id":"https:\/\/evertonfc.cz\/#\/schema\/person\/d4493b8cbea51532597fbc4685698916","name":"BlueBlooded","url":"https:\/\/evertonfc.cz\/index.php\/author\/admin\/"}]}},"_links":{"self":[{"href":"https:\/\/evertonfc.cz\/index.php\/wp-json\/wp\/v2\/posts\/23026"}],"collection":[{"href":"https:\/\/evertonfc.cz\/index.php\/wp-json\/wp\/v2\/posts"}],"about":[{"href":"https:\/\/evertonfc.cz\/index.php\/wp-json\/wp\/v2\/types\/post"}],"author":[{"embeddable":true,"href":"https:\/\/evertonfc.cz\/index.php\/wp-json\/wp\/v2\/users\/1"}],"replies":[{"embeddable":true,"href":"https:\/\/evertonfc.cz\/index.php\/wp-json\/wp\/v2\/comments?post=23026"}],"version-history":[{"count":7,"href":"https:\/\/evertonfc.cz\/index.php\/wp-json\/wp\/v2\/posts\/23026\/revisions"}],"predecessor-version":[{"id":23116,"href":"https:\/\/evertonfc.cz\/index.php\/wp-json\/wp\/v2\/posts\/23026\/revisions\/23116"}],"wp:featuredmedia":[{"embeddable":true,"href":"https:\/\/evertonfc.cz\/index.php\/wp-json\/wp\/v2\/media\/23025"}],"wp:attachment":[{"href":"https:\/\/evertonfc.cz\/index.php\/wp-json\/wp\/v2\/media?parent=23026"}],"wp:term":[{"taxonomy":"category","embeddable":true,"href":"https:\/\/evertonfc.cz\/index.php\/wp-json\/wp\/v2\/categories?post=23026"},{"taxonomy":"post_tag","embeddable":true,"href":"https:\/\/evertonfc.cz\/index.php\/wp-json\/wp\/v2\/tags?post=23026"}],"curies":[{"name":"wp","href":"https:\/\/api.w.org\/{rel}","templated":true}]}}