{"id":23037,"date":"2023-10-21T09:40:18","date_gmt":"2023-10-21T07:40:18","guid":{"rendered":"https:\/\/evertonfc.cz\/?p=23037"},"modified":"2023-10-21T11:01:02","modified_gmt":"2023-10-21T09:01:02","slug":"preview-liverpool-everton-12","status":"publish","type":"post","link":"https:\/\/evertonfc.cz\/index.php\/2023\/10\/21\/preview-liverpool-everton-12\/","title":{"rendered":"Preview: Liverpool &#8211; Everton"},"content":{"rendered":"<h4>M\u016f\u017eeme si za to v\u0161ichni sami. Vybrali jsme si Everton a te\u010f mus\u00edme trp\u011bt. B\u011bs Merseyside derby p\u0159ich\u00e1z\u00ed a bude zkou\u0161et na\u0161i pevnou v\u016fli.<\/h4>\n<p>Asi m\u00e1lokdo z\u00a0n\u00e1s pamatuje lep\u0161\u00ed \u010dasy. Graf historie boj\u016f o vl\u00e1du nad m\u011bstem ukazuje, \u017ee u\u017e v\u00a0polovin\u011b 60. let za\u010dal ztr\u00e1cet dech, a i p\u0159es nadechnut\u00ed o 2 dek\u00e1dy pozd\u011bji, kdy se Toffees p\u0159ibl\u00ed\u017eili evropsk\u00e9mu piedestalu, p\u0159i\u0161li v\u00a0osmdes\u00e1tk\u00e1ch natrvalo o m\u011bstskou p\u0159evahu a od t\u00e9 doby se rozd\u00edl zm\u011bnil v\u00a0men\u0161\u00ed propast.<\/p>\n<p>Aby taky ne. David Moyes, blah\u00e9 pam\u011bti, rebrandoval \u201eDogs of war\u201c do \u201ePeople\u2019s club\u201c, dok\u00e1zal nen\u00e1vid\u011bn\u00e9ho soka porazit, ale z\u00a025 pokus\u016f to bylo jen 4kr\u00e1t. Byly to kr\u00e1sn\u00e9 momenty, by\u0165 o Gosling\u016fv z\u00e1sah n\u00e1s okradla ITV. A byly to bolestiv\u00e9 momenty, jako semifin\u00e1le FA Cupu 2012. Pokud se Evertonians kdy opov\u00e1\u017eili rezat\u00e9ho Skota kritizovat, tak to bylo za jeho sta\u017een\u00fd ocas p\u0159i z\u00e1pasech mimo Goodison.<\/p>\n<p>Jen\u017ee p\u0159i\u0161ly\u00a0 je\u0161t\u011b hor\u0161\u00ed \u010dasy. \u017d\u00e1dn\u00fd z Davidov\u00fdch n\u00e1stupc\u016f dlouh\u00e1 l\u00e9ta nedok\u00e1zal splnit nejv\u0159elej\u0161\u00ed p\u0159\u00e1n\u00ed The Blues, ve kter\u00e9 jsme mohli doufat. Roberto Mart\u00ednez za\u010dal slibn\u011b, ale \u0161ance mu protekla mezi prsty i kv\u016fli dob\u0159e promazan\u00e9mu stroji, kter\u00fd \u0159\u00eddil paradoxn\u011b jeho n\u00e1stupce ze Swansea, Brendan Rodgers. D\u00e1l u\u017e je to skoro darmo ps\u00e1t. Koeman zapsal 2 por\u00e1\u017eky, Allardyce ubetonoval 2 rem\u00edzy a Marco Silva po derby dokonce balil kufry.<\/p>\n<p>Jako by n\u00e1s osud cht\u011bl zkou\u0161et, nejlep\u0161\u00ed l\u00e9ta Carla Ancelottiho a prolomen\u00ed t\u00e9 \u00fad\u011bsn\u00e9 s\u00e9rie op\u011bt ukryla covidov\u00e1 mlha. Pokus o tah \u010f\u00e1blem se nezda\u0159il, \u010dtvrt\u00fd nej\u00fasp\u011b\u0161n\u011bj\u0161\u00ed mana\u017eer v historii MD R.B.Maudes n\u00e1s oklamal. Frank Lampard ze 2 z\u00e1pas\u016f vym\u00e1mil bod\u00edk, co\u017e z n\u011bj ale t\u00e9m\u011b\u0159 v tak mizern\u00e9 konkurenci d\u011bl\u00e1 jednook\u00e9ho\u2026 prince.<\/p>\n<p>P\u0159es v\u0161echny v\u00fdtky Sean Dyche zlep\u0161il \u010d\u00edsla Evertonu oproti lo\u0148sk\u00e9 sez\u00f3n\u011b. Pokud bychom m\u011bli v\u011b\u0159it statistice xG, m\u016f\u017eeme se tetelit blahem. Realita ale p\u0159isp\u011bchala a nastavila t\u00e9to statistice zrcadlo: jsme o deset m\u00edst n\u00ed\u017ee. A to m\u00e1me za sebou jeden z nejsch\u016fdn\u011bj\u0161\u00edch los\u016f.<\/p>\n<p>Bilance Dycheho jako lodivoda burnleysk\u00e9ho nen\u00ed tak\u00e9 z\u00e1zra\u010dn\u00e1, vyhr\u00e1l 2kr\u00e1t ze 14 m\u011b\u0159en\u00ed. Jeho prvn\u00ed derby se pak rovnalo sp\u00ed\u0161e pokusu p\u0159eb\u011bhnout n\u00e1m\u011bst\u00ed s kalhoty dole se ct\u00ed. Budu ale doufat, \u017ee dok\u00e1zal b\u011bhem reprezenta\u010dn\u00ed pauzy vymyslet n\u011bjak\u00e9 triky a p\u0159ipravit sv\u00e9 sv\u011b\u0159ence k p\u0159ekvapiv\u00e9mu skalpu. V\u011bt\u0161in\u011b z nich se povol\u00e1vac\u00ed rozkazy do n\u00e1rodn\u00edch v\u00fdb\u011br\u016f, na rozd\u00edl od soupe\u0159e, vyhnuly.<\/p>\n<h4><strong>Kdo bude a kdo ne<\/strong><\/h4>\n<p>Marodka se n\u00e1m po letech vypr\u00e1zdnila. Mimo z\u016fstali jen Andr\u00e9 Gomes a Dele Alli. Seamus Coleman p\u0159ed 14 lety debutoval v dresu Evertonu proti Benfice ve skupin\u011b Evropsk\u00e9 ligy <em>(a dnes dr\u017e\u00ed rekord v d\u00e9lce p\u016fsoben\u00ed v jednom klubu v r\u00e1mci cel\u00e9 ligy &#8211; pozn. red.).<\/em> Do z\u00e1kladu to dnes nebude, ale u\u017e by mohl p\u0159ilo\u017eit ruku k d\u00edlu.<\/p>\n<p>Rival letos obdr\u017eel u\u017e 4 \u010derven\u00e9 karty, trest byl ale pro p\u00e1r z\u00a0nich prominut. Chyb\u011bt ale pro jednu z\u00a0nich bude Curtis Jones. D\u00e1le se budou muset obej\u00edt bez pomoci Bajcetice, Kellehera, Thiaga a Robertsona.<\/p>\n<p><strong>Co<\/strong>: Liverpool &#8211; Everton, 9. kolo Premier League<br \/>\n<strong>Kdy<\/strong>: 21. \u0159\u00edjna 2023 od 13:30<br \/>\n<strong>Kde<\/strong>: Anfield &#8211; Anfield Road, Liverpool, L4 0TH (kapacita: 54\u00a0074)<br \/>\n<strong>TV<\/strong>: na Canal+ Sport studio od 13:00 (komentuje Mat\u00fa\u0161 Luk\u00e1\u010d)<br \/>\n<strong>Rozhod\u010d\u00ed<\/strong>: Craig Pawson\u00a0 <strong>Pomezn\u00ed<\/strong>: Marc Perry, Wade Smith\u00a0 <strong>\u010ctvrt\u00fd rozhod\u010d\u00ed<\/strong>: Thomas Bramall<br \/>\n<strong>VAR<\/strong>: David Coote\u00a0 <strong>Asistent VAR<\/strong>: Stuart Burt<\/p>\n","protected":false},"excerpt":{"rendered":"<p>M\u016f\u017eeme si za to v\u0161ichni sami. Vybrali jsme si Everton a te\u010f mus\u00edme trp\u011bt. B\u011bs Merseyside derby p\u0159ich\u00e1z\u00ed a bude zkou\u0161et na\u0161i pevnou v\u016fli.<\/p>\n","protected":false},"author":10,"featured_media":14233,"comment_status":"open","ping_status":"closed","sticky":false,"template":"","format":"standard","meta":{"_eb_attr":"","_monsterinsights_skip_tracking":false,"_monsterinsights_sitenote_active":false,"_monsterinsights_sitenote_note":"","_monsterinsights_sitenote_category":0,"footnotes":""},"categories":[4],"tags":[],"yoast_head":"<!-- This site is optimized with the Yoast SEO plugin v23.4 - https:\/\/yoast.com\/wordpress\/plugins\/seo\/ -->\n<title>Preview: Liverpool - Everton - Official Czech &amp; Slovak Everton Supporters&#039; Club<\/title>\n<meta name=\"robots\" content=\"index, follow, max-snippet:-1, max-image-preview:large, max-video-preview:-1\" \/>\n<link rel=\"canonical\" href=\"https:\/\/evertonfc.cz\/index.php\/2023\/10\/21\/preview-liverpool-everton-12\/\" \/>\n<meta property=\"og:locale\" content=\"cs_CZ\" \/>\n<meta property=\"og:type\" content=\"article\" \/>\n<meta property=\"og:title\" content=\"Preview: Liverpool - Everton - Official Czech &amp; Slovak Everton Supporters&#039; Club\" \/>\n<meta property=\"og:description\" content=\"M\u016f\u017eeme si za to v\u0161ichni sami. Vybrali jsme si Everton a te\u010f mus\u00edme trp\u011bt. B\u011bs Merseyside derby p\u0159ich\u00e1z\u00ed a bude zkou\u0161et na\u0161i pevnou v\u016fli.\" \/>\n<meta property=\"og:url\" content=\"https:\/\/evertonfc.cz\/index.php\/2023\/10\/21\/preview-liverpool-everton-12\/\" \/>\n<meta property=\"og:site_name\" content=\"Official Czech &amp; Slovak Everton Supporters&#039; Club\" \/>\n<meta property=\"article:publisher\" content=\"https:\/\/www.facebook.com\/everton.fans.cz.sk\" \/>\n<meta property=\"article:published_time\" content=\"2023-10-21T07:40:18+00:00\" \/>\n<meta property=\"article:modified_time\" content=\"2023-10-21T09:01:02+00:00\" \/>\n<meta property=\"og:image\" content=\"https:\/\/evertonfc.cz\/wp-content\/uploads\/2021\/02\/Liverpool-VS-Everton.jpg\" \/>\n\t<meta property=\"og:image:width\" content=\"720\" \/>\n\t<meta property=\"og:image:height\" content=\"405\" \/>\n\t<meta property=\"og:image:type\" content=\"image\/jpeg\" \/>\n<meta name=\"author\" content=\"Fip\" \/>\n<meta name=\"twitter:card\" content=\"summary_large_image\" \/>\n<meta name=\"twitter:label1\" content=\"Napsal(a)\" \/>\n\t<meta name=\"twitter:data1\" content=\"Fip\" \/>\n\t<meta name=\"twitter:label2\" content=\"Odhadovan\u00e1 doba \u010dten\u00ed\" \/>\n\t<meta name=\"twitter:data2\" content=\"3 minuty\" \/>\n<script type=\"application\/ld+json\" class=\"yoast-schema-graph\">{\"@context\":\"https:\/\/schema.org\",\"@graph\":[{\"@type\":\"Article\",\"@id\":\"https:\/\/evertonfc.cz\/index.php\/2023\/10\/21\/preview-liverpool-everton-12\/#article\",\"isPartOf\":{\"@id\":\"https:\/\/evertonfc.cz\/index.php\/2023\/10\/21\/preview-liverpool-everton-12\/\"},\"author\":{\"name\":\"Fip\",\"@id\":\"https:\/\/evertonfc.cz\/#\/schema\/person\/35904009755e8eaa0dc1a5f5f0419002\"},\"headline\":\"Preview: Liverpool &#8211; Everton\",\"datePublished\":\"2023-10-21T07:40:18+00:00\",\"dateModified\":\"2023-10-21T09:01:02+00:00\",\"mainEntityOfPage\":{\"@id\":\"https:\/\/evertonfc.cz\/index.php\/2023\/10\/21\/preview-liverpool-everton-12\/\"},\"wordCount\":662,\"commentCount\":4,\"publisher\":{\"@id\":\"https:\/\/evertonfc.cz\/#organization\"},\"image\":{\"@id\":\"https:\/\/evertonfc.cz\/index.php\/2023\/10\/21\/preview-liverpool-everton-12\/#primaryimage\"},\"thumbnailUrl\":\"https:\/\/evertonfc.cz\/wp-content\/uploads\/2021\/02\/Liverpool-VS-Everton.jpg\",\"articleSection\":[\"Z\u00e1pasy\"],\"inLanguage\":\"cs\",\"potentialAction\":[{\"@type\":\"CommentAction\",\"name\":\"Comment\",\"target\":[\"https:\/\/evertonfc.cz\/index.php\/2023\/10\/21\/preview-liverpool-everton-12\/#respond\"]}]},{\"@type\":\"WebPage\",\"@id\":\"https:\/\/evertonfc.cz\/index.php\/2023\/10\/21\/preview-liverpool-everton-12\/\",\"url\":\"https:\/\/evertonfc.cz\/index.php\/2023\/10\/21\/preview-liverpool-everton-12\/\",\"name\":\"Preview: Liverpool - Everton - Official Czech &amp; Slovak Everton Supporters&#039; Club\",\"isPartOf\":{\"@id\":\"https:\/\/evertonfc.cz\/#website\"},\"primaryImageOfPage\":{\"@id\":\"https:\/\/evertonfc.cz\/index.php\/2023\/10\/21\/preview-liverpool-everton-12\/#primaryimage\"},\"image\":{\"@id\":\"https:\/\/evertonfc.cz\/index.php\/2023\/10\/21\/preview-liverpool-everton-12\/#primaryimage\"},\"thumbnailUrl\":\"https:\/\/evertonfc.cz\/wp-content\/uploads\/2021\/02\/Liverpool-VS-Everton.jpg\",\"datePublished\":\"2023-10-21T07:40:18+00:00\",\"dateModified\":\"2023-10-21T09:01:02+00:00\",\"breadcrumb\":{\"@id\":\"https:\/\/evertonfc.cz\/index.php\/2023\/10\/21\/preview-liverpool-everton-12\/#breadcrumb\"},\"inLanguage\":\"cs\",\"potentialAction\":[{\"@type\":\"ReadAction\",\"target\":[\"https:\/\/evertonfc.cz\/index.php\/2023\/10\/21\/preview-liverpool-everton-12\/\"]}]},{\"@type\":\"ImageObject\",\"inLanguage\":\"cs\",\"@id\":\"https:\/\/evertonfc.cz\/index.php\/2023\/10\/21\/preview-liverpool-everton-12\/#primaryimage\",\"url\":\"https:\/\/evertonfc.cz\/wp-content\/uploads\/2021\/02\/Liverpool-VS-Everton.jpg\",\"contentUrl\":\"https:\/\/evertonfc.cz\/wp-content\/uploads\/2021\/02\/Liverpool-VS-Everton.jpg\",\"width\":720,\"height\":405},{\"@type\":\"BreadcrumbList\",\"@id\":\"https:\/\/evertonfc.cz\/index.php\/2023\/10\/21\/preview-liverpool-everton-12\/#breadcrumb\",\"itemListElement\":[{\"@type\":\"ListItem\",\"position\":1,\"name\":\"Home\",\"item\":\"https:\/\/evertonfc.cz\/\"},{\"@type\":\"ListItem\",\"position\":2,\"name\":\"Preview: Liverpool &#8211; Everton\"}]},{\"@type\":\"WebSite\",\"@id\":\"https:\/\/evertonfc.cz\/#website\",\"url\":\"https:\/\/evertonfc.cz\/\",\"name\":\"Official Czech &amp; Slovak Everton Supporters&#039; Club\",\"description\":\"\",\"publisher\":{\"@id\":\"https:\/\/evertonfc.cz\/#organization\"},\"potentialAction\":[{\"@type\":\"SearchAction\",\"target\":{\"@type\":\"EntryPoint\",\"urlTemplate\":\"https:\/\/evertonfc.cz\/?s={search_term_string}\"},\"query-input\":{\"@type\":\"PropertyValueSpecification\",\"valueRequired\":true,\"valueName\":\"search_term_string\"}}],\"inLanguage\":\"cs\"},{\"@type\":\"Organization\",\"@id\":\"https:\/\/evertonfc.cz\/#organization\",\"name\":\"Official Czech & Slovak Everton Supporters' Club\",\"url\":\"https:\/\/evertonfc.cz\/\",\"logo\":{\"@type\":\"ImageObject\",\"inLanguage\":\"cs\",\"@id\":\"https:\/\/evertonfc.cz\/#\/schema\/logo\/image\/\",\"url\":\"https:\/\/evertonfc.cz\/wp-content\/uploads\/2019\/05\/logo.png\",\"contentUrl\":\"https:\/\/evertonfc.cz\/wp-content\/uploads\/2019\/05\/logo.png\",\"width\":112,\"height\":112,\"caption\":\"Official Czech & Slovak Everton Supporters' Club\"},\"image\":{\"@id\":\"https:\/\/evertonfc.cz\/#\/schema\/logo\/image\/\"},\"sameAs\":[\"https:\/\/www.facebook.com\/everton.fans.cz.sk\"]},{\"@type\":\"Person\",\"@id\":\"https:\/\/evertonfc.cz\/#\/schema\/person\/35904009755e8eaa0dc1a5f5f0419002\",\"name\":\"Fip\",\"url\":\"https:\/\/evertonfc.cz\/index.php\/author\/fip\/\"}]}<\/script>\n<!-- \/ Yoast SEO plugin. -->","yoast_head_json":{"title":"Preview: Liverpool - Everton - Official Czech &amp; Slovak Everton Supporters&#039; Club","robots":{"index":"index","follow":"follow","max-snippet":"max-snippet:-1","max-image-preview":"max-image-preview:large","max-video-preview":"max-video-preview:-1"},"canonical":"https:\/\/evertonfc.cz\/index.php\/2023\/10\/21\/preview-liverpool-everton-12\/","og_locale":"cs_CZ","og_type":"article","og_title":"Preview: Liverpool - Everton - Official Czech &amp; Slovak Everton Supporters&#039; Club","og_description":"M\u016f\u017eeme si za to v\u0161ichni sami. Vybrali jsme si Everton a te\u010f mus\u00edme trp\u011bt. B\u011bs Merseyside derby p\u0159ich\u00e1z\u00ed a bude zkou\u0161et na\u0161i pevnou v\u016fli.","og_url":"https:\/\/evertonfc.cz\/index.php\/2023\/10\/21\/preview-liverpool-everton-12\/","og_site_name":"Official Czech &amp; Slovak Everton Supporters&#039; Club","article_publisher":"https:\/\/www.facebook.com\/everton.fans.cz.sk","article_published_time":"2023-10-21T07:40:18+00:00","article_modified_time":"2023-10-21T09:01:02+00:00","og_image":[{"width":720,"height":405,"url":"https:\/\/evertonfc.cz\/wp-content\/uploads\/2021\/02\/Liverpool-VS-Everton.jpg","type":"image\/jpeg"}],"author":"Fip","twitter_card":"summary_large_image","twitter_misc":{"Napsal(a)":"Fip","Odhadovan\u00e1 doba \u010dten\u00ed":"3 minuty"},"schema":{"@context":"https:\/\/schema.org","@graph":[{"@type":"Article","@id":"https:\/\/evertonfc.cz\/index.php\/2023\/10\/21\/preview-liverpool-everton-12\/#article","isPartOf":{"@id":"https:\/\/evertonfc.cz\/index.php\/2023\/10\/21\/preview-liverpool-everton-12\/"},"author":{"name":"Fip","@id":"https:\/\/evertonfc.cz\/#\/schema\/person\/35904009755e8eaa0dc1a5f5f0419002"},"headline":"Preview: Liverpool &#8211; Everton","datePublished":"2023-10-21T07:40:18+00:00","dateModified":"2023-10-21T09:01:02+00:00","mainEntityOfPage":{"@id":"https:\/\/evertonfc.cz\/index.php\/2023\/10\/21\/preview-liverpool-everton-12\/"},"wordCount":662,"commentCount":4,"publisher":{"@id":"https:\/\/evertonfc.cz\/#organization"},"image":{"@id":"https:\/\/evertonfc.cz\/index.php\/2023\/10\/21\/preview-liverpool-everton-12\/#primaryimage"},"thumbnailUrl":"https:\/\/evertonfc.cz\/wp-content\/uploads\/2021\/02\/Liverpool-VS-Everton.jpg","articleSection":["Z\u00e1pasy"],"inLanguage":"cs","potentialAction":[{"@type":"CommentAction","name":"Comment","target":["https:\/\/evertonfc.cz\/index.php\/2023\/10\/21\/preview-liverpool-everton-12\/#respond"]}]},{"@type":"WebPage","@id":"https:\/\/evertonfc.cz\/index.php\/2023\/10\/21\/preview-liverpool-everton-12\/","url":"https:\/\/evertonfc.cz\/index.php\/2023\/10\/21\/preview-liverpool-everton-12\/","name":"Preview: Liverpool - Everton - Official Czech &amp; Slovak Everton Supporters&#039; Club","isPartOf":{"@id":"https:\/\/evertonfc.cz\/#website"},"primaryImageOfPage":{"@id":"https:\/\/evertonfc.cz\/index.php\/2023\/10\/21\/preview-liverpool-everton-12\/#primaryimage"},"image":{"@id":"https:\/\/evertonfc.cz\/index.php\/2023\/10\/21\/preview-liverpool-everton-12\/#primaryimage"},"thumbnailUrl":"https:\/\/evertonfc.cz\/wp-content\/uploads\/2021\/02\/Liverpool-VS-Everton.jpg","datePublished":"2023-10-21T07:40:18+00:00","dateModified":"2023-10-21T09:01:02+00:00","breadcrumb":{"@id":"https:\/\/evertonfc.cz\/index.php\/2023\/10\/21\/preview-liverpool-everton-12\/#breadcrumb"},"inLanguage":"cs","potentialAction":[{"@type":"ReadAction","target":["https:\/\/evertonfc.cz\/index.php\/2023\/10\/21\/preview-liverpool-everton-12\/"]}]},{"@type":"ImageObject","inLanguage":"cs","@id":"https:\/\/evertonfc.cz\/index.php\/2023\/10\/21\/preview-liverpool-everton-12\/#primaryimage","url":"https:\/\/evertonfc.cz\/wp-content\/uploads\/2021\/02\/Liverpool-VS-Everton.jpg","contentUrl":"https:\/\/evertonfc.cz\/wp-content\/uploads\/2021\/02\/Liverpool-VS-Everton.jpg","width":720,"height":405},{"@type":"BreadcrumbList","@id":"https:\/\/evertonfc.cz\/index.php\/2023\/10\/21\/preview-liverpool-everton-12\/#breadcrumb","itemListElement":[{"@type":"ListItem","position":1,"name":"Home","item":"https:\/\/evertonfc.cz\/"},{"@type":"ListItem","position":2,"name":"Preview: Liverpool &#8211; Everton"}]},{"@type":"WebSite","@id":"https:\/\/evertonfc.cz\/#website","url":"https:\/\/evertonfc.cz\/","name":"Official Czech &amp; Slovak Everton Supporters&#039; Club","description":"","publisher":{"@id":"https:\/\/evertonfc.cz\/#organization"},"potentialAction":[{"@type":"SearchAction","target":{"@type":"EntryPoint","urlTemplate":"https:\/\/evertonfc.cz\/?s={search_term_string}"},"query-input":{"@type":"PropertyValueSpecification","valueRequired":true,"valueName":"search_term_string"}}],"inLanguage":"cs"},{"@type":"Organization","@id":"https:\/\/evertonfc.cz\/#organization","name":"Official Czech & Slovak Everton Supporters' Club","url":"https:\/\/evertonfc.cz\/","logo":{"@type":"ImageObject","inLanguage":"cs","@id":"https:\/\/evertonfc.cz\/#\/schema\/logo\/image\/","url":"https:\/\/evertonfc.cz\/wp-content\/uploads\/2019\/05\/logo.png","contentUrl":"https:\/\/evertonfc.cz\/wp-content\/uploads\/2019\/05\/logo.png","width":112,"height":112,"caption":"Official Czech & Slovak Everton Supporters' Club"},"image":{"@id":"https:\/\/evertonfc.cz\/#\/schema\/logo\/image\/"},"sameAs":["https:\/\/www.facebook.com\/everton.fans.cz.sk"]},{"@type":"Person","@id":"https:\/\/evertonfc.cz\/#\/schema\/person\/35904009755e8eaa0dc1a5f5f0419002","name":"Fip","url":"https:\/\/evertonfc.cz\/index.php\/author\/fip\/"}]}},"_links":{"self":[{"href":"https:\/\/evertonfc.cz\/index.php\/wp-json\/wp\/v2\/posts\/23037"}],"collection":[{"href":"https:\/\/evertonfc.cz\/index.php\/wp-json\/wp\/v2\/posts"}],"about":[{"href":"https:\/\/evertonfc.cz\/index.php\/wp-json\/wp\/v2\/types\/post"}],"author":[{"embeddable":true,"href":"https:\/\/evertonfc.cz\/index.php\/wp-json\/wp\/v2\/users\/10"}],"replies":[{"embeddable":true,"href":"https:\/\/evertonfc.cz\/index.php\/wp-json\/wp\/v2\/comments?post=23037"}],"version-history":[{"count":5,"href":"https:\/\/evertonfc.cz\/index.php\/wp-json\/wp\/v2\/posts\/23037\/revisions"}],"predecessor-version":[{"id":23043,"href":"https:\/\/evertonfc.cz\/index.php\/wp-json\/wp\/v2\/posts\/23037\/revisions\/23043"}],"wp:featuredmedia":[{"embeddable":true,"href":"https:\/\/evertonfc.cz\/index.php\/wp-json\/wp\/v2\/media\/14233"}],"wp:attachment":[{"href":"https:\/\/evertonfc.cz\/index.php\/wp-json\/wp\/v2\/media?parent=23037"}],"wp:term":[{"taxonomy":"category","embeddable":true,"href":"https:\/\/evertonfc.cz\/index.php\/wp-json\/wp\/v2\/categories?post=23037"},{"taxonomy":"post_tag","embeddable":true,"href":"https:\/\/evertonfc.cz\/index.php\/wp-json\/wp\/v2\/tags?post=23037"}],"curies":[{"name":"wp","href":"https:\/\/api.w.org\/{rel}","templated":true}]}}