{"id":23062,"date":"2023-10-26T21:03:53","date_gmt":"2023-10-26T19:03:53","guid":{"rendered":"https:\/\/evertonfc.cz\/?p=23062"},"modified":"2023-10-29T18:48:48","modified_gmt":"2023-10-29T17:48:48","slug":"everton-w-manchester-united-w-05","status":"publish","type":"post","link":"https:\/\/evertonfc.cz\/index.php\/2023\/10\/26\/everton-w-manchester-united-w-05\/","title":{"rendered":"Everton W &#8211; Manchester United W 0:5"},"content":{"rendered":"<h4>Kdo doufal po v\u00fdkonu v derby, \u017ee kone\u010dn\u011b za\u010dneme hr\u00e1t solidn\u00ed fotbal, dostal t\u00edmto z\u00e1pasem tvrdou r\u00e1nu. Po kolapsu ve druh\u00e9m polo\u010dase jsme utrp\u011bli debakl 0:5.<\/h4>\n<p>Do z\u00e1pasu jsme nastupovali s odhodl\u00e1n\u00edm i vysok\u00fdmi o\u010dek\u00e1v\u00e1n\u00edmi. V\u00fdkon v ned\u00e1vn\u00e9m derby byl povzbuzuj\u00edc\u00ed a optimist\u00e9 doufali v prvn\u00ed leto\u0161n\u00ed dom\u00e1c\u00ed v\u00edt\u011bzstv\u00ed. Hostky naopak m\u011bly n\u00e1ladu poka\u017eenou vy\u0159azen\u00edm z Ligy mistr\u016f, kdy\u017e nesta\u010dily na PSG a s milion\u00e1\u0159skou ligou se rozlou\u010dily v druh\u00e9m kole kvalifikace. Nakonec v\u0161e dopadlo jinak, ne\u017e jak se mohlo i m\u00edrn\u00fdm optimist\u016fm p\u0159ed z\u00e1pasem zd\u00e1t. Ale o tom pozd\u011bji.\u00a0 Na\u0161e sestava se od derby nezm\u011bnila. Kv\u016fli absenci Hope nastoupila Wheeler do z\u00e1kladu a rovn\u011b\u017e Snoeijs byla na h\u0159i\u0161ti u\u017e od za\u010d\u00e1tku. United m\u011bly k dispozici nejlep\u0161\u00ed g\u00f3lmanku ned\u00e1vn\u00e9ho mondialu Earps, chyb\u011bla jim ov\u0161em \u0161p\u00edlmacherka Geyse a rychlonoh\u00e1 Galton.<\/p>\n<h4>Prvn\u00ed polo\u010das<\/h4>\n<p>Kr\u00e1tce po zah\u00e1jen\u00ed utk\u00e1n\u00ed musela Brosnan likvidovat \u0161anci Malard. Z\u00a0 na\u0161e barvy se pokusila otestovat Earps v brance United S\u00f8rensen, \u017eel oba jej\u00ed pokusy postr\u00e1daly p\u0159esnost. Zejm\u00e9na druh\u00e1 \u0161ance na\u0161\u00ed D\u00e1nky volala po prom\u011bn\u011bn\u00ed. Po t\u00e9m\u011b\u0159 \u010dtvrthodin\u011b hry po men\u0161\u00edm skrum\u00e1\u017ei v na\u0161em v\u00e1pn\u011b p\u0159esko\u010dila Malard Brosnan a hlavou dostala Red Devils do veden\u00ed &#8211; <strong>0:1<\/strong>. Prohr\u00e1vali jsme, ale ruce (tedy sp\u00ed\u0161e nohy) jsme do kl\u00edna neslo\u017eili. Bennison zanedlouho zkusila vyrovnat, Earps ale jej\u00ed technickou st\u0159elu zd\u00e1lky kryla. Nad\u011bjn\u011b vypadal i pokus S\u00f8rensen, kdy\u017e zachytila rozehr\u00e1vku Turner, nicm\u00e9n\u011b p\u0159ekonat brank\u00e1\u0159ku United se j\u00ed ani tentokr\u00e1t nepoda\u0159ilo.<\/p>\n<h4>Druh\u00fd polo\u010das<\/h4>\n<p>S jednobrankov\u00fdm mankem a v nezm\u011bn\u011bn\u00e9 sestav\u011b jsme vykro\u010dili do druh\u00e9 p\u016fle z\u00e1pasu. Na\u0161e nad\u011bje na vyrovn\u00e1n\u00ed, ne\u0159ku-li na zvrat sk\u00f3re ale vzaly krut\u011b zasv\u00e9. Nejprve v 58. minut\u011b Parris netrp\u011bla sentimentem z utk\u00e1n\u00ed s klubem, ve kter\u00e9m str\u00e1vila sv\u00e9 fotbalov\u00e9 profesion\u00e1ln\u00ed za\u010d\u00e1tky a jej\u00ed hlavi\u010dka skon\u010dila v s\u00edti s te\u010d\u00ed Brosnan <strong>0:2<\/strong>. Bylo jasn\u00e9, \u017ee n\u00e1m te\u010de do bot a slou\u017e\u00ed n\u00e1m ke cti, \u017ee jsme se sna\u017eili o kontaktn\u00ed g\u00f3l. Nejbl\u00ed\u017ee k n\u011bmu m\u011bla Veje, bohu\u017eel m\u00ed\u0159ila t\u011bsn\u011b mimo. A byla to\u00a0 op\u011bt Parris, kdo n\u00e1s v 77. minut\u011b p\u0159ivedl do pot\u00ed\u017e\u00ed. Na hranici v\u00e1pna si poradila s Veje a poslala m\u00ed\u010d p\u0159ed branku, kde Williams p\u0159idala dal\u0161\u00ed g\u00f3l utk\u00e1n\u00ed &#8211; <strong>0:3<\/strong>. Te\u010f u\u017e bylo jasn\u00e9, \u017ee n\u00e1s nejsp\u00ed\u0161 \u017e\u00e1dn\u00fd p\u011bkn\u00fd v\u00fdsledek ne\u010dek\u00e1. Ne\u010dekal. Nepomohl ani p\u0159\u00edchod \u010derstv\u00e9 Piemonte a Duggan. Naopak, v 85. minut\u011b p\u0159idala Williams sv\u016fj druh\u00fd g\u00f3l, op\u011bt s te\u010d\u00ed Brosnan &#8211; <strong>0:4<\/strong>. A lob Parris v prodlou\u017een\u00ed d\u00edlo zk\u00e1zy dokonal &#8211; <strong>0:5<\/strong>.<\/p>\n<h4><strong>Shrnut\u00ed:<\/strong><\/h4>\n<p>V\u00fdbuch v druh\u00e9m polo\u010dase byl nejsp\u00ed\u0161 souhrou v\u00edce faktor\u016f. Pod fyzick\u00fdm i psychick\u00fdm tlakem hrajeme vesm\u011bs \u0161patn\u011b a d\u016fsledn\u00e9 napad\u00e1n\u00ed United n\u00e1m nedovolilo rozehr\u00e1t moc slibn\u00fdch akc\u00ed. A pokud k tomu p\u0159ipo\u010dteme nep\u0159esn\u00e9 st\u0159eleck\u00e9 pokusy, kdy z 10 st\u0159el na branku mezi ty\u010de sm\u011b\u0159uj\u00ed jen 4 (pro srovn\u00e1n\u00ed, United z 18 st\u0159el trefily prostor branky 11 kr\u00e1t) je jasn\u00e9, \u017ee nutn\u011b mus\u00edme m\u00edt probl\u00e9m. Ani Brosnan se dnes nep\u0159edvedla pr\u00e1v\u011b nejl\u00e9pe: nechat se p\u0159esko\u010dit hlavi\u010dkuj\u00edc\u00ed hr\u00e1\u010dkou je mysl\u00edm pro brank\u00e1\u0159ku pon\u011bkud zahanbuj\u00edc\u00ed, stejn\u011b tak te\u010dovan\u00fd g\u00f3l na spokojenosti nep\u0159id\u00e1. Na prvn\u00ed v\u00edt\u011bzstv\u00ed na dom\u00e1c\u00ed p\u016fd\u011b tedy v tomto ro\u010dn\u00edku WSL st\u00e1le \u010dek\u00e1me. Snad n\u00e1m reprezenta\u010dn\u00ed pauze p\u0159ijde vhod a dok\u00e1\u017eeme se d\u00e1t dohromady p\u0159ed v\u00fdletem za Spurs 5.11. \u010cek\u00e1n\u00ed na z\u00e1pas str\u00e1v\u00edme na 10. m\u00edst\u011b tabulky, kde se kr\u010d\u00edme se t\u0159emi body. To\u017e tedy <span style=\"color: #0000ff;\" data-darkreader-inline-color=\"\"><strong>COYB!\u00a0<\/strong><\/span><\/p>\n<p style=\"text-align: right;\"><span style=\"font-size: 8pt;\"><em>Fotografie: Claire Wheeler (zdroj: evertonfc.com)<\/em><\/span><\/p>\n<p><strong>Branky:<\/strong> Malard 14\u00b4, Parris 58\u00b4 a 90+3, Williams 77\u00b4 a 85.\u00a0 <strong>\u017dK: <\/strong>Bj\u00f6rn &#8211; Riviere<\/p>\n<p><strong>Everton (3-4-1-2): <\/strong>Brosnan; Bjorn, Finnigan, Veje; Payne, Vanhaevermaet (Holmgaard 66\u00b4), Galli (Olesen 52\u00b4), Wheeler; Bennison (Bissell 66\u00b4), S\u00f8rensen (Piemonte 79\u00b4), Snoeijs (Duggan 79\u00b4)<\/p>\n<p><strong>United (4-2-3-1): <\/strong>Earps; Riviere, Le Tissier, Turner, Blundell (Evans 74\u00b4); Toone (Guerrero 83\u00b4\u00b4), Zelem, Garcia, Miyawaza, Malard (Williams 73); Parris (Naalsund 90+4\u00b4).<\/p>\n<p><strong>Rozhod\u010d\u00ed:<\/strong> Adam Herczeg\u00a0 <strong>Div\u00e1ci:<\/strong> 1990<\/p>\n<p><iframe loading=\"lazy\" title=\"Everton vs Manchester united women\u2019s super league | 22.10.23\" width=\"1140\" height=\"641\" src=\"https:\/\/www.youtube.com\/embed\/y625SSgu25E?feature=oembed\" frameborder=\"0\" allow=\"accelerometer; autoplay; clipboard-write; encrypted-media; gyroscope; picture-in-picture; web-share\" allowfullscreen><\/iframe><\/p>\n","protected":false},"excerpt":{"rendered":"<p>Kdo doufal po v\u00fdkonu v derby, \u017ee kone\u010dn\u011b za\u010dneme hr\u00e1t solidn\u00ed fotbal, dostal t\u00edmto z\u00e1pasem tvrdou r\u00e1nu. Po kolapsu ve druh\u00e9m polo\u010dase jsme utrp\u011bli debakl 0:5.<\/p>\n","protected":false},"author":26,"featured_media":23097,"comment_status":"open","ping_status":"closed","sticky":false,"template":"","format":"standard","meta":{"_eb_attr":"","_monsterinsights_skip_tracking":false,"_monsterinsights_sitenote_active":false,"_monsterinsights_sitenote_note":"","_monsterinsights_sitenote_category":0,"footnotes":""},"categories":[110],"tags":[],"yoast_head":"<!-- This site is optimized with the Yoast SEO plugin v23.4 - https:\/\/yoast.com\/wordpress\/plugins\/seo\/ -->\n<title>Everton W - Manchester United W 0:5 - Official Czech &amp; Slovak Everton Supporters&#039; Club<\/title>\n<meta name=\"robots\" content=\"index, follow, max-snippet:-1, max-image-preview:large, max-video-preview:-1\" \/>\n<link rel=\"canonical\" href=\"https:\/\/evertonfc.cz\/index.php\/2023\/10\/26\/everton-w-manchester-united-w-05\/\" \/>\n<meta property=\"og:locale\" content=\"cs_CZ\" \/>\n<meta property=\"og:type\" content=\"article\" \/>\n<meta property=\"og:title\" content=\"Everton W - Manchester United W 0:5 - Official Czech &amp; Slovak Everton Supporters&#039; Club\" \/>\n<meta property=\"og:description\" content=\"Kdo doufal po v\u00fdkonu v derby, \u017ee kone\u010dn\u011b za\u010dneme hr\u00e1t solidn\u00ed fotbal, dostal t\u00edmto z\u00e1pasem tvrdou r\u00e1nu. Po kolapsu ve druh\u00e9m polo\u010dase jsme utrp\u011bli debakl 0:5.\" \/>\n<meta property=\"og:url\" content=\"https:\/\/evertonfc.cz\/index.php\/2023\/10\/26\/everton-w-manchester-united-w-05\/\" \/>\n<meta property=\"og:site_name\" content=\"Official Czech &amp; Slovak Everton Supporters&#039; Club\" \/>\n<meta property=\"article:publisher\" content=\"https:\/\/www.facebook.com\/everton.fans.cz.sk\" \/>\n<meta property=\"article:published_time\" content=\"2023-10-26T19:03:53+00:00\" \/>\n<meta property=\"article:modified_time\" content=\"2023-10-29T17:48:48+00:00\" \/>\n<meta property=\"og:image\" content=\"https:\/\/evertonfc.cz\/wp-content\/uploads\/2023\/10\/Wheeler-vs-MUTD-web.jpg\" \/>\n\t<meta property=\"og:image:width\" content=\"720\" \/>\n\t<meta property=\"og:image:height\" content=\"405\" \/>\n\t<meta property=\"og:image:type\" content=\"image\/jpeg\" \/>\n<meta name=\"author\" content=\"Karamela\" \/>\n<meta name=\"twitter:card\" content=\"summary_large_image\" \/>\n<meta name=\"twitter:label1\" content=\"Napsal(a)\" \/>\n\t<meta name=\"twitter:data1\" content=\"Karamela\" \/>\n\t<meta name=\"twitter:label2\" content=\"Odhadovan\u00e1 doba \u010dten\u00ed\" \/>\n\t<meta name=\"twitter:data2\" content=\"4 minuty\" \/>\n<script type=\"application\/ld+json\" class=\"yoast-schema-graph\">{\"@context\":\"https:\/\/schema.org\",\"@graph\":[{\"@type\":\"Article\",\"@id\":\"https:\/\/evertonfc.cz\/index.php\/2023\/10\/26\/everton-w-manchester-united-w-05\/#article\",\"isPartOf\":{\"@id\":\"https:\/\/evertonfc.cz\/index.php\/2023\/10\/26\/everton-w-manchester-united-w-05\/\"},\"author\":{\"name\":\"Karamela\",\"@id\":\"https:\/\/evertonfc.cz\/#\/schema\/person\/e9a24a80a32efa1344dd2c4e5882185c\"},\"headline\":\"Everton W &#8211; Manchester United W 0:5\",\"datePublished\":\"2023-10-26T19:03:53+00:00\",\"dateModified\":\"2023-10-29T17:48:48+00:00\",\"mainEntityOfPage\":{\"@id\":\"https:\/\/evertonfc.cz\/index.php\/2023\/10\/26\/everton-w-manchester-united-w-05\/\"},\"wordCount\":791,\"commentCount\":0,\"publisher\":{\"@id\":\"https:\/\/evertonfc.cz\/#organization\"},\"image\":{\"@id\":\"https:\/\/evertonfc.cz\/index.php\/2023\/10\/26\/everton-w-manchester-united-w-05\/#primaryimage\"},\"thumbnailUrl\":\"https:\/\/evertonfc.cz\/wp-content\/uploads\/2023\/10\/Wheeler-vs-MUTD-web.jpg\",\"articleSection\":[\"Everton Women\"],\"inLanguage\":\"cs\",\"potentialAction\":[{\"@type\":\"CommentAction\",\"name\":\"Comment\",\"target\":[\"https:\/\/evertonfc.cz\/index.php\/2023\/10\/26\/everton-w-manchester-united-w-05\/#respond\"]}]},{\"@type\":\"WebPage\",\"@id\":\"https:\/\/evertonfc.cz\/index.php\/2023\/10\/26\/everton-w-manchester-united-w-05\/\",\"url\":\"https:\/\/evertonfc.cz\/index.php\/2023\/10\/26\/everton-w-manchester-united-w-05\/\",\"name\":\"Everton W - Manchester United W 0:5 - Official Czech &amp; Slovak Everton Supporters&#039; Club\",\"isPartOf\":{\"@id\":\"https:\/\/evertonfc.cz\/#website\"},\"primaryImageOfPage\":{\"@id\":\"https:\/\/evertonfc.cz\/index.php\/2023\/10\/26\/everton-w-manchester-united-w-05\/#primaryimage\"},\"image\":{\"@id\":\"https:\/\/evertonfc.cz\/index.php\/2023\/10\/26\/everton-w-manchester-united-w-05\/#primaryimage\"},\"thumbnailUrl\":\"https:\/\/evertonfc.cz\/wp-content\/uploads\/2023\/10\/Wheeler-vs-MUTD-web.jpg\",\"datePublished\":\"2023-10-26T19:03:53+00:00\",\"dateModified\":\"2023-10-29T17:48:48+00:00\",\"breadcrumb\":{\"@id\":\"https:\/\/evertonfc.cz\/index.php\/2023\/10\/26\/everton-w-manchester-united-w-05\/#breadcrumb\"},\"inLanguage\":\"cs\",\"potentialAction\":[{\"@type\":\"ReadAction\",\"target\":[\"https:\/\/evertonfc.cz\/index.php\/2023\/10\/26\/everton-w-manchester-united-w-05\/\"]}]},{\"@type\":\"ImageObject\",\"inLanguage\":\"cs\",\"@id\":\"https:\/\/evertonfc.cz\/index.php\/2023\/10\/26\/everton-w-manchester-united-w-05\/#primaryimage\",\"url\":\"https:\/\/evertonfc.cz\/wp-content\/uploads\/2023\/10\/Wheeler-vs-MUTD-web.jpg\",\"contentUrl\":\"https:\/\/evertonfc.cz\/wp-content\/uploads\/2023\/10\/Wheeler-vs-MUTD-web.jpg\",\"width\":720,\"height\":405},{\"@type\":\"BreadcrumbList\",\"@id\":\"https:\/\/evertonfc.cz\/index.php\/2023\/10\/26\/everton-w-manchester-united-w-05\/#breadcrumb\",\"itemListElement\":[{\"@type\":\"ListItem\",\"position\":1,\"name\":\"Home\",\"item\":\"https:\/\/evertonfc.cz\/\"},{\"@type\":\"ListItem\",\"position\":2,\"name\":\"Everton W &#8211; Manchester United W 0:5\"}]},{\"@type\":\"WebSite\",\"@id\":\"https:\/\/evertonfc.cz\/#website\",\"url\":\"https:\/\/evertonfc.cz\/\",\"name\":\"Official Czech &amp; Slovak Everton Supporters&#039; Club\",\"description\":\"\",\"publisher\":{\"@id\":\"https:\/\/evertonfc.cz\/#organization\"},\"potentialAction\":[{\"@type\":\"SearchAction\",\"target\":{\"@type\":\"EntryPoint\",\"urlTemplate\":\"https:\/\/evertonfc.cz\/?s={search_term_string}\"},\"query-input\":{\"@type\":\"PropertyValueSpecification\",\"valueRequired\":true,\"valueName\":\"search_term_string\"}}],\"inLanguage\":\"cs\"},{\"@type\":\"Organization\",\"@id\":\"https:\/\/evertonfc.cz\/#organization\",\"name\":\"Official Czech & Slovak Everton Supporters' Club\",\"url\":\"https:\/\/evertonfc.cz\/\",\"logo\":{\"@type\":\"ImageObject\",\"inLanguage\":\"cs\",\"@id\":\"https:\/\/evertonfc.cz\/#\/schema\/logo\/image\/\",\"url\":\"https:\/\/evertonfc.cz\/wp-content\/uploads\/2019\/05\/logo.png\",\"contentUrl\":\"https:\/\/evertonfc.cz\/wp-content\/uploads\/2019\/05\/logo.png\",\"width\":112,\"height\":112,\"caption\":\"Official Czech & Slovak Everton Supporters' Club\"},\"image\":{\"@id\":\"https:\/\/evertonfc.cz\/#\/schema\/logo\/image\/\"},\"sameAs\":[\"https:\/\/www.facebook.com\/everton.fans.cz.sk\"]},{\"@type\":\"Person\",\"@id\":\"https:\/\/evertonfc.cz\/#\/schema\/person\/e9a24a80a32efa1344dd2c4e5882185c\",\"name\":\"Karamela\",\"url\":\"https:\/\/evertonfc.cz\/index.php\/author\/karamela\/\"}]}<\/script>\n<!-- \/ Yoast SEO plugin. -->","yoast_head_json":{"title":"Everton W - Manchester United W 0:5 - Official Czech &amp; Slovak Everton Supporters&#039; Club","robots":{"index":"index","follow":"follow","max-snippet":"max-snippet:-1","max-image-preview":"max-image-preview:large","max-video-preview":"max-video-preview:-1"},"canonical":"https:\/\/evertonfc.cz\/index.php\/2023\/10\/26\/everton-w-manchester-united-w-05\/","og_locale":"cs_CZ","og_type":"article","og_title":"Everton W - Manchester United W 0:5 - Official Czech &amp; Slovak Everton Supporters&#039; Club","og_description":"Kdo doufal po v\u00fdkonu v derby, \u017ee kone\u010dn\u011b za\u010dneme hr\u00e1t solidn\u00ed fotbal, dostal t\u00edmto z\u00e1pasem tvrdou r\u00e1nu. Po kolapsu ve druh\u00e9m polo\u010dase jsme utrp\u011bli debakl 0:5.","og_url":"https:\/\/evertonfc.cz\/index.php\/2023\/10\/26\/everton-w-manchester-united-w-05\/","og_site_name":"Official Czech &amp; Slovak Everton Supporters&#039; Club","article_publisher":"https:\/\/www.facebook.com\/everton.fans.cz.sk","article_published_time":"2023-10-26T19:03:53+00:00","article_modified_time":"2023-10-29T17:48:48+00:00","og_image":[{"width":720,"height":405,"url":"https:\/\/evertonfc.cz\/wp-content\/uploads\/2023\/10\/Wheeler-vs-MUTD-web.jpg","type":"image\/jpeg"}],"author":"Karamela","twitter_card":"summary_large_image","twitter_misc":{"Napsal(a)":"Karamela","Odhadovan\u00e1 doba \u010dten\u00ed":"4 minuty"},"schema":{"@context":"https:\/\/schema.org","@graph":[{"@type":"Article","@id":"https:\/\/evertonfc.cz\/index.php\/2023\/10\/26\/everton-w-manchester-united-w-05\/#article","isPartOf":{"@id":"https:\/\/evertonfc.cz\/index.php\/2023\/10\/26\/everton-w-manchester-united-w-05\/"},"author":{"name":"Karamela","@id":"https:\/\/evertonfc.cz\/#\/schema\/person\/e9a24a80a32efa1344dd2c4e5882185c"},"headline":"Everton W &#8211; Manchester United W 0:5","datePublished":"2023-10-26T19:03:53+00:00","dateModified":"2023-10-29T17:48:48+00:00","mainEntityOfPage":{"@id":"https:\/\/evertonfc.cz\/index.php\/2023\/10\/26\/everton-w-manchester-united-w-05\/"},"wordCount":791,"commentCount":0,"publisher":{"@id":"https:\/\/evertonfc.cz\/#organization"},"image":{"@id":"https:\/\/evertonfc.cz\/index.php\/2023\/10\/26\/everton-w-manchester-united-w-05\/#primaryimage"},"thumbnailUrl":"https:\/\/evertonfc.cz\/wp-content\/uploads\/2023\/10\/Wheeler-vs-MUTD-web.jpg","articleSection":["Everton Women"],"inLanguage":"cs","potentialAction":[{"@type":"CommentAction","name":"Comment","target":["https:\/\/evertonfc.cz\/index.php\/2023\/10\/26\/everton-w-manchester-united-w-05\/#respond"]}]},{"@type":"WebPage","@id":"https:\/\/evertonfc.cz\/index.php\/2023\/10\/26\/everton-w-manchester-united-w-05\/","url":"https:\/\/evertonfc.cz\/index.php\/2023\/10\/26\/everton-w-manchester-united-w-05\/","name":"Everton W - Manchester United W 0:5 - Official Czech &amp; Slovak Everton Supporters&#039; Club","isPartOf":{"@id":"https:\/\/evertonfc.cz\/#website"},"primaryImageOfPage":{"@id":"https:\/\/evertonfc.cz\/index.php\/2023\/10\/26\/everton-w-manchester-united-w-05\/#primaryimage"},"image":{"@id":"https:\/\/evertonfc.cz\/index.php\/2023\/10\/26\/everton-w-manchester-united-w-05\/#primaryimage"},"thumbnailUrl":"https:\/\/evertonfc.cz\/wp-content\/uploads\/2023\/10\/Wheeler-vs-MUTD-web.jpg","datePublished":"2023-10-26T19:03:53+00:00","dateModified":"2023-10-29T17:48:48+00:00","breadcrumb":{"@id":"https:\/\/evertonfc.cz\/index.php\/2023\/10\/26\/everton-w-manchester-united-w-05\/#breadcrumb"},"inLanguage":"cs","potentialAction":[{"@type":"ReadAction","target":["https:\/\/evertonfc.cz\/index.php\/2023\/10\/26\/everton-w-manchester-united-w-05\/"]}]},{"@type":"ImageObject","inLanguage":"cs","@id":"https:\/\/evertonfc.cz\/index.php\/2023\/10\/26\/everton-w-manchester-united-w-05\/#primaryimage","url":"https:\/\/evertonfc.cz\/wp-content\/uploads\/2023\/10\/Wheeler-vs-MUTD-web.jpg","contentUrl":"https:\/\/evertonfc.cz\/wp-content\/uploads\/2023\/10\/Wheeler-vs-MUTD-web.jpg","width":720,"height":405},{"@type":"BreadcrumbList","@id":"https:\/\/evertonfc.cz\/index.php\/2023\/10\/26\/everton-w-manchester-united-w-05\/#breadcrumb","itemListElement":[{"@type":"ListItem","position":1,"name":"Home","item":"https:\/\/evertonfc.cz\/"},{"@type":"ListItem","position":2,"name":"Everton W &#8211; Manchester United W 0:5"}]},{"@type":"WebSite","@id":"https:\/\/evertonfc.cz\/#website","url":"https:\/\/evertonfc.cz\/","name":"Official Czech &amp; Slovak Everton Supporters&#039; Club","description":"","publisher":{"@id":"https:\/\/evertonfc.cz\/#organization"},"potentialAction":[{"@type":"SearchAction","target":{"@type":"EntryPoint","urlTemplate":"https:\/\/evertonfc.cz\/?s={search_term_string}"},"query-input":{"@type":"PropertyValueSpecification","valueRequired":true,"valueName":"search_term_string"}}],"inLanguage":"cs"},{"@type":"Organization","@id":"https:\/\/evertonfc.cz\/#organization","name":"Official Czech & Slovak Everton Supporters' Club","url":"https:\/\/evertonfc.cz\/","logo":{"@type":"ImageObject","inLanguage":"cs","@id":"https:\/\/evertonfc.cz\/#\/schema\/logo\/image\/","url":"https:\/\/evertonfc.cz\/wp-content\/uploads\/2019\/05\/logo.png","contentUrl":"https:\/\/evertonfc.cz\/wp-content\/uploads\/2019\/05\/logo.png","width":112,"height":112,"caption":"Official Czech & Slovak Everton Supporters' Club"},"image":{"@id":"https:\/\/evertonfc.cz\/#\/schema\/logo\/image\/"},"sameAs":["https:\/\/www.facebook.com\/everton.fans.cz.sk"]},{"@type":"Person","@id":"https:\/\/evertonfc.cz\/#\/schema\/person\/e9a24a80a32efa1344dd2c4e5882185c","name":"Karamela","url":"https:\/\/evertonfc.cz\/index.php\/author\/karamela\/"}]}},"_links":{"self":[{"href":"https:\/\/evertonfc.cz\/index.php\/wp-json\/wp\/v2\/posts\/23062"}],"collection":[{"href":"https:\/\/evertonfc.cz\/index.php\/wp-json\/wp\/v2\/posts"}],"about":[{"href":"https:\/\/evertonfc.cz\/index.php\/wp-json\/wp\/v2\/types\/post"}],"author":[{"embeddable":true,"href":"https:\/\/evertonfc.cz\/index.php\/wp-json\/wp\/v2\/users\/26"}],"replies":[{"embeddable":true,"href":"https:\/\/evertonfc.cz\/index.php\/wp-json\/wp\/v2\/comments?post=23062"}],"version-history":[{"count":14,"href":"https:\/\/evertonfc.cz\/index.php\/wp-json\/wp\/v2\/posts\/23062\/revisions"}],"predecessor-version":[{"id":23128,"href":"https:\/\/evertonfc.cz\/index.php\/wp-json\/wp\/v2\/posts\/23062\/revisions\/23128"}],"wp:featuredmedia":[{"embeddable":true,"href":"https:\/\/evertonfc.cz\/index.php\/wp-json\/wp\/v2\/media\/23097"}],"wp:attachment":[{"href":"https:\/\/evertonfc.cz\/index.php\/wp-json\/wp\/v2\/media?parent=23062"}],"wp:term":[{"taxonomy":"category","embeddable":true,"href":"https:\/\/evertonfc.cz\/index.php\/wp-json\/wp\/v2\/categories?post=23062"},{"taxonomy":"post_tag","embeddable":true,"href":"https:\/\/evertonfc.cz\/index.php\/wp-json\/wp\/v2\/tags?post=23062"}],"curies":[{"name":"wp","href":"https:\/\/api.w.org\/{rel}","templated":true}]}}