{"id":23102,"date":"2023-11-28T16:08:13","date_gmt":"2023-11-28T15:08:13","guid":{"rendered":"https:\/\/evertonfc.cz\/?p=23102"},"modified":"2023-12-31T14:05:21","modified_gmt":"2023-12-31T13:05:21","slug":"prve-tribuny-a-tehlova-fasada","status":"publish","type":"post","link":"https:\/\/evertonfc.cz\/index.php\/2023\/11\/28\/prve-tribuny-a-tehlova-fasada\/","title":{"rendered":"Prv\u00e9 trib\u00fany a tehlov\u00e1 fas\u00e1da"},"content":{"rendered":"<h4>Pokra\u010dujeme v\u00a0sk\u00faman\u00ed zrodu novej sv\u00e4tyne Evertonians. Tentoraz sa pozrieme aj na robotn\u00edcku infra\u0161trukt\u00faru, bez ktorej by sa tie bet\u00f3nov\u00e9 trib\u00fany sam\u00e9 neosadili.<\/h4>\n<p>Na mieste stavby nov\u00e9ho \u0161tadi\u00f3na Evertonu v Bramley-Moore Dock s\u00fa v\u0161etk\u00fdm pracovn\u00edkom k dispoz\u00edcii popredn\u00e9 soci\u00e1lne zariadenia. \u0160tvorposchodov\u00fd, doslova obytn\u00fd blok v juhov\u00fdchodnom rohu pozemku na severe Liverpoolu nain\u0161talovali zmluvn\u00ed partneri klubu, Laing O-Rourke. Postarali sa tak o narastaj\u00faci po\u010det robotn\u00edkov, ke\u010f\u017ee v\u00fdstavba postupom \u010dasu naberala r\u00fdchle tempo a viac pracovnej sily.<\/p>\n<p>Tento blok okrem roz\u0161\u00edren\u00fdch a plne vybaven\u00fdch jed\u00e1ln\u00ed, toaliet a sp\u0155ch zah\u0155\u0148a dokonca aj priestor na cvi\u010denie, \u010di na rozj\u00edmanie a pohodu pre pracovn\u00edkov po\u010das dlh\u0161\u00edch prestojov. Zariadenie sa m\u00f4\u017ee pochv\u00e1li\u0165 aj su\u0161iar\u0148ou, tak\u017ee pracovn\u00edci vystaven\u00ed nepriazni po\u010dasia maj\u00fa kam zavesi\u0165 vodou pres\u00fdten\u00e9 mont\u00e9rky.<\/p>\n<p>Postaven\u00fd bol v spolupr\u00e1ci s internou spolo\u010dnos\u0165ou Select. A nesk\u00f4r sa e\u0161te zv\u00e4\u010d\u0161il, ke\u010f v\u00fdvoj \u0161tadi\u00f3na dosiahol svoj vrchol v roku 2023. V popred\u00ed stavby s\u00fa aj environment\u00e1lne obavy, tak\u017ee Laing O\u2019Rourke sa spojil s Liverpoolskou univerzitou Johna Mooresa, aby pomohli zlep\u0161i\u0165 efekt\u00edvnos\u0165 a ekologick\u00e9 vlastnosti budovy.<\/p>\n<h4><strong>Chris Spragg, ved\u00faci projektu Laing O&#8217;Rourke:<\/strong><\/h4>\n<blockquote><p><span style=\"font-size: 12pt;\"><em>\u201eAby sa splnili po\u017eiadavky progn\u00f3zovan\u00fdch zamestnancov, zvolil sa postupn\u00fd pr\u00edstup k blahobytu. \u010c\u00edsla a\u017e do tohto bodu neust\u00e1le r\u00e1stli a v prvej f\u00e1ze sme \u00faspe\u0161ne pre\u0161li do novej budovy. Nov\u00fd soci\u00e1lny komplex je \u0161pi\u010dkov\u00fdm zariaden\u00edm v odvetv\u00ed, ktor\u00e9 je teraz plne funk\u010dn\u00e9 a\u00a0od leta (2022) do Vianoc pojme v\u0161etk\u00fdch zamestnancov. Zah\u0155\u0148a pohlcuj\u00faci priestor pre \u00favodn\u00e9 a pl\u00e1novacie workshopy.<\/em><\/span><\/p>\n<p><span style=\"font-size: 12pt;\"><em>Dokonca m\u00e1 plochu na rozj\u00edmanie a pohodu, ktor\u00fd zah\u0155\u0148a miesto na cvi\u010denie a pokojn\u00fa z\u00f3nu, kde si m\u00f4\u017eete odd\u00fdchnu\u0165 a unikn\u00fa\u0165 tomu v\u0161etk\u00e9mu. K dispoz\u00edcii je tie\u017e balk\u00f3n s vyhliadkovou gal\u00e9riou a zasadacia miestnos\u0165 s celoplo\u0161n\u00fdm zasklen\u00edm, ktor\u00e9 na\u0161im zamestnancom, klientom a v\u0161etk\u00fdm zainteresovan\u00fdm stran\u00e1m, ktor\u00e9 nav\u0161t\u00edvia lokalitu, pon\u00fakaj\u00fa ten najlep\u0161\u00ed v\u00fdh\u013ead na projekt.<\/em><\/span><\/p>\n<p><span style=\"font-size: 12pt;\"><em>Po\u010das Vianoc sme zaviedli druh\u00fa f\u00e1zu. V\u010faka tomu sa kancel\u00e1rske priestory op\u00e4\u0165 roz\u0161\u00edrili, aby zodpovedali po\u017eiadavk\u00e1m pr\u00e1ce, ke\u010f bud\u00fa na maxim\u00e1lnej kapacite. To bude ku koncu roka 2023, ke\u010f budeme vo f\u00e1ze zaria\u010fovania. Vtedy pojme a\u017e 200 riadiacich a subdod\u00e1vate\u013esk\u00fdch zamestnancov a zdvojn\u00e1sob\u00ed pracovn\u00fa silu \u00a0a\u017e na 1 200 zamestnancov, vr\u00e1tane v\u0161etk\u00fdch remeseln\u00edkov.<\/em><\/span><\/p>\n<p><span style=\"font-size: 12pt;\"><em>Modulov\u00e9 budovy na do\u010dasn\u00e9 ubytovanie s\u00fa ve\u013emi be\u017en\u00e9. Spolupracovali sme v\u0161ak so spolo\u010dnos\u0165ou Select, aby sme navrhli naj\u0161t\u00edhlej\u0161\u00ed a najefekt\u00edvnej\u0161\u00ed komplex, ktor\u00fd sp\u013a\u0148a po\u017eiadavky projektu. Spolupracujeme aj s Liverpoolskou univerzitou Johna Mooresa prostredn\u00edctvom partnerstva v oblasti prenosu znalost\u00ed (KTP), aby sme zn\u00ed\u017eili na\u0161u uhl\u00edkov\u00fa stopu a vplyv na \u017eivotn\u00e9 prostredie.\u201c<\/em><\/span><\/p><\/blockquote>\n<p><img loading=\"lazy\" decoding=\"async\" class=\"alignnone size-full wp-image-23111\" src=\"https:\/\/evertonfc.cz\/wp-content\/uploads\/2023\/10\/MBM-facilities-28-10-2023.jpg\" alt=\"\" width=\"720\" height=\"612\" srcset=\"https:\/\/evertonfc.cz\/wp-content\/uploads\/2023\/10\/MBM-facilities-28-10-2023.jpg 720w, https:\/\/evertonfc.cz\/wp-content\/uploads\/2023\/10\/MBM-facilities-28-10-2023-300x255.jpg 300w\" sizes=\"(max-width: 720px) 100vw, 720px\" \/><\/p>\n<h4><strong>\u0160ir\u0161\u00ed soci\u00e1lny vplyv v Liverpoole<\/strong><\/h4>\n<p>V\u00fdstavba \u0161tadi\u00f3nu Evertonu nie je len o fan\u00fa\u0161ikoch klubu. Pon\u00faka \u013eu\u010fom v celom regi\u00f3ne Merseyside pr\u00edle\u017eitosti na rozvoj zru\u010dnost\u00ed a zabezpe\u010denie novej kari\u00e9ry v stavebn\u00edctve. Pozit\u00edvna soci\u00e1lna hodnota nov\u00e9ho \u0161portov\u00e9ho st\u00e1nku na severe Liverpoolu in\u0161piruje bud\u00face gener\u00e1cie prostredn\u00edctvom inkluz\u00edvneho zamestnania.<\/p>\n<p>A aj na\u010falej prispieva k miestnej ekonomike. Na rozdiel od in\u00fdch stavebn\u00fdch spolo\u010dnost\u00ed si Laing O\u2019Rourke, stavebn\u00fd partner klubu, zachov\u00e1va priamo zamestnan\u00fa pracovn\u00fa silu a poskytuje im \u010do mo\u017eno najlep\u0161ie mzdy a v\u00fdhody v odvetv\u00ed. Okrem toho dve tretiny (67 %) stavebnej pracovnej sily na projekte \u0161tadi\u00f3na poch\u00e1dzaj\u00fa z lok\u00e1lnej oblasti, \u010do presahuje v\u0161eobecn\u00e9 ciele stanoven\u00e9 stavebn\u00fdm priemyslom v Brit\u00e1nii.<\/p>\n<p>V okruhu 30 m\u00ed\u013e sa vytvorilo takmer 150 \u010fal\u0161\u00edch nov\u00fdch pracovn\u00fdch miest. Pri\u010dom \u010fal\u0161ie pracovn\u00e9 pr\u00edle\u017eitosti sa vytvorili prostredn\u00edctvom partnerov dod\u00e1vate\u013esk\u00e9ho re\u0165azca, ktor\u00fdch produkty a slu\u017eby pom\u00e1haj\u00fa pri v\u00fdstavbe. Prebiehaj\u00face partnerstvo v oblasti prenosu znalost\u00ed funguje aj s Liverpoolskou univerzitou Johna Mooresa, aby sa do projektu mohlo akt\u00edvne zapoji\u0165 \u010do najviac \u0161tudentov.<\/p>\n<h4><strong>Pre \u0161tudentov, u\u010d\u0148ov, miestnych i nezamestnan\u00fdch<\/strong><\/h4>\n<p>Spolu 55 u\u010d\u0148ov v s\u00fa\u010dasnosti na projekte pracuje alebo prispieva k\u00a0nemu. A viac ako 200 \u0161tudentov sa dozvedelo o projekte a mo\u017enostiach kari\u00e9ry v stavebn\u00edctve prostredn\u00edctvom s\u00e9rie prebiehaj\u00facich aktiv\u00edt a vzdel\u00e1vac\u00edch n\u00e1v\u0161tev na mieste stavby. Medzit\u00fdm Laing O&#8217;Rourke tie\u017e nadviazal partnerstvo s popredn\u00fdmi poskytovate\u013emi \u0161kolen\u00ed The Learning Foundry a The Skills Center.<\/p>\n<p>Cie\u013eom je poskytn\u00fa\u0165 miestnym \u013eu\u010fom \u010fal\u0161ie pr\u00edle\u017eitosti na pr\u00e1cu na \u0161tadi\u00f3ne s kapacitou 52 888 miest. Preto je uzn\u00e1van\u00fd ako najv\u00e4\u010d\u0161\u00ed rozvoj s\u00fakromn\u00e9ho sektora na jednom mieste v krajine. V r\u00e1mci pred u\u010d\u0148ovsk\u00fdch kurzov cez The Learning Foundry sa \u00fa\u010dastn\u00edci nau\u010dia z\u00e1kladn\u00e9 zru\u010dnosti v oblasti tes\u00e1rstva, debnenia alebo upevnenia ocele. Plus, samozrejme, zdravotn\u00e9 a bezpe\u010dnostn\u00e9 po\u017eiadavky v tomto odvetv\u00ed.<\/p>\n<p>Z\u00edskaj\u00fa kartu Construction Skills Certification Scheme (CSCS), ktor\u00e1 im poskytne pr\u00edstup k pr\u00e1ci na akomko\u013evek stavenisku v Spojenom kr\u00e1\u013eovstve. Desa\u0165 nov\u00fdch u\u010d\u0148ov, ktor\u00ed \u00faspe\u0161ne pre\u0161li sch\u00e9mou, u\u017e za\u010dalo pracova\u0165 po boku niektor\u00fdch z najsk\u00fasenej\u0161\u00edch remeseln\u00edkov a technikov v tomto odvetv\u00ed.<\/p>\n<p>Pracovn\u00e9 st\u00e1\u017ee boli pon\u00faknut\u00e9 aj miestnym nezamestnan\u00fdm obyvate\u013eom prostredn\u00edctvom partnerstva s Liverpool in Work, pri\u010dom zdravie a pohoda pracovnej sily s\u00fa na\u010falej prioritou. Pre v\u0161etk\u00fdch zamestnancov a pracovn\u00edkov na mieste je zaveden\u00fd program na zvy\u0161ovanie kvalifik\u00e1cie v oblasti du\u0161evn\u00e9ho zdravia.<\/p>\n<p>Laing O&#8217;Rourke tie\u017e na mieste spustil zbierku pre potravinov\u00fa komoru pre Blue Base, ktor\u00fa prev\u00e1dzkuje Everton in the Community a Fans Supporting Foodbanks. A je \u00faspe\u0161n\u00e1. Dokonca viac ako 100 zamestnancov Laing O&#8217;Rourke pon\u00faklo svoje slu\u017eby ako dobrovo\u013en\u00edci na komunitn\u00fdch projektoch v oblasti.<\/p>\n<h4><strong>Na \u010dom budeme st\u00e1\u0165?<\/strong><\/h4>\n<p>Rok po za\u010dat\u00ed pr\u00e1c na \u0161tadi\u00f3ne, konkr\u00e9tne v auguste 2022 bola nain\u0161talovan\u00e1 prv\u00e1 bet\u00f3nov\u00e1 terasov\u00e1 jednotka. Rozumej trib\u00fana, respekt\u00edve jej \u010das\u0165. To preto, \u017ee pr\u00e1ce na v\u00fdstavbe \u0161tyroch bet\u00f3nov\u00fdch jadier v plnej v\u00fd\u0161ke v rohoch stavby boli dokon\u010den\u00e9. Prv\u00fa z 1 217 terasov\u00fdch jednotiek, ktor\u00e9 bud\u00fa tvori\u0165 vn\u00fatorn\u00fa v\u00fdstelku ov\u00e1lu, zdvihli a priskrutkovali na miesto v dolnej \u010dasti severnej trib\u00fany. Na mieru vyroben\u00e9 dvojstup\u0148ov\u00e9 terasov\u00e9 jednotky vyr\u00e1ba v \u00cdrsku partner dod\u00e1vate\u013esk\u00e9ho re\u0165azca Banagher. Dopravuj\u00fa sa lo\u010fou do dokov v Liverpoole, k\u00fasok od miesta projektu, \u010do tie\u017e neuverite\u013ene \u0161etr\u00ed n\u00e1klady. V\u00fdhoda stavby v pr\u00edstave.<\/p>\n<p><img loading=\"lazy\" decoding=\"async\" class=\"alignnone size-full wp-image-23110\" src=\"https:\/\/evertonfc.cz\/wp-content\/uploads\/2023\/10\/MBM-terracing-28-10-2023.jpg\" alt=\"\" width=\"1000\" height=\"652\" srcset=\"https:\/\/evertonfc.cz\/wp-content\/uploads\/2023\/10\/MBM-terracing-28-10-2023.jpg 1000w, https:\/\/evertonfc.cz\/wp-content\/uploads\/2023\/10\/MBM-terracing-28-10-2023-300x196.jpg 300w, https:\/\/evertonfc.cz\/wp-content\/uploads\/2023\/10\/MBM-terracing-28-10-2023-768x501.jpg 768w\" sizes=\"(max-width: 1000px) 100vw, 1000px\" \/>Dokon\u010denie \u0161tyroch bet\u00f3nov\u00fdch jadier znamenalo, \u017ee to odvtedy boli skompletizovan\u00e9 jednotky pripraven\u00e9 na podporu sekund\u00e1rnej oce\u013eovej kon\u0161trukcie a v kone\u010dnom d\u00f4sledku aj stre\u0161n\u00fdch nosn\u00edkov. Pr\u00e1ce mohli plynulo pokra\u010dova\u0165 na v\u0161etk\u00fdch \u0161tyroch trib\u00fanach. Prv\u00e9 prefabrikovan\u00e9 bet\u00f3nov\u00e9 steny, ktor\u00e9 bud\u00fa tvori\u0165 prv\u00e9 poschodie, boli in\u0161talovan\u00e9 na v\u00fdchodnej trib\u00fane, pri\u010dom cel\u00e9 prv\u00e9 poschodie bolo takmer dokon\u010den\u00e9 na proti\u013eahlej z\u00e1padnej trib\u00fane. Nakoniec, oce\u013eov\u00e1 kon\u0161trukcia ju\u017enej trib\u00fany bola napojen\u00e1 na kon\u0161truk\u010dn\u00e9 bet\u00f3nov\u00e9 jadro na juhoz\u00e1pade. A \u010fal\u0161ie kon\u0161trukcie sa koncom leta 2022 objavili aj v juhov\u00fdchodnom rohu.<\/p>\n<p>Vlani v novembri sa roz\u0161\u00edrila in\u0161tal\u00e1cia bet\u00f3nov\u00fdch ter\u00e1s na z\u00e1padn\u00fa (hlavn\u00fa) trib\u00fanu. Dvojstup\u0148ov\u00e9 jednotky boli priskrutkovan\u00e9 na miesto v spodn\u00fdch \u010dastiach \u0161tadi\u00f3na najbli\u017e\u0161ie k rieke Mersey. V nej bud\u00fa nakoniec \u0161atne a tunel. Takisto za\u010dali posledn\u00e9 pr\u00edpravy na transforma\u010dn\u00fa in\u0161tal\u00e1ciu krovu na severnej trib\u00fane. O tej si ale viac a ob\u0161\u00edrnej\u0161ie povieme v bud\u00facej \u010dasti seri\u00e1lu. Teraz sa e\u0161te pozrime na vonkaj\u0161ok.<\/p>\n<h4><strong>Okrasn\u00e1 tehlov\u00e1 fas\u00e1da<\/strong><\/h4>\n<p>Po\u010das spom\u00ednan\u00e9ho leta minul\u00e9ho roka sa okrem in\u00e9ho zapo\u010dala aj v\u00fdroba prv\u00fdch tehlov\u00fdch panelov, ktor\u00e9 bud\u00fa pokr\u00fdva\u0165 nov\u00fd \u0161tadi\u00f3n Evertonu. Celkov\u00fd po\u010det 731 fas\u00e1dnych panelov nakoniec vzi\u0161lo z v\u00fdrobnej linky v tov\u00e1rni Explore Manufacturing Center of Excellence for Modern Construction v East Midlands.<\/p>\n<p>In\u0161tal\u00e1cia prv\u00e9ho tehlov\u00e9ho fas\u00e1dneho panelu na vonkaj\u0161iu stenu \u0161tadi\u00f3na prebehla v severoz\u00e1padnom jadre tie\u017e za\u010diatkom novembra. Skon\u0161tatujeme, \u017ee panely boli in\u0161talovan\u00e9 o dva mesiace sk\u00f4r ako pri pou\u017eit\u00ed tradi\u010dnej\u0161\u00edch met\u00f3d murovania na mieste, \u010dasto v nepriazniv\u00fdch poveternostn\u00fdch podmienkach, \u010do predstavuje ve\u013ek\u00fd pr\u00ednos pre zdravie a bezpe\u010dnos\u0165, bez nutnosti pr\u00e1ce vo v\u00fd\u0161kach.<\/p>\n<p>D\u00f4le\u017eit\u00fd prvok v celkovom dizajne n\u00e1vrhu v Bramley-Moore je teda mo\u017en\u00fd u\u017e od konca minul\u00e9ho roka vidie\u0165 priamo osaden\u00fd na stavbe. Panely, ktor\u00e9 sa tiahnu okolo cel\u00e9ho \u0161tadi\u00f3na, boli navrhnut\u00e9 tak, aby vzdali poctu uzn\u00e1van\u00e9mu architektovi \u0161tadi\u00f3nov, Archibaldovi Leitchovi. Ten sa od roku 1899 a\u017e do svojej smrti v roku 1939 podie\u013eal na navrhovan\u00ed \u0161tadi\u00f3nov pre mnoh\u00e9 futbalov\u00e9 kluby v Anglicku a \u00cdrsku. Vr\u00e1tane EFC. Jeho pr\u00e1ca je tak rozpoznate\u013en\u00e1 pod\u013ea kr\u00ed\u017eov\u00fdch nosn\u00edkov odtie\u0148ovan\u00fdch do muriva, ktor\u00e9 s\u00fa s\u00fa\u010das\u0165ou Goodison Parku.<\/p>\n<p><img loading=\"lazy\" decoding=\"async\" class=\"alignnone size-full wp-image-23109\" src=\"https:\/\/evertonfc.cz\/wp-content\/uploads\/2023\/10\/MBM-making-of-facade-28-10-2023.jpg\" alt=\"\" width=\"899\" height=\"626\" srcset=\"https:\/\/evertonfc.cz\/wp-content\/uploads\/2023\/10\/MBM-making-of-facade-28-10-2023.jpg 899w, https:\/\/evertonfc.cz\/wp-content\/uploads\/2023\/10\/MBM-making-of-facade-28-10-2023-300x209.jpg 300w, https:\/\/evertonfc.cz\/wp-content\/uploads\/2023\/10\/MBM-making-of-facade-28-10-2023-768x535.jpg 768w\" sizes=\"(max-width: 899px) 100vw, 899px\" \/><\/p>\n<h4><strong>Jon-Scott Kohli, projektov\u00fd architekt v BDP Pattern:<\/strong><\/h4>\n<blockquote><p><span style=\"font-size: 12pt;\"><em>\u201eKr\u00e1sa fas\u00e1dy \u0161tadi\u00f3na spo\u010d\u00edva v tom, \u017ee dokonale sp\u00e1ja ru\u010dn\u00fa pr\u00e1cu a modern\u00e9 technol\u00f3gie do nie\u010doho, \u010do je okam\u017eite rozpoznate\u013en\u00e9 ako s\u00fa\u010das\u0165 historick\u00e9ho pr\u00edstavu Liverpoolu a dedi\u010dstva Goodison Parku. Tehly sa vyr\u00e1baj\u00fa ru\u010dne na z\u00e1kazku. Len 85 m\u00ed\u013e \u010faleko v Loughborough, predt\u00fdm, ako sa pozd\u013a\u017ene rozre\u017e\u00fa na polovicu. Takto z ka\u017edej jednej tehly dostaneme dve tehlov\u00e9 plochy. T\u00e1to udr\u017eate\u013en\u00e1 prax znamen\u00e1, \u017ee potrebujeme o polovicu menej teh\u00e1l, ako by sme inak potrebovali.<\/em><\/span><\/p>\n<p><span style=\"font-size: 12pt;\"><em>Ka\u017ed\u00fa jednu tehlu sme navrhli v 3D. T\u00edm v tov\u00e1rni toti\u017e pou\u017e\u00edva technol\u00f3giu roz\u0161\u00edrenej reality na ru\u010dn\u00e9 rozlo\u017eenie charakteristick\u00e9ho vzoru nosn\u00edka Archibalda Leitcha v paneloch. Akon\u00e1hle s\u00fa panely odliate, prinesen\u00e9 a zavesen\u00e9 na miesto, kone\u010dn\u00e1 \u00farove\u0148 kvality je ove\u013ea lep\u0161ia, ako keby sme sa spoliehali na konven\u010dn\u00e9 met\u00f3dy v\u00fdstavby. Pre m\u0148a skuto\u010dn\u00fd triumf remeselnej zru\u010dnosti a spolupr\u00e1ce technol\u00f3gie. A to je len jeden pr\u00edklad toho, ako je tento \u0161tadi\u00f3n modern\u00fd a z\u00e1rove\u0148 historick\u00fd.\u201c<\/em><\/span><\/p><\/blockquote>\n<p style=\"text-align: right;\"><span style=\"font-size: 8pt;\">(fotozdroj: evertonfc.com)<\/span><\/p>\n","protected":false},"excerpt":{"rendered":"<p>Pokra\u010dujeme v\u00a0sk\u00faman\u00ed zrodu novej sv\u00e4tyne Evertonians. Tentoraz sa pozrieme aj na robotn\u00edcku infra\u0161trukt\u00faru, bez ktorej by sa tie bet\u00f3nov\u00e9 trib\u00fany sam\u00e9 neosadili.<\/p>\n","protected":false},"author":1,"featured_media":23107,"comment_status":"open","ping_status":"closed","sticky":false,"template":"","format":"standard","meta":{"_eb_attr":"","_monsterinsights_skip_tracking":false,"_monsterinsights_sitenote_active":false,"_monsterinsights_sitenote_note":"","_monsterinsights_sitenote_category":0,"footnotes":""},"categories":[146],"tags":[],"yoast_head":"<!-- This site is optimized with the Yoast SEO plugin v23.4 - https:\/\/yoast.com\/wordpress\/plugins\/seo\/ -->\n<title>Prv\u00e9 trib\u00fany a tehlov\u00e1 fas\u00e1da - Official Czech &amp; Slovak Everton Supporters&#039; Club<\/title>\n<meta name=\"robots\" content=\"index, follow, max-snippet:-1, max-image-preview:large, max-video-preview:-1\" \/>\n<link rel=\"canonical\" href=\"https:\/\/evertonfc.cz\/index.php\/2023\/11\/28\/prve-tribuny-a-tehlova-fasada\/\" \/>\n<meta property=\"og:locale\" content=\"cs_CZ\" \/>\n<meta property=\"og:type\" content=\"article\" \/>\n<meta property=\"og:title\" content=\"Prv\u00e9 trib\u00fany a tehlov\u00e1 fas\u00e1da - Official Czech &amp; Slovak Everton Supporters&#039; Club\" \/>\n<meta property=\"og:description\" content=\"Pokra\u010dujeme v\u00a0sk\u00faman\u00ed zrodu novej sv\u00e4tyne Evertonians. Tentoraz sa pozrieme aj na robotn\u00edcku infra\u0161trukt\u00faru, bez ktorej by sa tie bet\u00f3nov\u00e9 trib\u00fany sam\u00e9 neosadili.\" \/>\n<meta property=\"og:url\" content=\"https:\/\/evertonfc.cz\/index.php\/2023\/11\/28\/prve-tribuny-a-tehlova-fasada\/\" \/>\n<meta property=\"og:site_name\" content=\"Official Czech &amp; Slovak Everton Supporters&#039; Club\" \/>\n<meta property=\"article:publisher\" content=\"https:\/\/www.facebook.com\/everton.fans.cz.sk\" \/>\n<meta property=\"article:published_time\" content=\"2023-11-28T15:08:13+00:00\" \/>\n<meta property=\"article:modified_time\" content=\"2023-12-31T13:05:21+00:00\" \/>\n<meta property=\"og:image\" content=\"https:\/\/evertonfc.cz\/wp-content\/uploads\/2023\/10\/MBM-facade-28-10-2023.jpg\" \/>\n\t<meta property=\"og:image:width\" content=\"720\" \/>\n\t<meta property=\"og:image:height\" content=\"405\" \/>\n\t<meta property=\"og:image:type\" content=\"image\/jpeg\" \/>\n<meta name=\"author\" content=\"BlueBlooded\" \/>\n<meta name=\"twitter:card\" content=\"summary_large_image\" \/>\n<meta name=\"twitter:label1\" content=\"Napsal(a)\" \/>\n\t<meta name=\"twitter:data1\" content=\"BlueBlooded\" \/>\n\t<meta name=\"twitter:label2\" content=\"Odhadovan\u00e1 doba \u010dten\u00ed\" \/>\n\t<meta name=\"twitter:data2\" content=\"7 minut\" \/>\n<script type=\"application\/ld+json\" class=\"yoast-schema-graph\">{\"@context\":\"https:\/\/schema.org\",\"@graph\":[{\"@type\":\"Article\",\"@id\":\"https:\/\/evertonfc.cz\/index.php\/2023\/11\/28\/prve-tribuny-a-tehlova-fasada\/#article\",\"isPartOf\":{\"@id\":\"https:\/\/evertonfc.cz\/index.php\/2023\/11\/28\/prve-tribuny-a-tehlova-fasada\/\"},\"author\":{\"name\":\"BlueBlooded\",\"@id\":\"https:\/\/evertonfc.cz\/#\/schema\/person\/d4493b8cbea51532597fbc4685698916\"},\"headline\":\"Prv\u00e9 trib\u00fany a tehlov\u00e1 fas\u00e1da\",\"datePublished\":\"2023-11-28T15:08:13+00:00\",\"dateModified\":\"2023-12-31T13:05:21+00:00\",\"mainEntityOfPage\":{\"@id\":\"https:\/\/evertonfc.cz\/index.php\/2023\/11\/28\/prve-tribuny-a-tehlova-fasada\/\"},\"wordCount\":1812,\"commentCount\":3,\"publisher\":{\"@id\":\"https:\/\/evertonfc.cz\/#organization\"},\"image\":{\"@id\":\"https:\/\/evertonfc.cz\/index.php\/2023\/11\/28\/prve-tribuny-a-tehlova-fasada\/#primaryimage\"},\"thumbnailUrl\":\"https:\/\/evertonfc.cz\/wp-content\/uploads\/2023\/10\/MBM-facade-28-10-2023.jpg\",\"articleSection\":[\"Making of Bramley-Moore\"],\"inLanguage\":\"cs\",\"potentialAction\":[{\"@type\":\"CommentAction\",\"name\":\"Comment\",\"target\":[\"https:\/\/evertonfc.cz\/index.php\/2023\/11\/28\/prve-tribuny-a-tehlova-fasada\/#respond\"]}]},{\"@type\":\"WebPage\",\"@id\":\"https:\/\/evertonfc.cz\/index.php\/2023\/11\/28\/prve-tribuny-a-tehlova-fasada\/\",\"url\":\"https:\/\/evertonfc.cz\/index.php\/2023\/11\/28\/prve-tribuny-a-tehlova-fasada\/\",\"name\":\"Prv\u00e9 trib\u00fany a tehlov\u00e1 fas\u00e1da - Official Czech &amp; Slovak Everton Supporters&#039; Club\",\"isPartOf\":{\"@id\":\"https:\/\/evertonfc.cz\/#website\"},\"primaryImageOfPage\":{\"@id\":\"https:\/\/evertonfc.cz\/index.php\/2023\/11\/28\/prve-tribuny-a-tehlova-fasada\/#primaryimage\"},\"image\":{\"@id\":\"https:\/\/evertonfc.cz\/index.php\/2023\/11\/28\/prve-tribuny-a-tehlova-fasada\/#primaryimage\"},\"thumbnailUrl\":\"https:\/\/evertonfc.cz\/wp-content\/uploads\/2023\/10\/MBM-facade-28-10-2023.jpg\",\"datePublished\":\"2023-11-28T15:08:13+00:00\",\"dateModified\":\"2023-12-31T13:05:21+00:00\",\"breadcrumb\":{\"@id\":\"https:\/\/evertonfc.cz\/index.php\/2023\/11\/28\/prve-tribuny-a-tehlova-fasada\/#breadcrumb\"},\"inLanguage\":\"cs\",\"potentialAction\":[{\"@type\":\"ReadAction\",\"target\":[\"https:\/\/evertonfc.cz\/index.php\/2023\/11\/28\/prve-tribuny-a-tehlova-fasada\/\"]}]},{\"@type\":\"ImageObject\",\"inLanguage\":\"cs\",\"@id\":\"https:\/\/evertonfc.cz\/index.php\/2023\/11\/28\/prve-tribuny-a-tehlova-fasada\/#primaryimage\",\"url\":\"https:\/\/evertonfc.cz\/wp-content\/uploads\/2023\/10\/MBM-facade-28-10-2023.jpg\",\"contentUrl\":\"https:\/\/evertonfc.cz\/wp-content\/uploads\/2023\/10\/MBM-facade-28-10-2023.jpg\",\"width\":720,\"height\":405},{\"@type\":\"BreadcrumbList\",\"@id\":\"https:\/\/evertonfc.cz\/index.php\/2023\/11\/28\/prve-tribuny-a-tehlova-fasada\/#breadcrumb\",\"itemListElement\":[{\"@type\":\"ListItem\",\"position\":1,\"name\":\"Home\",\"item\":\"https:\/\/evertonfc.cz\/\"},{\"@type\":\"ListItem\",\"position\":2,\"name\":\"Prv\u00e9 trib\u00fany a tehlov\u00e1 fas\u00e1da\"}]},{\"@type\":\"WebSite\",\"@id\":\"https:\/\/evertonfc.cz\/#website\",\"url\":\"https:\/\/evertonfc.cz\/\",\"name\":\"Official Czech &amp; Slovak Everton Supporters&#039; Club\",\"description\":\"\",\"publisher\":{\"@id\":\"https:\/\/evertonfc.cz\/#organization\"},\"potentialAction\":[{\"@type\":\"SearchAction\",\"target\":{\"@type\":\"EntryPoint\",\"urlTemplate\":\"https:\/\/evertonfc.cz\/?s={search_term_string}\"},\"query-input\":{\"@type\":\"PropertyValueSpecification\",\"valueRequired\":true,\"valueName\":\"search_term_string\"}}],\"inLanguage\":\"cs\"},{\"@type\":\"Organization\",\"@id\":\"https:\/\/evertonfc.cz\/#organization\",\"name\":\"Official Czech & Slovak Everton Supporters' Club\",\"url\":\"https:\/\/evertonfc.cz\/\",\"logo\":{\"@type\":\"ImageObject\",\"inLanguage\":\"cs\",\"@id\":\"https:\/\/evertonfc.cz\/#\/schema\/logo\/image\/\",\"url\":\"https:\/\/evertonfc.cz\/wp-content\/uploads\/2019\/05\/logo.png\",\"contentUrl\":\"https:\/\/evertonfc.cz\/wp-content\/uploads\/2019\/05\/logo.png\",\"width\":112,\"height\":112,\"caption\":\"Official Czech & Slovak Everton Supporters' Club\"},\"image\":{\"@id\":\"https:\/\/evertonfc.cz\/#\/schema\/logo\/image\/\"},\"sameAs\":[\"https:\/\/www.facebook.com\/everton.fans.cz.sk\"]},{\"@type\":\"Person\",\"@id\":\"https:\/\/evertonfc.cz\/#\/schema\/person\/d4493b8cbea51532597fbc4685698916\",\"name\":\"BlueBlooded\",\"url\":\"https:\/\/evertonfc.cz\/index.php\/author\/admin\/\"}]}<\/script>\n<!-- \/ Yoast SEO plugin. -->","yoast_head_json":{"title":"Prv\u00e9 trib\u00fany a tehlov\u00e1 fas\u00e1da - Official Czech &amp; Slovak Everton Supporters&#039; Club","robots":{"index":"index","follow":"follow","max-snippet":"max-snippet:-1","max-image-preview":"max-image-preview:large","max-video-preview":"max-video-preview:-1"},"canonical":"https:\/\/evertonfc.cz\/index.php\/2023\/11\/28\/prve-tribuny-a-tehlova-fasada\/","og_locale":"cs_CZ","og_type":"article","og_title":"Prv\u00e9 trib\u00fany a tehlov\u00e1 fas\u00e1da - Official Czech &amp; Slovak Everton Supporters&#039; Club","og_description":"Pokra\u010dujeme v\u00a0sk\u00faman\u00ed zrodu novej sv\u00e4tyne Evertonians. Tentoraz sa pozrieme aj na robotn\u00edcku infra\u0161trukt\u00faru, bez ktorej by sa tie bet\u00f3nov\u00e9 trib\u00fany sam\u00e9 neosadili.","og_url":"https:\/\/evertonfc.cz\/index.php\/2023\/11\/28\/prve-tribuny-a-tehlova-fasada\/","og_site_name":"Official Czech &amp; Slovak Everton Supporters&#039; Club","article_publisher":"https:\/\/www.facebook.com\/everton.fans.cz.sk","article_published_time":"2023-11-28T15:08:13+00:00","article_modified_time":"2023-12-31T13:05:21+00:00","og_image":[{"width":720,"height":405,"url":"https:\/\/evertonfc.cz\/wp-content\/uploads\/2023\/10\/MBM-facade-28-10-2023.jpg","type":"image\/jpeg"}],"author":"BlueBlooded","twitter_card":"summary_large_image","twitter_misc":{"Napsal(a)":"BlueBlooded","Odhadovan\u00e1 doba \u010dten\u00ed":"7 minut"},"schema":{"@context":"https:\/\/schema.org","@graph":[{"@type":"Article","@id":"https:\/\/evertonfc.cz\/index.php\/2023\/11\/28\/prve-tribuny-a-tehlova-fasada\/#article","isPartOf":{"@id":"https:\/\/evertonfc.cz\/index.php\/2023\/11\/28\/prve-tribuny-a-tehlova-fasada\/"},"author":{"name":"BlueBlooded","@id":"https:\/\/evertonfc.cz\/#\/schema\/person\/d4493b8cbea51532597fbc4685698916"},"headline":"Prv\u00e9 trib\u00fany a tehlov\u00e1 fas\u00e1da","datePublished":"2023-11-28T15:08:13+00:00","dateModified":"2023-12-31T13:05:21+00:00","mainEntityOfPage":{"@id":"https:\/\/evertonfc.cz\/index.php\/2023\/11\/28\/prve-tribuny-a-tehlova-fasada\/"},"wordCount":1812,"commentCount":3,"publisher":{"@id":"https:\/\/evertonfc.cz\/#organization"},"image":{"@id":"https:\/\/evertonfc.cz\/index.php\/2023\/11\/28\/prve-tribuny-a-tehlova-fasada\/#primaryimage"},"thumbnailUrl":"https:\/\/evertonfc.cz\/wp-content\/uploads\/2023\/10\/MBM-facade-28-10-2023.jpg","articleSection":["Making of Bramley-Moore"],"inLanguage":"cs","potentialAction":[{"@type":"CommentAction","name":"Comment","target":["https:\/\/evertonfc.cz\/index.php\/2023\/11\/28\/prve-tribuny-a-tehlova-fasada\/#respond"]}]},{"@type":"WebPage","@id":"https:\/\/evertonfc.cz\/index.php\/2023\/11\/28\/prve-tribuny-a-tehlova-fasada\/","url":"https:\/\/evertonfc.cz\/index.php\/2023\/11\/28\/prve-tribuny-a-tehlova-fasada\/","name":"Prv\u00e9 trib\u00fany a tehlov\u00e1 fas\u00e1da - Official Czech &amp; Slovak Everton Supporters&#039; Club","isPartOf":{"@id":"https:\/\/evertonfc.cz\/#website"},"primaryImageOfPage":{"@id":"https:\/\/evertonfc.cz\/index.php\/2023\/11\/28\/prve-tribuny-a-tehlova-fasada\/#primaryimage"},"image":{"@id":"https:\/\/evertonfc.cz\/index.php\/2023\/11\/28\/prve-tribuny-a-tehlova-fasada\/#primaryimage"},"thumbnailUrl":"https:\/\/evertonfc.cz\/wp-content\/uploads\/2023\/10\/MBM-facade-28-10-2023.jpg","datePublished":"2023-11-28T15:08:13+00:00","dateModified":"2023-12-31T13:05:21+00:00","breadcrumb":{"@id":"https:\/\/evertonfc.cz\/index.php\/2023\/11\/28\/prve-tribuny-a-tehlova-fasada\/#breadcrumb"},"inLanguage":"cs","potentialAction":[{"@type":"ReadAction","target":["https:\/\/evertonfc.cz\/index.php\/2023\/11\/28\/prve-tribuny-a-tehlova-fasada\/"]}]},{"@type":"ImageObject","inLanguage":"cs","@id":"https:\/\/evertonfc.cz\/index.php\/2023\/11\/28\/prve-tribuny-a-tehlova-fasada\/#primaryimage","url":"https:\/\/evertonfc.cz\/wp-content\/uploads\/2023\/10\/MBM-facade-28-10-2023.jpg","contentUrl":"https:\/\/evertonfc.cz\/wp-content\/uploads\/2023\/10\/MBM-facade-28-10-2023.jpg","width":720,"height":405},{"@type":"BreadcrumbList","@id":"https:\/\/evertonfc.cz\/index.php\/2023\/11\/28\/prve-tribuny-a-tehlova-fasada\/#breadcrumb","itemListElement":[{"@type":"ListItem","position":1,"name":"Home","item":"https:\/\/evertonfc.cz\/"},{"@type":"ListItem","position":2,"name":"Prv\u00e9 trib\u00fany a tehlov\u00e1 fas\u00e1da"}]},{"@type":"WebSite","@id":"https:\/\/evertonfc.cz\/#website","url":"https:\/\/evertonfc.cz\/","name":"Official Czech &amp; Slovak Everton Supporters&#039; Club","description":"","publisher":{"@id":"https:\/\/evertonfc.cz\/#organization"},"potentialAction":[{"@type":"SearchAction","target":{"@type":"EntryPoint","urlTemplate":"https:\/\/evertonfc.cz\/?s={search_term_string}"},"query-input":{"@type":"PropertyValueSpecification","valueRequired":true,"valueName":"search_term_string"}}],"inLanguage":"cs"},{"@type":"Organization","@id":"https:\/\/evertonfc.cz\/#organization","name":"Official Czech & Slovak Everton Supporters' Club","url":"https:\/\/evertonfc.cz\/","logo":{"@type":"ImageObject","inLanguage":"cs","@id":"https:\/\/evertonfc.cz\/#\/schema\/logo\/image\/","url":"https:\/\/evertonfc.cz\/wp-content\/uploads\/2019\/05\/logo.png","contentUrl":"https:\/\/evertonfc.cz\/wp-content\/uploads\/2019\/05\/logo.png","width":112,"height":112,"caption":"Official Czech & Slovak Everton Supporters' Club"},"image":{"@id":"https:\/\/evertonfc.cz\/#\/schema\/logo\/image\/"},"sameAs":["https:\/\/www.facebook.com\/everton.fans.cz.sk"]},{"@type":"Person","@id":"https:\/\/evertonfc.cz\/#\/schema\/person\/d4493b8cbea51532597fbc4685698916","name":"BlueBlooded","url":"https:\/\/evertonfc.cz\/index.php\/author\/admin\/"}]}},"_links":{"self":[{"href":"https:\/\/evertonfc.cz\/index.php\/wp-json\/wp\/v2\/posts\/23102"}],"collection":[{"href":"https:\/\/evertonfc.cz\/index.php\/wp-json\/wp\/v2\/posts"}],"about":[{"href":"https:\/\/evertonfc.cz\/index.php\/wp-json\/wp\/v2\/types\/post"}],"author":[{"embeddable":true,"href":"https:\/\/evertonfc.cz\/index.php\/wp-json\/wp\/v2\/users\/1"}],"replies":[{"embeddable":true,"href":"https:\/\/evertonfc.cz\/index.php\/wp-json\/wp\/v2\/comments?post=23102"}],"version-history":[{"count":8,"href":"https:\/\/evertonfc.cz\/index.php\/wp-json\/wp\/v2\/posts\/23102\/revisions"}],"predecessor-version":[{"id":23115,"href":"https:\/\/evertonfc.cz\/index.php\/wp-json\/wp\/v2\/posts\/23102\/revisions\/23115"}],"wp:featuredmedia":[{"embeddable":true,"href":"https:\/\/evertonfc.cz\/index.php\/wp-json\/wp\/v2\/media\/23107"}],"wp:attachment":[{"href":"https:\/\/evertonfc.cz\/index.php\/wp-json\/wp\/v2\/media?parent=23102"}],"wp:term":[{"taxonomy":"category","embeddable":true,"href":"https:\/\/evertonfc.cz\/index.php\/wp-json\/wp\/v2\/categories?post=23102"},{"taxonomy":"post_tag","embeddable":true,"href":"https:\/\/evertonfc.cz\/index.php\/wp-json\/wp\/v2\/tags?post=23102"}],"curies":[{"name":"wp","href":"https:\/\/api.w.org\/{rel}","templated":true}]}}