{"id":23148,"date":"2023-11-01T17:53:35","date_gmt":"2023-11-01T16:53:35","guid":{"rendered":"https:\/\/evertonfc.cz\/?p=23148"},"modified":"2023-11-02T12:29:18","modified_gmt":"2023-11-02T11:29:18","slug":"preview-osmifinale-ligoveho-poharu-everton-burnley","status":"publish","type":"post","link":"https:\/\/evertonfc.cz\/index.php\/2023\/11\/01\/preview-osmifinale-ligoveho-poharu-everton-burnley\/","title":{"rendered":"LC Preview: Everton &#8211; Burnley"},"content":{"rendered":"<h4>Namout\u011b tomu tak. Zat\u00edmco v lize navzdoru zlep\u0161en\u00e9 form\u011b st\u00e1le kouk\u00e1me dol\u016f, tak v Ligov\u00e9m poh\u00e1ru po \u010dtvrtfin\u00e1le tou\u017e\u00edme. A je celkem re\u00e1ln\u00e9 tou\u017een\u00ed.<\/h4>\n<p>Burnley je na tom v lize je\u0161t\u011b h\u016f\u0159e ne\u017e my. Vz\u00e1jemn\u00fd pom\u011br v\u00fdher, por\u00e1\u017eek a rem\u00edz je stejn\u00fd jako fotbalov\u00e9 rozestaven\u00ed z jeho prav\u011bku, osm vst\u0159elen\u00fdch branek po deseti kolech celkem jasn\u011b ukazuje, kde t\u00fdm b\u00fdval\u00e9ho vynikaj\u00edc\u00edho belgick\u00e9ho stopera (a kapit\u00e1na reprezentace) Kompanyho tla\u010d\u00ed bota. A koho obrali o body? V\u00fdhra na h\u0159i\u0161ti Lutonu, rem\u00edza v Nottinghamu. Trees prohr\u00e1li doma s Burnley pr\u00e1v\u011b i v Ligov\u00e9m poh\u00e1ru, v dal\u0161\u00edm kole nasypali Salfordu \u010dty\u0159ku na jeho h\u0159i\u0161ti. Nyn\u00ed tedy znovu venku..<\/p>\n<p>Evertonu se uzdravil Calvert-Lewin. S\u00e1m po ned\u011bln\u00ed v\u00fdh\u0159e na West Hamu mluvil o tom, \u017ee je kone\u010dn\u011b zdrav\u00fd. Relativn\u011b novope\u010den\u00e9mu otci tedy p\u0159ejeme doma nejen vysp\u00e1n\u00ed, ale i hodn\u011b zdrav\u00ed, co\u017e v jeho p\u0159\u00edpad\u011b opravdu nen\u00ed fr\u00e1ze. A jeho g\u00f3l pot\u00e9, kdy obr\u00e1nce soupe\u0159e prom\u011bnil ve dv\u011b pan\u00ed Lotov\u00e9, se l\u00edbit musel nejen Evertonians (a pro jednou Moyesovi prohra s Evertonem nevadila &#8211; pozn. autora). Pro dne\u0161ek by ale m\u011bl dostal bu\u010f volno nebo aspo\u0148 teplou deku na lavi\u010dku n\u00e1hradn\u00edk\u016f.<\/p>\n<p>Rotace sestavy je nutn\u00e1 a Beto si zaslou\u017e\u00ed v\u00fdraznou minut\u00e1\u017e. N\u011bjak\u00e1 ta desetiminutovka pro Chermitiho by se taky hodila, 4-4-2 p\u0159ece je celkem fajn rozestaven\u00ed. Na z\u00e1padn\u00ed front\u011b je klid, tak\u017ee do utk\u00e1n\u00ed nezas\u00e1hne dvojice Alli-Gomes, nep\u0159ekvapila by m\u011b nominace Colemana na lavi\u010dku. Burnley m\u00e1 o n\u011bco v\u011bt\u0161\u00ed marodku, do tr\u00e9ninku se zapojili Obafemi a Ekdal, ale k dispozici je\u0161t\u011b nebudou. Absentovat budou i Benson a Beyer, naopak se po odpyk\u00e1n\u00ed jednoz\u00e1pasov\u00e9ho trestu za vylou\u010den\u00ed vrac\u00ed obr\u00e1nce Roberts, to sam\u00e9 plat\u00ed i o Youngovi z Evertonu.<\/p>\n<p><strong>Co:\u00a0<\/strong>Everton FC &#8211; Burnley FC, osmifin\u00e1le Ligov\u00e9ho poh\u00e1ru<br \/>\n<strong>Kdy:\u00a0<\/strong>1. 11. 2023, v\u00fdkop ve 20:45<br \/>\n<strong>Kde:<\/strong>Goodison Park \u2013 Goodison Rd, Liverpool L4 4EL (kapacita: 39 414)<br \/>\n<strong>TV:\u00a0<\/strong>P\u0159\u00edm\u00fd p\u0159enos na platform\u011b VOYO (placen\u00fd archiv TV Nova))<br \/>\n<strong>Rozhod\u010d\u00ed:\u00a0<\/strong>Michael Salisbury &#8211; Richard West, Derek Eaton <strong>\u010ctvrt\u00fd rozhod\u010d\u00ed: <\/strong>John Busby<\/p>\n","protected":false},"excerpt":{"rendered":"<p>Namout\u011b tomu tak. Zat\u00edmco v lize navzdoru zlep\u0161en\u00e9 form\u011b st\u00e1le kouk\u00e1me dol\u016f, tak v Ligov\u00e9m poh\u00e1ru po \u010dtvrtfin\u00e1le tou\u017e\u00edme. A je celkem re\u00e1ln\u00e9 tou\u017een\u00ed.<\/p>\n","protected":false},"author":12,"featured_media":14586,"comment_status":"open","ping_status":"closed","sticky":false,"template":"","format":"standard","meta":{"_eb_attr":"","_monsterinsights_skip_tracking":false,"_monsterinsights_sitenote_active":false,"_monsterinsights_sitenote_note":"","_monsterinsights_sitenote_category":0,"footnotes":""},"categories":[4],"tags":[],"yoast_head":"<!-- This site is optimized with the Yoast SEO plugin v23.4 - https:\/\/yoast.com\/wordpress\/plugins\/seo\/ -->\n<title>LC Preview: Everton - Burnley - Official Czech &amp; Slovak Everton Supporters&#039; Club<\/title>\n<meta name=\"description\" content=\"V lize o z\u00e1chranu, v Lig\u00e1\u010di o nejlep\u0161\u00ed osmi\u010dku.\u00a0\" \/>\n<meta name=\"robots\" content=\"index, follow, max-snippet:-1, max-image-preview:large, max-video-preview:-1\" \/>\n<link rel=\"canonical\" href=\"https:\/\/evertonfc.cz\/index.php\/2023\/11\/01\/preview-osmifinale-ligoveho-poharu-everton-burnley\/\" \/>\n<meta property=\"og:locale\" content=\"cs_CZ\" \/>\n<meta property=\"og:type\" content=\"article\" \/>\n<meta property=\"og:title\" content=\"LC Preview: Everton - Burnley - Official Czech &amp; Slovak Everton Supporters&#039; Club\" \/>\n<meta property=\"og:description\" content=\"V lize o z\u00e1chranu, v Lig\u00e1\u010di o nejlep\u0161\u00ed osmi\u010dku.\u00a0\" \/>\n<meta property=\"og:url\" content=\"https:\/\/evertonfc.cz\/index.php\/2023\/11\/01\/preview-osmifinale-ligoveho-poharu-everton-burnley\/\" \/>\n<meta property=\"og:site_name\" content=\"Official Czech &amp; Slovak Everton Supporters&#039; Club\" \/>\n<meta property=\"article:publisher\" content=\"https:\/\/www.facebook.com\/everton.fans.cz.sk\" \/>\n<meta property=\"article:published_time\" content=\"2023-11-01T16:53:35+00:00\" \/>\n<meta property=\"article:modified_time\" content=\"2023-11-02T11:29:18+00:00\" \/>\n<meta property=\"og:image\" content=\"https:\/\/evertonfc.cz\/wp-content\/uploads\/2021\/03\/Everton-VS-Burnley.jpg\" \/>\n\t<meta property=\"og:image:width\" content=\"720\" \/>\n\t<meta property=\"og:image:height\" content=\"405\" \/>\n\t<meta property=\"og:image:type\" content=\"image\/jpeg\" \/>\n<meta name=\"author\" content=\"Javor\" \/>\n<meta name=\"twitter:card\" content=\"summary_large_image\" \/>\n<meta name=\"twitter:creator\" content=\"@LoudinJan\" \/>\n<meta name=\"twitter:label1\" content=\"Napsal(a)\" \/>\n\t<meta name=\"twitter:data1\" content=\"Javor\" \/>\n\t<meta name=\"twitter:label2\" content=\"Odhadovan\u00e1 doba \u010dten\u00ed\" \/>\n\t<meta name=\"twitter:data2\" content=\"2 minuty\" \/>\n<script type=\"application\/ld+json\" class=\"yoast-schema-graph\">{\"@context\":\"https:\/\/schema.org\",\"@graph\":[{\"@type\":\"Article\",\"@id\":\"https:\/\/evertonfc.cz\/index.php\/2023\/11\/01\/preview-osmifinale-ligoveho-poharu-everton-burnley\/#article\",\"isPartOf\":{\"@id\":\"https:\/\/evertonfc.cz\/index.php\/2023\/11\/01\/preview-osmifinale-ligoveho-poharu-everton-burnley\/\"},\"author\":{\"name\":\"Javor\",\"@id\":\"https:\/\/evertonfc.cz\/#\/schema\/person\/b30daf6a5852f4811f8207a17ec1bf78\"},\"headline\":\"LC Preview: Everton &#8211; Burnley\",\"datePublished\":\"2023-11-01T16:53:35+00:00\",\"dateModified\":\"2023-11-02T11:29:18+00:00\",\"mainEntityOfPage\":{\"@id\":\"https:\/\/evertonfc.cz\/index.php\/2023\/11\/01\/preview-osmifinale-ligoveho-poharu-everton-burnley\/\"},\"wordCount\":403,\"commentCount\":0,\"publisher\":{\"@id\":\"https:\/\/evertonfc.cz\/#organization\"},\"image\":{\"@id\":\"https:\/\/evertonfc.cz\/index.php\/2023\/11\/01\/preview-osmifinale-ligoveho-poharu-everton-burnley\/#primaryimage\"},\"thumbnailUrl\":\"https:\/\/evertonfc.cz\/wp-content\/uploads\/2021\/03\/Everton-VS-Burnley.jpg\",\"articleSection\":[\"Z\u00e1pasy\"],\"inLanguage\":\"cs\",\"potentialAction\":[{\"@type\":\"CommentAction\",\"name\":\"Comment\",\"target\":[\"https:\/\/evertonfc.cz\/index.php\/2023\/11\/01\/preview-osmifinale-ligoveho-poharu-everton-burnley\/#respond\"]}]},{\"@type\":\"WebPage\",\"@id\":\"https:\/\/evertonfc.cz\/index.php\/2023\/11\/01\/preview-osmifinale-ligoveho-poharu-everton-burnley\/\",\"url\":\"https:\/\/evertonfc.cz\/index.php\/2023\/11\/01\/preview-osmifinale-ligoveho-poharu-everton-burnley\/\",\"name\":\"LC Preview: Everton - Burnley - Official Czech &amp; Slovak Everton Supporters&#039; Club\",\"isPartOf\":{\"@id\":\"https:\/\/evertonfc.cz\/#website\"},\"primaryImageOfPage\":{\"@id\":\"https:\/\/evertonfc.cz\/index.php\/2023\/11\/01\/preview-osmifinale-ligoveho-poharu-everton-burnley\/#primaryimage\"},\"image\":{\"@id\":\"https:\/\/evertonfc.cz\/index.php\/2023\/11\/01\/preview-osmifinale-ligoveho-poharu-everton-burnley\/#primaryimage\"},\"thumbnailUrl\":\"https:\/\/evertonfc.cz\/wp-content\/uploads\/2021\/03\/Everton-VS-Burnley.jpg\",\"datePublished\":\"2023-11-01T16:53:35+00:00\",\"dateModified\":\"2023-11-02T11:29:18+00:00\",\"description\":\"V lize o z\u00e1chranu, v Lig\u00e1\u010di o nejlep\u0161\u00ed osmi\u010dku.\u00a0\",\"breadcrumb\":{\"@id\":\"https:\/\/evertonfc.cz\/index.php\/2023\/11\/01\/preview-osmifinale-ligoveho-poharu-everton-burnley\/#breadcrumb\"},\"inLanguage\":\"cs\",\"potentialAction\":[{\"@type\":\"ReadAction\",\"target\":[\"https:\/\/evertonfc.cz\/index.php\/2023\/11\/01\/preview-osmifinale-ligoveho-poharu-everton-burnley\/\"]}]},{\"@type\":\"ImageObject\",\"inLanguage\":\"cs\",\"@id\":\"https:\/\/evertonfc.cz\/index.php\/2023\/11\/01\/preview-osmifinale-ligoveho-poharu-everton-burnley\/#primaryimage\",\"url\":\"https:\/\/evertonfc.cz\/wp-content\/uploads\/2021\/03\/Everton-VS-Burnley.jpg\",\"contentUrl\":\"https:\/\/evertonfc.cz\/wp-content\/uploads\/2021\/03\/Everton-VS-Burnley.jpg\",\"width\":720,\"height\":405},{\"@type\":\"BreadcrumbList\",\"@id\":\"https:\/\/evertonfc.cz\/index.php\/2023\/11\/01\/preview-osmifinale-ligoveho-poharu-everton-burnley\/#breadcrumb\",\"itemListElement\":[{\"@type\":\"ListItem\",\"position\":1,\"name\":\"Home\",\"item\":\"https:\/\/evertonfc.cz\/\"},{\"@type\":\"ListItem\",\"position\":2,\"name\":\"LC Preview: Everton &#8211; Burnley\"}]},{\"@type\":\"WebSite\",\"@id\":\"https:\/\/evertonfc.cz\/#website\",\"url\":\"https:\/\/evertonfc.cz\/\",\"name\":\"Official Czech &amp; Slovak Everton Supporters&#039; Club\",\"description\":\"\",\"publisher\":{\"@id\":\"https:\/\/evertonfc.cz\/#organization\"},\"potentialAction\":[{\"@type\":\"SearchAction\",\"target\":{\"@type\":\"EntryPoint\",\"urlTemplate\":\"https:\/\/evertonfc.cz\/?s={search_term_string}\"},\"query-input\":{\"@type\":\"PropertyValueSpecification\",\"valueRequired\":true,\"valueName\":\"search_term_string\"}}],\"inLanguage\":\"cs\"},{\"@type\":\"Organization\",\"@id\":\"https:\/\/evertonfc.cz\/#organization\",\"name\":\"Official Czech & Slovak Everton Supporters' Club\",\"url\":\"https:\/\/evertonfc.cz\/\",\"logo\":{\"@type\":\"ImageObject\",\"inLanguage\":\"cs\",\"@id\":\"https:\/\/evertonfc.cz\/#\/schema\/logo\/image\/\",\"url\":\"https:\/\/evertonfc.cz\/wp-content\/uploads\/2019\/05\/logo.png\",\"contentUrl\":\"https:\/\/evertonfc.cz\/wp-content\/uploads\/2019\/05\/logo.png\",\"width\":112,\"height\":112,\"caption\":\"Official Czech & Slovak Everton Supporters' Club\"},\"image\":{\"@id\":\"https:\/\/evertonfc.cz\/#\/schema\/logo\/image\/\"},\"sameAs\":[\"https:\/\/www.facebook.com\/everton.fans.cz.sk\"]},{\"@type\":\"Person\",\"@id\":\"https:\/\/evertonfc.cz\/#\/schema\/person\/b30daf6a5852f4811f8207a17ec1bf78\",\"name\":\"Javor\",\"sameAs\":[\"https:\/\/x.com\/LoudinJan\"],\"url\":\"https:\/\/evertonfc.cz\/index.php\/author\/javor\/\"}]}<\/script>\n<!-- \/ Yoast SEO plugin. -->","yoast_head_json":{"title":"LC Preview: Everton - Burnley - Official Czech &amp; Slovak Everton Supporters&#039; Club","description":"V lize o z\u00e1chranu, v Lig\u00e1\u010di o nejlep\u0161\u00ed osmi\u010dku.\u00a0","robots":{"index":"index","follow":"follow","max-snippet":"max-snippet:-1","max-image-preview":"max-image-preview:large","max-video-preview":"max-video-preview:-1"},"canonical":"https:\/\/evertonfc.cz\/index.php\/2023\/11\/01\/preview-osmifinale-ligoveho-poharu-everton-burnley\/","og_locale":"cs_CZ","og_type":"article","og_title":"LC Preview: Everton - Burnley - Official Czech &amp; Slovak Everton Supporters&#039; Club","og_description":"V lize o z\u00e1chranu, v Lig\u00e1\u010di o nejlep\u0161\u00ed osmi\u010dku.\u00a0","og_url":"https:\/\/evertonfc.cz\/index.php\/2023\/11\/01\/preview-osmifinale-ligoveho-poharu-everton-burnley\/","og_site_name":"Official Czech &amp; Slovak Everton Supporters&#039; Club","article_publisher":"https:\/\/www.facebook.com\/everton.fans.cz.sk","article_published_time":"2023-11-01T16:53:35+00:00","article_modified_time":"2023-11-02T11:29:18+00:00","og_image":[{"width":720,"height":405,"url":"https:\/\/evertonfc.cz\/wp-content\/uploads\/2021\/03\/Everton-VS-Burnley.jpg","type":"image\/jpeg"}],"author":"Javor","twitter_card":"summary_large_image","twitter_creator":"@LoudinJan","twitter_misc":{"Napsal(a)":"Javor","Odhadovan\u00e1 doba \u010dten\u00ed":"2 minuty"},"schema":{"@context":"https:\/\/schema.org","@graph":[{"@type":"Article","@id":"https:\/\/evertonfc.cz\/index.php\/2023\/11\/01\/preview-osmifinale-ligoveho-poharu-everton-burnley\/#article","isPartOf":{"@id":"https:\/\/evertonfc.cz\/index.php\/2023\/11\/01\/preview-osmifinale-ligoveho-poharu-everton-burnley\/"},"author":{"name":"Javor","@id":"https:\/\/evertonfc.cz\/#\/schema\/person\/b30daf6a5852f4811f8207a17ec1bf78"},"headline":"LC Preview: Everton &#8211; Burnley","datePublished":"2023-11-01T16:53:35+00:00","dateModified":"2023-11-02T11:29:18+00:00","mainEntityOfPage":{"@id":"https:\/\/evertonfc.cz\/index.php\/2023\/11\/01\/preview-osmifinale-ligoveho-poharu-everton-burnley\/"},"wordCount":403,"commentCount":0,"publisher":{"@id":"https:\/\/evertonfc.cz\/#organization"},"image":{"@id":"https:\/\/evertonfc.cz\/index.php\/2023\/11\/01\/preview-osmifinale-ligoveho-poharu-everton-burnley\/#primaryimage"},"thumbnailUrl":"https:\/\/evertonfc.cz\/wp-content\/uploads\/2021\/03\/Everton-VS-Burnley.jpg","articleSection":["Z\u00e1pasy"],"inLanguage":"cs","potentialAction":[{"@type":"CommentAction","name":"Comment","target":["https:\/\/evertonfc.cz\/index.php\/2023\/11\/01\/preview-osmifinale-ligoveho-poharu-everton-burnley\/#respond"]}]},{"@type":"WebPage","@id":"https:\/\/evertonfc.cz\/index.php\/2023\/11\/01\/preview-osmifinale-ligoveho-poharu-everton-burnley\/","url":"https:\/\/evertonfc.cz\/index.php\/2023\/11\/01\/preview-osmifinale-ligoveho-poharu-everton-burnley\/","name":"LC Preview: Everton - Burnley - Official Czech &amp; Slovak Everton Supporters&#039; Club","isPartOf":{"@id":"https:\/\/evertonfc.cz\/#website"},"primaryImageOfPage":{"@id":"https:\/\/evertonfc.cz\/index.php\/2023\/11\/01\/preview-osmifinale-ligoveho-poharu-everton-burnley\/#primaryimage"},"image":{"@id":"https:\/\/evertonfc.cz\/index.php\/2023\/11\/01\/preview-osmifinale-ligoveho-poharu-everton-burnley\/#primaryimage"},"thumbnailUrl":"https:\/\/evertonfc.cz\/wp-content\/uploads\/2021\/03\/Everton-VS-Burnley.jpg","datePublished":"2023-11-01T16:53:35+00:00","dateModified":"2023-11-02T11:29:18+00:00","description":"V lize o z\u00e1chranu, v Lig\u00e1\u010di o nejlep\u0161\u00ed osmi\u010dku.\u00a0","breadcrumb":{"@id":"https:\/\/evertonfc.cz\/index.php\/2023\/11\/01\/preview-osmifinale-ligoveho-poharu-everton-burnley\/#breadcrumb"},"inLanguage":"cs","potentialAction":[{"@type":"ReadAction","target":["https:\/\/evertonfc.cz\/index.php\/2023\/11\/01\/preview-osmifinale-ligoveho-poharu-everton-burnley\/"]}]},{"@type":"ImageObject","inLanguage":"cs","@id":"https:\/\/evertonfc.cz\/index.php\/2023\/11\/01\/preview-osmifinale-ligoveho-poharu-everton-burnley\/#primaryimage","url":"https:\/\/evertonfc.cz\/wp-content\/uploads\/2021\/03\/Everton-VS-Burnley.jpg","contentUrl":"https:\/\/evertonfc.cz\/wp-content\/uploads\/2021\/03\/Everton-VS-Burnley.jpg","width":720,"height":405},{"@type":"BreadcrumbList","@id":"https:\/\/evertonfc.cz\/index.php\/2023\/11\/01\/preview-osmifinale-ligoveho-poharu-everton-burnley\/#breadcrumb","itemListElement":[{"@type":"ListItem","position":1,"name":"Home","item":"https:\/\/evertonfc.cz\/"},{"@type":"ListItem","position":2,"name":"LC Preview: Everton &#8211; Burnley"}]},{"@type":"WebSite","@id":"https:\/\/evertonfc.cz\/#website","url":"https:\/\/evertonfc.cz\/","name":"Official Czech &amp; Slovak Everton Supporters&#039; Club","description":"","publisher":{"@id":"https:\/\/evertonfc.cz\/#organization"},"potentialAction":[{"@type":"SearchAction","target":{"@type":"EntryPoint","urlTemplate":"https:\/\/evertonfc.cz\/?s={search_term_string}"},"query-input":{"@type":"PropertyValueSpecification","valueRequired":true,"valueName":"search_term_string"}}],"inLanguage":"cs"},{"@type":"Organization","@id":"https:\/\/evertonfc.cz\/#organization","name":"Official Czech & Slovak Everton Supporters' Club","url":"https:\/\/evertonfc.cz\/","logo":{"@type":"ImageObject","inLanguage":"cs","@id":"https:\/\/evertonfc.cz\/#\/schema\/logo\/image\/","url":"https:\/\/evertonfc.cz\/wp-content\/uploads\/2019\/05\/logo.png","contentUrl":"https:\/\/evertonfc.cz\/wp-content\/uploads\/2019\/05\/logo.png","width":112,"height":112,"caption":"Official Czech & Slovak Everton Supporters' Club"},"image":{"@id":"https:\/\/evertonfc.cz\/#\/schema\/logo\/image\/"},"sameAs":["https:\/\/www.facebook.com\/everton.fans.cz.sk"]},{"@type":"Person","@id":"https:\/\/evertonfc.cz\/#\/schema\/person\/b30daf6a5852f4811f8207a17ec1bf78","name":"Javor","sameAs":["https:\/\/x.com\/LoudinJan"],"url":"https:\/\/evertonfc.cz\/index.php\/author\/javor\/"}]}},"_links":{"self":[{"href":"https:\/\/evertonfc.cz\/index.php\/wp-json\/wp\/v2\/posts\/23148"}],"collection":[{"href":"https:\/\/evertonfc.cz\/index.php\/wp-json\/wp\/v2\/posts"}],"about":[{"href":"https:\/\/evertonfc.cz\/index.php\/wp-json\/wp\/v2\/types\/post"}],"author":[{"embeddable":true,"href":"https:\/\/evertonfc.cz\/index.php\/wp-json\/wp\/v2\/users\/12"}],"replies":[{"embeddable":true,"href":"https:\/\/evertonfc.cz\/index.php\/wp-json\/wp\/v2\/comments?post=23148"}],"version-history":[{"count":4,"href":"https:\/\/evertonfc.cz\/index.php\/wp-json\/wp\/v2\/posts\/23148\/revisions"}],"predecessor-version":[{"id":23172,"href":"https:\/\/evertonfc.cz\/index.php\/wp-json\/wp\/v2\/posts\/23148\/revisions\/23172"}],"wp:featuredmedia":[{"embeddable":true,"href":"https:\/\/evertonfc.cz\/index.php\/wp-json\/wp\/v2\/media\/14586"}],"wp:attachment":[{"href":"https:\/\/evertonfc.cz\/index.php\/wp-json\/wp\/v2\/media?parent=23148"}],"wp:term":[{"taxonomy":"category","embeddable":true,"href":"https:\/\/evertonfc.cz\/index.php\/wp-json\/wp\/v2\/categories?post=23148"},{"taxonomy":"post_tag","embeddable":true,"href":"https:\/\/evertonfc.cz\/index.php\/wp-json\/wp\/v2\/tags?post=23148"}],"curies":[{"name":"wp","href":"https:\/\/api.w.org\/{rel}","templated":true}]}}