{"id":23152,"date":"2023-11-01T22:45:24","date_gmt":"2023-11-01T21:45:24","guid":{"rendered":"https:\/\/evertonfc.cz\/?p=23152"},"modified":"2023-11-03T21:52:48","modified_gmt":"2023-11-03T20:52:48","slug":"everton-burnley-3-0","status":"publish","type":"post","link":"https:\/\/evertonfc.cz\/index.php\/2023\/11\/01\/everton-burnley-3-0\/","title":{"rendered":"Everton &#8211; Burnley 3:0"},"content":{"rendered":"<h4>Toffees nad\u00e1le \u017eij\u00ed snem o Wembley. V osmifin\u00e1le Ligov\u00e9ho poh\u00e1ru si a\u017e velmi snadno poradili se znud\u011bn\u00fdmi Clarets a v dal\u0161\u00edm kole doma p\u0159iv\u00edtaj\u00ed Fulham.<\/h4>\n<p>Goodison Park p\u0159ed v\u00fdkopem velmi d\u016fstojn\u011b uctil minutou ticha pam\u00e1tku ned\u00e1vno zesnul\u00e9ho p\u0159edsedy Kenwrighta. Bille, odpo\u010d\u00edvej v pokoji.<\/p>\n<p>V hledi\u0161ti Old Lady tak\u00e9 tleskal mo\u017en\u00e1 u\u017e brzy b\u00fdval\u00fd majitel klubu Farhad Moshiri. Do sv\u00e9 \u010destn\u00e9 l\u00f3\u017ee usedl po dvoulet\u00e9 odmlce.<\/p>\n<p>Dom\u00e1c\u00ed strat\u00e9g Sean Dyche se rozhodl vyu\u017e\u00edt dobr\u00e9 momentum sv\u00e9ho t\u00fdmu a v porovn\u00e1n\u00ed s v\u00edkendem provedl pouze dv\u011b zm\u011bny v z\u00e1kladn\u00ed sestav\u011b. Doucour\u00e9ho a Pattersona nahradili Young s Danjumou. Kanon\u00fdr Dominic Calvert-Lewin nastoupil u\u017e do \u0161est\u00e9ho z\u00e1pasu od \u00favodn\u00ed minuty v \u0159ad\u011b od sv\u00e9ho uzdraven\u00ed.<\/p>\n<p>Naopak ok\u0161iltovan\u00fd mana\u017eer Burnley provedl dosti razantn\u00ed zm\u011bny ve srovn\u00e1n\u00ed se sobotn\u00ed ligovou prohrou v Bournemouthu. V z\u00e1kladn\u00ed sestav\u011b z\u016fstali pouze \u010dty\u0159i \u0161\u0165astlivci.<\/p>\n<p>Toffees za\u010dali utk\u00e1n\u00ed o pozn\u00e1n\u00ed l\u00e9pe, chopili se iniciativy a dost\u00e1vali se na dost\u0159el branky kosovsk\u00e9ho str\u00e1\u017ece Murice. Nakonec netrvalo dlouho a ujali se tak\u00e9 zaslou\u017een\u00e9ho veden\u00ed. Ve 13. minut\u011b si Tarkowski skv\u011ble nasko\u010dil na nad\u00fdchan\u00fd centr McNeila a proti sv\u00e9mu b\u00fdval\u00e9mu klubu sk\u00f3roval hlavou \u2013 <strong>1:0<\/strong>.<\/p>\n<p>McNeil, op\u011bt hraj\u00edc\u00ed s chut\u00ed, n\u00e1sledn\u011b po sv\u00e9 individu\u00e1ln\u00ed akci p\u00e1lil t\u011bsn\u011b nad b\u0159evno. Na druh\u00e9 stran\u011b se host\u00e9 prvn\u011b osm\u011blili po 20 minut\u00e1ch utk\u00e1n\u00ed, ale vyb\u011bhnuv\u0161\u00ed Pickford vychytal Bruuna Larsena. Tato \u0161ance povzbudila Burnley a to si najednou uv\u011bdomilo, \u017ee m\u016f\u017ee tak\u00e9 hr\u00e1t fotbal s m\u00ed\u010dem na noze. Na\u0161t\u011bst\u00ed do polo\u010dasov\u00e9 p\u0159est\u00e1vky z\u016fstalo pouze u proz\u0159en\u00ed a p\u0159evahy v dr\u017een\u00ed m\u00ed\u010de.<\/p>\n<p>Pokud prvn\u00ed d\u011bjstv\u00ed Everton fini\u0161oval v \u00fasporn\u00e9m re\u017eimu, druh\u00e9 za\u010dal s chut\u00ed do \u017eivota a odm\u011bna na sebe nenechala dlouho \u010dekat. V 53. minut\u011b na\u0161el McNeil\u016fv roh nikoho jin\u00e9ho ne\u017e Tarkowsk\u00e9ho, jeho\u017e hlavi\u010dku polechtal Calvert-Lewin a zbl\u00edzka doklepl do s\u00edt\u011b Onana &#8211; <strong>2:0<\/strong>.<\/p>\n<p>V 68. minut\u011b provedl Sean Dyche dvojit\u00e9 st\u0159\u00edd\u00e1n\u00ed, kdy h\u0159i\u0161t\u011b opustila ofenzivn\u00ed dvojice Calvert-Lewin, Danjuma a do akce se zapojili Beto s Doucour\u00e9m. Za dal\u0161\u00edch deset minut do duelu zas\u00e1hli i \u010derstv\u00ed Gana s Pattersonem, kte\u0159\u00ed nahradili Onanu a Harrisona.<\/p>\n<p>V sam\u00e9m z\u00e1v\u011bru mohli nejprve zpe\u010detit zaslou\u017een\u00fd postup Beto a posl\u00e9ze i Young, ale ve fin\u00e1ln\u00edm zakon\u010den\u00ed selhali. Nicm\u00e9n\u011b smutnit dlouho nemuseli, nebo\u0165 v samotn\u00e9m nastaven\u00ed se Portugalec \u0161ikovn\u011b probil do v\u00e1pna a p\u0159ipravil anglick\u00e9mu matadorovi g\u00f3l na zlat\u00e9m podnose \u2013 <strong>3:0<\/strong>.<\/p>\n<p>Everton dnes potvrdil v\u00edtanou formu, kdy\u017e zaznamenal p\u00e1t\u00e9 v\u00edt\u011bzstv\u00ed z posledn\u00edch sedmi sout\u011b\u017en\u00edch z\u00e1pas\u016f a podruh\u00e9 za sebou udr\u017eel \u010dist\u00e9 konto.<\/p>\n<p>Poz\u00e1pasov\u00fd los \u010dtvrtfin\u00e1le Ligov\u00e9ho poh\u00e1ru p\u0159id\u011blil Blues dom\u00e1c\u00ed st\u0159etnut\u00ed proti Fulhamu, kter\u00e9 se uskute\u010dn\u00ed 19. prosince. V posledn\u00edm m\u011bs\u00edci aktu\u00e1ln\u00ed roku tak Everton odehraje celkem osm z\u00e1pas\u016f.<\/p>\n<p><strong>Branky:<\/strong> 13. Tarkowski, 53. Onana, 90.+2 Young<\/p>\n<p><strong>\u017dK:<\/strong> 29. Al Dakhil, 58. Vitinho<\/p>\n<p><strong>Everton:<\/strong> Pickford \u2013 Young, Tarkowski, Branthwaite, Mykolenko \u2013 Onana (79. Gueye), Garner \u2013 Harrison (79. Patterson), Danjuma (68. Doucour\u00e9), McNeil \u2013 Calvert-Lewin (68. Beto)<\/p>\n<p><strong>Burnley:<\/strong> Muric \u2013 Vitinho (83. Roberts), Al Dakhil, O&#8217;Shea, Delcroix \u2013 Berge (83. Cork), Cullen \u2013 Bruun Larsen (66. Odobert), Tresor Ndayishimiye, Redmond (66. Zaroury) \u2013 Rodriguez (66. Amdouni)<\/p>\n<p><strong>Mu\u017e z\u00e1pasu redakce:<\/strong> Onana<\/p>\n<p><strong>Rozhod\u010d\u00ed:<\/strong> M. Salisbury<\/p>\n<p><strong>Div\u00e1ci:<\/strong> 38 841<\/p>\n<p style=\"text-align: right;\"><span style=\"font-size: 8pt;\">(fotozdroj: evertonfc.com)<\/span><\/p>\n","protected":false},"excerpt":{"rendered":"<p>Toffees nad\u00e1le \u017eij\u00ed snem o Wembley. V osmifin\u00e1le Ligov\u00e9ho poh\u00e1ru si a\u017e velmi snadno poradili se znud\u011bn\u00fdmi Clarets a v dal\u0161\u00edm kole doma p\u0159iv\u00edtaj\u00ed Fulham.<\/p>\n","protected":false},"author":6,"featured_media":23154,"comment_status":"open","ping_status":"closed","sticky":false,"template":"","format":"standard","meta":{"_eb_attr":"","_monsterinsights_skip_tracking":false,"_monsterinsights_sitenote_active":false,"_monsterinsights_sitenote_note":"","_monsterinsights_sitenote_category":0,"footnotes":""},"categories":[4],"tags":[],"yoast_head":"<!-- This site is optimized with the Yoast SEO plugin v23.4 - https:\/\/yoast.com\/wordpress\/plugins\/seo\/ -->\n<title>Everton - Burnley 3:0 - Official Czech &amp; Slovak Everton Supporters&#039; Club<\/title>\n<meta name=\"description\" content=\"Toffees nad\u00e1le \u017eij\u00ed snem o Wembley. V osmifin\u00e1le Ligov\u00e9ho poh\u00e1ru si a\u017e velmi snadno poradili se znud\u011bn\u00fdmi Clarets a v dal\u0161\u00edm kole doma p\u0159iv\u00edtaj\u00ed Fulham.\" \/>\n<meta name=\"robots\" content=\"index, follow, max-snippet:-1, max-image-preview:large, max-video-preview:-1\" \/>\n<link rel=\"canonical\" href=\"https:\/\/evertonfc.cz\/index.php\/2023\/11\/01\/everton-burnley-3-0\/\" \/>\n<meta property=\"og:locale\" content=\"cs_CZ\" \/>\n<meta property=\"og:type\" content=\"article\" \/>\n<meta property=\"og:title\" content=\"Everton - Burnley 3:0 - Official Czech &amp; Slovak Everton Supporters&#039; Club\" \/>\n<meta property=\"og:description\" content=\"Toffees nad\u00e1le \u017eij\u00ed snem o Wembley. V osmifin\u00e1le Ligov\u00e9ho poh\u00e1ru si a\u017e velmi snadno poradili se znud\u011bn\u00fdmi Clarets a v dal\u0161\u00edm kole doma p\u0159iv\u00edtaj\u00ed Fulham.\" \/>\n<meta property=\"og:url\" content=\"https:\/\/evertonfc.cz\/index.php\/2023\/11\/01\/everton-burnley-3-0\/\" \/>\n<meta property=\"og:site_name\" content=\"Official Czech &amp; Slovak Everton Supporters&#039; Club\" \/>\n<meta property=\"article:publisher\" content=\"https:\/\/www.facebook.com\/everton.fans.cz.sk\" \/>\n<meta property=\"article:published_time\" content=\"2023-11-01T21:45:24+00:00\" \/>\n<meta property=\"article:modified_time\" content=\"2023-11-03T20:52:48+00:00\" \/>\n<meta property=\"og:image\" content=\"https:\/\/evertonfc.cz\/wp-content\/uploads\/2023\/11\/tarkowski_1_11_2023.jpeg\" \/>\n\t<meta property=\"og:image:width\" content=\"720\" \/>\n\t<meta property=\"og:image:height\" content=\"405\" \/>\n\t<meta property=\"og:image:type\" content=\"image\/jpeg\" \/>\n<meta name=\"author\" content=\"Ri\u010di\" \/>\n<meta name=\"twitter:card\" content=\"summary_large_image\" \/>\n<meta name=\"twitter:creator\" content=\"@rbrejsa\" \/>\n<meta name=\"twitter:label1\" content=\"Napsal(a)\" \/>\n\t<meta name=\"twitter:data1\" content=\"Ri\u010di\" \/>\n\t<meta name=\"twitter:label2\" content=\"Odhadovan\u00e1 doba \u010dten\u00ed\" \/>\n\t<meta name=\"twitter:data2\" content=\"3 minuty\" \/>\n<script type=\"application\/ld+json\" class=\"yoast-schema-graph\">{\"@context\":\"https:\/\/schema.org\",\"@graph\":[{\"@type\":\"Article\",\"@id\":\"https:\/\/evertonfc.cz\/index.php\/2023\/11\/01\/everton-burnley-3-0\/#article\",\"isPartOf\":{\"@id\":\"https:\/\/evertonfc.cz\/index.php\/2023\/11\/01\/everton-burnley-3-0\/\"},\"author\":{\"name\":\"Ri\u010di\",\"@id\":\"https:\/\/evertonfc.cz\/#\/schema\/person\/f7a5daedb2ffee98480bc70e191aaef1\"},\"headline\":\"Everton &#8211; Burnley 3:0\",\"datePublished\":\"2023-11-01T21:45:24+00:00\",\"dateModified\":\"2023-11-03T20:52:48+00:00\",\"mainEntityOfPage\":{\"@id\":\"https:\/\/evertonfc.cz\/index.php\/2023\/11\/01\/everton-burnley-3-0\/\"},\"wordCount\":609,\"commentCount\":6,\"publisher\":{\"@id\":\"https:\/\/evertonfc.cz\/#organization\"},\"image\":{\"@id\":\"https:\/\/evertonfc.cz\/index.php\/2023\/11\/01\/everton-burnley-3-0\/#primaryimage\"},\"thumbnailUrl\":\"https:\/\/evertonfc.cz\/wp-content\/uploads\/2023\/11\/tarkowski_1_11_2023.jpeg\",\"articleSection\":[\"Z\u00e1pasy\"],\"inLanguage\":\"cs\",\"potentialAction\":[{\"@type\":\"CommentAction\",\"name\":\"Comment\",\"target\":[\"https:\/\/evertonfc.cz\/index.php\/2023\/11\/01\/everton-burnley-3-0\/#respond\"]}]},{\"@type\":\"WebPage\",\"@id\":\"https:\/\/evertonfc.cz\/index.php\/2023\/11\/01\/everton-burnley-3-0\/\",\"url\":\"https:\/\/evertonfc.cz\/index.php\/2023\/11\/01\/everton-burnley-3-0\/\",\"name\":\"Everton - Burnley 3:0 - Official Czech &amp; Slovak Everton Supporters&#039; Club\",\"isPartOf\":{\"@id\":\"https:\/\/evertonfc.cz\/#website\"},\"primaryImageOfPage\":{\"@id\":\"https:\/\/evertonfc.cz\/index.php\/2023\/11\/01\/everton-burnley-3-0\/#primaryimage\"},\"image\":{\"@id\":\"https:\/\/evertonfc.cz\/index.php\/2023\/11\/01\/everton-burnley-3-0\/#primaryimage\"},\"thumbnailUrl\":\"https:\/\/evertonfc.cz\/wp-content\/uploads\/2023\/11\/tarkowski_1_11_2023.jpeg\",\"datePublished\":\"2023-11-01T21:45:24+00:00\",\"dateModified\":\"2023-11-03T20:52:48+00:00\",\"description\":\"Toffees nad\u00e1le \u017eij\u00ed snem o Wembley. V osmifin\u00e1le Ligov\u00e9ho poh\u00e1ru si a\u017e velmi snadno poradili se znud\u011bn\u00fdmi Clarets a v dal\u0161\u00edm kole doma p\u0159iv\u00edtaj\u00ed Fulham.\",\"breadcrumb\":{\"@id\":\"https:\/\/evertonfc.cz\/index.php\/2023\/11\/01\/everton-burnley-3-0\/#breadcrumb\"},\"inLanguage\":\"cs\",\"potentialAction\":[{\"@type\":\"ReadAction\",\"target\":[\"https:\/\/evertonfc.cz\/index.php\/2023\/11\/01\/everton-burnley-3-0\/\"]}]},{\"@type\":\"ImageObject\",\"inLanguage\":\"cs\",\"@id\":\"https:\/\/evertonfc.cz\/index.php\/2023\/11\/01\/everton-burnley-3-0\/#primaryimage\",\"url\":\"https:\/\/evertonfc.cz\/wp-content\/uploads\/2023\/11\/tarkowski_1_11_2023.jpeg\",\"contentUrl\":\"https:\/\/evertonfc.cz\/wp-content\/uploads\/2023\/11\/tarkowski_1_11_2023.jpeg\",\"width\":720,\"height\":405},{\"@type\":\"BreadcrumbList\",\"@id\":\"https:\/\/evertonfc.cz\/index.php\/2023\/11\/01\/everton-burnley-3-0\/#breadcrumb\",\"itemListElement\":[{\"@type\":\"ListItem\",\"position\":1,\"name\":\"Home\",\"item\":\"https:\/\/evertonfc.cz\/\"},{\"@type\":\"ListItem\",\"position\":2,\"name\":\"Everton &#8211; Burnley 3:0\"}]},{\"@type\":\"WebSite\",\"@id\":\"https:\/\/evertonfc.cz\/#website\",\"url\":\"https:\/\/evertonfc.cz\/\",\"name\":\"Official Czech &amp; Slovak Everton Supporters&#039; Club\",\"description\":\"\",\"publisher\":{\"@id\":\"https:\/\/evertonfc.cz\/#organization\"},\"potentialAction\":[{\"@type\":\"SearchAction\",\"target\":{\"@type\":\"EntryPoint\",\"urlTemplate\":\"https:\/\/evertonfc.cz\/?s={search_term_string}\"},\"query-input\":{\"@type\":\"PropertyValueSpecification\",\"valueRequired\":true,\"valueName\":\"search_term_string\"}}],\"inLanguage\":\"cs\"},{\"@type\":\"Organization\",\"@id\":\"https:\/\/evertonfc.cz\/#organization\",\"name\":\"Official Czech & Slovak Everton Supporters' Club\",\"url\":\"https:\/\/evertonfc.cz\/\",\"logo\":{\"@type\":\"ImageObject\",\"inLanguage\":\"cs\",\"@id\":\"https:\/\/evertonfc.cz\/#\/schema\/logo\/image\/\",\"url\":\"https:\/\/evertonfc.cz\/wp-content\/uploads\/2019\/05\/logo.png\",\"contentUrl\":\"https:\/\/evertonfc.cz\/wp-content\/uploads\/2019\/05\/logo.png\",\"width\":112,\"height\":112,\"caption\":\"Official Czech & Slovak Everton Supporters' Club\"},\"image\":{\"@id\":\"https:\/\/evertonfc.cz\/#\/schema\/logo\/image\/\"},\"sameAs\":[\"https:\/\/www.facebook.com\/everton.fans.cz.sk\"]},{\"@type\":\"Person\",\"@id\":\"https:\/\/evertonfc.cz\/#\/schema\/person\/f7a5daedb2ffee98480bc70e191aaef1\",\"name\":\"Ri\u010di\",\"sameAs\":[\"https:\/\/x.com\/rbrejsa\"],\"url\":\"https:\/\/evertonfc.cz\/index.php\/author\/rici\/\"}]}<\/script>\n<!-- \/ Yoast SEO plugin. -->","yoast_head_json":{"title":"Everton - Burnley 3:0 - Official Czech &amp; Slovak Everton Supporters&#039; Club","description":"Toffees nad\u00e1le \u017eij\u00ed snem o Wembley. V osmifin\u00e1le Ligov\u00e9ho poh\u00e1ru si a\u017e velmi snadno poradili se znud\u011bn\u00fdmi Clarets a v dal\u0161\u00edm kole doma p\u0159iv\u00edtaj\u00ed Fulham.","robots":{"index":"index","follow":"follow","max-snippet":"max-snippet:-1","max-image-preview":"max-image-preview:large","max-video-preview":"max-video-preview:-1"},"canonical":"https:\/\/evertonfc.cz\/index.php\/2023\/11\/01\/everton-burnley-3-0\/","og_locale":"cs_CZ","og_type":"article","og_title":"Everton - Burnley 3:0 - Official Czech &amp; Slovak Everton Supporters&#039; Club","og_description":"Toffees nad\u00e1le \u017eij\u00ed snem o Wembley. V osmifin\u00e1le Ligov\u00e9ho poh\u00e1ru si a\u017e velmi snadno poradili se znud\u011bn\u00fdmi Clarets a v dal\u0161\u00edm kole doma p\u0159iv\u00edtaj\u00ed Fulham.","og_url":"https:\/\/evertonfc.cz\/index.php\/2023\/11\/01\/everton-burnley-3-0\/","og_site_name":"Official Czech &amp; Slovak Everton Supporters&#039; Club","article_publisher":"https:\/\/www.facebook.com\/everton.fans.cz.sk","article_published_time":"2023-11-01T21:45:24+00:00","article_modified_time":"2023-11-03T20:52:48+00:00","og_image":[{"width":720,"height":405,"url":"https:\/\/evertonfc.cz\/wp-content\/uploads\/2023\/11\/tarkowski_1_11_2023.jpeg","type":"image\/jpeg"}],"author":"Ri\u010di","twitter_card":"summary_large_image","twitter_creator":"@rbrejsa","twitter_misc":{"Napsal(a)":"Ri\u010di","Odhadovan\u00e1 doba \u010dten\u00ed":"3 minuty"},"schema":{"@context":"https:\/\/schema.org","@graph":[{"@type":"Article","@id":"https:\/\/evertonfc.cz\/index.php\/2023\/11\/01\/everton-burnley-3-0\/#article","isPartOf":{"@id":"https:\/\/evertonfc.cz\/index.php\/2023\/11\/01\/everton-burnley-3-0\/"},"author":{"name":"Ri\u010di","@id":"https:\/\/evertonfc.cz\/#\/schema\/person\/f7a5daedb2ffee98480bc70e191aaef1"},"headline":"Everton &#8211; Burnley 3:0","datePublished":"2023-11-01T21:45:24+00:00","dateModified":"2023-11-03T20:52:48+00:00","mainEntityOfPage":{"@id":"https:\/\/evertonfc.cz\/index.php\/2023\/11\/01\/everton-burnley-3-0\/"},"wordCount":609,"commentCount":6,"publisher":{"@id":"https:\/\/evertonfc.cz\/#organization"},"image":{"@id":"https:\/\/evertonfc.cz\/index.php\/2023\/11\/01\/everton-burnley-3-0\/#primaryimage"},"thumbnailUrl":"https:\/\/evertonfc.cz\/wp-content\/uploads\/2023\/11\/tarkowski_1_11_2023.jpeg","articleSection":["Z\u00e1pasy"],"inLanguage":"cs","potentialAction":[{"@type":"CommentAction","name":"Comment","target":["https:\/\/evertonfc.cz\/index.php\/2023\/11\/01\/everton-burnley-3-0\/#respond"]}]},{"@type":"WebPage","@id":"https:\/\/evertonfc.cz\/index.php\/2023\/11\/01\/everton-burnley-3-0\/","url":"https:\/\/evertonfc.cz\/index.php\/2023\/11\/01\/everton-burnley-3-0\/","name":"Everton - Burnley 3:0 - Official Czech &amp; Slovak Everton Supporters&#039; Club","isPartOf":{"@id":"https:\/\/evertonfc.cz\/#website"},"primaryImageOfPage":{"@id":"https:\/\/evertonfc.cz\/index.php\/2023\/11\/01\/everton-burnley-3-0\/#primaryimage"},"image":{"@id":"https:\/\/evertonfc.cz\/index.php\/2023\/11\/01\/everton-burnley-3-0\/#primaryimage"},"thumbnailUrl":"https:\/\/evertonfc.cz\/wp-content\/uploads\/2023\/11\/tarkowski_1_11_2023.jpeg","datePublished":"2023-11-01T21:45:24+00:00","dateModified":"2023-11-03T20:52:48+00:00","description":"Toffees nad\u00e1le \u017eij\u00ed snem o Wembley. V osmifin\u00e1le Ligov\u00e9ho poh\u00e1ru si a\u017e velmi snadno poradili se znud\u011bn\u00fdmi Clarets a v dal\u0161\u00edm kole doma p\u0159iv\u00edtaj\u00ed Fulham.","breadcrumb":{"@id":"https:\/\/evertonfc.cz\/index.php\/2023\/11\/01\/everton-burnley-3-0\/#breadcrumb"},"inLanguage":"cs","potentialAction":[{"@type":"ReadAction","target":["https:\/\/evertonfc.cz\/index.php\/2023\/11\/01\/everton-burnley-3-0\/"]}]},{"@type":"ImageObject","inLanguage":"cs","@id":"https:\/\/evertonfc.cz\/index.php\/2023\/11\/01\/everton-burnley-3-0\/#primaryimage","url":"https:\/\/evertonfc.cz\/wp-content\/uploads\/2023\/11\/tarkowski_1_11_2023.jpeg","contentUrl":"https:\/\/evertonfc.cz\/wp-content\/uploads\/2023\/11\/tarkowski_1_11_2023.jpeg","width":720,"height":405},{"@type":"BreadcrumbList","@id":"https:\/\/evertonfc.cz\/index.php\/2023\/11\/01\/everton-burnley-3-0\/#breadcrumb","itemListElement":[{"@type":"ListItem","position":1,"name":"Home","item":"https:\/\/evertonfc.cz\/"},{"@type":"ListItem","position":2,"name":"Everton &#8211; Burnley 3:0"}]},{"@type":"WebSite","@id":"https:\/\/evertonfc.cz\/#website","url":"https:\/\/evertonfc.cz\/","name":"Official Czech &amp; Slovak Everton Supporters&#039; Club","description":"","publisher":{"@id":"https:\/\/evertonfc.cz\/#organization"},"potentialAction":[{"@type":"SearchAction","target":{"@type":"EntryPoint","urlTemplate":"https:\/\/evertonfc.cz\/?s={search_term_string}"},"query-input":{"@type":"PropertyValueSpecification","valueRequired":true,"valueName":"search_term_string"}}],"inLanguage":"cs"},{"@type":"Organization","@id":"https:\/\/evertonfc.cz\/#organization","name":"Official Czech & Slovak Everton Supporters' Club","url":"https:\/\/evertonfc.cz\/","logo":{"@type":"ImageObject","inLanguage":"cs","@id":"https:\/\/evertonfc.cz\/#\/schema\/logo\/image\/","url":"https:\/\/evertonfc.cz\/wp-content\/uploads\/2019\/05\/logo.png","contentUrl":"https:\/\/evertonfc.cz\/wp-content\/uploads\/2019\/05\/logo.png","width":112,"height":112,"caption":"Official Czech & Slovak Everton Supporters' Club"},"image":{"@id":"https:\/\/evertonfc.cz\/#\/schema\/logo\/image\/"},"sameAs":["https:\/\/www.facebook.com\/everton.fans.cz.sk"]},{"@type":"Person","@id":"https:\/\/evertonfc.cz\/#\/schema\/person\/f7a5daedb2ffee98480bc70e191aaef1","name":"Ri\u010di","sameAs":["https:\/\/x.com\/rbrejsa"],"url":"https:\/\/evertonfc.cz\/index.php\/author\/rici\/"}]}},"_links":{"self":[{"href":"https:\/\/evertonfc.cz\/index.php\/wp-json\/wp\/v2\/posts\/23152"}],"collection":[{"href":"https:\/\/evertonfc.cz\/index.php\/wp-json\/wp\/v2\/posts"}],"about":[{"href":"https:\/\/evertonfc.cz\/index.php\/wp-json\/wp\/v2\/types\/post"}],"author":[{"embeddable":true,"href":"https:\/\/evertonfc.cz\/index.php\/wp-json\/wp\/v2\/users\/6"}],"replies":[{"embeddable":true,"href":"https:\/\/evertonfc.cz\/index.php\/wp-json\/wp\/v2\/comments?post=23152"}],"version-history":[{"count":17,"href":"https:\/\/evertonfc.cz\/index.php\/wp-json\/wp\/v2\/posts\/23152\/revisions"}],"predecessor-version":[{"id":23183,"href":"https:\/\/evertonfc.cz\/index.php\/wp-json\/wp\/v2\/posts\/23152\/revisions\/23183"}],"wp:featuredmedia":[{"embeddable":true,"href":"https:\/\/evertonfc.cz\/index.php\/wp-json\/wp\/v2\/media\/23154"}],"wp:attachment":[{"href":"https:\/\/evertonfc.cz\/index.php\/wp-json\/wp\/v2\/media?parent=23152"}],"wp:term":[{"taxonomy":"category","embeddable":true,"href":"https:\/\/evertonfc.cz\/index.php\/wp-json\/wp\/v2\/categories?post=23152"},{"taxonomy":"post_tag","embeddable":true,"href":"https:\/\/evertonfc.cz\/index.php\/wp-json\/wp\/v2\/tags?post=23152"}],"curies":[{"name":"wp","href":"https:\/\/api.w.org\/{rel}","templated":true}]}}