{"id":23185,"date":"2023-11-04T09:08:25","date_gmt":"2023-11-04T08:08:25","guid":{"rendered":"https:\/\/evertonfc.cz\/?p=23185"},"modified":"2023-11-04T11:21:22","modified_gmt":"2023-11-04T10:21:22","slug":"preview-everton-brighton-hove-albion-5","status":"publish","type":"post","link":"https:\/\/evertonfc.cz\/index.php\/2023\/11\/04\/preview-everton-brighton-hove-albion-5\/","title":{"rendered":"Preview: Everton &#8211; Brighton &#038; Hove Albion"},"content":{"rendered":"<h4>Everton se zjevn\u011b zved\u00e1. Mohlo by to pokra\u010dovat i doma proti sedm\u00e9mu t\u00fdmu tabulky.<\/h4>\n<p>Kdy\u017e pominu nepochopiteln\u00e9 odevzd\u00e1n\u00ed v\u0161ech t\u0159\u00ed bod\u016f Lutonu, pro kter\u00e9 to je v\u011bt\u0161ina z p\u011bti bod\u016f, kter\u00e9 nov\u00e1\u010dek uhr\u00e1l, tak Everton v posledn\u00edch dvou m\u011bs\u00edc\u00edch prohr\u00e1l jen s Arsenalem a s Liverpoolem. T\u00fdmy, kter\u00e9 jsou v\u00fdkonnostn\u011b jinde. Formu potvrdil i v \u00fatern\u00edm osmifin\u00e1le Ligov\u00e9ho poh\u00e1ru, kdy zv\u00e1lcoval rozd\u00edlem t\u0159\u00eddy Burnley a t\u011b\u0161\u00ed se tak na dom\u00e1c\u00ed \u010dtvrtfin\u00e1le proti Fulhamu. Jedn\u00edm z d\u016fvod\u016f zlep\u0161en\u00fdch v\u00fdkon\u016f je nepochybn\u011b kone\u010dn\u011b zdrav\u00fd Calvert-Lewin. V\u00a0posledn\u00edch \u0161esti ligov\u00fdch z\u00e1pasech dal 4 branky a Tarkowski vytvo\u0159il s Branthwaitem na stoperu jednu z lep\u0161\u00edch ligov\u00fdch dvojic.<\/p>\n<p>Ohledn\u011b zdravotn\u00edho stavu k\u00e1dru se nic nem\u011bn\u00ed, st\u00e1le bude chyb\u011bt trojice Alli-Coleman-Gomes. Irsk\u00fd kapit\u00e1n by ale m\u011bl zas\u00e1hnout do dne\u0161n\u00edho utk\u00e1n\u00ed t\u00fdmu do 21 let proti Manchesteru United, co\u017e bude jeho prvn\u00ed utk\u00e1n\u00ed od za\u010d\u00e1tku kv\u011btna. Po odpyk\u00e1n\u00ed jednoz\u00e1pasov\u00e9ho trestu za vylou\u010den\u00ed v derby se do ligov\u00e9ho koloto\u010de vrac\u00ed Young, ten dokonce proti Burnley v \u00fater\u00fd vs\u00edtil.<\/p>\n<p>Sou\u010dasn\u00e1 forma Brightonu je nemastn\u00e1 neslan\u00e1. V Ligov\u00e9m poh\u00e1ru vypadl na h\u0159i\u0161ti Chelsea, v Evropsk\u00e9 lize je ve skupin\u011b B po t\u0159ech z\u00e1pasech t\u0159et\u00ed a v lize st\u0159\u00edd\u00e1 rem\u00edzy (Fulham, Liverpool) a prohry (Manchester City, Aston Villa). Rozhodn\u011b jde o hrateln\u00e9ho soupe\u0159e, ostatn\u011b, dokl\u00e1d\u00e1 to\u00a0<a href=\"https:\/\/evertonfc.cz\/index.php\/2023\/05\/09\/brighton-hove-albion-everton-15\/\">minul\u00fd v\u00fdprask<\/a>. Po zran\u011bn\u00ed se vrac\u00ed Lamptey, naopak do utk\u00e1n\u00ed nezas\u00e1hne zran\u011bn\u00e1 \u010dtve\u0159ice Enciso-Estupi\u0148an-March-Wellbeck. Zdrav\u00fd je u\u017e i Moder, ale ten zat\u00edm st\u0159\u00e1d\u00e1 minuty za t\u00fdm do 21 let a i nad\u00e1le se pl\u00e1nuje, \u017ee se v n\u011bm bude rozehr\u00e1vat.<\/p>\n<p><strong>Co: <\/strong>Everton FC &#8211; Brighton &amp; Hove Albion FC, 11. kolo Premier League<br \/>\n<strong>Kdy: <\/strong>4. 11. 2023, v\u00fdkop od 16:00<br \/>\n<strong>Kde: <\/strong>Goodison Park \u2013 Goodison Rd, Liverpool L4 4EL (kapacita: 39 414)<br \/>\n<strong>TV: <\/strong>P\u0159\u00edm\u00fd p\u0159enos na stanici Canal+ Sport 3, komentuje Ond\u0159ej L\u00edpa<br \/>\n<strong>Rozhod\u010d\u00ed: <\/strong>Tim Robinson &#8211; Adrian Holmes, Scott Ledger\u00a0 <strong>\u010ctvrt\u00fd rozhod\u010d\u00ed: <\/strong>Steve Martin<br \/>\n<strong>Videorozhod\u010d\u00ed: <\/strong>Michael Oliver\u00a0 <strong>Asistent videorozhod\u010d\u00edho:\u00a0<\/strong>Nick Hopton<\/p>\n","protected":false},"excerpt":{"rendered":"<p>Everton se zjevn\u011b zved\u00e1. Mohlo by to pokra\u010dovat i doma proti sedm\u00e9mu t\u00fdmu tabulky.<\/p>\n","protected":false},"author":12,"featured_media":12238,"comment_status":"open","ping_status":"closed","sticky":false,"template":"","format":"standard","meta":{"_eb_attr":"","_monsterinsights_skip_tracking":false,"_monsterinsights_sitenote_active":false,"_monsterinsights_sitenote_note":"","_monsterinsights_sitenote_category":0,"footnotes":""},"categories":[4],"tags":[],"yoast_head":"<!-- This site is optimized with the Yoast SEO plugin v23.4 - https:\/\/yoast.com\/wordpress\/plugins\/seo\/ -->\n<title>Preview: Everton - Brighton &amp; Hove Albion - Official Czech &amp; Slovak Everton Supporters&#039; Club<\/title>\n<meta name=\"description\" content=\"Everton se zjevn\u011b zved\u00e1. Mohlo by to pokra\u010dovat i doma proti sedm\u00e9mu t\u00fdmu tabulky.\" \/>\n<meta name=\"robots\" content=\"index, follow, max-snippet:-1, max-image-preview:large, max-video-preview:-1\" \/>\n<link rel=\"canonical\" href=\"https:\/\/evertonfc.cz\/index.php\/2023\/11\/04\/preview-everton-brighton-hove-albion-5\/\" \/>\n<meta property=\"og:locale\" content=\"cs_CZ\" \/>\n<meta property=\"og:type\" content=\"article\" \/>\n<meta property=\"og:title\" content=\"Preview: Everton - Brighton &amp; Hove Albion - Official Czech &amp; Slovak Everton Supporters&#039; Club\" \/>\n<meta property=\"og:description\" content=\"Everton se zjevn\u011b zved\u00e1. Mohlo by to pokra\u010dovat i doma proti sedm\u00e9mu t\u00fdmu tabulky.\" \/>\n<meta property=\"og:url\" content=\"https:\/\/evertonfc.cz\/index.php\/2023\/11\/04\/preview-everton-brighton-hove-albion-5\/\" \/>\n<meta property=\"og:site_name\" content=\"Official Czech &amp; Slovak Everton Supporters&#039; Club\" \/>\n<meta property=\"article:publisher\" content=\"https:\/\/www.facebook.com\/everton.fans.cz.sk\" \/>\n<meta property=\"article:published_time\" content=\"2023-11-04T08:08:25+00:00\" \/>\n<meta property=\"article:modified_time\" content=\"2023-11-04T10:21:22+00:00\" \/>\n<meta property=\"og:image\" content=\"https:\/\/evertonfc.cz\/wp-content\/uploads\/2020\/10\/Everton-VS-Brighton-3-10-2020.jpg.jpg\" \/>\n\t<meta property=\"og:image:width\" content=\"720\" \/>\n\t<meta property=\"og:image:height\" content=\"405\" \/>\n\t<meta property=\"og:image:type\" content=\"image\/jpeg\" \/>\n<meta name=\"author\" content=\"Javor\" \/>\n<meta name=\"twitter:card\" content=\"summary_large_image\" \/>\n<meta name=\"twitter:creator\" content=\"@LoudinJan\" \/>\n<meta name=\"twitter:label1\" content=\"Napsal(a)\" \/>\n\t<meta name=\"twitter:data1\" content=\"Javor\" \/>\n\t<meta name=\"twitter:label2\" content=\"Odhadovan\u00e1 doba \u010dten\u00ed\" \/>\n\t<meta name=\"twitter:data2\" content=\"2 minuty\" \/>\n<script type=\"application\/ld+json\" class=\"yoast-schema-graph\">{\"@context\":\"https:\/\/schema.org\",\"@graph\":[{\"@type\":\"Article\",\"@id\":\"https:\/\/evertonfc.cz\/index.php\/2023\/11\/04\/preview-everton-brighton-hove-albion-5\/#article\",\"isPartOf\":{\"@id\":\"https:\/\/evertonfc.cz\/index.php\/2023\/11\/04\/preview-everton-brighton-hove-albion-5\/\"},\"author\":{\"name\":\"Javor\",\"@id\":\"https:\/\/evertonfc.cz\/#\/schema\/person\/b30daf6a5852f4811f8207a17ec1bf78\"},\"headline\":\"Preview: Everton &#8211; Brighton &#038; Hove Albion\",\"datePublished\":\"2023-11-04T08:08:25+00:00\",\"dateModified\":\"2023-11-04T10:21:22+00:00\",\"mainEntityOfPage\":{\"@id\":\"https:\/\/evertonfc.cz\/index.php\/2023\/11\/04\/preview-everton-brighton-hove-albion-5\/\"},\"wordCount\":394,\"commentCount\":16,\"publisher\":{\"@id\":\"https:\/\/evertonfc.cz\/#organization\"},\"image\":{\"@id\":\"https:\/\/evertonfc.cz\/index.php\/2023\/11\/04\/preview-everton-brighton-hove-albion-5\/#primaryimage\"},\"thumbnailUrl\":\"https:\/\/evertonfc.cz\/wp-content\/uploads\/2020\/10\/Everton-VS-Brighton-3-10-2020.jpg.jpg\",\"articleSection\":[\"Z\u00e1pasy\"],\"inLanguage\":\"cs\",\"potentialAction\":[{\"@type\":\"CommentAction\",\"name\":\"Comment\",\"target\":[\"https:\/\/evertonfc.cz\/index.php\/2023\/11\/04\/preview-everton-brighton-hove-albion-5\/#respond\"]}]},{\"@type\":\"WebPage\",\"@id\":\"https:\/\/evertonfc.cz\/index.php\/2023\/11\/04\/preview-everton-brighton-hove-albion-5\/\",\"url\":\"https:\/\/evertonfc.cz\/index.php\/2023\/11\/04\/preview-everton-brighton-hove-albion-5\/\",\"name\":\"Preview: Everton - Brighton & Hove Albion - Official Czech &amp; Slovak Everton Supporters&#039; Club\",\"isPartOf\":{\"@id\":\"https:\/\/evertonfc.cz\/#website\"},\"primaryImageOfPage\":{\"@id\":\"https:\/\/evertonfc.cz\/index.php\/2023\/11\/04\/preview-everton-brighton-hove-albion-5\/#primaryimage\"},\"image\":{\"@id\":\"https:\/\/evertonfc.cz\/index.php\/2023\/11\/04\/preview-everton-brighton-hove-albion-5\/#primaryimage\"},\"thumbnailUrl\":\"https:\/\/evertonfc.cz\/wp-content\/uploads\/2020\/10\/Everton-VS-Brighton-3-10-2020.jpg.jpg\",\"datePublished\":\"2023-11-04T08:08:25+00:00\",\"dateModified\":\"2023-11-04T10:21:22+00:00\",\"description\":\"Everton se zjevn\u011b zved\u00e1. Mohlo by to pokra\u010dovat i doma proti sedm\u00e9mu t\u00fdmu tabulky.\",\"breadcrumb\":{\"@id\":\"https:\/\/evertonfc.cz\/index.php\/2023\/11\/04\/preview-everton-brighton-hove-albion-5\/#breadcrumb\"},\"inLanguage\":\"cs\",\"potentialAction\":[{\"@type\":\"ReadAction\",\"target\":[\"https:\/\/evertonfc.cz\/index.php\/2023\/11\/04\/preview-everton-brighton-hove-albion-5\/\"]}]},{\"@type\":\"ImageObject\",\"inLanguage\":\"cs\",\"@id\":\"https:\/\/evertonfc.cz\/index.php\/2023\/11\/04\/preview-everton-brighton-hove-albion-5\/#primaryimage\",\"url\":\"https:\/\/evertonfc.cz\/wp-content\/uploads\/2020\/10\/Everton-VS-Brighton-3-10-2020.jpg.jpg\",\"contentUrl\":\"https:\/\/evertonfc.cz\/wp-content\/uploads\/2020\/10\/Everton-VS-Brighton-3-10-2020.jpg.jpg\",\"width\":720,\"height\":405},{\"@type\":\"BreadcrumbList\",\"@id\":\"https:\/\/evertonfc.cz\/index.php\/2023\/11\/04\/preview-everton-brighton-hove-albion-5\/#breadcrumb\",\"itemListElement\":[{\"@type\":\"ListItem\",\"position\":1,\"name\":\"Home\",\"item\":\"https:\/\/evertonfc.cz\/\"},{\"@type\":\"ListItem\",\"position\":2,\"name\":\"Preview: Everton &#8211; Brighton &#038; Hove Albion\"}]},{\"@type\":\"WebSite\",\"@id\":\"https:\/\/evertonfc.cz\/#website\",\"url\":\"https:\/\/evertonfc.cz\/\",\"name\":\"Official Czech &amp; Slovak Everton Supporters&#039; Club\",\"description\":\"\",\"publisher\":{\"@id\":\"https:\/\/evertonfc.cz\/#organization\"},\"potentialAction\":[{\"@type\":\"SearchAction\",\"target\":{\"@type\":\"EntryPoint\",\"urlTemplate\":\"https:\/\/evertonfc.cz\/?s={search_term_string}\"},\"query-input\":{\"@type\":\"PropertyValueSpecification\",\"valueRequired\":true,\"valueName\":\"search_term_string\"}}],\"inLanguage\":\"cs\"},{\"@type\":\"Organization\",\"@id\":\"https:\/\/evertonfc.cz\/#organization\",\"name\":\"Official Czech & Slovak Everton Supporters' Club\",\"url\":\"https:\/\/evertonfc.cz\/\",\"logo\":{\"@type\":\"ImageObject\",\"inLanguage\":\"cs\",\"@id\":\"https:\/\/evertonfc.cz\/#\/schema\/logo\/image\/\",\"url\":\"https:\/\/evertonfc.cz\/wp-content\/uploads\/2019\/05\/logo.png\",\"contentUrl\":\"https:\/\/evertonfc.cz\/wp-content\/uploads\/2019\/05\/logo.png\",\"width\":112,\"height\":112,\"caption\":\"Official Czech & Slovak Everton Supporters' Club\"},\"image\":{\"@id\":\"https:\/\/evertonfc.cz\/#\/schema\/logo\/image\/\"},\"sameAs\":[\"https:\/\/www.facebook.com\/everton.fans.cz.sk\"]},{\"@type\":\"Person\",\"@id\":\"https:\/\/evertonfc.cz\/#\/schema\/person\/b30daf6a5852f4811f8207a17ec1bf78\",\"name\":\"Javor\",\"sameAs\":[\"https:\/\/x.com\/LoudinJan\"],\"url\":\"https:\/\/evertonfc.cz\/index.php\/author\/javor\/\"}]}<\/script>\n<!-- \/ Yoast SEO plugin. -->","yoast_head_json":{"title":"Preview: Everton - Brighton & Hove Albion - Official Czech &amp; Slovak Everton Supporters&#039; Club","description":"Everton se zjevn\u011b zved\u00e1. Mohlo by to pokra\u010dovat i doma proti sedm\u00e9mu t\u00fdmu tabulky.","robots":{"index":"index","follow":"follow","max-snippet":"max-snippet:-1","max-image-preview":"max-image-preview:large","max-video-preview":"max-video-preview:-1"},"canonical":"https:\/\/evertonfc.cz\/index.php\/2023\/11\/04\/preview-everton-brighton-hove-albion-5\/","og_locale":"cs_CZ","og_type":"article","og_title":"Preview: Everton - Brighton & Hove Albion - Official Czech &amp; Slovak Everton Supporters&#039; Club","og_description":"Everton se zjevn\u011b zved\u00e1. Mohlo by to pokra\u010dovat i doma proti sedm\u00e9mu t\u00fdmu tabulky.","og_url":"https:\/\/evertonfc.cz\/index.php\/2023\/11\/04\/preview-everton-brighton-hove-albion-5\/","og_site_name":"Official Czech &amp; Slovak Everton Supporters&#039; Club","article_publisher":"https:\/\/www.facebook.com\/everton.fans.cz.sk","article_published_time":"2023-11-04T08:08:25+00:00","article_modified_time":"2023-11-04T10:21:22+00:00","og_image":[{"width":720,"height":405,"url":"https:\/\/evertonfc.cz\/wp-content\/uploads\/2020\/10\/Everton-VS-Brighton-3-10-2020.jpg.jpg","type":"image\/jpeg"}],"author":"Javor","twitter_card":"summary_large_image","twitter_creator":"@LoudinJan","twitter_misc":{"Napsal(a)":"Javor","Odhadovan\u00e1 doba \u010dten\u00ed":"2 minuty"},"schema":{"@context":"https:\/\/schema.org","@graph":[{"@type":"Article","@id":"https:\/\/evertonfc.cz\/index.php\/2023\/11\/04\/preview-everton-brighton-hove-albion-5\/#article","isPartOf":{"@id":"https:\/\/evertonfc.cz\/index.php\/2023\/11\/04\/preview-everton-brighton-hove-albion-5\/"},"author":{"name":"Javor","@id":"https:\/\/evertonfc.cz\/#\/schema\/person\/b30daf6a5852f4811f8207a17ec1bf78"},"headline":"Preview: Everton &#8211; Brighton &#038; Hove Albion","datePublished":"2023-11-04T08:08:25+00:00","dateModified":"2023-11-04T10:21:22+00:00","mainEntityOfPage":{"@id":"https:\/\/evertonfc.cz\/index.php\/2023\/11\/04\/preview-everton-brighton-hove-albion-5\/"},"wordCount":394,"commentCount":16,"publisher":{"@id":"https:\/\/evertonfc.cz\/#organization"},"image":{"@id":"https:\/\/evertonfc.cz\/index.php\/2023\/11\/04\/preview-everton-brighton-hove-albion-5\/#primaryimage"},"thumbnailUrl":"https:\/\/evertonfc.cz\/wp-content\/uploads\/2020\/10\/Everton-VS-Brighton-3-10-2020.jpg.jpg","articleSection":["Z\u00e1pasy"],"inLanguage":"cs","potentialAction":[{"@type":"CommentAction","name":"Comment","target":["https:\/\/evertonfc.cz\/index.php\/2023\/11\/04\/preview-everton-brighton-hove-albion-5\/#respond"]}]},{"@type":"WebPage","@id":"https:\/\/evertonfc.cz\/index.php\/2023\/11\/04\/preview-everton-brighton-hove-albion-5\/","url":"https:\/\/evertonfc.cz\/index.php\/2023\/11\/04\/preview-everton-brighton-hove-albion-5\/","name":"Preview: Everton - Brighton & Hove Albion - Official Czech &amp; Slovak Everton Supporters&#039; Club","isPartOf":{"@id":"https:\/\/evertonfc.cz\/#website"},"primaryImageOfPage":{"@id":"https:\/\/evertonfc.cz\/index.php\/2023\/11\/04\/preview-everton-brighton-hove-albion-5\/#primaryimage"},"image":{"@id":"https:\/\/evertonfc.cz\/index.php\/2023\/11\/04\/preview-everton-brighton-hove-albion-5\/#primaryimage"},"thumbnailUrl":"https:\/\/evertonfc.cz\/wp-content\/uploads\/2020\/10\/Everton-VS-Brighton-3-10-2020.jpg.jpg","datePublished":"2023-11-04T08:08:25+00:00","dateModified":"2023-11-04T10:21:22+00:00","description":"Everton se zjevn\u011b zved\u00e1. Mohlo by to pokra\u010dovat i doma proti sedm\u00e9mu t\u00fdmu tabulky.","breadcrumb":{"@id":"https:\/\/evertonfc.cz\/index.php\/2023\/11\/04\/preview-everton-brighton-hove-albion-5\/#breadcrumb"},"inLanguage":"cs","potentialAction":[{"@type":"ReadAction","target":["https:\/\/evertonfc.cz\/index.php\/2023\/11\/04\/preview-everton-brighton-hove-albion-5\/"]}]},{"@type":"ImageObject","inLanguage":"cs","@id":"https:\/\/evertonfc.cz\/index.php\/2023\/11\/04\/preview-everton-brighton-hove-albion-5\/#primaryimage","url":"https:\/\/evertonfc.cz\/wp-content\/uploads\/2020\/10\/Everton-VS-Brighton-3-10-2020.jpg.jpg","contentUrl":"https:\/\/evertonfc.cz\/wp-content\/uploads\/2020\/10\/Everton-VS-Brighton-3-10-2020.jpg.jpg","width":720,"height":405},{"@type":"BreadcrumbList","@id":"https:\/\/evertonfc.cz\/index.php\/2023\/11\/04\/preview-everton-brighton-hove-albion-5\/#breadcrumb","itemListElement":[{"@type":"ListItem","position":1,"name":"Home","item":"https:\/\/evertonfc.cz\/"},{"@type":"ListItem","position":2,"name":"Preview: Everton &#8211; Brighton &#038; Hove Albion"}]},{"@type":"WebSite","@id":"https:\/\/evertonfc.cz\/#website","url":"https:\/\/evertonfc.cz\/","name":"Official Czech &amp; Slovak Everton Supporters&#039; Club","description":"","publisher":{"@id":"https:\/\/evertonfc.cz\/#organization"},"potentialAction":[{"@type":"SearchAction","target":{"@type":"EntryPoint","urlTemplate":"https:\/\/evertonfc.cz\/?s={search_term_string}"},"query-input":{"@type":"PropertyValueSpecification","valueRequired":true,"valueName":"search_term_string"}}],"inLanguage":"cs"},{"@type":"Organization","@id":"https:\/\/evertonfc.cz\/#organization","name":"Official Czech & Slovak Everton Supporters' Club","url":"https:\/\/evertonfc.cz\/","logo":{"@type":"ImageObject","inLanguage":"cs","@id":"https:\/\/evertonfc.cz\/#\/schema\/logo\/image\/","url":"https:\/\/evertonfc.cz\/wp-content\/uploads\/2019\/05\/logo.png","contentUrl":"https:\/\/evertonfc.cz\/wp-content\/uploads\/2019\/05\/logo.png","width":112,"height":112,"caption":"Official Czech & Slovak Everton Supporters' Club"},"image":{"@id":"https:\/\/evertonfc.cz\/#\/schema\/logo\/image\/"},"sameAs":["https:\/\/www.facebook.com\/everton.fans.cz.sk"]},{"@type":"Person","@id":"https:\/\/evertonfc.cz\/#\/schema\/person\/b30daf6a5852f4811f8207a17ec1bf78","name":"Javor","sameAs":["https:\/\/x.com\/LoudinJan"],"url":"https:\/\/evertonfc.cz\/index.php\/author\/javor\/"}]}},"_links":{"self":[{"href":"https:\/\/evertonfc.cz\/index.php\/wp-json\/wp\/v2\/posts\/23185"}],"collection":[{"href":"https:\/\/evertonfc.cz\/index.php\/wp-json\/wp\/v2\/posts"}],"about":[{"href":"https:\/\/evertonfc.cz\/index.php\/wp-json\/wp\/v2\/types\/post"}],"author":[{"embeddable":true,"href":"https:\/\/evertonfc.cz\/index.php\/wp-json\/wp\/v2\/users\/12"}],"replies":[{"embeddable":true,"href":"https:\/\/evertonfc.cz\/index.php\/wp-json\/wp\/v2\/comments?post=23185"}],"version-history":[{"count":3,"href":"https:\/\/evertonfc.cz\/index.php\/wp-json\/wp\/v2\/posts\/23185\/revisions"}],"predecessor-version":[{"id":23188,"href":"https:\/\/evertonfc.cz\/index.php\/wp-json\/wp\/v2\/posts\/23185\/revisions\/23188"}],"wp:featuredmedia":[{"embeddable":true,"href":"https:\/\/evertonfc.cz\/index.php\/wp-json\/wp\/v2\/media\/12238"}],"wp:attachment":[{"href":"https:\/\/evertonfc.cz\/index.php\/wp-json\/wp\/v2\/media?parent=23185"}],"wp:term":[{"taxonomy":"category","embeddable":true,"href":"https:\/\/evertonfc.cz\/index.php\/wp-json\/wp\/v2\/categories?post=23185"},{"taxonomy":"post_tag","embeddable":true,"href":"https:\/\/evertonfc.cz\/index.php\/wp-json\/wp\/v2\/tags?post=23185"}],"curies":[{"name":"wp","href":"https:\/\/api.w.org\/{rel}","templated":true}]}}