{"id":23190,"date":"2023-11-06T21:16:43","date_gmt":"2023-11-06T20:16:43","guid":{"rendered":"https:\/\/evertonfc.cz\/?p=23190"},"modified":"2023-11-07T09:28:46","modified_gmt":"2023-11-07T08:28:46","slug":"tottenham-w-everton-w-11","status":"publish","type":"post","link":"https:\/\/evertonfc.cz\/index.php\/2023\/11\/06\/tottenham-w-everton-w-11\/","title":{"rendered":"Tottenham W &#8211; Everton W 1:1"},"content":{"rendered":"<h4>Do Lond\u00fdna na Brisbane Road se tuto sez\u00f3nu u\u017e nejezd\u00ed pro jist\u00e9 body. O \u010dem\u017e jsme se dnes p\u0159esv\u011bd\u010dili i my.<\/h4>\n<p>Tottenham je v t\u00e9to sez\u00f3n\u011b st\u0159elecky p\u0159i chuti s pr\u016fm\u011brem 2,75 branek za z\u00e1pas s 11 g\u00f3ly ve 4 ligov\u00fdch utk\u00e1n\u00edch. U n\u00e1s darmo mluvit. Za Spurs dnes byla nominov\u00e1na k z\u00e1pasu\u00a0 poprv\u00e9 po zran\u011bn\u00ed p\u0159edn\u00edho zk\u0159\u00ed\u017een\u00e9ho vazu Brazill. Na na\u0161\u00ed stran\u011b jsme se museli obej\u00edt bez dua S<span class=\"sp-c-lineup-pitch__player\" data-reactid=\".1uzn89kqwti.0.0.0.1.$include-1.0.0.1:$panel-0.$0.0.0.0.2.0.0.1:$home-formation-row-1.$home-player-3\"><span class=\"sp-c-lineup-pitch__player__name gs-u-display-block@xs \" data-reactid=\".1uzn89kqwti.0.0.0.1.$include-1.0.0.1:$panel-0.$0.0.0.0.2.0.0.1:$home-formation-row-1.$home-player-3.1\">\u00f8rensen &#8211; <\/span><\/span>Bj\u00f6rn, kter\u00e9 se je\u0161t\u011b vzpamatov\u00e1vaj\u00ed z reprezenta\u010dn\u00edch povinnost\u00ed.<\/p>\n<h4>Prvn\u00ed polo\u010das<\/h4>\n<div class=\"hHq9Z\">\n<div data-hveid=\"CA4QAA\" data-ved=\"2ahUKEwjykdT4_KyCAxWPVfEDHaUOAP0QlcAGegQIDhAA\">\n<div class=\"KsRP6\">\n<div class=\"MDY31c\">\n<div class=\"nwVKo\">\n<div class=\"r2VLS WAvXif\">\n<div data-ias=\"false\">\n<div class=\"y1yadf\">\n<div class=\"CcNe6e v4Zpbe\" tabindex=\"0\" role=\"button\" aria-expanded=\"false\" aria-haspopup=\"true\">n\u00e1m \u0159\u00e1dn\u011b zat\u00e1p\u011bla Grace Clinton, kterou jsme je\u0161t\u011b p\u0159edminulou sez\u00f3nu vid\u011bli v kr\u00e1lovsk\u00e9 mod\u0159i. Postupn\u011b se z n\u00ed st\u00e1v\u00e1 technicky velmi nadan\u00e1 fotbalistka, kter\u00e1 nem\u00e1 probl\u00e9m prob\u00edt se a\u017e p\u0159es \u010dty\u0159i na\u0161e hr\u00e1\u010dky a naserv\u00edrovat m\u00ed\u010d spoluhr\u00e1\u010dce do nad\u011bjn\u00e9 pozice, nebo zkusit sama vyst\u0159elit. Tak\u00e9 Summonen a James na\u0161\u00ed branku nebezpe\u010dn\u011b ost\u0159elovaly, zat\u00edmco na\u0161e sporadick\u00e9 proti\u00fatoky likvidovala Neville. Za na\u0161\u00ed stranu byla nejbl\u00ed\u017ee g\u00f3lu Snoeijs, ale v g\u00f3lov\u00e9 pozici hlavi\u010dkovala jen do Spencer v dom\u00e1c\u00ed brance. Jinak jsme se v prvn\u00ed polovin\u011b k ni\u010demu rozumn\u00e9mu nedostali. Ve 40. minut\u011b jsme je\u0161t\u011b p\u0159edvedli defenzivn\u00ed lapsus, kdy\u017e zp\u011btnou p\u0159ihr\u00e1vku Finnigan vystihla Thomas, ale Brosnan vytasila dva bravurn\u00ed z\u00e1kroky t\u011bsn\u011b po sob\u011b a na\u0161e konto z\u016fstalo zat\u00edm \u010dist\u00e9.\u00a0 O dv\u011b minuty pozd\u011bji to u\u017e neplatilo: Spence poslala oblou\u010dek do v\u00e1pna, kde si na n\u011bj uk\u00e1zkov\u011b nasko\u010dila Clinton. A\u010d t\u00edsn\u011bna obr\u00e1nkyn\u011bmi, tak p\u0159esko\u010dila na\u0161\u00ed brank\u00e1\u0159ku a hlavou sk\u00f3rovala &#8211; <strong>1:0<\/strong>. V prodlou\u017een\u00ed mohla Thomas po p\u0159\u00edm\u00e1ku zv\u00fd\u0161it, ale ani tentokr\u00e1t Brosnan nep\u0159ekonala.<\/div>\n<\/div>\n<\/div>\n<\/div>\n<\/div>\n<div class=\"nwVKo\">\n<div class=\"r2VLS WAvXif\">\n<div data-ias=\"false\">\n<div class=\"y1yadf\">\n<h4 tabindex=\"0\" role=\"button\" aria-expanded=\"false\" aria-haspopup=\"true\">Druh\u00fd polo\u010das<\/h4>\n<p>p\u0159ivedl na plac mimo jin\u00e9 Duggan a Piemonte a na\u0161\u00ed h\u0159e to jen prosp\u011blo. Zejm\u00e9na muskulaturn\u00ed Italka se dostala do n\u011bkolika p\u011bkn\u00fdch \u0161anc\u00ed. Za Lillywhites m\u011bla op\u011bt n\u011bkolik g\u00f3lovek Thomas a Clinton, nicm\u00e9n\u011b Brosnan byla v\u017edy na sv\u00e9m m\u00edst\u011b v\u010das, nebo pokusy m\u00ed\u0159ily mimo branku. Postupn\u011b to za\u010dalo vypadat, \u017ee bychom se vyrovn\u00e1n\u00ed mohli nad\u00edt. A tak\u00e9 k n\u011bmu p\u011bt minut p\u0159ed koncem \u0159\u00e1dn\u00e9 hrac\u00ed doby do\u0161lo: Hlavi\u010dka Piemonte\u00a0 byla sice zblokov\u00e1na, ale Spurs se nepoda\u0159ilo odklidit m\u00ed\u010d do bezpe\u010d\u00ed. Clinton se pokusila situaci vy\u0159e\u0161it sra\u017een\u00edm Payne k zemi. Ve v\u00e1pn\u011b se ov\u0161em podobn\u00fd z\u00e1krok trest\u00e1 penaltou, a bylo tomu tak i nyn\u00ed (Clinton m\u011bla u\u017e jednu \u017elutou, za tento penaltov\u00fd z\u00e1krok ov\u0161em \u017e\u00e1dn\u00fd kart\u00f3nek nevid\u011bla). M\u00ed\u010d k exekuci si pro sebe sbalila Snoeijs, ale Galli j\u00ed jej rozhodn\u011b odebrala a z kr\u00e1tk\u00e9ho rozb\u011bhu bravurn\u011b zav\u011bsila &#8211;<strong> 1:1<\/strong>! Radost z vyrovn\u00e1n\u00ed byla p\u0159evelik\u00e1. Po tomto g\u00f3lu Spurs znateln\u011b znerv\u00f3zn\u011bly a p\u011bt minut prodlou\u017een\u00ed se dohr\u00e1valo pon\u011bkud kouskovan\u011b. Ob\u011b strany se sna\u017eily v posledn\u00edch minut\u00e1ch strhnout veden\u00ed na svoj\u00ed stranu, ale nakonec utk\u00e1n\u00ed skon\u010dilo rem\u00edzou.<\/p>\n<h4>Shrnut\u00ed<\/h4>\n<p>Everton se letos s West Hamem p\u0159etahuje o p\u0159\u00edzvisko &#8222;T\u00fdm s nejmen\u0161\u00edm po\u010dtem vst\u0159elen\u00fdch branek.&#8220; Prozat\u00edm jsme bohu\u017eel tento titul udr\u017eeli, dne\u0161n\u00ed p\u0159idan\u00fd g\u00f3l byl leto\u0161n\u00edm teprve t\u0159et\u00edm. V tabulce n\u00e1m pat\u0159\u00ed 10. m\u00edsto, Lillywhites se nepoda\u0159ilo vy\u0161vihnout se hned za vedouc\u00ed Chelsea a jsou moment\u00e1ln\u011b t\u0159et\u00ed. Co \u0159\u00edci ke h\u0159e? Rozehr\u00e1vka od brank\u00e1\u0159ky ve m\u011b bud\u00ed z\u00e1chvaty ang\u00edny pectoris, hlavn\u011b kdy\u017e vid\u00edm pomal\u00fd \u0161our\u00e1k nap\u0159\u00ed\u010d pr\u00e1zdnou br\u00e1nou. Spurs, Leicester i Citizens o t\u00e9to na\u0161\u00ed lib\u016fstce zjevn\u011b v\u011bd\u00ed a\u00a0 pokou\u0161ely se j\u00ed vyu\u017e\u00edt ve sv\u016fj prosp\u011bch. Finnigan m\u00e1 jist\u011b mnoh\u00e9 kvality, ale je-li presov\u00e1na p\u0159i rozehr\u00e1vce technickou hr\u00e1\u010dkou, obvykle o m\u00ed\u010d p\u0159ijde a jsou z toho probl\u00e9my. V\u00fdkony Galli stoupaj\u00ed, dne\u0161n\u00ed prom\u011bn\u011bn\u00e1 penalta by pro n\u00ed mohla b\u00fdt dal\u0161\u00edm povzbuzen\u00edm. Hr\u00e1\u010dkou z\u00e1pasu je za n\u00e1s Brosnan. Zachr\u00e1nila n\u00e1m rem\u00edzu a zejm\u00e9na Thomas z jej\u00edch z\u00e1krok\u016f musela b\u00fdt vysloven\u011b ne\u0161\u0165astn\u00e1. P\u0159\u00ed\u0161t\u00ed z\u00e1pas bude st\u0159ede\u010dn\u00ed Conti Cup s MUTD, tak\u017ee lze o\u010dek\u00e1vat op\u011bt n\u00e1por na nervy Evertonians. <strong><span style=\"color: #0000ff; --darkreader-inline-color: #3d3db6;\" data-darkreader-inline-color=\"\">COYB!<\/span><\/strong><\/p>\n<p style=\"text-align: right;\"><span style=\"font-size: 8pt;\"><em>Fotografie: evertonfc.com via bbc. co.uk<\/em><\/span><\/p>\n<p><strong>Branky:<\/strong> Clinton (42\u00b4) &#8211; Galli (pen. 85\u00b4)\u00a0 <strong>\u017dK:<\/strong> Clinton, Thomas &#8211; Galli, Payne<\/p>\n<\/div>\n<\/div>\n<\/div>\n<\/div>\n<\/div>\n<\/div>\n<\/div>\n<\/div>\n<p><strong>Spurs (4-3-3):<\/strong> Spencer; <span class=\"sp-c-lineup-pitch__player\" data-reactid=\".1uzn89kqwti.0.0.0.1.$include-1.0.0.1:$panel-0.$0.0.0.0.2.0.0.1:$home-formation-row-1.$home-player-0\"><span class=\"sp-c-lineup-pitch__player__name gs-u-display-block@xs \" data-reactid=\".1uzn89kqwti.0.0.0.1.$include-1.0.0.1:$panel-0.$0.0.0.0.2.0.0.1:$home-formation-row-1.$home-player-0.1\">James, <\/span><\/span><span class=\"sp-c-lineup-pitch__player\" data-reactid=\".1uzn89kqwti.0.0.0.1.$include-1.0.0.1:$panel-0.$0.0.0.0.2.0.0.1:$home-formation-row-1.$home-player-1\"><span class=\"sp-c-lineup-pitch__player__name gs-u-display-block@xs \" data-reactid=\".1uzn89kqwti.0.0.0.1.$include-1.0.0.1:$panel-0.$0.0.0.0.2.0.0.1:$home-formation-row-1.$home-player-1.1\">B\u00fchler, <\/span><\/span><span class=\"sp-c-lineup-pitch__player\" data-reactid=\".1uzn89kqwti.0.0.0.1.$include-1.0.0.1:$panel-0.$0.0.0.0.2.0.0.1:$home-formation-row-1.$home-player-2\"><span class=\"sp-c-lineup-pitch__player__name gs-u-display-block@xs \" data-reactid=\".1uzn89kqwti.0.0.0.1.$include-1.0.0.1:$panel-0.$0.0.0.0.2.0.0.1:$home-formation-row-1.$home-player-2.1\">Bartrip, <\/span><\/span><span class=\"sp-c-lineup-pitch__player\" data-reactid=\".1uzn89kqwti.0.0.0.1.$include-1.0.0.1:$panel-0.$0.0.0.0.2.0.0.1:$home-formation-row-1.$home-player-3\"><span class=\"sp-c-lineup-pitch__player__name gs-u-display-block@xs \" data-reactid=\".1uzn89kqwti.0.0.0.1.$include-1.0.0.1:$panel-0.$0.0.0.0.2.0.0.1:$home-formation-row-1.$home-player-3.1\">Neville; Ahtinen<span class=\"sp-c-lineup-pitch__player__number\" data-reactid=\".1uzn89kqwti.0.0.0.1.$include-1.0.0.1:$panel-0.$0.0.0.0.2.0.0.1:$home-formation-row-2.$home-player-1.0\">, <\/span>Summanen<span class=\"sp-c-lineup-pitch__player__number\" data-reactid=\".1uzn89kqwti.0.0.0.1.$include-1.0.0.1:$panel-0.$0.0.0.0.2.0.0.1:$home-formation-row-2.$home-player-2.0\">, <\/span>Spence; Bizet Ildhus\u00f8y (Naz 61\u00b4)<span class=\"sp-c-lineup-pitch__player__number\" data-reactid=\".1uzn89kqwti.0.0.0.1.$include-1.0.0.1:$panel-0.$0.0.0.0.2.0.0.1:$home-formation-row-3.$home-player-1.0\">, <\/span>Thomas<span class=\"sp-c-lineup-pitch__player__number\" data-reactid=\".1uzn89kqwti.0.0.0.1.$include-1.0.0.1:$panel-0.$0.0.0.0.2.0.0.1:$home-formation-row-3.$home-player-2.0\">, <\/span>Clinton<\/span><\/span><\/p>\n<p><strong>Toffees (3-4-1-2): <\/strong>Brosnan; <span class=\"sp-c-lineup-pitch__player\" data-reactid=\".1uzn89kqwti.0.0.0.1.$include-1.0.0.1:$panel-0.$0.0.0.1.2.0.0.1:$away-formation-row-1.$away-player-0\"><span class=\"sp-c-lineup-pitch__player__name gs-u-display-block@xs \" data-reactid=\".1uzn89kqwti.0.0.0.1.$include-1.0.0.1:$panel-0.$0.0.0.1.2.0.0.1:$away-formation-row-1.$away-player-0.1\">Vanhaevermaet<\/span><\/span><span class=\"sp-c-lineup-pitch__player\" data-reactid=\".1uzn89kqwti.0.0.0.1.$include-1.0.0.1:$panel-0.$0.0.0.1.2.0.0.1:$away-formation-row-1.$away-player-1\"><span class=\"sp-c-lineup-pitch__player__number\" data-reactid=\".1uzn89kqwti.0.0.0.1.$include-1.0.0.1:$panel-0.$0.0.0.1.2.0.0.1:$away-formation-row-1.$away-player-1.0\">, <\/span><span class=\"sp-c-lineup-pitch__player__name gs-u-display-block@xs \" data-reactid=\".1uzn89kqwti.0.0.0.1.$include-1.0.0.1:$panel-0.$0.0.0.1.2.0.0.1:$away-formation-row-1.$away-player-1.1\">Finnigan<\/span><\/span><span class=\"sp-c-lineup-pitch__player\" data-reactid=\".1uzn89kqwti.0.0.0.1.$include-1.0.0.1:$panel-0.$0.0.0.1.2.0.0.1:$away-formation-row-1.$away-player-2\"><span class=\"sp-c-lineup-pitch__player__number\" data-reactid=\".1uzn89kqwti.0.0.0.1.$include-1.0.0.1:$panel-0.$0.0.0.1.2.0.0.1:$away-formation-row-1.$away-player-2.0\">, <\/span><span class=\"sp-c-lineup-pitch__player__name gs-u-display-block@xs \" data-reactid=\".1uzn89kqwti.0.0.0.1.$include-1.0.0.1:$panel-0.$0.0.0.1.2.0.0.1:$away-formation-row-1.$away-player-2.1\">Veje (Campbell 79\u00b4); Payne<span class=\"sp-c-lineup-pitch__player__number\" data-reactid=\".1uzn89kqwti.0.0.0.1.$include-1.0.0.1:$panel-0.$0.0.0.1.2.0.0.1:$away-formation-row-2.$away-player-1.0\">, <\/span>Olesen (Piemonte 61\u00b4)<span class=\"sp-c-lineup-pitch__player__number\" data-reactid=\".1uzn89kqwti.0.0.0.1.$include-1.0.0.1:$panel-0.$0.0.0.1.2.0.0.1:$away-formation-row-2.$away-player-2.0\">, <\/span>Galli<span class=\"sp-c-lineup-pitch__player__number\" data-reactid=\".1uzn89kqwti.0.0.0.1.$include-1.0.0.1:$panel-0.$0.0.0.1.2.0.0.1:$away-formation-row-2.$away-player-3.0\">, <\/span>Wheeler; Bennison (Holmgaard 62\u00b4); Bissell (Duggan 45\u00b4)<span class=\"sp-c-lineup-pitch__player__number\" data-reactid=\".1uzn89kqwti.0.0.0.1.$include-1.0.0.1:$panel-0.$0.0.0.1.2.0.0.1:$away-formation-row-4.$away-player-1.0\">, <\/span>Snoeijs<\/span><\/span><\/p>\n<p><strong>Rozhod\u010d\u00ed:<\/strong> Emily Heaslip\u00a0 <strong>Div\u00e1ci:\u00a0<\/strong>1 920<\/p>\n<p><iframe loading=\"lazy\" title=\"TOTTENHAM HOTSPUR 1-1 EVERTON \/\/ WSL HIGHLIGHTS\" width=\"1140\" height=\"641\" src=\"https:\/\/www.youtube.com\/embed\/7fCSAOH2dG4?feature=oembed\" frameborder=\"0\" allow=\"accelerometer; autoplay; clipboard-write; encrypted-media; gyroscope; picture-in-picture; web-share\" allowfullscreen><\/iframe><\/p>\n","protected":false},"excerpt":{"rendered":"<p>Do Lond\u00fdna na Brisbane Road se tuto sez\u00f3nu u\u017e nejezd\u00ed pro jist\u00e9 body. O \u010dem\u017e jsme se dnes p\u0159esv\u011bd\u010dili i my.<\/p>\n","protected":false},"author":26,"featured_media":23220,"comment_status":"open","ping_status":"closed","sticky":false,"template":"","format":"standard","meta":{"_eb_attr":"","_monsterinsights_skip_tracking":false,"_monsterinsights_sitenote_active":false,"_monsterinsights_sitenote_note":"","_monsterinsights_sitenote_category":0,"footnotes":""},"categories":[110],"tags":[],"yoast_head":"<!-- This site is optimized with the Yoast SEO plugin v23.4 - https:\/\/yoast.com\/wordpress\/plugins\/seo\/ -->\n<title>Tottenham W - Everton W 1:1 - Official Czech &amp; Slovak Everton Supporters&#039; Club<\/title>\n<meta name=\"robots\" content=\"index, follow, max-snippet:-1, max-image-preview:large, max-video-preview:-1\" \/>\n<link rel=\"canonical\" href=\"https:\/\/evertonfc.cz\/index.php\/2023\/11\/06\/tottenham-w-everton-w-11\/\" \/>\n<meta property=\"og:locale\" content=\"cs_CZ\" \/>\n<meta property=\"og:type\" content=\"article\" \/>\n<meta property=\"og:title\" content=\"Tottenham W - Everton W 1:1 - Official Czech &amp; Slovak Everton Supporters&#039; Club\" \/>\n<meta property=\"og:description\" content=\"Do Lond\u00fdna na Brisbane Road se tuto sez\u00f3nu u\u017e nejezd\u00ed pro jist\u00e9 body. O \u010dem\u017e jsme se dnes p\u0159esv\u011bd\u010dili i my.\" \/>\n<meta property=\"og:url\" content=\"https:\/\/evertonfc.cz\/index.php\/2023\/11\/06\/tottenham-w-everton-w-11\/\" \/>\n<meta property=\"og:site_name\" content=\"Official Czech &amp; Slovak Everton Supporters&#039; Club\" \/>\n<meta property=\"article:publisher\" content=\"https:\/\/www.facebook.com\/everton.fans.cz.sk\" \/>\n<meta property=\"article:published_time\" content=\"2023-11-06T20:16:43+00:00\" \/>\n<meta property=\"article:modified_time\" content=\"2023-11-07T08:28:46+00:00\" \/>\n<meta property=\"og:image\" content=\"https:\/\/evertonfc.cz\/wp-content\/uploads\/2023\/11\/Spurs_EFC_-5_11_2023_web.jpg\" \/>\n\t<meta property=\"og:image:width\" content=\"720\" \/>\n\t<meta property=\"og:image:height\" content=\"405\" \/>\n\t<meta property=\"og:image:type\" content=\"image\/jpeg\" \/>\n<meta name=\"author\" content=\"Karamela\" \/>\n<meta name=\"twitter:card\" content=\"summary_large_image\" \/>\n<meta name=\"twitter:label1\" content=\"Napsal(a)\" \/>\n\t<meta name=\"twitter:data1\" content=\"Karamela\" \/>\n\t<meta name=\"twitter:label2\" content=\"Odhadovan\u00e1 doba \u010dten\u00ed\" \/>\n\t<meta name=\"twitter:data2\" content=\"4 minuty\" \/>\n<script type=\"application\/ld+json\" class=\"yoast-schema-graph\">{\"@context\":\"https:\/\/schema.org\",\"@graph\":[{\"@type\":\"Article\",\"@id\":\"https:\/\/evertonfc.cz\/index.php\/2023\/11\/06\/tottenham-w-everton-w-11\/#article\",\"isPartOf\":{\"@id\":\"https:\/\/evertonfc.cz\/index.php\/2023\/11\/06\/tottenham-w-everton-w-11\/\"},\"author\":{\"name\":\"Karamela\",\"@id\":\"https:\/\/evertonfc.cz\/#\/schema\/person\/e9a24a80a32efa1344dd2c4e5882185c\"},\"headline\":\"Tottenham W &#8211; Everton W 1:1\",\"datePublished\":\"2023-11-06T20:16:43+00:00\",\"dateModified\":\"2023-11-07T08:28:46+00:00\",\"mainEntityOfPage\":{\"@id\":\"https:\/\/evertonfc.cz\/index.php\/2023\/11\/06\/tottenham-w-everton-w-11\/\"},\"wordCount\":863,\"commentCount\":1,\"publisher\":{\"@id\":\"https:\/\/evertonfc.cz\/#organization\"},\"image\":{\"@id\":\"https:\/\/evertonfc.cz\/index.php\/2023\/11\/06\/tottenham-w-everton-w-11\/#primaryimage\"},\"thumbnailUrl\":\"https:\/\/evertonfc.cz\/wp-content\/uploads\/2023\/11\/Spurs_EFC_-5_11_2023_web.jpg\",\"articleSection\":[\"Everton Women\"],\"inLanguage\":\"cs\",\"potentialAction\":[{\"@type\":\"CommentAction\",\"name\":\"Comment\",\"target\":[\"https:\/\/evertonfc.cz\/index.php\/2023\/11\/06\/tottenham-w-everton-w-11\/#respond\"]}]},{\"@type\":\"WebPage\",\"@id\":\"https:\/\/evertonfc.cz\/index.php\/2023\/11\/06\/tottenham-w-everton-w-11\/\",\"url\":\"https:\/\/evertonfc.cz\/index.php\/2023\/11\/06\/tottenham-w-everton-w-11\/\",\"name\":\"Tottenham W - Everton W 1:1 - Official Czech &amp; Slovak Everton Supporters&#039; Club\",\"isPartOf\":{\"@id\":\"https:\/\/evertonfc.cz\/#website\"},\"primaryImageOfPage\":{\"@id\":\"https:\/\/evertonfc.cz\/index.php\/2023\/11\/06\/tottenham-w-everton-w-11\/#primaryimage\"},\"image\":{\"@id\":\"https:\/\/evertonfc.cz\/index.php\/2023\/11\/06\/tottenham-w-everton-w-11\/#primaryimage\"},\"thumbnailUrl\":\"https:\/\/evertonfc.cz\/wp-content\/uploads\/2023\/11\/Spurs_EFC_-5_11_2023_web.jpg\",\"datePublished\":\"2023-11-06T20:16:43+00:00\",\"dateModified\":\"2023-11-07T08:28:46+00:00\",\"breadcrumb\":{\"@id\":\"https:\/\/evertonfc.cz\/index.php\/2023\/11\/06\/tottenham-w-everton-w-11\/#breadcrumb\"},\"inLanguage\":\"cs\",\"potentialAction\":[{\"@type\":\"ReadAction\",\"target\":[\"https:\/\/evertonfc.cz\/index.php\/2023\/11\/06\/tottenham-w-everton-w-11\/\"]}]},{\"@type\":\"ImageObject\",\"inLanguage\":\"cs\",\"@id\":\"https:\/\/evertonfc.cz\/index.php\/2023\/11\/06\/tottenham-w-everton-w-11\/#primaryimage\",\"url\":\"https:\/\/evertonfc.cz\/wp-content\/uploads\/2023\/11\/Spurs_EFC_-5_11_2023_web.jpg\",\"contentUrl\":\"https:\/\/evertonfc.cz\/wp-content\/uploads\/2023\/11\/Spurs_EFC_-5_11_2023_web.jpg\",\"width\":720,\"height\":405},{\"@type\":\"BreadcrumbList\",\"@id\":\"https:\/\/evertonfc.cz\/index.php\/2023\/11\/06\/tottenham-w-everton-w-11\/#breadcrumb\",\"itemListElement\":[{\"@type\":\"ListItem\",\"position\":1,\"name\":\"Home\",\"item\":\"https:\/\/evertonfc.cz\/\"},{\"@type\":\"ListItem\",\"position\":2,\"name\":\"Tottenham W &#8211; Everton W 1:1\"}]},{\"@type\":\"WebSite\",\"@id\":\"https:\/\/evertonfc.cz\/#website\",\"url\":\"https:\/\/evertonfc.cz\/\",\"name\":\"Official Czech &amp; Slovak Everton Supporters&#039; Club\",\"description\":\"\",\"publisher\":{\"@id\":\"https:\/\/evertonfc.cz\/#organization\"},\"potentialAction\":[{\"@type\":\"SearchAction\",\"target\":{\"@type\":\"EntryPoint\",\"urlTemplate\":\"https:\/\/evertonfc.cz\/?s={search_term_string}\"},\"query-input\":{\"@type\":\"PropertyValueSpecification\",\"valueRequired\":true,\"valueName\":\"search_term_string\"}}],\"inLanguage\":\"cs\"},{\"@type\":\"Organization\",\"@id\":\"https:\/\/evertonfc.cz\/#organization\",\"name\":\"Official Czech & Slovak Everton Supporters' Club\",\"url\":\"https:\/\/evertonfc.cz\/\",\"logo\":{\"@type\":\"ImageObject\",\"inLanguage\":\"cs\",\"@id\":\"https:\/\/evertonfc.cz\/#\/schema\/logo\/image\/\",\"url\":\"https:\/\/evertonfc.cz\/wp-content\/uploads\/2019\/05\/logo.png\",\"contentUrl\":\"https:\/\/evertonfc.cz\/wp-content\/uploads\/2019\/05\/logo.png\",\"width\":112,\"height\":112,\"caption\":\"Official Czech & Slovak Everton Supporters' Club\"},\"image\":{\"@id\":\"https:\/\/evertonfc.cz\/#\/schema\/logo\/image\/\"},\"sameAs\":[\"https:\/\/www.facebook.com\/everton.fans.cz.sk\"]},{\"@type\":\"Person\",\"@id\":\"https:\/\/evertonfc.cz\/#\/schema\/person\/e9a24a80a32efa1344dd2c4e5882185c\",\"name\":\"Karamela\",\"url\":\"https:\/\/evertonfc.cz\/index.php\/author\/karamela\/\"}]}<\/script>\n<!-- \/ Yoast SEO plugin. -->","yoast_head_json":{"title":"Tottenham W - Everton W 1:1 - Official Czech &amp; Slovak Everton Supporters&#039; Club","robots":{"index":"index","follow":"follow","max-snippet":"max-snippet:-1","max-image-preview":"max-image-preview:large","max-video-preview":"max-video-preview:-1"},"canonical":"https:\/\/evertonfc.cz\/index.php\/2023\/11\/06\/tottenham-w-everton-w-11\/","og_locale":"cs_CZ","og_type":"article","og_title":"Tottenham W - Everton W 1:1 - Official Czech &amp; Slovak Everton Supporters&#039; Club","og_description":"Do Lond\u00fdna na Brisbane Road se tuto sez\u00f3nu u\u017e nejezd\u00ed pro jist\u00e9 body. O \u010dem\u017e jsme se dnes p\u0159esv\u011bd\u010dili i my.","og_url":"https:\/\/evertonfc.cz\/index.php\/2023\/11\/06\/tottenham-w-everton-w-11\/","og_site_name":"Official Czech &amp; Slovak Everton Supporters&#039; Club","article_publisher":"https:\/\/www.facebook.com\/everton.fans.cz.sk","article_published_time":"2023-11-06T20:16:43+00:00","article_modified_time":"2023-11-07T08:28:46+00:00","og_image":[{"width":720,"height":405,"url":"https:\/\/evertonfc.cz\/wp-content\/uploads\/2023\/11\/Spurs_EFC_-5_11_2023_web.jpg","type":"image\/jpeg"}],"author":"Karamela","twitter_card":"summary_large_image","twitter_misc":{"Napsal(a)":"Karamela","Odhadovan\u00e1 doba \u010dten\u00ed":"4 minuty"},"schema":{"@context":"https:\/\/schema.org","@graph":[{"@type":"Article","@id":"https:\/\/evertonfc.cz\/index.php\/2023\/11\/06\/tottenham-w-everton-w-11\/#article","isPartOf":{"@id":"https:\/\/evertonfc.cz\/index.php\/2023\/11\/06\/tottenham-w-everton-w-11\/"},"author":{"name":"Karamela","@id":"https:\/\/evertonfc.cz\/#\/schema\/person\/e9a24a80a32efa1344dd2c4e5882185c"},"headline":"Tottenham W &#8211; Everton W 1:1","datePublished":"2023-11-06T20:16:43+00:00","dateModified":"2023-11-07T08:28:46+00:00","mainEntityOfPage":{"@id":"https:\/\/evertonfc.cz\/index.php\/2023\/11\/06\/tottenham-w-everton-w-11\/"},"wordCount":863,"commentCount":1,"publisher":{"@id":"https:\/\/evertonfc.cz\/#organization"},"image":{"@id":"https:\/\/evertonfc.cz\/index.php\/2023\/11\/06\/tottenham-w-everton-w-11\/#primaryimage"},"thumbnailUrl":"https:\/\/evertonfc.cz\/wp-content\/uploads\/2023\/11\/Spurs_EFC_-5_11_2023_web.jpg","articleSection":["Everton Women"],"inLanguage":"cs","potentialAction":[{"@type":"CommentAction","name":"Comment","target":["https:\/\/evertonfc.cz\/index.php\/2023\/11\/06\/tottenham-w-everton-w-11\/#respond"]}]},{"@type":"WebPage","@id":"https:\/\/evertonfc.cz\/index.php\/2023\/11\/06\/tottenham-w-everton-w-11\/","url":"https:\/\/evertonfc.cz\/index.php\/2023\/11\/06\/tottenham-w-everton-w-11\/","name":"Tottenham W - Everton W 1:1 - Official Czech &amp; Slovak Everton Supporters&#039; Club","isPartOf":{"@id":"https:\/\/evertonfc.cz\/#website"},"primaryImageOfPage":{"@id":"https:\/\/evertonfc.cz\/index.php\/2023\/11\/06\/tottenham-w-everton-w-11\/#primaryimage"},"image":{"@id":"https:\/\/evertonfc.cz\/index.php\/2023\/11\/06\/tottenham-w-everton-w-11\/#primaryimage"},"thumbnailUrl":"https:\/\/evertonfc.cz\/wp-content\/uploads\/2023\/11\/Spurs_EFC_-5_11_2023_web.jpg","datePublished":"2023-11-06T20:16:43+00:00","dateModified":"2023-11-07T08:28:46+00:00","breadcrumb":{"@id":"https:\/\/evertonfc.cz\/index.php\/2023\/11\/06\/tottenham-w-everton-w-11\/#breadcrumb"},"inLanguage":"cs","potentialAction":[{"@type":"ReadAction","target":["https:\/\/evertonfc.cz\/index.php\/2023\/11\/06\/tottenham-w-everton-w-11\/"]}]},{"@type":"ImageObject","inLanguage":"cs","@id":"https:\/\/evertonfc.cz\/index.php\/2023\/11\/06\/tottenham-w-everton-w-11\/#primaryimage","url":"https:\/\/evertonfc.cz\/wp-content\/uploads\/2023\/11\/Spurs_EFC_-5_11_2023_web.jpg","contentUrl":"https:\/\/evertonfc.cz\/wp-content\/uploads\/2023\/11\/Spurs_EFC_-5_11_2023_web.jpg","width":720,"height":405},{"@type":"BreadcrumbList","@id":"https:\/\/evertonfc.cz\/index.php\/2023\/11\/06\/tottenham-w-everton-w-11\/#breadcrumb","itemListElement":[{"@type":"ListItem","position":1,"name":"Home","item":"https:\/\/evertonfc.cz\/"},{"@type":"ListItem","position":2,"name":"Tottenham W &#8211; Everton W 1:1"}]},{"@type":"WebSite","@id":"https:\/\/evertonfc.cz\/#website","url":"https:\/\/evertonfc.cz\/","name":"Official Czech &amp; Slovak Everton Supporters&#039; Club","description":"","publisher":{"@id":"https:\/\/evertonfc.cz\/#organization"},"potentialAction":[{"@type":"SearchAction","target":{"@type":"EntryPoint","urlTemplate":"https:\/\/evertonfc.cz\/?s={search_term_string}"},"query-input":{"@type":"PropertyValueSpecification","valueRequired":true,"valueName":"search_term_string"}}],"inLanguage":"cs"},{"@type":"Organization","@id":"https:\/\/evertonfc.cz\/#organization","name":"Official Czech & Slovak Everton Supporters' Club","url":"https:\/\/evertonfc.cz\/","logo":{"@type":"ImageObject","inLanguage":"cs","@id":"https:\/\/evertonfc.cz\/#\/schema\/logo\/image\/","url":"https:\/\/evertonfc.cz\/wp-content\/uploads\/2019\/05\/logo.png","contentUrl":"https:\/\/evertonfc.cz\/wp-content\/uploads\/2019\/05\/logo.png","width":112,"height":112,"caption":"Official Czech & Slovak Everton Supporters' Club"},"image":{"@id":"https:\/\/evertonfc.cz\/#\/schema\/logo\/image\/"},"sameAs":["https:\/\/www.facebook.com\/everton.fans.cz.sk"]},{"@type":"Person","@id":"https:\/\/evertonfc.cz\/#\/schema\/person\/e9a24a80a32efa1344dd2c4e5882185c","name":"Karamela","url":"https:\/\/evertonfc.cz\/index.php\/author\/karamela\/"}]}},"_links":{"self":[{"href":"https:\/\/evertonfc.cz\/index.php\/wp-json\/wp\/v2\/posts\/23190"}],"collection":[{"href":"https:\/\/evertonfc.cz\/index.php\/wp-json\/wp\/v2\/posts"}],"about":[{"href":"https:\/\/evertonfc.cz\/index.php\/wp-json\/wp\/v2\/types\/post"}],"author":[{"embeddable":true,"href":"https:\/\/evertonfc.cz\/index.php\/wp-json\/wp\/v2\/users\/26"}],"replies":[{"embeddable":true,"href":"https:\/\/evertonfc.cz\/index.php\/wp-json\/wp\/v2\/comments?post=23190"}],"version-history":[{"count":15,"href":"https:\/\/evertonfc.cz\/index.php\/wp-json\/wp\/v2\/posts\/23190\/revisions"}],"predecessor-version":[{"id":23223,"href":"https:\/\/evertonfc.cz\/index.php\/wp-json\/wp\/v2\/posts\/23190\/revisions\/23223"}],"wp:featuredmedia":[{"embeddable":true,"href":"https:\/\/evertonfc.cz\/index.php\/wp-json\/wp\/v2\/media\/23220"}],"wp:attachment":[{"href":"https:\/\/evertonfc.cz\/index.php\/wp-json\/wp\/v2\/media?parent=23190"}],"wp:term":[{"taxonomy":"category","embeddable":true,"href":"https:\/\/evertonfc.cz\/index.php\/wp-json\/wp\/v2\/categories?post=23190"},{"taxonomy":"post_tag","embeddable":true,"href":"https:\/\/evertonfc.cz\/index.php\/wp-json\/wp\/v2\/tags?post=23190"}],"curies":[{"name":"wp","href":"https:\/\/api.w.org\/{rel}","templated":true}]}}