{"id":23192,"date":"2023-11-05T14:51:59","date_gmt":"2023-11-05T13:51:59","guid":{"rendered":"https:\/\/evertonfc.cz\/?p=23192"},"modified":"2023-11-06T08:41:06","modified_gmt":"2023-11-06T07:41:06","slug":"everton-brighton-hove-albion-11","status":"publish","type":"post","link":"https:\/\/evertonfc.cz\/index.php\/2023\/11\/05\/everton-brighton-hove-albion-11\/","title":{"rendered":"Everton \u2013 Brighton &#038; Hove Albion 1:1"},"content":{"rendered":"<h4>Ke\u010f vediete od siedmej min\u00faty o\u00a0jeden g\u00f3l, a\u00a0potom zvy\u0161n\u00fdch 89 len beh\u00e1te za loptou, mo\u017eno to neubr\u00e1nite. A\u00a0to je presne to, \u010do sa stalo v\u010dera v\u00a0Goodison Parku. \u0160koda.<\/h4>\n<p>Preto\u017ee u\u017e teraz to je s\u00faper, ktor\u00fd p\u00e4\u0165 z\u00e1pasov nevyhral. A my sme mohli by\u0165 oponent, ktor\u00fd by z rovnak\u00e9ho po\u010dtu mal 9 bodov z 15 mo\u017en\u00fdch. A to by sa r\u00e1talo. Nie, ako si mysl\u00ed racek Gro\u00df, ktor\u00fd sa nechal po\u010du\u0165, \u017ee pri\u0161li hra\u0165 na Merseyside futbal a my len o v\u00fdsledok. Nu\u017e, ako sme sa nie prv\u00fdkr\u00e1t pou\u010dili z prv\u00fdch piatich ligov\u00fdch z\u00e1pasov, v\u00fdsledok je v\u0161etko. Bodka. Hra\u0165 pekne v\u00e1s pred zostupom nezachr\u00e1ni. Aj s\u00e1m Dyche u\u017e p\u00f4sob\u00ed tak, \u017ee t\u00e1to strata bodov mrz\u00ed. Nie je to \u017eiadny zlat\u00fd bod. Je to aspo\u0148 bod. Ke\u010f u\u017e ni\u010d viac&#8230;<\/p>\n<p>S\u00faper bol hrate\u013en\u00fd a vyrovnali sme sa mu. A by\u0165 mo\u017eno odv\u00e1\u017enej\u0161\u00ed, alebo ma\u0165 viac s\u00edl, zrejme by sme ho poslali domov nepr\u00e1zdno. Jednozna\u010dne by v tom pomohol aj Onana. Belgick\u00fd z\u00e1lo\u017en\u00edk nemohol nast\u00fapi\u0165, lebo u\u017e pred t\u00fd\u017ed\u0148om v nede\u013eu proti West Hamu ho \u0165ahalo v l\u00fdtku. A aj tak bol nasaden\u00fd proti Burnley. To boli spolu s Youngom, ktor\u00fd sa vr\u00e1til po kartovom treste, jedin\u00e9 zmeny oproti posledn\u00e9mu ligov\u00e9mu duelu. Patterson ostal na lavi\u010dke, kde sa nenach\u00e1dzal \u017eiadny in\u00fd stredopoliar. A to sa e\u0161te nehr\u00e1 Africk\u00fd poh\u00e1r.<\/p>\n<h4><strong>1.pol\u010das<\/strong><\/h4>\n<p>Everton za\u010dal d\u00f4razne, svoj\u00edm usilovn\u00fdm pressingom sa sna\u017eil vyn\u00fati\u0165 chyby zo zadnej l\u00ednie Brightonu. A dom\u00e1ci sa v u\u017e tretej min\u00fate takmer ujali vedenia zo \u0161tandardky. Center McNeila sa odrazil od Milnera a Doucour\u00e9 z voleja vyp\u00e1lil z tesnej bl\u00edzkosti. Verbruggen vyrazil, no \u00favodn\u00fd g\u00f3l padol len o \u0161tyri min\u00faty nesk\u00f4r z podobnej poz\u00edcie. Mykolenko z\u00edskal loptu na polovici host\u00ed a pokra\u010doval po kombin\u00e1cii \u010falej na br\u00e1nu. Ke\u010f sa k nemu dostal McNeilov center, prv\u00fa strelu Ukrajinca \u013eavou nohou brank\u00e1r zblokoval. No na opakovan\u00fd pokus prava\u010dkou u\u017e aj s pomocou odrazu od kolena Dunka nemal chva\u013eabohu n\u00e1rok. <strong>1:0<\/strong><\/p>\n<p>Za zeleno-\u010diernych hrozil najm\u00e4 Adingra. Pr\u00e1ve po faule na neho sa zahr\u00e1val priamy kop z\u00a0pred v\u00e1pna. Gro\u00df to zahral na Dunka, ktor\u00fd sa trafil expertne z\u00a0voleja pod brvno. Av\u0161ak VAR us\u00fadil, \u017ee i\u0161lo o\u00a0milimetrov\u00fd ofsajd. Uf. Na opa\u010dnej br\u00e1ne mal podobn\u00fd, ale priamy pokus Garner nad. Dokonca pol\u010dasu e\u0161te v\u00a0\u00faniku netriafal DCL, hoci mohol prihr\u00e1va\u0165 Doucour\u00e9mu. Brighton s\u00edce mal v prvom pol\u010dase loptu pod kontrolou a u\u017e\u00edval si viac ako 80 % dr\u017eania lopty. Ale bolo im to na dve veci. T\u00e1 druh\u00e1 bola jedin\u00e1 strelu na br\u00e1nu.<\/p>\n<h4><strong>2.pol\u010das<\/strong><\/h4>\n<p>Zverenci Roberta de Zerbiho zv\u00fd\u0161ili tlak v druhom pol\u010dase, pomohli im aj striedania. A ke\u010f\u017ee ich hostitelia mali probl\u00e9m zreprodukova\u0165 rovnak\u00e9 odhodlanie (aj v\u010faka nestriedaniu), a\u017e do poslednej \u0161tvr\u0165hodiny to bola preva\u017ene jednosmern\u00e1 prem\u00e1vka. Doucour\u00e9 zbyto\u010dne fauloval Gilmoura na hranici \u0161estn\u00e1stky, \u010d\u00edm vytvoril mo\u017enos\u0165 priameho kopu pre Dunka. Pickford v\u0161ak brav\u00farne vytla\u010dil jeho skvel\u00fd pokus.<\/p>\n<p>Brighton tla\u010dil, nevyzeralo to dobre. Ale mohlo by\u0165 2:0, ke\u010f sa zblokovan\u00e1 prihr\u00e1vka Harrisona dostala k McNeilovi. Ten v\u0161ak trhaj\u00fac si vlasy tesne minul prav\u00fa ty\u010d. Potom za\u010dal o\u017e\u00edva\u0165 Mitoma, hra sa \u010doraz viac roz\u0165ahovala po krajoch ihriska a Everton sa nest\u00edhal pres\u00fava\u0165 a pokr\u00fdva\u0165 vo\u013en\u00e9 priestory. \u010co na tom, \u017ee sme mali po\u010das stretnutia asi tri p\u00e1dy v \u0161estn\u00e1stke? P\u00ed\u0161\u0165alka ost\u00e1vala tradi\u010dne nem\u00e1. Tak\u017ee ke\u010f ti nedopraj\u00fa, dostane\u0161.<\/p>\n<p>Nad\u00fdchan\u00e1 lopta na Mitomu v\u013eavo, Harrison sa nest\u00edha pres\u00fava\u0165 a neprist\u00fapi dostato\u010dne k Japoncovi. Ten m\u00e1 ve\u013ea priestoru na \u010ditate\u013en\u00e9 finty a tak posiela center pred br\u00e1nu, ktor\u00fd zblokuje Young do obl\u00faka ponad Pickforda rovno pod brvno. <strong>1:1<\/strong> Neuverite\u013en\u00e9! G\u00f3l u\u017e ned\u00e1me, ve\u010f nemal kto beha\u0165, a\u00a0Tarkowski to z\u00a0posledn\u00e9ho rohu triafa len do brank\u00e1ra. F\u00fa, ve\u013ek\u00e1 strata, ale s odstupom \u010dasu bod sta\u010d\u00ed. \u010ci?<\/p>\n<h4 style=\"text-align: center;\"><strong>Sean Dyche po z\u00e1pase:<\/strong><\/h4>\n<blockquote><p><span style=\"font-size: 12pt;\"><em>\u201eSom pote\u0161en\u00fd. Tri z\u00e1pasy za \u0161es\u0165 dn\u00ed, pracovn\u00e1 mor\u00e1lka je dobr\u00e1, takticky sme na tom ve\u013emi dobre a neust\u00e1le sa zlep\u0161ujeme. Je to rana, ktor\u00fa treba prizna\u0165; dr\u017eali sme ich v \u0161achu. Brighton je dobr\u00fd t\u00edm. Skvele vyu\u017e\u00edvaj\u00fa loptu a nestr\u00e1caj\u00fa vieru. Mali sme si ob\u010das po\u010d\u00edna\u0165 lep\u0161ie v\u00a0proti\u00fatokoch. Samozrejme, po tom, \u010do nemali v\u00f4bec ve\u013ea \u0161anc\u00ed, sme mali ve\u013ek\u00fa smolu z ne\u0161\u0165astn\u00e9ho odrazu. Ale mysl\u00edm si, \u017ee taktick\u00e1 str\u00e1nka hry bola od hr\u00e1\u010dov fantastick\u00e1.\u201c<\/em><\/span><\/p><\/blockquote>\n<h4><strong>\u0160tatistick\u00e9 okienko:<\/strong><\/h4>\n<ul>\n<li>Everton z\u00edskal vo svojich posledn\u00fdch \u0161iestich z\u00e1pasoch Premier League 10 bodov (W3 D1 L2), to\u013eko ako v predch\u00e1dzaj\u00facich \u0161trn\u00e1s\u0165 (W2 D4 L8).<\/li>\n<li>Ashley Young vo veku 38 rokov a 118 dn\u00ed je \u0161tvrt\u00fdm najstar\u0161\u00edm hr\u00e1\u010dom, ktor\u00fd strelil vlastn\u00fd g\u00f3l v Premier League, a najstar\u0161\u00edm od Phila Jagielku proti Leedsu United v apr\u00edli 2021 (38 rokov 229 dn\u00ed).<\/li>\n<li>Jordan Pickford mal proti Brightonu viac dotykov (43) ako ktor\u00fdko\u013evek in\u00fd hr\u00e1\u010d EFC.<\/li>\n<li>Brighton sa stal prv\u00fdm t\u00edmom, ktor\u00fd sk\u00f3roval aj inkasoval g\u00f3l v ka\u017edom z prv\u00fdch 11 ligov\u00fdch z\u00e1pasov od Tottenhamu Hotspur v rokoch 1988-89.<\/li>\n<li>\u010cajky neudr\u017eali \u010dist\u00e9 konto v \u017eiadnom z posledn\u00fdch 15 z\u00e1pasov Premier League, \u010do je najdlh\u0161ie obdobie bez \u010dist\u00e9ho \u0161t\u00edtu v lige od okt\u00f3bra 1996 (17).<\/li>\n<\/ul>\n<h3 style=\"text-align: center;\"><span style=\"color: #3366ff;\"><em><strong>Come on you Blues !!!<\/strong><\/em><\/span><\/h3>\n<p style=\"text-align: right;\"><span style=\"font-size: 8pt;\">(fotozdroj: Sky Sports)<\/span><\/p>\n<p><strong>Zostrihy:<\/strong> <a href=\"https:\/\/www.fasthighlights.net\/2023\/11\/everton-v-brighton-highlights-video-fasthighlights\/\">fasthighlights.com<\/a> \/ <a href=\"https:\/\/evertontv.evertonfc.com\/videos\/fa65d4ef-922d-4edc-9a3f-b24103dbb8b8\">Everton TV<\/a>\u00a0 <strong>Mu\u017e z\u00e1pasu redakcie:<\/strong> Vitaliy Mykolenko<\/p>\n<p><strong>G\u00f3ly:<\/strong> 7\u00b4 Mykolenko, 84\u00b4 Young (vlastn\u00fd)<\/p>\n<p><strong>\u017dlt\u00e9 karty:<\/strong> 20\u00b4 Gilmour, 23\u00b4 Dunk, 43\u00b4 Gueye, 54\u00b4 Doucour\u00e9, 77\u00b4 Branthwaite, 81\u00b4 Tarkowski<\/p>\n<p><strong>Everton FC:<\/strong> Pickford \u2013 Young (90\u00b4 Patterson), Tarkowski, Branthwaite, Mykolenko \u2013 Harrison, Garner, Gueye, Doucour\u00e9, McNeil \u2013 Calvert-Lewin (90\u00b4 Beto)<\/p>\n<p><strong>Brighton &amp; Hove Albion FC:<\/strong> Verbruggen \u2013 Veltman, Dunk, van Hecke, Milner (79\u00b4 Buonanotte) \u2013 Gro\u00df, Gilmour (68\u00b4 Dahoud), Lallana (46\u00b4 Pedro) \u2013 Adingra (90\u00b4 Igor), Ferguson (68\u00b4 Fati), Mitoma<\/p>\n<p><strong>Rozhodca: <\/strong>Tim Robinson\u00a0 <strong>Div\u00e1ci: <\/strong>38 683 (Goodison Park)<\/p>\n","protected":false},"excerpt":{"rendered":"<p>Ke\u010f vediete od siedmej min\u00faty o\u00a0jeden g\u00f3l, a\u00a0potom zvy\u0161n\u00fdch 89 len beh\u00e1te za loptou, mo\u017eno to neubr\u00e1nite. A\u00a0to je presne to, \u010do sa stalo v\u010dera v\u00a0Goodison Parku. \u0160koda.<\/p>\n","protected":false},"author":1,"featured_media":23198,"comment_status":"open","ping_status":"closed","sticky":false,"template":"","format":"standard","meta":{"_eb_attr":"","_monsterinsights_skip_tracking":false,"_monsterinsights_sitenote_active":false,"_monsterinsights_sitenote_note":"","_monsterinsights_sitenote_category":0,"footnotes":""},"categories":[4],"tags":[],"yoast_head":"<!-- This site is optimized with the Yoast SEO plugin v23.4 - https:\/\/yoast.com\/wordpress\/plugins\/seo\/ -->\n<title>Everton \u2013 Brighton &amp; Hove Albion 1:1 - Official Czech &amp; Slovak Everton Supporters&#039; Club<\/title>\n<meta name=\"robots\" content=\"index, follow, max-snippet:-1, max-image-preview:large, max-video-preview:-1\" \/>\n<link rel=\"canonical\" href=\"https:\/\/evertonfc.cz\/index.php\/2023\/11\/05\/everton-brighton-hove-albion-11\/\" \/>\n<meta property=\"og:locale\" content=\"cs_CZ\" \/>\n<meta property=\"og:type\" content=\"article\" \/>\n<meta property=\"og:title\" content=\"Everton \u2013 Brighton &amp; Hove Albion 1:1 - Official Czech &amp; Slovak Everton Supporters&#039; Club\" \/>\n<meta property=\"og:description\" content=\"Ke\u010f vediete od siedmej min\u00faty o\u00a0jeden g\u00f3l, a\u00a0potom zvy\u0161n\u00fdch 89 len beh\u00e1te za loptou, mo\u017eno to neubr\u00e1nite. A\u00a0to je presne to, \u010do sa stalo v\u010dera v\u00a0Goodison Parku. \u0160koda.\" \/>\n<meta property=\"og:url\" content=\"https:\/\/evertonfc.cz\/index.php\/2023\/11\/05\/everton-brighton-hove-albion-11\/\" \/>\n<meta property=\"og:site_name\" content=\"Official Czech &amp; Slovak Everton Supporters&#039; Club\" \/>\n<meta property=\"article:publisher\" content=\"https:\/\/www.facebook.com\/everton.fans.cz.sk\" \/>\n<meta property=\"article:published_time\" content=\"2023-11-05T13:51:59+00:00\" \/>\n<meta property=\"article:modified_time\" content=\"2023-11-06T07:41:06+00:00\" \/>\n<meta property=\"og:image\" content=\"https:\/\/evertonfc.cz\/wp-content\/uploads\/2023\/11\/Everton-1-1-Brighton-by-Sky-Sports-4-11-2023.jpg\" \/>\n\t<meta property=\"og:image:width\" content=\"720\" \/>\n\t<meta property=\"og:image:height\" content=\"405\" \/>\n\t<meta property=\"og:image:type\" content=\"image\/jpeg\" \/>\n<meta name=\"author\" content=\"BlueBlooded\" \/>\n<meta name=\"twitter:card\" content=\"summary_large_image\" \/>\n<meta name=\"twitter:label1\" content=\"Napsal(a)\" \/>\n\t<meta name=\"twitter:data1\" content=\"BlueBlooded\" \/>\n\t<meta name=\"twitter:label2\" content=\"Odhadovan\u00e1 doba \u010dten\u00ed\" \/>\n\t<meta name=\"twitter:data2\" content=\"5 minut\" \/>\n<script type=\"application\/ld+json\" class=\"yoast-schema-graph\">{\"@context\":\"https:\/\/schema.org\",\"@graph\":[{\"@type\":\"Article\",\"@id\":\"https:\/\/evertonfc.cz\/index.php\/2023\/11\/05\/everton-brighton-hove-albion-11\/#article\",\"isPartOf\":{\"@id\":\"https:\/\/evertonfc.cz\/index.php\/2023\/11\/05\/everton-brighton-hove-albion-11\/\"},\"author\":{\"name\":\"BlueBlooded\",\"@id\":\"https:\/\/evertonfc.cz\/#\/schema\/person\/d4493b8cbea51532597fbc4685698916\"},\"headline\":\"Everton \u2013 Brighton &#038; Hove Albion 1:1\",\"datePublished\":\"2023-11-05T13:51:59+00:00\",\"dateModified\":\"2023-11-06T07:41:06+00:00\",\"mainEntityOfPage\":{\"@id\":\"https:\/\/evertonfc.cz\/index.php\/2023\/11\/05\/everton-brighton-hove-albion-11\/\"},\"wordCount\":1060,\"commentCount\":8,\"publisher\":{\"@id\":\"https:\/\/evertonfc.cz\/#organization\"},\"image\":{\"@id\":\"https:\/\/evertonfc.cz\/index.php\/2023\/11\/05\/everton-brighton-hove-albion-11\/#primaryimage\"},\"thumbnailUrl\":\"https:\/\/evertonfc.cz\/wp-content\/uploads\/2023\/11\/Everton-1-1-Brighton-by-Sky-Sports-4-11-2023.jpg\",\"articleSection\":[\"Z\u00e1pasy\"],\"inLanguage\":\"cs\",\"potentialAction\":[{\"@type\":\"CommentAction\",\"name\":\"Comment\",\"target\":[\"https:\/\/evertonfc.cz\/index.php\/2023\/11\/05\/everton-brighton-hove-albion-11\/#respond\"]}]},{\"@type\":\"WebPage\",\"@id\":\"https:\/\/evertonfc.cz\/index.php\/2023\/11\/05\/everton-brighton-hove-albion-11\/\",\"url\":\"https:\/\/evertonfc.cz\/index.php\/2023\/11\/05\/everton-brighton-hove-albion-11\/\",\"name\":\"Everton \u2013 Brighton & Hove Albion 1:1 - Official Czech &amp; Slovak Everton Supporters&#039; Club\",\"isPartOf\":{\"@id\":\"https:\/\/evertonfc.cz\/#website\"},\"primaryImageOfPage\":{\"@id\":\"https:\/\/evertonfc.cz\/index.php\/2023\/11\/05\/everton-brighton-hove-albion-11\/#primaryimage\"},\"image\":{\"@id\":\"https:\/\/evertonfc.cz\/index.php\/2023\/11\/05\/everton-brighton-hove-albion-11\/#primaryimage\"},\"thumbnailUrl\":\"https:\/\/evertonfc.cz\/wp-content\/uploads\/2023\/11\/Everton-1-1-Brighton-by-Sky-Sports-4-11-2023.jpg\",\"datePublished\":\"2023-11-05T13:51:59+00:00\",\"dateModified\":\"2023-11-06T07:41:06+00:00\",\"breadcrumb\":{\"@id\":\"https:\/\/evertonfc.cz\/index.php\/2023\/11\/05\/everton-brighton-hove-albion-11\/#breadcrumb\"},\"inLanguage\":\"cs\",\"potentialAction\":[{\"@type\":\"ReadAction\",\"target\":[\"https:\/\/evertonfc.cz\/index.php\/2023\/11\/05\/everton-brighton-hove-albion-11\/\"]}]},{\"@type\":\"ImageObject\",\"inLanguage\":\"cs\",\"@id\":\"https:\/\/evertonfc.cz\/index.php\/2023\/11\/05\/everton-brighton-hove-albion-11\/#primaryimage\",\"url\":\"https:\/\/evertonfc.cz\/wp-content\/uploads\/2023\/11\/Everton-1-1-Brighton-by-Sky-Sports-4-11-2023.jpg\",\"contentUrl\":\"https:\/\/evertonfc.cz\/wp-content\/uploads\/2023\/11\/Everton-1-1-Brighton-by-Sky-Sports-4-11-2023.jpg\",\"width\":720,\"height\":405},{\"@type\":\"BreadcrumbList\",\"@id\":\"https:\/\/evertonfc.cz\/index.php\/2023\/11\/05\/everton-brighton-hove-albion-11\/#breadcrumb\",\"itemListElement\":[{\"@type\":\"ListItem\",\"position\":1,\"name\":\"Home\",\"item\":\"https:\/\/evertonfc.cz\/\"},{\"@type\":\"ListItem\",\"position\":2,\"name\":\"Everton \u2013 Brighton &#038; Hove Albion 1:1\"}]},{\"@type\":\"WebSite\",\"@id\":\"https:\/\/evertonfc.cz\/#website\",\"url\":\"https:\/\/evertonfc.cz\/\",\"name\":\"Official Czech &amp; Slovak Everton Supporters&#039; Club\",\"description\":\"\",\"publisher\":{\"@id\":\"https:\/\/evertonfc.cz\/#organization\"},\"potentialAction\":[{\"@type\":\"SearchAction\",\"target\":{\"@type\":\"EntryPoint\",\"urlTemplate\":\"https:\/\/evertonfc.cz\/?s={search_term_string}\"},\"query-input\":{\"@type\":\"PropertyValueSpecification\",\"valueRequired\":true,\"valueName\":\"search_term_string\"}}],\"inLanguage\":\"cs\"},{\"@type\":\"Organization\",\"@id\":\"https:\/\/evertonfc.cz\/#organization\",\"name\":\"Official Czech & Slovak Everton Supporters' Club\",\"url\":\"https:\/\/evertonfc.cz\/\",\"logo\":{\"@type\":\"ImageObject\",\"inLanguage\":\"cs\",\"@id\":\"https:\/\/evertonfc.cz\/#\/schema\/logo\/image\/\",\"url\":\"https:\/\/evertonfc.cz\/wp-content\/uploads\/2019\/05\/logo.png\",\"contentUrl\":\"https:\/\/evertonfc.cz\/wp-content\/uploads\/2019\/05\/logo.png\",\"width\":112,\"height\":112,\"caption\":\"Official Czech & Slovak Everton Supporters' Club\"},\"image\":{\"@id\":\"https:\/\/evertonfc.cz\/#\/schema\/logo\/image\/\"},\"sameAs\":[\"https:\/\/www.facebook.com\/everton.fans.cz.sk\"]},{\"@type\":\"Person\",\"@id\":\"https:\/\/evertonfc.cz\/#\/schema\/person\/d4493b8cbea51532597fbc4685698916\",\"name\":\"BlueBlooded\",\"url\":\"https:\/\/evertonfc.cz\/index.php\/author\/admin\/\"}]}<\/script>\n<!-- \/ Yoast SEO plugin. -->","yoast_head_json":{"title":"Everton \u2013 Brighton & Hove Albion 1:1 - Official Czech &amp; Slovak Everton Supporters&#039; Club","robots":{"index":"index","follow":"follow","max-snippet":"max-snippet:-1","max-image-preview":"max-image-preview:large","max-video-preview":"max-video-preview:-1"},"canonical":"https:\/\/evertonfc.cz\/index.php\/2023\/11\/05\/everton-brighton-hove-albion-11\/","og_locale":"cs_CZ","og_type":"article","og_title":"Everton \u2013 Brighton & Hove Albion 1:1 - Official Czech &amp; Slovak Everton Supporters&#039; Club","og_description":"Ke\u010f vediete od siedmej min\u00faty o\u00a0jeden g\u00f3l, a\u00a0potom zvy\u0161n\u00fdch 89 len beh\u00e1te za loptou, mo\u017eno to neubr\u00e1nite. A\u00a0to je presne to, \u010do sa stalo v\u010dera v\u00a0Goodison Parku. \u0160koda.","og_url":"https:\/\/evertonfc.cz\/index.php\/2023\/11\/05\/everton-brighton-hove-albion-11\/","og_site_name":"Official Czech &amp; Slovak Everton Supporters&#039; Club","article_publisher":"https:\/\/www.facebook.com\/everton.fans.cz.sk","article_published_time":"2023-11-05T13:51:59+00:00","article_modified_time":"2023-11-06T07:41:06+00:00","og_image":[{"width":720,"height":405,"url":"https:\/\/evertonfc.cz\/wp-content\/uploads\/2023\/11\/Everton-1-1-Brighton-by-Sky-Sports-4-11-2023.jpg","type":"image\/jpeg"}],"author":"BlueBlooded","twitter_card":"summary_large_image","twitter_misc":{"Napsal(a)":"BlueBlooded","Odhadovan\u00e1 doba \u010dten\u00ed":"5 minut"},"schema":{"@context":"https:\/\/schema.org","@graph":[{"@type":"Article","@id":"https:\/\/evertonfc.cz\/index.php\/2023\/11\/05\/everton-brighton-hove-albion-11\/#article","isPartOf":{"@id":"https:\/\/evertonfc.cz\/index.php\/2023\/11\/05\/everton-brighton-hove-albion-11\/"},"author":{"name":"BlueBlooded","@id":"https:\/\/evertonfc.cz\/#\/schema\/person\/d4493b8cbea51532597fbc4685698916"},"headline":"Everton \u2013 Brighton &#038; Hove Albion 1:1","datePublished":"2023-11-05T13:51:59+00:00","dateModified":"2023-11-06T07:41:06+00:00","mainEntityOfPage":{"@id":"https:\/\/evertonfc.cz\/index.php\/2023\/11\/05\/everton-brighton-hove-albion-11\/"},"wordCount":1060,"commentCount":8,"publisher":{"@id":"https:\/\/evertonfc.cz\/#organization"},"image":{"@id":"https:\/\/evertonfc.cz\/index.php\/2023\/11\/05\/everton-brighton-hove-albion-11\/#primaryimage"},"thumbnailUrl":"https:\/\/evertonfc.cz\/wp-content\/uploads\/2023\/11\/Everton-1-1-Brighton-by-Sky-Sports-4-11-2023.jpg","articleSection":["Z\u00e1pasy"],"inLanguage":"cs","potentialAction":[{"@type":"CommentAction","name":"Comment","target":["https:\/\/evertonfc.cz\/index.php\/2023\/11\/05\/everton-brighton-hove-albion-11\/#respond"]}]},{"@type":"WebPage","@id":"https:\/\/evertonfc.cz\/index.php\/2023\/11\/05\/everton-brighton-hove-albion-11\/","url":"https:\/\/evertonfc.cz\/index.php\/2023\/11\/05\/everton-brighton-hove-albion-11\/","name":"Everton \u2013 Brighton & Hove Albion 1:1 - Official Czech &amp; Slovak Everton Supporters&#039; Club","isPartOf":{"@id":"https:\/\/evertonfc.cz\/#website"},"primaryImageOfPage":{"@id":"https:\/\/evertonfc.cz\/index.php\/2023\/11\/05\/everton-brighton-hove-albion-11\/#primaryimage"},"image":{"@id":"https:\/\/evertonfc.cz\/index.php\/2023\/11\/05\/everton-brighton-hove-albion-11\/#primaryimage"},"thumbnailUrl":"https:\/\/evertonfc.cz\/wp-content\/uploads\/2023\/11\/Everton-1-1-Brighton-by-Sky-Sports-4-11-2023.jpg","datePublished":"2023-11-05T13:51:59+00:00","dateModified":"2023-11-06T07:41:06+00:00","breadcrumb":{"@id":"https:\/\/evertonfc.cz\/index.php\/2023\/11\/05\/everton-brighton-hove-albion-11\/#breadcrumb"},"inLanguage":"cs","potentialAction":[{"@type":"ReadAction","target":["https:\/\/evertonfc.cz\/index.php\/2023\/11\/05\/everton-brighton-hove-albion-11\/"]}]},{"@type":"ImageObject","inLanguage":"cs","@id":"https:\/\/evertonfc.cz\/index.php\/2023\/11\/05\/everton-brighton-hove-albion-11\/#primaryimage","url":"https:\/\/evertonfc.cz\/wp-content\/uploads\/2023\/11\/Everton-1-1-Brighton-by-Sky-Sports-4-11-2023.jpg","contentUrl":"https:\/\/evertonfc.cz\/wp-content\/uploads\/2023\/11\/Everton-1-1-Brighton-by-Sky-Sports-4-11-2023.jpg","width":720,"height":405},{"@type":"BreadcrumbList","@id":"https:\/\/evertonfc.cz\/index.php\/2023\/11\/05\/everton-brighton-hove-albion-11\/#breadcrumb","itemListElement":[{"@type":"ListItem","position":1,"name":"Home","item":"https:\/\/evertonfc.cz\/"},{"@type":"ListItem","position":2,"name":"Everton \u2013 Brighton &#038; Hove Albion 1:1"}]},{"@type":"WebSite","@id":"https:\/\/evertonfc.cz\/#website","url":"https:\/\/evertonfc.cz\/","name":"Official Czech &amp; Slovak Everton Supporters&#039; Club","description":"","publisher":{"@id":"https:\/\/evertonfc.cz\/#organization"},"potentialAction":[{"@type":"SearchAction","target":{"@type":"EntryPoint","urlTemplate":"https:\/\/evertonfc.cz\/?s={search_term_string}"},"query-input":{"@type":"PropertyValueSpecification","valueRequired":true,"valueName":"search_term_string"}}],"inLanguage":"cs"},{"@type":"Organization","@id":"https:\/\/evertonfc.cz\/#organization","name":"Official Czech & Slovak Everton Supporters' Club","url":"https:\/\/evertonfc.cz\/","logo":{"@type":"ImageObject","inLanguage":"cs","@id":"https:\/\/evertonfc.cz\/#\/schema\/logo\/image\/","url":"https:\/\/evertonfc.cz\/wp-content\/uploads\/2019\/05\/logo.png","contentUrl":"https:\/\/evertonfc.cz\/wp-content\/uploads\/2019\/05\/logo.png","width":112,"height":112,"caption":"Official Czech & Slovak Everton Supporters' Club"},"image":{"@id":"https:\/\/evertonfc.cz\/#\/schema\/logo\/image\/"},"sameAs":["https:\/\/www.facebook.com\/everton.fans.cz.sk"]},{"@type":"Person","@id":"https:\/\/evertonfc.cz\/#\/schema\/person\/d4493b8cbea51532597fbc4685698916","name":"BlueBlooded","url":"https:\/\/evertonfc.cz\/index.php\/author\/admin\/"}]}},"_links":{"self":[{"href":"https:\/\/evertonfc.cz\/index.php\/wp-json\/wp\/v2\/posts\/23192"}],"collection":[{"href":"https:\/\/evertonfc.cz\/index.php\/wp-json\/wp\/v2\/posts"}],"about":[{"href":"https:\/\/evertonfc.cz\/index.php\/wp-json\/wp\/v2\/types\/post"}],"author":[{"embeddable":true,"href":"https:\/\/evertonfc.cz\/index.php\/wp-json\/wp\/v2\/users\/1"}],"replies":[{"embeddable":true,"href":"https:\/\/evertonfc.cz\/index.php\/wp-json\/wp\/v2\/comments?post=23192"}],"version-history":[{"count":11,"href":"https:\/\/evertonfc.cz\/index.php\/wp-json\/wp\/v2\/posts\/23192\/revisions"}],"predecessor-version":[{"id":23215,"href":"https:\/\/evertonfc.cz\/index.php\/wp-json\/wp\/v2\/posts\/23192\/revisions\/23215"}],"wp:featuredmedia":[{"embeddable":true,"href":"https:\/\/evertonfc.cz\/index.php\/wp-json\/wp\/v2\/media\/23198"}],"wp:attachment":[{"href":"https:\/\/evertonfc.cz\/index.php\/wp-json\/wp\/v2\/media?parent=23192"}],"wp:term":[{"taxonomy":"category","embeddable":true,"href":"https:\/\/evertonfc.cz\/index.php\/wp-json\/wp\/v2\/categories?post=23192"},{"taxonomy":"post_tag","embeddable":true,"href":"https:\/\/evertonfc.cz\/index.php\/wp-json\/wp\/v2\/tags?post=23192"}],"curies":[{"name":"wp","href":"https:\/\/api.w.org\/{rel}","templated":true}]}}