{"id":23235,"date":"2023-11-10T23:01:28","date_gmt":"2023-11-10T22:01:28","guid":{"rendered":"https:\/\/evertonfc.cz\/?p=23235"},"modified":"2023-11-11T15:30:38","modified_gmt":"2023-11-11T14:30:38","slug":"conti-cup-manchester-united-w-everton-w-70","status":"publish","type":"post","link":"https:\/\/evertonfc.cz\/index.php\/2023\/11\/10\/conti-cup-manchester-united-w-everton-w-70\/","title":{"rendered":"Conti Cup: Man United W &#8211; Everton W 7:0"},"content":{"rendered":"<h4>Ano, slovy &#8222;sedm : nula&#8220;. Debakl na Leigh Sports Village n\u00e1s (po kolik\u00e1t\u00e9 u\u017e?) vr\u00e1til op\u011bt na zem. Tr\u00e1p\u00edc\u00ed se Everton nep\u0159edstavoval pro Manchester United v\u016fbec \u017e\u00e1dnou p\u0159ek\u00e1\u017eku v cest\u011b za v\u00edt\u011bzstv\u00edm.<\/h4>\n<p>Na dom\u00e1c\u00ed st\u00e1nek United jsme dorazili v pro\u0159\u00eddl\u00e9 sestav\u011b. Ke zran\u011bn\u00e9 Hope, Bjorn a Stenevik se p\u0159idala i Finnigan, a tak S\u00f8rensen byl nucen pou\u017e\u00edt posledn\u00edho centrbeka, kter\u00e9ho m\u011bl k dispozici &#8211; 19. letou Annie Wilding. K z\u00e1pasu nenastoupila ani Snoeijs, kter\u00e1 po z\u00e1pase se Spurs nen\u00ed je\u0161t\u011b zcela fit.\u00a0 Uzdravila se Sara Holmgaard, kter\u00e1 na z\u00e1v\u011bre\u010dnou p\u016flhodinku mohla nastoupit na tr\u00e1vn\u00edk ke sv\u00e9 set\u0159e Karen.<\/p>\n<p>Vzhledem k pr\u016fb\u011bhu a v\u00fdsledku z\u00e1pasu si zde dovol\u00edm pouze ocitovat pouze slova mana\u017eera hodnot\u00edc\u00ed v\u00fdkon cel\u00e9ho t\u00fdmu:<\/p>\n<p>&#8222;&#8230; <em><span class=\"Y2IQFc\" lang=\"cs\">Bylo to opravdu t\u011b\u017ek\u00e9 a vypadalo to, \u017ee jsme od za\u010d\u00e1tku necht\u011bli\u00a0 ani b\u00fdt na h\u0159i\u0161ti. Museli jsme ud\u011blat \u0159adu zm\u011bn, do\u0161lo ke zran\u011bn\u00edm a nemocem. Co\u017e znamenalo, \u017ee jsme hr\u00e1li pouze s jednou st\u0159edn\u00ed obr\u00e1nkyn\u00ed, Annie Wildingovou, kter\u00e1 si ve skute\u010dnosti vedla dob\u0159e vzhledem k tomu, proti komu st\u00e1la&#8230;Dopadlo to, jak to dopadlo&#8230; V polo\u010dase jsme prohr\u00e1vali 2:0 a up\u0159\u00edmn\u011b \u0159e\u010deno, (United) jsou opravdu dobr\u00fd t\u00fdm. Pot\u0159ebovali jsme jen proj\u00edt (slu\u0161n\u011b) z\u00e1pasem,\u00a0 ale to se nestalo&#8230; <\/span><span class=\"Y2IQFc\" lang=\"cs\">Po z\u00e1pase jsem d\u00edvk\u00e1m \u0159ekl, \u017ee to ze sebe mus\u00edme set\u0159\u00e1st, z\u00edtra nastoupit a uvid\u00edme,\u00a0 jak se na ned\u011bli p\u0159iprav\u00edme&#8230; Nebyl to v\u00fdkon, na kter\u00fd bychom m\u011bli b\u00fdt hrd\u00ed, to je jist\u00e9!&#8220;<\/span><\/em><\/p>\n<p>Ve zmi\u0148ovanou ned\u011bli na Walton Hall Park doraz\u00ed zat\u00edm v lize vedouc\u00ed Chelsea a budeme-li hr\u00e1t tak jako v\u010dera, bez milosti si z n\u00e1s ud\u011bl\u00e1 trhac\u00ed kalend\u00e1\u0159. Z\u00e1pas krom\u011b krom\u011b sk\u00f3re p\u0159ipom\u00ednaj\u00edc\u00ed divo\u010dej\u0161\u00ed z\u00e1pasy v ledn\u00edm hokeji p\u011bkn\u011b ilustruje i statistika st\u0159el: 20:1 pro dom\u00e1c\u00ed, na br\u00e1nu pak 13:1. Nefungovalo n\u00e1m prakticky nic a pochmurn\u00fd v\u00fdkon m\u00edsty stylov\u011b dopl\u0148oval i permarentn\u00ed d\u00e9\u0161\u0165. Aspo\u0148 trochu soupe\u0159em jsme United byli\u00a0 tak necelou prvn\u00ed p\u016flhodinu, ale dva g\u00f3ly ve dvou minut\u00e1ch (Parris 28\u00b4 a\u00a0 Williams 30\u00b4) pro n\u00e1s byly tvrd\u00fdm direktem na bradu.<\/p>\n<p>V druh\u00e9 p\u016fli Parris p\u0159idala dal\u0161\u00ed dva g\u00f3ly (69\u00b4a 78\u00b4), Ladd p\u0159idala dal\u0161\u00ed (57\u00b4) a d\u00edlo zk\u00e1zy dovr\u0161ila <span data-reactid=\".17zzbd24c1o.0.0.1.1.0.0.0.0:$home3false.0\">da Silva Ferreira (84\u00b4) a Galton (89\u00b4). Mysl\u00edm, \u017ee u\u017e dlouho jsme tak tou\u017eebn\u011b neo\u010dek\u00e1vali z\u00e1v\u011bre\u010dn\u00fd hvizd. Body v ned\u011bli by asi \u010dek\u00e1t jen patologick\u00fd optimista. Ale pokud se n\u00e1m aspo\u0148 poda\u0159\u00ed se psychicky zvednout a p\u0159edv\u00e9st slu\u0161n\u00fd v\u00fdkon, mohly by si fanou\u0161ek uchovat aspo\u0148 \u0161petku nad\u011bje v dal\u0161\u00ed pr\u016fb\u011bh na\u0161\u00ed leto\u0161n\u00ed kampan\u011b. <span style=\"color: #000000;\">Tak<\/span><strong><span style=\"color: #0000ff;\"> COYB!<\/span><\/strong><\/span><\/p>\n<p style=\"text-align: right;\"><span style=\"font-size: 8pt;\"><em>Fotografie: Nikita Parris (zdroj: shekicks.com)<\/em><\/span><\/p>\n<p><strong>Branky:<\/strong> Parris (28\u00b4, 69\u00b4, 78\u00b4), Williams (30\u00b4), Ladd (57\u00b4), <span data-reactid=\".17zzbd24c1o.0.0.1.1.0.0.0.0:$home3false.0\">da Silva Ferreira (84\u00b4), Galton (89\u00b4)\u00a0 <\/span><strong>\u017dK: <\/strong>Holmgaard<\/p>\n<p><strong>United (4-3-3): <\/strong>Tullis-Joyce; <span class=\"sp-c-lineup-pitch__player\" data-reactid=\".gmxmc8ec52.0.0.0.1.$include-7.0.0.1:$panel-0.$0.0.0.0.2.0.0.1:$home-formation-row-1.$home-player-0\"><span class=\"sp-c-lineup-pitch__player__name gs-u-display-block@xs \" data-reactid=\".gmxmc8ec52.0.0.0.1.$include-7.0.0.1:$panel-0.$0.0.0.0.2.0.0.1:$home-formation-row-1.$home-player-0.1\">Riviere (Rabjohn 63\u00b4),\u00a0 Le <\/span><\/span><span class=\"sp-c-lineup-pitch__player\" data-reactid=\".gmxmc8ec52.0.0.0.1.$include-7.0.0.1:$panel-0.$0.0.0.0.2.0.0.1:$home-formation-row-1.$home-player-1\"><span class=\"sp-c-lineup-pitch__player__name gs-u-display-block@xs \" data-reactid=\".gmxmc8ec52.0.0.0.1.$include-7.0.0.1:$panel-0.$0.0.0.0.2.0.0.1:$home-formation-row-1.$home-player-1.1\">Tissier, <\/span><\/span><span class=\"sp-c-lineup-pitch__player\" data-reactid=\".gmxmc8ec52.0.0.0.1.$include-7.0.0.1:$panel-0.$0.0.0.0.2.0.0.1:$home-formation-row-1.$home-player-2\"><span class=\"sp-c-lineup-pitch__player__name gs-u-display-block@xs \" data-reactid=\".gmxmc8ec52.0.0.0.1.$include-7.0.0.1:$panel-0.$0.0.0.0.2.0.0.1:$home-formation-row-1.$home-player-2.1\">Evans, <\/span><\/span><span class=\"sp-c-lineup-pitch__player\" data-reactid=\".gmxmc8ec52.0.0.0.1.$include-7.0.0.1:$panel-0.$0.0.0.0.2.0.0.1:$home-formation-row-1.$home-player-3\"><span class=\"sp-c-lineup-pitch__player__name gs-u-display-block@xs \" data-reactid=\".gmxmc8ec52.0.0.0.1.$include-7.0.0.1:$panel-0.$0.0.0.0.2.0.0.1:$home-formation-row-1.$home-player-3.1\">Blundell (Galton 63\u00b4); Miyazawa (Toon7263\u00b4), Ladd (Zelem 73\u00b4), Naalsund; Parris, Williams (da Silva Ferreira 73\u00b4), Garc\u00eda<\/span><\/span><\/p>\n<p><strong>Everton (3-4-1-2):<\/strong> Ramsey; <span class=\"sp-c-lineup-pitch__player\" data-reactid=\".gmxmc8ec52.0.0.0.1.$include-7.0.0.1:$panel-0.$0.0.0.1.2.0.0.1:$away-formation-row-1.$away-player-0\"><span class=\"sp-c-lineup-pitch__player__name gs-u-display-block@xs \" data-reactid=\".gmxmc8ec52.0.0.0.1.$include-7.0.0.1:$panel-0.$0.0.0.1.2.0.0.1:$away-formation-row-1.$away-player-0.1\">S\u00f8rensen (Payne 61\u00b4), <\/span><\/span><span class=\"sp-c-lineup-pitch__player\" data-reactid=\".gmxmc8ec52.0.0.0.1.$include-7.0.0.1:$panel-0.$0.0.0.1.2.0.0.1:$away-formation-row-1.$away-player-1\"><span class=\"sp-c-lineup-pitch__player__name gs-u-display-block@xs \" data-reactid=\".gmxmc8ec52.0.0.0.1.$include-7.0.0.1:$panel-0.$0.0.0.1.2.0.0.1:$away-formation-row-1.$away-player-1.1\">Wilding, <\/span><\/span><span class=\"sp-c-lineup-pitch__player\" data-reactid=\".gmxmc8ec52.0.0.0.1.$include-7.0.0.1:$panel-0.$0.0.0.1.2.0.0.1:$away-formation-row-1.$away-player-2\"><span class=\"sp-c-lineup-pitch__player__name gs-u-display-block@xs \" data-reactid=\".gmxmc8ec52.0.0.0.1.$include-7.0.0.1:$panel-0.$0.0.0.1.2.0.0.1:$away-formation-row-1.$away-player-2.1\">Campbell (Veje 61\u00b4); Wheeler (S. Holmgaard 61\u00b4), Galli, Olesen, Vanhaevermaet; Benison (K. Holmgaard 61\u00b4); Duggan (Piemonte 61\u00b4), Bissell<\/span><\/span><\/p>\n<p><strong>Rozhod\u010d\u00ed:<\/strong> Megan Wilson\u00a0 <strong>Div\u00e1ci:<\/strong> 1 804<\/p>\n<p><iframe loading=\"lazy\" title=\"Nikita Parris Hat-Trick! \ud83c\udfa9 | Man Utd 7-0 Everton | Women&#039;s Conti Cup\" width=\"1140\" height=\"641\" src=\"https:\/\/www.youtube.com\/embed\/GRr52K4ophQ?feature=oembed\" frameborder=\"0\" allow=\"accelerometer; autoplay; clipboard-write; encrypted-media; gyroscope; picture-in-picture; web-share\" allowfullscreen><\/iframe><\/p>\n","protected":false},"excerpt":{"rendered":"<p>Ano, slovy &#8222;Sedm : nula&#8220;. Debakl na Leigh Sports Village n\u00e1s (po kolik\u00e1t\u00e9 u\u017e?) vr\u00e1til op\u011bt na zem. Tr\u00e1p\u00edc\u00ed se Everton nep\u0159edstavoval pro Manchester United v\u016fbec \u017e\u00e1dnou p\u0159ek\u00e1\u017eku v cest\u011b za v\u00edt\u011bzstv\u00edm.<\/p>\n","protected":false},"author":26,"featured_media":23240,"comment_status":"open","ping_status":"closed","sticky":false,"template":"","format":"standard","meta":{"_eb_attr":"","_monsterinsights_skip_tracking":false,"_monsterinsights_sitenote_active":false,"_monsterinsights_sitenote_note":"","_monsterinsights_sitenote_category":0,"footnotes":""},"categories":[110],"tags":[],"yoast_head":"<!-- This site is optimized with the Yoast SEO plugin v23.4 - https:\/\/yoast.com\/wordpress\/plugins\/seo\/ -->\n<title>Conti Cup: Man United W - Everton W 7:0 - Official Czech &amp; Slovak Everton Supporters&#039; Club<\/title>\n<meta name=\"robots\" content=\"index, follow, max-snippet:-1, max-image-preview:large, max-video-preview:-1\" \/>\n<link rel=\"canonical\" href=\"https:\/\/evertonfc.cz\/index.php\/2023\/11\/10\/conti-cup-manchester-united-w-everton-w-70\/\" \/>\n<meta property=\"og:locale\" content=\"cs_CZ\" \/>\n<meta property=\"og:type\" content=\"article\" \/>\n<meta property=\"og:title\" content=\"Conti Cup: Man United W - Everton W 7:0 - Official Czech &amp; Slovak Everton Supporters&#039; Club\" \/>\n<meta property=\"og:description\" content=\"Ano, slovy &quot;Sedm : nula&quot;. Debakl na Leigh Sports Village n\u00e1s (po kolik\u00e1t\u00e9 u\u017e?) vr\u00e1til op\u011bt na zem. Tr\u00e1p\u00edc\u00ed se Everton nep\u0159edstavoval pro Manchester United v\u016fbec \u017e\u00e1dnou p\u0159ek\u00e1\u017eku v cest\u011b za v\u00edt\u011bzstv\u00edm.\" \/>\n<meta property=\"og:url\" content=\"https:\/\/evertonfc.cz\/index.php\/2023\/11\/10\/conti-cup-manchester-united-w-everton-w-70\/\" \/>\n<meta property=\"og:site_name\" content=\"Official Czech &amp; Slovak Everton Supporters&#039; Club\" \/>\n<meta property=\"article:publisher\" content=\"https:\/\/www.facebook.com\/everton.fans.cz.sk\" \/>\n<meta property=\"article:published_time\" content=\"2023-11-10T22:01:28+00:00\" \/>\n<meta property=\"article:modified_time\" content=\"2023-11-11T14:30:38+00:00\" \/>\n<meta property=\"og:image\" content=\"https:\/\/evertonfc.cz\/wp-content\/uploads\/2023\/11\/Parris-vs-Everton-web-9_11_2023.jpg\" \/>\n\t<meta property=\"og:image:width\" content=\"720\" \/>\n\t<meta property=\"og:image:height\" content=\"405\" \/>\n\t<meta property=\"og:image:type\" content=\"image\/jpeg\" \/>\n<meta name=\"author\" content=\"Karamela\" \/>\n<meta name=\"twitter:card\" content=\"summary_large_image\" \/>\n<meta name=\"twitter:label1\" content=\"Napsal(a)\" \/>\n\t<meta name=\"twitter:data1\" content=\"Karamela\" \/>\n\t<meta name=\"twitter:label2\" content=\"Odhadovan\u00e1 doba \u010dten\u00ed\" \/>\n\t<meta name=\"twitter:data2\" content=\"3 minuty\" \/>\n<script type=\"application\/ld+json\" class=\"yoast-schema-graph\">{\"@context\":\"https:\/\/schema.org\",\"@graph\":[{\"@type\":\"Article\",\"@id\":\"https:\/\/evertonfc.cz\/index.php\/2023\/11\/10\/conti-cup-manchester-united-w-everton-w-70\/#article\",\"isPartOf\":{\"@id\":\"https:\/\/evertonfc.cz\/index.php\/2023\/11\/10\/conti-cup-manchester-united-w-everton-w-70\/\"},\"author\":{\"name\":\"Karamela\",\"@id\":\"https:\/\/evertonfc.cz\/#\/schema\/person\/e9a24a80a32efa1344dd2c4e5882185c\"},\"headline\":\"Conti Cup: Man United W &#8211; Everton W 7:0\",\"datePublished\":\"2023-11-10T22:01:28+00:00\",\"dateModified\":\"2023-11-11T14:30:38+00:00\",\"mainEntityOfPage\":{\"@id\":\"https:\/\/evertonfc.cz\/index.php\/2023\/11\/10\/conti-cup-manchester-united-w-everton-w-70\/\"},\"wordCount\":599,\"commentCount\":1,\"publisher\":{\"@id\":\"https:\/\/evertonfc.cz\/#organization\"},\"image\":{\"@id\":\"https:\/\/evertonfc.cz\/index.php\/2023\/11\/10\/conti-cup-manchester-united-w-everton-w-70\/#primaryimage\"},\"thumbnailUrl\":\"https:\/\/evertonfc.cz\/wp-content\/uploads\/2023\/11\/Parris-vs-Everton-web-9_11_2023.jpg\",\"articleSection\":[\"Everton Women\"],\"inLanguage\":\"cs\",\"potentialAction\":[{\"@type\":\"CommentAction\",\"name\":\"Comment\",\"target\":[\"https:\/\/evertonfc.cz\/index.php\/2023\/11\/10\/conti-cup-manchester-united-w-everton-w-70\/#respond\"]}]},{\"@type\":\"WebPage\",\"@id\":\"https:\/\/evertonfc.cz\/index.php\/2023\/11\/10\/conti-cup-manchester-united-w-everton-w-70\/\",\"url\":\"https:\/\/evertonfc.cz\/index.php\/2023\/11\/10\/conti-cup-manchester-united-w-everton-w-70\/\",\"name\":\"Conti Cup: Man United W - Everton W 7:0 - Official Czech &amp; Slovak Everton Supporters&#039; Club\",\"isPartOf\":{\"@id\":\"https:\/\/evertonfc.cz\/#website\"},\"primaryImageOfPage\":{\"@id\":\"https:\/\/evertonfc.cz\/index.php\/2023\/11\/10\/conti-cup-manchester-united-w-everton-w-70\/#primaryimage\"},\"image\":{\"@id\":\"https:\/\/evertonfc.cz\/index.php\/2023\/11\/10\/conti-cup-manchester-united-w-everton-w-70\/#primaryimage\"},\"thumbnailUrl\":\"https:\/\/evertonfc.cz\/wp-content\/uploads\/2023\/11\/Parris-vs-Everton-web-9_11_2023.jpg\",\"datePublished\":\"2023-11-10T22:01:28+00:00\",\"dateModified\":\"2023-11-11T14:30:38+00:00\",\"breadcrumb\":{\"@id\":\"https:\/\/evertonfc.cz\/index.php\/2023\/11\/10\/conti-cup-manchester-united-w-everton-w-70\/#breadcrumb\"},\"inLanguage\":\"cs\",\"potentialAction\":[{\"@type\":\"ReadAction\",\"target\":[\"https:\/\/evertonfc.cz\/index.php\/2023\/11\/10\/conti-cup-manchester-united-w-everton-w-70\/\"]}]},{\"@type\":\"ImageObject\",\"inLanguage\":\"cs\",\"@id\":\"https:\/\/evertonfc.cz\/index.php\/2023\/11\/10\/conti-cup-manchester-united-w-everton-w-70\/#primaryimage\",\"url\":\"https:\/\/evertonfc.cz\/wp-content\/uploads\/2023\/11\/Parris-vs-Everton-web-9_11_2023.jpg\",\"contentUrl\":\"https:\/\/evertonfc.cz\/wp-content\/uploads\/2023\/11\/Parris-vs-Everton-web-9_11_2023.jpg\",\"width\":720,\"height\":405},{\"@type\":\"BreadcrumbList\",\"@id\":\"https:\/\/evertonfc.cz\/index.php\/2023\/11\/10\/conti-cup-manchester-united-w-everton-w-70\/#breadcrumb\",\"itemListElement\":[{\"@type\":\"ListItem\",\"position\":1,\"name\":\"Home\",\"item\":\"https:\/\/evertonfc.cz\/\"},{\"@type\":\"ListItem\",\"position\":2,\"name\":\"Conti Cup: Man United W &#8211; Everton W 7:0\"}]},{\"@type\":\"WebSite\",\"@id\":\"https:\/\/evertonfc.cz\/#website\",\"url\":\"https:\/\/evertonfc.cz\/\",\"name\":\"Official Czech &amp; Slovak Everton Supporters&#039; Club\",\"description\":\"\",\"publisher\":{\"@id\":\"https:\/\/evertonfc.cz\/#organization\"},\"potentialAction\":[{\"@type\":\"SearchAction\",\"target\":{\"@type\":\"EntryPoint\",\"urlTemplate\":\"https:\/\/evertonfc.cz\/?s={search_term_string}\"},\"query-input\":{\"@type\":\"PropertyValueSpecification\",\"valueRequired\":true,\"valueName\":\"search_term_string\"}}],\"inLanguage\":\"cs\"},{\"@type\":\"Organization\",\"@id\":\"https:\/\/evertonfc.cz\/#organization\",\"name\":\"Official Czech & Slovak Everton Supporters' Club\",\"url\":\"https:\/\/evertonfc.cz\/\",\"logo\":{\"@type\":\"ImageObject\",\"inLanguage\":\"cs\",\"@id\":\"https:\/\/evertonfc.cz\/#\/schema\/logo\/image\/\",\"url\":\"https:\/\/evertonfc.cz\/wp-content\/uploads\/2019\/05\/logo.png\",\"contentUrl\":\"https:\/\/evertonfc.cz\/wp-content\/uploads\/2019\/05\/logo.png\",\"width\":112,\"height\":112,\"caption\":\"Official Czech & Slovak Everton Supporters' Club\"},\"image\":{\"@id\":\"https:\/\/evertonfc.cz\/#\/schema\/logo\/image\/\"},\"sameAs\":[\"https:\/\/www.facebook.com\/everton.fans.cz.sk\"]},{\"@type\":\"Person\",\"@id\":\"https:\/\/evertonfc.cz\/#\/schema\/person\/e9a24a80a32efa1344dd2c4e5882185c\",\"name\":\"Karamela\",\"url\":\"https:\/\/evertonfc.cz\/index.php\/author\/karamela\/\"}]}<\/script>\n<!-- \/ Yoast SEO plugin. -->","yoast_head_json":{"title":"Conti Cup: Man United W - Everton W 7:0 - Official Czech &amp; Slovak Everton Supporters&#039; Club","robots":{"index":"index","follow":"follow","max-snippet":"max-snippet:-1","max-image-preview":"max-image-preview:large","max-video-preview":"max-video-preview:-1"},"canonical":"https:\/\/evertonfc.cz\/index.php\/2023\/11\/10\/conti-cup-manchester-united-w-everton-w-70\/","og_locale":"cs_CZ","og_type":"article","og_title":"Conti Cup: Man United W - Everton W 7:0 - Official Czech &amp; Slovak Everton Supporters&#039; Club","og_description":"Ano, slovy \"Sedm : nula\". Debakl na Leigh Sports Village n\u00e1s (po kolik\u00e1t\u00e9 u\u017e?) vr\u00e1til op\u011bt na zem. Tr\u00e1p\u00edc\u00ed se Everton nep\u0159edstavoval pro Manchester United v\u016fbec \u017e\u00e1dnou p\u0159ek\u00e1\u017eku v cest\u011b za v\u00edt\u011bzstv\u00edm.","og_url":"https:\/\/evertonfc.cz\/index.php\/2023\/11\/10\/conti-cup-manchester-united-w-everton-w-70\/","og_site_name":"Official Czech &amp; Slovak Everton Supporters&#039; Club","article_publisher":"https:\/\/www.facebook.com\/everton.fans.cz.sk","article_published_time":"2023-11-10T22:01:28+00:00","article_modified_time":"2023-11-11T14:30:38+00:00","og_image":[{"width":720,"height":405,"url":"https:\/\/evertonfc.cz\/wp-content\/uploads\/2023\/11\/Parris-vs-Everton-web-9_11_2023.jpg","type":"image\/jpeg"}],"author":"Karamela","twitter_card":"summary_large_image","twitter_misc":{"Napsal(a)":"Karamela","Odhadovan\u00e1 doba \u010dten\u00ed":"3 minuty"},"schema":{"@context":"https:\/\/schema.org","@graph":[{"@type":"Article","@id":"https:\/\/evertonfc.cz\/index.php\/2023\/11\/10\/conti-cup-manchester-united-w-everton-w-70\/#article","isPartOf":{"@id":"https:\/\/evertonfc.cz\/index.php\/2023\/11\/10\/conti-cup-manchester-united-w-everton-w-70\/"},"author":{"name":"Karamela","@id":"https:\/\/evertonfc.cz\/#\/schema\/person\/e9a24a80a32efa1344dd2c4e5882185c"},"headline":"Conti Cup: Man United W &#8211; Everton W 7:0","datePublished":"2023-11-10T22:01:28+00:00","dateModified":"2023-11-11T14:30:38+00:00","mainEntityOfPage":{"@id":"https:\/\/evertonfc.cz\/index.php\/2023\/11\/10\/conti-cup-manchester-united-w-everton-w-70\/"},"wordCount":599,"commentCount":1,"publisher":{"@id":"https:\/\/evertonfc.cz\/#organization"},"image":{"@id":"https:\/\/evertonfc.cz\/index.php\/2023\/11\/10\/conti-cup-manchester-united-w-everton-w-70\/#primaryimage"},"thumbnailUrl":"https:\/\/evertonfc.cz\/wp-content\/uploads\/2023\/11\/Parris-vs-Everton-web-9_11_2023.jpg","articleSection":["Everton Women"],"inLanguage":"cs","potentialAction":[{"@type":"CommentAction","name":"Comment","target":["https:\/\/evertonfc.cz\/index.php\/2023\/11\/10\/conti-cup-manchester-united-w-everton-w-70\/#respond"]}]},{"@type":"WebPage","@id":"https:\/\/evertonfc.cz\/index.php\/2023\/11\/10\/conti-cup-manchester-united-w-everton-w-70\/","url":"https:\/\/evertonfc.cz\/index.php\/2023\/11\/10\/conti-cup-manchester-united-w-everton-w-70\/","name":"Conti Cup: Man United W - Everton W 7:0 - Official Czech &amp; Slovak Everton Supporters&#039; Club","isPartOf":{"@id":"https:\/\/evertonfc.cz\/#website"},"primaryImageOfPage":{"@id":"https:\/\/evertonfc.cz\/index.php\/2023\/11\/10\/conti-cup-manchester-united-w-everton-w-70\/#primaryimage"},"image":{"@id":"https:\/\/evertonfc.cz\/index.php\/2023\/11\/10\/conti-cup-manchester-united-w-everton-w-70\/#primaryimage"},"thumbnailUrl":"https:\/\/evertonfc.cz\/wp-content\/uploads\/2023\/11\/Parris-vs-Everton-web-9_11_2023.jpg","datePublished":"2023-11-10T22:01:28+00:00","dateModified":"2023-11-11T14:30:38+00:00","breadcrumb":{"@id":"https:\/\/evertonfc.cz\/index.php\/2023\/11\/10\/conti-cup-manchester-united-w-everton-w-70\/#breadcrumb"},"inLanguage":"cs","potentialAction":[{"@type":"ReadAction","target":["https:\/\/evertonfc.cz\/index.php\/2023\/11\/10\/conti-cup-manchester-united-w-everton-w-70\/"]}]},{"@type":"ImageObject","inLanguage":"cs","@id":"https:\/\/evertonfc.cz\/index.php\/2023\/11\/10\/conti-cup-manchester-united-w-everton-w-70\/#primaryimage","url":"https:\/\/evertonfc.cz\/wp-content\/uploads\/2023\/11\/Parris-vs-Everton-web-9_11_2023.jpg","contentUrl":"https:\/\/evertonfc.cz\/wp-content\/uploads\/2023\/11\/Parris-vs-Everton-web-9_11_2023.jpg","width":720,"height":405},{"@type":"BreadcrumbList","@id":"https:\/\/evertonfc.cz\/index.php\/2023\/11\/10\/conti-cup-manchester-united-w-everton-w-70\/#breadcrumb","itemListElement":[{"@type":"ListItem","position":1,"name":"Home","item":"https:\/\/evertonfc.cz\/"},{"@type":"ListItem","position":2,"name":"Conti Cup: Man United W &#8211; Everton W 7:0"}]},{"@type":"WebSite","@id":"https:\/\/evertonfc.cz\/#website","url":"https:\/\/evertonfc.cz\/","name":"Official Czech &amp; Slovak Everton Supporters&#039; Club","description":"","publisher":{"@id":"https:\/\/evertonfc.cz\/#organization"},"potentialAction":[{"@type":"SearchAction","target":{"@type":"EntryPoint","urlTemplate":"https:\/\/evertonfc.cz\/?s={search_term_string}"},"query-input":{"@type":"PropertyValueSpecification","valueRequired":true,"valueName":"search_term_string"}}],"inLanguage":"cs"},{"@type":"Organization","@id":"https:\/\/evertonfc.cz\/#organization","name":"Official Czech & Slovak Everton Supporters' Club","url":"https:\/\/evertonfc.cz\/","logo":{"@type":"ImageObject","inLanguage":"cs","@id":"https:\/\/evertonfc.cz\/#\/schema\/logo\/image\/","url":"https:\/\/evertonfc.cz\/wp-content\/uploads\/2019\/05\/logo.png","contentUrl":"https:\/\/evertonfc.cz\/wp-content\/uploads\/2019\/05\/logo.png","width":112,"height":112,"caption":"Official Czech & Slovak Everton Supporters' Club"},"image":{"@id":"https:\/\/evertonfc.cz\/#\/schema\/logo\/image\/"},"sameAs":["https:\/\/www.facebook.com\/everton.fans.cz.sk"]},{"@type":"Person","@id":"https:\/\/evertonfc.cz\/#\/schema\/person\/e9a24a80a32efa1344dd2c4e5882185c","name":"Karamela","url":"https:\/\/evertonfc.cz\/index.php\/author\/karamela\/"}]}},"_links":{"self":[{"href":"https:\/\/evertonfc.cz\/index.php\/wp-json\/wp\/v2\/posts\/23235"}],"collection":[{"href":"https:\/\/evertonfc.cz\/index.php\/wp-json\/wp\/v2\/posts"}],"about":[{"href":"https:\/\/evertonfc.cz\/index.php\/wp-json\/wp\/v2\/types\/post"}],"author":[{"embeddable":true,"href":"https:\/\/evertonfc.cz\/index.php\/wp-json\/wp\/v2\/users\/26"}],"replies":[{"embeddable":true,"href":"https:\/\/evertonfc.cz\/index.php\/wp-json\/wp\/v2\/comments?post=23235"}],"version-history":[{"count":15,"href":"https:\/\/evertonfc.cz\/index.php\/wp-json\/wp\/v2\/posts\/23235\/revisions"}],"predecessor-version":[{"id":23257,"href":"https:\/\/evertonfc.cz\/index.php\/wp-json\/wp\/v2\/posts\/23235\/revisions\/23257"}],"wp:featuredmedia":[{"embeddable":true,"href":"https:\/\/evertonfc.cz\/index.php\/wp-json\/wp\/v2\/media\/23240"}],"wp:attachment":[{"href":"https:\/\/evertonfc.cz\/index.php\/wp-json\/wp\/v2\/media?parent=23235"}],"wp:term":[{"taxonomy":"category","embeddable":true,"href":"https:\/\/evertonfc.cz\/index.php\/wp-json\/wp\/v2\/categories?post=23235"},{"taxonomy":"post_tag","embeddable":true,"href":"https:\/\/evertonfc.cz\/index.php\/wp-json\/wp\/v2\/tags?post=23235"}],"curies":[{"name":"wp","href":"https:\/\/api.w.org\/{rel}","templated":true}]}}