{"id":2325,"date":"2017-11-23T20:05:59","date_gmt":"2017-11-23T19:05:59","guid":{"rendered":"http:\/\/evertonfc.cz\/?p=2325"},"modified":"2019-02-05T20:07:42","modified_gmt":"2019-02-05T19:07:42","slug":"el-preview-everton-atalanta-bergamo","status":"publish","type":"post","link":"https:\/\/evertonfc.cz\/index.php\/2017\/11\/23\/el-preview-everton-atalanta-bergamo\/","title":{"rendered":"EL Preview: Everton &#8211; Atalanta Bergamo"},"content":{"rendered":"\n<h4 class=\"wp-block-heading\">Dne\u0161n\u00ed dom\u00e1c\u00ed j\u00ed\u017e ze skupiny Evropsk\u00e9 ligy postoupit nem\u016f\u017eou.\u00a0 \u0160anci tedy z\u0159ejm\u011b dostanou m\u00e9n\u011b vyu\u017e\u00edvan\u00ed hr\u00e1\u010di jako Sandro a Klaassen. Jak\u00fd bude v\u00fdkon a v\u00fdsledek?<\/h4>\n\n\n\n<p>P\u0159es reprezenta\u010dn\u00ed p\u0159est\u00e1vku z\u016fstal mana\u017eerem David Unsworth. Ten pokra\u010doval rem\u00edzou na h\u0159i\u0161ti Crystal Palace. Co\u017e o to, bod zvenku se v\u017edy po\u010d\u00edt\u00e1, ale na h\u0159i\u0161ti posledn\u00edho celku tabulky by se m\u011blo vyhr\u00e1vat. Nyn\u00ed si tedy m\u016f\u017ee vylep\u0161it bilanci doma v evropsk\u00e9 sout\u011b\u017ei. Zvl\u00e1\u0161\u0165, kdy\u017e u\u017e nen\u00ed psychick\u00fd tlak na postup.<\/p>\n\n\n\n<p>Ten si naopak m\u016f\u017eou zajistit borci z Bergama. Rem\u00edza \u010di v\u00fdhra je pos\u00edl\u00e1 do jarn\u00ed \u010d\u00e1sti sout\u011b\u017ee. Ital\u016fm se v dom\u00e1c\u00ed lize neda\u0159\u00ed, jsou na 12. m\u00edst\u011b. Posledn\u00ed t\u0159i z\u00e1pasy bez v\u00fdhry, resp. pouze jeden bod za rem\u00edzu. V\u00fdhoda je, \u017ee na rozd\u00edl od Evertonu maj\u00ed pro z\u00e1pas \u00fapln\u00fd k\u00e1dr. Kdo v\u0161echno bude chyb\u011bt karamelk\u00e1m? Schneiderlin si odpyk\u00e1v\u00e1 trest za vylou\u010den\u00ed v Lyonu, Holgate m\u00e1 probl\u00e9m s t\u0159\u00edslem a nebude. Samoz\u0159ejm\u011b chyb\u00ed dlouhodob\u00ed marodi Barkley, Bolasie, Coleman, McCarthy a Mori. Stopersk\u00e1 dvojice tak z\u0159ejm\u011b nastoup\u00ed ve slo\u017een\u00ed Williams &#8211; Keane.<\/p>\n\n\n\n<p>Unsworth \u0159\u00edk\u00e1, \u017ee postav\u00ed silnou sestavu a \u017ee v\u00edt\u011bzstv\u00ed by bylo dobr\u00e9 pro psychiku. To m\u00e1 samoz\u0159ejm\u011b pravdu. Jsem mimo\u0159\u00e1dn\u011b zv\u011bdav\u00fd.<\/p>\n\n\n\n<p><strong>Co:<\/strong>&nbsp;Everton FC &#8211; Atalanta Bergamo, Evropsk\u00e1 liga, 5. kolo<br><strong>Kdy:<\/strong>&nbsp;23. 11. 2017 od 21:05 SE\u010c<br><strong>Kde:<\/strong>&nbsp;Goodison Park, Liverpool (kapacita: 40 221)<br><strong>Rozhod\u010d\u00ed:<\/strong>&nbsp;Jakob Kehlet (D\u00e1n.)<br><\/p>\n","protected":false},"excerpt":{"rendered":"<p>Dne\u0161n\u00ed dom\u00e1c\u00ed j\u00ed\u017e ze skupiny Evropsk\u00e9 ligy postoupit nem\u016f\u017eou.\u00a0 \u0160anci tedy z\u0159ejm\u011b dostanou m\u00e9n\u011b vyu\u017e\u00edvan\u00ed hr\u00e1\u010di jako Sandro a Klaassen.&hellip;<\/p>\n","protected":false},"author":12,"featured_media":1314,"comment_status":"open","ping_status":"closed","sticky":false,"template":"","format":"standard","meta":{"_eb_attr":"","_monsterinsights_skip_tracking":false,"_monsterinsights_sitenote_active":false,"_monsterinsights_sitenote_note":"","_monsterinsights_sitenote_category":0,"footnotes":""},"categories":[4],"tags":[],"yoast_head":"<!-- This site is optimized with the Yoast SEO plugin v23.4 - https:\/\/yoast.com\/wordpress\/plugins\/seo\/ -->\n<title>EL Preview: Everton - Atalanta Bergamo - Official Czech &amp; Slovak Everton Supporters&#039; Club<\/title>\n<meta name=\"robots\" content=\"index, follow, max-snippet:-1, max-image-preview:large, max-video-preview:-1\" \/>\n<link rel=\"canonical\" href=\"https:\/\/evertonfc.cz\/index.php\/2017\/11\/23\/el-preview-everton-atalanta-bergamo\/\" \/>\n<meta property=\"og:locale\" content=\"cs_CZ\" \/>\n<meta property=\"og:type\" content=\"article\" \/>\n<meta property=\"og:title\" content=\"EL Preview: Everton - Atalanta Bergamo - Official Czech &amp; Slovak Everton Supporters&#039; Club\" \/>\n<meta property=\"og:description\" content=\"Dne\u0161n\u00ed dom\u00e1c\u00ed j\u00ed\u017e ze skupiny Evropsk\u00e9 ligy postoupit nem\u016f\u017eou.\u00a0 \u0160anci tedy z\u0159ejm\u011b dostanou m\u00e9n\u011b vyu\u017e\u00edvan\u00ed hr\u00e1\u010di jako Sandro a Klaassen.&hellip;\" \/>\n<meta property=\"og:url\" content=\"https:\/\/evertonfc.cz\/index.php\/2017\/11\/23\/el-preview-everton-atalanta-bergamo\/\" \/>\n<meta property=\"og:site_name\" content=\"Official Czech &amp; Slovak Everton Supporters&#039; Club\" \/>\n<meta property=\"article:publisher\" content=\"https:\/\/www.facebook.com\/everton.fans.cz.sk\" \/>\n<meta property=\"article:published_time\" content=\"2017-11-23T19:05:59+00:00\" \/>\n<meta property=\"article:modified_time\" content=\"2019-02-05T19:07:42+00:00\" \/>\n<meta property=\"og:image\" content=\"https:\/\/evertonfc.cz\/wp-content\/uploads\/2019\/01\/preview.jpg\" \/>\n\t<meta property=\"og:image:width\" content=\"720\" \/>\n\t<meta property=\"og:image:height\" content=\"405\" \/>\n\t<meta property=\"og:image:type\" content=\"image\/jpeg\" \/>\n<meta name=\"author\" content=\"Javor\" \/>\n<meta name=\"twitter:card\" content=\"summary_large_image\" \/>\n<meta name=\"twitter:creator\" content=\"@LoudinJan\" \/>\n<meta name=\"twitter:label1\" content=\"Napsal(a)\" \/>\n\t<meta name=\"twitter:data1\" content=\"Javor\" \/>\n\t<meta name=\"twitter:label2\" content=\"Odhadovan\u00e1 doba \u010dten\u00ed\" \/>\n\t<meta name=\"twitter:data2\" content=\"1 minuta\" \/>\n<script type=\"application\/ld+json\" class=\"yoast-schema-graph\">{\"@context\":\"https:\/\/schema.org\",\"@graph\":[{\"@type\":\"Article\",\"@id\":\"https:\/\/evertonfc.cz\/index.php\/2017\/11\/23\/el-preview-everton-atalanta-bergamo\/#article\",\"isPartOf\":{\"@id\":\"https:\/\/evertonfc.cz\/index.php\/2017\/11\/23\/el-preview-everton-atalanta-bergamo\/\"},\"author\":{\"name\":\"Javor\",\"@id\":\"https:\/\/evertonfc.cz\/#\/schema\/person\/b30daf6a5852f4811f8207a17ec1bf78\"},\"headline\":\"EL Preview: Everton &#8211; Atalanta Bergamo\",\"datePublished\":\"2017-11-23T19:05:59+00:00\",\"dateModified\":\"2019-02-05T19:07:42+00:00\",\"mainEntityOfPage\":{\"@id\":\"https:\/\/evertonfc.cz\/index.php\/2017\/11\/23\/el-preview-everton-atalanta-bergamo\/\"},\"wordCount\":277,\"commentCount\":0,\"publisher\":{\"@id\":\"https:\/\/evertonfc.cz\/#organization\"},\"image\":{\"@id\":\"https:\/\/evertonfc.cz\/index.php\/2017\/11\/23\/el-preview-everton-atalanta-bergamo\/#primaryimage\"},\"thumbnailUrl\":\"https:\/\/evertonfc.cz\/wp-content\/uploads\/2019\/01\/preview.jpg\",\"articleSection\":[\"Z\u00e1pasy\"],\"inLanguage\":\"cs\",\"potentialAction\":[{\"@type\":\"CommentAction\",\"name\":\"Comment\",\"target\":[\"https:\/\/evertonfc.cz\/index.php\/2017\/11\/23\/el-preview-everton-atalanta-bergamo\/#respond\"]}]},{\"@type\":\"WebPage\",\"@id\":\"https:\/\/evertonfc.cz\/index.php\/2017\/11\/23\/el-preview-everton-atalanta-bergamo\/\",\"url\":\"https:\/\/evertonfc.cz\/index.php\/2017\/11\/23\/el-preview-everton-atalanta-bergamo\/\",\"name\":\"EL Preview: Everton - Atalanta Bergamo - Official Czech &amp; Slovak Everton Supporters&#039; Club\",\"isPartOf\":{\"@id\":\"https:\/\/evertonfc.cz\/#website\"},\"primaryImageOfPage\":{\"@id\":\"https:\/\/evertonfc.cz\/index.php\/2017\/11\/23\/el-preview-everton-atalanta-bergamo\/#primaryimage\"},\"image\":{\"@id\":\"https:\/\/evertonfc.cz\/index.php\/2017\/11\/23\/el-preview-everton-atalanta-bergamo\/#primaryimage\"},\"thumbnailUrl\":\"https:\/\/evertonfc.cz\/wp-content\/uploads\/2019\/01\/preview.jpg\",\"datePublished\":\"2017-11-23T19:05:59+00:00\",\"dateModified\":\"2019-02-05T19:07:42+00:00\",\"breadcrumb\":{\"@id\":\"https:\/\/evertonfc.cz\/index.php\/2017\/11\/23\/el-preview-everton-atalanta-bergamo\/#breadcrumb\"},\"inLanguage\":\"cs\",\"potentialAction\":[{\"@type\":\"ReadAction\",\"target\":[\"https:\/\/evertonfc.cz\/index.php\/2017\/11\/23\/el-preview-everton-atalanta-bergamo\/\"]}]},{\"@type\":\"ImageObject\",\"inLanguage\":\"cs\",\"@id\":\"https:\/\/evertonfc.cz\/index.php\/2017\/11\/23\/el-preview-everton-atalanta-bergamo\/#primaryimage\",\"url\":\"https:\/\/evertonfc.cz\/wp-content\/uploads\/2019\/01\/preview.jpg\",\"contentUrl\":\"https:\/\/evertonfc.cz\/wp-content\/uploads\/2019\/01\/preview.jpg\",\"width\":720,\"height\":405},{\"@type\":\"BreadcrumbList\",\"@id\":\"https:\/\/evertonfc.cz\/index.php\/2017\/11\/23\/el-preview-everton-atalanta-bergamo\/#breadcrumb\",\"itemListElement\":[{\"@type\":\"ListItem\",\"position\":1,\"name\":\"Home\",\"item\":\"https:\/\/evertonfc.cz\/\"},{\"@type\":\"ListItem\",\"position\":2,\"name\":\"EL Preview: Everton &#8211; Atalanta Bergamo\"}]},{\"@type\":\"WebSite\",\"@id\":\"https:\/\/evertonfc.cz\/#website\",\"url\":\"https:\/\/evertonfc.cz\/\",\"name\":\"Official Czech &amp; Slovak Everton Supporters&#039; Club\",\"description\":\"\",\"publisher\":{\"@id\":\"https:\/\/evertonfc.cz\/#organization\"},\"potentialAction\":[{\"@type\":\"SearchAction\",\"target\":{\"@type\":\"EntryPoint\",\"urlTemplate\":\"https:\/\/evertonfc.cz\/?s={search_term_string}\"},\"query-input\":{\"@type\":\"PropertyValueSpecification\",\"valueRequired\":true,\"valueName\":\"search_term_string\"}}],\"inLanguage\":\"cs\"},{\"@type\":\"Organization\",\"@id\":\"https:\/\/evertonfc.cz\/#organization\",\"name\":\"Official Czech & Slovak Everton Supporters' Club\",\"url\":\"https:\/\/evertonfc.cz\/\",\"logo\":{\"@type\":\"ImageObject\",\"inLanguage\":\"cs\",\"@id\":\"https:\/\/evertonfc.cz\/#\/schema\/logo\/image\/\",\"url\":\"https:\/\/evertonfc.cz\/wp-content\/uploads\/2019\/05\/logo.png\",\"contentUrl\":\"https:\/\/evertonfc.cz\/wp-content\/uploads\/2019\/05\/logo.png\",\"width\":112,\"height\":112,\"caption\":\"Official Czech & Slovak Everton Supporters' Club\"},\"image\":{\"@id\":\"https:\/\/evertonfc.cz\/#\/schema\/logo\/image\/\"},\"sameAs\":[\"https:\/\/www.facebook.com\/everton.fans.cz.sk\"]},{\"@type\":\"Person\",\"@id\":\"https:\/\/evertonfc.cz\/#\/schema\/person\/b30daf6a5852f4811f8207a17ec1bf78\",\"name\":\"Javor\",\"sameAs\":[\"https:\/\/x.com\/LoudinJan\"],\"url\":\"https:\/\/evertonfc.cz\/index.php\/author\/javor\/\"}]}<\/script>\n<!-- \/ Yoast SEO plugin. -->","yoast_head_json":{"title":"EL Preview: Everton - Atalanta Bergamo - Official Czech &amp; Slovak Everton Supporters&#039; Club","robots":{"index":"index","follow":"follow","max-snippet":"max-snippet:-1","max-image-preview":"max-image-preview:large","max-video-preview":"max-video-preview:-1"},"canonical":"https:\/\/evertonfc.cz\/index.php\/2017\/11\/23\/el-preview-everton-atalanta-bergamo\/","og_locale":"cs_CZ","og_type":"article","og_title":"EL Preview: Everton - Atalanta Bergamo - Official Czech &amp; Slovak Everton Supporters&#039; Club","og_description":"Dne\u0161n\u00ed dom\u00e1c\u00ed j\u00ed\u017e ze skupiny Evropsk\u00e9 ligy postoupit nem\u016f\u017eou.\u00a0 \u0160anci tedy z\u0159ejm\u011b dostanou m\u00e9n\u011b vyu\u017e\u00edvan\u00ed hr\u00e1\u010di jako Sandro a Klaassen.&hellip;","og_url":"https:\/\/evertonfc.cz\/index.php\/2017\/11\/23\/el-preview-everton-atalanta-bergamo\/","og_site_name":"Official Czech &amp; Slovak Everton Supporters&#039; Club","article_publisher":"https:\/\/www.facebook.com\/everton.fans.cz.sk","article_published_time":"2017-11-23T19:05:59+00:00","article_modified_time":"2019-02-05T19:07:42+00:00","og_image":[{"width":720,"height":405,"url":"https:\/\/evertonfc.cz\/wp-content\/uploads\/2019\/01\/preview.jpg","type":"image\/jpeg"}],"author":"Javor","twitter_card":"summary_large_image","twitter_creator":"@LoudinJan","twitter_misc":{"Napsal(a)":"Javor","Odhadovan\u00e1 doba \u010dten\u00ed":"1 minuta"},"schema":{"@context":"https:\/\/schema.org","@graph":[{"@type":"Article","@id":"https:\/\/evertonfc.cz\/index.php\/2017\/11\/23\/el-preview-everton-atalanta-bergamo\/#article","isPartOf":{"@id":"https:\/\/evertonfc.cz\/index.php\/2017\/11\/23\/el-preview-everton-atalanta-bergamo\/"},"author":{"name":"Javor","@id":"https:\/\/evertonfc.cz\/#\/schema\/person\/b30daf6a5852f4811f8207a17ec1bf78"},"headline":"EL Preview: Everton &#8211; Atalanta Bergamo","datePublished":"2017-11-23T19:05:59+00:00","dateModified":"2019-02-05T19:07:42+00:00","mainEntityOfPage":{"@id":"https:\/\/evertonfc.cz\/index.php\/2017\/11\/23\/el-preview-everton-atalanta-bergamo\/"},"wordCount":277,"commentCount":0,"publisher":{"@id":"https:\/\/evertonfc.cz\/#organization"},"image":{"@id":"https:\/\/evertonfc.cz\/index.php\/2017\/11\/23\/el-preview-everton-atalanta-bergamo\/#primaryimage"},"thumbnailUrl":"https:\/\/evertonfc.cz\/wp-content\/uploads\/2019\/01\/preview.jpg","articleSection":["Z\u00e1pasy"],"inLanguage":"cs","potentialAction":[{"@type":"CommentAction","name":"Comment","target":["https:\/\/evertonfc.cz\/index.php\/2017\/11\/23\/el-preview-everton-atalanta-bergamo\/#respond"]}]},{"@type":"WebPage","@id":"https:\/\/evertonfc.cz\/index.php\/2017\/11\/23\/el-preview-everton-atalanta-bergamo\/","url":"https:\/\/evertonfc.cz\/index.php\/2017\/11\/23\/el-preview-everton-atalanta-bergamo\/","name":"EL Preview: Everton - Atalanta Bergamo - Official Czech &amp; Slovak Everton Supporters&#039; Club","isPartOf":{"@id":"https:\/\/evertonfc.cz\/#website"},"primaryImageOfPage":{"@id":"https:\/\/evertonfc.cz\/index.php\/2017\/11\/23\/el-preview-everton-atalanta-bergamo\/#primaryimage"},"image":{"@id":"https:\/\/evertonfc.cz\/index.php\/2017\/11\/23\/el-preview-everton-atalanta-bergamo\/#primaryimage"},"thumbnailUrl":"https:\/\/evertonfc.cz\/wp-content\/uploads\/2019\/01\/preview.jpg","datePublished":"2017-11-23T19:05:59+00:00","dateModified":"2019-02-05T19:07:42+00:00","breadcrumb":{"@id":"https:\/\/evertonfc.cz\/index.php\/2017\/11\/23\/el-preview-everton-atalanta-bergamo\/#breadcrumb"},"inLanguage":"cs","potentialAction":[{"@type":"ReadAction","target":["https:\/\/evertonfc.cz\/index.php\/2017\/11\/23\/el-preview-everton-atalanta-bergamo\/"]}]},{"@type":"ImageObject","inLanguage":"cs","@id":"https:\/\/evertonfc.cz\/index.php\/2017\/11\/23\/el-preview-everton-atalanta-bergamo\/#primaryimage","url":"https:\/\/evertonfc.cz\/wp-content\/uploads\/2019\/01\/preview.jpg","contentUrl":"https:\/\/evertonfc.cz\/wp-content\/uploads\/2019\/01\/preview.jpg","width":720,"height":405},{"@type":"BreadcrumbList","@id":"https:\/\/evertonfc.cz\/index.php\/2017\/11\/23\/el-preview-everton-atalanta-bergamo\/#breadcrumb","itemListElement":[{"@type":"ListItem","position":1,"name":"Home","item":"https:\/\/evertonfc.cz\/"},{"@type":"ListItem","position":2,"name":"EL Preview: Everton &#8211; Atalanta Bergamo"}]},{"@type":"WebSite","@id":"https:\/\/evertonfc.cz\/#website","url":"https:\/\/evertonfc.cz\/","name":"Official Czech &amp; Slovak Everton Supporters&#039; Club","description":"","publisher":{"@id":"https:\/\/evertonfc.cz\/#organization"},"potentialAction":[{"@type":"SearchAction","target":{"@type":"EntryPoint","urlTemplate":"https:\/\/evertonfc.cz\/?s={search_term_string}"},"query-input":{"@type":"PropertyValueSpecification","valueRequired":true,"valueName":"search_term_string"}}],"inLanguage":"cs"},{"@type":"Organization","@id":"https:\/\/evertonfc.cz\/#organization","name":"Official Czech & Slovak Everton Supporters' Club","url":"https:\/\/evertonfc.cz\/","logo":{"@type":"ImageObject","inLanguage":"cs","@id":"https:\/\/evertonfc.cz\/#\/schema\/logo\/image\/","url":"https:\/\/evertonfc.cz\/wp-content\/uploads\/2019\/05\/logo.png","contentUrl":"https:\/\/evertonfc.cz\/wp-content\/uploads\/2019\/05\/logo.png","width":112,"height":112,"caption":"Official Czech & Slovak Everton Supporters' Club"},"image":{"@id":"https:\/\/evertonfc.cz\/#\/schema\/logo\/image\/"},"sameAs":["https:\/\/www.facebook.com\/everton.fans.cz.sk"]},{"@type":"Person","@id":"https:\/\/evertonfc.cz\/#\/schema\/person\/b30daf6a5852f4811f8207a17ec1bf78","name":"Javor","sameAs":["https:\/\/x.com\/LoudinJan"],"url":"https:\/\/evertonfc.cz\/index.php\/author\/javor\/"}]}},"_links":{"self":[{"href":"https:\/\/evertonfc.cz\/index.php\/wp-json\/wp\/v2\/posts\/2325"}],"collection":[{"href":"https:\/\/evertonfc.cz\/index.php\/wp-json\/wp\/v2\/posts"}],"about":[{"href":"https:\/\/evertonfc.cz\/index.php\/wp-json\/wp\/v2\/types\/post"}],"author":[{"embeddable":true,"href":"https:\/\/evertonfc.cz\/index.php\/wp-json\/wp\/v2\/users\/12"}],"replies":[{"embeddable":true,"href":"https:\/\/evertonfc.cz\/index.php\/wp-json\/wp\/v2\/comments?post=2325"}],"version-history":[{"count":1,"href":"https:\/\/evertonfc.cz\/index.php\/wp-json\/wp\/v2\/posts\/2325\/revisions"}],"predecessor-version":[{"id":2326,"href":"https:\/\/evertonfc.cz\/index.php\/wp-json\/wp\/v2\/posts\/2325\/revisions\/2326"}],"wp:featuredmedia":[{"embeddable":true,"href":"https:\/\/evertonfc.cz\/index.php\/wp-json\/wp\/v2\/media\/1314"}],"wp:attachment":[{"href":"https:\/\/evertonfc.cz\/index.php\/wp-json\/wp\/v2\/media?parent=2325"}],"wp:term":[{"taxonomy":"category","embeddable":true,"href":"https:\/\/evertonfc.cz\/index.php\/wp-json\/wp\/v2\/categories?post=2325"},{"taxonomy":"post_tag","embeddable":true,"href":"https:\/\/evertonfc.cz\/index.php\/wp-json\/wp\/v2\/tags?post=2325"}],"curies":[{"name":"wp","href":"https:\/\/api.w.org\/{rel}","templated":true}]}}