{"id":23264,"date":"2023-11-15T22:16:01","date_gmt":"2023-11-15T21:16:01","guid":{"rendered":"https:\/\/evertonfc.cz\/?p=23264"},"modified":"2023-11-16T21:18:35","modified_gmt":"2023-11-16T20:18:35","slug":"everton-w-chelsea-w-03-2","status":"publish","type":"post","link":"https:\/\/evertonfc.cz\/index.php\/2023\/11\/15\/everton-w-chelsea-w-03-2\/","title":{"rendered":"Everton W &#8211; Chelsea W 0:3"},"content":{"rendered":"<h4>Defenzivn\u00ed sestava a o parn\u00edk zlep\u0161en\u00fd v\u00fdkon oproti \u010dtvrte\u010dn\u00edmu hanebn\u00e9mu v\u00fdkonu na Chelsea nesta\u010dily. T\u0159i body za t\u0159i branky jdou do Lond\u00fdna.<\/h4>\n<p>Ale nebylo to \u00fapln\u011b \u0161patn\u00e9. Brian <span class=\"sp-c-lineup-pitch__player\" data-reactid=\".1mjlxbne0a6.0.0.0.1.$include-1.0.0.1:$panel-0.$0.0.0.0.2.0.0.1:$home-formation-row-4.$home-player-0\"><span class=\"sp-c-lineup-pitch__player__name gs-u-display-block@xs \" data-reactid=\".1mjlxbne0a6.0.0.0.1.$include-1.0.0.1:$panel-0.$0.0.0.0.2.0.0.1:$home-formation-row-4.$home-player-0.1\">S\u00f8rensen provedl oproti ned\u00e1vn\u00e9mu debaklu osm zm\u011bn. Do st\u0159edu obrany se vr\u00e1tila Finnigan, od za\u010d\u00e1tku nastoupily Payne a Piemonte. Ale st\u00e1le n\u00e1s tr\u00e1p\u00ed absence Bj\u00f6rn a Stenevik. Emma Hayes na lavi\u010dce Chelsea m\u011bla k dispozici v\u0161echny kl\u00ed\u010dov\u00e9 hr\u00e1\u010dky a m\u011bla tak\u00e9 jasn\u00e9 odhodl\u00e1n\u00ed z\u016fstat na \u010dele tabulky i po tomto z\u00e1pase. Jist\u011b by se r\u00e1da s t\u00edmto ro\u010dn\u00edkem WSL rozlou\u010dila op\u011bt ligov\u00fdm v\u00edt\u011bzstv\u00edm, ne\u017e se vzd\u00e1 lodivodsk\u00e9ho vesla lond\u00fdnsk\u00fdch Blues a p\u0159esune se za oce\u00e1n mana\u017eovat reprezentaci USA.<\/span><\/span><\/p>\n<h4><span class=\"sp-c-lineup-pitch__player\" data-reactid=\".1mjlxbne0a6.0.0.0.1.$include-1.0.0.1:$panel-0.$0.0.0.0.2.0.0.1:$home-formation-row-4.$home-player-0\"><span class=\"sp-c-lineup-pitch__player__name gs-u-display-block@xs \" data-reactid=\".1mjlxbne0a6.0.0.0.1.$include-1.0.0.1:$panel-0.$0.0.0.0.2.0.0.1:$home-formation-row-4.$home-player-0.1\">Prvn\u00ed polo\u010das<\/span><\/span><\/h4>\n<p><span class=\"sp-c-lineup-pitch__player\" data-reactid=\".1mjlxbne0a6.0.0.0.1.$include-1.0.0.1:$panel-0.$0.0.0.0.2.0.0.1:$home-formation-row-4.$home-player-0\"><span class=\"sp-c-lineup-pitch__player__name gs-u-display-block@xs \" data-reactid=\".1mjlxbne0a6.0.0.0.1.$include-1.0.0.1:$panel-0.$0.0.0.0.2.0.0.1:$home-formation-row-4.$home-player-0.1\">\u00a0za\u010dal pro na\u0161e barvy nad\u011bjn\u011b. Payne z\u00e1hy otestovala brank\u00e1\u0159ku host\u00ed slibnou st\u0159elou. Byla to ov\u0161em Chelsea, kdo se ve\u00a0 14. minut\u011b hry dostal do veden\u00ed. Konkr\u00e9tn\u011b po \u0161patn\u00e9m obran\u00e9m z\u00e1kroku Wheeler se ke st\u0159ele dostala Fleming a Brosnan se po jej\u00ed st\u0159ele natahovala marn\u011b &#8211; <strong>0:1<\/strong>. Chv\u00edli nato jsme m\u00e1lem vyrovnali. Vanhaervermaet zbl\u00edzka dor\u00e1\u017eela vyra\u017eenou st\u0159elu Holmgaard a m\u00ed\u010d se u\u017e t\u0159epetal v s\u00edti. Bohu\u017eel pomezn\u00ed signalizoval ofsajd. A p\u0159ed p\u0159est\u00e1vkou m\u011bla vyrovn\u00e1n\u00ed na kopa\u010dce Piemonte: Bright na hranici v\u00e1pna hrubou chybou minula p\u0159ihr\u00e1vku, Martina j\u00ed obrala o m\u00ed\u010d a zbl\u00edzka p\u00e1lila jen do Berger br\u00e1n\u00edc\u00ed svatyni Chelsea.<\/span><\/span><\/p>\n<h4>Druh\u00fd polo\u010das<\/h4>\n<p>u\u017e pro n\u00e1s mnoho nad\u011bje nevyk\u0159esal. Chelsea svoj\u00ed hru zp\u0159esnila a na\u0161e nad\u011bje na brejky vzaly obvykle rychle za sv\u00e9 nep\u0159esnou p\u0159ihr\u00e1vkou nebo ne\u00fasp\u011b\u0161n\u00fdm soubojem jedna na jednu. Vysloven\u011b g\u00f3lov\u00e9 \u0161ance na na\u0161\u00ed stran\u011b jsem oproti prvn\u00edmu polo\u010dasu nezaznamenal. Zato Chelsea pokra\u010dovala. Nejprve kr\u00e1tce po hodin\u011b hry n\u00e1m Kerr dala lekci z efektivty, kdy vcelku bez pot\u00ed\u017e\u00ed a st\u00edn\u011bn\u00e1 (ne\u00fa\u010dinn\u011b) obr\u00e1nkyn\u00ed skluzem zv\u00fd\u0161ila na <strong>0:2<\/strong>. A na konci hrac\u00ed doby se p\u011bkn\u00fdm g\u00f3lem, \u017eel na \u0161patnou stranu prezentovala Beever-Jones &#8211; <strong>0:3<\/strong>. \u010c\u00edm\u017e pro n\u00e1s utk\u00e1n\u00ed definitivn\u011b skon\u010dilo.<\/p>\n<h4>Shrnut\u00ed<\/h4>\n<p>Hr\u00e1li jsme l\u00e9pe ne\u017e v ligov\u00e9m poh\u00e1ru s United. Ale nesta\u010dilo to. Aspo\u0148 ne na vedouc\u00ed t\u00fdm tabulky. Z\u00e1sadn\u00ed rozd\u00edl mezi n\u00e1mi a top t\u00fdmy je v tom, \u017ee p\u011bt st\u0159el na branku za z\u00e1pas dok\u00e1\u017eeme zkonverovat na p\u011bt \u0161anc\u00ed, zat\u00edmco Chelsea na t\u0159i g\u00f3ly. St\u0159elkyn\u011b t\u0159et\u00edho g\u00f3lu Chelsea a na\u0161e lo\u0148sk\u00e1 hostuj\u00edc\u00ed posila Aggie Beever-Jones letos naskakovala z lavi\u010dky t\u0159ikr\u00e1t a celkem st\u0159elila tolik branek, jako cel\u00fd n\u00e1\u0161 t\u00fdm za dosavadn\u00ed sez\u00f3nu &#8211; tedy t\u0159i. Ani jedna z na\u0161ich t\u0159\u00ed branek nepadla p\u0159\u00edmo ze hry. A v t\u011bchto neut\u011b\u0161en\u00fdch\u00a0 statistik\u00e1ch bychom mohli d\u00e1le pokra\u010dovat. A proto\u017ee na\u0161e obrana nepat\u0159\u00ed pr\u00e1v\u011b mezi nepr\u016fst\u0159eln\u00e9, tak se prost\u011b mus\u00ed naj\u00edt n\u011bkdo, kdo bude schopen p\u00e1rkr\u00e1t za sez\u00f3nu \u0161ance, kter\u00e9 m\u00e1 aspo\u0148 ob\u010das prom\u011bnit (\u017ee, Martino!). Jinak je n\u00e1\u0161 osud ve WSL zpe\u010det\u011bn a ani ob\u011btav\u00e1 pr\u00e1ce v poli n\u00e1s nezachr\u00e1n\u00ed. Moment\u00e1ln\u011b jsme p\u0159edposledn\u00ed ze t\u0159emi body a n\u00e1skokem pr\u00e1v\u011b t\u0159\u00ed bod\u016f p\u0159ed posledn\u00ed Villou. P\u0159\u00ed\u0161t\u00ed zast\u00e1vka: ned\u011ble 19.11. doma Bristol. <strong><span style=\"color: #0000ff; --darkreader-inline-color: #3d3db6;\" data-darkreader-inline-color=\"\">COYB!\u00a0<\/span><\/strong><\/p>\n<p style=\"text-align: right;\"><span style=\"font-size: 8pt;\"><em>Fotografie: Heather Payne (zdroj: Getty Images via royalbluemersey.sbnation.com)<\/em><\/span><\/p>\n<p><strong>Branky: <\/strong>Fleming (14\u00b4), Kerr (62\u00b4), Beever-Jones (90\u00b4)\u00a0 <strong>\u017dK:<\/strong> N\u00fcsken, Fleming<\/p>\n<p><strong>Everton (3-4-2-1):\u00a0<\/strong>Brosnan; Holmgaard (Bennison 71\u00b4), Finnigan, Veje; Wheeler, Galli, Vanhaevermaet, Holmgaard (Bissell 53\u00b4); Pyane; <span class=\"sp-c-lineup-pitch__player\" data-reactid=\".1mjlxbne0a6.0.0.0.1.$include-1.0.0.1:$panel-0.$0.0.0.0.2.0.0.1:$home-formation-row-4.$home-player-0\"><span class=\"sp-c-lineup-pitch__player__name gs-u-display-block@xs \" data-reactid=\".1mjlxbne0a6.0.0.0.1.$include-1.0.0.1:$panel-0.$0.0.0.0.2.0.0.1:$home-formation-row-4.$home-player-0.1\">S\u00f8rensen (Olesen 86\u00b4)<\/span><\/span><span class=\"sp-c-lineup-pitch__player\" data-reactid=\".1mjlxbne0a6.0.0.0.1.$include-1.0.0.1:$panel-0.$0.0.0.0.2.0.0.1:$home-formation-row-4.$home-player-1\"><span class=\"sp-c-lineup-pitch__player__number\" data-reactid=\".1mjlxbne0a6.0.0.0.1.$include-1.0.0.1:$panel-0.$0.0.0.0.2.0.0.1:$home-formation-row-4.$home-player-1.0\">, <\/span><span class=\"sp-c-lineup-pitch__player__name gs-u-display-block@xs \" data-reactid=\".1mjlxbne0a6.0.0.0.1.$include-1.0.0.1:$panel-0.$0.0.0.0.2.0.0.1:$home-formation-row-4.$home-player-1.1\">Piemonte (Snoeijs 71\u00b4)<\/span><\/span><\/p>\n<p><strong>Chelsea (4-1-4-1): <\/strong>Berger; <span class=\"sp-c-lineup-pitch__player\" data-reactid=\".1mjlxbne0a6.0.0.0.1.$include-1.0.0.1:$panel-0.$0.0.0.1.2.0.0.1:$away-formation-row-1.$away-player-0\"><span class=\"sp-c-lineup-pitch__player__name gs-u-display-block@xs \" data-reactid=\".1mjlxbne0a6.0.0.0.1.$include-1.0.0.1:$panel-0.$0.0.0.1.2.0.0.1:$away-formation-row-1.$away-player-0.1\">P\u00e9risset, <\/span><\/span><span class=\"sp-c-lineup-pitch__player\" data-reactid=\".1mjlxbne0a6.0.0.0.1.$include-1.0.0.1:$panel-0.$0.0.0.1.2.0.0.1:$away-formation-row-1.$away-player-1\"><span class=\"sp-c-lineup-pitch__player__name gs-u-display-block@xs \" data-reactid=\".1mjlxbne0a6.0.0.0.1.$include-1.0.0.1:$panel-0.$0.0.0.1.2.0.0.1:$away-formation-row-1.$away-player-1.1\">Bright, <\/span><\/span><span class=\"sp-c-lineup-pitch__player\" data-reactid=\".1mjlxbne0a6.0.0.0.1.$include-1.0.0.1:$panel-0.$0.0.0.1.2.0.0.1:$away-formation-row-1.$away-player-2\"><span class=\"sp-c-lineup-pitch__player__name gs-u-display-block@xs \" data-reactid=\".1mjlxbne0a6.0.0.0.1.$include-1.0.0.1:$panel-0.$0.0.0.1.2.0.0.1:$away-formation-row-1.$away-player-2.1\">Carter, <\/span><\/span><span class=\"sp-c-lineup-pitch__player\" data-reactid=\".1mjlxbne0a6.0.0.0.1.$include-1.0.0.1:$panel-0.$0.0.0.1.2.0.0.1:$away-formation-row-1.$away-player-3\"><span class=\"sp-c-lineup-pitch__player__name gs-u-display-block@xs \" data-reactid=\".1mjlxbne0a6.0.0.0.1.$include-1.0.0.1:$panel-0.$0.0.0.1.2.0.0.1:$away-formation-row-1.$away-player-3.1\">Charles; Cuthbert; Rytting Kaneryd (Beever-Jones 83\u00b4), N\u00fcsken (Kirby 63\u00b4), Cankovic (Ingle 63\u00b4), Fleming (James 63\u00b4); Kerr (Fishel 77\u00b4)<\/span><\/span><\/p>\n<p><strong>Rozhod\u010d\u00ed:<\/strong> Lauren Impey\u00a0 <strong>Div\u00e1ci:<\/strong> 1 737<\/p>\n<p><iframe loading=\"lazy\" title=\"Chelsea vs Everton | Highlights | FA Women&#039;s Super League 12-11-2023\" width=\"1140\" height=\"641\" src=\"https:\/\/www.youtube.com\/embed\/a5vPmsK6gdk?feature=oembed\" frameborder=\"0\" allow=\"accelerometer; autoplay; clipboard-write; encrypted-media; gyroscope; picture-in-picture; web-share\" allowfullscreen><\/iframe><\/p>\n","protected":false},"excerpt":{"rendered":"<p>Defenzivn\u00ed sestava a o parn\u00edk zlep\u0161en\u00fd v\u00fdkon oproti \u010dtvrte\u010dn\u00edmu hanebn\u00e9mu v\u00fdkonu na Chelsea nesta\u010dily. T\u0159i body za t\u0159i branky jdou do Lond\u00fdna.<\/p>\n","protected":false},"author":26,"featured_media":23297,"comment_status":"open","ping_status":"closed","sticky":false,"template":"","format":"standard","meta":{"_eb_attr":"","_monsterinsights_skip_tracking":false,"_monsterinsights_sitenote_active":false,"_monsterinsights_sitenote_note":"","_monsterinsights_sitenote_category":0,"footnotes":""},"categories":[110],"tags":[],"yoast_head":"<!-- This site is optimized with the Yoast SEO plugin v23.4 - https:\/\/yoast.com\/wordpress\/plugins\/seo\/ -->\n<title>Everton W - Chelsea W 0:3 - Official Czech &amp; Slovak Everton Supporters&#039; Club<\/title>\n<meta name=\"robots\" content=\"index, follow, max-snippet:-1, max-image-preview:large, max-video-preview:-1\" \/>\n<link rel=\"canonical\" href=\"https:\/\/evertonfc.cz\/index.php\/2023\/11\/15\/everton-w-chelsea-w-03-2\/\" \/>\n<meta property=\"og:locale\" content=\"cs_CZ\" \/>\n<meta property=\"og:type\" content=\"article\" \/>\n<meta property=\"og:title\" content=\"Everton W - Chelsea W 0:3 - Official Czech &amp; Slovak Everton Supporters&#039; Club\" \/>\n<meta property=\"og:description\" content=\"Defenzivn\u00ed sestava a o parn\u00edk zlep\u0161en\u00fd v\u00fdkon oproti \u010dtvrte\u010dn\u00edmu hanebn\u00e9mu v\u00fdkonu na Chelsea nesta\u010dily. T\u0159i body za t\u0159i branky jdou do Lond\u00fdna.\" \/>\n<meta property=\"og:url\" content=\"https:\/\/evertonfc.cz\/index.php\/2023\/11\/15\/everton-w-chelsea-w-03-2\/\" \/>\n<meta property=\"og:site_name\" content=\"Official Czech &amp; Slovak Everton Supporters&#039; Club\" \/>\n<meta property=\"article:publisher\" content=\"https:\/\/www.facebook.com\/everton.fans.cz.sk\" \/>\n<meta property=\"article:published_time\" content=\"2023-11-15T21:16:01+00:00\" \/>\n<meta property=\"article:modified_time\" content=\"2023-11-16T20:18:35+00:00\" \/>\n<meta property=\"og:image\" content=\"https:\/\/evertonfc.cz\/wp-content\/uploads\/2023\/11\/Everton-Women-0-3-CChelsea-by-Getty-Images-12-11-2023.jpg\" \/>\n\t<meta property=\"og:image:width\" content=\"720\" \/>\n\t<meta property=\"og:image:height\" content=\"405\" \/>\n\t<meta property=\"og:image:type\" content=\"image\/jpeg\" \/>\n<meta name=\"author\" content=\"Karamela\" \/>\n<meta name=\"twitter:card\" content=\"summary_large_image\" \/>\n<meta name=\"twitter:label1\" content=\"Napsal(a)\" \/>\n\t<meta name=\"twitter:data1\" content=\"Karamela\" \/>\n\t<meta name=\"twitter:label2\" content=\"Odhadovan\u00e1 doba \u010dten\u00ed\" \/>\n\t<meta name=\"twitter:data2\" content=\"3 minuty\" \/>\n<script type=\"application\/ld+json\" class=\"yoast-schema-graph\">{\"@context\":\"https:\/\/schema.org\",\"@graph\":[{\"@type\":\"Article\",\"@id\":\"https:\/\/evertonfc.cz\/index.php\/2023\/11\/15\/everton-w-chelsea-w-03-2\/#article\",\"isPartOf\":{\"@id\":\"https:\/\/evertonfc.cz\/index.php\/2023\/11\/15\/everton-w-chelsea-w-03-2\/\"},\"author\":{\"name\":\"Karamela\",\"@id\":\"https:\/\/evertonfc.cz\/#\/schema\/person\/e9a24a80a32efa1344dd2c4e5882185c\"},\"headline\":\"Everton W &#8211; Chelsea W 0:3\",\"datePublished\":\"2023-11-15T21:16:01+00:00\",\"dateModified\":\"2023-11-16T20:18:35+00:00\",\"mainEntityOfPage\":{\"@id\":\"https:\/\/evertonfc.cz\/index.php\/2023\/11\/15\/everton-w-chelsea-w-03-2\/\"},\"wordCount\":710,\"commentCount\":2,\"publisher\":{\"@id\":\"https:\/\/evertonfc.cz\/#organization\"},\"image\":{\"@id\":\"https:\/\/evertonfc.cz\/index.php\/2023\/11\/15\/everton-w-chelsea-w-03-2\/#primaryimage\"},\"thumbnailUrl\":\"https:\/\/evertonfc.cz\/wp-content\/uploads\/2023\/11\/Everton-Women-0-3-CChelsea-by-Getty-Images-12-11-2023.jpg\",\"articleSection\":[\"Everton Women\"],\"inLanguage\":\"cs\",\"potentialAction\":[{\"@type\":\"CommentAction\",\"name\":\"Comment\",\"target\":[\"https:\/\/evertonfc.cz\/index.php\/2023\/11\/15\/everton-w-chelsea-w-03-2\/#respond\"]}]},{\"@type\":\"WebPage\",\"@id\":\"https:\/\/evertonfc.cz\/index.php\/2023\/11\/15\/everton-w-chelsea-w-03-2\/\",\"url\":\"https:\/\/evertonfc.cz\/index.php\/2023\/11\/15\/everton-w-chelsea-w-03-2\/\",\"name\":\"Everton W - Chelsea W 0:3 - Official Czech &amp; Slovak Everton Supporters&#039; Club\",\"isPartOf\":{\"@id\":\"https:\/\/evertonfc.cz\/#website\"},\"primaryImageOfPage\":{\"@id\":\"https:\/\/evertonfc.cz\/index.php\/2023\/11\/15\/everton-w-chelsea-w-03-2\/#primaryimage\"},\"image\":{\"@id\":\"https:\/\/evertonfc.cz\/index.php\/2023\/11\/15\/everton-w-chelsea-w-03-2\/#primaryimage\"},\"thumbnailUrl\":\"https:\/\/evertonfc.cz\/wp-content\/uploads\/2023\/11\/Everton-Women-0-3-CChelsea-by-Getty-Images-12-11-2023.jpg\",\"datePublished\":\"2023-11-15T21:16:01+00:00\",\"dateModified\":\"2023-11-16T20:18:35+00:00\",\"breadcrumb\":{\"@id\":\"https:\/\/evertonfc.cz\/index.php\/2023\/11\/15\/everton-w-chelsea-w-03-2\/#breadcrumb\"},\"inLanguage\":\"cs\",\"potentialAction\":[{\"@type\":\"ReadAction\",\"target\":[\"https:\/\/evertonfc.cz\/index.php\/2023\/11\/15\/everton-w-chelsea-w-03-2\/\"]}]},{\"@type\":\"ImageObject\",\"inLanguage\":\"cs\",\"@id\":\"https:\/\/evertonfc.cz\/index.php\/2023\/11\/15\/everton-w-chelsea-w-03-2\/#primaryimage\",\"url\":\"https:\/\/evertonfc.cz\/wp-content\/uploads\/2023\/11\/Everton-Women-0-3-CChelsea-by-Getty-Images-12-11-2023.jpg\",\"contentUrl\":\"https:\/\/evertonfc.cz\/wp-content\/uploads\/2023\/11\/Everton-Women-0-3-CChelsea-by-Getty-Images-12-11-2023.jpg\",\"width\":720,\"height\":405},{\"@type\":\"BreadcrumbList\",\"@id\":\"https:\/\/evertonfc.cz\/index.php\/2023\/11\/15\/everton-w-chelsea-w-03-2\/#breadcrumb\",\"itemListElement\":[{\"@type\":\"ListItem\",\"position\":1,\"name\":\"Home\",\"item\":\"https:\/\/evertonfc.cz\/\"},{\"@type\":\"ListItem\",\"position\":2,\"name\":\"Everton W &#8211; Chelsea W 0:3\"}]},{\"@type\":\"WebSite\",\"@id\":\"https:\/\/evertonfc.cz\/#website\",\"url\":\"https:\/\/evertonfc.cz\/\",\"name\":\"Official Czech &amp; Slovak Everton Supporters&#039; Club\",\"description\":\"\",\"publisher\":{\"@id\":\"https:\/\/evertonfc.cz\/#organization\"},\"potentialAction\":[{\"@type\":\"SearchAction\",\"target\":{\"@type\":\"EntryPoint\",\"urlTemplate\":\"https:\/\/evertonfc.cz\/?s={search_term_string}\"},\"query-input\":{\"@type\":\"PropertyValueSpecification\",\"valueRequired\":true,\"valueName\":\"search_term_string\"}}],\"inLanguage\":\"cs\"},{\"@type\":\"Organization\",\"@id\":\"https:\/\/evertonfc.cz\/#organization\",\"name\":\"Official Czech & Slovak Everton Supporters' Club\",\"url\":\"https:\/\/evertonfc.cz\/\",\"logo\":{\"@type\":\"ImageObject\",\"inLanguage\":\"cs\",\"@id\":\"https:\/\/evertonfc.cz\/#\/schema\/logo\/image\/\",\"url\":\"https:\/\/evertonfc.cz\/wp-content\/uploads\/2019\/05\/logo.png\",\"contentUrl\":\"https:\/\/evertonfc.cz\/wp-content\/uploads\/2019\/05\/logo.png\",\"width\":112,\"height\":112,\"caption\":\"Official Czech & Slovak Everton Supporters' Club\"},\"image\":{\"@id\":\"https:\/\/evertonfc.cz\/#\/schema\/logo\/image\/\"},\"sameAs\":[\"https:\/\/www.facebook.com\/everton.fans.cz.sk\"]},{\"@type\":\"Person\",\"@id\":\"https:\/\/evertonfc.cz\/#\/schema\/person\/e9a24a80a32efa1344dd2c4e5882185c\",\"name\":\"Karamela\",\"url\":\"https:\/\/evertonfc.cz\/index.php\/author\/karamela\/\"}]}<\/script>\n<!-- \/ Yoast SEO plugin. -->","yoast_head_json":{"title":"Everton W - Chelsea W 0:3 - Official Czech &amp; Slovak Everton Supporters&#039; Club","robots":{"index":"index","follow":"follow","max-snippet":"max-snippet:-1","max-image-preview":"max-image-preview:large","max-video-preview":"max-video-preview:-1"},"canonical":"https:\/\/evertonfc.cz\/index.php\/2023\/11\/15\/everton-w-chelsea-w-03-2\/","og_locale":"cs_CZ","og_type":"article","og_title":"Everton W - Chelsea W 0:3 - Official Czech &amp; Slovak Everton Supporters&#039; Club","og_description":"Defenzivn\u00ed sestava a o parn\u00edk zlep\u0161en\u00fd v\u00fdkon oproti \u010dtvrte\u010dn\u00edmu hanebn\u00e9mu v\u00fdkonu na Chelsea nesta\u010dily. T\u0159i body za t\u0159i branky jdou do Lond\u00fdna.","og_url":"https:\/\/evertonfc.cz\/index.php\/2023\/11\/15\/everton-w-chelsea-w-03-2\/","og_site_name":"Official Czech &amp; Slovak Everton Supporters&#039; Club","article_publisher":"https:\/\/www.facebook.com\/everton.fans.cz.sk","article_published_time":"2023-11-15T21:16:01+00:00","article_modified_time":"2023-11-16T20:18:35+00:00","og_image":[{"width":720,"height":405,"url":"https:\/\/evertonfc.cz\/wp-content\/uploads\/2023\/11\/Everton-Women-0-3-CChelsea-by-Getty-Images-12-11-2023.jpg","type":"image\/jpeg"}],"author":"Karamela","twitter_card":"summary_large_image","twitter_misc":{"Napsal(a)":"Karamela","Odhadovan\u00e1 doba \u010dten\u00ed":"3 minuty"},"schema":{"@context":"https:\/\/schema.org","@graph":[{"@type":"Article","@id":"https:\/\/evertonfc.cz\/index.php\/2023\/11\/15\/everton-w-chelsea-w-03-2\/#article","isPartOf":{"@id":"https:\/\/evertonfc.cz\/index.php\/2023\/11\/15\/everton-w-chelsea-w-03-2\/"},"author":{"name":"Karamela","@id":"https:\/\/evertonfc.cz\/#\/schema\/person\/e9a24a80a32efa1344dd2c4e5882185c"},"headline":"Everton W &#8211; Chelsea W 0:3","datePublished":"2023-11-15T21:16:01+00:00","dateModified":"2023-11-16T20:18:35+00:00","mainEntityOfPage":{"@id":"https:\/\/evertonfc.cz\/index.php\/2023\/11\/15\/everton-w-chelsea-w-03-2\/"},"wordCount":710,"commentCount":2,"publisher":{"@id":"https:\/\/evertonfc.cz\/#organization"},"image":{"@id":"https:\/\/evertonfc.cz\/index.php\/2023\/11\/15\/everton-w-chelsea-w-03-2\/#primaryimage"},"thumbnailUrl":"https:\/\/evertonfc.cz\/wp-content\/uploads\/2023\/11\/Everton-Women-0-3-CChelsea-by-Getty-Images-12-11-2023.jpg","articleSection":["Everton Women"],"inLanguage":"cs","potentialAction":[{"@type":"CommentAction","name":"Comment","target":["https:\/\/evertonfc.cz\/index.php\/2023\/11\/15\/everton-w-chelsea-w-03-2\/#respond"]}]},{"@type":"WebPage","@id":"https:\/\/evertonfc.cz\/index.php\/2023\/11\/15\/everton-w-chelsea-w-03-2\/","url":"https:\/\/evertonfc.cz\/index.php\/2023\/11\/15\/everton-w-chelsea-w-03-2\/","name":"Everton W - Chelsea W 0:3 - Official Czech &amp; Slovak Everton Supporters&#039; Club","isPartOf":{"@id":"https:\/\/evertonfc.cz\/#website"},"primaryImageOfPage":{"@id":"https:\/\/evertonfc.cz\/index.php\/2023\/11\/15\/everton-w-chelsea-w-03-2\/#primaryimage"},"image":{"@id":"https:\/\/evertonfc.cz\/index.php\/2023\/11\/15\/everton-w-chelsea-w-03-2\/#primaryimage"},"thumbnailUrl":"https:\/\/evertonfc.cz\/wp-content\/uploads\/2023\/11\/Everton-Women-0-3-CChelsea-by-Getty-Images-12-11-2023.jpg","datePublished":"2023-11-15T21:16:01+00:00","dateModified":"2023-11-16T20:18:35+00:00","breadcrumb":{"@id":"https:\/\/evertonfc.cz\/index.php\/2023\/11\/15\/everton-w-chelsea-w-03-2\/#breadcrumb"},"inLanguage":"cs","potentialAction":[{"@type":"ReadAction","target":["https:\/\/evertonfc.cz\/index.php\/2023\/11\/15\/everton-w-chelsea-w-03-2\/"]}]},{"@type":"ImageObject","inLanguage":"cs","@id":"https:\/\/evertonfc.cz\/index.php\/2023\/11\/15\/everton-w-chelsea-w-03-2\/#primaryimage","url":"https:\/\/evertonfc.cz\/wp-content\/uploads\/2023\/11\/Everton-Women-0-3-CChelsea-by-Getty-Images-12-11-2023.jpg","contentUrl":"https:\/\/evertonfc.cz\/wp-content\/uploads\/2023\/11\/Everton-Women-0-3-CChelsea-by-Getty-Images-12-11-2023.jpg","width":720,"height":405},{"@type":"BreadcrumbList","@id":"https:\/\/evertonfc.cz\/index.php\/2023\/11\/15\/everton-w-chelsea-w-03-2\/#breadcrumb","itemListElement":[{"@type":"ListItem","position":1,"name":"Home","item":"https:\/\/evertonfc.cz\/"},{"@type":"ListItem","position":2,"name":"Everton W &#8211; Chelsea W 0:3"}]},{"@type":"WebSite","@id":"https:\/\/evertonfc.cz\/#website","url":"https:\/\/evertonfc.cz\/","name":"Official Czech &amp; Slovak Everton Supporters&#039; Club","description":"","publisher":{"@id":"https:\/\/evertonfc.cz\/#organization"},"potentialAction":[{"@type":"SearchAction","target":{"@type":"EntryPoint","urlTemplate":"https:\/\/evertonfc.cz\/?s={search_term_string}"},"query-input":{"@type":"PropertyValueSpecification","valueRequired":true,"valueName":"search_term_string"}}],"inLanguage":"cs"},{"@type":"Organization","@id":"https:\/\/evertonfc.cz\/#organization","name":"Official Czech & Slovak Everton Supporters' Club","url":"https:\/\/evertonfc.cz\/","logo":{"@type":"ImageObject","inLanguage":"cs","@id":"https:\/\/evertonfc.cz\/#\/schema\/logo\/image\/","url":"https:\/\/evertonfc.cz\/wp-content\/uploads\/2019\/05\/logo.png","contentUrl":"https:\/\/evertonfc.cz\/wp-content\/uploads\/2019\/05\/logo.png","width":112,"height":112,"caption":"Official Czech & Slovak Everton Supporters' Club"},"image":{"@id":"https:\/\/evertonfc.cz\/#\/schema\/logo\/image\/"},"sameAs":["https:\/\/www.facebook.com\/everton.fans.cz.sk"]},{"@type":"Person","@id":"https:\/\/evertonfc.cz\/#\/schema\/person\/e9a24a80a32efa1344dd2c4e5882185c","name":"Karamela","url":"https:\/\/evertonfc.cz\/index.php\/author\/karamela\/"}]}},"_links":{"self":[{"href":"https:\/\/evertonfc.cz\/index.php\/wp-json\/wp\/v2\/posts\/23264"}],"collection":[{"href":"https:\/\/evertonfc.cz\/index.php\/wp-json\/wp\/v2\/posts"}],"about":[{"href":"https:\/\/evertonfc.cz\/index.php\/wp-json\/wp\/v2\/types\/post"}],"author":[{"embeddable":true,"href":"https:\/\/evertonfc.cz\/index.php\/wp-json\/wp\/v2\/users\/26"}],"replies":[{"embeddable":true,"href":"https:\/\/evertonfc.cz\/index.php\/wp-json\/wp\/v2\/comments?post=23264"}],"version-history":[{"count":13,"href":"https:\/\/evertonfc.cz\/index.php\/wp-json\/wp\/v2\/posts\/23264\/revisions"}],"predecessor-version":[{"id":23300,"href":"https:\/\/evertonfc.cz\/index.php\/wp-json\/wp\/v2\/posts\/23264\/revisions\/23300"}],"wp:featuredmedia":[{"embeddable":true,"href":"https:\/\/evertonfc.cz\/index.php\/wp-json\/wp\/v2\/media\/23297"}],"wp:attachment":[{"href":"https:\/\/evertonfc.cz\/index.php\/wp-json\/wp\/v2\/media?parent=23264"}],"wp:term":[{"taxonomy":"category","embeddable":true,"href":"https:\/\/evertonfc.cz\/index.php\/wp-json\/wp\/v2\/categories?post=23264"},{"taxonomy":"post_tag","embeddable":true,"href":"https:\/\/evertonfc.cz\/index.php\/wp-json\/wp\/v2\/tags?post=23264"}],"curies":[{"name":"wp","href":"https:\/\/api.w.org\/{rel}","templated":true}]}}