{"id":23316,"date":"2023-11-20T17:17:06","date_gmt":"2023-11-20T16:17:06","guid":{"rendered":"https:\/\/evertonfc.cz\/?p=23316"},"modified":"2023-11-27T22:14:45","modified_gmt":"2023-11-27T21:14:45","slug":"nicoline-sorensen-konci-s-fotbalem","status":"publish","type":"post","link":"https:\/\/evertonfc.cz\/index.php\/2023\/11\/20\/nicoline-sorensen-konci-s-fotbalem\/","title":{"rendered":"Nicoline S\u00f8rensen kon\u010d\u00ed s fotbalem"},"content":{"rendered":"<h4>Nicoline S\u00f8rensen ozn\u00e1mila, \u017ee s koncem roku 2023 kon\u010d\u00ed s profesion\u00e1ln\u00edm fotbalem.<\/h4>\n<p>V dopise fanou\u0161k\u016fm vysv\u011btluje sv\u00e9 rozhodnut\u00ed ztr\u00e1tou motivace pokra\u010dovat v \u010dinnosti, kter\u00e9 se v\u011bnuje u\u017e od sv\u00fdch 5 let\u00a0 a chut\u00ed pustit se do nov\u00e9 \u017eivotn\u00ed kapitoly.<\/p>\n<p>Do Evertonu p\u0159i\u0161la Nicoline v l\u00e9t\u011b 2020 a stala se rychle pevnou sou\u010d\u00e1st\u00ed t\u00fdmu, o \u010dem\u017e sv\u011bd\u010d\u00ed i fakt, \u017ee nechyb\u011bla v \u017e\u00e1dn\u00e9m ze z\u00e1pas\u016f sez\u00f3ny 2020\/2021. Dob\u0159e rozjetou evertonskou kari\u00e9ru ale zhatilo p\u0159etr\u017een\u00ed p\u0159edn\u00edho zk\u0159\u00ed\u017een\u00e9ho vazu v z\u00e1\u0159\u00ed 2021. Po ro\u010dn\u00ed absenci se Nico vr\u00e1tila na podzim 2022 a postupn\u011b se dostala do sv\u00e9 n\u011bkdej\u0161\u00ed formy. V druh\u00e9 polovin\u011b kampan\u011b sv\u00fdmi v\u00fdkony v\u00fdrazn\u011b pomohla ke kone\u010dn\u00e9mu um\u00edst\u011bn\u00ed Evertonu na 6. p\u0159\u00ed\u010dce.<\/p>\n<p>Nicm\u00e9n\u011b jej\u00ed nejv\u011bt\u0161\u00ed \u00fasp\u011bchy nejsou spojen\u00e9 s Evertonem, ale s jej\u00edm p\u0159edchoz\u00edm p\u016fsoben\u00edm v d\u00e1nsk\u00e9m Br\u00f8ndby, jeho\u017e dres obl\u00e9kala mezi roky 2015-2017 a 2018-2020. S Br\u00f8ndby z\u00edskala titul mistry\u0148 D\u00e1nska v letech 2017 a 2019, a tak\u00e9 d\u00e1nsk\u00fd ligov\u00fd poh\u00e1r v letech 2017 a 2018. Na pozici k\u0159\u00eddla nebo hrotu se j\u00ed poda\u0159ilo 48 kr\u00e1t sk\u00f3rovat a do Evertonu v roce 2020 tak nastupovala jako st\u0159eleck\u00e1 n\u00e1hrada za tehdy odejdiv\u0161\u00ed Kelly. Tyto nad\u011bje se zcela nevyplnily, po dobu sv\u00e9ho evertonsk\u00e9ho p\u016fsoben\u00ed si S\u00f8rensen p\u0159ipsala 4 branky a 7 asistenc\u00ed.\u00a0 Ov\u0161em jej\u00ed s\u00edla, rychlost i schopnost podr\u017eet a vyv\u00e9zt m\u00ed\u010d a t\u00edm p\u0159isp\u011bt k ofenzivn\u00edmu \u010din\u011bn\u00ed byla v relac\u00edch na\u0161eho t\u00fdmu v\u00fdrazn\u011b nadpr\u016fm\u011brn\u00e1 a d\u016fle\u017eit\u00e1.<\/p>\n<p>Nesm\u00edme tak\u00e9 zapomenout zm\u00ednit i reprezenta\u010dn\u00ed kari\u00e9ru Nicoline. Za seniorskou reprezentaci nastupovala od roku 2016 a zahr\u00e1la si na na posledn\u00edm sv\u011btov\u00e9m mistrovstv\u00ed v l\u00e9t\u011b 2023 v Austr\u00e1lii a na Nov\u00e9m Z\u00e9landu. V \u010dervenob\u00edlem d\u00e1nsk\u00e9m dresu tak zas\u00e1hla do 39 z\u00e1pas\u016f a zaknihovala 8 branek.<\/p>\n<p>Posledn\u00edm z\u00e1pasem kari\u00e9ry pro S\u00f8rensen bude pravd\u011bpodobn\u011b utk\u00e1n\u00ed s Citizens 17.12. 2023. P\u0159ipojujeme se k pod\u011bkov\u00e1n\u00ed Klubu za poskytnut\u00e9 slu\u017eby i k p\u0159\u00e1n\u00ed hodn\u011b \u0161t\u011bst\u00ed v dal\u0161\u00edm kon\u00e1n\u00ed, a\u0165 u\u017e bude jak\u00e9koliv. Bude\u0161 n\u00e1m chyb\u011bt, Nico. <strong><span style=\"color: #0000ff; --darkreader-inline-color: #3d3db6;\" data-darkreader-inline-color=\"\">Tak!<\/span><\/strong><\/p>\n<p style=\"text-align: right;\"><em><span style=\"font-size: 10pt;\">Zdroj fotografie:\u00a0 Twitter<\/span><\/em> <em><span class=\"css-901oao css-16my406 r-poiln3 r-bcqeeo r-qvutc0\" style=\"font-size: 10pt;\">@EvertonWomen<\/span><\/em><\/p>\n","protected":false},"excerpt":{"rendered":"<p>Nicoline S\u00f8rensen ozn\u00e1mila, \u017ee s koncem roku 2023 kon\u010d\u00ed s profesion\u00e1ln\u00edm fotbalem.<\/p>\n","protected":false},"author":26,"featured_media":23319,"comment_status":"open","ping_status":"closed","sticky":false,"template":"","format":"standard","meta":{"_eb_attr":"","_monsterinsights_skip_tracking":false,"_monsterinsights_sitenote_active":false,"_monsterinsights_sitenote_note":"","_monsterinsights_sitenote_category":0,"footnotes":""},"categories":[110],"tags":[],"yoast_head":"<!-- This site is optimized with the Yoast SEO plugin v23.4 - https:\/\/yoast.com\/wordpress\/plugins\/seo\/ -->\n<title>Nicoline S\u00f8rensen kon\u010d\u00ed s fotbalem - Official Czech &amp; Slovak Everton Supporters&#039; Club<\/title>\n<meta name=\"robots\" content=\"index, follow, max-snippet:-1, max-image-preview:large, max-video-preview:-1\" \/>\n<link rel=\"canonical\" href=\"https:\/\/evertonfc.cz\/index.php\/2023\/11\/20\/nicoline-sorensen-konci-s-fotbalem\/\" \/>\n<meta property=\"og:locale\" content=\"cs_CZ\" \/>\n<meta property=\"og:type\" content=\"article\" \/>\n<meta property=\"og:title\" content=\"Nicoline S\u00f8rensen kon\u010d\u00ed s fotbalem - Official Czech &amp; Slovak Everton Supporters&#039; Club\" \/>\n<meta property=\"og:description\" content=\"Nicoline S\u00f8rensen ozn\u00e1mila, \u017ee s koncem roku 2023 kon\u010d\u00ed s profesion\u00e1ln\u00edm fotbalem.\" \/>\n<meta property=\"og:url\" content=\"https:\/\/evertonfc.cz\/index.php\/2023\/11\/20\/nicoline-sorensen-konci-s-fotbalem\/\" \/>\n<meta property=\"og:site_name\" content=\"Official Czech &amp; Slovak Everton Supporters&#039; Club\" \/>\n<meta property=\"article:publisher\" content=\"https:\/\/www.facebook.com\/everton.fans.cz.sk\" \/>\n<meta property=\"article:published_time\" content=\"2023-11-20T16:17:06+00:00\" \/>\n<meta property=\"article:modified_time\" content=\"2023-11-27T21:14:45+00:00\" \/>\n<meta property=\"og:image\" content=\"https:\/\/evertonfc.cz\/wp-content\/uploads\/2023\/11\/Sorensen-web-20_11_2023.jpg\" \/>\n\t<meta property=\"og:image:width\" content=\"720\" \/>\n\t<meta property=\"og:image:height\" content=\"405\" \/>\n\t<meta property=\"og:image:type\" content=\"image\/jpeg\" \/>\n<meta name=\"author\" content=\"Karamela\" \/>\n<meta name=\"twitter:card\" content=\"summary_large_image\" \/>\n<meta name=\"twitter:label1\" content=\"Napsal(a)\" \/>\n\t<meta name=\"twitter:data1\" content=\"Karamela\" \/>\n\t<meta name=\"twitter:label2\" content=\"Odhadovan\u00e1 doba \u010dten\u00ed\" \/>\n\t<meta name=\"twitter:data2\" content=\"2 minuty\" \/>\n<script type=\"application\/ld+json\" class=\"yoast-schema-graph\">{\"@context\":\"https:\/\/schema.org\",\"@graph\":[{\"@type\":\"Article\",\"@id\":\"https:\/\/evertonfc.cz\/index.php\/2023\/11\/20\/nicoline-sorensen-konci-s-fotbalem\/#article\",\"isPartOf\":{\"@id\":\"https:\/\/evertonfc.cz\/index.php\/2023\/11\/20\/nicoline-sorensen-konci-s-fotbalem\/\"},\"author\":{\"name\":\"Karamela\",\"@id\":\"https:\/\/evertonfc.cz\/#\/schema\/person\/e9a24a80a32efa1344dd2c4e5882185c\"},\"headline\":\"Nicoline S\u00f8rensen kon\u010d\u00ed s fotbalem\",\"datePublished\":\"2023-11-20T16:17:06+00:00\",\"dateModified\":\"2023-11-27T21:14:45+00:00\",\"mainEntityOfPage\":{\"@id\":\"https:\/\/evertonfc.cz\/index.php\/2023\/11\/20\/nicoline-sorensen-konci-s-fotbalem\/\"},\"wordCount\":416,\"commentCount\":2,\"publisher\":{\"@id\":\"https:\/\/evertonfc.cz\/#organization\"},\"image\":{\"@id\":\"https:\/\/evertonfc.cz\/index.php\/2023\/11\/20\/nicoline-sorensen-konci-s-fotbalem\/#primaryimage\"},\"thumbnailUrl\":\"https:\/\/evertonfc.cz\/wp-content\/uploads\/2023\/11\/Sorensen-web-20_11_2023.jpg\",\"articleSection\":[\"Everton Women\"],\"inLanguage\":\"cs\",\"potentialAction\":[{\"@type\":\"CommentAction\",\"name\":\"Comment\",\"target\":[\"https:\/\/evertonfc.cz\/index.php\/2023\/11\/20\/nicoline-sorensen-konci-s-fotbalem\/#respond\"]}]},{\"@type\":\"WebPage\",\"@id\":\"https:\/\/evertonfc.cz\/index.php\/2023\/11\/20\/nicoline-sorensen-konci-s-fotbalem\/\",\"url\":\"https:\/\/evertonfc.cz\/index.php\/2023\/11\/20\/nicoline-sorensen-konci-s-fotbalem\/\",\"name\":\"Nicoline S\u00f8rensen kon\u010d\u00ed s fotbalem - Official Czech &amp; Slovak Everton Supporters&#039; Club\",\"isPartOf\":{\"@id\":\"https:\/\/evertonfc.cz\/#website\"},\"primaryImageOfPage\":{\"@id\":\"https:\/\/evertonfc.cz\/index.php\/2023\/11\/20\/nicoline-sorensen-konci-s-fotbalem\/#primaryimage\"},\"image\":{\"@id\":\"https:\/\/evertonfc.cz\/index.php\/2023\/11\/20\/nicoline-sorensen-konci-s-fotbalem\/#primaryimage\"},\"thumbnailUrl\":\"https:\/\/evertonfc.cz\/wp-content\/uploads\/2023\/11\/Sorensen-web-20_11_2023.jpg\",\"datePublished\":\"2023-11-20T16:17:06+00:00\",\"dateModified\":\"2023-11-27T21:14:45+00:00\",\"breadcrumb\":{\"@id\":\"https:\/\/evertonfc.cz\/index.php\/2023\/11\/20\/nicoline-sorensen-konci-s-fotbalem\/#breadcrumb\"},\"inLanguage\":\"cs\",\"potentialAction\":[{\"@type\":\"ReadAction\",\"target\":[\"https:\/\/evertonfc.cz\/index.php\/2023\/11\/20\/nicoline-sorensen-konci-s-fotbalem\/\"]}]},{\"@type\":\"ImageObject\",\"inLanguage\":\"cs\",\"@id\":\"https:\/\/evertonfc.cz\/index.php\/2023\/11\/20\/nicoline-sorensen-konci-s-fotbalem\/#primaryimage\",\"url\":\"https:\/\/evertonfc.cz\/wp-content\/uploads\/2023\/11\/Sorensen-web-20_11_2023.jpg\",\"contentUrl\":\"https:\/\/evertonfc.cz\/wp-content\/uploads\/2023\/11\/Sorensen-web-20_11_2023.jpg\",\"width\":720,\"height\":405},{\"@type\":\"BreadcrumbList\",\"@id\":\"https:\/\/evertonfc.cz\/index.php\/2023\/11\/20\/nicoline-sorensen-konci-s-fotbalem\/#breadcrumb\",\"itemListElement\":[{\"@type\":\"ListItem\",\"position\":1,\"name\":\"Home\",\"item\":\"https:\/\/evertonfc.cz\/\"},{\"@type\":\"ListItem\",\"position\":2,\"name\":\"Nicoline S\u00f8rensen kon\u010d\u00ed s fotbalem\"}]},{\"@type\":\"WebSite\",\"@id\":\"https:\/\/evertonfc.cz\/#website\",\"url\":\"https:\/\/evertonfc.cz\/\",\"name\":\"Official Czech &amp; Slovak Everton Supporters&#039; Club\",\"description\":\"\",\"publisher\":{\"@id\":\"https:\/\/evertonfc.cz\/#organization\"},\"potentialAction\":[{\"@type\":\"SearchAction\",\"target\":{\"@type\":\"EntryPoint\",\"urlTemplate\":\"https:\/\/evertonfc.cz\/?s={search_term_string}\"},\"query-input\":{\"@type\":\"PropertyValueSpecification\",\"valueRequired\":true,\"valueName\":\"search_term_string\"}}],\"inLanguage\":\"cs\"},{\"@type\":\"Organization\",\"@id\":\"https:\/\/evertonfc.cz\/#organization\",\"name\":\"Official Czech & Slovak Everton Supporters' Club\",\"url\":\"https:\/\/evertonfc.cz\/\",\"logo\":{\"@type\":\"ImageObject\",\"inLanguage\":\"cs\",\"@id\":\"https:\/\/evertonfc.cz\/#\/schema\/logo\/image\/\",\"url\":\"https:\/\/evertonfc.cz\/wp-content\/uploads\/2019\/05\/logo.png\",\"contentUrl\":\"https:\/\/evertonfc.cz\/wp-content\/uploads\/2019\/05\/logo.png\",\"width\":112,\"height\":112,\"caption\":\"Official Czech & Slovak Everton Supporters' Club\"},\"image\":{\"@id\":\"https:\/\/evertonfc.cz\/#\/schema\/logo\/image\/\"},\"sameAs\":[\"https:\/\/www.facebook.com\/everton.fans.cz.sk\"]},{\"@type\":\"Person\",\"@id\":\"https:\/\/evertonfc.cz\/#\/schema\/person\/e9a24a80a32efa1344dd2c4e5882185c\",\"name\":\"Karamela\",\"url\":\"https:\/\/evertonfc.cz\/index.php\/author\/karamela\/\"}]}<\/script>\n<!-- \/ Yoast SEO plugin. -->","yoast_head_json":{"title":"Nicoline S\u00f8rensen kon\u010d\u00ed s fotbalem - Official Czech &amp; Slovak Everton Supporters&#039; Club","robots":{"index":"index","follow":"follow","max-snippet":"max-snippet:-1","max-image-preview":"max-image-preview:large","max-video-preview":"max-video-preview:-1"},"canonical":"https:\/\/evertonfc.cz\/index.php\/2023\/11\/20\/nicoline-sorensen-konci-s-fotbalem\/","og_locale":"cs_CZ","og_type":"article","og_title":"Nicoline S\u00f8rensen kon\u010d\u00ed s fotbalem - Official Czech &amp; Slovak Everton Supporters&#039; Club","og_description":"Nicoline S\u00f8rensen ozn\u00e1mila, \u017ee s koncem roku 2023 kon\u010d\u00ed s profesion\u00e1ln\u00edm fotbalem.","og_url":"https:\/\/evertonfc.cz\/index.php\/2023\/11\/20\/nicoline-sorensen-konci-s-fotbalem\/","og_site_name":"Official Czech &amp; Slovak Everton Supporters&#039; Club","article_publisher":"https:\/\/www.facebook.com\/everton.fans.cz.sk","article_published_time":"2023-11-20T16:17:06+00:00","article_modified_time":"2023-11-27T21:14:45+00:00","og_image":[{"width":720,"height":405,"url":"https:\/\/evertonfc.cz\/wp-content\/uploads\/2023\/11\/Sorensen-web-20_11_2023.jpg","type":"image\/jpeg"}],"author":"Karamela","twitter_card":"summary_large_image","twitter_misc":{"Napsal(a)":"Karamela","Odhadovan\u00e1 doba \u010dten\u00ed":"2 minuty"},"schema":{"@context":"https:\/\/schema.org","@graph":[{"@type":"Article","@id":"https:\/\/evertonfc.cz\/index.php\/2023\/11\/20\/nicoline-sorensen-konci-s-fotbalem\/#article","isPartOf":{"@id":"https:\/\/evertonfc.cz\/index.php\/2023\/11\/20\/nicoline-sorensen-konci-s-fotbalem\/"},"author":{"name":"Karamela","@id":"https:\/\/evertonfc.cz\/#\/schema\/person\/e9a24a80a32efa1344dd2c4e5882185c"},"headline":"Nicoline S\u00f8rensen kon\u010d\u00ed s fotbalem","datePublished":"2023-11-20T16:17:06+00:00","dateModified":"2023-11-27T21:14:45+00:00","mainEntityOfPage":{"@id":"https:\/\/evertonfc.cz\/index.php\/2023\/11\/20\/nicoline-sorensen-konci-s-fotbalem\/"},"wordCount":416,"commentCount":2,"publisher":{"@id":"https:\/\/evertonfc.cz\/#organization"},"image":{"@id":"https:\/\/evertonfc.cz\/index.php\/2023\/11\/20\/nicoline-sorensen-konci-s-fotbalem\/#primaryimage"},"thumbnailUrl":"https:\/\/evertonfc.cz\/wp-content\/uploads\/2023\/11\/Sorensen-web-20_11_2023.jpg","articleSection":["Everton Women"],"inLanguage":"cs","potentialAction":[{"@type":"CommentAction","name":"Comment","target":["https:\/\/evertonfc.cz\/index.php\/2023\/11\/20\/nicoline-sorensen-konci-s-fotbalem\/#respond"]}]},{"@type":"WebPage","@id":"https:\/\/evertonfc.cz\/index.php\/2023\/11\/20\/nicoline-sorensen-konci-s-fotbalem\/","url":"https:\/\/evertonfc.cz\/index.php\/2023\/11\/20\/nicoline-sorensen-konci-s-fotbalem\/","name":"Nicoline S\u00f8rensen kon\u010d\u00ed s fotbalem - Official Czech &amp; Slovak Everton Supporters&#039; Club","isPartOf":{"@id":"https:\/\/evertonfc.cz\/#website"},"primaryImageOfPage":{"@id":"https:\/\/evertonfc.cz\/index.php\/2023\/11\/20\/nicoline-sorensen-konci-s-fotbalem\/#primaryimage"},"image":{"@id":"https:\/\/evertonfc.cz\/index.php\/2023\/11\/20\/nicoline-sorensen-konci-s-fotbalem\/#primaryimage"},"thumbnailUrl":"https:\/\/evertonfc.cz\/wp-content\/uploads\/2023\/11\/Sorensen-web-20_11_2023.jpg","datePublished":"2023-11-20T16:17:06+00:00","dateModified":"2023-11-27T21:14:45+00:00","breadcrumb":{"@id":"https:\/\/evertonfc.cz\/index.php\/2023\/11\/20\/nicoline-sorensen-konci-s-fotbalem\/#breadcrumb"},"inLanguage":"cs","potentialAction":[{"@type":"ReadAction","target":["https:\/\/evertonfc.cz\/index.php\/2023\/11\/20\/nicoline-sorensen-konci-s-fotbalem\/"]}]},{"@type":"ImageObject","inLanguage":"cs","@id":"https:\/\/evertonfc.cz\/index.php\/2023\/11\/20\/nicoline-sorensen-konci-s-fotbalem\/#primaryimage","url":"https:\/\/evertonfc.cz\/wp-content\/uploads\/2023\/11\/Sorensen-web-20_11_2023.jpg","contentUrl":"https:\/\/evertonfc.cz\/wp-content\/uploads\/2023\/11\/Sorensen-web-20_11_2023.jpg","width":720,"height":405},{"@type":"BreadcrumbList","@id":"https:\/\/evertonfc.cz\/index.php\/2023\/11\/20\/nicoline-sorensen-konci-s-fotbalem\/#breadcrumb","itemListElement":[{"@type":"ListItem","position":1,"name":"Home","item":"https:\/\/evertonfc.cz\/"},{"@type":"ListItem","position":2,"name":"Nicoline S\u00f8rensen kon\u010d\u00ed s fotbalem"}]},{"@type":"WebSite","@id":"https:\/\/evertonfc.cz\/#website","url":"https:\/\/evertonfc.cz\/","name":"Official Czech &amp; Slovak Everton Supporters&#039; Club","description":"","publisher":{"@id":"https:\/\/evertonfc.cz\/#organization"},"potentialAction":[{"@type":"SearchAction","target":{"@type":"EntryPoint","urlTemplate":"https:\/\/evertonfc.cz\/?s={search_term_string}"},"query-input":{"@type":"PropertyValueSpecification","valueRequired":true,"valueName":"search_term_string"}}],"inLanguage":"cs"},{"@type":"Organization","@id":"https:\/\/evertonfc.cz\/#organization","name":"Official Czech & Slovak Everton Supporters' Club","url":"https:\/\/evertonfc.cz\/","logo":{"@type":"ImageObject","inLanguage":"cs","@id":"https:\/\/evertonfc.cz\/#\/schema\/logo\/image\/","url":"https:\/\/evertonfc.cz\/wp-content\/uploads\/2019\/05\/logo.png","contentUrl":"https:\/\/evertonfc.cz\/wp-content\/uploads\/2019\/05\/logo.png","width":112,"height":112,"caption":"Official Czech & Slovak Everton Supporters' Club"},"image":{"@id":"https:\/\/evertonfc.cz\/#\/schema\/logo\/image\/"},"sameAs":["https:\/\/www.facebook.com\/everton.fans.cz.sk"]},{"@type":"Person","@id":"https:\/\/evertonfc.cz\/#\/schema\/person\/e9a24a80a32efa1344dd2c4e5882185c","name":"Karamela","url":"https:\/\/evertonfc.cz\/index.php\/author\/karamela\/"}]}},"_links":{"self":[{"href":"https:\/\/evertonfc.cz\/index.php\/wp-json\/wp\/v2\/posts\/23316"}],"collection":[{"href":"https:\/\/evertonfc.cz\/index.php\/wp-json\/wp\/v2\/posts"}],"about":[{"href":"https:\/\/evertonfc.cz\/index.php\/wp-json\/wp\/v2\/types\/post"}],"author":[{"embeddable":true,"href":"https:\/\/evertonfc.cz\/index.php\/wp-json\/wp\/v2\/users\/26"}],"replies":[{"embeddable":true,"href":"https:\/\/evertonfc.cz\/index.php\/wp-json\/wp\/v2\/comments?post=23316"}],"version-history":[{"count":4,"href":"https:\/\/evertonfc.cz\/index.php\/wp-json\/wp\/v2\/posts\/23316\/revisions"}],"predecessor-version":[{"id":23329,"href":"https:\/\/evertonfc.cz\/index.php\/wp-json\/wp\/v2\/posts\/23316\/revisions\/23329"}],"wp:featuredmedia":[{"embeddable":true,"href":"https:\/\/evertonfc.cz\/index.php\/wp-json\/wp\/v2\/media\/23319"}],"wp:attachment":[{"href":"https:\/\/evertonfc.cz\/index.php\/wp-json\/wp\/v2\/media?parent=23316"}],"wp:term":[{"taxonomy":"category","embeddable":true,"href":"https:\/\/evertonfc.cz\/index.php\/wp-json\/wp\/v2\/categories?post=23316"},{"taxonomy":"post_tag","embeddable":true,"href":"https:\/\/evertonfc.cz\/index.php\/wp-json\/wp\/v2\/tags?post=23316"}],"curies":[{"name":"wp","href":"https:\/\/api.w.org\/{rel}","templated":true}]}}