{"id":23321,"date":"2023-11-20T21:57:08","date_gmt":"2023-11-20T20:57:08","guid":{"rendered":"https:\/\/evertonfc.cz\/?p=23321"},"modified":"2023-11-21T09:54:49","modified_gmt":"2023-11-21T08:54:49","slug":"everton-w-bristol-city-w-22","status":"publish","type":"post","link":"https:\/\/evertonfc.cz\/index.php\/2023\/11\/20\/everton-w-bristol-city-w-22\/","title":{"rendered":"Everton W &#8211; Bristol City W 2:2"},"content":{"rendered":"<h4>Prvn\u00ed leto\u0161n\u00ed dom\u00e1c\u00ed bod p\u0159i\u0161el a\u017e koncem listopadu. Ale mohly to b\u00fdt body t\u0159i.<\/h4>\n<p>V z\u00e1pase n\u00e1m \u0161lo o hodn\u011b. T\u00fdm deptan\u00fd st\u0159eleckou impotenc\u00ed a bodov\u00fdmi \u00fabyt\u011bmi nutn\u011b pot\u0159eboval n\u011bjakou vzpruhu. A jak\u00e9 je vhodn\u011bj\u0161\u00ed p\u0159\u00edle\u017eitost ne\u017e dom\u00e1c\u00ed prost\u0159ed\u00ed a v sestupov\u00e9 z\u00f3n\u011b se nal\u00e9zaj\u00edc\u00ed soupe\u0159? Brian S\u00f8rensen oproti z\u00e1pasu s Chelsea nasadil od prvn\u00ed minuty Snoiejs na pozici za st\u0159eleck\u00e9 duo S\u00f8rensen &#8211; Piemonte. Stenevik sice st\u00e1le absentuje, zato Bj\u00f6rn u\u017e do z\u00e1pasu zas\u00e1hla aspo\u0148 ze st\u0159\u00edda\u010dky.\u00a0 Po\u010das\u00ed sice nic moc nebylo, ale dom\u00e1c\u00ed p\u016fda pod nohama a Evertonians v hledi\u0161ti n\u00e1m dodali p\u0159ed z\u00e1pasem zdrav\u00e9 sebev\u011bdom\u00ed.<\/p>\n<h4>Prvn\u00ed polo\u010das<\/h4>\n<p>jsme na \u010dervenky (ov\u0161em hraj\u00edc\u00ed ve \u017elut\u00e9m) slu\u0161n\u011b vlet\u011bli. U\u017e v p\u00e1t\u00e9 minut\u011b Piemonte nadvakr\u00e1t p\u0159ekonala Clark v brance hostek a mohla slavit jak sv\u016fj prvn\u00ed evertonsk\u00fd g\u00f3l, tak n\u00e1\u0161 prvn\u00ed leto\u0161n\u00ed g\u00f3l ze hry &#8211; <strong>1:0<\/strong>. A vypadalo to, \u017ee je jen ot\u00e1zkou \u010dasu, kdy st\u0159el\u00edme nejm\u00e9n\u011b jeden dal\u0161\u00ed. M\u00ed\u010d byl p\u0159ev\u00e1\u017en\u011b na na\u0161ich kopa\u010dk\u00e1ch, t\u00e9m\u011b\u0159 300 p\u0159ihr\u00e1vek oproti soupe\u0159ov\u00fdm 150 mluvilo za v\u0161e. Jen\u017ee ouha, na\u0161e akce n\u011bjak v\u017edycky skon\u010dily p\u0159ed v\u00e1pnem Robins. V pr\u016fb\u011bhu polo\u010dasu se Bristol tak\u00e9 dostal k p\u00e1r \u0161anc\u00edm. P\u0159i jeden\u00e9 z nich dokonce musela Finnigan zachra\u0148ovat odkopem z brankov\u00e9 \u010d\u00e1ry, dal\u0161\u00ed vychytala Brosnan. \u010cas nezadr\u017eiteln\u011b sp\u011bl k p\u0159est\u00e1vce. A jako se n\u00e1m u\u017e letos jednou p\u0159ihodilo, v p\u00e1rminutov\u00e9m nastaven\u00ed na\u0161e pozornost polevila. Rodgers toho vyu\u017eila, moc p\u011bknou bombou prop\u00e1lila na\u0161\u00ed obranu a m\u00ed\u010d skon\u010dil za z\u00e1dy Brosnan &#8211; <strong>1:1<\/strong>.<\/p>\n<h4>Druh\u00fd polo\u010das<\/h4>\n<p>U\u017e nebyl zdaleka tak opticky jasnou z\u00e1le\u017eitost\u00ed jako polo\u010das prvn\u00ed. Bristol odm\u00edtal p\u0159ipustit rem\u00edzu, na\u0161t\u011bst\u00ed st\u0159ely Thestrup i Harrison sm\u011b\u0159ovaly mimo. T\u011bsn\u011b p\u0159ed hodinou hry Vanhaevermaet po rohu ze dvou metr\u016f tradi\u010dn\u011b nast\u0159elila b\u0159evno, ale na\u0161t\u011bst\u00ed se k dor\u00e1\u017ece dostala Finnigan a prakticky z voleje nedala Clark \u017e\u00e1dnou \u0161anci &#8211; <strong>2:1<\/strong>. Po p\u00e1r minut\u00e1ch mohlo b\u00fdt je\u0161t\u011b veseleji, ale st\u0159elu S\u00f8rensen Clark vyt\u011bsnila mimo branku. S bl\u00ed\u017e\u00edc\u00edm se koncem polo\u010dasu zv\u00fd\u0161ily \u010dervenky obr\u00e1tky a my p\u0159est\u00e1vali st\u00edhat. Pokusy Thestrup i Morgan je\u0161t\u011b sm\u011b\u0159ovaly mimo, ale v 82. minut\u011b se u\u017e Thestrup nem\u00fdlila a poslala m\u00ed\u010d pod\u00e9l daleko vyb\u011bhnuv\u0161\u00ed Brosnan do lev\u00e9ho doln\u00edho r\u016f\u017eku branky &#8211; <strong>2:2<\/strong>. Oby t\u00fdmy pot\u00e9 vyk\u0159esaly posledn\u00ed s\u00edly, aby strhly v\u00fdsledek z\u00e1pasu na svoji stranu. Nejbl\u00ed\u017ee v\u00edt\u011bzn\u00e9 brance m\u011bla v nastaven\u00ed Duggan, ale \u017eel m\u00ed\u0159ila mimo. Z\u00e1pas tedy skon\u010dil rem\u00edzou.<\/p>\n<h4>Shrnut\u00ed<\/h4>\n<p>Zklam\u00e1n\u00ed je to spr\u00e1vn\u00e9 slovo, kter\u00e9 vystihuje n\u00e1\u0161 ned\u011bln\u00ed v\u00fdkon a v\u00fdsledek. Co je platn\u00e9, \u017ee se n\u00e1m kone\u010dn\u011b poda\u0159\u00ed sk\u00f3rovat, kdy\u017e nejsme schopni pohl\u00eddat si v\u00fdsledek. Otev\u0159en\u011b \u0159e\u010deno, byl to Bristol kdo se drav\u011bji hnal za v\u00edt\u011bzstv\u00edm. D\u00e1le tak\u00e9 dost\u00e1v\u00e1me nep\u011bkn\u011b mnoho g\u00f3l\u016f na sklonku polo\u010das\u016f &#8211; sv\u011bd\u010d\u00ed to bu\u010f o \u0161patn\u00e9 fyzi\u010dce nebo o nedostate\u010dn\u00e9 koncentraci.<\/p>\n<blockquote><p><em>Everton si vytvo\u0159il znepokojivou n\u00e1chylnost k obdr\u017een\u00ed\u00a0 pozdn\u00edch g\u00f3l\u016f. V posledn\u00edch 15 minut\u00e1ch z\u00e1pasu jich tuto sez\u00f3nu dostal u\u017e p\u011bt. To je nejv\u00edc ze v\u0161ech t\u00fdm\u016f WSL. (zdroj: BBC)<\/em><\/p><\/blockquote>\n<p>Zklam\u00e1n\u00ed (siln\u00e9) po z\u00e1pase neskr\u00fdval ani mana\u017eer S\u00f8rensen (a to je\u0161t\u011b mo\u017en\u00e1 ani netu\u0161il, \u017ee se za chv\u00edli objev\u00ed na soci\u00e1ln\u00edch s\u00edt\u00edch ozn\u00e1men\u00ed Nicoline S\u00f8rensen o skon\u010den\u00ed s fotbalem). Chvost tabulky n\u00e1s nyn\u00ed bude enorm\u011b zaj\u00edmat. D\u00edky z\u00edskan\u00e9mu bodu a proh\u0159e Hammers jsme se sice ocitli na 10. m\u00edst\u011b, ale posledn\u00edch \u0161est t\u00fdm\u016f d\u011bl\u00ed pouh\u00e9 4 body. O sestup se tedy bude letos bojovat velmi t\u011bsn\u011b. Doufejme, \u017ee se n\u00e1m poda\u0159\u00ed je\u0161t\u011b se vzchopit.\u00a0 Z\u00e1pas s Villou 26.11. uk\u00e1\u017ee, nakolik je toto p\u0159\u00e1n\u00ed &#8222;zasazeno do re\u00e1ln\u00e9ho r\u00e1mce&#8220;. To\u017e tedy <span style=\"color: #0000ff;\"><strong>COYB<span style=\"color: #000000;\">!<\/span><\/strong><\/span><\/p>\n<p style=\"text-align: right;\"><span style=\"font-size: 8pt;\"><em>Fotografie: Megan Finnigan (zdroj Getty images via roayalbluemersey.sbnation.com)<\/em><\/span><\/p>\n<p><strong>Branky:<\/strong> Piemonte (5\u00b4), Finnigan (57\u00b4) &#8211; Rodgers (45\u00b4), Thestrup (82\u00b4) <strong>\u017dK:<\/strong> Piemonte<\/p>\n<p><strong>Everton (3-4-1-2): <\/strong>Brosnan; K. Holmgaard (Bj\u00f6rn 81\u00b4), Finnigan, Veje; Wheeler, Galli, Vanhaevermaet, S. Holmgaard (Payne 65\u00b4); Snoeijs <span class=\"sp-c-lineup-pitch__player\" data-reactid=\".sim9ui1xuu.0.0.0.1.$include-22.0.0.1:$panel-0.$0.0.0.1.2.0.0.1:$away-formation-row-1.$away-player-4\"><span class=\"sp-c-lineup-pitch__player__name gs-u-display-block@xs \" data-reactid=\".sim9ui1xuu.0.0.0.1.$include-22.0.0.1:$panel-0.$0.0.0.1.2.0.0.1:$away-formation-row-1.$away-player-4.1\">(Bennison 87\u00b4)<\/span><\/span>; S\u00f8rensen <span class=\"sp-c-lineup-pitch__player\" data-reactid=\".sim9ui1xuu.0.0.0.1.$include-22.0.0.1:$panel-0.$0.0.0.1.2.0.0.1:$away-formation-row-1.$away-player-4\"><span class=\"sp-c-lineup-pitch__player__name gs-u-display-block@xs \" data-reactid=\".sim9ui1xuu.0.0.0.1.$include-22.0.0.1:$panel-0.$0.0.0.1.2.0.0.1:$away-formation-row-1.$away-player-4.1\">(Duggan 65\u00b4)<\/span><\/span>, Piemonte <span class=\"sp-c-lineup-pitch__player\" data-reactid=\".sim9ui1xuu.0.0.0.1.$include-22.0.0.1:$panel-0.$0.0.0.1.2.0.0.1:$away-formation-row-1.$away-player-4\"><span class=\"sp-c-lineup-pitch__player__name gs-u-display-block@xs \" data-reactid=\".sim9ui1xuu.0.0.0.1.$include-22.0.0.1:$panel-0.$0.0.0.1.2.0.0.1:$away-formation-row-1.$away-player-4.1\">(Bissell 82\u00b4)<\/span><\/span><\/p>\n<p><strong>Bristol (5-4-1):\u00a0<\/strong>Clark; <span class=\"sp-c-lineup-pitch__player\" data-reactid=\".sim9ui1xuu.0.0.0.1.$include-22.0.0.1:$panel-0.$0.0.0.1.2.0.0.1:$away-formation-row-1.$away-player-0\"><span class=\"sp-c-lineup-pitch__player__name gs-u-display-block@xs \" data-reactid=\".sim9ui1xuu.0.0.0.1.$include-22.0.0.1:$panel-0.$0.0.0.1.2.0.0.1:$away-formation-row-1.$away-player-0.1\">Powell, <\/span><\/span><span class=\"sp-c-lineup-pitch__player\" data-reactid=\".sim9ui1xuu.0.0.0.1.$include-22.0.0.1:$panel-0.$0.0.0.1.2.0.0.1:$away-formation-row-1.$away-player-1\"><span class=\"sp-c-lineup-pitch__player__name gs-u-display-block@xs \" data-reactid=\".sim9ui1xuu.0.0.0.1.$include-22.0.0.1:$panel-0.$0.0.0.1.2.0.0.1:$away-formation-row-1.$away-player-1.1\">Aspin, <\/span><\/span><span class=\"sp-c-lineup-pitch__player\" data-reactid=\".sim9ui1xuu.0.0.0.1.$include-22.0.0.1:$panel-0.$0.0.0.1.2.0.0.1:$away-formation-row-1.$away-player-2\"><span class=\"sp-c-lineup-pitch__player__name gs-u-display-block@xs \" data-reactid=\".sim9ui1xuu.0.0.0.1.$include-22.0.0.1:$panel-0.$0.0.0.1.2.0.0.1:$away-formation-row-1.$away-player-2.1\">Connolly, <\/span><\/span><span class=\"sp-c-lineup-pitch__player\" data-reactid=\".sim9ui1xuu.0.0.0.1.$include-22.0.0.1:$panel-0.$0.0.0.1.2.0.0.1:$away-formation-row-1.$away-player-3\"><span class=\"sp-c-lineup-pitch__player__name gs-u-display-block@xs \" data-reactid=\".sim9ui1xuu.0.0.0.1.$include-22.0.0.1:$panel-0.$0.0.0.1.2.0.0.1:$away-formation-row-1.$away-player-3.1\">Layzell, <\/span><\/span><span class=\"sp-c-lineup-pitch__player\" data-reactid=\".sim9ui1xuu.0.0.0.1.$include-22.0.0.1:$panel-0.$0.0.0.1.2.0.0.1:$away-formation-row-1.$away-player-4\"><span class=\"sp-c-lineup-pitch__player__name gs-u-display-block@xs \" data-reactid=\".sim9ui1xuu.0.0.0.1.$include-22.0.0.1:$panel-0.$0.0.0.1.2.0.0.1:$away-formation-row-1.$away-player-4.1\">Napier; Harrison (Syme 75\u00b4)<span class=\"sp-c-lineup-pitch__player__number\" data-reactid=\".sim9ui1xuu.0.0.0.1.$include-22.0.0.1:$panel-0.$0.0.0.1.2.0.0.1:$away-formation-row-2.$away-player-1.0\">, <\/span>Jones<span class=\"sp-c-lineup-pitch__player__number\" data-reactid=\".sim9ui1xuu.0.0.0.1.$include-22.0.0.1:$panel-0.$0.0.0.1.2.0.0.1:$away-formation-row-2.$away-player-2.0\">, <\/span>Rodgers<span class=\"sp-c-lineup-pitch__player__number\" data-reactid=\".sim9ui1xuu.0.0.0.1.$include-22.0.0.1:$panel-0.$0.0.0.1.2.0.0.1:$away-formation-row-2.$away-player-3.0\">, <\/span>Thestrup; Morgan<\/span><\/span><\/p>\n<p><strong>Rozhod\u010d\u00ed:<\/strong> Adewunmi Soneye <strong>Div\u00e1ci: <\/strong>886<\/p>\n<p><iframe loading=\"lazy\" title=\"Everton vs Bristol City - Highlights wsl - Women&#039;s super league 19-11-2023\" width=\"1140\" height=\"641\" src=\"https:\/\/www.youtube.com\/embed\/UeTjC9MRbKw?feature=oembed\" frameborder=\"0\" allow=\"accelerometer; autoplay; clipboard-write; encrypted-media; gyroscope; picture-in-picture; web-share\" allowfullscreen><\/iframe><\/p>\n<div id=\"gtx-trans\" style=\"position: absolute; left: 269px; top: 1490.47px;\">\n<div class=\"gtx-trans-icon\"><\/div>\n<\/div>\n","protected":false},"excerpt":{"rendered":"<p>Prvn\u00ed leto\u0161n\u00ed dom\u00e1c\u00ed bod p\u0159i\u0161el a\u017e koncem listopadu. Ale mohly to b\u00fdt body t\u0159i.<\/p>\n","protected":false},"author":26,"featured_media":23327,"comment_status":"open","ping_status":"closed","sticky":false,"template":"","format":"standard","meta":{"_eb_attr":"","_monsterinsights_skip_tracking":false,"_monsterinsights_sitenote_active":false,"_monsterinsights_sitenote_note":"","_monsterinsights_sitenote_category":0,"footnotes":""},"categories":[110],"tags":[],"yoast_head":"<!-- This site is optimized with the Yoast SEO plugin v23.4 - https:\/\/yoast.com\/wordpress\/plugins\/seo\/ -->\n<title>Everton W - Bristol City W 2:2 - Official Czech &amp; Slovak Everton Supporters&#039; Club<\/title>\n<meta name=\"robots\" content=\"index, follow, max-snippet:-1, max-image-preview:large, max-video-preview:-1\" \/>\n<link rel=\"canonical\" href=\"https:\/\/evertonfc.cz\/index.php\/2023\/11\/20\/everton-w-bristol-city-w-22\/\" \/>\n<meta property=\"og:locale\" content=\"cs_CZ\" \/>\n<meta property=\"og:type\" content=\"article\" \/>\n<meta property=\"og:title\" content=\"Everton W - Bristol City W 2:2 - Official Czech &amp; Slovak Everton Supporters&#039; Club\" \/>\n<meta property=\"og:description\" content=\"Prvn\u00ed leto\u0161n\u00ed dom\u00e1c\u00ed bod p\u0159i\u0161el a\u017e koncem listopadu. Ale mohly to b\u00fdt body t\u0159i.\" \/>\n<meta property=\"og:url\" content=\"https:\/\/evertonfc.cz\/index.php\/2023\/11\/20\/everton-w-bristol-city-w-22\/\" \/>\n<meta property=\"og:site_name\" content=\"Official Czech &amp; Slovak Everton Supporters&#039; Club\" \/>\n<meta property=\"article:publisher\" content=\"https:\/\/www.facebook.com\/everton.fans.cz.sk\" \/>\n<meta property=\"article:published_time\" content=\"2023-11-20T20:57:08+00:00\" \/>\n<meta property=\"article:modified_time\" content=\"2023-11-21T08:54:49+00:00\" \/>\n<meta property=\"og:image\" content=\"https:\/\/evertonfc.cz\/wp-content\/uploads\/2023\/11\/Finnigan-vs-Bristol-web-19_11_2023.jpg\" \/>\n\t<meta property=\"og:image:width\" content=\"720\" \/>\n\t<meta property=\"og:image:height\" content=\"405\" \/>\n\t<meta property=\"og:image:type\" content=\"image\/jpeg\" \/>\n<meta name=\"author\" content=\"Karamela\" \/>\n<meta name=\"twitter:card\" content=\"summary_large_image\" \/>\n<meta name=\"twitter:label1\" content=\"Napsal(a)\" \/>\n\t<meta name=\"twitter:data1\" content=\"Karamela\" \/>\n\t<meta name=\"twitter:label2\" content=\"Odhadovan\u00e1 doba \u010dten\u00ed\" \/>\n\t<meta name=\"twitter:data2\" content=\"4 minuty\" \/>\n<script type=\"application\/ld+json\" class=\"yoast-schema-graph\">{\"@context\":\"https:\/\/schema.org\",\"@graph\":[{\"@type\":\"Article\",\"@id\":\"https:\/\/evertonfc.cz\/index.php\/2023\/11\/20\/everton-w-bristol-city-w-22\/#article\",\"isPartOf\":{\"@id\":\"https:\/\/evertonfc.cz\/index.php\/2023\/11\/20\/everton-w-bristol-city-w-22\/\"},\"author\":{\"name\":\"Karamela\",\"@id\":\"https:\/\/evertonfc.cz\/#\/schema\/person\/e9a24a80a32efa1344dd2c4e5882185c\"},\"headline\":\"Everton W &#8211; Bristol City W 2:2\",\"datePublished\":\"2023-11-20T20:57:08+00:00\",\"dateModified\":\"2023-11-21T08:54:49+00:00\",\"mainEntityOfPage\":{\"@id\":\"https:\/\/evertonfc.cz\/index.php\/2023\/11\/20\/everton-w-bristol-city-w-22\/\"},\"wordCount\":839,\"commentCount\":0,\"publisher\":{\"@id\":\"https:\/\/evertonfc.cz\/#organization\"},\"image\":{\"@id\":\"https:\/\/evertonfc.cz\/index.php\/2023\/11\/20\/everton-w-bristol-city-w-22\/#primaryimage\"},\"thumbnailUrl\":\"https:\/\/evertonfc.cz\/wp-content\/uploads\/2023\/11\/Finnigan-vs-Bristol-web-19_11_2023.jpg\",\"articleSection\":[\"Everton Women\"],\"inLanguage\":\"cs\",\"potentialAction\":[{\"@type\":\"CommentAction\",\"name\":\"Comment\",\"target\":[\"https:\/\/evertonfc.cz\/index.php\/2023\/11\/20\/everton-w-bristol-city-w-22\/#respond\"]}]},{\"@type\":\"WebPage\",\"@id\":\"https:\/\/evertonfc.cz\/index.php\/2023\/11\/20\/everton-w-bristol-city-w-22\/\",\"url\":\"https:\/\/evertonfc.cz\/index.php\/2023\/11\/20\/everton-w-bristol-city-w-22\/\",\"name\":\"Everton W - Bristol City W 2:2 - Official Czech &amp; Slovak Everton Supporters&#039; Club\",\"isPartOf\":{\"@id\":\"https:\/\/evertonfc.cz\/#website\"},\"primaryImageOfPage\":{\"@id\":\"https:\/\/evertonfc.cz\/index.php\/2023\/11\/20\/everton-w-bristol-city-w-22\/#primaryimage\"},\"image\":{\"@id\":\"https:\/\/evertonfc.cz\/index.php\/2023\/11\/20\/everton-w-bristol-city-w-22\/#primaryimage\"},\"thumbnailUrl\":\"https:\/\/evertonfc.cz\/wp-content\/uploads\/2023\/11\/Finnigan-vs-Bristol-web-19_11_2023.jpg\",\"datePublished\":\"2023-11-20T20:57:08+00:00\",\"dateModified\":\"2023-11-21T08:54:49+00:00\",\"breadcrumb\":{\"@id\":\"https:\/\/evertonfc.cz\/index.php\/2023\/11\/20\/everton-w-bristol-city-w-22\/#breadcrumb\"},\"inLanguage\":\"cs\",\"potentialAction\":[{\"@type\":\"ReadAction\",\"target\":[\"https:\/\/evertonfc.cz\/index.php\/2023\/11\/20\/everton-w-bristol-city-w-22\/\"]}]},{\"@type\":\"ImageObject\",\"inLanguage\":\"cs\",\"@id\":\"https:\/\/evertonfc.cz\/index.php\/2023\/11\/20\/everton-w-bristol-city-w-22\/#primaryimage\",\"url\":\"https:\/\/evertonfc.cz\/wp-content\/uploads\/2023\/11\/Finnigan-vs-Bristol-web-19_11_2023.jpg\",\"contentUrl\":\"https:\/\/evertonfc.cz\/wp-content\/uploads\/2023\/11\/Finnigan-vs-Bristol-web-19_11_2023.jpg\",\"width\":720,\"height\":405},{\"@type\":\"BreadcrumbList\",\"@id\":\"https:\/\/evertonfc.cz\/index.php\/2023\/11\/20\/everton-w-bristol-city-w-22\/#breadcrumb\",\"itemListElement\":[{\"@type\":\"ListItem\",\"position\":1,\"name\":\"Home\",\"item\":\"https:\/\/evertonfc.cz\/\"},{\"@type\":\"ListItem\",\"position\":2,\"name\":\"Everton W &#8211; Bristol City W 2:2\"}]},{\"@type\":\"WebSite\",\"@id\":\"https:\/\/evertonfc.cz\/#website\",\"url\":\"https:\/\/evertonfc.cz\/\",\"name\":\"Official Czech &amp; Slovak Everton Supporters&#039; Club\",\"description\":\"\",\"publisher\":{\"@id\":\"https:\/\/evertonfc.cz\/#organization\"},\"potentialAction\":[{\"@type\":\"SearchAction\",\"target\":{\"@type\":\"EntryPoint\",\"urlTemplate\":\"https:\/\/evertonfc.cz\/?s={search_term_string}\"},\"query-input\":{\"@type\":\"PropertyValueSpecification\",\"valueRequired\":true,\"valueName\":\"search_term_string\"}}],\"inLanguage\":\"cs\"},{\"@type\":\"Organization\",\"@id\":\"https:\/\/evertonfc.cz\/#organization\",\"name\":\"Official Czech & Slovak Everton Supporters' Club\",\"url\":\"https:\/\/evertonfc.cz\/\",\"logo\":{\"@type\":\"ImageObject\",\"inLanguage\":\"cs\",\"@id\":\"https:\/\/evertonfc.cz\/#\/schema\/logo\/image\/\",\"url\":\"https:\/\/evertonfc.cz\/wp-content\/uploads\/2019\/05\/logo.png\",\"contentUrl\":\"https:\/\/evertonfc.cz\/wp-content\/uploads\/2019\/05\/logo.png\",\"width\":112,\"height\":112,\"caption\":\"Official Czech & Slovak Everton Supporters' Club\"},\"image\":{\"@id\":\"https:\/\/evertonfc.cz\/#\/schema\/logo\/image\/\"},\"sameAs\":[\"https:\/\/www.facebook.com\/everton.fans.cz.sk\"]},{\"@type\":\"Person\",\"@id\":\"https:\/\/evertonfc.cz\/#\/schema\/person\/e9a24a80a32efa1344dd2c4e5882185c\",\"name\":\"Karamela\",\"url\":\"https:\/\/evertonfc.cz\/index.php\/author\/karamela\/\"}]}<\/script>\n<!-- \/ Yoast SEO plugin. -->","yoast_head_json":{"title":"Everton W - Bristol City W 2:2 - Official Czech &amp; Slovak Everton Supporters&#039; Club","robots":{"index":"index","follow":"follow","max-snippet":"max-snippet:-1","max-image-preview":"max-image-preview:large","max-video-preview":"max-video-preview:-1"},"canonical":"https:\/\/evertonfc.cz\/index.php\/2023\/11\/20\/everton-w-bristol-city-w-22\/","og_locale":"cs_CZ","og_type":"article","og_title":"Everton W - Bristol City W 2:2 - Official Czech &amp; Slovak Everton Supporters&#039; Club","og_description":"Prvn\u00ed leto\u0161n\u00ed dom\u00e1c\u00ed bod p\u0159i\u0161el a\u017e koncem listopadu. Ale mohly to b\u00fdt body t\u0159i.","og_url":"https:\/\/evertonfc.cz\/index.php\/2023\/11\/20\/everton-w-bristol-city-w-22\/","og_site_name":"Official Czech &amp; Slovak Everton Supporters&#039; Club","article_publisher":"https:\/\/www.facebook.com\/everton.fans.cz.sk","article_published_time":"2023-11-20T20:57:08+00:00","article_modified_time":"2023-11-21T08:54:49+00:00","og_image":[{"width":720,"height":405,"url":"https:\/\/evertonfc.cz\/wp-content\/uploads\/2023\/11\/Finnigan-vs-Bristol-web-19_11_2023.jpg","type":"image\/jpeg"}],"author":"Karamela","twitter_card":"summary_large_image","twitter_misc":{"Napsal(a)":"Karamela","Odhadovan\u00e1 doba \u010dten\u00ed":"4 minuty"},"schema":{"@context":"https:\/\/schema.org","@graph":[{"@type":"Article","@id":"https:\/\/evertonfc.cz\/index.php\/2023\/11\/20\/everton-w-bristol-city-w-22\/#article","isPartOf":{"@id":"https:\/\/evertonfc.cz\/index.php\/2023\/11\/20\/everton-w-bristol-city-w-22\/"},"author":{"name":"Karamela","@id":"https:\/\/evertonfc.cz\/#\/schema\/person\/e9a24a80a32efa1344dd2c4e5882185c"},"headline":"Everton W &#8211; Bristol City W 2:2","datePublished":"2023-11-20T20:57:08+00:00","dateModified":"2023-11-21T08:54:49+00:00","mainEntityOfPage":{"@id":"https:\/\/evertonfc.cz\/index.php\/2023\/11\/20\/everton-w-bristol-city-w-22\/"},"wordCount":839,"commentCount":0,"publisher":{"@id":"https:\/\/evertonfc.cz\/#organization"},"image":{"@id":"https:\/\/evertonfc.cz\/index.php\/2023\/11\/20\/everton-w-bristol-city-w-22\/#primaryimage"},"thumbnailUrl":"https:\/\/evertonfc.cz\/wp-content\/uploads\/2023\/11\/Finnigan-vs-Bristol-web-19_11_2023.jpg","articleSection":["Everton Women"],"inLanguage":"cs","potentialAction":[{"@type":"CommentAction","name":"Comment","target":["https:\/\/evertonfc.cz\/index.php\/2023\/11\/20\/everton-w-bristol-city-w-22\/#respond"]}]},{"@type":"WebPage","@id":"https:\/\/evertonfc.cz\/index.php\/2023\/11\/20\/everton-w-bristol-city-w-22\/","url":"https:\/\/evertonfc.cz\/index.php\/2023\/11\/20\/everton-w-bristol-city-w-22\/","name":"Everton W - Bristol City W 2:2 - Official Czech &amp; Slovak Everton Supporters&#039; Club","isPartOf":{"@id":"https:\/\/evertonfc.cz\/#website"},"primaryImageOfPage":{"@id":"https:\/\/evertonfc.cz\/index.php\/2023\/11\/20\/everton-w-bristol-city-w-22\/#primaryimage"},"image":{"@id":"https:\/\/evertonfc.cz\/index.php\/2023\/11\/20\/everton-w-bristol-city-w-22\/#primaryimage"},"thumbnailUrl":"https:\/\/evertonfc.cz\/wp-content\/uploads\/2023\/11\/Finnigan-vs-Bristol-web-19_11_2023.jpg","datePublished":"2023-11-20T20:57:08+00:00","dateModified":"2023-11-21T08:54:49+00:00","breadcrumb":{"@id":"https:\/\/evertonfc.cz\/index.php\/2023\/11\/20\/everton-w-bristol-city-w-22\/#breadcrumb"},"inLanguage":"cs","potentialAction":[{"@type":"ReadAction","target":["https:\/\/evertonfc.cz\/index.php\/2023\/11\/20\/everton-w-bristol-city-w-22\/"]}]},{"@type":"ImageObject","inLanguage":"cs","@id":"https:\/\/evertonfc.cz\/index.php\/2023\/11\/20\/everton-w-bristol-city-w-22\/#primaryimage","url":"https:\/\/evertonfc.cz\/wp-content\/uploads\/2023\/11\/Finnigan-vs-Bristol-web-19_11_2023.jpg","contentUrl":"https:\/\/evertonfc.cz\/wp-content\/uploads\/2023\/11\/Finnigan-vs-Bristol-web-19_11_2023.jpg","width":720,"height":405},{"@type":"BreadcrumbList","@id":"https:\/\/evertonfc.cz\/index.php\/2023\/11\/20\/everton-w-bristol-city-w-22\/#breadcrumb","itemListElement":[{"@type":"ListItem","position":1,"name":"Home","item":"https:\/\/evertonfc.cz\/"},{"@type":"ListItem","position":2,"name":"Everton W &#8211; Bristol City W 2:2"}]},{"@type":"WebSite","@id":"https:\/\/evertonfc.cz\/#website","url":"https:\/\/evertonfc.cz\/","name":"Official Czech &amp; Slovak Everton Supporters&#039; Club","description":"","publisher":{"@id":"https:\/\/evertonfc.cz\/#organization"},"potentialAction":[{"@type":"SearchAction","target":{"@type":"EntryPoint","urlTemplate":"https:\/\/evertonfc.cz\/?s={search_term_string}"},"query-input":{"@type":"PropertyValueSpecification","valueRequired":true,"valueName":"search_term_string"}}],"inLanguage":"cs"},{"@type":"Organization","@id":"https:\/\/evertonfc.cz\/#organization","name":"Official Czech & Slovak Everton Supporters' Club","url":"https:\/\/evertonfc.cz\/","logo":{"@type":"ImageObject","inLanguage":"cs","@id":"https:\/\/evertonfc.cz\/#\/schema\/logo\/image\/","url":"https:\/\/evertonfc.cz\/wp-content\/uploads\/2019\/05\/logo.png","contentUrl":"https:\/\/evertonfc.cz\/wp-content\/uploads\/2019\/05\/logo.png","width":112,"height":112,"caption":"Official Czech & Slovak Everton Supporters' Club"},"image":{"@id":"https:\/\/evertonfc.cz\/#\/schema\/logo\/image\/"},"sameAs":["https:\/\/www.facebook.com\/everton.fans.cz.sk"]},{"@type":"Person","@id":"https:\/\/evertonfc.cz\/#\/schema\/person\/e9a24a80a32efa1344dd2c4e5882185c","name":"Karamela","url":"https:\/\/evertonfc.cz\/index.php\/author\/karamela\/"}]}},"_links":{"self":[{"href":"https:\/\/evertonfc.cz\/index.php\/wp-json\/wp\/v2\/posts\/23321"}],"collection":[{"href":"https:\/\/evertonfc.cz\/index.php\/wp-json\/wp\/v2\/posts"}],"about":[{"href":"https:\/\/evertonfc.cz\/index.php\/wp-json\/wp\/v2\/types\/post"}],"author":[{"embeddable":true,"href":"https:\/\/evertonfc.cz\/index.php\/wp-json\/wp\/v2\/users\/26"}],"replies":[{"embeddable":true,"href":"https:\/\/evertonfc.cz\/index.php\/wp-json\/wp\/v2\/comments?post=23321"}],"version-history":[{"count":8,"href":"https:\/\/evertonfc.cz\/index.php\/wp-json\/wp\/v2\/posts\/23321\/revisions"}],"predecessor-version":[{"id":23334,"href":"https:\/\/evertonfc.cz\/index.php\/wp-json\/wp\/v2\/posts\/23321\/revisions\/23334"}],"wp:featuredmedia":[{"embeddable":true,"href":"https:\/\/evertonfc.cz\/index.php\/wp-json\/wp\/v2\/media\/23327"}],"wp:attachment":[{"href":"https:\/\/evertonfc.cz\/index.php\/wp-json\/wp\/v2\/media?parent=23321"}],"wp:term":[{"taxonomy":"category","embeddable":true,"href":"https:\/\/evertonfc.cz\/index.php\/wp-json\/wp\/v2\/categories?post=23321"},{"taxonomy":"post_tag","embeddable":true,"href":"https:\/\/evertonfc.cz\/index.php\/wp-json\/wp\/v2\/tags?post=23321"}],"curies":[{"name":"wp","href":"https:\/\/api.w.org\/{rel}","templated":true}]}}