{"id":23346,"date":"2023-11-27T22:29:39","date_gmt":"2023-11-27T21:29:39","guid":{"rendered":"https:\/\/evertonfc.cz\/?p=23346"},"modified":"2023-11-28T10:23:49","modified_gmt":"2023-11-28T09:23:49","slug":"everton-manchester-united-03-2","status":"publish","type":"post","link":"https:\/\/evertonfc.cz\/index.php\/2023\/11\/27\/everton-manchester-united-03-2\/","title":{"rendered":"Everton \u2013 Manchester United 0:3"},"content":{"rendered":"<h4>No, jedno u\u017e vieme isto. Odpo\u010det bodov nep\u00f4sob\u00ed na hr\u00e1\u010dov rovnako ako vyhadzov star\u00e9ho a pr\u00edchod nov\u00e9ho tr\u00e9nera. Kto \u010dakal bojov\u00e9 psy, do\u010dkal sa iba drah\u00fdch pudl\u00edkov.<\/h4>\n<p>Nech\u00e1pte ma zle. Everton v\u00a0prvom pol\u010dase s\u00fapera jasne prehral. Do \u0161atne sme mali \u00eds\u0165, ak nie s\u00a0n\u00e1skokom, tak aspo\u0148 za vyrovnan\u00e9ho stavu. A\u00a0to je ten probl\u00e9m. \u017de United sta\u010dila jedin\u00e1 \u0161anca, a\u00a0vo zvy\u0161ku z\u00e1pasu to odbeha\u0165, a\u00a0vyklus\u00e1va\u0165 sp\u00e4\u0165 po M62. Hralo sa im naozaj komfortne. \u017diadny stres a\u00a0skvel\u00fd Onana v\u00a0br\u00e1ne.<\/p>\n<p>Presne ten, ktor\u00fd si mohol aj s k\u00e1vou v rukaviciach rozohr\u00e1va\u0165 na kr\u00e1tko pred vlastnou \u0161estn\u00e1stkou. Ako\u017ee \u00e1no, United by zrejme za \u201enorm\u00e1lnych\u201c okolnost\u00ed bol tradi\u010dne nad na\u0161e sily. A to sa potvrdilo asi aj v \u201enenorm\u00e1lnych\u201c okolnostiach. Subjekt\u00edvne som \u010dakal viac. Viac boja, viac snahy. Viac tej povestnej agresivity, ke\u010f sme ako klub zahnan\u00ed do k\u00fata, kedy vytiahneme z b\u00fady t\u00fdch povestn\u00fdch psov, a nos\u00edme ich pred z\u00e1pasom na ruk\u00e1ch. V nede\u013eu podve\u010der asi ostali zavret\u00ed v kotercoch, a kukali smutne z b\u00fady na telku so such\u00fdmi granulami.<\/p>\n<h4><strong>Pred z\u00e1pasom<\/strong><\/h4>\n<p>Avizovan\u00fd dopredu, protest fan\u00fa\u0161ikov Karameliek by zahanbil kohoko\u013evek, nielen z aktivistickej brand\u017ee. Z vyzbieran\u00fdch prostriedkov sa zaplatilo aj lietadlo s odkazom pre Premier League. Norm\u00e1lne by letelo v\u010dera nad Goodison Parkom. Av\u0161ak pre neskor\u00fd v\u00fdkop po z\u00e1pade slnka sa iniciat\u00edva dohodla na presmerovan\u00ed letu na sobot\u0148aj\u0161\u00ed z\u00e1pas Manchesteru City \u2013 Liverpool, ktor\u00fd sa hral za denn\u00e9ho svetla.<\/p>\n<p>Kto by to bol len povedal, \u017ee r\u00e9\u017eia vysielania z\u00e1pasu si toho z\u00e1merne nebude v\u0161\u00edma\u0165, na rozdiel od ostatn\u00fdch tak\u00fdchto pr\u00edpadov, kedy sa poukazovalo na nie\u010do in\u00e9, ako na pochybenia samotnej ligy. Kompetentn\u00ed si tak m\u00f4\u017eu spytova\u0165 svedomie. Dokonca sa objavili spr\u00e1vy, \u017ee pr\u00edpade nevhodn\u00fdch chor\u00e1lov v Goodison Parku zva\u017euj\u00fa telev\u00edzie nahradenie re\u00e1lneho zvuku virtu\u00e1lnym, ktor\u00fd bol pou\u017e\u00edvan\u00fd po\u010das pand\u00e9mie pri pr\u00e1zdnych trib\u00fanach. K tomu na\u0161\u0165astie nepri\u0161lo pre absencie slov\u00ed\u010dok f_ck.<\/p>\n<p>Tie neboli ani na takmer 40 000 vytla\u010den\u00fdch transparentov s\u00a0logom Premier League a\u00a0popisom \u201eskorumpovan\u00e1\u201c. Div\u00e1ci si ich mohli pred z\u00e1pasom vyzdvihn\u00fa\u0165 na viacer\u00fdch miestach. A\u00a0t\u00fato \u0161ancu neprem\u00e1rnili ani n\u00e1v\u0161tevn\u00edci zo\u00a0sektora host\u00ed, za \u010do im \u010fakujeme. Pochod na \u0161tadi\u00f3n bol teda znamenit\u00fd. I\u00a0s\u00a0vyvesen\u00fdmi transparentami obrovsk\u00fdch rozmerov kade tade, no najm\u00e4 nesk\u00f4r na trib\u00fanach Starej d\u00e1my.<\/p>\n<h4><strong>1.pol\u010das<\/strong><\/h4>\n<p>Na jej tr\u00e1vniku sa v\u00a0dom\u00e1cich s\u00faprav\u00e1ch objavila tradi\u010dn\u00e1 zostava. Jedin\u00e1 zmena bol Gueye za Onanu, ktor\u00e9mu st\u00e1le br\u00e1nia v\u00a0dolie\u010deniu l\u00fdtka. Nasledovalo mas\u00edvne vyp\u00edskanie a\u00a0bu\u010danie na zvu\u010dku Premier League, a\u00a0karti\u010dkov\u00e9 choreo cel\u00e9ho \u0161tadi\u00f3na, ktor\u00e9 sa opakovalo aj v\u00a0symbolickej desiatej min\u00fate. To u\u017e bola v\u0161ak atmosf\u00e9ra trochu ponurej\u0161ia. Predsa len, u\u017e sedem min\u00fat sme prehr\u00e1vali po bombastickom g\u00f3le Garnacha no\u017eni\u010dkami (<strong>0:1<\/strong>).<\/p>\n<p>S\u00faper sa s\u00edce tv\u00e1ril, \u017ee to m\u00e1 pod kontrolou, str\u00e1\u017eil najm\u00e4 loptu. Vedel pre\u010do. Potom po polhodine Toffees za\u010dali kl\u00e1s\u0165 ot\u00e1zky, ke\u010f sa k nej dostali. DCL hlavi\u010dkoval do n\u00e1ru\u010dia, potom aj sk\u00fasil reflexy Onanu, a z odrazenej lopty to nepretla\u010dil ani McNeil. O p\u00e1r min\u00fat Doucour\u00e9 z vynikaj\u00facej \u0161ance mimo, a mohli sme si vlasy trha\u0165. Aj z rozhodcu, ktor\u00fd op\u00e4\u0165 fascinuj\u00faco nemal meter na fauly druh\u00e9ho t\u00edmu.<\/p>\n<h4><strong>2.pol\u010das<\/strong><\/h4>\n<p>V\u00a0druhom pol\u010dase to nevyzeralo o\u00a0ni\u010d lep\u0161ie. No s\u00fastreden\u00fd tlak u\u017e by sme \u0165a\u017eko h\u013eadali. Navy\u0161e penalta zahatila ak\u00e9ko\u013evek cesty k\u00a0bodov\u00e9mu v\u00fdsledku. Klasik Young naivne podlo\u017eil nohu pred Martiala, ktor\u00fd o\u00a0\u0148u jednoducho musel zakopn\u00fa\u0165. Najprv filmovanie, no VAR presved\u010dil p\u00ed\u0161\u0165alku na opravu. Rashford tak s\u00a0preh\u013eadom zv\u00fd\u0161il na 0:2. Chv\u00e1la hr\u00e1\u010dom, \u017ee to nevzdali. Najm\u00e4 Gueyemu. Ten sa vyhecoval k\u00a0\u00fa\u017easnej fal\u0161ovanej strele, ktor\u00fa u\u017e zrejme v\u00a0tejto sez\u00f3ne od neho neuvid\u00edme.<\/p>\n<p>Preto je neuverite\u013en\u00e1 \u0161koda, \u017ee zarputil\u00fd Onana, hraj\u00faci tak dobre zrejme aj za n\u00e1\u0161ho, sa vytiahol s\u00a0rovnako dobr\u00fdm z\u00e1krokom. Tak\u017ee sme nedali, a\u00a0naopak dostali. \u00danik Pellistriho po pravej strane sa dostal Fernandesovi, ktor\u00fd u\u017e videl Martiala v\u00a0n\u00e1behu. Bez v\u00e1hania mu to tak naserv\u00edroval za obranu na rutinn\u00fd g\u00f3l. <strong>0:3 <\/strong>a\u00a0bezn\u00e1dej na vypr\u00e1zd\u0148uj\u00facich sa trib\u00fanach. Nevy\u0161lo ani \u00fatecha v\u00a0pokuse Mykolenka do brvna. Aspo\u0148 nie\u010do, konsolid\u00e1cia, ale nie, ni\u010d. 10 bodov do\u017eenieme teda niekedy inokedy&#8230;<\/p>\n<h4><strong>Sean Dyche po z\u00e1pase:<\/strong><\/h4>\n<blockquote><p><span style=\"font-size: 12pt;\"><em>\u201eVe\u013ek\u00e1 \u010das\u0165 v\u00fdkonu bola dobr\u00e1, najm\u00e4 prv\u00fd pol\u010das. Strelili ojedinel\u00fd g\u00f3l so skvel\u00fdm zakon\u010den\u00edm. Zmenilo to pocit z \u00favodnej \u010dasti hry, potom sme sa toho chopili. Vytvorili sme si \u0161ance, no nedok\u00e1zali sme ich vyu\u017ei\u0165. Ich po\u010det je dnes op\u00e4\u0165 vysok\u00fd, \u010do te\u0161\u00ed. \u013dudia hovoria, \u017ee nehraj\u00fa dobre, ale s\u00fa na vrchole zoznamu t\u00edmov vo forme. Vieme, \u017ee sme si na to mali d\u00e1va\u0165 pozor. V\u00fdhru z\u00edskavaj\u00fa napodiv zo slu\u0161n\u00e9ho v\u00fdkonu z n\u00e1\u0161ho poh\u013eadu. Mentalita bola dobr\u00e1, st\u00e1le sme klopali na dvere, sna\u017eili sme sa vytv\u00e1ra\u0165 si \u0161ance a strie\u013ea\u0165 g\u00f3ly. Tak\u017ee s t\u00fdm som naozaj spokojn\u00fd po t\u00fdch naozaj \u0165a\u017ek\u00fdch 10 d\u0148och.\u201c<\/em><\/span><\/p><\/blockquote>\n<h4 style=\"text-align: center;\"><strong>\u0160tatistick\u00e9 okienko:<\/strong><\/h4>\n<ul>\n<li>Anthony Martial strelil svoj siedmy g\u00f3l v Premier League proti Evertonu, \u010do o\u00a0minim\u00e1lne dva viac, ako m\u00e1 v porovnan\u00ed s ktor\u00fdmko\u013evek in\u00fdm t\u00edmom.<\/li>\n<li>Everton utrpel v tejto sez\u00f3ne p\u00e4\u0165 dom\u00e1cich ligov\u00fdch prehier, v\u00a0ktor\u00fdch si vytvoril 18 ve\u013ek\u00fdch \u0161anc\u00ed. Av\u0161ak premenil iba jednu z nich.<\/li>\n<li>V\u00fdsledky Karameliek v Goodison Parku v Premier League po inkasovanom prvom g\u00f3le od za\u010diatku minulej sez\u00f3ny \u2013 0 v\u00ed\u0165azstiev, 2 rem\u00edzy, 12 prehier.<\/li>\n<\/ul>\n<h3 style=\"text-align: center;\"><span style=\"color: #3366ff;\"><em><strong>Come on you Blues !!!<\/strong><\/em><\/span><\/h3>\n<p style=\"text-align: right;\"><span style=\"font-size: 8pt;\">(fotozdroj: Michael Regan-Getty Images)<\/span><\/p>\n<p><strong>Zostrihy:<\/strong> fasthighlights.com \/ Everton TV<\/p>\n<p><strong>G\u00f3ly:<\/strong> 3\u00b4 Garnacho (Dalot), 56\u00b4 Rashford (pen), 75\u00b4 Martial (Fernandes)<\/p>\n<p><strong>\u017dlt\u00e9 karty:<\/strong> 21\u00b4 Young, 29\u00b4 Doucour\u00e9, 90+2\u00b4 Gueye<\/p>\n<p><strong>Everton FC:<\/strong> Pickford \u2013 Young (73\u00b4 Patterson), Tarkowski, Branthwaite, Mykolenko \u2013 Harrison, Garner, Gueye, Doucour\u00e9 (90\u00b4 Dobbin), McNeil (73\u00b4 Danjuma) \u2013 Calvert-Lewin (82\u00b4 Chermiti)<\/p>\n<p><strong>Manchester United FC:<\/strong> Onana \u2013 Dalot, Lindel\u00f6f, Maguire, Shaw (76\u00b4 Wan-Bissaka) \u2013 McTominay, Mainoo (72\u00b4 Amrabat), Fernandes \u2013 Rashford, Martial (84\u00b4 Mejbri), Garnacho (72\u00b4 Pellistri)<\/p>\n<p><strong>Rozhodca: <\/strong>Tim Robinson\u00a0 <strong>Mu\u017e z\u00e1pasu redakcie:<\/strong> Idrissa Gueye<\/p>\n","protected":false},"excerpt":{"rendered":"<p>No, jedno u\u017e vieme isto. Odpo\u010det bodov nep\u00f4sob\u00ed na hr\u00e1\u010dov rovnako ako vyhadzov star\u00e9ho a pr\u00edchod nov\u00e9ho tr\u00e9nera. Kto \u010dakal bojov\u00e9 psy, do\u010dkal sa iba drah\u00fdch pudl\u00edkov.<\/p>\n","protected":false},"author":1,"featured_media":23359,"comment_status":"open","ping_status":"closed","sticky":false,"template":"","format":"standard","meta":{"_eb_attr":"","_monsterinsights_skip_tracking":false,"_monsterinsights_sitenote_active":false,"_monsterinsights_sitenote_note":"","_monsterinsights_sitenote_category":0,"footnotes":""},"categories":[4],"tags":[],"yoast_head":"<!-- This site is optimized with the Yoast SEO plugin v23.4 - https:\/\/yoast.com\/wordpress\/plugins\/seo\/ -->\n<title>Everton \u2013 Manchester United 0:3 - Official Czech &amp; Slovak Everton Supporters&#039; Club<\/title>\n<meta name=\"robots\" content=\"index, follow, max-snippet:-1, max-image-preview:large, max-video-preview:-1\" \/>\n<link rel=\"canonical\" href=\"https:\/\/evertonfc.cz\/index.php\/2023\/11\/27\/everton-manchester-united-03-2\/\" \/>\n<meta property=\"og:locale\" content=\"cs_CZ\" \/>\n<meta property=\"og:type\" content=\"article\" \/>\n<meta property=\"og:title\" content=\"Everton \u2013 Manchester United 0:3 - Official Czech &amp; Slovak Everton Supporters&#039; Club\" \/>\n<meta property=\"og:description\" content=\"No, jedno u\u017e vieme isto. Odpo\u010det bodov nep\u00f4sob\u00ed na hr\u00e1\u010dov rovnako ako vyhadzov star\u00e9ho a pr\u00edchod nov\u00e9ho tr\u00e9nera. Kto \u010dakal bojov\u00e9 psy, do\u010dkal sa iba drah\u00fdch pudl\u00edkov.\" \/>\n<meta property=\"og:url\" content=\"https:\/\/evertonfc.cz\/index.php\/2023\/11\/27\/everton-manchester-united-03-2\/\" \/>\n<meta property=\"og:site_name\" content=\"Official Czech &amp; Slovak Everton Supporters&#039; Club\" \/>\n<meta property=\"article:publisher\" content=\"https:\/\/www.facebook.com\/everton.fans.cz.sk\" \/>\n<meta property=\"article:published_time\" content=\"2023-11-27T21:29:39+00:00\" \/>\n<meta property=\"article:modified_time\" content=\"2023-11-28T09:23:49+00:00\" \/>\n<meta property=\"og:image\" content=\"https:\/\/evertonfc.cz\/wp-content\/uploads\/2023\/11\/Everton-0-3-Manchester-United-from-Michael-Regan-Getty-Images-26-11-2023.jpg\" \/>\n\t<meta property=\"og:image:width\" content=\"720\" \/>\n\t<meta property=\"og:image:height\" content=\"405\" \/>\n\t<meta property=\"og:image:type\" content=\"image\/jpeg\" \/>\n<meta name=\"author\" content=\"BlueBlooded\" \/>\n<meta name=\"twitter:card\" content=\"summary_large_image\" \/>\n<meta name=\"twitter:label1\" content=\"Napsal(a)\" \/>\n\t<meta name=\"twitter:data1\" content=\"BlueBlooded\" \/>\n\t<meta name=\"twitter:label2\" content=\"Odhadovan\u00e1 doba \u010dten\u00ed\" \/>\n\t<meta name=\"twitter:data2\" content=\"5 minut\" \/>\n<script type=\"application\/ld+json\" class=\"yoast-schema-graph\">{\"@context\":\"https:\/\/schema.org\",\"@graph\":[{\"@type\":\"Article\",\"@id\":\"https:\/\/evertonfc.cz\/index.php\/2023\/11\/27\/everton-manchester-united-03-2\/#article\",\"isPartOf\":{\"@id\":\"https:\/\/evertonfc.cz\/index.php\/2023\/11\/27\/everton-manchester-united-03-2\/\"},\"author\":{\"name\":\"BlueBlooded\",\"@id\":\"https:\/\/evertonfc.cz\/#\/schema\/person\/d4493b8cbea51532597fbc4685698916\"},\"headline\":\"Everton \u2013 Manchester United 0:3\",\"datePublished\":\"2023-11-27T21:29:39+00:00\",\"dateModified\":\"2023-11-28T09:23:49+00:00\",\"mainEntityOfPage\":{\"@id\":\"https:\/\/evertonfc.cz\/index.php\/2023\/11\/27\/everton-manchester-united-03-2\/\"},\"wordCount\":1124,\"commentCount\":1,\"publisher\":{\"@id\":\"https:\/\/evertonfc.cz\/#organization\"},\"image\":{\"@id\":\"https:\/\/evertonfc.cz\/index.php\/2023\/11\/27\/everton-manchester-united-03-2\/#primaryimage\"},\"thumbnailUrl\":\"https:\/\/evertonfc.cz\/wp-content\/uploads\/2023\/11\/Everton-0-3-Manchester-United-from-Michael-Regan-Getty-Images-26-11-2023.jpg\",\"articleSection\":[\"Z\u00e1pasy\"],\"inLanguage\":\"cs\",\"potentialAction\":[{\"@type\":\"CommentAction\",\"name\":\"Comment\",\"target\":[\"https:\/\/evertonfc.cz\/index.php\/2023\/11\/27\/everton-manchester-united-03-2\/#respond\"]}]},{\"@type\":\"WebPage\",\"@id\":\"https:\/\/evertonfc.cz\/index.php\/2023\/11\/27\/everton-manchester-united-03-2\/\",\"url\":\"https:\/\/evertonfc.cz\/index.php\/2023\/11\/27\/everton-manchester-united-03-2\/\",\"name\":\"Everton \u2013 Manchester United 0:3 - Official Czech &amp; Slovak Everton Supporters&#039; Club\",\"isPartOf\":{\"@id\":\"https:\/\/evertonfc.cz\/#website\"},\"primaryImageOfPage\":{\"@id\":\"https:\/\/evertonfc.cz\/index.php\/2023\/11\/27\/everton-manchester-united-03-2\/#primaryimage\"},\"image\":{\"@id\":\"https:\/\/evertonfc.cz\/index.php\/2023\/11\/27\/everton-manchester-united-03-2\/#primaryimage\"},\"thumbnailUrl\":\"https:\/\/evertonfc.cz\/wp-content\/uploads\/2023\/11\/Everton-0-3-Manchester-United-from-Michael-Regan-Getty-Images-26-11-2023.jpg\",\"datePublished\":\"2023-11-27T21:29:39+00:00\",\"dateModified\":\"2023-11-28T09:23:49+00:00\",\"breadcrumb\":{\"@id\":\"https:\/\/evertonfc.cz\/index.php\/2023\/11\/27\/everton-manchester-united-03-2\/#breadcrumb\"},\"inLanguage\":\"cs\",\"potentialAction\":[{\"@type\":\"ReadAction\",\"target\":[\"https:\/\/evertonfc.cz\/index.php\/2023\/11\/27\/everton-manchester-united-03-2\/\"]}]},{\"@type\":\"ImageObject\",\"inLanguage\":\"cs\",\"@id\":\"https:\/\/evertonfc.cz\/index.php\/2023\/11\/27\/everton-manchester-united-03-2\/#primaryimage\",\"url\":\"https:\/\/evertonfc.cz\/wp-content\/uploads\/2023\/11\/Everton-0-3-Manchester-United-from-Michael-Regan-Getty-Images-26-11-2023.jpg\",\"contentUrl\":\"https:\/\/evertonfc.cz\/wp-content\/uploads\/2023\/11\/Everton-0-3-Manchester-United-from-Michael-Regan-Getty-Images-26-11-2023.jpg\",\"width\":720,\"height\":405},{\"@type\":\"BreadcrumbList\",\"@id\":\"https:\/\/evertonfc.cz\/index.php\/2023\/11\/27\/everton-manchester-united-03-2\/#breadcrumb\",\"itemListElement\":[{\"@type\":\"ListItem\",\"position\":1,\"name\":\"Home\",\"item\":\"https:\/\/evertonfc.cz\/\"},{\"@type\":\"ListItem\",\"position\":2,\"name\":\"Everton \u2013 Manchester United 0:3\"}]},{\"@type\":\"WebSite\",\"@id\":\"https:\/\/evertonfc.cz\/#website\",\"url\":\"https:\/\/evertonfc.cz\/\",\"name\":\"Official Czech &amp; Slovak Everton Supporters&#039; Club\",\"description\":\"\",\"publisher\":{\"@id\":\"https:\/\/evertonfc.cz\/#organization\"},\"potentialAction\":[{\"@type\":\"SearchAction\",\"target\":{\"@type\":\"EntryPoint\",\"urlTemplate\":\"https:\/\/evertonfc.cz\/?s={search_term_string}\"},\"query-input\":{\"@type\":\"PropertyValueSpecification\",\"valueRequired\":true,\"valueName\":\"search_term_string\"}}],\"inLanguage\":\"cs\"},{\"@type\":\"Organization\",\"@id\":\"https:\/\/evertonfc.cz\/#organization\",\"name\":\"Official Czech & Slovak Everton Supporters' Club\",\"url\":\"https:\/\/evertonfc.cz\/\",\"logo\":{\"@type\":\"ImageObject\",\"inLanguage\":\"cs\",\"@id\":\"https:\/\/evertonfc.cz\/#\/schema\/logo\/image\/\",\"url\":\"https:\/\/evertonfc.cz\/wp-content\/uploads\/2019\/05\/logo.png\",\"contentUrl\":\"https:\/\/evertonfc.cz\/wp-content\/uploads\/2019\/05\/logo.png\",\"width\":112,\"height\":112,\"caption\":\"Official Czech & Slovak Everton Supporters' Club\"},\"image\":{\"@id\":\"https:\/\/evertonfc.cz\/#\/schema\/logo\/image\/\"},\"sameAs\":[\"https:\/\/www.facebook.com\/everton.fans.cz.sk\"]},{\"@type\":\"Person\",\"@id\":\"https:\/\/evertonfc.cz\/#\/schema\/person\/d4493b8cbea51532597fbc4685698916\",\"name\":\"BlueBlooded\",\"url\":\"https:\/\/evertonfc.cz\/index.php\/author\/admin\/\"}]}<\/script>\n<!-- \/ Yoast SEO plugin. -->","yoast_head_json":{"title":"Everton \u2013 Manchester United 0:3 - Official Czech &amp; Slovak Everton Supporters&#039; Club","robots":{"index":"index","follow":"follow","max-snippet":"max-snippet:-1","max-image-preview":"max-image-preview:large","max-video-preview":"max-video-preview:-1"},"canonical":"https:\/\/evertonfc.cz\/index.php\/2023\/11\/27\/everton-manchester-united-03-2\/","og_locale":"cs_CZ","og_type":"article","og_title":"Everton \u2013 Manchester United 0:3 - Official Czech &amp; Slovak Everton Supporters&#039; Club","og_description":"No, jedno u\u017e vieme isto. Odpo\u010det bodov nep\u00f4sob\u00ed na hr\u00e1\u010dov rovnako ako vyhadzov star\u00e9ho a pr\u00edchod nov\u00e9ho tr\u00e9nera. Kto \u010dakal bojov\u00e9 psy, do\u010dkal sa iba drah\u00fdch pudl\u00edkov.","og_url":"https:\/\/evertonfc.cz\/index.php\/2023\/11\/27\/everton-manchester-united-03-2\/","og_site_name":"Official Czech &amp; Slovak Everton Supporters&#039; Club","article_publisher":"https:\/\/www.facebook.com\/everton.fans.cz.sk","article_published_time":"2023-11-27T21:29:39+00:00","article_modified_time":"2023-11-28T09:23:49+00:00","og_image":[{"width":720,"height":405,"url":"https:\/\/evertonfc.cz\/wp-content\/uploads\/2023\/11\/Everton-0-3-Manchester-United-from-Michael-Regan-Getty-Images-26-11-2023.jpg","type":"image\/jpeg"}],"author":"BlueBlooded","twitter_card":"summary_large_image","twitter_misc":{"Napsal(a)":"BlueBlooded","Odhadovan\u00e1 doba \u010dten\u00ed":"5 minut"},"schema":{"@context":"https:\/\/schema.org","@graph":[{"@type":"Article","@id":"https:\/\/evertonfc.cz\/index.php\/2023\/11\/27\/everton-manchester-united-03-2\/#article","isPartOf":{"@id":"https:\/\/evertonfc.cz\/index.php\/2023\/11\/27\/everton-manchester-united-03-2\/"},"author":{"name":"BlueBlooded","@id":"https:\/\/evertonfc.cz\/#\/schema\/person\/d4493b8cbea51532597fbc4685698916"},"headline":"Everton \u2013 Manchester United 0:3","datePublished":"2023-11-27T21:29:39+00:00","dateModified":"2023-11-28T09:23:49+00:00","mainEntityOfPage":{"@id":"https:\/\/evertonfc.cz\/index.php\/2023\/11\/27\/everton-manchester-united-03-2\/"},"wordCount":1124,"commentCount":1,"publisher":{"@id":"https:\/\/evertonfc.cz\/#organization"},"image":{"@id":"https:\/\/evertonfc.cz\/index.php\/2023\/11\/27\/everton-manchester-united-03-2\/#primaryimage"},"thumbnailUrl":"https:\/\/evertonfc.cz\/wp-content\/uploads\/2023\/11\/Everton-0-3-Manchester-United-from-Michael-Regan-Getty-Images-26-11-2023.jpg","articleSection":["Z\u00e1pasy"],"inLanguage":"cs","potentialAction":[{"@type":"CommentAction","name":"Comment","target":["https:\/\/evertonfc.cz\/index.php\/2023\/11\/27\/everton-manchester-united-03-2\/#respond"]}]},{"@type":"WebPage","@id":"https:\/\/evertonfc.cz\/index.php\/2023\/11\/27\/everton-manchester-united-03-2\/","url":"https:\/\/evertonfc.cz\/index.php\/2023\/11\/27\/everton-manchester-united-03-2\/","name":"Everton \u2013 Manchester United 0:3 - Official Czech &amp; Slovak Everton Supporters&#039; Club","isPartOf":{"@id":"https:\/\/evertonfc.cz\/#website"},"primaryImageOfPage":{"@id":"https:\/\/evertonfc.cz\/index.php\/2023\/11\/27\/everton-manchester-united-03-2\/#primaryimage"},"image":{"@id":"https:\/\/evertonfc.cz\/index.php\/2023\/11\/27\/everton-manchester-united-03-2\/#primaryimage"},"thumbnailUrl":"https:\/\/evertonfc.cz\/wp-content\/uploads\/2023\/11\/Everton-0-3-Manchester-United-from-Michael-Regan-Getty-Images-26-11-2023.jpg","datePublished":"2023-11-27T21:29:39+00:00","dateModified":"2023-11-28T09:23:49+00:00","breadcrumb":{"@id":"https:\/\/evertonfc.cz\/index.php\/2023\/11\/27\/everton-manchester-united-03-2\/#breadcrumb"},"inLanguage":"cs","potentialAction":[{"@type":"ReadAction","target":["https:\/\/evertonfc.cz\/index.php\/2023\/11\/27\/everton-manchester-united-03-2\/"]}]},{"@type":"ImageObject","inLanguage":"cs","@id":"https:\/\/evertonfc.cz\/index.php\/2023\/11\/27\/everton-manchester-united-03-2\/#primaryimage","url":"https:\/\/evertonfc.cz\/wp-content\/uploads\/2023\/11\/Everton-0-3-Manchester-United-from-Michael-Regan-Getty-Images-26-11-2023.jpg","contentUrl":"https:\/\/evertonfc.cz\/wp-content\/uploads\/2023\/11\/Everton-0-3-Manchester-United-from-Michael-Regan-Getty-Images-26-11-2023.jpg","width":720,"height":405},{"@type":"BreadcrumbList","@id":"https:\/\/evertonfc.cz\/index.php\/2023\/11\/27\/everton-manchester-united-03-2\/#breadcrumb","itemListElement":[{"@type":"ListItem","position":1,"name":"Home","item":"https:\/\/evertonfc.cz\/"},{"@type":"ListItem","position":2,"name":"Everton \u2013 Manchester United 0:3"}]},{"@type":"WebSite","@id":"https:\/\/evertonfc.cz\/#website","url":"https:\/\/evertonfc.cz\/","name":"Official Czech &amp; Slovak Everton Supporters&#039; Club","description":"","publisher":{"@id":"https:\/\/evertonfc.cz\/#organization"},"potentialAction":[{"@type":"SearchAction","target":{"@type":"EntryPoint","urlTemplate":"https:\/\/evertonfc.cz\/?s={search_term_string}"},"query-input":{"@type":"PropertyValueSpecification","valueRequired":true,"valueName":"search_term_string"}}],"inLanguage":"cs"},{"@type":"Organization","@id":"https:\/\/evertonfc.cz\/#organization","name":"Official Czech & Slovak Everton Supporters' Club","url":"https:\/\/evertonfc.cz\/","logo":{"@type":"ImageObject","inLanguage":"cs","@id":"https:\/\/evertonfc.cz\/#\/schema\/logo\/image\/","url":"https:\/\/evertonfc.cz\/wp-content\/uploads\/2019\/05\/logo.png","contentUrl":"https:\/\/evertonfc.cz\/wp-content\/uploads\/2019\/05\/logo.png","width":112,"height":112,"caption":"Official Czech & Slovak Everton Supporters' Club"},"image":{"@id":"https:\/\/evertonfc.cz\/#\/schema\/logo\/image\/"},"sameAs":["https:\/\/www.facebook.com\/everton.fans.cz.sk"]},{"@type":"Person","@id":"https:\/\/evertonfc.cz\/#\/schema\/person\/d4493b8cbea51532597fbc4685698916","name":"BlueBlooded","url":"https:\/\/evertonfc.cz\/index.php\/author\/admin\/"}]}},"_links":{"self":[{"href":"https:\/\/evertonfc.cz\/index.php\/wp-json\/wp\/v2\/posts\/23346"}],"collection":[{"href":"https:\/\/evertonfc.cz\/index.php\/wp-json\/wp\/v2\/posts"}],"about":[{"href":"https:\/\/evertonfc.cz\/index.php\/wp-json\/wp\/v2\/types\/post"}],"author":[{"embeddable":true,"href":"https:\/\/evertonfc.cz\/index.php\/wp-json\/wp\/v2\/users\/1"}],"replies":[{"embeddable":true,"href":"https:\/\/evertonfc.cz\/index.php\/wp-json\/wp\/v2\/comments?post=23346"}],"version-history":[{"count":12,"href":"https:\/\/evertonfc.cz\/index.php\/wp-json\/wp\/v2\/posts\/23346\/revisions"}],"predecessor-version":[{"id":23360,"href":"https:\/\/evertonfc.cz\/index.php\/wp-json\/wp\/v2\/posts\/23346\/revisions\/23360"}],"wp:featuredmedia":[{"embeddable":true,"href":"https:\/\/evertonfc.cz\/index.php\/wp-json\/wp\/v2\/media\/23359"}],"wp:attachment":[{"href":"https:\/\/evertonfc.cz\/index.php\/wp-json\/wp\/v2\/media?parent=23346"}],"wp:term":[{"taxonomy":"category","embeddable":true,"href":"https:\/\/evertonfc.cz\/index.php\/wp-json\/wp\/v2\/categories?post=23346"},{"taxonomy":"post_tag","embeddable":true,"href":"https:\/\/evertonfc.cz\/index.php\/wp-json\/wp\/v2\/tags?post=23346"}],"curies":[{"name":"wp","href":"https:\/\/api.w.org\/{rel}","templated":true}]}}