{"id":23363,"date":"2023-11-30T19:55:03","date_gmt":"2023-11-30T18:55:03","guid":{"rendered":"https:\/\/evertonfc.cz\/?p=23363"},"modified":"2023-12-01T11:59:06","modified_gmt":"2023-12-01T10:59:06","slug":"aston-villa-w-everton-w-12","status":"publish","type":"post","link":"https:\/\/evertonfc.cz\/index.php\/2023\/11\/30\/aston-villa-w-everton-w-12\/","title":{"rendered":"Aston Villa W &#8211; Everton W 1:2"},"content":{"rendered":"<h4><strong>Souboj dvou t\u00fdm\u016f na \u0161patn\u00e9m konci tabulky dopadl nakonec l\u00e9pe pro na\u0161e barvy. Ale \u00fapln\u011b pohodov\u00e9\u00a0 v\u00edt\u011bzstv\u00ed to nebylo.<\/strong><\/h4>\n<p>Do z\u00e1pasu nastupovaly s v\u011bt\u0161\u00edm sebev\u011bdom\u00edm dom\u00e1c\u00ed. \u0160\u0148\u016fra \u010dty\u0159 v\u00edt\u011bzn\u00fdch z\u00e1pas\u016f v \u0159ad\u011b pomohla pomalu odsunout do pozad\u00ed \u00favodn\u00edch p\u011bt proher. N\u00e1m se naopak tuto sez\u00f3nu \u017e\u00e1dn\u00e9 pozoruhodn\u00e9 v\u00fdkony p\u0159edv\u00e9st nepoda\u0159ilo a i v\u00edt\u011bzstv\u00ed nad posledn\u00edm Bristolem bylo v\u0161echno, jen ne p\u0159esv\u011bd\u010div\u00e9. Za Villans si zahr\u00e1ly hned \u010dty\u0159i Evertonians ned\u00e1vn\u00e9 doby (Turner, Magill, Dali a Lehmann).<\/p>\n<p>Turner se rekvalifikovala z fullbacka na stoppera a stala se konstantou obran\u00e9ho valu Villy. Magill se pomalu rozehr\u00e1v\u00e1 po p\u0159etr\u017een\u00ed zk\u0159\u00ed\u017een\u00e9ho vazu. Dali si na rozd\u00edl od anga\u017em\u00e1 u n\u00e1s op\u011bt p\u0159ipomn\u011bla, jak chutn\u00e1 radost ze vst\u0159elen\u00e9ho g\u00f3lu, kterou zn\u00e1 z p\u016fsoben\u00ed v Pa\u0159\u00ed\u017ei. A Lehmann je st\u0159\u00eddaj\u00edc\u00edm \u017eol\u00edkem s (na \u00fato\u010dnici) nevalnou bilanc\u00ed 7 branek ve v\u00edce ne\u017e 50 z\u00e1pasech. Na\u0161e d\u00e1my se naopak v Birminghamu musely obej\u00edt bez Piemonte, kter\u00e1 si dodate\u010dn\u011b vyslou\u017eila stopku na t\u0159i z\u00e1pasy za \u00fader loktem po odp\u00edsk\u00e1n\u00ed v utk\u00e1n\u00ed s Robins.<\/p>\n<h4>Prvn\u00ed polo\u010das<\/h4>\n<p>n\u00e1m k\u016f\u017ei n\u011bkolikr\u00e1t zachr\u00e1nila Brosnan. Spolupr\u00e1ce Dali &#8211; Daly n\u00e1m slu\u0161n\u011b zat\u00e1p\u011bla. Rachel Daly cel\u00fd z\u00e1pas dokazovala, \u017ee jej\u00ed lo\u0148sk\u00e9 vyhl\u00e1\u0161en\u00ed hr\u00e1\u010dkou WSL a 22 branek za sez\u00f3nu nebyla v \u017e\u00e1dn\u00e9m p\u0159\u00edpad\u011b n\u00e1hoda. Na\u0161t\u011bst\u00ed na\u0161e brank\u00e1\u0159sk\u00e1 jedni\u010dka byla v\u017edy na m\u00edst\u011b v\u010das. S ub\u00edhaj\u00edc\u00edm \u010dasem jsme se za\u010dali projevovat odv\u00e1\u017en\u011bji a dopracovali jsme se i k vylo\u017een\u011b g\u00f3lov\u00e9 \u0161anci, kdy si Snoeijs poradila s obranou dom\u00e1c\u00edch a moc p\u011bkn\u011b vyp\u00e1lila pod b\u0159evno. Bohu\u017eel van Domselaar v dom\u00e1c\u00ed brance sta\u010dila jej\u00ed st\u0159elu vyrazit nad. Jinak prvn\u00ed polovina zrovna nap\u00ednav\u00fdm fotbalem se spoustou \u0161anc\u00ed neopl\u00fdvala, a tak fanou\u0161ci mohli vyu\u017e\u00edt p\u0159est\u00e1vku k p\u0159em\u00edt\u00e1n\u00ed, zda se obraz hry ve druh\u00e9 p\u016fli zm\u011bn\u00ed.<\/p>\n<h4>Druh\u00fd polo\u010das<\/h4>\n<p>p\u0159inesl opravdu nap\u00ednav\u011bj\u0161\u00ed fotbal a hlavn\u011b pro na\u0161e barvy i g\u00f3lov\u011b bohat\u0161\u00ed. V\u0161e za\u010dala v 54. minut\u011b Payne, kter\u00e1 p\u0159esn\u00fdm pasem p\u0159es v\u00e1pno na\u0161la Saru Holgmaard. Ta vyst\u0159elila\/ nevyst\u0159elila zbl\u00edzka na br\u00e1nu, kde si m\u00ed\u010d do vlastn\u00ed s\u00edt\u011b doklepla na brankov\u00e9 \u010d\u00e1\u0159e stoj\u00edc\u00ed Patten &#8211;<strong> 0:1<\/strong>. Na\u0161e radost byla p\u0159evelik\u00e1. Bohu\u017eel za necelou minutu vl\u00e9tla do na\u0161eho v\u00e1pna Daly a prakticky zvoleje prost\u0159elila zbl\u00edzka na\u0161\u00ed \u010dtve\u0159ici obr\u00e1nky\u0148 i brank\u00e1\u0159ku &#8211; <strong>1:1<\/strong>.\u00a0 Vyrovn\u00e1n\u00ed n\u00e1s ov\u0161em nepolo\u017eilo a urputn\u011b jsme se sna\u017eili zvr\u00e1tit kyvadlo \u0160t\u011bst\u011bny na spr\u00e1vnou stranu. Co\u017e se nakonec poda\u0159ilo. Payne byla sra\u017eena s m\u00ed\u010dem ve v\u00e1pn\u011b a z\u00e1krok byla zcela adekv\u00e1tn\u011b posouzen jako penalta.<\/p>\n<p>K jej\u00edmu proveden\u00ed se postavila <span class=\"sp-c-lineup-pitch__player\" data-reactid=\".1yfb03t4gvu.0.0.0.1.$include-25.0.0.1:$panel-0.$0.0.0.1.2.0.0.1:$away-formation-row-1.$away-player-0\"><span class=\"sp-c-lineup-pitch__player__name gs-u-display-block@xs \" data-reactid=\".1yfb03t4gvu.0.0.0.1.$include-25.0.0.1:$panel-0.$0.0.0.1.2.0.0.1:$away-formation-row-1.$away-player-0.1\">Bj\u00f6rn a nep\u0159\u00edli\u0161 prudkou st\u0159elou na druhou stranu od padajc\u00ed van Domselaar n\u00e1s dostala do veden\u00ed &#8211; <strong>1:2<\/strong>. <\/span><\/span><span class=\"sp-c-lineup-pitch__player\" data-reactid=\".1yfb03t4gvu.0.0.0.1.$include-25.0.0.1:$panel-0.$0.0.0.1.2.0.0.1:$away-formation-row-1.$away-player-0\"><span class=\"sp-c-lineup-pitch__player__name gs-u-display-block@xs \" data-reactid=\".1yfb03t4gvu.0.0.0.1.$include-25.0.0.1:$panel-0.$0.0.0.1.2.0.0.1:$away-formation-row-1.$away-player-0.1\">Dosud jsem se nedok\u00e1zal rozhodnout, jestli byla penalta kopnut\u00e1 ledabyle nebo geni\u00e1ln\u011b. V ka\u017ed\u00e9m p\u0159\u00edpad\u011b ale \u00fa\u010dinn\u011b. Na h\u0159i\u0161t\u011b se tou dobou ji\u017e snesla mlha, co\u017e dal\u0161\u00ed h\u0159e dodalo m\u00edrn\u011b p\u0159\u00edzra\u010dn\u00fd n\u00e1dech. A jedn\u00edm z p\u0159\u00edzrak\u016f, kter\u00fd se z mlhy vyno\u0159il byla\u00a0 S\u00f8rensen v samostatn\u00e9m \u00faniku na branku dom\u00e1c\u00edch. P\u0159ekonat g\u00f3lmanku se j\u00ed v\u0161ak nepoda\u0159ilo, co\u017e je i vzhledem k bl\u00ed\u017e\u00edc\u00edmu se konci kari\u00e9ry na\u0161\u00ed D\u00e1nky \u0161koda. Na\u0161t\u011bst\u00ed ani sporadick\u00e9 pokusy birminghamsk\u00fdch o vyrovn\u00e1n\u00ed nebyly \u00fasp\u011b\u0161n\u00e9 a tak si nakonec z v\u00fdjezdu na Midlands odv\u00e1\u017e\u00edme t\u0159i body.<\/span><\/span><\/p>\n<h4>Shrnut\u00ed<\/h4>\n<p>8 bod\u016f a s nimi i 8. m\u00edsto v tabulce n\u00e1m p\u0159ed reprezenata\u010dn\u00ed pauzou dovol\u00ed trochu klidn\u00e9ho oddechu. Zda v\u00edt\u011bzstv\u00ed znamen\u00e1 i n\u00e1stup na \u00fasp\u011b\u0161nou vlnu, nebo sp\u00ed\u0161e vlnku uk\u00e1\u017ee sosutava t\u0159\u00ed z\u00e1pas\u016f v osmi dnech, kdy nejprve 10. prosince se vyd\u00e1me pod\u00edvat, jak se da\u0159\u00ed Hammers, 13. prosince sehrajeme doma derby v r\u00e1mci liov\u00e9ho poh\u00e1ru a 18. n\u00e1m p\u0159ijede vypr\u00e1\u0161it ko\u017eich Manchester City. Co \u0159\u00edci ke h\u0159e? Nechme promluvit na\u0161eho mana\u017eera:<em> &#8222;Kdy\u017e m\u00e1me den, dok\u00e1\u017eeme porazit kohokoliv z okoln\u00edch t\u00fdm\u016f.&#8220;<\/em> To se n\u00e1m nyn\u00ed poda\u0159ilo.<\/p>\n<p>Mysl\u00edm, \u017ee za zm\u00ednku stoj\u00ed nejen v tomto z\u00e1pase kmitaj\u00edc\u00ed <span class=\"sp-c-lineup-pitch__player\" data-reactid=\".1yfb03t4gvu.0.0.0.1.$include-25.0.0.1:$panel-0.$0.0.0.1.2.0.0.1:$away-formation-row-1.$away-player-2\"><span class=\"sp-c-lineup-pitch__player__name gs-u-display-block@xs \" data-reactid=\".1yfb03t4gvu.0.0.0.1.$include-25.0.0.1:$panel-0.$0.0.0.1.2.0.0.1:$away-formation-row-1.$away-player-2.1\">Vanhaevermaet. Pravideln\u011b pat\u0159\u00ed k hr\u00e1\u010dk\u00e1m s nejv\u011bt\u0161\u00edm po\u010dtem nab\u011bhan\u00fdch kilometr\u016f a mysl\u00edm, \u017ee jej\u00ed ne\u00fanavn\u00e1 pr\u00e1ce v z\u00e1loze na\u0161\u00ed h\u0159e prosp\u00edv\u00e1. Payne jako alternativa do \u00fatoku nevypad\u00e1 v\u016fbec \u0161patn\u011b a moc si p\u0159eju, aby se kone\u010dn\u011b rozst\u0159\u00edlela Snoeijs. V\u00fdb\u011br m\u00edsta m\u00e1 v\u00fdborn\u00fd, techniku tak\u00e9, ale po\u0159\u00e1d k tomu n\u011bco m\u00e1lo chyb\u00ed. Tak t\u0159eba prosinec bude n\u00e1\u0161 m\u011bs\u00edc. <strong><span style=\"color: #0000ff;\">COYB!<\/span><\/strong><\/span><\/span><\/p>\n<p style=\"text-align: right;\"><span style=\"font-size: 8pt;\"><em>Fotografie: Vanhaevermaet vs. Dali (zdroj: GettyImages via roayalbluemersey.sb.nation.com)<\/em><\/span><\/p>\n<p><strong>Branky:<\/strong> Daly (55\u00b4) &#8211; Patten (54\u00b4- vlastn\u00ed), <span class=\"sp-c-lineup-pitch__player\" data-reactid=\".1yfb03t4gvu.0.0.0.1.$include-25.0.0.1:$panel-0.$0.0.0.1.2.0.0.1:$away-formation-row-1.$away-player-0\"><span class=\"sp-c-lineup-pitch__player__name gs-u-display-block@xs \" data-reactid=\".1yfb03t4gvu.0.0.0.1.$include-25.0.0.1:$panel-0.$0.0.0.1.2.0.0.1:$away-formation-row-1.$away-player-0.1\">Bj\u00f6rn (74\u00b4 &#8211; penalta) <strong>\u017dK:<\/strong> K. Holmgaard, Vanhaevermaet, Snoeijs<\/span><\/span><\/p>\n<p><strong>Villa (4-3-3):<\/strong> van Domselaar; <span class=\"sp-c-lineup-pitch__player\" data-reactid=\".1yfb03t4gvu.0.0.0.1.$include-25.0.0.1:$panel-0.$0.0.0.0.2.0.0.1:$home-formation-row-1.$home-player-0\"><span class=\"sp-c-lineup-pitch__player__name gs-u-display-block@xs \" data-reactid=\".1yfb03t4gvu.0.0.0.1.$include-25.0.0.1:$panel-0.$0.0.0.0.2.0.0.1:$home-formation-row-1.$home-player-0.1\">Mayling, <\/span><\/span><span class=\"sp-c-lineup-pitch__player\" data-reactid=\".1yfb03t4gvu.0.0.0.1.$include-25.0.0.1:$panel-0.$0.0.0.0.2.0.0.1:$home-formation-row-1.$home-player-1\"><span class=\"sp-c-lineup-pitch__player__name gs-u-display-block@xs \" data-reactid=\".1yfb03t4gvu.0.0.0.1.$include-25.0.0.1:$panel-0.$0.0.0.0.2.0.0.1:$home-formation-row-1.$home-player-1.1\">Patten, <\/span><\/span><span class=\"sp-c-lineup-pitch__player\" data-reactid=\".1yfb03t4gvu.0.0.0.1.$include-25.0.0.1:$panel-0.$0.0.0.0.2.0.0.1:$home-formation-row-1.$home-player-2\"><span class=\"sp-c-lineup-pitch__player__name gs-u-display-block@xs \" data-reactid=\".1yfb03t4gvu.0.0.0.1.$include-25.0.0.1:$panel-0.$0.0.0.0.2.0.0.1:$home-formation-row-1.$home-player-2.1\">Turner, <\/span><\/span><span class=\"sp-c-lineup-pitch__player\" data-reactid=\".1yfb03t4gvu.0.0.0.1.$include-25.0.0.1:$panel-0.$0.0.0.0.2.0.0.1:$home-formation-row-1.$home-player-3\"><span class=\"sp-c-lineup-pitch__player__name gs-u-display-block@xs \" data-reactid=\".1yfb03t4gvu.0.0.0.1.$include-25.0.0.1:$panel-0.$0.0.0.0.2.0.0.1:$home-formation-row-1.$home-player-3.1\">Pacheco; Dali, Corsie (Staniforth 63\u00b4), Nobbs (Magill 77\u00b4); Leon (Lehmann 63\u00b4), Daly, Hanson (Salmon 77\u00b4)<\/span><\/span><\/p>\n<p><strong>Everton (3-4-1-2):<\/strong> Brosnan; K. <span class=\"sp-c-lineup-pitch__player\" data-reactid=\".1yfb03t4gvu.0.0.0.1.$include-25.0.0.1:$panel-0.$0.0.0.1.2.0.0.1:$away-formation-row-1.$away-player-0\"><span class=\"sp-c-lineup-pitch__player__name gs-u-display-block@xs \" data-reactid=\".1yfb03t4gvu.0.0.0.1.$include-25.0.0.1:$panel-0.$0.0.0.1.2.0.0.1:$away-formation-row-1.$away-player-0.1\">Holmgaard (Bj\u00f6rn 45\u00b4)<\/span><\/span><span class=\"sp-c-lineup-pitch__player\" data-reactid=\".1yfb03t4gvu.0.0.0.1.$include-25.0.0.1:$panel-0.$0.0.0.1.2.0.0.1:$away-formation-row-1.$away-player-1\"><span class=\"sp-c-lineup-pitch__player__number\" data-reactid=\".1yfb03t4gvu.0.0.0.1.$include-25.0.0.1:$panel-0.$0.0.0.1.2.0.0.1:$away-formation-row-1.$away-player-1.0\">, <\/span><span class=\"sp-c-lineup-pitch__player__name gs-u-display-block@xs \" data-reactid=\".1yfb03t4gvu.0.0.0.1.$include-25.0.0.1:$panel-0.$0.0.0.1.2.0.0.1:$away-formation-row-1.$away-player-1.1\">Finnigan<\/span><\/span><span class=\"sp-c-lineup-pitch__player\" data-reactid=\".1yfb03t4gvu.0.0.0.1.$include-25.0.0.1:$panel-0.$0.0.0.1.2.0.0.1:$away-formation-row-1.$away-player-2\"><span class=\"sp-c-lineup-pitch__player__number\" data-reactid=\".1yfb03t4gvu.0.0.0.1.$include-25.0.0.1:$panel-0.$0.0.0.1.2.0.0.1:$away-formation-row-1.$away-player-2.0\">, <\/span><span class=\"sp-c-lineup-pitch__player__name gs-u-display-block@xs \" data-reactid=\".1yfb03t4gvu.0.0.0.1.$include-25.0.0.1:$panel-0.$0.0.0.1.2.0.0.1:$away-formation-row-1.$away-player-2.1\">Veje; Vanhaevermaet, Bennison (Olesen 60\u00b4) Wheeler<span class=\"sp-c-lineup-pitch__player__number\" data-reactid=\".1yfb03t4gvu.0.0.0.1.$include-25.0.0.1:$panel-0.$0.0.0.1.2.0.0.1:$away-formation-row-2.$away-player-3.0\">, S. <\/span>Holmgaard (Campbell 81\u00b4); Snoeijs (Bissell 90\u00b4); S\u00f8rensen<span class=\"sp-c-lineup-pitch__player__number\" data-reactid=\".1yfb03t4gvu.0.0.0.1.$include-25.0.0.1:$panel-0.$0.0.0.1.2.0.0.1:$away-formation-row-4.$away-player-1.0\">, <\/span>Payne<\/span><\/span><\/p>\n<p><strong>Rozhod\u010d\u00ed:<\/strong> Stacey Pearson\u00a0 <strong>Div\u00e1ci: <\/strong>4 203<\/p>\n<p><iframe loading=\"lazy\" title=\"Aston Villa vs Everton - Highlights wsl - Women&#039;s super league 26-11-2023\" width=\"1140\" height=\"641\" src=\"https:\/\/www.youtube.com\/embed\/Bqmz_rEmXhE?feature=oembed\" frameborder=\"0\" allow=\"accelerometer; autoplay; clipboard-write; encrypted-media; gyroscope; picture-in-picture; web-share\" allowfullscreen><\/iframe><\/p>\n","protected":false},"excerpt":{"rendered":"<p>Souboj dvou t\u00fdm\u016f na \u0161patn\u00e9m konci tabulky dopadl nakonec l\u00e9pe pro na\u0161e barvy. Ale \u00fapln\u011b pohodov\u00e9\u00a0 v\u00edt\u011bzstv\u00ed to nebylo.<\/p>\n","protected":false},"author":26,"featured_media":23378,"comment_status":"open","ping_status":"closed","sticky":false,"template":"","format":"standard","meta":{"_eb_attr":"","_monsterinsights_skip_tracking":false,"_monsterinsights_sitenote_active":false,"_monsterinsights_sitenote_note":"","_monsterinsights_sitenote_category":0,"footnotes":""},"categories":[110],"tags":[],"yoast_head":"<!-- This site is optimized with the Yoast SEO plugin v23.4 - https:\/\/yoast.com\/wordpress\/plugins\/seo\/ -->\n<title>Aston Villa W - Everton W 1:2 - Official Czech &amp; Slovak Everton Supporters&#039; Club<\/title>\n<meta name=\"robots\" content=\"index, follow, max-snippet:-1, max-image-preview:large, max-video-preview:-1\" \/>\n<link rel=\"canonical\" href=\"https:\/\/evertonfc.cz\/index.php\/2023\/11\/30\/aston-villa-w-everton-w-12\/\" \/>\n<meta property=\"og:locale\" content=\"cs_CZ\" \/>\n<meta property=\"og:type\" content=\"article\" \/>\n<meta property=\"og:title\" content=\"Aston Villa W - Everton W 1:2 - Official Czech &amp; Slovak Everton Supporters&#039; Club\" \/>\n<meta property=\"og:description\" content=\"Souboj dvou t\u00fdm\u016f na \u0161patn\u00e9m konci tabulky dopadl nakonec l\u00e9pe pro na\u0161e barvy. Ale \u00fapln\u011b pohodov\u00e9\u00a0 v\u00edt\u011bzstv\u00ed to nebylo.\" \/>\n<meta property=\"og:url\" content=\"https:\/\/evertonfc.cz\/index.php\/2023\/11\/30\/aston-villa-w-everton-w-12\/\" \/>\n<meta property=\"og:site_name\" content=\"Official Czech &amp; Slovak Everton Supporters&#039; Club\" \/>\n<meta property=\"article:publisher\" content=\"https:\/\/www.facebook.com\/everton.fans.cz.sk\" \/>\n<meta property=\"article:published_time\" content=\"2023-11-30T18:55:03+00:00\" \/>\n<meta property=\"article:modified_time\" content=\"2023-12-01T10:59:06+00:00\" \/>\n<meta property=\"og:image\" content=\"https:\/\/evertonfc.cz\/wp-content\/uploads\/2023\/11\/Vanhaevermaet-vs-Villa-26_11_2023-web.jpg\" \/>\n\t<meta property=\"og:image:width\" content=\"720\" \/>\n\t<meta property=\"og:image:height\" content=\"405\" \/>\n\t<meta property=\"og:image:type\" content=\"image\/jpeg\" \/>\n<meta name=\"author\" content=\"Karamela\" \/>\n<meta name=\"twitter:card\" content=\"summary_large_image\" \/>\n<meta name=\"twitter:label1\" content=\"Napsal(a)\" \/>\n\t<meta name=\"twitter:data1\" content=\"Karamela\" \/>\n\t<meta name=\"twitter:label2\" content=\"Odhadovan\u00e1 doba \u010dten\u00ed\" \/>\n\t<meta name=\"twitter:data2\" content=\"4 minuty\" \/>\n<script type=\"application\/ld+json\" class=\"yoast-schema-graph\">{\"@context\":\"https:\/\/schema.org\",\"@graph\":[{\"@type\":\"Article\",\"@id\":\"https:\/\/evertonfc.cz\/index.php\/2023\/11\/30\/aston-villa-w-everton-w-12\/#article\",\"isPartOf\":{\"@id\":\"https:\/\/evertonfc.cz\/index.php\/2023\/11\/30\/aston-villa-w-everton-w-12\/\"},\"author\":{\"name\":\"Karamela\",\"@id\":\"https:\/\/evertonfc.cz\/#\/schema\/person\/e9a24a80a32efa1344dd2c4e5882185c\"},\"headline\":\"Aston Villa W &#8211; Everton W 1:2\",\"datePublished\":\"2023-11-30T18:55:03+00:00\",\"dateModified\":\"2023-12-01T10:59:06+00:00\",\"mainEntityOfPage\":{\"@id\":\"https:\/\/evertonfc.cz\/index.php\/2023\/11\/30\/aston-villa-w-everton-w-12\/\"},\"wordCount\":991,\"commentCount\":4,\"publisher\":{\"@id\":\"https:\/\/evertonfc.cz\/#organization\"},\"image\":{\"@id\":\"https:\/\/evertonfc.cz\/index.php\/2023\/11\/30\/aston-villa-w-everton-w-12\/#primaryimage\"},\"thumbnailUrl\":\"https:\/\/evertonfc.cz\/wp-content\/uploads\/2023\/11\/Vanhaevermaet-vs-Villa-26_11_2023-web.jpg\",\"articleSection\":[\"Everton Women\"],\"inLanguage\":\"cs\",\"potentialAction\":[{\"@type\":\"CommentAction\",\"name\":\"Comment\",\"target\":[\"https:\/\/evertonfc.cz\/index.php\/2023\/11\/30\/aston-villa-w-everton-w-12\/#respond\"]}]},{\"@type\":\"WebPage\",\"@id\":\"https:\/\/evertonfc.cz\/index.php\/2023\/11\/30\/aston-villa-w-everton-w-12\/\",\"url\":\"https:\/\/evertonfc.cz\/index.php\/2023\/11\/30\/aston-villa-w-everton-w-12\/\",\"name\":\"Aston Villa W - Everton W 1:2 - Official Czech &amp; Slovak Everton Supporters&#039; Club\",\"isPartOf\":{\"@id\":\"https:\/\/evertonfc.cz\/#website\"},\"primaryImageOfPage\":{\"@id\":\"https:\/\/evertonfc.cz\/index.php\/2023\/11\/30\/aston-villa-w-everton-w-12\/#primaryimage\"},\"image\":{\"@id\":\"https:\/\/evertonfc.cz\/index.php\/2023\/11\/30\/aston-villa-w-everton-w-12\/#primaryimage\"},\"thumbnailUrl\":\"https:\/\/evertonfc.cz\/wp-content\/uploads\/2023\/11\/Vanhaevermaet-vs-Villa-26_11_2023-web.jpg\",\"datePublished\":\"2023-11-30T18:55:03+00:00\",\"dateModified\":\"2023-12-01T10:59:06+00:00\",\"breadcrumb\":{\"@id\":\"https:\/\/evertonfc.cz\/index.php\/2023\/11\/30\/aston-villa-w-everton-w-12\/#breadcrumb\"},\"inLanguage\":\"cs\",\"potentialAction\":[{\"@type\":\"ReadAction\",\"target\":[\"https:\/\/evertonfc.cz\/index.php\/2023\/11\/30\/aston-villa-w-everton-w-12\/\"]}]},{\"@type\":\"ImageObject\",\"inLanguage\":\"cs\",\"@id\":\"https:\/\/evertonfc.cz\/index.php\/2023\/11\/30\/aston-villa-w-everton-w-12\/#primaryimage\",\"url\":\"https:\/\/evertonfc.cz\/wp-content\/uploads\/2023\/11\/Vanhaevermaet-vs-Villa-26_11_2023-web.jpg\",\"contentUrl\":\"https:\/\/evertonfc.cz\/wp-content\/uploads\/2023\/11\/Vanhaevermaet-vs-Villa-26_11_2023-web.jpg\",\"width\":720,\"height\":405},{\"@type\":\"BreadcrumbList\",\"@id\":\"https:\/\/evertonfc.cz\/index.php\/2023\/11\/30\/aston-villa-w-everton-w-12\/#breadcrumb\",\"itemListElement\":[{\"@type\":\"ListItem\",\"position\":1,\"name\":\"Home\",\"item\":\"https:\/\/evertonfc.cz\/\"},{\"@type\":\"ListItem\",\"position\":2,\"name\":\"Aston Villa W &#8211; Everton W 1:2\"}]},{\"@type\":\"WebSite\",\"@id\":\"https:\/\/evertonfc.cz\/#website\",\"url\":\"https:\/\/evertonfc.cz\/\",\"name\":\"Official Czech &amp; Slovak Everton Supporters&#039; Club\",\"description\":\"\",\"publisher\":{\"@id\":\"https:\/\/evertonfc.cz\/#organization\"},\"potentialAction\":[{\"@type\":\"SearchAction\",\"target\":{\"@type\":\"EntryPoint\",\"urlTemplate\":\"https:\/\/evertonfc.cz\/?s={search_term_string}\"},\"query-input\":{\"@type\":\"PropertyValueSpecification\",\"valueRequired\":true,\"valueName\":\"search_term_string\"}}],\"inLanguage\":\"cs\"},{\"@type\":\"Organization\",\"@id\":\"https:\/\/evertonfc.cz\/#organization\",\"name\":\"Official Czech & Slovak Everton Supporters' Club\",\"url\":\"https:\/\/evertonfc.cz\/\",\"logo\":{\"@type\":\"ImageObject\",\"inLanguage\":\"cs\",\"@id\":\"https:\/\/evertonfc.cz\/#\/schema\/logo\/image\/\",\"url\":\"https:\/\/evertonfc.cz\/wp-content\/uploads\/2019\/05\/logo.png\",\"contentUrl\":\"https:\/\/evertonfc.cz\/wp-content\/uploads\/2019\/05\/logo.png\",\"width\":112,\"height\":112,\"caption\":\"Official Czech & Slovak Everton Supporters' Club\"},\"image\":{\"@id\":\"https:\/\/evertonfc.cz\/#\/schema\/logo\/image\/\"},\"sameAs\":[\"https:\/\/www.facebook.com\/everton.fans.cz.sk\"]},{\"@type\":\"Person\",\"@id\":\"https:\/\/evertonfc.cz\/#\/schema\/person\/e9a24a80a32efa1344dd2c4e5882185c\",\"name\":\"Karamela\",\"url\":\"https:\/\/evertonfc.cz\/index.php\/author\/karamela\/\"}]}<\/script>\n<!-- \/ Yoast SEO plugin. -->","yoast_head_json":{"title":"Aston Villa W - Everton W 1:2 - Official Czech &amp; Slovak Everton Supporters&#039; Club","robots":{"index":"index","follow":"follow","max-snippet":"max-snippet:-1","max-image-preview":"max-image-preview:large","max-video-preview":"max-video-preview:-1"},"canonical":"https:\/\/evertonfc.cz\/index.php\/2023\/11\/30\/aston-villa-w-everton-w-12\/","og_locale":"cs_CZ","og_type":"article","og_title":"Aston Villa W - Everton W 1:2 - Official Czech &amp; Slovak Everton Supporters&#039; Club","og_description":"Souboj dvou t\u00fdm\u016f na \u0161patn\u00e9m konci tabulky dopadl nakonec l\u00e9pe pro na\u0161e barvy. Ale \u00fapln\u011b pohodov\u00e9\u00a0 v\u00edt\u011bzstv\u00ed to nebylo.","og_url":"https:\/\/evertonfc.cz\/index.php\/2023\/11\/30\/aston-villa-w-everton-w-12\/","og_site_name":"Official Czech &amp; Slovak Everton Supporters&#039; Club","article_publisher":"https:\/\/www.facebook.com\/everton.fans.cz.sk","article_published_time":"2023-11-30T18:55:03+00:00","article_modified_time":"2023-12-01T10:59:06+00:00","og_image":[{"width":720,"height":405,"url":"https:\/\/evertonfc.cz\/wp-content\/uploads\/2023\/11\/Vanhaevermaet-vs-Villa-26_11_2023-web.jpg","type":"image\/jpeg"}],"author":"Karamela","twitter_card":"summary_large_image","twitter_misc":{"Napsal(a)":"Karamela","Odhadovan\u00e1 doba \u010dten\u00ed":"4 minuty"},"schema":{"@context":"https:\/\/schema.org","@graph":[{"@type":"Article","@id":"https:\/\/evertonfc.cz\/index.php\/2023\/11\/30\/aston-villa-w-everton-w-12\/#article","isPartOf":{"@id":"https:\/\/evertonfc.cz\/index.php\/2023\/11\/30\/aston-villa-w-everton-w-12\/"},"author":{"name":"Karamela","@id":"https:\/\/evertonfc.cz\/#\/schema\/person\/e9a24a80a32efa1344dd2c4e5882185c"},"headline":"Aston Villa W &#8211; Everton W 1:2","datePublished":"2023-11-30T18:55:03+00:00","dateModified":"2023-12-01T10:59:06+00:00","mainEntityOfPage":{"@id":"https:\/\/evertonfc.cz\/index.php\/2023\/11\/30\/aston-villa-w-everton-w-12\/"},"wordCount":991,"commentCount":4,"publisher":{"@id":"https:\/\/evertonfc.cz\/#organization"},"image":{"@id":"https:\/\/evertonfc.cz\/index.php\/2023\/11\/30\/aston-villa-w-everton-w-12\/#primaryimage"},"thumbnailUrl":"https:\/\/evertonfc.cz\/wp-content\/uploads\/2023\/11\/Vanhaevermaet-vs-Villa-26_11_2023-web.jpg","articleSection":["Everton Women"],"inLanguage":"cs","potentialAction":[{"@type":"CommentAction","name":"Comment","target":["https:\/\/evertonfc.cz\/index.php\/2023\/11\/30\/aston-villa-w-everton-w-12\/#respond"]}]},{"@type":"WebPage","@id":"https:\/\/evertonfc.cz\/index.php\/2023\/11\/30\/aston-villa-w-everton-w-12\/","url":"https:\/\/evertonfc.cz\/index.php\/2023\/11\/30\/aston-villa-w-everton-w-12\/","name":"Aston Villa W - Everton W 1:2 - Official Czech &amp; Slovak Everton Supporters&#039; Club","isPartOf":{"@id":"https:\/\/evertonfc.cz\/#website"},"primaryImageOfPage":{"@id":"https:\/\/evertonfc.cz\/index.php\/2023\/11\/30\/aston-villa-w-everton-w-12\/#primaryimage"},"image":{"@id":"https:\/\/evertonfc.cz\/index.php\/2023\/11\/30\/aston-villa-w-everton-w-12\/#primaryimage"},"thumbnailUrl":"https:\/\/evertonfc.cz\/wp-content\/uploads\/2023\/11\/Vanhaevermaet-vs-Villa-26_11_2023-web.jpg","datePublished":"2023-11-30T18:55:03+00:00","dateModified":"2023-12-01T10:59:06+00:00","breadcrumb":{"@id":"https:\/\/evertonfc.cz\/index.php\/2023\/11\/30\/aston-villa-w-everton-w-12\/#breadcrumb"},"inLanguage":"cs","potentialAction":[{"@type":"ReadAction","target":["https:\/\/evertonfc.cz\/index.php\/2023\/11\/30\/aston-villa-w-everton-w-12\/"]}]},{"@type":"ImageObject","inLanguage":"cs","@id":"https:\/\/evertonfc.cz\/index.php\/2023\/11\/30\/aston-villa-w-everton-w-12\/#primaryimage","url":"https:\/\/evertonfc.cz\/wp-content\/uploads\/2023\/11\/Vanhaevermaet-vs-Villa-26_11_2023-web.jpg","contentUrl":"https:\/\/evertonfc.cz\/wp-content\/uploads\/2023\/11\/Vanhaevermaet-vs-Villa-26_11_2023-web.jpg","width":720,"height":405},{"@type":"BreadcrumbList","@id":"https:\/\/evertonfc.cz\/index.php\/2023\/11\/30\/aston-villa-w-everton-w-12\/#breadcrumb","itemListElement":[{"@type":"ListItem","position":1,"name":"Home","item":"https:\/\/evertonfc.cz\/"},{"@type":"ListItem","position":2,"name":"Aston Villa W &#8211; Everton W 1:2"}]},{"@type":"WebSite","@id":"https:\/\/evertonfc.cz\/#website","url":"https:\/\/evertonfc.cz\/","name":"Official Czech &amp; Slovak Everton Supporters&#039; Club","description":"","publisher":{"@id":"https:\/\/evertonfc.cz\/#organization"},"potentialAction":[{"@type":"SearchAction","target":{"@type":"EntryPoint","urlTemplate":"https:\/\/evertonfc.cz\/?s={search_term_string}"},"query-input":{"@type":"PropertyValueSpecification","valueRequired":true,"valueName":"search_term_string"}}],"inLanguage":"cs"},{"@type":"Organization","@id":"https:\/\/evertonfc.cz\/#organization","name":"Official Czech & Slovak Everton Supporters' Club","url":"https:\/\/evertonfc.cz\/","logo":{"@type":"ImageObject","inLanguage":"cs","@id":"https:\/\/evertonfc.cz\/#\/schema\/logo\/image\/","url":"https:\/\/evertonfc.cz\/wp-content\/uploads\/2019\/05\/logo.png","contentUrl":"https:\/\/evertonfc.cz\/wp-content\/uploads\/2019\/05\/logo.png","width":112,"height":112,"caption":"Official Czech & Slovak Everton Supporters' Club"},"image":{"@id":"https:\/\/evertonfc.cz\/#\/schema\/logo\/image\/"},"sameAs":["https:\/\/www.facebook.com\/everton.fans.cz.sk"]},{"@type":"Person","@id":"https:\/\/evertonfc.cz\/#\/schema\/person\/e9a24a80a32efa1344dd2c4e5882185c","name":"Karamela","url":"https:\/\/evertonfc.cz\/index.php\/author\/karamela\/"}]}},"_links":{"self":[{"href":"https:\/\/evertonfc.cz\/index.php\/wp-json\/wp\/v2\/posts\/23363"}],"collection":[{"href":"https:\/\/evertonfc.cz\/index.php\/wp-json\/wp\/v2\/posts"}],"about":[{"href":"https:\/\/evertonfc.cz\/index.php\/wp-json\/wp\/v2\/types\/post"}],"author":[{"embeddable":true,"href":"https:\/\/evertonfc.cz\/index.php\/wp-json\/wp\/v2\/users\/26"}],"replies":[{"embeddable":true,"href":"https:\/\/evertonfc.cz\/index.php\/wp-json\/wp\/v2\/comments?post=23363"}],"version-history":[{"count":8,"href":"https:\/\/evertonfc.cz\/index.php\/wp-json\/wp\/v2\/posts\/23363\/revisions"}],"predecessor-version":[{"id":23382,"href":"https:\/\/evertonfc.cz\/index.php\/wp-json\/wp\/v2\/posts\/23363\/revisions\/23382"}],"wp:featuredmedia":[{"embeddable":true,"href":"https:\/\/evertonfc.cz\/index.php\/wp-json\/wp\/v2\/media\/23378"}],"wp:attachment":[{"href":"https:\/\/evertonfc.cz\/index.php\/wp-json\/wp\/v2\/media?parent=23363"}],"wp:term":[{"taxonomy":"category","embeddable":true,"href":"https:\/\/evertonfc.cz\/index.php\/wp-json\/wp\/v2\/categories?post=23363"},{"taxonomy":"post_tag","embeddable":true,"href":"https:\/\/evertonfc.cz\/index.php\/wp-json\/wp\/v2\/tags?post=23363"}],"curies":[{"name":"wp","href":"https:\/\/api.w.org\/{rel}","templated":true}]}}