{"id":23367,"date":"2023-11-30T15:36:05","date_gmt":"2023-11-30T14:36:05","guid":{"rendered":"https:\/\/evertonfc.cz\/?p=23367"},"modified":"2023-11-30T17:01:57","modified_gmt":"2023-11-30T16:01:57","slug":"jagielka-ukoncil-karieru","status":"publish","type":"post","link":"https:\/\/evertonfc.cz\/index.php\/2023\/11\/30\/jagielka-ukoncil-karieru\/","title":{"rendered":"Jagielka ukon\u010dil kari\u00e9ru"},"content":{"rendered":"<h4>B\u00fdval\u00fd ikonick\u00fd stop\u00e9r EFC Phil Jagielka odi\u0161iel do futbalov\u00e9ho d\u00f4chodku vo veku \u00factyhodn\u00fdch 41 rokov. Na t\u00fa raketu z\u00a0Anfieldu nikdy nezabudneme!<\/h4>\n<p>Jags bol na konci minulej sez\u00f3ny prepusten\u00fd zo Stoke v Championship a rozhodol sa ukon\u010di\u0165 23-ro\u010dn\u00fa profesion\u00e1lnu hr\u00e1\u010dsku kari\u00e9ru. Na klubovej \u00farovni odohral viac ako 750 z\u00e1pasov a v rokoch 2008-16 odohral 40 z\u00e1pasov za Anglicko, pri\u010dom strelil tri g\u00f3ly a bol s\u00fa\u010das\u0165ou t\u00edmov na Majstrovstv\u00e1ch sveta 2012 a 2014.<\/p>\n<p><a href=\"https:\/\/evertonfc.cz\/index.php\/soupiska\/phil-jagielka\/\" target=\"_blank\" rel=\"noopener\">Rod\u00e1k zo Sale<\/a>,\u00a0metropolitnej oblasti Manchesteru, bol v\u00a0akad\u00e9mii Karameliek e\u0161te ako \u0161kol\u00e1k. No tam sa mu pr\u00edli\u0161 nedarilo, a\u00a0tak to sk\u00fa\u0161al v\u00a0Stoke \u010di Manchesteri City. A\u017e sheffieldsk\u00e9 \u00fa\u010dka mu dali ako 15-ro\u010dn\u00e9mu \u0161ancu.<\/p>\n<p>Prv\u00fdch sedem rokov svojej senior kari\u00e9ry str\u00e1vil teda tam. Pomohol im z\u00edska\u0165 postup do Premier League pod veden\u00edm Neila Warnocka v roku 2006. Potom v roku 2007 prest\u00fapil k Evertonu v hodnote 4 mili\u00f3nov libier. V Goodison Parku str\u00e1vil 12 rokov, kde bol kapit\u00e1nom klubu od r. 2013 a\u017e 2019.<\/p>\n<h4><strong>Jagielka o\u00a0konci kari\u00e9ri:<\/strong><\/h4>\n<blockquote><p><span style=\"font-size: 12pt;\"><em>\u201eAko m\u00f4\u017eete vidie\u0165 pod\u013ea na\u010dasovania, sna\u017eil som sa zosta\u0165 na trhu o nie\u010do dlh\u0161ie, aby som zistil, \u010di sa niekomu nechce da\u0165 mi pr\u00edle\u017eitos\u0165 pred\u013a\u017ei\u0165 si to, ale neurobili to a ch\u00e1pem to. Som na seba ve\u013emi hrd\u00fd, \u017ee som hral v\u00a040tke. Ak by ste ma posadili ako 15 alebo 16-ro\u010dn\u00e9 die\u0165a po tom, \u010do mi povedali, \u017ee nie som dos\u0165 dobr\u00fd, a povedali by ste mi, \u017ee budem hra\u0165 a sk\u00f3rova\u0165 v\u00a040tke, a\u00a0budem ma\u0165 tak\u00fa kari\u00e9ru, ak\u00fa som mal, potom si nemysl\u00edm, \u017ee by som mohol ma\u0165 pr\u00edli\u0161 ve\u013ea s\u0165a\u017enost\u00ed.<\/em> <em>V\u017edy som hovoril, \u017ee ke\u010f budem na d\u00f4chodku, bude to golf, golf, golf! Ale d\u00e1m si trochu \u010dasu. \u010ci budem tr\u00e9nova\u0165? Neviem.\u201c<\/em><\/span><\/p><\/blockquote>\n<p>Vo svojom prvom p\u00f4sobisku u The Blades sa mu kuri\u00f3zne hne\u010f dvakr\u00e1t stalo, \u017ee musel chyta\u0165 v br\u00e1nke na dlh\u00e9 min\u00faty. Proti Millwallu v roku 2004 a Arsenalu v roku 2006. Sheffield United vyhral oba z\u00e1pasy. Jagielka prezradil, \u017ee jeho v\u00fdnimo\u010dn\u00fd moment u The Toffees bola jeho v\u00ed\u0165azn\u00e1 penalta v semifin\u00e1lovom rozstrele FA Cupu s Manchestrom United v roku 2009 vo Wembley. Ale nane\u0161\u0165astie zme\u0161kal fin\u00e1lov\u00fa por\u00e1\u017eku s Chelsea po pretrhnut\u00ed predn\u00e9ho kr\u00ed\u017eneho v\u00e4zu. Po vypr\u0161an\u00ed zmluvy v Evertone v lete 2019 sa Jagielka vr\u00e1til do Sheffieldu United po postupe sp\u00e4\u0165 do Premier League. Po dvojro\u010dnom p\u00f4soben\u00ed na Bramall Lane str\u00e1vil koniec svojich hern\u00fdch dn\u00ed v Championship. Od augusta 2021 p\u00f4sobil v Derby County pod veden\u00edm Wayna Rooneyho na p\u00e4\u0165 mesiacov a potom ukon\u010dil kari\u00e9ru jeden a polro\u010dn\u00fdm pobytom v Stoke. Jagielkovo posledn\u00e9 profesion\u00e1lne vyst\u00fapenie pri\u0161lo na Vicarage Road, ke\u010f v m\u00e1ji hral v z\u00e1klade Stoke proti Watfordu (2:0).<\/p>\n<h4><strong>Jagielka o Evertone:<\/strong><\/h4>\n<blockquote><p><span style=\"font-size: 12pt;\"><em>\u201eSamotn\u00fd klub pre m\u0148a znamen\u00e1 sakra ve\u013ea. A teraz, ke\u010f som na d\u00f4chodku, bude pekn\u00e9, \u017ee sa tam vr\u00e1tim a u\u017eijem si to o nie\u010do viac, ako by som to urobil predt\u00fdm. Nechcel som od\u00eds\u0165 [z Evertonu] a sp\u00f4sob, ak\u00fdm som odi\u0161iel, bol trochu sklaman\u00edm a frustr\u00e1ciou. Nehral som to\u013eko a hovorilo sa, \u017ee by mohla by\u0165 \u010fal\u0161ia sez\u00f3na aj pre m\u0148a. Potom ma nasadili na posledn\u00fdch p\u00e4\u0165 alebo 10 min\u00fat dom\u00e1ceho z\u00e1pasu a vedel som, \u017ee \u010das vypr\u0161al. \u017dia\u013e, neboli tam \u017eiadni priatelia ani rodina a nebol tam \u017eiaden rozpr\u00e1vkov\u00fd koniec, ale aj tak sa na to budem pozera\u0165 ako na \u00fa\u017easn\u00e9 chv\u00edle.\u201c<\/em><\/span><\/p><\/blockquote>\n<p style=\"text-align: right;\"><span style=\"font-size: 8pt;\">(fotozdroj: Sky Sports)<\/span><\/p>\n<p><iframe loading=\"lazy\" title=\"JAGIELKA&#039;S ANFIELD STUNNER! | PREMIER LEAGUE CLASSICS\" width=\"1140\" height=\"641\" src=\"https:\/\/www.youtube.com\/embed\/Gcu_CXukkDE?feature=oembed\" frameborder=\"0\" allow=\"accelerometer; autoplay; clipboard-write; encrypted-media; gyroscope; picture-in-picture; web-share\" allowfullscreen><\/iframe><\/p>\n","protected":false},"excerpt":{"rendered":"<p>B\u00fdval\u00fd ikonick\u00fd stop\u00e9r EFC Phil Jagielka odi\u0161iel do futbalov\u00e9ho d\u00f4chodku vo veku \u00factyhodn\u00fdch 41 rokov. Na t\u00fa raketu z\u00a0Anfieldu nikdy nezabudneme!<\/p>\n","protected":false},"author":1,"featured_media":23366,"comment_status":"open","ping_status":"closed","sticky":false,"template":"","format":"standard","meta":{"_eb_attr":"","_monsterinsights_skip_tracking":false,"_monsterinsights_sitenote_active":false,"_monsterinsights_sitenote_note":"","_monsterinsights_sitenote_category":0,"footnotes":""},"categories":[42],"tags":[],"yoast_head":"<!-- This site is optimized with the Yoast SEO plugin v23.4 - https:\/\/yoast.com\/wordpress\/plugins\/seo\/ -->\n<title>Jagielka ukon\u010dil kari\u00e9ru - Official Czech &amp; Slovak Everton Supporters&#039; Club<\/title>\n<meta name=\"robots\" content=\"index, follow, max-snippet:-1, max-image-preview:large, max-video-preview:-1\" \/>\n<link rel=\"canonical\" href=\"https:\/\/evertonfc.cz\/index.php\/2023\/11\/30\/jagielka-ukoncil-karieru\/\" \/>\n<meta property=\"og:locale\" content=\"cs_CZ\" \/>\n<meta property=\"og:type\" content=\"article\" \/>\n<meta property=\"og:title\" content=\"Jagielka ukon\u010dil kari\u00e9ru - Official Czech &amp; Slovak Everton Supporters&#039; Club\" \/>\n<meta property=\"og:description\" content=\"B\u00fdval\u00fd ikonick\u00fd stop\u00e9r EFC Phil Jagielka odi\u0161iel do futbalov\u00e9ho d\u00f4chodku vo veku \u00factyhodn\u00fdch 41 rokov. Na t\u00fa raketu z\u00a0Anfieldu nikdy nezabudneme!\" \/>\n<meta property=\"og:url\" content=\"https:\/\/evertonfc.cz\/index.php\/2023\/11\/30\/jagielka-ukoncil-karieru\/\" \/>\n<meta property=\"og:site_name\" content=\"Official Czech &amp; Slovak Everton Supporters&#039; Club\" \/>\n<meta property=\"article:publisher\" content=\"https:\/\/www.facebook.com\/everton.fans.cz.sk\" \/>\n<meta property=\"article:published_time\" content=\"2023-11-30T14:36:05+00:00\" \/>\n<meta property=\"article:modified_time\" content=\"2023-11-30T16:01:57+00:00\" \/>\n<meta property=\"og:image\" content=\"https:\/\/evertonfc.cz\/wp-content\/uploads\/2023\/11\/Jagielka-retire-by-Sky-Sports-28-11-2023.jpg\" \/>\n\t<meta property=\"og:image:width\" content=\"720\" \/>\n\t<meta property=\"og:image:height\" content=\"405\" \/>\n\t<meta property=\"og:image:type\" content=\"image\/jpeg\" \/>\n<meta name=\"author\" content=\"BlueBlooded\" \/>\n<meta name=\"twitter:card\" content=\"summary_large_image\" \/>\n<meta name=\"twitter:label1\" content=\"Napsal(a)\" \/>\n\t<meta name=\"twitter:data1\" content=\"BlueBlooded\" \/>\n\t<meta name=\"twitter:label2\" content=\"Odhadovan\u00e1 doba \u010dten\u00ed\" \/>\n\t<meta name=\"twitter:data2\" content=\"2 minuty\" \/>\n<script type=\"application\/ld+json\" class=\"yoast-schema-graph\">{\"@context\":\"https:\/\/schema.org\",\"@graph\":[{\"@type\":\"Article\",\"@id\":\"https:\/\/evertonfc.cz\/index.php\/2023\/11\/30\/jagielka-ukoncil-karieru\/#article\",\"isPartOf\":{\"@id\":\"https:\/\/evertonfc.cz\/index.php\/2023\/11\/30\/jagielka-ukoncil-karieru\/\"},\"author\":{\"name\":\"BlueBlooded\",\"@id\":\"https:\/\/evertonfc.cz\/#\/schema\/person\/d4493b8cbea51532597fbc4685698916\"},\"headline\":\"Jagielka ukon\u010dil kari\u00e9ru\",\"datePublished\":\"2023-11-30T14:36:05+00:00\",\"dateModified\":\"2023-11-30T16:01:57+00:00\",\"mainEntityOfPage\":{\"@id\":\"https:\/\/evertonfc.cz\/index.php\/2023\/11\/30\/jagielka-ukoncil-karieru\/\"},\"wordCount\":651,\"commentCount\":3,\"publisher\":{\"@id\":\"https:\/\/evertonfc.cz\/#organization\"},\"image\":{\"@id\":\"https:\/\/evertonfc.cz\/index.php\/2023\/11\/30\/jagielka-ukoncil-karieru\/#primaryimage\"},\"thumbnailUrl\":\"https:\/\/evertonfc.cz\/wp-content\/uploads\/2023\/11\/Jagielka-retire-by-Sky-Sports-28-11-2023.jpg\",\"articleSection\":[\"Aktuality\"],\"inLanguage\":\"cs\",\"potentialAction\":[{\"@type\":\"CommentAction\",\"name\":\"Comment\",\"target\":[\"https:\/\/evertonfc.cz\/index.php\/2023\/11\/30\/jagielka-ukoncil-karieru\/#respond\"]}]},{\"@type\":\"WebPage\",\"@id\":\"https:\/\/evertonfc.cz\/index.php\/2023\/11\/30\/jagielka-ukoncil-karieru\/\",\"url\":\"https:\/\/evertonfc.cz\/index.php\/2023\/11\/30\/jagielka-ukoncil-karieru\/\",\"name\":\"Jagielka ukon\u010dil kari\u00e9ru - Official Czech &amp; Slovak Everton Supporters&#039; Club\",\"isPartOf\":{\"@id\":\"https:\/\/evertonfc.cz\/#website\"},\"primaryImageOfPage\":{\"@id\":\"https:\/\/evertonfc.cz\/index.php\/2023\/11\/30\/jagielka-ukoncil-karieru\/#primaryimage\"},\"image\":{\"@id\":\"https:\/\/evertonfc.cz\/index.php\/2023\/11\/30\/jagielka-ukoncil-karieru\/#primaryimage\"},\"thumbnailUrl\":\"https:\/\/evertonfc.cz\/wp-content\/uploads\/2023\/11\/Jagielka-retire-by-Sky-Sports-28-11-2023.jpg\",\"datePublished\":\"2023-11-30T14:36:05+00:00\",\"dateModified\":\"2023-11-30T16:01:57+00:00\",\"breadcrumb\":{\"@id\":\"https:\/\/evertonfc.cz\/index.php\/2023\/11\/30\/jagielka-ukoncil-karieru\/#breadcrumb\"},\"inLanguage\":\"cs\",\"potentialAction\":[{\"@type\":\"ReadAction\",\"target\":[\"https:\/\/evertonfc.cz\/index.php\/2023\/11\/30\/jagielka-ukoncil-karieru\/\"]}]},{\"@type\":\"ImageObject\",\"inLanguage\":\"cs\",\"@id\":\"https:\/\/evertonfc.cz\/index.php\/2023\/11\/30\/jagielka-ukoncil-karieru\/#primaryimage\",\"url\":\"https:\/\/evertonfc.cz\/wp-content\/uploads\/2023\/11\/Jagielka-retire-by-Sky-Sports-28-11-2023.jpg\",\"contentUrl\":\"https:\/\/evertonfc.cz\/wp-content\/uploads\/2023\/11\/Jagielka-retire-by-Sky-Sports-28-11-2023.jpg\",\"width\":720,\"height\":405},{\"@type\":\"BreadcrumbList\",\"@id\":\"https:\/\/evertonfc.cz\/index.php\/2023\/11\/30\/jagielka-ukoncil-karieru\/#breadcrumb\",\"itemListElement\":[{\"@type\":\"ListItem\",\"position\":1,\"name\":\"Home\",\"item\":\"https:\/\/evertonfc.cz\/\"},{\"@type\":\"ListItem\",\"position\":2,\"name\":\"Jagielka ukon\u010dil kari\u00e9ru\"}]},{\"@type\":\"WebSite\",\"@id\":\"https:\/\/evertonfc.cz\/#website\",\"url\":\"https:\/\/evertonfc.cz\/\",\"name\":\"Official Czech &amp; Slovak Everton Supporters&#039; Club\",\"description\":\"\",\"publisher\":{\"@id\":\"https:\/\/evertonfc.cz\/#organization\"},\"potentialAction\":[{\"@type\":\"SearchAction\",\"target\":{\"@type\":\"EntryPoint\",\"urlTemplate\":\"https:\/\/evertonfc.cz\/?s={search_term_string}\"},\"query-input\":{\"@type\":\"PropertyValueSpecification\",\"valueRequired\":true,\"valueName\":\"search_term_string\"}}],\"inLanguage\":\"cs\"},{\"@type\":\"Organization\",\"@id\":\"https:\/\/evertonfc.cz\/#organization\",\"name\":\"Official Czech & Slovak Everton Supporters' Club\",\"url\":\"https:\/\/evertonfc.cz\/\",\"logo\":{\"@type\":\"ImageObject\",\"inLanguage\":\"cs\",\"@id\":\"https:\/\/evertonfc.cz\/#\/schema\/logo\/image\/\",\"url\":\"https:\/\/evertonfc.cz\/wp-content\/uploads\/2019\/05\/logo.png\",\"contentUrl\":\"https:\/\/evertonfc.cz\/wp-content\/uploads\/2019\/05\/logo.png\",\"width\":112,\"height\":112,\"caption\":\"Official Czech & Slovak Everton Supporters' Club\"},\"image\":{\"@id\":\"https:\/\/evertonfc.cz\/#\/schema\/logo\/image\/\"},\"sameAs\":[\"https:\/\/www.facebook.com\/everton.fans.cz.sk\"]},{\"@type\":\"Person\",\"@id\":\"https:\/\/evertonfc.cz\/#\/schema\/person\/d4493b8cbea51532597fbc4685698916\",\"name\":\"BlueBlooded\",\"url\":\"https:\/\/evertonfc.cz\/index.php\/author\/admin\/\"}]}<\/script>\n<!-- \/ Yoast SEO plugin. -->","yoast_head_json":{"title":"Jagielka ukon\u010dil kari\u00e9ru - Official Czech &amp; Slovak Everton Supporters&#039; Club","robots":{"index":"index","follow":"follow","max-snippet":"max-snippet:-1","max-image-preview":"max-image-preview:large","max-video-preview":"max-video-preview:-1"},"canonical":"https:\/\/evertonfc.cz\/index.php\/2023\/11\/30\/jagielka-ukoncil-karieru\/","og_locale":"cs_CZ","og_type":"article","og_title":"Jagielka ukon\u010dil kari\u00e9ru - Official Czech &amp; Slovak Everton Supporters&#039; Club","og_description":"B\u00fdval\u00fd ikonick\u00fd stop\u00e9r EFC Phil Jagielka odi\u0161iel do futbalov\u00e9ho d\u00f4chodku vo veku \u00factyhodn\u00fdch 41 rokov. Na t\u00fa raketu z\u00a0Anfieldu nikdy nezabudneme!","og_url":"https:\/\/evertonfc.cz\/index.php\/2023\/11\/30\/jagielka-ukoncil-karieru\/","og_site_name":"Official Czech &amp; Slovak Everton Supporters&#039; Club","article_publisher":"https:\/\/www.facebook.com\/everton.fans.cz.sk","article_published_time":"2023-11-30T14:36:05+00:00","article_modified_time":"2023-11-30T16:01:57+00:00","og_image":[{"width":720,"height":405,"url":"https:\/\/evertonfc.cz\/wp-content\/uploads\/2023\/11\/Jagielka-retire-by-Sky-Sports-28-11-2023.jpg","type":"image\/jpeg"}],"author":"BlueBlooded","twitter_card":"summary_large_image","twitter_misc":{"Napsal(a)":"BlueBlooded","Odhadovan\u00e1 doba \u010dten\u00ed":"2 minuty"},"schema":{"@context":"https:\/\/schema.org","@graph":[{"@type":"Article","@id":"https:\/\/evertonfc.cz\/index.php\/2023\/11\/30\/jagielka-ukoncil-karieru\/#article","isPartOf":{"@id":"https:\/\/evertonfc.cz\/index.php\/2023\/11\/30\/jagielka-ukoncil-karieru\/"},"author":{"name":"BlueBlooded","@id":"https:\/\/evertonfc.cz\/#\/schema\/person\/d4493b8cbea51532597fbc4685698916"},"headline":"Jagielka ukon\u010dil kari\u00e9ru","datePublished":"2023-11-30T14:36:05+00:00","dateModified":"2023-11-30T16:01:57+00:00","mainEntityOfPage":{"@id":"https:\/\/evertonfc.cz\/index.php\/2023\/11\/30\/jagielka-ukoncil-karieru\/"},"wordCount":651,"commentCount":3,"publisher":{"@id":"https:\/\/evertonfc.cz\/#organization"},"image":{"@id":"https:\/\/evertonfc.cz\/index.php\/2023\/11\/30\/jagielka-ukoncil-karieru\/#primaryimage"},"thumbnailUrl":"https:\/\/evertonfc.cz\/wp-content\/uploads\/2023\/11\/Jagielka-retire-by-Sky-Sports-28-11-2023.jpg","articleSection":["Aktuality"],"inLanguage":"cs","potentialAction":[{"@type":"CommentAction","name":"Comment","target":["https:\/\/evertonfc.cz\/index.php\/2023\/11\/30\/jagielka-ukoncil-karieru\/#respond"]}]},{"@type":"WebPage","@id":"https:\/\/evertonfc.cz\/index.php\/2023\/11\/30\/jagielka-ukoncil-karieru\/","url":"https:\/\/evertonfc.cz\/index.php\/2023\/11\/30\/jagielka-ukoncil-karieru\/","name":"Jagielka ukon\u010dil kari\u00e9ru - Official Czech &amp; Slovak Everton Supporters&#039; Club","isPartOf":{"@id":"https:\/\/evertonfc.cz\/#website"},"primaryImageOfPage":{"@id":"https:\/\/evertonfc.cz\/index.php\/2023\/11\/30\/jagielka-ukoncil-karieru\/#primaryimage"},"image":{"@id":"https:\/\/evertonfc.cz\/index.php\/2023\/11\/30\/jagielka-ukoncil-karieru\/#primaryimage"},"thumbnailUrl":"https:\/\/evertonfc.cz\/wp-content\/uploads\/2023\/11\/Jagielka-retire-by-Sky-Sports-28-11-2023.jpg","datePublished":"2023-11-30T14:36:05+00:00","dateModified":"2023-11-30T16:01:57+00:00","breadcrumb":{"@id":"https:\/\/evertonfc.cz\/index.php\/2023\/11\/30\/jagielka-ukoncil-karieru\/#breadcrumb"},"inLanguage":"cs","potentialAction":[{"@type":"ReadAction","target":["https:\/\/evertonfc.cz\/index.php\/2023\/11\/30\/jagielka-ukoncil-karieru\/"]}]},{"@type":"ImageObject","inLanguage":"cs","@id":"https:\/\/evertonfc.cz\/index.php\/2023\/11\/30\/jagielka-ukoncil-karieru\/#primaryimage","url":"https:\/\/evertonfc.cz\/wp-content\/uploads\/2023\/11\/Jagielka-retire-by-Sky-Sports-28-11-2023.jpg","contentUrl":"https:\/\/evertonfc.cz\/wp-content\/uploads\/2023\/11\/Jagielka-retire-by-Sky-Sports-28-11-2023.jpg","width":720,"height":405},{"@type":"BreadcrumbList","@id":"https:\/\/evertonfc.cz\/index.php\/2023\/11\/30\/jagielka-ukoncil-karieru\/#breadcrumb","itemListElement":[{"@type":"ListItem","position":1,"name":"Home","item":"https:\/\/evertonfc.cz\/"},{"@type":"ListItem","position":2,"name":"Jagielka ukon\u010dil kari\u00e9ru"}]},{"@type":"WebSite","@id":"https:\/\/evertonfc.cz\/#website","url":"https:\/\/evertonfc.cz\/","name":"Official Czech &amp; Slovak Everton Supporters&#039; Club","description":"","publisher":{"@id":"https:\/\/evertonfc.cz\/#organization"},"potentialAction":[{"@type":"SearchAction","target":{"@type":"EntryPoint","urlTemplate":"https:\/\/evertonfc.cz\/?s={search_term_string}"},"query-input":{"@type":"PropertyValueSpecification","valueRequired":true,"valueName":"search_term_string"}}],"inLanguage":"cs"},{"@type":"Organization","@id":"https:\/\/evertonfc.cz\/#organization","name":"Official Czech & Slovak Everton Supporters' Club","url":"https:\/\/evertonfc.cz\/","logo":{"@type":"ImageObject","inLanguage":"cs","@id":"https:\/\/evertonfc.cz\/#\/schema\/logo\/image\/","url":"https:\/\/evertonfc.cz\/wp-content\/uploads\/2019\/05\/logo.png","contentUrl":"https:\/\/evertonfc.cz\/wp-content\/uploads\/2019\/05\/logo.png","width":112,"height":112,"caption":"Official Czech & Slovak Everton Supporters' Club"},"image":{"@id":"https:\/\/evertonfc.cz\/#\/schema\/logo\/image\/"},"sameAs":["https:\/\/www.facebook.com\/everton.fans.cz.sk"]},{"@type":"Person","@id":"https:\/\/evertonfc.cz\/#\/schema\/person\/d4493b8cbea51532597fbc4685698916","name":"BlueBlooded","url":"https:\/\/evertonfc.cz\/index.php\/author\/admin\/"}]}},"_links":{"self":[{"href":"https:\/\/evertonfc.cz\/index.php\/wp-json\/wp\/v2\/posts\/23367"}],"collection":[{"href":"https:\/\/evertonfc.cz\/index.php\/wp-json\/wp\/v2\/posts"}],"about":[{"href":"https:\/\/evertonfc.cz\/index.php\/wp-json\/wp\/v2\/types\/post"}],"author":[{"embeddable":true,"href":"https:\/\/evertonfc.cz\/index.php\/wp-json\/wp\/v2\/users\/1"}],"replies":[{"embeddable":true,"href":"https:\/\/evertonfc.cz\/index.php\/wp-json\/wp\/v2\/comments?post=23367"}],"version-history":[{"count":7,"href":"https:\/\/evertonfc.cz\/index.php\/wp-json\/wp\/v2\/posts\/23367\/revisions"}],"predecessor-version":[{"id":23374,"href":"https:\/\/evertonfc.cz\/index.php\/wp-json\/wp\/v2\/posts\/23367\/revisions\/23374"}],"wp:featuredmedia":[{"embeddable":true,"href":"https:\/\/evertonfc.cz\/index.php\/wp-json\/wp\/v2\/media\/23366"}],"wp:attachment":[{"href":"https:\/\/evertonfc.cz\/index.php\/wp-json\/wp\/v2\/media?parent=23367"}],"wp:term":[{"taxonomy":"category","embeddable":true,"href":"https:\/\/evertonfc.cz\/index.php\/wp-json\/wp\/v2\/categories?post=23367"},{"taxonomy":"post_tag","embeddable":true,"href":"https:\/\/evertonfc.cz\/index.php\/wp-json\/wp\/v2\/tags?post=23367"}],"curies":[{"name":"wp","href":"https:\/\/api.w.org\/{rel}","templated":true}]}}