{"id":2338,"date":"2017-11-02T20:28:45","date_gmt":"2017-11-02T19:28:45","guid":{"rendered":"http:\/\/evertonfc.cz\/?p=2338"},"modified":"2019-02-05T20:29:52","modified_gmt":"2019-02-05T19:29:52","slug":"el-preview-lyon-everton","status":"publish","type":"post","link":"https:\/\/evertonfc.cz\/index.php\/2017\/11\/02\/el-preview-lyon-everton\/","title":{"rendered":"EL Preview: Lyon &#8211; Everton"},"content":{"rendered":"\n<h4 class=\"wp-block-heading\">Dnes ve\u010der se pokus\u00ed Everton ve Francii p\u0159idat n\u011bjak\u00e9ho brat\u0159\u00ed\u010dka k zat\u00edm jedin\u00e1\u010dkovi. Bez Jagielky, Bainese a Rooneyho, zato s Feeneym. Povede se?<\/h4>\n\n\n\n<p>Evropsk\u00e1 liga je dal\u0161\u00ed sout\u011b\u017e, kde je pohled na tabulku celkem smutn\u00fd. Zat\u00edmco v Premier league je\u0161t\u011b n\u011bjak\u00e9 t\u00fdmy pod sebou, tak tady ne. Posledn\u00ed m\u00edsto. A dnes utk\u00e1n\u00ed na h\u0159i\u0161ti pap\u00edrov\u011b nejsiln\u011bj\u0161\u00edho t\u00fdmu skupiny.<\/p>\n\n\n\n<p>Nab\u00edz\u00ed se tak mo\u017enost, \u017ee by Everton nevzal z\u00e1pasy EL v\u00e1\u017en\u011b (stoup\u00e1n\u00ed tabulkou v lize je p\u0159ece jen priorita). To ale Unsworth odm\u00edt\u00e1 a na p\u0159edz\u00e1pasov\u00e9 tiskov\u00e9 konferenci prohl\u00e1sil, \u017ee do toho dnes daj\u00ed naprosto v\u0161echno. U\u017e jen kv\u016fli t\u0159em tis\u00edcovk\u00e1m fanou\u0161k\u016f, kte\u0159\u00ed do Lyonu p\u0159icestovali. Rhino je ale nalad\u011bn bojovn\u011b a chce zbyl\u00e9 t\u0159i z\u00e1pasy ve skupin\u011b vyhr\u00e1t. M\u011bl by, kdy\u017e za jist\u00fdch okolnost\u00ed m\u016f\u017ee b\u00fdt Everton ji\u017e dnes vy\u0159azen. Tak uvid\u00edme.<\/p>\n\n\n\n<p>Lyonu se ve francouzsk\u00e9 lize da\u0159\u00ed. O v\u00edkendu se povinnou v\u00fdhrou nad posledn\u00edmi M\u00e9tami 2:0 dostal na t\u0159et\u00ed m\u00edsto a knihuje t\u00e9\u017e s\u00e9rii v\u00edt\u011bzstv\u00ed ve stejn\u00e9m po\u010dtu. V lize celkov\u011b 11 bod\u016f z 15 mo\u017en\u00fdch. Je samoz\u0159ejm\u011b nutn\u00e9, aby si obrana dala pozor na Depaye. Zdrav\u00ed? Slou\u017e\u00ed velmi dob\u0159e, v posledn\u00edm z\u00e1pase chyb\u011bli pouze Gr\u00e9nier a Mendy. To host\u00e9 maj\u00ed n\u011bkolik dlouhodob\u011b zran\u011bn\u00fdch (Mori, Coleman, Bolasie, Barkley) a \u00fa\u010dast McCarthyho je s otazn\u00edkem. K dispozici nebude ani Keane, kter\u00fd l\u00e9\u010d\u00ed infekci v noze. Stopersk\u00e1 dvojice tak z\u0159ejm\u011b nastoup\u00ed ve slo\u017een\u00ed Williams (kter\u00fd bude kapit\u00e1nem) &#8211; Holgate.<\/p>\n\n\n\n<p>Utk\u00e1n\u00ed vys\u00edl\u00e1 p\u0159\u00edm\u00fdm p\u0159enosem stanice Nova sport 2.<\/p>\n\n\n\n<p><strong>Co:<\/strong>&nbsp;Olympique Lyonnais &#8211; Everton FC, Evropsk\u00e1 liga &#8211; z\u00e1kladn\u00ed skupina E, 4. hrac\u00ed den<br><strong>Kdy:<\/strong>&nbsp;2. 11. 2017 od 19:00 SE\u010c<br><strong>Kde:<\/strong>&nbsp;Groupama Stadium, Lyon (kapacita: 59 186)<br><strong>Rozhod\u010d\u00ed:<\/strong>&nbsp;Orel Grinfeld (Izr.)<\/p>\n","protected":false},"excerpt":{"rendered":"<p>Dnes ve\u010der se pokus\u00ed Everton ve Francii p\u0159idat n\u011bjak\u00e9ho brat\u0159\u00ed\u010dka k zat\u00edm jedin\u00e1\u010dkovi. Bez Jagielky, Bainese a Rooneyho, zato s&hellip;<\/p>\n","protected":false},"author":12,"featured_media":1314,"comment_status":"open","ping_status":"closed","sticky":false,"template":"","format":"standard","meta":{"_eb_attr":"","_monsterinsights_skip_tracking":false,"_monsterinsights_sitenote_active":false,"_monsterinsights_sitenote_note":"","_monsterinsights_sitenote_category":0,"footnotes":""},"categories":[4],"tags":[],"yoast_head":"<!-- This site is optimized with the Yoast SEO plugin v23.4 - https:\/\/yoast.com\/wordpress\/plugins\/seo\/ -->\n<title>EL Preview: Lyon - Everton - Official Czech &amp; Slovak Everton Supporters&#039; Club<\/title>\n<meta name=\"robots\" content=\"index, follow, max-snippet:-1, max-image-preview:large, max-video-preview:-1\" \/>\n<link rel=\"canonical\" href=\"https:\/\/evertonfc.cz\/index.php\/2017\/11\/02\/el-preview-lyon-everton\/\" \/>\n<meta property=\"og:locale\" content=\"cs_CZ\" \/>\n<meta property=\"og:type\" content=\"article\" \/>\n<meta property=\"og:title\" content=\"EL Preview: Lyon - Everton - Official Czech &amp; Slovak Everton Supporters&#039; Club\" \/>\n<meta property=\"og:description\" content=\"Dnes ve\u010der se pokus\u00ed Everton ve Francii p\u0159idat n\u011bjak\u00e9ho brat\u0159\u00ed\u010dka k zat\u00edm jedin\u00e1\u010dkovi. Bez Jagielky, Bainese a Rooneyho, zato s&hellip;\" \/>\n<meta property=\"og:url\" content=\"https:\/\/evertonfc.cz\/index.php\/2017\/11\/02\/el-preview-lyon-everton\/\" \/>\n<meta property=\"og:site_name\" content=\"Official Czech &amp; Slovak Everton Supporters&#039; Club\" \/>\n<meta property=\"article:publisher\" content=\"https:\/\/www.facebook.com\/everton.fans.cz.sk\" \/>\n<meta property=\"article:published_time\" content=\"2017-11-02T19:28:45+00:00\" \/>\n<meta property=\"article:modified_time\" content=\"2019-02-05T19:29:52+00:00\" \/>\n<meta property=\"og:image\" content=\"https:\/\/evertonfc.cz\/wp-content\/uploads\/2019\/01\/preview.jpg\" \/>\n\t<meta property=\"og:image:width\" content=\"720\" \/>\n\t<meta property=\"og:image:height\" content=\"405\" \/>\n\t<meta property=\"og:image:type\" content=\"image\/jpeg\" \/>\n<meta name=\"author\" content=\"Javor\" \/>\n<meta name=\"twitter:card\" content=\"summary_large_image\" \/>\n<meta name=\"twitter:creator\" content=\"@LoudinJan\" \/>\n<meta name=\"twitter:label1\" content=\"Napsal(a)\" \/>\n\t<meta name=\"twitter:data1\" content=\"Javor\" \/>\n\t<meta name=\"twitter:label2\" content=\"Odhadovan\u00e1 doba \u010dten\u00ed\" \/>\n\t<meta name=\"twitter:data2\" content=\"2 minuty\" \/>\n<script type=\"application\/ld+json\" class=\"yoast-schema-graph\">{\"@context\":\"https:\/\/schema.org\",\"@graph\":[{\"@type\":\"Article\",\"@id\":\"https:\/\/evertonfc.cz\/index.php\/2017\/11\/02\/el-preview-lyon-everton\/#article\",\"isPartOf\":{\"@id\":\"https:\/\/evertonfc.cz\/index.php\/2017\/11\/02\/el-preview-lyon-everton\/\"},\"author\":{\"name\":\"Javor\",\"@id\":\"https:\/\/evertonfc.cz\/#\/schema\/person\/b30daf6a5852f4811f8207a17ec1bf78\"},\"headline\":\"EL Preview: Lyon &#8211; Everton\",\"datePublished\":\"2017-11-02T19:28:45+00:00\",\"dateModified\":\"2019-02-05T19:29:52+00:00\",\"mainEntityOfPage\":{\"@id\":\"https:\/\/evertonfc.cz\/index.php\/2017\/11\/02\/el-preview-lyon-everton\/\"},\"wordCount\":344,\"commentCount\":0,\"publisher\":{\"@id\":\"https:\/\/evertonfc.cz\/#organization\"},\"image\":{\"@id\":\"https:\/\/evertonfc.cz\/index.php\/2017\/11\/02\/el-preview-lyon-everton\/#primaryimage\"},\"thumbnailUrl\":\"https:\/\/evertonfc.cz\/wp-content\/uploads\/2019\/01\/preview.jpg\",\"articleSection\":[\"Z\u00e1pasy\"],\"inLanguage\":\"cs\",\"potentialAction\":[{\"@type\":\"CommentAction\",\"name\":\"Comment\",\"target\":[\"https:\/\/evertonfc.cz\/index.php\/2017\/11\/02\/el-preview-lyon-everton\/#respond\"]}]},{\"@type\":\"WebPage\",\"@id\":\"https:\/\/evertonfc.cz\/index.php\/2017\/11\/02\/el-preview-lyon-everton\/\",\"url\":\"https:\/\/evertonfc.cz\/index.php\/2017\/11\/02\/el-preview-lyon-everton\/\",\"name\":\"EL Preview: Lyon - Everton - Official Czech &amp; Slovak Everton Supporters&#039; Club\",\"isPartOf\":{\"@id\":\"https:\/\/evertonfc.cz\/#website\"},\"primaryImageOfPage\":{\"@id\":\"https:\/\/evertonfc.cz\/index.php\/2017\/11\/02\/el-preview-lyon-everton\/#primaryimage\"},\"image\":{\"@id\":\"https:\/\/evertonfc.cz\/index.php\/2017\/11\/02\/el-preview-lyon-everton\/#primaryimage\"},\"thumbnailUrl\":\"https:\/\/evertonfc.cz\/wp-content\/uploads\/2019\/01\/preview.jpg\",\"datePublished\":\"2017-11-02T19:28:45+00:00\",\"dateModified\":\"2019-02-05T19:29:52+00:00\",\"breadcrumb\":{\"@id\":\"https:\/\/evertonfc.cz\/index.php\/2017\/11\/02\/el-preview-lyon-everton\/#breadcrumb\"},\"inLanguage\":\"cs\",\"potentialAction\":[{\"@type\":\"ReadAction\",\"target\":[\"https:\/\/evertonfc.cz\/index.php\/2017\/11\/02\/el-preview-lyon-everton\/\"]}]},{\"@type\":\"ImageObject\",\"inLanguage\":\"cs\",\"@id\":\"https:\/\/evertonfc.cz\/index.php\/2017\/11\/02\/el-preview-lyon-everton\/#primaryimage\",\"url\":\"https:\/\/evertonfc.cz\/wp-content\/uploads\/2019\/01\/preview.jpg\",\"contentUrl\":\"https:\/\/evertonfc.cz\/wp-content\/uploads\/2019\/01\/preview.jpg\",\"width\":720,\"height\":405},{\"@type\":\"BreadcrumbList\",\"@id\":\"https:\/\/evertonfc.cz\/index.php\/2017\/11\/02\/el-preview-lyon-everton\/#breadcrumb\",\"itemListElement\":[{\"@type\":\"ListItem\",\"position\":1,\"name\":\"Home\",\"item\":\"https:\/\/evertonfc.cz\/\"},{\"@type\":\"ListItem\",\"position\":2,\"name\":\"EL Preview: Lyon &#8211; Everton\"}]},{\"@type\":\"WebSite\",\"@id\":\"https:\/\/evertonfc.cz\/#website\",\"url\":\"https:\/\/evertonfc.cz\/\",\"name\":\"Official Czech &amp; Slovak Everton Supporters&#039; Club\",\"description\":\"\",\"publisher\":{\"@id\":\"https:\/\/evertonfc.cz\/#organization\"},\"potentialAction\":[{\"@type\":\"SearchAction\",\"target\":{\"@type\":\"EntryPoint\",\"urlTemplate\":\"https:\/\/evertonfc.cz\/?s={search_term_string}\"},\"query-input\":{\"@type\":\"PropertyValueSpecification\",\"valueRequired\":true,\"valueName\":\"search_term_string\"}}],\"inLanguage\":\"cs\"},{\"@type\":\"Organization\",\"@id\":\"https:\/\/evertonfc.cz\/#organization\",\"name\":\"Official Czech & Slovak Everton Supporters' Club\",\"url\":\"https:\/\/evertonfc.cz\/\",\"logo\":{\"@type\":\"ImageObject\",\"inLanguage\":\"cs\",\"@id\":\"https:\/\/evertonfc.cz\/#\/schema\/logo\/image\/\",\"url\":\"https:\/\/evertonfc.cz\/wp-content\/uploads\/2019\/05\/logo.png\",\"contentUrl\":\"https:\/\/evertonfc.cz\/wp-content\/uploads\/2019\/05\/logo.png\",\"width\":112,\"height\":112,\"caption\":\"Official Czech & Slovak Everton Supporters' Club\"},\"image\":{\"@id\":\"https:\/\/evertonfc.cz\/#\/schema\/logo\/image\/\"},\"sameAs\":[\"https:\/\/www.facebook.com\/everton.fans.cz.sk\"]},{\"@type\":\"Person\",\"@id\":\"https:\/\/evertonfc.cz\/#\/schema\/person\/b30daf6a5852f4811f8207a17ec1bf78\",\"name\":\"Javor\",\"sameAs\":[\"https:\/\/x.com\/LoudinJan\"],\"url\":\"https:\/\/evertonfc.cz\/index.php\/author\/javor\/\"}]}<\/script>\n<!-- \/ Yoast SEO plugin. -->","yoast_head_json":{"title":"EL Preview: Lyon - Everton - Official Czech &amp; Slovak Everton Supporters&#039; Club","robots":{"index":"index","follow":"follow","max-snippet":"max-snippet:-1","max-image-preview":"max-image-preview:large","max-video-preview":"max-video-preview:-1"},"canonical":"https:\/\/evertonfc.cz\/index.php\/2017\/11\/02\/el-preview-lyon-everton\/","og_locale":"cs_CZ","og_type":"article","og_title":"EL Preview: Lyon - Everton - Official Czech &amp; Slovak Everton Supporters&#039; Club","og_description":"Dnes ve\u010der se pokus\u00ed Everton ve Francii p\u0159idat n\u011bjak\u00e9ho brat\u0159\u00ed\u010dka k zat\u00edm jedin\u00e1\u010dkovi. Bez Jagielky, Bainese a Rooneyho, zato s&hellip;","og_url":"https:\/\/evertonfc.cz\/index.php\/2017\/11\/02\/el-preview-lyon-everton\/","og_site_name":"Official Czech &amp; Slovak Everton Supporters&#039; Club","article_publisher":"https:\/\/www.facebook.com\/everton.fans.cz.sk","article_published_time":"2017-11-02T19:28:45+00:00","article_modified_time":"2019-02-05T19:29:52+00:00","og_image":[{"width":720,"height":405,"url":"https:\/\/evertonfc.cz\/wp-content\/uploads\/2019\/01\/preview.jpg","type":"image\/jpeg"}],"author":"Javor","twitter_card":"summary_large_image","twitter_creator":"@LoudinJan","twitter_misc":{"Napsal(a)":"Javor","Odhadovan\u00e1 doba \u010dten\u00ed":"2 minuty"},"schema":{"@context":"https:\/\/schema.org","@graph":[{"@type":"Article","@id":"https:\/\/evertonfc.cz\/index.php\/2017\/11\/02\/el-preview-lyon-everton\/#article","isPartOf":{"@id":"https:\/\/evertonfc.cz\/index.php\/2017\/11\/02\/el-preview-lyon-everton\/"},"author":{"name":"Javor","@id":"https:\/\/evertonfc.cz\/#\/schema\/person\/b30daf6a5852f4811f8207a17ec1bf78"},"headline":"EL Preview: Lyon &#8211; Everton","datePublished":"2017-11-02T19:28:45+00:00","dateModified":"2019-02-05T19:29:52+00:00","mainEntityOfPage":{"@id":"https:\/\/evertonfc.cz\/index.php\/2017\/11\/02\/el-preview-lyon-everton\/"},"wordCount":344,"commentCount":0,"publisher":{"@id":"https:\/\/evertonfc.cz\/#organization"},"image":{"@id":"https:\/\/evertonfc.cz\/index.php\/2017\/11\/02\/el-preview-lyon-everton\/#primaryimage"},"thumbnailUrl":"https:\/\/evertonfc.cz\/wp-content\/uploads\/2019\/01\/preview.jpg","articleSection":["Z\u00e1pasy"],"inLanguage":"cs","potentialAction":[{"@type":"CommentAction","name":"Comment","target":["https:\/\/evertonfc.cz\/index.php\/2017\/11\/02\/el-preview-lyon-everton\/#respond"]}]},{"@type":"WebPage","@id":"https:\/\/evertonfc.cz\/index.php\/2017\/11\/02\/el-preview-lyon-everton\/","url":"https:\/\/evertonfc.cz\/index.php\/2017\/11\/02\/el-preview-lyon-everton\/","name":"EL Preview: Lyon - Everton - Official Czech &amp; Slovak Everton Supporters&#039; Club","isPartOf":{"@id":"https:\/\/evertonfc.cz\/#website"},"primaryImageOfPage":{"@id":"https:\/\/evertonfc.cz\/index.php\/2017\/11\/02\/el-preview-lyon-everton\/#primaryimage"},"image":{"@id":"https:\/\/evertonfc.cz\/index.php\/2017\/11\/02\/el-preview-lyon-everton\/#primaryimage"},"thumbnailUrl":"https:\/\/evertonfc.cz\/wp-content\/uploads\/2019\/01\/preview.jpg","datePublished":"2017-11-02T19:28:45+00:00","dateModified":"2019-02-05T19:29:52+00:00","breadcrumb":{"@id":"https:\/\/evertonfc.cz\/index.php\/2017\/11\/02\/el-preview-lyon-everton\/#breadcrumb"},"inLanguage":"cs","potentialAction":[{"@type":"ReadAction","target":["https:\/\/evertonfc.cz\/index.php\/2017\/11\/02\/el-preview-lyon-everton\/"]}]},{"@type":"ImageObject","inLanguage":"cs","@id":"https:\/\/evertonfc.cz\/index.php\/2017\/11\/02\/el-preview-lyon-everton\/#primaryimage","url":"https:\/\/evertonfc.cz\/wp-content\/uploads\/2019\/01\/preview.jpg","contentUrl":"https:\/\/evertonfc.cz\/wp-content\/uploads\/2019\/01\/preview.jpg","width":720,"height":405},{"@type":"BreadcrumbList","@id":"https:\/\/evertonfc.cz\/index.php\/2017\/11\/02\/el-preview-lyon-everton\/#breadcrumb","itemListElement":[{"@type":"ListItem","position":1,"name":"Home","item":"https:\/\/evertonfc.cz\/"},{"@type":"ListItem","position":2,"name":"EL Preview: Lyon &#8211; Everton"}]},{"@type":"WebSite","@id":"https:\/\/evertonfc.cz\/#website","url":"https:\/\/evertonfc.cz\/","name":"Official Czech &amp; Slovak Everton Supporters&#039; Club","description":"","publisher":{"@id":"https:\/\/evertonfc.cz\/#organization"},"potentialAction":[{"@type":"SearchAction","target":{"@type":"EntryPoint","urlTemplate":"https:\/\/evertonfc.cz\/?s={search_term_string}"},"query-input":{"@type":"PropertyValueSpecification","valueRequired":true,"valueName":"search_term_string"}}],"inLanguage":"cs"},{"@type":"Organization","@id":"https:\/\/evertonfc.cz\/#organization","name":"Official Czech & Slovak Everton Supporters' Club","url":"https:\/\/evertonfc.cz\/","logo":{"@type":"ImageObject","inLanguage":"cs","@id":"https:\/\/evertonfc.cz\/#\/schema\/logo\/image\/","url":"https:\/\/evertonfc.cz\/wp-content\/uploads\/2019\/05\/logo.png","contentUrl":"https:\/\/evertonfc.cz\/wp-content\/uploads\/2019\/05\/logo.png","width":112,"height":112,"caption":"Official Czech & Slovak Everton Supporters' Club"},"image":{"@id":"https:\/\/evertonfc.cz\/#\/schema\/logo\/image\/"},"sameAs":["https:\/\/www.facebook.com\/everton.fans.cz.sk"]},{"@type":"Person","@id":"https:\/\/evertonfc.cz\/#\/schema\/person\/b30daf6a5852f4811f8207a17ec1bf78","name":"Javor","sameAs":["https:\/\/x.com\/LoudinJan"],"url":"https:\/\/evertonfc.cz\/index.php\/author\/javor\/"}]}},"_links":{"self":[{"href":"https:\/\/evertonfc.cz\/index.php\/wp-json\/wp\/v2\/posts\/2338"}],"collection":[{"href":"https:\/\/evertonfc.cz\/index.php\/wp-json\/wp\/v2\/posts"}],"about":[{"href":"https:\/\/evertonfc.cz\/index.php\/wp-json\/wp\/v2\/types\/post"}],"author":[{"embeddable":true,"href":"https:\/\/evertonfc.cz\/index.php\/wp-json\/wp\/v2\/users\/12"}],"replies":[{"embeddable":true,"href":"https:\/\/evertonfc.cz\/index.php\/wp-json\/wp\/v2\/comments?post=2338"}],"version-history":[{"count":1,"href":"https:\/\/evertonfc.cz\/index.php\/wp-json\/wp\/v2\/posts\/2338\/revisions"}],"predecessor-version":[{"id":2339,"href":"https:\/\/evertonfc.cz\/index.php\/wp-json\/wp\/v2\/posts\/2338\/revisions\/2339"}],"wp:featuredmedia":[{"embeddable":true,"href":"https:\/\/evertonfc.cz\/index.php\/wp-json\/wp\/v2\/media\/1314"}],"wp:attachment":[{"href":"https:\/\/evertonfc.cz\/index.php\/wp-json\/wp\/v2\/media?parent=2338"}],"wp:term":[{"taxonomy":"category","embeddable":true,"href":"https:\/\/evertonfc.cz\/index.php\/wp-json\/wp\/v2\/categories?post=2338"},{"taxonomy":"post_tag","embeddable":true,"href":"https:\/\/evertonfc.cz\/index.php\/wp-json\/wp\/v2\/tags?post=2338"}],"curies":[{"name":"wp","href":"https:\/\/api.w.org\/{rel}","templated":true}]}}