{"id":23384,"date":"2023-12-02T15:35:20","date_gmt":"2023-12-02T14:35:20","guid":{"rendered":"https:\/\/evertonfc.cz\/?p=23384"},"modified":"2023-12-02T17:33:49","modified_gmt":"2023-12-02T16:33:49","slug":"preview-nottingham-forest-everton-2","status":"publish","type":"post","link":"https:\/\/evertonfc.cz\/index.php\/2023\/12\/02\/preview-nottingham-forest-everton-2\/","title":{"rendered":"Preview: Nottingham Forest &#8211; Everton"},"content":{"rendered":"<h4>Everton pot\u0159ebuje t\u011b\u017eit body, ber kde ber. Hendikep nalo\u017een\u00fd veden\u00edm sout\u011b\u017ee n\u00e1m vzalo hrozbu f\u00e1dn\u00edho st\u0159edu tabulky. Nechme tedy Nottingham poc\u00edtit t\u011b\u017ekosti druh\u00e9ho roku v Premier League!<\/h4>\n<p>Prvn\u00ed z\u00e1pas po zlov\u011bstn\u00e9m z\u00e1sahu do v\u00fdsledkov\u00e9 listiny Evertonu nevy\u0161el. Oprava, v\u00fdkon byl solidn\u00ed, soupe\u0159e z\u00a0kategorie \u201eSmet\u00e1nka sout\u011b\u017ee\u201c jsme p\u0159ehr\u00e1li, ale branku nevst\u0159elili a n\u011bco n\u00e1m tam spadlo. Ale jedeme d\u00e1l.<\/p>\n<p>Nov\u00e1 \u00fa\u010detn\u00ed uz\u00e1v\u011brka d\u011bs\u00ed mnoho Evertonians, a p\u0159esto\u017ee i Sean Dyche vypadal, \u017ee zadus\u00ed zv\u011bdav\u00e9ho novin\u00e1\u0159e pouh\u00fdm pohledem, nakonec to p\u0159e\u0161el s\u00a0klidem sob\u011b vlastn\u00edm. Nen\u00ed to na po\u0159adu dne. Ohledn\u011b pod\u00e1n\u00ed odvol\u00e1n\u00ed tak\u00e9 nemohl b\u00fdt nijak konkr\u00e9tn\u00ed.<\/p>\n<p>Prom\u011b\u0148ov\u00e1n\u00ed \u0161anc\u00ed by mohlo p\u0159ivodit trochu nap\u011bt\u00ed v\u00a0mana\u017eerov\u011b hlav\u011b a na\u0161ich srdc\u00edch. Na druhou stranu mno\u017estv\u00ed \u0161anc\u00ed vytvo\u0159en\u00fdch dokazuje, \u017ee hr\u00e1\u010di jsou p\u0159ipraveni rozhodnut\u00ed komise v\u00fdkony na h\u0159i\u0161ti vymazat. Sean, za ob\u010dasn\u00e9ho poka\u0161l\u00e1v\u00e1n\u00ed, zopakoval svou kritiku na adresu VAR, p\u0159\u00edmo tedy zach\u00e1zen\u00ed s\u00a0n\u00edm a vznikl\u00fdmi prodlevami. Dopady to m\u00e1 na plynulost hry, ale nap\u0159\u00edklad i pro provozn\u00ed teplotu hr\u00e1\u010d\u016f.<\/p>\n<p>Gomes, Alli jsou nov\u00ed Gbamin&amp;Delph, na to jsme si zvykli. Vypad\u00e1 to, \u017ee vypom\u00e1hat nebude t\u00fdmu ani Amadou Onana vinou bolav\u00e9ho l\u00fdtka. V\u00a0t\u00fddnu laborovali s\u00a0men\u0161\u00edmi zran\u011bn\u00edmi oba \u00fato\u010dn\u00edci. DCL m\u00e1 tak\u00e9 n\u011bco s\u00a0l\u00fdtkem, vzhledem ke zku\u0161enost s\u00a0jeho n\u00e1chylnost\u00ed, ho tak mo\u017en\u00e1 v\u00a0po\u0159adn\u00edku p\u0159edb\u011bhne Beto, jen\u017e set\u0159\u00e1sl men\u0161\u00ed bol\u00edstku.<\/p>\n<p>P\u011bt \u017elut\u00fdch zat\u00edm nevystavilo nikomu z Toffees stopku, ale kandid\u00e1ti jsou 3; Young, Branthwaite a Doucour\u00e9. Na prav\u00e9 stran\u011b obrany opravdu se pomalu z otazn\u00edku st\u00e1v\u00e1 vyk\u0159i\u010dn\u00edk. Kapit\u00e1n Seamus je ji\u017e zdr\u00e1v, m\u00e1 za sebou n\u011bkolik p\u0159\u00edprav s mla\u010f\u00e1ky, na svou \u0161anci \u010dek\u00e1 Nathan Patterson. Ashley Young se po derby neubr\u00e1nil chyb\u00e1m ani v duelu s dal\u0161\u00edmi rud\u00fdmi sousedy, co\u017e zdvih\u00e1 obo\u010d\u00ed v\u0161em v na\u0161\u00ed rozv\u011bdce.<\/p>\n<h4><strong>Na<\/strong> <strong>druh\u00e9m<\/strong> <strong>b\u0159ehu<\/strong><\/h4>\n<p>Foresters prvn\u00ed sez\u00f3nu oproti o\u010dek\u00e1v\u00e1n\u00ed p\u0159e\u017eili. Z\u00e1m\u011br nakoupit 30 hr\u00e1\u010d\u016f a doufat, \u017ee se n\u011bkdo chytne se osv\u011bd\u010dil. A to tak, \u017ee nikdo z\u00a0leto\u0161n\u00edch nov\u00e1\u010dk\u016f ho nen\u00e1sledoval. Nebude to dlouhodob\u011b udr\u017eiteln\u00e9. Letn\u00ed \u010distka poslal 20 hr\u00e1\u010d\u016f pry\u010d a jedin\u00fd zpen\u011b\u017een\u00fd byl zrov\u00ednka t\u0159\u00edbrankov\u00fd st\u0159elec proti Evertonu \u2013 Brennan Johnson.<\/p>\n<p>55 milion\u016f, kter\u00e9 za n\u011bj p\u0159ipluli prom\u011bnili v Nottinghamu op\u011bt ve \u0161t\u011bdrou imigra\u010dn\u00ed politiku. Vydatn\u011b se investovalo do pozice brank\u00e1\u0159e, vloni toti\u017e zachra\u0148ovali t\u00fdm zap\u016fj\u010den\u00ed str\u00e1\u017eci. Nahradit jedni\u010dku m\u011bl Matt Turner z Arsenalu, ale ten ned\u00e1vno ztratil pozici jedni\u010dky ve prosp\u011bch dal\u0161\u00ed st\u0159edn\u011b drah\u00e9 posily \u2013 \u0159eck\u00e9ho reprezentanta Vlachodimose. T\u0159et\u00ed v z\u00e1stupu je pak brank\u00e1\u0159, co vychytal postup Lutonu \u2013 Ethan Horvath.<\/p>\n<p>Steve Cooper m\u00e1 rozhodn\u011b z \u010deho vyb\u00edrat. V obran\u011b se ale zat\u00edm moc nechytili hostuj\u00edc\u00ed Nuno Tavares (Arsenal), ani mistr sv\u011bta Montiel (Sevilla). V z\u00e1loze se celkem ujala rekordn\u00ed posila Ibrahim Sangar\u00e9 (30 milion\u016f eur) z PSV. M\u00e1me ale \u0161t\u011bst\u00ed, dnes bude asi chyb\u011bt. Hudson-Odoi se zat\u00edm do hry moc nedostal. V \u00fatoku se \u010dek\u00e1 na probuzen\u00ed na\u0161\u00ed Nemesis \u2013 Divocka Origiho.<\/p>\n<p>Vedle kohouta Johnsona t\u00e1hl brankov\u011b v minul\u00e9 sez\u00f3n\u011b Taiwo Awoniyi (letos 4 z\u00e1sahy), kter\u00fd utrp\u011bl zran\u011bn\u00ed v oblasti slabin je asi do b\u0159ezna ze hry. P\u0159esto jsou borci z Nottinghamu produktivn\u00ed, v\u0161ak v posledn\u00edch 5 z\u00e1pasech \u010dty\u0159ikr\u00e1t dali 2 g\u00f3ly. V tomto ohledu se \u010din\u00ed hlavn\u011b Anhony Elanga a Chris Wood (po 3 brank\u00e1ch). Gibbs-White sice v minul\u00e9 kole zaznamenal 1+1, ale aktu\u00e1ln\u011b je na 1+2.<\/p>\n<h4><strong>Vz\u00e1jemn\u00e1<\/strong> <strong>bilance<\/strong><\/h4>\n<p>Zaj\u00edmavost\u00ed jist\u011b je, \u017ee posledn\u00ed prohru Evertonu na City Ground za\u0159\u00eddil Ian Woan, nyn\u00ed prav\u00e1 ruka Seana Dyche. To bylo p\u0159ed 28 lety. Everton m\u00e1 v EPL nad Forestem p\u0159evahu v pom\u011bru 6 \u2013 2 \u2013 4, p\u0159i sk\u00f3re 19:11. Ob\u011b rem\u00edzy p\u0159ibyly na konto v lo\u0148sk\u00e9 sez\u00f3n\u011b. Dom\u00e1c\u00edm se letos na vlastn\u00edm stadionu mimo\u0159\u00e1dn\u011b da\u0159ilo. Tedy do minul\u00e9ho t\u00fddne, kde rupnuli 2:3 s Brightonem a ztratili dom\u00e1c\u00ed neporazitelnost. Do t\u00e9 doby nasb\u00edrali 9 bod\u016f z 15 mo\u017en\u00fdch. Evertonu se naopak venku velmi da\u0159\u00ed, mimo prohru v derby se poda\u0159ilo 4kr\u00e1t zv\u00edt\u011bzit a t\u00edm vyrovnat po\u010det venkovn\u00edch triumf\u016f p\u0159edchoz\u00edch 2 sez\u00f3n. Uvid\u00edme dal\u0161\u00ed z\u00e1zrak od Seana Dyche?<\/p>\n<p><strong>Co<\/strong>: Nottingham Forest FC &#8211; Everton FC. 14. kolo Premier League<br \/>\n<strong>Kdy<\/strong>: 2. prosince 2023, od 17:30<br \/>\n<strong>Kde<\/strong>: The City Ground &#8211; Pavilion Road, West Bridgford, Nottingham, NG2 5FJ (kapacita: 30\u00a0445)<br \/>\n<strong>TV<\/strong>: Canal + Sport, hlavn\u00ed program od 18:25, komentuje Jarom\u00edr Bos\u00e1k<br \/>\n<strong>Rozhod\u010d\u00ed<\/strong>: Paul Tierney\u00a0 <strong>Postrann\u00ed<\/strong>: Scott Ledger, Mark Scholes\u00a0 <strong>\u010ctvrt\u00fd<\/strong> <strong>rozhod\u010d\u00ed<\/strong>: Matt Donohue<br \/>\n<strong>VAR<\/strong>: Michael Oliver <strong>Asistent<\/strong> <strong>VAR<\/strong>: Mat Wilkes<\/p>\n","protected":false},"excerpt":{"rendered":"<p>Everton pot\u0159ebuje t\u011b\u017eit body, ber kde ber. Hendikep nalo\u017een\u00fd veden\u00edm sout\u011b\u017ee n\u00e1m vzalo hrozbu f\u00e1dn\u00edho st\u0159edu tabulky. Nechme tedy Nottingham poc\u00edtit t\u011b\u017ekosti druh\u00e9ho roku v\u00a0Premier League!<\/p>\n","protected":false},"author":10,"featured_media":19491,"comment_status":"open","ping_status":"closed","sticky":false,"template":"","format":"standard","meta":{"_eb_attr":"","_monsterinsights_skip_tracking":false,"_monsterinsights_sitenote_active":false,"_monsterinsights_sitenote_note":"","_monsterinsights_sitenote_category":0,"footnotes":""},"categories":[4],"tags":[],"yoast_head":"<!-- This site is optimized with the Yoast SEO plugin v23.4 - https:\/\/yoast.com\/wordpress\/plugins\/seo\/ -->\n<title>Preview: Nottingham Forest - Everton - Official Czech &amp; Slovak Everton Supporters&#039; Club<\/title>\n<meta name=\"robots\" content=\"index, follow, max-snippet:-1, max-image-preview:large, max-video-preview:-1\" \/>\n<link rel=\"canonical\" href=\"https:\/\/evertonfc.cz\/index.php\/2023\/12\/02\/preview-nottingham-forest-everton-2\/\" \/>\n<meta property=\"og:locale\" content=\"cs_CZ\" \/>\n<meta property=\"og:type\" content=\"article\" \/>\n<meta property=\"og:title\" content=\"Preview: Nottingham Forest - Everton - Official Czech &amp; Slovak Everton Supporters&#039; Club\" \/>\n<meta property=\"og:description\" content=\"Everton pot\u0159ebuje t\u011b\u017eit body, ber kde ber. Hendikep nalo\u017een\u00fd veden\u00edm sout\u011b\u017ee n\u00e1m vzalo hrozbu f\u00e1dn\u00edho st\u0159edu tabulky. Nechme tedy Nottingham poc\u00edtit t\u011b\u017ekosti druh\u00e9ho roku v\u00a0Premier League!\" \/>\n<meta property=\"og:url\" content=\"https:\/\/evertonfc.cz\/index.php\/2023\/12\/02\/preview-nottingham-forest-everton-2\/\" \/>\n<meta property=\"og:site_name\" content=\"Official Czech &amp; Slovak Everton Supporters&#039; Club\" \/>\n<meta property=\"article:publisher\" content=\"https:\/\/www.facebook.com\/everton.fans.cz.sk\" \/>\n<meta property=\"article:published_time\" content=\"2023-12-02T14:35:20+00:00\" \/>\n<meta property=\"article:modified_time\" content=\"2023-12-02T16:33:49+00:00\" \/>\n<meta property=\"og:image\" content=\"https:\/\/evertonfc.cz\/wp-content\/uploads\/2022\/08\/Nottingham-Forest-VS-Everton-2.png\" \/>\n\t<meta property=\"og:image:width\" content=\"720\" \/>\n\t<meta property=\"og:image:height\" content=\"405\" \/>\n\t<meta property=\"og:image:type\" content=\"image\/png\" \/>\n<meta name=\"author\" content=\"Fip\" \/>\n<meta name=\"twitter:card\" content=\"summary_large_image\" \/>\n<meta name=\"twitter:label1\" content=\"Napsal(a)\" \/>\n\t<meta name=\"twitter:data1\" content=\"Fip\" \/>\n\t<meta name=\"twitter:label2\" content=\"Odhadovan\u00e1 doba \u010dten\u00ed\" \/>\n\t<meta name=\"twitter:data2\" content=\"4 minuty\" \/>\n<script type=\"application\/ld+json\" class=\"yoast-schema-graph\">{\"@context\":\"https:\/\/schema.org\",\"@graph\":[{\"@type\":\"Article\",\"@id\":\"https:\/\/evertonfc.cz\/index.php\/2023\/12\/02\/preview-nottingham-forest-everton-2\/#article\",\"isPartOf\":{\"@id\":\"https:\/\/evertonfc.cz\/index.php\/2023\/12\/02\/preview-nottingham-forest-everton-2\/\"},\"author\":{\"name\":\"Fip\",\"@id\":\"https:\/\/evertonfc.cz\/#\/schema\/person\/35904009755e8eaa0dc1a5f5f0419002\"},\"headline\":\"Preview: Nottingham Forest &#8211; Everton\",\"datePublished\":\"2023-12-02T14:35:20+00:00\",\"dateModified\":\"2023-12-02T16:33:49+00:00\",\"mainEntityOfPage\":{\"@id\":\"https:\/\/evertonfc.cz\/index.php\/2023\/12\/02\/preview-nottingham-forest-everton-2\/\"},\"wordCount\":879,\"commentCount\":9,\"publisher\":{\"@id\":\"https:\/\/evertonfc.cz\/#organization\"},\"image\":{\"@id\":\"https:\/\/evertonfc.cz\/index.php\/2023\/12\/02\/preview-nottingham-forest-everton-2\/#primaryimage\"},\"thumbnailUrl\":\"https:\/\/evertonfc.cz\/wp-content\/uploads\/2022\/08\/Nottingham-Forest-VS-Everton-2.png\",\"articleSection\":[\"Z\u00e1pasy\"],\"inLanguage\":\"cs\",\"potentialAction\":[{\"@type\":\"CommentAction\",\"name\":\"Comment\",\"target\":[\"https:\/\/evertonfc.cz\/index.php\/2023\/12\/02\/preview-nottingham-forest-everton-2\/#respond\"]}]},{\"@type\":\"WebPage\",\"@id\":\"https:\/\/evertonfc.cz\/index.php\/2023\/12\/02\/preview-nottingham-forest-everton-2\/\",\"url\":\"https:\/\/evertonfc.cz\/index.php\/2023\/12\/02\/preview-nottingham-forest-everton-2\/\",\"name\":\"Preview: Nottingham Forest - Everton - Official Czech &amp; Slovak Everton Supporters&#039; Club\",\"isPartOf\":{\"@id\":\"https:\/\/evertonfc.cz\/#website\"},\"primaryImageOfPage\":{\"@id\":\"https:\/\/evertonfc.cz\/index.php\/2023\/12\/02\/preview-nottingham-forest-everton-2\/#primaryimage\"},\"image\":{\"@id\":\"https:\/\/evertonfc.cz\/index.php\/2023\/12\/02\/preview-nottingham-forest-everton-2\/#primaryimage\"},\"thumbnailUrl\":\"https:\/\/evertonfc.cz\/wp-content\/uploads\/2022\/08\/Nottingham-Forest-VS-Everton-2.png\",\"datePublished\":\"2023-12-02T14:35:20+00:00\",\"dateModified\":\"2023-12-02T16:33:49+00:00\",\"breadcrumb\":{\"@id\":\"https:\/\/evertonfc.cz\/index.php\/2023\/12\/02\/preview-nottingham-forest-everton-2\/#breadcrumb\"},\"inLanguage\":\"cs\",\"potentialAction\":[{\"@type\":\"ReadAction\",\"target\":[\"https:\/\/evertonfc.cz\/index.php\/2023\/12\/02\/preview-nottingham-forest-everton-2\/\"]}]},{\"@type\":\"ImageObject\",\"inLanguage\":\"cs\",\"@id\":\"https:\/\/evertonfc.cz\/index.php\/2023\/12\/02\/preview-nottingham-forest-everton-2\/#primaryimage\",\"url\":\"https:\/\/evertonfc.cz\/wp-content\/uploads\/2022\/08\/Nottingham-Forest-VS-Everton-2.png\",\"contentUrl\":\"https:\/\/evertonfc.cz\/wp-content\/uploads\/2022\/08\/Nottingham-Forest-VS-Everton-2.png\",\"width\":720,\"height\":405},{\"@type\":\"BreadcrumbList\",\"@id\":\"https:\/\/evertonfc.cz\/index.php\/2023\/12\/02\/preview-nottingham-forest-everton-2\/#breadcrumb\",\"itemListElement\":[{\"@type\":\"ListItem\",\"position\":1,\"name\":\"Home\",\"item\":\"https:\/\/evertonfc.cz\/\"},{\"@type\":\"ListItem\",\"position\":2,\"name\":\"Preview: Nottingham Forest &#8211; Everton\"}]},{\"@type\":\"WebSite\",\"@id\":\"https:\/\/evertonfc.cz\/#website\",\"url\":\"https:\/\/evertonfc.cz\/\",\"name\":\"Official Czech &amp; Slovak Everton Supporters&#039; Club\",\"description\":\"\",\"publisher\":{\"@id\":\"https:\/\/evertonfc.cz\/#organization\"},\"potentialAction\":[{\"@type\":\"SearchAction\",\"target\":{\"@type\":\"EntryPoint\",\"urlTemplate\":\"https:\/\/evertonfc.cz\/?s={search_term_string}\"},\"query-input\":{\"@type\":\"PropertyValueSpecification\",\"valueRequired\":true,\"valueName\":\"search_term_string\"}}],\"inLanguage\":\"cs\"},{\"@type\":\"Organization\",\"@id\":\"https:\/\/evertonfc.cz\/#organization\",\"name\":\"Official Czech & Slovak Everton Supporters' Club\",\"url\":\"https:\/\/evertonfc.cz\/\",\"logo\":{\"@type\":\"ImageObject\",\"inLanguage\":\"cs\",\"@id\":\"https:\/\/evertonfc.cz\/#\/schema\/logo\/image\/\",\"url\":\"https:\/\/evertonfc.cz\/wp-content\/uploads\/2019\/05\/logo.png\",\"contentUrl\":\"https:\/\/evertonfc.cz\/wp-content\/uploads\/2019\/05\/logo.png\",\"width\":112,\"height\":112,\"caption\":\"Official Czech & Slovak Everton Supporters' Club\"},\"image\":{\"@id\":\"https:\/\/evertonfc.cz\/#\/schema\/logo\/image\/\"},\"sameAs\":[\"https:\/\/www.facebook.com\/everton.fans.cz.sk\"]},{\"@type\":\"Person\",\"@id\":\"https:\/\/evertonfc.cz\/#\/schema\/person\/35904009755e8eaa0dc1a5f5f0419002\",\"name\":\"Fip\",\"url\":\"https:\/\/evertonfc.cz\/index.php\/author\/fip\/\"}]}<\/script>\n<!-- \/ Yoast SEO plugin. -->","yoast_head_json":{"title":"Preview: Nottingham Forest - Everton - Official Czech &amp; Slovak Everton Supporters&#039; Club","robots":{"index":"index","follow":"follow","max-snippet":"max-snippet:-1","max-image-preview":"max-image-preview:large","max-video-preview":"max-video-preview:-1"},"canonical":"https:\/\/evertonfc.cz\/index.php\/2023\/12\/02\/preview-nottingham-forest-everton-2\/","og_locale":"cs_CZ","og_type":"article","og_title":"Preview: Nottingham Forest - Everton - Official Czech &amp; Slovak Everton Supporters&#039; Club","og_description":"Everton pot\u0159ebuje t\u011b\u017eit body, ber kde ber. Hendikep nalo\u017een\u00fd veden\u00edm sout\u011b\u017ee n\u00e1m vzalo hrozbu f\u00e1dn\u00edho st\u0159edu tabulky. Nechme tedy Nottingham poc\u00edtit t\u011b\u017ekosti druh\u00e9ho roku v\u00a0Premier League!","og_url":"https:\/\/evertonfc.cz\/index.php\/2023\/12\/02\/preview-nottingham-forest-everton-2\/","og_site_name":"Official Czech &amp; Slovak Everton Supporters&#039; Club","article_publisher":"https:\/\/www.facebook.com\/everton.fans.cz.sk","article_published_time":"2023-12-02T14:35:20+00:00","article_modified_time":"2023-12-02T16:33:49+00:00","og_image":[{"width":720,"height":405,"url":"https:\/\/evertonfc.cz\/wp-content\/uploads\/2022\/08\/Nottingham-Forest-VS-Everton-2.png","type":"image\/png"}],"author":"Fip","twitter_card":"summary_large_image","twitter_misc":{"Napsal(a)":"Fip","Odhadovan\u00e1 doba \u010dten\u00ed":"4 minuty"},"schema":{"@context":"https:\/\/schema.org","@graph":[{"@type":"Article","@id":"https:\/\/evertonfc.cz\/index.php\/2023\/12\/02\/preview-nottingham-forest-everton-2\/#article","isPartOf":{"@id":"https:\/\/evertonfc.cz\/index.php\/2023\/12\/02\/preview-nottingham-forest-everton-2\/"},"author":{"name":"Fip","@id":"https:\/\/evertonfc.cz\/#\/schema\/person\/35904009755e8eaa0dc1a5f5f0419002"},"headline":"Preview: Nottingham Forest &#8211; Everton","datePublished":"2023-12-02T14:35:20+00:00","dateModified":"2023-12-02T16:33:49+00:00","mainEntityOfPage":{"@id":"https:\/\/evertonfc.cz\/index.php\/2023\/12\/02\/preview-nottingham-forest-everton-2\/"},"wordCount":879,"commentCount":9,"publisher":{"@id":"https:\/\/evertonfc.cz\/#organization"},"image":{"@id":"https:\/\/evertonfc.cz\/index.php\/2023\/12\/02\/preview-nottingham-forest-everton-2\/#primaryimage"},"thumbnailUrl":"https:\/\/evertonfc.cz\/wp-content\/uploads\/2022\/08\/Nottingham-Forest-VS-Everton-2.png","articleSection":["Z\u00e1pasy"],"inLanguage":"cs","potentialAction":[{"@type":"CommentAction","name":"Comment","target":["https:\/\/evertonfc.cz\/index.php\/2023\/12\/02\/preview-nottingham-forest-everton-2\/#respond"]}]},{"@type":"WebPage","@id":"https:\/\/evertonfc.cz\/index.php\/2023\/12\/02\/preview-nottingham-forest-everton-2\/","url":"https:\/\/evertonfc.cz\/index.php\/2023\/12\/02\/preview-nottingham-forest-everton-2\/","name":"Preview: Nottingham Forest - Everton - Official Czech &amp; Slovak Everton Supporters&#039; Club","isPartOf":{"@id":"https:\/\/evertonfc.cz\/#website"},"primaryImageOfPage":{"@id":"https:\/\/evertonfc.cz\/index.php\/2023\/12\/02\/preview-nottingham-forest-everton-2\/#primaryimage"},"image":{"@id":"https:\/\/evertonfc.cz\/index.php\/2023\/12\/02\/preview-nottingham-forest-everton-2\/#primaryimage"},"thumbnailUrl":"https:\/\/evertonfc.cz\/wp-content\/uploads\/2022\/08\/Nottingham-Forest-VS-Everton-2.png","datePublished":"2023-12-02T14:35:20+00:00","dateModified":"2023-12-02T16:33:49+00:00","breadcrumb":{"@id":"https:\/\/evertonfc.cz\/index.php\/2023\/12\/02\/preview-nottingham-forest-everton-2\/#breadcrumb"},"inLanguage":"cs","potentialAction":[{"@type":"ReadAction","target":["https:\/\/evertonfc.cz\/index.php\/2023\/12\/02\/preview-nottingham-forest-everton-2\/"]}]},{"@type":"ImageObject","inLanguage":"cs","@id":"https:\/\/evertonfc.cz\/index.php\/2023\/12\/02\/preview-nottingham-forest-everton-2\/#primaryimage","url":"https:\/\/evertonfc.cz\/wp-content\/uploads\/2022\/08\/Nottingham-Forest-VS-Everton-2.png","contentUrl":"https:\/\/evertonfc.cz\/wp-content\/uploads\/2022\/08\/Nottingham-Forest-VS-Everton-2.png","width":720,"height":405},{"@type":"BreadcrumbList","@id":"https:\/\/evertonfc.cz\/index.php\/2023\/12\/02\/preview-nottingham-forest-everton-2\/#breadcrumb","itemListElement":[{"@type":"ListItem","position":1,"name":"Home","item":"https:\/\/evertonfc.cz\/"},{"@type":"ListItem","position":2,"name":"Preview: Nottingham Forest &#8211; Everton"}]},{"@type":"WebSite","@id":"https:\/\/evertonfc.cz\/#website","url":"https:\/\/evertonfc.cz\/","name":"Official Czech &amp; Slovak Everton Supporters&#039; Club","description":"","publisher":{"@id":"https:\/\/evertonfc.cz\/#organization"},"potentialAction":[{"@type":"SearchAction","target":{"@type":"EntryPoint","urlTemplate":"https:\/\/evertonfc.cz\/?s={search_term_string}"},"query-input":{"@type":"PropertyValueSpecification","valueRequired":true,"valueName":"search_term_string"}}],"inLanguage":"cs"},{"@type":"Organization","@id":"https:\/\/evertonfc.cz\/#organization","name":"Official Czech & Slovak Everton Supporters' Club","url":"https:\/\/evertonfc.cz\/","logo":{"@type":"ImageObject","inLanguage":"cs","@id":"https:\/\/evertonfc.cz\/#\/schema\/logo\/image\/","url":"https:\/\/evertonfc.cz\/wp-content\/uploads\/2019\/05\/logo.png","contentUrl":"https:\/\/evertonfc.cz\/wp-content\/uploads\/2019\/05\/logo.png","width":112,"height":112,"caption":"Official Czech & Slovak Everton Supporters' Club"},"image":{"@id":"https:\/\/evertonfc.cz\/#\/schema\/logo\/image\/"},"sameAs":["https:\/\/www.facebook.com\/everton.fans.cz.sk"]},{"@type":"Person","@id":"https:\/\/evertonfc.cz\/#\/schema\/person\/35904009755e8eaa0dc1a5f5f0419002","name":"Fip","url":"https:\/\/evertonfc.cz\/index.php\/author\/fip\/"}]}},"_links":{"self":[{"href":"https:\/\/evertonfc.cz\/index.php\/wp-json\/wp\/v2\/posts\/23384"}],"collection":[{"href":"https:\/\/evertonfc.cz\/index.php\/wp-json\/wp\/v2\/posts"}],"about":[{"href":"https:\/\/evertonfc.cz\/index.php\/wp-json\/wp\/v2\/types\/post"}],"author":[{"embeddable":true,"href":"https:\/\/evertonfc.cz\/index.php\/wp-json\/wp\/v2\/users\/10"}],"replies":[{"embeddable":true,"href":"https:\/\/evertonfc.cz\/index.php\/wp-json\/wp\/v2\/comments?post=23384"}],"version-history":[{"count":5,"href":"https:\/\/evertonfc.cz\/index.php\/wp-json\/wp\/v2\/posts\/23384\/revisions"}],"predecessor-version":[{"id":23389,"href":"https:\/\/evertonfc.cz\/index.php\/wp-json\/wp\/v2\/posts\/23384\/revisions\/23389"}],"wp:featuredmedia":[{"embeddable":true,"href":"https:\/\/evertonfc.cz\/index.php\/wp-json\/wp\/v2\/media\/19491"}],"wp:attachment":[{"href":"https:\/\/evertonfc.cz\/index.php\/wp-json\/wp\/v2\/media?parent=23384"}],"wp:term":[{"taxonomy":"category","embeddable":true,"href":"https:\/\/evertonfc.cz\/index.php\/wp-json\/wp\/v2\/categories?post=23384"},{"taxonomy":"post_tag","embeddable":true,"href":"https:\/\/evertonfc.cz\/index.php\/wp-json\/wp\/v2\/tags?post=23384"}],"curies":[{"name":"wp","href":"https:\/\/api.w.org\/{rel}","templated":true}]}}