{"id":23394,"date":"2023-12-03T18:26:24","date_gmt":"2023-12-03T17:26:24","guid":{"rendered":"https:\/\/evertonfc.cz\/?p=23394"},"modified":"2023-12-03T18:50:10","modified_gmt":"2023-12-03T17:50:10","slug":"nottingham-forest-everton-01","status":"publish","type":"post","link":"https:\/\/evertonfc.cz\/index.php\/2023\/12\/03\/nottingham-forest-everton-01\/","title":{"rendered":"Nottingham Forest &#8211; Everton 0:1"},"content":{"rendered":"<h4>Solidn\u00ed forma pokra\u010duje, v\u00edt\u011bzstv\u00ed zajistil v\u00fdstavn\u00ed brankou McNeil.<\/h4>\n<p>Dyche oproti minul\u00e9mu ma\u010di musel ud\u011blat jednu zm\u011bnu, l\u00fdtko nepustilo ani na lavi\u010dku Calverta-Lewina. Toho nahradil v z\u00e1kladn\u00ed sestav\u011b uzdraven\u00fd Beto. Host\u00e9 za\u010dali tlakem, roh kopl nebezpe\u010dn\u011b McNeil, ale Vlachodimos dostal m\u00ed\u010d s komplikacemi do bezpe\u010d\u00ed. Z proti\u00fatoku byl Young r\u00e1d, \u017ee nedostal \u017elutou kartu za faul na pronikaj\u00edc\u00edho Elangu,\u00a0 n\u00e1sledn\u011b z\u00e1var p\u0159ed brankou dom\u00e1c\u00edch ukon\u010dila nep\u0159esn\u00e1 p\u0159ihr\u00e1vka Harrisona.<\/p>\n<p>Kr\u00e1tce pot\u00e9 zazdil velkou \u0161anci Beto. Nejist\u00fd Vlachodimos vyrazil m\u00ed\u010d p\u0159\u00edmo k n\u011bmu, ale kdy\u017e portugalsk\u00fd hro\u0165\u00e1k zkou\u0161el poslat m\u00ed\u010d do skoro pr\u00e1zdn\u00e9 branky, tak p\u0159est\u0159elil. Dom\u00e1c\u00ed p\u0159e\u010dkali tlak host\u016f, Elanga zahrozil volejem z velk\u00e9ho v\u00e1pna, ale ani on prostor mezi t\u0159emi ty\u010demi netrefil po solidn\u00edm voleji. Do konce polo\u010dasu m\u011bli oba t\u00fdmy \u0161anci d\u00e1t \u00favodn\u00ed branku z\u00e1pasu, nejd\u0159\u00edv st\u0159elu McNeila vykopl z \u010d\u00e1ry obr\u00e1nce Murillo, n\u00e1sledn\u011b Gibbs-White trefil v nastaven\u00e9m \u010dase prvn\u00ed p\u016fle bo\u010dn\u00ed s\u00ed\u0165.<\/p>\n<p>Do druh\u00e9ho polo\u010dasu Bolyho vyst\u0159\u00eddal Felipe a dom\u00e1c\u00ed se zlep\u0161ili, za\u010dali tlakem, dokonce trefili ty\u010d. M\u011bl v tom prsty pr\u00e1v\u011b n\u00e1hradn\u00edk Felipe, kter\u00fd nahr\u00e1l Yatesovi. Stav ale z\u016fstal bezbrankov\u00fd. A kdy\u017e Young trefil z p\u0159\u00edm\u00e9ho kopu jen ze\u010f, tak vzal osud z\u00e1pasu do sv\u00fdch rukou McNeil. Dlouh\u00fd n\u00e1kop Pickforda se p\u0159es Ganu dostal k Harrisonovi, jeho centr na zadni ty\u010di zpracovalo pr\u00e1v\u011b toto lehkonoh\u00e9 k\u0159id\u00e9lko a polovolejem do horn\u00edho vzd\u00e1len\u011bj\u0161\u00edho roku branky nedalo brank\u00e1\u0159ovi a obr\u00e1nci \u0161anci zakro\u010dit &#8211;\u00a0<strong>0:1! <\/strong>Rozhodn\u011b jedna z branek sez\u00f3ny.<\/p>\n<p>Po inkasovan\u00e9 brance samoz\u0159ejm\u011b za\u010dal Nottingham tla\u010dit, obranu Evertonu dlouhodob\u011b zlobil Elanga, nejlep\u0161\u00ed hr\u00e1\u010d dom\u00e1c\u00edch. V posledn\u00ed desetiminutovce do\u0161lo ke dv\u011bma st\u0159\u00edd\u00e1n\u00edm, na h\u0159i\u0161t\u011b p\u0159i\u0161el exRS Origi, Beta vyst\u0159\u00eddal Chermiti (Dyche op\u011bt vym\u011bnil hr\u00e1\u010de pozd\u011b a jedin\u00e9ho). A kdy\u017e sv\u00e9 dal\u0161\u00ed dv\u011b \u0161ance neprom\u011bnil Elanga, tak si Everton odvezl cenn\u00e9 t\u0159i body ze h\u0159i\u0161t\u011b konkurenta v boji o z\u00e1chranu.<\/p>\n<p style=\"text-align: right;\"><span style=\"font-size: 8pt;\">(fotozdroj: Getty Images)<\/span><\/p>\n<p><strong>Mu\u017e z\u00e1pasu redakce: <\/strong>Dwight McNeil<\/p>\n<p><strong>Branka: <\/strong>67. McNeil\u00a0 <strong>\u017dlut\u00e1 karta:<\/strong> 55. Felipe<\/p>\n<p><strong>Nottingham Forest FC: <\/strong>Vlachodimos \u2013 Aurier, Boly (46. Felipe), Murillo, Toffolo (82. Origi) \u2013 Sangar\u00e9 (65. Hudson-Odoi), Mangala, Yates \u2013 Gibbs-White, Wood, Elanga<\/p>\n<p><strong>Everton FC: <\/strong>Pickford \u2013 Young, Tarkowski, Branthwaite, Mykolenko \u2013 Harrison, Garner, Gueye, McNeil \u2013 A. Doucour\u00e9 \u2013 Beto (82. Chermiti)<\/p>\n<p><strong>Rozhod\u010d\u00ed:\u00a0<\/strong>Paul Tierney\u00a0 <strong>Div\u00e1ci:\u00a0<\/strong>29 404<\/p>\n","protected":false},"excerpt":{"rendered":"<p>Solidn\u00ed forma pokra\u010duje, v\u00edt\u011bzstv\u00ed zajistil v\u00fdstavn\u00ed brankou McNeil.<\/p>\n","protected":false},"author":12,"featured_media":23397,"comment_status":"open","ping_status":"closed","sticky":false,"template":"","format":"standard","meta":{"_eb_attr":"","_monsterinsights_skip_tracking":false,"_monsterinsights_sitenote_active":false,"_monsterinsights_sitenote_note":"","_monsterinsights_sitenote_category":0,"footnotes":""},"categories":[4],"tags":[],"yoast_head":"<!-- This site is optimized with the Yoast SEO plugin v23.4 - https:\/\/yoast.com\/wordpress\/plugins\/seo\/ -->\n<title>Nottingham Forest - Everton 0:1 - Official Czech &amp; Slovak Everton Supporters&#039; Club<\/title>\n<meta name=\"description\" content=\"Solidn\u00ed forma pokra\u010duje, v\u00edt\u011bzstv\u00ed zajistil v\u00fdstavn\u00ed brankou McNeil.\" \/>\n<meta name=\"robots\" content=\"index, follow, max-snippet:-1, max-image-preview:large, max-video-preview:-1\" \/>\n<link rel=\"canonical\" href=\"https:\/\/evertonfc.cz\/index.php\/2023\/12\/03\/nottingham-forest-everton-01\/\" \/>\n<meta property=\"og:locale\" content=\"cs_CZ\" \/>\n<meta property=\"og:type\" content=\"article\" \/>\n<meta property=\"og:title\" content=\"Nottingham Forest - Everton 0:1 - Official Czech &amp; Slovak Everton Supporters&#039; Club\" \/>\n<meta property=\"og:description\" content=\"Solidn\u00ed forma pokra\u010duje, v\u00edt\u011bzstv\u00ed zajistil v\u00fdstavn\u00ed brankou McNeil.\" \/>\n<meta property=\"og:url\" content=\"https:\/\/evertonfc.cz\/index.php\/2023\/12\/03\/nottingham-forest-everton-01\/\" \/>\n<meta property=\"og:site_name\" content=\"Official Czech &amp; Slovak Everton Supporters&#039; Club\" \/>\n<meta property=\"article:publisher\" content=\"https:\/\/www.facebook.com\/everton.fans.cz.sk\" \/>\n<meta property=\"article:published_time\" content=\"2023-12-03T17:26:24+00:00\" \/>\n<meta property=\"article:modified_time\" content=\"2023-12-03T17:50:10+00:00\" \/>\n<meta property=\"og:image\" content=\"https:\/\/evertonfc.cz\/wp-content\/uploads\/2023\/12\/Nottingham-Forest-0-1-Everton-by-Getty-Images-2-12-2023.jpg\" \/>\n\t<meta property=\"og:image:width\" content=\"720\" \/>\n\t<meta property=\"og:image:height\" content=\"405\" \/>\n\t<meta property=\"og:image:type\" content=\"image\/jpeg\" \/>\n<meta name=\"author\" content=\"Javor\" \/>\n<meta name=\"twitter:card\" content=\"summary_large_image\" \/>\n<meta name=\"twitter:creator\" content=\"@LoudinJan\" \/>\n<meta name=\"twitter:label1\" content=\"Napsal(a)\" \/>\n\t<meta name=\"twitter:data1\" content=\"Javor\" \/>\n\t<meta name=\"twitter:label2\" content=\"Odhadovan\u00e1 doba \u010dten\u00ed\" \/>\n\t<meta name=\"twitter:data2\" content=\"2 minuty\" \/>\n<script type=\"application\/ld+json\" class=\"yoast-schema-graph\">{\"@context\":\"https:\/\/schema.org\",\"@graph\":[{\"@type\":\"Article\",\"@id\":\"https:\/\/evertonfc.cz\/index.php\/2023\/12\/03\/nottingham-forest-everton-01\/#article\",\"isPartOf\":{\"@id\":\"https:\/\/evertonfc.cz\/index.php\/2023\/12\/03\/nottingham-forest-everton-01\/\"},\"author\":{\"name\":\"Javor\",\"@id\":\"https:\/\/evertonfc.cz\/#\/schema\/person\/b30daf6a5852f4811f8207a17ec1bf78\"},\"headline\":\"Nottingham Forest &#8211; Everton 0:1\",\"datePublished\":\"2023-12-03T17:26:24+00:00\",\"dateModified\":\"2023-12-03T17:50:10+00:00\",\"mainEntityOfPage\":{\"@id\":\"https:\/\/evertonfc.cz\/index.php\/2023\/12\/03\/nottingham-forest-everton-01\/\"},\"wordCount\":449,\"commentCount\":10,\"publisher\":{\"@id\":\"https:\/\/evertonfc.cz\/#organization\"},\"image\":{\"@id\":\"https:\/\/evertonfc.cz\/index.php\/2023\/12\/03\/nottingham-forest-everton-01\/#primaryimage\"},\"thumbnailUrl\":\"https:\/\/evertonfc.cz\/wp-content\/uploads\/2023\/12\/Nottingham-Forest-0-1-Everton-by-Getty-Images-2-12-2023.jpg\",\"articleSection\":[\"Z\u00e1pasy\"],\"inLanguage\":\"cs\",\"potentialAction\":[{\"@type\":\"CommentAction\",\"name\":\"Comment\",\"target\":[\"https:\/\/evertonfc.cz\/index.php\/2023\/12\/03\/nottingham-forest-everton-01\/#respond\"]}]},{\"@type\":\"WebPage\",\"@id\":\"https:\/\/evertonfc.cz\/index.php\/2023\/12\/03\/nottingham-forest-everton-01\/\",\"url\":\"https:\/\/evertonfc.cz\/index.php\/2023\/12\/03\/nottingham-forest-everton-01\/\",\"name\":\"Nottingham Forest - Everton 0:1 - Official Czech &amp; Slovak Everton Supporters&#039; Club\",\"isPartOf\":{\"@id\":\"https:\/\/evertonfc.cz\/#website\"},\"primaryImageOfPage\":{\"@id\":\"https:\/\/evertonfc.cz\/index.php\/2023\/12\/03\/nottingham-forest-everton-01\/#primaryimage\"},\"image\":{\"@id\":\"https:\/\/evertonfc.cz\/index.php\/2023\/12\/03\/nottingham-forest-everton-01\/#primaryimage\"},\"thumbnailUrl\":\"https:\/\/evertonfc.cz\/wp-content\/uploads\/2023\/12\/Nottingham-Forest-0-1-Everton-by-Getty-Images-2-12-2023.jpg\",\"datePublished\":\"2023-12-03T17:26:24+00:00\",\"dateModified\":\"2023-12-03T17:50:10+00:00\",\"description\":\"Solidn\u00ed forma pokra\u010duje, v\u00edt\u011bzstv\u00ed zajistil v\u00fdstavn\u00ed brankou McNeil.\",\"breadcrumb\":{\"@id\":\"https:\/\/evertonfc.cz\/index.php\/2023\/12\/03\/nottingham-forest-everton-01\/#breadcrumb\"},\"inLanguage\":\"cs\",\"potentialAction\":[{\"@type\":\"ReadAction\",\"target\":[\"https:\/\/evertonfc.cz\/index.php\/2023\/12\/03\/nottingham-forest-everton-01\/\"]}]},{\"@type\":\"ImageObject\",\"inLanguage\":\"cs\",\"@id\":\"https:\/\/evertonfc.cz\/index.php\/2023\/12\/03\/nottingham-forest-everton-01\/#primaryimage\",\"url\":\"https:\/\/evertonfc.cz\/wp-content\/uploads\/2023\/12\/Nottingham-Forest-0-1-Everton-by-Getty-Images-2-12-2023.jpg\",\"contentUrl\":\"https:\/\/evertonfc.cz\/wp-content\/uploads\/2023\/12\/Nottingham-Forest-0-1-Everton-by-Getty-Images-2-12-2023.jpg\",\"width\":720,\"height\":405},{\"@type\":\"BreadcrumbList\",\"@id\":\"https:\/\/evertonfc.cz\/index.php\/2023\/12\/03\/nottingham-forest-everton-01\/#breadcrumb\",\"itemListElement\":[{\"@type\":\"ListItem\",\"position\":1,\"name\":\"Home\",\"item\":\"https:\/\/evertonfc.cz\/\"},{\"@type\":\"ListItem\",\"position\":2,\"name\":\"Nottingham Forest &#8211; Everton 0:1\"}]},{\"@type\":\"WebSite\",\"@id\":\"https:\/\/evertonfc.cz\/#website\",\"url\":\"https:\/\/evertonfc.cz\/\",\"name\":\"Official Czech &amp; Slovak Everton Supporters&#039; Club\",\"description\":\"\",\"publisher\":{\"@id\":\"https:\/\/evertonfc.cz\/#organization\"},\"potentialAction\":[{\"@type\":\"SearchAction\",\"target\":{\"@type\":\"EntryPoint\",\"urlTemplate\":\"https:\/\/evertonfc.cz\/?s={search_term_string}\"},\"query-input\":{\"@type\":\"PropertyValueSpecification\",\"valueRequired\":true,\"valueName\":\"search_term_string\"}}],\"inLanguage\":\"cs\"},{\"@type\":\"Organization\",\"@id\":\"https:\/\/evertonfc.cz\/#organization\",\"name\":\"Official Czech & Slovak Everton Supporters' Club\",\"url\":\"https:\/\/evertonfc.cz\/\",\"logo\":{\"@type\":\"ImageObject\",\"inLanguage\":\"cs\",\"@id\":\"https:\/\/evertonfc.cz\/#\/schema\/logo\/image\/\",\"url\":\"https:\/\/evertonfc.cz\/wp-content\/uploads\/2019\/05\/logo.png\",\"contentUrl\":\"https:\/\/evertonfc.cz\/wp-content\/uploads\/2019\/05\/logo.png\",\"width\":112,\"height\":112,\"caption\":\"Official Czech & Slovak Everton Supporters' Club\"},\"image\":{\"@id\":\"https:\/\/evertonfc.cz\/#\/schema\/logo\/image\/\"},\"sameAs\":[\"https:\/\/www.facebook.com\/everton.fans.cz.sk\"]},{\"@type\":\"Person\",\"@id\":\"https:\/\/evertonfc.cz\/#\/schema\/person\/b30daf6a5852f4811f8207a17ec1bf78\",\"name\":\"Javor\",\"sameAs\":[\"https:\/\/x.com\/LoudinJan\"],\"url\":\"https:\/\/evertonfc.cz\/index.php\/author\/javor\/\"}]}<\/script>\n<!-- \/ Yoast SEO plugin. -->","yoast_head_json":{"title":"Nottingham Forest - Everton 0:1 - Official Czech &amp; Slovak Everton Supporters&#039; Club","description":"Solidn\u00ed forma pokra\u010duje, v\u00edt\u011bzstv\u00ed zajistil v\u00fdstavn\u00ed brankou McNeil.","robots":{"index":"index","follow":"follow","max-snippet":"max-snippet:-1","max-image-preview":"max-image-preview:large","max-video-preview":"max-video-preview:-1"},"canonical":"https:\/\/evertonfc.cz\/index.php\/2023\/12\/03\/nottingham-forest-everton-01\/","og_locale":"cs_CZ","og_type":"article","og_title":"Nottingham Forest - Everton 0:1 - Official Czech &amp; Slovak Everton Supporters&#039; Club","og_description":"Solidn\u00ed forma pokra\u010duje, v\u00edt\u011bzstv\u00ed zajistil v\u00fdstavn\u00ed brankou McNeil.","og_url":"https:\/\/evertonfc.cz\/index.php\/2023\/12\/03\/nottingham-forest-everton-01\/","og_site_name":"Official Czech &amp; Slovak Everton Supporters&#039; Club","article_publisher":"https:\/\/www.facebook.com\/everton.fans.cz.sk","article_published_time":"2023-12-03T17:26:24+00:00","article_modified_time":"2023-12-03T17:50:10+00:00","og_image":[{"width":720,"height":405,"url":"https:\/\/evertonfc.cz\/wp-content\/uploads\/2023\/12\/Nottingham-Forest-0-1-Everton-by-Getty-Images-2-12-2023.jpg","type":"image\/jpeg"}],"author":"Javor","twitter_card":"summary_large_image","twitter_creator":"@LoudinJan","twitter_misc":{"Napsal(a)":"Javor","Odhadovan\u00e1 doba \u010dten\u00ed":"2 minuty"},"schema":{"@context":"https:\/\/schema.org","@graph":[{"@type":"Article","@id":"https:\/\/evertonfc.cz\/index.php\/2023\/12\/03\/nottingham-forest-everton-01\/#article","isPartOf":{"@id":"https:\/\/evertonfc.cz\/index.php\/2023\/12\/03\/nottingham-forest-everton-01\/"},"author":{"name":"Javor","@id":"https:\/\/evertonfc.cz\/#\/schema\/person\/b30daf6a5852f4811f8207a17ec1bf78"},"headline":"Nottingham Forest &#8211; Everton 0:1","datePublished":"2023-12-03T17:26:24+00:00","dateModified":"2023-12-03T17:50:10+00:00","mainEntityOfPage":{"@id":"https:\/\/evertonfc.cz\/index.php\/2023\/12\/03\/nottingham-forest-everton-01\/"},"wordCount":449,"commentCount":10,"publisher":{"@id":"https:\/\/evertonfc.cz\/#organization"},"image":{"@id":"https:\/\/evertonfc.cz\/index.php\/2023\/12\/03\/nottingham-forest-everton-01\/#primaryimage"},"thumbnailUrl":"https:\/\/evertonfc.cz\/wp-content\/uploads\/2023\/12\/Nottingham-Forest-0-1-Everton-by-Getty-Images-2-12-2023.jpg","articleSection":["Z\u00e1pasy"],"inLanguage":"cs","potentialAction":[{"@type":"CommentAction","name":"Comment","target":["https:\/\/evertonfc.cz\/index.php\/2023\/12\/03\/nottingham-forest-everton-01\/#respond"]}]},{"@type":"WebPage","@id":"https:\/\/evertonfc.cz\/index.php\/2023\/12\/03\/nottingham-forest-everton-01\/","url":"https:\/\/evertonfc.cz\/index.php\/2023\/12\/03\/nottingham-forest-everton-01\/","name":"Nottingham Forest - Everton 0:1 - Official Czech &amp; Slovak Everton Supporters&#039; Club","isPartOf":{"@id":"https:\/\/evertonfc.cz\/#website"},"primaryImageOfPage":{"@id":"https:\/\/evertonfc.cz\/index.php\/2023\/12\/03\/nottingham-forest-everton-01\/#primaryimage"},"image":{"@id":"https:\/\/evertonfc.cz\/index.php\/2023\/12\/03\/nottingham-forest-everton-01\/#primaryimage"},"thumbnailUrl":"https:\/\/evertonfc.cz\/wp-content\/uploads\/2023\/12\/Nottingham-Forest-0-1-Everton-by-Getty-Images-2-12-2023.jpg","datePublished":"2023-12-03T17:26:24+00:00","dateModified":"2023-12-03T17:50:10+00:00","description":"Solidn\u00ed forma pokra\u010duje, v\u00edt\u011bzstv\u00ed zajistil v\u00fdstavn\u00ed brankou McNeil.","breadcrumb":{"@id":"https:\/\/evertonfc.cz\/index.php\/2023\/12\/03\/nottingham-forest-everton-01\/#breadcrumb"},"inLanguage":"cs","potentialAction":[{"@type":"ReadAction","target":["https:\/\/evertonfc.cz\/index.php\/2023\/12\/03\/nottingham-forest-everton-01\/"]}]},{"@type":"ImageObject","inLanguage":"cs","@id":"https:\/\/evertonfc.cz\/index.php\/2023\/12\/03\/nottingham-forest-everton-01\/#primaryimage","url":"https:\/\/evertonfc.cz\/wp-content\/uploads\/2023\/12\/Nottingham-Forest-0-1-Everton-by-Getty-Images-2-12-2023.jpg","contentUrl":"https:\/\/evertonfc.cz\/wp-content\/uploads\/2023\/12\/Nottingham-Forest-0-1-Everton-by-Getty-Images-2-12-2023.jpg","width":720,"height":405},{"@type":"BreadcrumbList","@id":"https:\/\/evertonfc.cz\/index.php\/2023\/12\/03\/nottingham-forest-everton-01\/#breadcrumb","itemListElement":[{"@type":"ListItem","position":1,"name":"Home","item":"https:\/\/evertonfc.cz\/"},{"@type":"ListItem","position":2,"name":"Nottingham Forest &#8211; Everton 0:1"}]},{"@type":"WebSite","@id":"https:\/\/evertonfc.cz\/#website","url":"https:\/\/evertonfc.cz\/","name":"Official Czech &amp; Slovak Everton Supporters&#039; Club","description":"","publisher":{"@id":"https:\/\/evertonfc.cz\/#organization"},"potentialAction":[{"@type":"SearchAction","target":{"@type":"EntryPoint","urlTemplate":"https:\/\/evertonfc.cz\/?s={search_term_string}"},"query-input":{"@type":"PropertyValueSpecification","valueRequired":true,"valueName":"search_term_string"}}],"inLanguage":"cs"},{"@type":"Organization","@id":"https:\/\/evertonfc.cz\/#organization","name":"Official Czech & Slovak Everton Supporters' Club","url":"https:\/\/evertonfc.cz\/","logo":{"@type":"ImageObject","inLanguage":"cs","@id":"https:\/\/evertonfc.cz\/#\/schema\/logo\/image\/","url":"https:\/\/evertonfc.cz\/wp-content\/uploads\/2019\/05\/logo.png","contentUrl":"https:\/\/evertonfc.cz\/wp-content\/uploads\/2019\/05\/logo.png","width":112,"height":112,"caption":"Official Czech & Slovak Everton Supporters' Club"},"image":{"@id":"https:\/\/evertonfc.cz\/#\/schema\/logo\/image\/"},"sameAs":["https:\/\/www.facebook.com\/everton.fans.cz.sk"]},{"@type":"Person","@id":"https:\/\/evertonfc.cz\/#\/schema\/person\/b30daf6a5852f4811f8207a17ec1bf78","name":"Javor","sameAs":["https:\/\/x.com\/LoudinJan"],"url":"https:\/\/evertonfc.cz\/index.php\/author\/javor\/"}]}},"_links":{"self":[{"href":"https:\/\/evertonfc.cz\/index.php\/wp-json\/wp\/v2\/posts\/23394"}],"collection":[{"href":"https:\/\/evertonfc.cz\/index.php\/wp-json\/wp\/v2\/posts"}],"about":[{"href":"https:\/\/evertonfc.cz\/index.php\/wp-json\/wp\/v2\/types\/post"}],"author":[{"embeddable":true,"href":"https:\/\/evertonfc.cz\/index.php\/wp-json\/wp\/v2\/users\/12"}],"replies":[{"embeddable":true,"href":"https:\/\/evertonfc.cz\/index.php\/wp-json\/wp\/v2\/comments?post=23394"}],"version-history":[{"count":5,"href":"https:\/\/evertonfc.cz\/index.php\/wp-json\/wp\/v2\/posts\/23394\/revisions"}],"predecessor-version":[{"id":23400,"href":"https:\/\/evertonfc.cz\/index.php\/wp-json\/wp\/v2\/posts\/23394\/revisions\/23400"}],"wp:featuredmedia":[{"embeddable":true,"href":"https:\/\/evertonfc.cz\/index.php\/wp-json\/wp\/v2\/media\/23397"}],"wp:attachment":[{"href":"https:\/\/evertonfc.cz\/index.php\/wp-json\/wp\/v2\/media?parent=23394"}],"wp:term":[{"taxonomy":"category","embeddable":true,"href":"https:\/\/evertonfc.cz\/index.php\/wp-json\/wp\/v2\/categories?post=23394"},{"taxonomy":"post_tag","embeddable":true,"href":"https:\/\/evertonfc.cz\/index.php\/wp-json\/wp\/v2\/tags?post=23394"}],"curies":[{"name":"wp","href":"https:\/\/api.w.org\/{rel}","templated":true}]}}