{"id":2340,"date":"2017-11-03T20:30:05","date_gmt":"2017-11-03T19:30:05","guid":{"rendered":"http:\/\/evertonfc.cz\/?p=2340"},"modified":"2019-02-05T20:31:35","modified_gmt":"2019-02-05T19:31:35","slug":"lyon-everton-30","status":"publish","type":"post","link":"https:\/\/evertonfc.cz\/index.php\/2017\/11\/03\/lyon-everton-30\/","title":{"rendered":"Lyon &#8211; Everton 3:0"},"content":{"rendered":"\n<h4 class=\"wp-block-heading\">Klepec a vylou\u010den\u00fd Schneiderlin = sou\u010dasn\u00fd Everton v kostce. Nane\u0161t\u011bst\u00ed.<\/h4>\n\n\n\n<p>Jak jsem psal ji\u017e v preview &#8211; trojice Baines-Jagielka-Rooney do Francie v\u016fbec neodlet\u011bla, tak\u017ee dostali \u0161anci jin\u00ed. Baningime nap\u0159. op\u011bt v z\u00e1kladn\u00ed sestav\u011b, stejn\u011b jako na Chelsea.<\/p>\n\n\n\n<p>Dom\u00e1c\u00ed o\u010dek\u00e1van\u011b za\u010dali aktivn\u011bji, ale jedin\u00fdm v\u00fdsledkem byla \u017elut\u00e1 karta pro Martinu (kter\u00e1 op\u011bt hr\u00e1la v obran\u011b vlevo) za faul na Corneta. Prvn\u00ed slu\u0161n\u00e1 \u0161ance pro Everton se urodila v 17. minut\u011b, kdy ji po dobr\u00e9 pr\u00e1ci Lennona m\u011bl neobvykl\u00fd hro\u0165\u00e1k Sigurdsson, ale netrefil branku. M\u00e1lem platilo ono ok\u0159\u00eddlen\u00e9 ned\u00e1\u0161-dostane\u0161. Hlavi\u010dku Traor\u00e9ho Pickford jen vyrazil, Mendy na\u0161t\u011bst\u00ed jen poslal m\u00ed\u010d pod\u00e9l \u010d\u00e1ry z dor\u00e1\u017eky. Lyon pokra\u010doval v tlaku, Rafael byl hodn\u011b aktivn\u00ed, do polo\u010dasu je\u0161t\u011b musel brank\u00e1\u0159 host\u016f zlikvidovat r\u00e1nu Depaye. T\u011bsn\u011b p\u0159ed koncem prvn\u00ed p\u016fle muselo b\u00fdt zasa\u017eeno proti st\u0159ele Traor\u00e9ho, to ji\u017e nebyla na h\u0159i\u0161ti Martina, kter\u00e1 se zranila a byla vyst\u0159\u00edd\u00e1na Be\u0161i\u0107em.<\/p>\n\n\n\n<p>Hned z prvn\u00edho \u00fatoku ve druh\u00e9 p\u016fli Everton m\u00e1lem vyrovnal. Lennon p\u0159ipravil \u0161anci Ganovi, ale ten brank\u00e1\u0159e na \u010d\u00e1\u0159e neprost\u0159elil. Lyon ale pokra\u010doval v n\u00e1poru a vynutil si \u017elutou pro Schneiderlina. Hochovi odp\u00edskali faul a rozhod\u010d\u00ed mu ud\u011blil \u017elutou kartu za protesty. Dal\u0161\u00ed \u0161anci zlikvidoval Pickford, n\u00e1sledn\u011b po dobr\u00e9 pr\u00e1ci Lookmana m\u011bl slu\u0161nou p\u0159\u00edle\u017eitost na bli\u017e\u0161\u00ed ty\u010di Sigurdsson, ale nezav\u011bsil. A po dal\u0161\u00ed st\u0159ele islandsk\u00e9ho z\u00e1lo\u017en\u00edka t\u011bsn\u011b vedle to bylo&nbsp;<strong>1:0.&nbsp;<\/strong>Ndombele p\u011bkn\u011b p\u0159ihr\u00e1l Traor\u00e9mu, kter\u00e9ho nep\u0159ekvapiv\u011b neustr\u00e1\u017eil Williams a s prost\u0159elen\u00edm vyb\u011bhnuv\u0161\u00edho Pickforda nem\u011bl probl\u00e9m. Sv\u016fj d\u00edl viny m\u00e1 i Schneiderlin, kter\u00fd hodil p\u011bkn\u00fd, ale naprosto ne\u00fa\u010dinn\u00fd skluz.<\/p>\n\n\n\n<p>Dom\u00e1c\u00ed nav\u00edc brzy zv\u00fd\u0161ili. St\u0159elu Diaze vyrazil Pickford jen k Depayovi a ten p\u0159ihr\u00e1l Aouarovi. Ten se zakon\u010den\u00edm ke vzd\u00e1len\u011bj\u0161\u00ed ty\u010di nem\u011bl probl\u00e9m &#8211;&nbsp;<strong>2:0.&nbsp;<\/strong>\u0160patn\u00e9? Bylo je\u0161t\u011b h\u016f\u0159e. Schneiderlin dostal druhou \u017elutou kartu za zbyte\u010dn\u00fd faul, tak\u017ee nedohr\u00e1l. A nakonec dom\u00e1c\u00ed p\u0159idali i t\u0159et\u00ed ban\u00e1n. Depay p\u0159ehlavi\u010dkoval na osmi metrech od branky Holgata a poslal m\u00ed\u010d k lev\u00e9 ty\u010di &#8211;&nbsp;<strong>3:0.&nbsp;<\/strong>Everton tak bude dohr\u00e1vat zbyl\u00e9 dva z\u00e1psy Evropsk\u00e9 ligy jen z povinnosti.<\/p>\n\n\n\n<p>P. S. Pl\u00e9st si Lennona se Sigurdssonem, to opravdu vy\u017eaduje velk\u00e9 o\u010dn\u00ed probl\u00e9my.<\/p>\n\n\n\n<p><strong>Branky:&nbsp;<\/strong>68. Traor\u00e9, 76. Aouar, 88. Depay<\/p>\n\n\n\n<p><strong>\u017dK:<\/strong>&nbsp;78. Rafael, 85. Aouar &#8211; 7. Martina, 57. Schneiderlin<\/p>\n\n\n\n<p><strong>\u010cK:<\/strong>&nbsp;80. Schneiderlin<\/p>\n\n\n\n<p><strong>Olympique Lyon:&nbsp;<\/strong>Lopes &#8211; Rafael, Marcelo, Diakhaby, Mendy &#8211; Ndombele (77. Ferri), Tousart &#8211; Cornet, Fekir (62. Aouar), Depay &#8211;&nbsp;Traor\u00e9 (69. Diaz)<\/p>\n\n\n\n<p><strong>Everton:<\/strong>&nbsp;Pickford &#8211; Kenny, Holgate, Williams, Martina (43. Be\u0161i\u0107) &#8211; Gana (62.&nbsp; Calvert-Lewin), Schneiderlin, Baningime &#8211; Lennon (72. Vlasi\u010d), Sigurdsson, Lookman<\/p>\n\n\n\n<p><strong>Rozhod\u010d\u00ed:&nbsp;<\/strong>Orel Grinfeld<br><\/p>\n","protected":false},"excerpt":{"rendered":"<p>Klepec a vylou\u010den\u00fd Schneiderlin = sou\u010dasn\u00fd Everton v kostce. Nane\u0161t\u011bst\u00ed. Jak jsem psal ji\u017e v preview &#8211; trojice Baines-Jagielka-Rooney do&hellip;<\/p>\n","protected":false},"author":12,"featured_media":1315,"comment_status":"open","ping_status":"closed","sticky":false,"template":"","format":"standard","meta":{"_eb_attr":"","_monsterinsights_skip_tracking":false,"_monsterinsights_sitenote_active":false,"_monsterinsights_sitenote_note":"","_monsterinsights_sitenote_category":0,"footnotes":""},"categories":[4],"tags":[],"yoast_head":"<!-- This site is optimized with the Yoast SEO plugin v23.4 - https:\/\/yoast.com\/wordpress\/plugins\/seo\/ -->\n<title>Lyon - Everton 3:0 - Official Czech &amp; Slovak Everton Supporters&#039; Club<\/title>\n<meta name=\"robots\" content=\"index, follow, max-snippet:-1, max-image-preview:large, max-video-preview:-1\" \/>\n<link rel=\"canonical\" href=\"https:\/\/evertonfc.cz\/index.php\/2017\/11\/03\/lyon-everton-30\/\" \/>\n<meta property=\"og:locale\" content=\"cs_CZ\" \/>\n<meta property=\"og:type\" content=\"article\" \/>\n<meta property=\"og:title\" content=\"Lyon - Everton 3:0 - Official Czech &amp; Slovak Everton Supporters&#039; Club\" \/>\n<meta property=\"og:description\" content=\"Klepec a vylou\u010den\u00fd Schneiderlin = sou\u010dasn\u00fd Everton v kostce. Nane\u0161t\u011bst\u00ed. Jak jsem psal ji\u017e v preview &#8211; trojice Baines-Jagielka-Rooney do&hellip;\" \/>\n<meta property=\"og:url\" content=\"https:\/\/evertonfc.cz\/index.php\/2017\/11\/03\/lyon-everton-30\/\" \/>\n<meta property=\"og:site_name\" content=\"Official Czech &amp; Slovak Everton Supporters&#039; Club\" \/>\n<meta property=\"article:publisher\" content=\"https:\/\/www.facebook.com\/everton.fans.cz.sk\" \/>\n<meta property=\"article:published_time\" content=\"2017-11-03T19:30:05+00:00\" \/>\n<meta property=\"article:modified_time\" content=\"2019-02-05T19:31:35+00:00\" \/>\n<meta property=\"og:image\" content=\"https:\/\/evertonfc.cz\/wp-content\/uploads\/2019\/01\/report.jpg\" \/>\n\t<meta property=\"og:image:width\" content=\"720\" \/>\n\t<meta property=\"og:image:height\" content=\"405\" \/>\n\t<meta property=\"og:image:type\" content=\"image\/jpeg\" \/>\n<meta name=\"author\" content=\"Javor\" \/>\n<meta name=\"twitter:card\" content=\"summary_large_image\" \/>\n<meta name=\"twitter:creator\" content=\"@LoudinJan\" \/>\n<meta name=\"twitter:label1\" content=\"Napsal(a)\" \/>\n\t<meta name=\"twitter:data1\" content=\"Javor\" \/>\n\t<meta name=\"twitter:label2\" content=\"Odhadovan\u00e1 doba \u010dten\u00ed\" \/>\n\t<meta name=\"twitter:data2\" content=\"3 minuty\" \/>\n<script type=\"application\/ld+json\" class=\"yoast-schema-graph\">{\"@context\":\"https:\/\/schema.org\",\"@graph\":[{\"@type\":\"Article\",\"@id\":\"https:\/\/evertonfc.cz\/index.php\/2017\/11\/03\/lyon-everton-30\/#article\",\"isPartOf\":{\"@id\":\"https:\/\/evertonfc.cz\/index.php\/2017\/11\/03\/lyon-everton-30\/\"},\"author\":{\"name\":\"Javor\",\"@id\":\"https:\/\/evertonfc.cz\/#\/schema\/person\/b30daf6a5852f4811f8207a17ec1bf78\"},\"headline\":\"Lyon &#8211; Everton 3:0\",\"datePublished\":\"2017-11-03T19:30:05+00:00\",\"dateModified\":\"2019-02-05T19:31:35+00:00\",\"mainEntityOfPage\":{\"@id\":\"https:\/\/evertonfc.cz\/index.php\/2017\/11\/03\/lyon-everton-30\/\"},\"wordCount\":514,\"commentCount\":0,\"publisher\":{\"@id\":\"https:\/\/evertonfc.cz\/#organization\"},\"image\":{\"@id\":\"https:\/\/evertonfc.cz\/index.php\/2017\/11\/03\/lyon-everton-30\/#primaryimage\"},\"thumbnailUrl\":\"https:\/\/evertonfc.cz\/wp-content\/uploads\/2019\/01\/report.jpg\",\"articleSection\":[\"Z\u00e1pasy\"],\"inLanguage\":\"cs\",\"potentialAction\":[{\"@type\":\"CommentAction\",\"name\":\"Comment\",\"target\":[\"https:\/\/evertonfc.cz\/index.php\/2017\/11\/03\/lyon-everton-30\/#respond\"]}]},{\"@type\":\"WebPage\",\"@id\":\"https:\/\/evertonfc.cz\/index.php\/2017\/11\/03\/lyon-everton-30\/\",\"url\":\"https:\/\/evertonfc.cz\/index.php\/2017\/11\/03\/lyon-everton-30\/\",\"name\":\"Lyon - Everton 3:0 - Official Czech &amp; Slovak Everton Supporters&#039; Club\",\"isPartOf\":{\"@id\":\"https:\/\/evertonfc.cz\/#website\"},\"primaryImageOfPage\":{\"@id\":\"https:\/\/evertonfc.cz\/index.php\/2017\/11\/03\/lyon-everton-30\/#primaryimage\"},\"image\":{\"@id\":\"https:\/\/evertonfc.cz\/index.php\/2017\/11\/03\/lyon-everton-30\/#primaryimage\"},\"thumbnailUrl\":\"https:\/\/evertonfc.cz\/wp-content\/uploads\/2019\/01\/report.jpg\",\"datePublished\":\"2017-11-03T19:30:05+00:00\",\"dateModified\":\"2019-02-05T19:31:35+00:00\",\"breadcrumb\":{\"@id\":\"https:\/\/evertonfc.cz\/index.php\/2017\/11\/03\/lyon-everton-30\/#breadcrumb\"},\"inLanguage\":\"cs\",\"potentialAction\":[{\"@type\":\"ReadAction\",\"target\":[\"https:\/\/evertonfc.cz\/index.php\/2017\/11\/03\/lyon-everton-30\/\"]}]},{\"@type\":\"ImageObject\",\"inLanguage\":\"cs\",\"@id\":\"https:\/\/evertonfc.cz\/index.php\/2017\/11\/03\/lyon-everton-30\/#primaryimage\",\"url\":\"https:\/\/evertonfc.cz\/wp-content\/uploads\/2019\/01\/report.jpg\",\"contentUrl\":\"https:\/\/evertonfc.cz\/wp-content\/uploads\/2019\/01\/report.jpg\",\"width\":720,\"height\":405},{\"@type\":\"BreadcrumbList\",\"@id\":\"https:\/\/evertonfc.cz\/index.php\/2017\/11\/03\/lyon-everton-30\/#breadcrumb\",\"itemListElement\":[{\"@type\":\"ListItem\",\"position\":1,\"name\":\"Home\",\"item\":\"https:\/\/evertonfc.cz\/\"},{\"@type\":\"ListItem\",\"position\":2,\"name\":\"Lyon &#8211; Everton 3:0\"}]},{\"@type\":\"WebSite\",\"@id\":\"https:\/\/evertonfc.cz\/#website\",\"url\":\"https:\/\/evertonfc.cz\/\",\"name\":\"Official Czech &amp; Slovak Everton Supporters&#039; Club\",\"description\":\"\",\"publisher\":{\"@id\":\"https:\/\/evertonfc.cz\/#organization\"},\"potentialAction\":[{\"@type\":\"SearchAction\",\"target\":{\"@type\":\"EntryPoint\",\"urlTemplate\":\"https:\/\/evertonfc.cz\/?s={search_term_string}\"},\"query-input\":{\"@type\":\"PropertyValueSpecification\",\"valueRequired\":true,\"valueName\":\"search_term_string\"}}],\"inLanguage\":\"cs\"},{\"@type\":\"Organization\",\"@id\":\"https:\/\/evertonfc.cz\/#organization\",\"name\":\"Official Czech & Slovak Everton Supporters' Club\",\"url\":\"https:\/\/evertonfc.cz\/\",\"logo\":{\"@type\":\"ImageObject\",\"inLanguage\":\"cs\",\"@id\":\"https:\/\/evertonfc.cz\/#\/schema\/logo\/image\/\",\"url\":\"https:\/\/evertonfc.cz\/wp-content\/uploads\/2019\/05\/logo.png\",\"contentUrl\":\"https:\/\/evertonfc.cz\/wp-content\/uploads\/2019\/05\/logo.png\",\"width\":112,\"height\":112,\"caption\":\"Official Czech & Slovak Everton Supporters' Club\"},\"image\":{\"@id\":\"https:\/\/evertonfc.cz\/#\/schema\/logo\/image\/\"},\"sameAs\":[\"https:\/\/www.facebook.com\/everton.fans.cz.sk\"]},{\"@type\":\"Person\",\"@id\":\"https:\/\/evertonfc.cz\/#\/schema\/person\/b30daf6a5852f4811f8207a17ec1bf78\",\"name\":\"Javor\",\"sameAs\":[\"https:\/\/x.com\/LoudinJan\"],\"url\":\"https:\/\/evertonfc.cz\/index.php\/author\/javor\/\"}]}<\/script>\n<!-- \/ Yoast SEO plugin. -->","yoast_head_json":{"title":"Lyon - Everton 3:0 - Official Czech &amp; Slovak Everton Supporters&#039; Club","robots":{"index":"index","follow":"follow","max-snippet":"max-snippet:-1","max-image-preview":"max-image-preview:large","max-video-preview":"max-video-preview:-1"},"canonical":"https:\/\/evertonfc.cz\/index.php\/2017\/11\/03\/lyon-everton-30\/","og_locale":"cs_CZ","og_type":"article","og_title":"Lyon - Everton 3:0 - Official Czech &amp; Slovak Everton Supporters&#039; Club","og_description":"Klepec a vylou\u010den\u00fd Schneiderlin = sou\u010dasn\u00fd Everton v kostce. Nane\u0161t\u011bst\u00ed. Jak jsem psal ji\u017e v preview &#8211; trojice Baines-Jagielka-Rooney do&hellip;","og_url":"https:\/\/evertonfc.cz\/index.php\/2017\/11\/03\/lyon-everton-30\/","og_site_name":"Official Czech &amp; Slovak Everton Supporters&#039; Club","article_publisher":"https:\/\/www.facebook.com\/everton.fans.cz.sk","article_published_time":"2017-11-03T19:30:05+00:00","article_modified_time":"2019-02-05T19:31:35+00:00","og_image":[{"width":720,"height":405,"url":"https:\/\/evertonfc.cz\/wp-content\/uploads\/2019\/01\/report.jpg","type":"image\/jpeg"}],"author":"Javor","twitter_card":"summary_large_image","twitter_creator":"@LoudinJan","twitter_misc":{"Napsal(a)":"Javor","Odhadovan\u00e1 doba \u010dten\u00ed":"3 minuty"},"schema":{"@context":"https:\/\/schema.org","@graph":[{"@type":"Article","@id":"https:\/\/evertonfc.cz\/index.php\/2017\/11\/03\/lyon-everton-30\/#article","isPartOf":{"@id":"https:\/\/evertonfc.cz\/index.php\/2017\/11\/03\/lyon-everton-30\/"},"author":{"name":"Javor","@id":"https:\/\/evertonfc.cz\/#\/schema\/person\/b30daf6a5852f4811f8207a17ec1bf78"},"headline":"Lyon &#8211; Everton 3:0","datePublished":"2017-11-03T19:30:05+00:00","dateModified":"2019-02-05T19:31:35+00:00","mainEntityOfPage":{"@id":"https:\/\/evertonfc.cz\/index.php\/2017\/11\/03\/lyon-everton-30\/"},"wordCount":514,"commentCount":0,"publisher":{"@id":"https:\/\/evertonfc.cz\/#organization"},"image":{"@id":"https:\/\/evertonfc.cz\/index.php\/2017\/11\/03\/lyon-everton-30\/#primaryimage"},"thumbnailUrl":"https:\/\/evertonfc.cz\/wp-content\/uploads\/2019\/01\/report.jpg","articleSection":["Z\u00e1pasy"],"inLanguage":"cs","potentialAction":[{"@type":"CommentAction","name":"Comment","target":["https:\/\/evertonfc.cz\/index.php\/2017\/11\/03\/lyon-everton-30\/#respond"]}]},{"@type":"WebPage","@id":"https:\/\/evertonfc.cz\/index.php\/2017\/11\/03\/lyon-everton-30\/","url":"https:\/\/evertonfc.cz\/index.php\/2017\/11\/03\/lyon-everton-30\/","name":"Lyon - Everton 3:0 - Official Czech &amp; Slovak Everton Supporters&#039; Club","isPartOf":{"@id":"https:\/\/evertonfc.cz\/#website"},"primaryImageOfPage":{"@id":"https:\/\/evertonfc.cz\/index.php\/2017\/11\/03\/lyon-everton-30\/#primaryimage"},"image":{"@id":"https:\/\/evertonfc.cz\/index.php\/2017\/11\/03\/lyon-everton-30\/#primaryimage"},"thumbnailUrl":"https:\/\/evertonfc.cz\/wp-content\/uploads\/2019\/01\/report.jpg","datePublished":"2017-11-03T19:30:05+00:00","dateModified":"2019-02-05T19:31:35+00:00","breadcrumb":{"@id":"https:\/\/evertonfc.cz\/index.php\/2017\/11\/03\/lyon-everton-30\/#breadcrumb"},"inLanguage":"cs","potentialAction":[{"@type":"ReadAction","target":["https:\/\/evertonfc.cz\/index.php\/2017\/11\/03\/lyon-everton-30\/"]}]},{"@type":"ImageObject","inLanguage":"cs","@id":"https:\/\/evertonfc.cz\/index.php\/2017\/11\/03\/lyon-everton-30\/#primaryimage","url":"https:\/\/evertonfc.cz\/wp-content\/uploads\/2019\/01\/report.jpg","contentUrl":"https:\/\/evertonfc.cz\/wp-content\/uploads\/2019\/01\/report.jpg","width":720,"height":405},{"@type":"BreadcrumbList","@id":"https:\/\/evertonfc.cz\/index.php\/2017\/11\/03\/lyon-everton-30\/#breadcrumb","itemListElement":[{"@type":"ListItem","position":1,"name":"Home","item":"https:\/\/evertonfc.cz\/"},{"@type":"ListItem","position":2,"name":"Lyon &#8211; Everton 3:0"}]},{"@type":"WebSite","@id":"https:\/\/evertonfc.cz\/#website","url":"https:\/\/evertonfc.cz\/","name":"Official Czech &amp; Slovak Everton Supporters&#039; Club","description":"","publisher":{"@id":"https:\/\/evertonfc.cz\/#organization"},"potentialAction":[{"@type":"SearchAction","target":{"@type":"EntryPoint","urlTemplate":"https:\/\/evertonfc.cz\/?s={search_term_string}"},"query-input":{"@type":"PropertyValueSpecification","valueRequired":true,"valueName":"search_term_string"}}],"inLanguage":"cs"},{"@type":"Organization","@id":"https:\/\/evertonfc.cz\/#organization","name":"Official Czech & Slovak Everton Supporters' Club","url":"https:\/\/evertonfc.cz\/","logo":{"@type":"ImageObject","inLanguage":"cs","@id":"https:\/\/evertonfc.cz\/#\/schema\/logo\/image\/","url":"https:\/\/evertonfc.cz\/wp-content\/uploads\/2019\/05\/logo.png","contentUrl":"https:\/\/evertonfc.cz\/wp-content\/uploads\/2019\/05\/logo.png","width":112,"height":112,"caption":"Official Czech & Slovak Everton Supporters' Club"},"image":{"@id":"https:\/\/evertonfc.cz\/#\/schema\/logo\/image\/"},"sameAs":["https:\/\/www.facebook.com\/everton.fans.cz.sk"]},{"@type":"Person","@id":"https:\/\/evertonfc.cz\/#\/schema\/person\/b30daf6a5852f4811f8207a17ec1bf78","name":"Javor","sameAs":["https:\/\/x.com\/LoudinJan"],"url":"https:\/\/evertonfc.cz\/index.php\/author\/javor\/"}]}},"_links":{"self":[{"href":"https:\/\/evertonfc.cz\/index.php\/wp-json\/wp\/v2\/posts\/2340"}],"collection":[{"href":"https:\/\/evertonfc.cz\/index.php\/wp-json\/wp\/v2\/posts"}],"about":[{"href":"https:\/\/evertonfc.cz\/index.php\/wp-json\/wp\/v2\/types\/post"}],"author":[{"embeddable":true,"href":"https:\/\/evertonfc.cz\/index.php\/wp-json\/wp\/v2\/users\/12"}],"replies":[{"embeddable":true,"href":"https:\/\/evertonfc.cz\/index.php\/wp-json\/wp\/v2\/comments?post=2340"}],"version-history":[{"count":1,"href":"https:\/\/evertonfc.cz\/index.php\/wp-json\/wp\/v2\/posts\/2340\/revisions"}],"predecessor-version":[{"id":2341,"href":"https:\/\/evertonfc.cz\/index.php\/wp-json\/wp\/v2\/posts\/2340\/revisions\/2341"}],"wp:featuredmedia":[{"embeddable":true,"href":"https:\/\/evertonfc.cz\/index.php\/wp-json\/wp\/v2\/media\/1315"}],"wp:attachment":[{"href":"https:\/\/evertonfc.cz\/index.php\/wp-json\/wp\/v2\/media?parent=2340"}],"wp:term":[{"taxonomy":"category","embeddable":true,"href":"https:\/\/evertonfc.cz\/index.php\/wp-json\/wp\/v2\/categories?post=2340"},{"taxonomy":"post_tag","embeddable":true,"href":"https:\/\/evertonfc.cz\/index.php\/wp-json\/wp\/v2\/tags?post=2340"}],"curies":[{"name":"wp","href":"https:\/\/api.w.org\/{rel}","templated":true}]}}