{"id":23412,"date":"2023-12-06T22:49:38","date_gmt":"2023-12-06T21:49:38","guid":{"rendered":"https:\/\/evertonfc.cz\/?p=23412"},"modified":"2023-12-07T19:48:49","modified_gmt":"2023-12-07T18:48:49","slug":"preview-everton-newcastle-united-11","status":"publish","type":"post","link":"https:\/\/evertonfc.cz\/index.php\/2023\/12\/06\/preview-everton-newcastle-united-11\/","title":{"rendered":"Preview: Everton &#8211; Newcastle United"},"content":{"rendered":"<h4>Toffees o v\u00edkendu potvrdili svou v\u00fdbornou venkovn\u00ed formu, kterou kone\u010dn\u011b budou cht\u00edt p\u0159en\u00e9st tak\u00e9 do dom\u00e1c\u00edho prost\u0159ed\u00ed. Na Old Lady doraz\u00ed ochr\u00e1nci lidsk\u00fdch pr\u00e1v v \u010dele s ost\u0159\u00edhanou Clare Baldingovou.<\/h4>\n<p>\u010cty\u0159i v\u00fdhry z posledn\u00edch \u0161esti z\u00e1pas\u016f jsou rozhodn\u011b povzbudiv\u00fdm sign\u00e1lem. Nejednalo by se v\u0161ak o Everton, kdyby n\u00e1znak pozitivismu nebyl okam\u017eit\u011b n\u00e1sledov\u00e1n rychl\u00fdm &#8222;ale&#8220;. Jednak Blues st\u00e1le ohro\u017euje a je\u0161t\u011b bude dlouho ohro\u017eovat desetibodov\u00fd odpo\u010det, a\u010dkoliv se mezi fotbalov\u00fdmi odborn\u00edky za\u010d\u00edn\u00e1 \u0161\u00ed\u0159it n\u00e1zor, jak tento trest klub stmelil a ve v\u00fdsledku mu pom\u016f\u017ee (kdo by necht\u011bl vym\u011bnit \u00fatok na klidn\u00fd st\u0159ed tabulky za t\u0159et\u00ed rok boje o z\u00e1chranu, \u017ee?). A druhak &#8211; dobr\u00e9 v\u00fdkony sr\u00e1\u017e\u00ed dlouhodob\u011b trvaj\u00edc\u00ed neschopnost vyhr\u00e1vat p\u0159ed vlastn\u00edmi fanou\u0161ky na Goodison Parku.<\/p>\n<p>Everton v sedmi dom\u00e1c\u00edch z\u00e1pasech aktu\u00e1ln\u00ed sez\u00f3ny Premier League vyst\u0159elil na br\u00e1nu 124kr\u00e1t, av\u0161ak sk\u00f3roval pouze p\u011btkr\u00e1t. Jeho \u00fasp\u011b\u0161nost v prom\u011b\u0148ov\u00e1n\u00ed g\u00f3lov\u00fdch \u0161anc\u00ed dosahuje tristn\u00edch dev\u00edti procent. Jen pro rychl\u00e9 srovn\u00e1n\u00ed &#8211; druh\u00fd nejhor\u0161\u00ed celek t\u00e9to statistiky m\u00e1 \u00fasp\u011b\u0161nost 25 procent.<\/p>\n<p>Jak v\u00fdsti\u017en\u011b poznamenal mana\u017eer Sean Dyche, Toffees mus\u00ed za\u010d\u00edt sk\u00f3rovat na vlastn\u00edm h\u0159i\u0161ti. V opa\u010dn\u00e9m p\u0159\u00edpad\u011b si koleduj\u00ed o zna\u010dn\u00e9 probl\u00e9my.<\/p>\n<p>Dobrou zpr\u00e1vou v ot\u00e1zce g\u00f3l\u016f je mo\u017en\u00fd n\u00e1vrat \u00fato\u010dn\u00edka Calverta-Lewina do z\u00e1kladn\u00ed sestavy, jeho\u017e o v\u00edkendu zastupoval Portugalec Beto. Ten sv\u00fdm p\u0159edstaven\u00edm p\u0159i\u017eivil obavy, \u017ee bude pot\u0159ebovat del\u0161\u00ed dobu k aklimatizaci na anglickou ligu. Bu\u010fme tedy trp\u011bliv\u00ed, jinak n\u00e1m toti\u017e nezbyde nic jin\u00e9ho ne\u017e se py\u0161nit sv\u011btov\u00fdm rekordem, \u017ee m\u00e1me v k\u00e1dru nejdra\u017e\u0161\u00edho prodejce Kentucky Fried Chickens na sv\u011bt\u011b. A to opravdu neobstoj\u00ed p\u0159ed dal\u0161\u00ed kontrolou finan\u010dn\u00edch pravidel.<\/p>\n<p>Postupn\u011b se tak\u00e9 uzdravuje Amadou Onana, kter\u00fd nebude cht\u00edt sed\u011bt na lavi\u010dce n\u00e1hradn\u00edk\u016f. Dal\u0161\u00ed rotace v z\u00e1kladn\u00ed sestav\u011b se sm\u011brem k nabit\u00e9mu programu nab\u00edz\u00ed, ale t\u011b\u017eko \u0159\u00edct, zda se rovn\u011b\u017e potk\u00e1 s my\u0161lenkami konzervativn\u00edho Dyche.<\/p>\n<p>\u0160est\u00fd Newcastle p\u0159ij\u00ed\u017ed\u00ed na Goodison Park v prazvl\u00e1\u0161tn\u00edm rozpolo\u017een\u00ed. P\u0159esto\u017ee v posledn\u00edch dvou ligov\u00fdch z\u00e1pasech imponuj\u00edc\u00edm zp\u016fsobem porazil Chelsea a Manchester United, t\u00fdm sr\u00e1\u017e\u00ed t\u011b\u017eko uv\u011b\u0159iteln\u00fd seznam absentuj\u00edc\u00edch, kter\u00fd \u010d\u00edt\u00e1 a\u017e 13 jmen. Bohu\u017eel mezi nimi nen\u00ed b\u00fdval\u00fd evertonsk\u00fd &#8222;starboy&#8220; Anthony Gordon, kter\u00fd si p\u0159ed rokem vytrucoval sv\u016fj vysn\u011bn\u00fd p\u0159estup za 40 milion\u016f liber. V aktu\u00e1ln\u00edm ro\u010dn\u00edku se m\u016f\u017ee py\u0161nit \u0161esti vst\u0159elen\u00fdmi brankami a kone\u010dn\u011b tak\u00e9 norm\u00e1ln\u00edm \u00fa\u010desem. Po transferu na drsn\u00fd sever se zbavil p\u0159ehazova\u010dky \u00e0 la Clare Baldingov\u00e1.<\/p>\n<p>Co jin\u00e9ho napsat o fotbalov\u00e9m z\u00e1zraku ze St. James&#8216; Parku? Je\u0161t\u011b p\u0159ed dv\u011bma lety se Magpies nach\u00e1zeli na \u00fapln\u00e9m dn\u011b Premier League, ale kv\u016fli saudsk\u00e9 oligarchizaci vyst\u0159elili mezi nejlep\u0161\u00ed t\u00fdmy na Ostrovech. Jist\u011b, p\u0159\u00edb\u011bh o schopn\u00e9m a talentovan\u00e9m mana\u017eerovi Eddiem Howeovi je bezpochyby hollywoodsky srdceryvn\u011bj\u0161\u00ed ne\u017e ten o majiteli, kter\u00fd sportswashingem zakr\u00fdv\u00e1 obvin\u011bn\u00ed z terorismu, poru\u0161ov\u00e1n\u00ed lidsk\u00fdch pr\u00e1v \u010di vra\u017edu kritika re\u017eimu. Ale ka\u017ed\u00fd si vyb\u00edr\u00e1 svou cestu. A mo\u017en\u00e1 na rozd\u00edl od evertonsk\u00e9ho majitele si Sa\u00fadov\u00e9 osvojili z\u00e1klady \u00fa\u010detnictv\u00ed, a tak se jim nakonec poda\u0159\u00ed koupit si svou vlastn\u00ed poh\u00e1dku o trofej\u00edch.<\/p>\n<p><strong>Co:<\/strong> Everton FC &#8211; Newcastle United FC, 15. kolo Premier League<br \/>\n<strong>Kdy:<\/strong> 7. 12. 2023 od 20:30<br \/>\n<strong>Kde:<\/strong> Goodison Park \u2013 Goodison Rd, Liverpool L4 4EL (kapacita: 39 414)<br \/>\n<strong>TV:<\/strong> Canal+ Action, komentuje Martin Minha<br \/>\n<strong>Rozhod\u010d\u00ed:<\/strong> Tim Robinson <strong>Postrann\u00ed:<\/strong> Stuart Burt, Dan Cook <strong>\u010ctvrt\u00fd rozhod\u010d\u00ed:<\/strong> Darren England<br \/>\n<strong>VAR:<\/strong> David Coote <strong>Asistent VAR:<\/strong> Mat Wilkes<\/p>\n","protected":false},"excerpt":{"rendered":"<p>Toffees o v\u00edkendu potvrdili svou v\u00fdbornou venkovn\u00ed formu, kterou kone\u010dn\u011b budou cht\u00edt p\u0159en\u00e9st tak\u00e9 do dom\u00e1c\u00edho prost\u0159ed\u00ed. Na Old Lady doraz\u00ed ochr\u00e1nci lidsk\u00fdch pr\u00e1v v \u010dele s ost\u0159\u00edhanou Clare Balding.<\/p>\n","protected":false},"author":6,"featured_media":13797,"comment_status":"open","ping_status":"closed","sticky":false,"template":"","format":"standard","meta":{"_eb_attr":"","_monsterinsights_skip_tracking":false,"_monsterinsights_sitenote_active":false,"_monsterinsights_sitenote_note":"","_monsterinsights_sitenote_category":0,"footnotes":""},"categories":[4],"tags":[],"yoast_head":"<!-- This site is optimized with the Yoast SEO plugin v23.4 - https:\/\/yoast.com\/wordpress\/plugins\/seo\/ -->\n<title>Preview: Everton - Newcastle United - Official Czech &amp; Slovak Everton Supporters&#039; Club<\/title>\n<meta name=\"robots\" content=\"index, follow, max-snippet:-1, max-image-preview:large, max-video-preview:-1\" \/>\n<link rel=\"canonical\" href=\"https:\/\/evertonfc.cz\/index.php\/2023\/12\/06\/preview-everton-newcastle-united-11\/\" \/>\n<meta property=\"og:locale\" content=\"cs_CZ\" \/>\n<meta property=\"og:type\" content=\"article\" \/>\n<meta property=\"og:title\" content=\"Preview: Everton - Newcastle United - Official Czech &amp; Slovak Everton Supporters&#039; Club\" \/>\n<meta property=\"og:description\" content=\"Toffees o v\u00edkendu potvrdili svou v\u00fdbornou venkovn\u00ed formu, kterou kone\u010dn\u011b budou cht\u00edt p\u0159en\u00e9st tak\u00e9 do dom\u00e1c\u00edho prost\u0159ed\u00ed. Na Old Lady doraz\u00ed ochr\u00e1nci lidsk\u00fdch pr\u00e1v v \u010dele s ost\u0159\u00edhanou Clare Balding.\" \/>\n<meta property=\"og:url\" content=\"https:\/\/evertonfc.cz\/index.php\/2023\/12\/06\/preview-everton-newcastle-united-11\/\" \/>\n<meta property=\"og:site_name\" content=\"Official Czech &amp; Slovak Everton Supporters&#039; Club\" \/>\n<meta property=\"article:publisher\" content=\"https:\/\/www.facebook.com\/everton.fans.cz.sk\" \/>\n<meta property=\"article:published_time\" content=\"2023-12-06T21:49:38+00:00\" \/>\n<meta property=\"article:modified_time\" content=\"2023-12-07T18:48:49+00:00\" \/>\n<meta property=\"og:image\" content=\"https:\/\/evertonfc.cz\/wp-content\/uploads\/2021\/01\/Everton-VS-Newcastle-United-NIGHT.jpg\" \/>\n\t<meta property=\"og:image:width\" content=\"720\" \/>\n\t<meta property=\"og:image:height\" content=\"405\" \/>\n\t<meta property=\"og:image:type\" content=\"image\/jpeg\" \/>\n<meta name=\"author\" content=\"Ri\u010di\" \/>\n<meta name=\"twitter:card\" content=\"summary_large_image\" \/>\n<meta name=\"twitter:creator\" content=\"@rbrejsa\" \/>\n<meta name=\"twitter:label1\" content=\"Napsal(a)\" \/>\n\t<meta name=\"twitter:data1\" content=\"Ri\u010di\" \/>\n\t<meta name=\"twitter:label2\" content=\"Odhadovan\u00e1 doba \u010dten\u00ed\" \/>\n\t<meta name=\"twitter:data2\" content=\"3 minuty\" \/>\n<script type=\"application\/ld+json\" class=\"yoast-schema-graph\">{\"@context\":\"https:\/\/schema.org\",\"@graph\":[{\"@type\":\"Article\",\"@id\":\"https:\/\/evertonfc.cz\/index.php\/2023\/12\/06\/preview-everton-newcastle-united-11\/#article\",\"isPartOf\":{\"@id\":\"https:\/\/evertonfc.cz\/index.php\/2023\/12\/06\/preview-everton-newcastle-united-11\/\"},\"author\":{\"name\":\"Ri\u010di\",\"@id\":\"https:\/\/evertonfc.cz\/#\/schema\/person\/f7a5daedb2ffee98480bc70e191aaef1\"},\"headline\":\"Preview: Everton &#8211; Newcastle United\",\"datePublished\":\"2023-12-06T21:49:38+00:00\",\"dateModified\":\"2023-12-07T18:48:49+00:00\",\"mainEntityOfPage\":{\"@id\":\"https:\/\/evertonfc.cz\/index.php\/2023\/12\/06\/preview-everton-newcastle-united-11\/\"},\"wordCount\":695,\"commentCount\":13,\"publisher\":{\"@id\":\"https:\/\/evertonfc.cz\/#organization\"},\"image\":{\"@id\":\"https:\/\/evertonfc.cz\/index.php\/2023\/12\/06\/preview-everton-newcastle-united-11\/#primaryimage\"},\"thumbnailUrl\":\"https:\/\/evertonfc.cz\/wp-content\/uploads\/2021\/01\/Everton-VS-Newcastle-United-NIGHT.jpg\",\"articleSection\":[\"Z\u00e1pasy\"],\"inLanguage\":\"cs\",\"potentialAction\":[{\"@type\":\"CommentAction\",\"name\":\"Comment\",\"target\":[\"https:\/\/evertonfc.cz\/index.php\/2023\/12\/06\/preview-everton-newcastle-united-11\/#respond\"]}]},{\"@type\":\"WebPage\",\"@id\":\"https:\/\/evertonfc.cz\/index.php\/2023\/12\/06\/preview-everton-newcastle-united-11\/\",\"url\":\"https:\/\/evertonfc.cz\/index.php\/2023\/12\/06\/preview-everton-newcastle-united-11\/\",\"name\":\"Preview: Everton - Newcastle United - Official Czech &amp; Slovak Everton Supporters&#039; Club\",\"isPartOf\":{\"@id\":\"https:\/\/evertonfc.cz\/#website\"},\"primaryImageOfPage\":{\"@id\":\"https:\/\/evertonfc.cz\/index.php\/2023\/12\/06\/preview-everton-newcastle-united-11\/#primaryimage\"},\"image\":{\"@id\":\"https:\/\/evertonfc.cz\/index.php\/2023\/12\/06\/preview-everton-newcastle-united-11\/#primaryimage\"},\"thumbnailUrl\":\"https:\/\/evertonfc.cz\/wp-content\/uploads\/2021\/01\/Everton-VS-Newcastle-United-NIGHT.jpg\",\"datePublished\":\"2023-12-06T21:49:38+00:00\",\"dateModified\":\"2023-12-07T18:48:49+00:00\",\"breadcrumb\":{\"@id\":\"https:\/\/evertonfc.cz\/index.php\/2023\/12\/06\/preview-everton-newcastle-united-11\/#breadcrumb\"},\"inLanguage\":\"cs\",\"potentialAction\":[{\"@type\":\"ReadAction\",\"target\":[\"https:\/\/evertonfc.cz\/index.php\/2023\/12\/06\/preview-everton-newcastle-united-11\/\"]}]},{\"@type\":\"ImageObject\",\"inLanguage\":\"cs\",\"@id\":\"https:\/\/evertonfc.cz\/index.php\/2023\/12\/06\/preview-everton-newcastle-united-11\/#primaryimage\",\"url\":\"https:\/\/evertonfc.cz\/wp-content\/uploads\/2021\/01\/Everton-VS-Newcastle-United-NIGHT.jpg\",\"contentUrl\":\"https:\/\/evertonfc.cz\/wp-content\/uploads\/2021\/01\/Everton-VS-Newcastle-United-NIGHT.jpg\",\"width\":720,\"height\":405},{\"@type\":\"BreadcrumbList\",\"@id\":\"https:\/\/evertonfc.cz\/index.php\/2023\/12\/06\/preview-everton-newcastle-united-11\/#breadcrumb\",\"itemListElement\":[{\"@type\":\"ListItem\",\"position\":1,\"name\":\"Home\",\"item\":\"https:\/\/evertonfc.cz\/\"},{\"@type\":\"ListItem\",\"position\":2,\"name\":\"Preview: Everton &#8211; Newcastle United\"}]},{\"@type\":\"WebSite\",\"@id\":\"https:\/\/evertonfc.cz\/#website\",\"url\":\"https:\/\/evertonfc.cz\/\",\"name\":\"Official Czech &amp; Slovak Everton Supporters&#039; Club\",\"description\":\"\",\"publisher\":{\"@id\":\"https:\/\/evertonfc.cz\/#organization\"},\"potentialAction\":[{\"@type\":\"SearchAction\",\"target\":{\"@type\":\"EntryPoint\",\"urlTemplate\":\"https:\/\/evertonfc.cz\/?s={search_term_string}\"},\"query-input\":{\"@type\":\"PropertyValueSpecification\",\"valueRequired\":true,\"valueName\":\"search_term_string\"}}],\"inLanguage\":\"cs\"},{\"@type\":\"Organization\",\"@id\":\"https:\/\/evertonfc.cz\/#organization\",\"name\":\"Official Czech & Slovak Everton Supporters' Club\",\"url\":\"https:\/\/evertonfc.cz\/\",\"logo\":{\"@type\":\"ImageObject\",\"inLanguage\":\"cs\",\"@id\":\"https:\/\/evertonfc.cz\/#\/schema\/logo\/image\/\",\"url\":\"https:\/\/evertonfc.cz\/wp-content\/uploads\/2019\/05\/logo.png\",\"contentUrl\":\"https:\/\/evertonfc.cz\/wp-content\/uploads\/2019\/05\/logo.png\",\"width\":112,\"height\":112,\"caption\":\"Official Czech & Slovak Everton Supporters' Club\"},\"image\":{\"@id\":\"https:\/\/evertonfc.cz\/#\/schema\/logo\/image\/\"},\"sameAs\":[\"https:\/\/www.facebook.com\/everton.fans.cz.sk\"]},{\"@type\":\"Person\",\"@id\":\"https:\/\/evertonfc.cz\/#\/schema\/person\/f7a5daedb2ffee98480bc70e191aaef1\",\"name\":\"Ri\u010di\",\"sameAs\":[\"https:\/\/x.com\/rbrejsa\"],\"url\":\"https:\/\/evertonfc.cz\/index.php\/author\/rici\/\"}]}<\/script>\n<!-- \/ Yoast SEO plugin. -->","yoast_head_json":{"title":"Preview: Everton - Newcastle United - Official Czech &amp; Slovak Everton Supporters&#039; Club","robots":{"index":"index","follow":"follow","max-snippet":"max-snippet:-1","max-image-preview":"max-image-preview:large","max-video-preview":"max-video-preview:-1"},"canonical":"https:\/\/evertonfc.cz\/index.php\/2023\/12\/06\/preview-everton-newcastle-united-11\/","og_locale":"cs_CZ","og_type":"article","og_title":"Preview: Everton - Newcastle United - Official Czech &amp; Slovak Everton Supporters&#039; Club","og_description":"Toffees o v\u00edkendu potvrdili svou v\u00fdbornou venkovn\u00ed formu, kterou kone\u010dn\u011b budou cht\u00edt p\u0159en\u00e9st tak\u00e9 do dom\u00e1c\u00edho prost\u0159ed\u00ed. Na Old Lady doraz\u00ed ochr\u00e1nci lidsk\u00fdch pr\u00e1v v \u010dele s ost\u0159\u00edhanou Clare Balding.","og_url":"https:\/\/evertonfc.cz\/index.php\/2023\/12\/06\/preview-everton-newcastle-united-11\/","og_site_name":"Official Czech &amp; Slovak Everton Supporters&#039; Club","article_publisher":"https:\/\/www.facebook.com\/everton.fans.cz.sk","article_published_time":"2023-12-06T21:49:38+00:00","article_modified_time":"2023-12-07T18:48:49+00:00","og_image":[{"width":720,"height":405,"url":"https:\/\/evertonfc.cz\/wp-content\/uploads\/2021\/01\/Everton-VS-Newcastle-United-NIGHT.jpg","type":"image\/jpeg"}],"author":"Ri\u010di","twitter_card":"summary_large_image","twitter_creator":"@rbrejsa","twitter_misc":{"Napsal(a)":"Ri\u010di","Odhadovan\u00e1 doba \u010dten\u00ed":"3 minuty"},"schema":{"@context":"https:\/\/schema.org","@graph":[{"@type":"Article","@id":"https:\/\/evertonfc.cz\/index.php\/2023\/12\/06\/preview-everton-newcastle-united-11\/#article","isPartOf":{"@id":"https:\/\/evertonfc.cz\/index.php\/2023\/12\/06\/preview-everton-newcastle-united-11\/"},"author":{"name":"Ri\u010di","@id":"https:\/\/evertonfc.cz\/#\/schema\/person\/f7a5daedb2ffee98480bc70e191aaef1"},"headline":"Preview: Everton &#8211; Newcastle United","datePublished":"2023-12-06T21:49:38+00:00","dateModified":"2023-12-07T18:48:49+00:00","mainEntityOfPage":{"@id":"https:\/\/evertonfc.cz\/index.php\/2023\/12\/06\/preview-everton-newcastle-united-11\/"},"wordCount":695,"commentCount":13,"publisher":{"@id":"https:\/\/evertonfc.cz\/#organization"},"image":{"@id":"https:\/\/evertonfc.cz\/index.php\/2023\/12\/06\/preview-everton-newcastle-united-11\/#primaryimage"},"thumbnailUrl":"https:\/\/evertonfc.cz\/wp-content\/uploads\/2021\/01\/Everton-VS-Newcastle-United-NIGHT.jpg","articleSection":["Z\u00e1pasy"],"inLanguage":"cs","potentialAction":[{"@type":"CommentAction","name":"Comment","target":["https:\/\/evertonfc.cz\/index.php\/2023\/12\/06\/preview-everton-newcastle-united-11\/#respond"]}]},{"@type":"WebPage","@id":"https:\/\/evertonfc.cz\/index.php\/2023\/12\/06\/preview-everton-newcastle-united-11\/","url":"https:\/\/evertonfc.cz\/index.php\/2023\/12\/06\/preview-everton-newcastle-united-11\/","name":"Preview: Everton - Newcastle United - Official Czech &amp; Slovak Everton Supporters&#039; Club","isPartOf":{"@id":"https:\/\/evertonfc.cz\/#website"},"primaryImageOfPage":{"@id":"https:\/\/evertonfc.cz\/index.php\/2023\/12\/06\/preview-everton-newcastle-united-11\/#primaryimage"},"image":{"@id":"https:\/\/evertonfc.cz\/index.php\/2023\/12\/06\/preview-everton-newcastle-united-11\/#primaryimage"},"thumbnailUrl":"https:\/\/evertonfc.cz\/wp-content\/uploads\/2021\/01\/Everton-VS-Newcastle-United-NIGHT.jpg","datePublished":"2023-12-06T21:49:38+00:00","dateModified":"2023-12-07T18:48:49+00:00","breadcrumb":{"@id":"https:\/\/evertonfc.cz\/index.php\/2023\/12\/06\/preview-everton-newcastle-united-11\/#breadcrumb"},"inLanguage":"cs","potentialAction":[{"@type":"ReadAction","target":["https:\/\/evertonfc.cz\/index.php\/2023\/12\/06\/preview-everton-newcastle-united-11\/"]}]},{"@type":"ImageObject","inLanguage":"cs","@id":"https:\/\/evertonfc.cz\/index.php\/2023\/12\/06\/preview-everton-newcastle-united-11\/#primaryimage","url":"https:\/\/evertonfc.cz\/wp-content\/uploads\/2021\/01\/Everton-VS-Newcastle-United-NIGHT.jpg","contentUrl":"https:\/\/evertonfc.cz\/wp-content\/uploads\/2021\/01\/Everton-VS-Newcastle-United-NIGHT.jpg","width":720,"height":405},{"@type":"BreadcrumbList","@id":"https:\/\/evertonfc.cz\/index.php\/2023\/12\/06\/preview-everton-newcastle-united-11\/#breadcrumb","itemListElement":[{"@type":"ListItem","position":1,"name":"Home","item":"https:\/\/evertonfc.cz\/"},{"@type":"ListItem","position":2,"name":"Preview: Everton &#8211; Newcastle United"}]},{"@type":"WebSite","@id":"https:\/\/evertonfc.cz\/#website","url":"https:\/\/evertonfc.cz\/","name":"Official Czech &amp; Slovak Everton Supporters&#039; Club","description":"","publisher":{"@id":"https:\/\/evertonfc.cz\/#organization"},"potentialAction":[{"@type":"SearchAction","target":{"@type":"EntryPoint","urlTemplate":"https:\/\/evertonfc.cz\/?s={search_term_string}"},"query-input":{"@type":"PropertyValueSpecification","valueRequired":true,"valueName":"search_term_string"}}],"inLanguage":"cs"},{"@type":"Organization","@id":"https:\/\/evertonfc.cz\/#organization","name":"Official Czech & Slovak Everton Supporters' Club","url":"https:\/\/evertonfc.cz\/","logo":{"@type":"ImageObject","inLanguage":"cs","@id":"https:\/\/evertonfc.cz\/#\/schema\/logo\/image\/","url":"https:\/\/evertonfc.cz\/wp-content\/uploads\/2019\/05\/logo.png","contentUrl":"https:\/\/evertonfc.cz\/wp-content\/uploads\/2019\/05\/logo.png","width":112,"height":112,"caption":"Official Czech & Slovak Everton Supporters' Club"},"image":{"@id":"https:\/\/evertonfc.cz\/#\/schema\/logo\/image\/"},"sameAs":["https:\/\/www.facebook.com\/everton.fans.cz.sk"]},{"@type":"Person","@id":"https:\/\/evertonfc.cz\/#\/schema\/person\/f7a5daedb2ffee98480bc70e191aaef1","name":"Ri\u010di","sameAs":["https:\/\/x.com\/rbrejsa"],"url":"https:\/\/evertonfc.cz\/index.php\/author\/rici\/"}]}},"_links":{"self":[{"href":"https:\/\/evertonfc.cz\/index.php\/wp-json\/wp\/v2\/posts\/23412"}],"collection":[{"href":"https:\/\/evertonfc.cz\/index.php\/wp-json\/wp\/v2\/posts"}],"about":[{"href":"https:\/\/evertonfc.cz\/index.php\/wp-json\/wp\/v2\/types\/post"}],"author":[{"embeddable":true,"href":"https:\/\/evertonfc.cz\/index.php\/wp-json\/wp\/v2\/users\/6"}],"replies":[{"embeddable":true,"href":"https:\/\/evertonfc.cz\/index.php\/wp-json\/wp\/v2\/comments?post=23412"}],"version-history":[{"count":11,"href":"https:\/\/evertonfc.cz\/index.php\/wp-json\/wp\/v2\/posts\/23412\/revisions"}],"predecessor-version":[{"id":23423,"href":"https:\/\/evertonfc.cz\/index.php\/wp-json\/wp\/v2\/posts\/23412\/revisions\/23423"}],"wp:featuredmedia":[{"embeddable":true,"href":"https:\/\/evertonfc.cz\/index.php\/wp-json\/wp\/v2\/media\/13797"}],"wp:attachment":[{"href":"https:\/\/evertonfc.cz\/index.php\/wp-json\/wp\/v2\/media?parent=23412"}],"wp:term":[{"taxonomy":"category","embeddable":true,"href":"https:\/\/evertonfc.cz\/index.php\/wp-json\/wp\/v2\/categories?post=23412"},{"taxonomy":"post_tag","embeddable":true,"href":"https:\/\/evertonfc.cz\/index.php\/wp-json\/wp\/v2\/tags?post=23412"}],"curies":[{"name":"wp","href":"https:\/\/api.w.org\/{rel}","templated":true}]}}