{"id":23436,"date":"2023-12-10T12:10:42","date_gmt":"2023-12-10T11:10:42","guid":{"rendered":"https:\/\/evertonfc.cz\/?p=23436"},"modified":"2023-12-10T14:23:35","modified_gmt":"2023-12-10T13:23:35","slug":"preview-everton-chelsea-14","status":"publish","type":"post","link":"https:\/\/evertonfc.cz\/index.php\/2023\/12\/10\/preview-everton-chelsea-14\/","title":{"rendered":"Preview: Everton &#8211; Chelsea"},"content":{"rendered":"<h4>Jen t\u0159ikr\u00e1t jsme se vyspali, hukot ze\u00a0\u010dtvrte\u010dn\u00ed v\u00fdhry je\u0161t\u011b nedozn\u011bl (i za pomoci opakovan\u00e9ho p\u0159ehr\u00e1v\u00e1n\u00ed) a na\u00a0Goodison Parku u\u017e se chyt\u00e1 dal\u0161\u00ed bitva.<\/h4>\n<p>Fam\u00f3zn\u00ed v\u00edt\u011bzstv\u00ed proti Newcastlu zah\u0159\u00e1lo Evertonians nejen na du\u0161i. P\u0159ehr\u00e1t sebev\u011bdom\u00e9ho soupe\u0159e nejen hern\u011b, nejen na xG, ale i v\u00fdsledkov\u011b, to je vzpruha. Nav\u00edc p\u0159ich\u00e1z\u00ed po s\u00e9rii uspokojiv\u00fdch v\u00fdsledk\u016f, Everton je v tabulce formy posledn\u00edch 5 kol na 6. m\u00edst\u011b. Zkr\u00e1tka, takov\u00fd povzbuzuj\u00edc\u00ed pocit ze sledov\u00e1n\u00ed Evertonu u\u017e tu dlouho nebyl.<\/p>\n<p>Neopominutelnou sou\u010d\u00e1st\u00ed z\u00e1liby v\u00a0Blues z\u00a0Merseyside je ned\u016fv\u011bra. \u010clov\u011bk si zvykl, \u017ee za ka\u017ed\u00fdm rohem \u010d\u00edh\u00e1 bub\u00e1k. A tak mi promi\u0148te trochu toho pohledu p\u0159es polopr\u00e1zdnou sklenici.<\/p>\n<p>Ode\u010det 10 bod\u016f st\u00e1le plat\u00ed. Spodn\u00ed t\u0159etin\u011b tabulky se v\u00a0pr\u016fb\u011bhu kola v\u00fdjime\u010dn\u011b zada\u0159ilo, t\u00e9m\u011b\u0159 v\u0161ichni bodovali. Tabulku formy vede stoupaj\u00edc\u00ed Bournemouth, kter\u00fd jsme je\u0161t\u011b ned\u00e1vno vid\u011bli hluboko pod sebou. Pomysln\u00fdm bobkem na dort\u011b z\u00a0bl\u00e1ta je pohled na \u010delo celkov\u00e9 tabulky.<\/p>\n<h4>P\u0159edstaven\u00ed soupe\u0159e<\/h4>\n<p>Mus\u00edm se p\u0159iznat, \u017ee Chelsea tolik nesleduji, abych v\u00e1m ji dok\u00e1zal p\u0159ibl\u00ed\u017eit. V\u011b\u0159\u00edm, \u017ee v sou\u010dasn\u00e9m man\u010daftu ze Stamford Bridge se vyzn\u00e1 m\u00e1lokdo. Od p\u0159\u00edchodu nov\u00e9ho majitele Todda B\u00f6hlyho t\u00fdm t\u00e1pe a v\u00fdraz nevyzpytateln\u00fd nepopisuje realitu nejl\u00e9pe. P\u0159esn\u011bj\u0161\u00ed bude sp\u00ed\u0161e podpr\u016fm\u011brn\u00fd, proto\u017ee po letech na piedestalu anglick\u00e9 kopan\u00e9 se Chelsea pohybuje ve druh\u00e9 polovin\u011b tabulky.<\/p>\n<p>Akad\u0161emie v Cobhamu produkuje obrovsk\u00e9 mno\u017estv\u00ed talentovan\u00fdch hr\u00e1\u010d\u016f, jejich\u017e prodejem se Chelsea da\u0159\u00ed pokr\u00fdvat i \u0159adu n\u00e1kladn\u00fdch p\u0159estup\u016f. Des\u00edtky hr\u00e1\u010d\u016f se v jednom t\u00fdmu neu\u017eiv\u00ed, a tak je v sou\u010dasnosti je 20 hr\u00e1\u010d\u016f na hostov\u00e1n\u00edch. \u0158ada z nich se jist\u011b brzy zpen\u011b\u017e\u00ed. Ale pod nov\u00fdm veden\u00edm se buben pra\u010dky na hr\u00e1\u010de rozto\u010dil takovou rychlost\u00ed, \u017ee u\u017e se to muselo odrazit i na v\u00fdkonnosti a v\u00fdsledc\u00edch A-t\u00fdmu.<\/p>\n<p>P\u0159ekvapilo mne, \u017ee klub v aktu\u00e1ln\u00ed sez\u00f3n\u011b vyu\u017eil na place tolik hr\u00e1\u010d\u016f jako Everton \u2013 24. Velk\u00fd pod\u00edl na tom m\u00e1 dlouh\u00e1 \u0159ada zran\u011bn\u00ed, postihuj\u00edc\u00ed snad v\u0161echny \u010d\u00e1sti na\u010din\u00ed fotbalisty. Posu\u010fte sami: koleno \u2013 Wesley Fofana, Nkunku, Chukwuemeka, stehenn\u00ed sval \u2013 Chilwell, Chalobah, kotn\u00edk \u2013 Lavia, v r\u016fzn\u00e9 f\u00e1zi rehabilitace pak jsou Ugochukwu, Gusto a Madueke, posledn\u00ed jmenovan\u00fd je nejbl\u00ed\u017ee n\u00e1vratu na h\u0159i\u0161t\u011b. Tam se vrac\u00ed po stopce za vylou\u010den\u00ed proti Brightonu Connor Gallagher.<\/p>\n<p>Chelsea m\u00e1 za sebou t\u011b\u017ek\u00fd los. Rozhodn\u011b je nelze br\u00e1t jako lehkou ko\u0159ist. Rozsekali sl\u00e1bnouc\u00ed Spurs, remizovali divoce s t\u00e1paj\u00edc\u00edm mistrem, mezi prohru na Newcastlu a v Manchesteru vlo\u017eili v\u00fdhru nad Brightonem. St\u0159elecky t\u00fdm t\u00e1hnou Nicolas Jackson, Raheem Sterling a Cole Palmer, kte\u0159\u00ed jsou v\u00edce m\u00e9n\u011b na \u00farovni na\u0161eho Doucour\u00e9ho.<\/p>\n<h4>Goodison Park znovu pevnost\u00ed?<\/h4>\n<p>Toffees \u010dek\u00e1 t\u011b\u017ek\u00fd test, ale po posledn\u00edm p\u0159edstaven\u00ed se chce v\u011b\u0159it, \u017ee body budou p\u0159ib\u00fdvat i z dom\u00e1c\u00edho prost\u0159ed\u00ed. Fanou\u0161ci na v\u00fdjezdech jsou \u00fa\u017easn\u00ed, s jejich pomoc\u00ed se Evertonu da\u0159\u00ed vozit body zvenku. M\u00e1lo platn\u00e9, bylo by trestuhodn\u00e9 promrhat doma takovou faz\u00f3nu, kdy z deseti z\u00e1pas\u016f dok\u00e1zal urvat 19 bod\u016f a okupuje tak pomyslnou 5. p\u0159\u00ed\u010dku.<\/p>\n<p>M\u016f\u017eeme spekulovat, kolik sil si vy\u017e\u00e1dal rychl\u00fd sled z\u00e1pas\u016f adventn\u00edho programu Premier League. V\u00fdhra zah\u0159eje, ale dva z\u00e1pasy po sob\u011b jsou pro uzdravuj\u00edc\u00edho se kapit\u00e1na Colemana zat\u00edm p\u0159\u00edli\u0161. Men\u0161\u00ed zran\u011bn\u00ed utr\u017eil i Pickford, ale ten n\u00e1s snad na holi\u010dk\u00e1ch nenech\u00e1. St\u0159edopola\u0159i Garner a Onana se st\u00e1le dol\u00e9\u010duj\u00ed. Dyche se dlouhodob\u011b br\u00e1n\u00ed sv\u011b\u0159it pozici prav\u00e9ho beka Pattersonovi, ale pokud bude pot\u0159ebovat zku\u0161enosti veter\u00e1na Younga op\u011bt ve st\u0159edu pole, nic jin\u00e9ho mu nezb\u00fdv\u00e1. Holgate aktu\u00e1ln\u011b zah\u0159\u00edv\u00e1 lavi\u010dku v\u00a0Champu a Godfrey je s\u00a0nulov\u00fdm hern\u00edm vyt\u00ed\u017een\u00edm v\u00a0limbu.<\/p>\n<p>Lodivod tak\u00e9 bude vyb\u00edrat mezi 2 \u00fato\u010dn\u00edky. DCL ud\u011bl\u00e1 v\u00edce pr\u00e1ce, ale st\u0159elecky se mu a\u017e tak neda\u0159\u00ed. Beto sice vst\u0159elil pouze jednu branku, ale za t\u011bch p\u00e1r minutek bylo zn\u00e1t, \u017ee mu to psychicky pomohlo, viditeln\u011b pook\u0159\u00e1l. A\u0165 se rozhodne mana\u017eer jakkoli, nejm\u00e9n\u011b pravd\u011bpodobn\u00e1 varianta je, \u017ee by nastoupili oba spolu.<\/p>\n<h4>Vz\u00e1jemn\u00e1 bilance a zaj\u00edmavosti<\/h4>\n<p>Doma se Evertonu proti Chelsea v posledn\u00edch letech da\u0159ilo. Postupn\u011b je doma dok\u00e1zali v \u0159ad\u011b za sebou porazit v\u00fdb\u011bry Marca Silvy, Duncana Fergusona, Carla Ancelottiho a Franka Lamparda. \u0160\u0148\u016fra se p\u0159etrhla pod veden\u00edm posledn\u011b jmenovan\u00e9ho, kter\u00fd jako jedin\u00fd dostal \u0161anci na repete, a kter\u00fd po vyhazovu z Evertonu dokou\u010doval sez\u00f3nu v Chelsea,\u00a0 nutno dodat, \u017ee s katastrof\u00e1ln\u00edmi v\u00fdsledky.<\/p>\n<p>Dlouho budova\u00e1 p\u0159evahq v duelech se za l\u00e9ta v Premier League rozplynula, i za pomoci \u0161patn\u00fdch v\u00fdsledk\u016f z poh\u00e1r\u016f. Tak\u017ee se pohledem na celkovou vizitku nebudeme rad\u011bji kochat.<\/p>\n<p>Everton nevyhr\u00e1l doma 2 z\u00e1pasy po sob\u011b od \u00fanora. Ale \u010dlov\u011bk podv\u011bdom\u011b Dyche vn\u00edm\u00e1 jako zimn\u00edho tvora, tak\u017ee s\u00a0n\u00e1stupem chladn\u011bj\u0161\u00edho po\u010das\u00ed nab\u00fdv\u00e1 na moci. Jako mana\u017eer Burnley ale doma s\u00a0Chelsea padl 5kr\u00e1t v\u00a0\u0159ad\u011b, ale to bylo jist\u011b \u00fapln\u011b n\u011bco jin\u00e9ho.<\/p>\n<p>S\u00e1m Dyche porazil Chelsea zat\u00edm jedinkr\u00e1t z\u00a015 pokus\u016f, stejn\u00fd po\u010det v\u00fdher pak zaznamenal proti Pochettinovi. S\u00e1m Argentinec pak ve 14 z\u00e1pasech prohr\u00e1l s\u00a0Evertonem jen jednou a to 29. prosince 2013, kdy jeho Saints podlehli Toffees 2:1. Des\u00e1t\u00e9 v\u00fdro\u010d\u00ed klepe na dve\u0159e!<\/p>\n<p>U\u017e te\u010f m\u00e1j\u00ed lond\u00fdn\u0161t\u00ed Blues letos tolik por\u00e1\u017eek jako za 2 p\u0159edchoz\u00ed roky dohromady. Chelsea pot\u0159ebuje letos je\u0161t\u011b t\u0159ikr\u00e1t prohr\u00e1t, aby dorovnala sv\u016fj rekord za kalend\u00e1\u0159n\u00ed rok, vytvo\u0159en\u00fd 1993. Poj\u010fme jim k tomu pomoci.<\/p>\n<p><strong>Co<\/strong>: Everton FC \u2013 Chelsea FC, 16. kolo Premier League<br \/>\n<strong>Kdy<\/strong>: 10. prosince 2023 od 15:00<br \/>\n<strong>Kde<\/strong>: Goodison Park &#8211; Goodison Road, Liverpool, L4 4EL (kapacita: 39 414)<br \/>\n<strong>TV<\/strong>: na Canal + Action od 15:00, komentuje Martin Minha<br \/>\n<strong>Rozhod\u010d\u00ed<\/strong>: Michael Oliver\u00a0 <strong>Postrann\u00ed<\/strong>: Stuart Burt, Dan Cook\u00a0 <strong>\u010ctvrt\u00fd<\/strong> <strong>rozhod\u010d\u00ed<\/strong>: Tony Harrington<br \/>\n<strong>VAR<\/strong>: Stuart Attwell\u00a0 <strong>Asistent<\/strong> <strong>VAR<\/strong>: Adrian Holmes<\/p>\n","protected":false},"excerpt":{"rendered":"<p>Jen t\u0159ikr\u00e1t jsme se vyspali, hukot ze\u00a0\u010dtvrte\u010dn\u00ed v\u00fdhry je\u0161t\u011b nedozn\u011bl (i za pomoci opakovan\u00e9ho p\u0159ehr\u00e1v\u00e1n\u00ed) a na\u00a0Goodison Parku u\u017e se chyt\u00e1 dal\u0161\u00ed bitva.<\/p>\n","protected":false},"author":10,"featured_media":13143,"comment_status":"open","ping_status":"closed","sticky":false,"template":"","format":"standard","meta":{"_eb_attr":"","_monsterinsights_skip_tracking":false,"_monsterinsights_sitenote_active":false,"_monsterinsights_sitenote_note":"","_monsterinsights_sitenote_category":0,"footnotes":""},"categories":[4],"tags":[],"yoast_head":"<!-- This site is optimized with the Yoast SEO plugin v23.4 - https:\/\/yoast.com\/wordpress\/plugins\/seo\/ -->\n<title>Preview: Everton - Chelsea - Official Czech &amp; Slovak Everton Supporters&#039; Club<\/title>\n<meta name=\"robots\" content=\"index, follow, max-snippet:-1, max-image-preview:large, max-video-preview:-1\" \/>\n<link rel=\"canonical\" href=\"https:\/\/evertonfc.cz\/index.php\/2023\/12\/10\/preview-everton-chelsea-14\/\" \/>\n<meta property=\"og:locale\" content=\"cs_CZ\" \/>\n<meta property=\"og:type\" content=\"article\" \/>\n<meta property=\"og:title\" content=\"Preview: Everton - Chelsea - Official Czech &amp; Slovak Everton Supporters&#039; Club\" \/>\n<meta property=\"og:description\" content=\"Jen t\u0159ikr\u00e1t jsme se vyspali, hukot ze\u00a0\u010dtvrte\u010dn\u00ed v\u00fdhry je\u0161t\u011b nedozn\u011bl (i za pomoci opakovan\u00e9ho p\u0159ehr\u00e1v\u00e1n\u00ed) a na\u00a0Goodison Parku u\u017e se chyt\u00e1 dal\u0161\u00ed bitva.\" \/>\n<meta property=\"og:url\" content=\"https:\/\/evertonfc.cz\/index.php\/2023\/12\/10\/preview-everton-chelsea-14\/\" \/>\n<meta property=\"og:site_name\" content=\"Official Czech &amp; Slovak Everton Supporters&#039; Club\" \/>\n<meta property=\"article:publisher\" content=\"https:\/\/www.facebook.com\/everton.fans.cz.sk\" \/>\n<meta property=\"article:published_time\" content=\"2023-12-10T11:10:42+00:00\" \/>\n<meta property=\"article:modified_time\" content=\"2023-12-10T13:23:35+00:00\" \/>\n<meta property=\"og:image\" content=\"https:\/\/evertonfc.cz\/wp-content\/uploads\/2020\/12\/Everton-VS-Chelsea.jpg\" \/>\n\t<meta property=\"og:image:width\" content=\"720\" \/>\n\t<meta property=\"og:image:height\" content=\"405\" \/>\n\t<meta property=\"og:image:type\" content=\"image\/jpeg\" \/>\n<meta name=\"author\" content=\"Fip\" \/>\n<meta name=\"twitter:card\" content=\"summary_large_image\" \/>\n<meta name=\"twitter:label1\" content=\"Napsal(a)\" \/>\n\t<meta name=\"twitter:data1\" content=\"Fip\" \/>\n\t<meta name=\"twitter:label2\" content=\"Odhadovan\u00e1 doba \u010dten\u00ed\" \/>\n\t<meta name=\"twitter:data2\" content=\"5 minut\" \/>\n<script type=\"application\/ld+json\" class=\"yoast-schema-graph\">{\"@context\":\"https:\/\/schema.org\",\"@graph\":[{\"@type\":\"Article\",\"@id\":\"https:\/\/evertonfc.cz\/index.php\/2023\/12\/10\/preview-everton-chelsea-14\/#article\",\"isPartOf\":{\"@id\":\"https:\/\/evertonfc.cz\/index.php\/2023\/12\/10\/preview-everton-chelsea-14\/\"},\"author\":{\"name\":\"Fip\",\"@id\":\"https:\/\/evertonfc.cz\/#\/schema\/person\/35904009755e8eaa0dc1a5f5f0419002\"},\"headline\":\"Preview: Everton &#8211; Chelsea\",\"datePublished\":\"2023-12-10T11:10:42+00:00\",\"dateModified\":\"2023-12-10T13:23:35+00:00\",\"mainEntityOfPage\":{\"@id\":\"https:\/\/evertonfc.cz\/index.php\/2023\/12\/10\/preview-everton-chelsea-14\/\"},\"wordCount\":1106,\"commentCount\":2,\"publisher\":{\"@id\":\"https:\/\/evertonfc.cz\/#organization\"},\"image\":{\"@id\":\"https:\/\/evertonfc.cz\/index.php\/2023\/12\/10\/preview-everton-chelsea-14\/#primaryimage\"},\"thumbnailUrl\":\"https:\/\/evertonfc.cz\/wp-content\/uploads\/2020\/12\/Everton-VS-Chelsea.jpg\",\"articleSection\":[\"Z\u00e1pasy\"],\"inLanguage\":\"cs\",\"potentialAction\":[{\"@type\":\"CommentAction\",\"name\":\"Comment\",\"target\":[\"https:\/\/evertonfc.cz\/index.php\/2023\/12\/10\/preview-everton-chelsea-14\/#respond\"]}]},{\"@type\":\"WebPage\",\"@id\":\"https:\/\/evertonfc.cz\/index.php\/2023\/12\/10\/preview-everton-chelsea-14\/\",\"url\":\"https:\/\/evertonfc.cz\/index.php\/2023\/12\/10\/preview-everton-chelsea-14\/\",\"name\":\"Preview: Everton - Chelsea - Official Czech &amp; Slovak Everton Supporters&#039; Club\",\"isPartOf\":{\"@id\":\"https:\/\/evertonfc.cz\/#website\"},\"primaryImageOfPage\":{\"@id\":\"https:\/\/evertonfc.cz\/index.php\/2023\/12\/10\/preview-everton-chelsea-14\/#primaryimage\"},\"image\":{\"@id\":\"https:\/\/evertonfc.cz\/index.php\/2023\/12\/10\/preview-everton-chelsea-14\/#primaryimage\"},\"thumbnailUrl\":\"https:\/\/evertonfc.cz\/wp-content\/uploads\/2020\/12\/Everton-VS-Chelsea.jpg\",\"datePublished\":\"2023-12-10T11:10:42+00:00\",\"dateModified\":\"2023-12-10T13:23:35+00:00\",\"breadcrumb\":{\"@id\":\"https:\/\/evertonfc.cz\/index.php\/2023\/12\/10\/preview-everton-chelsea-14\/#breadcrumb\"},\"inLanguage\":\"cs\",\"potentialAction\":[{\"@type\":\"ReadAction\",\"target\":[\"https:\/\/evertonfc.cz\/index.php\/2023\/12\/10\/preview-everton-chelsea-14\/\"]}]},{\"@type\":\"ImageObject\",\"inLanguage\":\"cs\",\"@id\":\"https:\/\/evertonfc.cz\/index.php\/2023\/12\/10\/preview-everton-chelsea-14\/#primaryimage\",\"url\":\"https:\/\/evertonfc.cz\/wp-content\/uploads\/2020\/12\/Everton-VS-Chelsea.jpg\",\"contentUrl\":\"https:\/\/evertonfc.cz\/wp-content\/uploads\/2020\/12\/Everton-VS-Chelsea.jpg\",\"width\":720,\"height\":405},{\"@type\":\"BreadcrumbList\",\"@id\":\"https:\/\/evertonfc.cz\/index.php\/2023\/12\/10\/preview-everton-chelsea-14\/#breadcrumb\",\"itemListElement\":[{\"@type\":\"ListItem\",\"position\":1,\"name\":\"Home\",\"item\":\"https:\/\/evertonfc.cz\/\"},{\"@type\":\"ListItem\",\"position\":2,\"name\":\"Preview: Everton &#8211; Chelsea\"}]},{\"@type\":\"WebSite\",\"@id\":\"https:\/\/evertonfc.cz\/#website\",\"url\":\"https:\/\/evertonfc.cz\/\",\"name\":\"Official Czech &amp; Slovak Everton Supporters&#039; Club\",\"description\":\"\",\"publisher\":{\"@id\":\"https:\/\/evertonfc.cz\/#organization\"},\"potentialAction\":[{\"@type\":\"SearchAction\",\"target\":{\"@type\":\"EntryPoint\",\"urlTemplate\":\"https:\/\/evertonfc.cz\/?s={search_term_string}\"},\"query-input\":{\"@type\":\"PropertyValueSpecification\",\"valueRequired\":true,\"valueName\":\"search_term_string\"}}],\"inLanguage\":\"cs\"},{\"@type\":\"Organization\",\"@id\":\"https:\/\/evertonfc.cz\/#organization\",\"name\":\"Official Czech & Slovak Everton Supporters' Club\",\"url\":\"https:\/\/evertonfc.cz\/\",\"logo\":{\"@type\":\"ImageObject\",\"inLanguage\":\"cs\",\"@id\":\"https:\/\/evertonfc.cz\/#\/schema\/logo\/image\/\",\"url\":\"https:\/\/evertonfc.cz\/wp-content\/uploads\/2019\/05\/logo.png\",\"contentUrl\":\"https:\/\/evertonfc.cz\/wp-content\/uploads\/2019\/05\/logo.png\",\"width\":112,\"height\":112,\"caption\":\"Official Czech & Slovak Everton Supporters' Club\"},\"image\":{\"@id\":\"https:\/\/evertonfc.cz\/#\/schema\/logo\/image\/\"},\"sameAs\":[\"https:\/\/www.facebook.com\/everton.fans.cz.sk\"]},{\"@type\":\"Person\",\"@id\":\"https:\/\/evertonfc.cz\/#\/schema\/person\/35904009755e8eaa0dc1a5f5f0419002\",\"name\":\"Fip\",\"url\":\"https:\/\/evertonfc.cz\/index.php\/author\/fip\/\"}]}<\/script>\n<!-- \/ Yoast SEO plugin. -->","yoast_head_json":{"title":"Preview: Everton - Chelsea - Official Czech &amp; Slovak Everton Supporters&#039; Club","robots":{"index":"index","follow":"follow","max-snippet":"max-snippet:-1","max-image-preview":"max-image-preview:large","max-video-preview":"max-video-preview:-1"},"canonical":"https:\/\/evertonfc.cz\/index.php\/2023\/12\/10\/preview-everton-chelsea-14\/","og_locale":"cs_CZ","og_type":"article","og_title":"Preview: Everton - Chelsea - Official Czech &amp; Slovak Everton Supporters&#039; Club","og_description":"Jen t\u0159ikr\u00e1t jsme se vyspali, hukot ze\u00a0\u010dtvrte\u010dn\u00ed v\u00fdhry je\u0161t\u011b nedozn\u011bl (i za pomoci opakovan\u00e9ho p\u0159ehr\u00e1v\u00e1n\u00ed) a na\u00a0Goodison Parku u\u017e se chyt\u00e1 dal\u0161\u00ed bitva.","og_url":"https:\/\/evertonfc.cz\/index.php\/2023\/12\/10\/preview-everton-chelsea-14\/","og_site_name":"Official Czech &amp; Slovak Everton Supporters&#039; Club","article_publisher":"https:\/\/www.facebook.com\/everton.fans.cz.sk","article_published_time":"2023-12-10T11:10:42+00:00","article_modified_time":"2023-12-10T13:23:35+00:00","og_image":[{"width":720,"height":405,"url":"https:\/\/evertonfc.cz\/wp-content\/uploads\/2020\/12\/Everton-VS-Chelsea.jpg","type":"image\/jpeg"}],"author":"Fip","twitter_card":"summary_large_image","twitter_misc":{"Napsal(a)":"Fip","Odhadovan\u00e1 doba \u010dten\u00ed":"5 minut"},"schema":{"@context":"https:\/\/schema.org","@graph":[{"@type":"Article","@id":"https:\/\/evertonfc.cz\/index.php\/2023\/12\/10\/preview-everton-chelsea-14\/#article","isPartOf":{"@id":"https:\/\/evertonfc.cz\/index.php\/2023\/12\/10\/preview-everton-chelsea-14\/"},"author":{"name":"Fip","@id":"https:\/\/evertonfc.cz\/#\/schema\/person\/35904009755e8eaa0dc1a5f5f0419002"},"headline":"Preview: Everton &#8211; Chelsea","datePublished":"2023-12-10T11:10:42+00:00","dateModified":"2023-12-10T13:23:35+00:00","mainEntityOfPage":{"@id":"https:\/\/evertonfc.cz\/index.php\/2023\/12\/10\/preview-everton-chelsea-14\/"},"wordCount":1106,"commentCount":2,"publisher":{"@id":"https:\/\/evertonfc.cz\/#organization"},"image":{"@id":"https:\/\/evertonfc.cz\/index.php\/2023\/12\/10\/preview-everton-chelsea-14\/#primaryimage"},"thumbnailUrl":"https:\/\/evertonfc.cz\/wp-content\/uploads\/2020\/12\/Everton-VS-Chelsea.jpg","articleSection":["Z\u00e1pasy"],"inLanguage":"cs","potentialAction":[{"@type":"CommentAction","name":"Comment","target":["https:\/\/evertonfc.cz\/index.php\/2023\/12\/10\/preview-everton-chelsea-14\/#respond"]}]},{"@type":"WebPage","@id":"https:\/\/evertonfc.cz\/index.php\/2023\/12\/10\/preview-everton-chelsea-14\/","url":"https:\/\/evertonfc.cz\/index.php\/2023\/12\/10\/preview-everton-chelsea-14\/","name":"Preview: Everton - Chelsea - Official Czech &amp; Slovak Everton Supporters&#039; Club","isPartOf":{"@id":"https:\/\/evertonfc.cz\/#website"},"primaryImageOfPage":{"@id":"https:\/\/evertonfc.cz\/index.php\/2023\/12\/10\/preview-everton-chelsea-14\/#primaryimage"},"image":{"@id":"https:\/\/evertonfc.cz\/index.php\/2023\/12\/10\/preview-everton-chelsea-14\/#primaryimage"},"thumbnailUrl":"https:\/\/evertonfc.cz\/wp-content\/uploads\/2020\/12\/Everton-VS-Chelsea.jpg","datePublished":"2023-12-10T11:10:42+00:00","dateModified":"2023-12-10T13:23:35+00:00","breadcrumb":{"@id":"https:\/\/evertonfc.cz\/index.php\/2023\/12\/10\/preview-everton-chelsea-14\/#breadcrumb"},"inLanguage":"cs","potentialAction":[{"@type":"ReadAction","target":["https:\/\/evertonfc.cz\/index.php\/2023\/12\/10\/preview-everton-chelsea-14\/"]}]},{"@type":"ImageObject","inLanguage":"cs","@id":"https:\/\/evertonfc.cz\/index.php\/2023\/12\/10\/preview-everton-chelsea-14\/#primaryimage","url":"https:\/\/evertonfc.cz\/wp-content\/uploads\/2020\/12\/Everton-VS-Chelsea.jpg","contentUrl":"https:\/\/evertonfc.cz\/wp-content\/uploads\/2020\/12\/Everton-VS-Chelsea.jpg","width":720,"height":405},{"@type":"BreadcrumbList","@id":"https:\/\/evertonfc.cz\/index.php\/2023\/12\/10\/preview-everton-chelsea-14\/#breadcrumb","itemListElement":[{"@type":"ListItem","position":1,"name":"Home","item":"https:\/\/evertonfc.cz\/"},{"@type":"ListItem","position":2,"name":"Preview: Everton &#8211; Chelsea"}]},{"@type":"WebSite","@id":"https:\/\/evertonfc.cz\/#website","url":"https:\/\/evertonfc.cz\/","name":"Official Czech &amp; Slovak Everton Supporters&#039; Club","description":"","publisher":{"@id":"https:\/\/evertonfc.cz\/#organization"},"potentialAction":[{"@type":"SearchAction","target":{"@type":"EntryPoint","urlTemplate":"https:\/\/evertonfc.cz\/?s={search_term_string}"},"query-input":{"@type":"PropertyValueSpecification","valueRequired":true,"valueName":"search_term_string"}}],"inLanguage":"cs"},{"@type":"Organization","@id":"https:\/\/evertonfc.cz\/#organization","name":"Official Czech & Slovak Everton Supporters' Club","url":"https:\/\/evertonfc.cz\/","logo":{"@type":"ImageObject","inLanguage":"cs","@id":"https:\/\/evertonfc.cz\/#\/schema\/logo\/image\/","url":"https:\/\/evertonfc.cz\/wp-content\/uploads\/2019\/05\/logo.png","contentUrl":"https:\/\/evertonfc.cz\/wp-content\/uploads\/2019\/05\/logo.png","width":112,"height":112,"caption":"Official Czech & Slovak Everton Supporters' Club"},"image":{"@id":"https:\/\/evertonfc.cz\/#\/schema\/logo\/image\/"},"sameAs":["https:\/\/www.facebook.com\/everton.fans.cz.sk"]},{"@type":"Person","@id":"https:\/\/evertonfc.cz\/#\/schema\/person\/35904009755e8eaa0dc1a5f5f0419002","name":"Fip","url":"https:\/\/evertonfc.cz\/index.php\/author\/fip\/"}]}},"_links":{"self":[{"href":"https:\/\/evertonfc.cz\/index.php\/wp-json\/wp\/v2\/posts\/23436"}],"collection":[{"href":"https:\/\/evertonfc.cz\/index.php\/wp-json\/wp\/v2\/posts"}],"about":[{"href":"https:\/\/evertonfc.cz\/index.php\/wp-json\/wp\/v2\/types\/post"}],"author":[{"embeddable":true,"href":"https:\/\/evertonfc.cz\/index.php\/wp-json\/wp\/v2\/users\/10"}],"replies":[{"embeddable":true,"href":"https:\/\/evertonfc.cz\/index.php\/wp-json\/wp\/v2\/comments?post=23436"}],"version-history":[{"count":7,"href":"https:\/\/evertonfc.cz\/index.php\/wp-json\/wp\/v2\/posts\/23436\/revisions"}],"predecessor-version":[{"id":23443,"href":"https:\/\/evertonfc.cz\/index.php\/wp-json\/wp\/v2\/posts\/23436\/revisions\/23443"}],"wp:featuredmedia":[{"embeddable":true,"href":"https:\/\/evertonfc.cz\/index.php\/wp-json\/wp\/v2\/media\/13143"}],"wp:attachment":[{"href":"https:\/\/evertonfc.cz\/index.php\/wp-json\/wp\/v2\/media?parent=23436"}],"wp:term":[{"taxonomy":"category","embeddable":true,"href":"https:\/\/evertonfc.cz\/index.php\/wp-json\/wp\/v2\/categories?post=23436"},{"taxonomy":"post_tag","embeddable":true,"href":"https:\/\/evertonfc.cz\/index.php\/wp-json\/wp\/v2\/tags?post=23436"}],"curies":[{"name":"wp","href":"https:\/\/api.w.org\/{rel}","templated":true}]}}