{"id":23444,"date":"2023-12-10T17:05:33","date_gmt":"2023-12-10T16:05:33","guid":{"rendered":"https:\/\/evertonfc.cz\/?p=23444"},"modified":"2023-12-12T09:33:10","modified_gmt":"2023-12-12T08:33:10","slug":"everton-chelsea-20-3","status":"publish","type":"post","link":"https:\/\/evertonfc.cz\/index.php\/2023\/12\/10\/everton-chelsea-20-3\/","title":{"rendered":"Everton &#8211; Chelsea 2:0"},"content":{"rendered":"<h4><strong>Sean Dyche si d\u011bl\u00e1 z\u00e1lusk na mana\u017eera m\u011bs\u00edce.<\/strong><\/h4>\n<p>P\u0159i zran\u011bn\u00ed Colemana se na svou obvyklou pozici zasunul Young, toho v z\u00e1loze nahradil uzdraven\u00fd Garner. Chelsea se obl\u00e9kla do zelenkav\u00e9 barvy a cel\u00fd prvn\u00ed polo\u010das byla rozhodn\u011b \u00fato\u010dn\u011bj\u0161\u00edm, aktivn\u011bj\u0161\u00edm, lep\u0161\u00edm t\u00fdmem. A hned se za\u010dala napl\u0148ovat obava o rychlostn\u00edm rozd\u00edlu mezi Youngem a Mudrykem. Ukrajinsk\u00e9 k\u0159\u00eddlo vytvo\u0159ilo ve 3. minut\u011b \u0161anci pro Fern\u00e1ndeze, le\u010d argentinsk\u00fd z\u00e1lo\u017en\u00edk nep\u0159ekonal Pickforda ani nadvakr\u00e1t. Everton odpov\u011bd\u011bl maxim\u00e1ln\u011b tak centry na Calverta-Lewina, kter\u00e9 adres\u00e1ta nena\u0161ly.<\/p>\n<p>Pot\u00e9 se uk\u00e1zal jako Jekyll a Hyde hostuj\u00edc\u00ed Palmer. Zat\u00edmco p\u011bkn\u00e1 st\u0159ela k ty\u010di byla moment rozhodn\u011b jekyllovsk\u00fd, tak zjevn\u011b nasimulovan\u00fd p\u00e1d v rohu velk\u00e9ho v\u00e1pna byl d\u00edlem Edwarda Hydea. V\u00fdsledkem byla tak maxim\u00e1ln\u011b zaslou\u017een\u00e1 \u017elut\u00e1 karta, tu tak\u00e9 dostal p\u0159edt\u00edm ji\u017e Gana za faul na Fern\u00e1ndeze. Jasn\u011b nejlep\u0161\u00edm hr\u00e1\u010dem host\u016f byl Mudryk, jeden z jeho centr\u016f srazil na roh Branthwaite, Everton odpov\u011bd\u011bl volejem Harrisona metr vedle, co\u017e do t\u00e9 doby ur\u010dit\u011b byla nejv\u011bt\u0161\u00ed \u0161ance dom\u00e1c\u00edch. Za hosty op\u011btovn\u011b hrozila zn\u00e1m\u00e1 dvojice Mudryk-Palmer, ale nic z toho. Do polo\u010dasu do\u0161lo ke dv\u011bma st\u0159\u00edd\u00e1n\u00edm kv\u016fli zran\u011bn\u00ed, Young musel p\u0159epustit sv\u00e9 m\u00edsto kv\u016fli zran\u011bn\u00e9mu stehnu Pattersonovi a kapit\u00e1n host\u016f Reece James ze stejn\u00e9ho d\u016fvodu Colwillovi. A p\u0159es Pattersona u\u017e Mudryk moc neproch\u00e1zel. Nicm\u00e9n\u011b byli to dom\u00e1c\u00ed, kte\u0159\u00ed byli s bezg\u00f3lovou prvn\u00ed p\u016fli spokojen\u011bj\u0161\u00ed.<\/p>\n<p>Dyche do druh\u00e9ho polo\u010dasu nechal spr\u00e1vn\u011b v \u0161atn\u011b Ganu a poslal na h\u0159i\u0161t\u011b Onanu. Senegalsk\u00fd z\u00e1lo\u017en\u00edk jednak u\u017e m\u011bl \u017elutou kartu a druhak dle poz\u00e1pasov\u00e9ho vyj\u00e1d\u0159en\u00ed mana\u017eera &#8222;vypadal unaven\u011b&#8220;. (Autor tohoto textu u\u017e m\u00e1 n\u011bkolik z\u00e1pas\u016f v \u0159ad\u011b dojem, \u017ee Senegalec za\u010d\u00edn\u00e1 nest\u00edhat a je v\u017edy bl\u00edzko \u010derven\u00e9 kart\u011b.) Za\u010d\u00e1tkem druh\u00e9ho polo\u010dasu ji\u017e Everton set\u0159\u00e1sl \u00fanavu viditelnou v prvn\u00ed p\u016fli a za\u010dal \u00fato\u010dit. Proti st\u0159ele McNeila je\u0161t\u011b skv\u011ble zas\u00e1hl brank\u00e1\u0159 S\u00e1nchez, ale po \u017eini Mykolenka (kter\u00fd hraje s mal\u00fdm zran\u011bn\u00edm) vedle ji\u017e padla prvn\u00ed branka. McNeil p\u011bkn\u011b uvolnil Calverta-Lewina, jeho r\u00e1nu vyrazil brank\u00e1\u0159 pouze k Doucor\u00e9mu &#8211; a ten z dor\u00e1\u017eky nezav\u00e1hal, poslal m\u00ed\u010d kolem bezmocn\u00e9ho S\u00e1ncheze ke vzd\u00e1len\u011bj\u0161\u00ed ty\u010di &#8211;\u00a0<strong>1:0!\u00a0<\/strong><\/p>\n<p>To celkem jasn\u011b stanovilo, jak bude vypadat zbytek utk\u00e1n\u00ed. Host\u00e9 \u00fato\u010dili, m\u011bli tlak, dom\u00e1c\u00ed br\u00e1nili jednobrankov\u00fd n\u00e1skok. Po \u017elut\u00e9 kart\u011b pro Brantwaitea za faul na Broju sice Palmer podst\u0159elil ze\u010f, ale za n\u00ed \u010d\u00edhaly rukavice Pickforda. Co\u017e o to, \u0161ance Chelsea m\u011bla. Jen\u017ee bu\u010f p\u0159isp\u011bchal s blokem skv\u011bl\u00fd Mykolenko nebo si na tuto svou par\u00e1dn\u00ed discipl\u00ednu vzpomn\u011bl kapit\u00e1n Tarkowski. Frustrace se podepsala na jinak v\u00fdborn\u00e9m Mudrykovi, \u017elut\u00e1 za zakopnut\u00ed m\u00ed\u010de byla zbyte\u010dn\u00e1. Unaven\u00fd Calvert-Lewin p\u0159epustil m\u00edsto Betovi, d\u016fle\u017eit\u00fdm faktorem bylo, \u017ee Chelsea musela vyst\u0159\u00eddat brank\u00e1\u0159e, co\u017e hr\u00e1lo roli ve druh\u00e9 brance z\u00e1pasu. Roh Garnera vyrazil brank\u00e1\u0159 Petrovi\u0107 sv\u00fdm prvn\u00edm dotekem pouze k Dobbinovi a k\u0159\u00eddeln\u00ed odchovanec klubu si vzpomn\u011bl na b\u011blehradskou penaltu Ladislava Jurkemika, tohle se chytat nedalo &#8211;\u00a0<strong>2:0!\u00a0 <\/strong>\u010cty\u0159i dny, p\u011bt g\u00f3l\u016f, \u0161est bod\u016f, v sedm\u00e9m nebi!<\/p>\n<p style=\"text-align: right;\"><span style=\"font-size: 8pt;\">(fotozdroj: Getty Images)<\/span><\/p>\n<p><strong>Branky:<\/strong>\u00a0<span data-source=\"lightstreamer\" data-grid=\"main\" data-item=\"item_844984\" data-field=\"scorers\">55. A. Doucour\u00e9, 90+2. Dobbin<\/span><\/p>\n<p><strong>\u017dlut\u00e9 karty:\u00a0<\/strong><span data-source=\"lightstreamer\" data-grid=\"main\" data-item=\"item_844984\" data-field=\"cards\">16. Gana Gueye, 59. Branthwaite \u2013 19. Palmer, 73. Mudryk\u00a0<\/span><\/p>\n<p><strong>Everton FC: <\/strong>Pickford \u2013 Young (41. Patterson), Tarkowski, Branthwaite, Mykolenko \u2013 Harrison (86. Dobbin), Garner, Gana Gueye (46. Onana), McNeil \u2013 A. Doucour\u00e9 \u2013 Calvert-Lewin (67. Beto)<\/p>\n<p><strong>Chelsea FC: <\/strong>R. S\u00e1nchez (84. Petrovi\u0107) \u2013 James (27. Colwill), Disasi, Badiashile, Cucurella (84. Maatsen) \u2013 Fern\u00e1ndez (67. Sterling), Caicedo \u2013 Palmer, Gallagher, Mudryk \u2013 Broja (67. N. Jackson)<\/p>\n<p><strong>Rozhod\u010d\u00ed:\u00a0<\/strong>Michael Oliver\u00a0 <strong>Div\u00e1ci:\u00a0<\/strong>39 280\u00a0 <strong>Mu\u017e z\u00e1pasu redakce:\u00a0<\/strong>A. Doucour\u00e9<\/p>\n","protected":false},"excerpt":{"rendered":"<p>Sean Dyche si d\u011bl\u00e1 z\u00e1lusk na mana\u017eera m\u011bs\u00edce.<\/p>\n","protected":false},"author":12,"featured_media":23447,"comment_status":"open","ping_status":"closed","sticky":false,"template":"","format":"standard","meta":{"_eb_attr":"","_monsterinsights_skip_tracking":false,"_monsterinsights_sitenote_active":false,"_monsterinsights_sitenote_note":"","_monsterinsights_sitenote_category":0,"footnotes":""},"categories":[4],"tags":[],"yoast_head":"<!-- This site is optimized with the Yoast SEO plugin v23.4 - https:\/\/yoast.com\/wordpress\/plugins\/seo\/ -->\n<title>Everton - Chelsea 2:0 - Official Czech &amp; Slovak Everton Supporters&#039; Club<\/title>\n<meta name=\"description\" content=\"Sean Dyche si d\u011bl\u00e1 z\u00e1lusk na mana\u017eera m\u011bs\u00edce.\" \/>\n<meta name=\"robots\" content=\"index, follow, max-snippet:-1, max-image-preview:large, max-video-preview:-1\" \/>\n<link rel=\"canonical\" href=\"https:\/\/evertonfc.cz\/index.php\/2023\/12\/10\/everton-chelsea-20-3\/\" \/>\n<meta property=\"og:locale\" content=\"cs_CZ\" \/>\n<meta property=\"og:type\" content=\"article\" \/>\n<meta property=\"og:title\" content=\"Everton - Chelsea 2:0 - Official Czech &amp; Slovak Everton Supporters&#039; Club\" \/>\n<meta property=\"og:description\" content=\"Sean Dyche si d\u011bl\u00e1 z\u00e1lusk na mana\u017eera m\u011bs\u00edce.\" \/>\n<meta property=\"og:url\" content=\"https:\/\/evertonfc.cz\/index.php\/2023\/12\/10\/everton-chelsea-20-3\/\" \/>\n<meta property=\"og:site_name\" content=\"Official Czech &amp; Slovak Everton Supporters&#039; Club\" \/>\n<meta property=\"article:publisher\" content=\"https:\/\/www.facebook.com\/everton.fans.cz.sk\" \/>\n<meta property=\"article:published_time\" content=\"2023-12-10T16:05:33+00:00\" \/>\n<meta property=\"article:modified_time\" content=\"2023-12-12T08:33:10+00:00\" \/>\n<meta property=\"og:image\" content=\"https:\/\/evertonfc.cz\/wp-content\/uploads\/2023\/12\/Everton-2-0-Chelsea-by-Getty-Images-10-12-2023.jpg\" \/>\n\t<meta property=\"og:image:width\" content=\"720\" \/>\n\t<meta property=\"og:image:height\" content=\"405\" \/>\n\t<meta property=\"og:image:type\" content=\"image\/jpeg\" \/>\n<meta name=\"author\" content=\"Javor\" \/>\n<meta name=\"twitter:card\" content=\"summary_large_image\" \/>\n<meta name=\"twitter:creator\" content=\"@LoudinJan\" \/>\n<meta name=\"twitter:label1\" content=\"Napsal(a)\" \/>\n\t<meta name=\"twitter:data1\" content=\"Javor\" \/>\n\t<meta name=\"twitter:label2\" content=\"Odhadovan\u00e1 doba \u010dten\u00ed\" \/>\n\t<meta name=\"twitter:data2\" content=\"3 minuty\" \/>\n<script type=\"application\/ld+json\" class=\"yoast-schema-graph\">{\"@context\":\"https:\/\/schema.org\",\"@graph\":[{\"@type\":\"Article\",\"@id\":\"https:\/\/evertonfc.cz\/index.php\/2023\/12\/10\/everton-chelsea-20-3\/#article\",\"isPartOf\":{\"@id\":\"https:\/\/evertonfc.cz\/index.php\/2023\/12\/10\/everton-chelsea-20-3\/\"},\"author\":{\"name\":\"Javor\",\"@id\":\"https:\/\/evertonfc.cz\/#\/schema\/person\/b30daf6a5852f4811f8207a17ec1bf78\"},\"headline\":\"Everton &#8211; Chelsea 2:0\",\"datePublished\":\"2023-12-10T16:05:33+00:00\",\"dateModified\":\"2023-12-12T08:33:10+00:00\",\"mainEntityOfPage\":{\"@id\":\"https:\/\/evertonfc.cz\/index.php\/2023\/12\/10\/everton-chelsea-20-3\/\"},\"wordCount\":683,\"commentCount\":31,\"publisher\":{\"@id\":\"https:\/\/evertonfc.cz\/#organization\"},\"image\":{\"@id\":\"https:\/\/evertonfc.cz\/index.php\/2023\/12\/10\/everton-chelsea-20-3\/#primaryimage\"},\"thumbnailUrl\":\"https:\/\/evertonfc.cz\/wp-content\/uploads\/2023\/12\/Everton-2-0-Chelsea-by-Getty-Images-10-12-2023.jpg\",\"articleSection\":[\"Z\u00e1pasy\"],\"inLanguage\":\"cs\",\"potentialAction\":[{\"@type\":\"CommentAction\",\"name\":\"Comment\",\"target\":[\"https:\/\/evertonfc.cz\/index.php\/2023\/12\/10\/everton-chelsea-20-3\/#respond\"]}]},{\"@type\":\"WebPage\",\"@id\":\"https:\/\/evertonfc.cz\/index.php\/2023\/12\/10\/everton-chelsea-20-3\/\",\"url\":\"https:\/\/evertonfc.cz\/index.php\/2023\/12\/10\/everton-chelsea-20-3\/\",\"name\":\"Everton - Chelsea 2:0 - Official Czech &amp; Slovak Everton Supporters&#039; Club\",\"isPartOf\":{\"@id\":\"https:\/\/evertonfc.cz\/#website\"},\"primaryImageOfPage\":{\"@id\":\"https:\/\/evertonfc.cz\/index.php\/2023\/12\/10\/everton-chelsea-20-3\/#primaryimage\"},\"image\":{\"@id\":\"https:\/\/evertonfc.cz\/index.php\/2023\/12\/10\/everton-chelsea-20-3\/#primaryimage\"},\"thumbnailUrl\":\"https:\/\/evertonfc.cz\/wp-content\/uploads\/2023\/12\/Everton-2-0-Chelsea-by-Getty-Images-10-12-2023.jpg\",\"datePublished\":\"2023-12-10T16:05:33+00:00\",\"dateModified\":\"2023-12-12T08:33:10+00:00\",\"description\":\"Sean Dyche si d\u011bl\u00e1 z\u00e1lusk na mana\u017eera m\u011bs\u00edce.\",\"breadcrumb\":{\"@id\":\"https:\/\/evertonfc.cz\/index.php\/2023\/12\/10\/everton-chelsea-20-3\/#breadcrumb\"},\"inLanguage\":\"cs\",\"potentialAction\":[{\"@type\":\"ReadAction\",\"target\":[\"https:\/\/evertonfc.cz\/index.php\/2023\/12\/10\/everton-chelsea-20-3\/\"]}]},{\"@type\":\"ImageObject\",\"inLanguage\":\"cs\",\"@id\":\"https:\/\/evertonfc.cz\/index.php\/2023\/12\/10\/everton-chelsea-20-3\/#primaryimage\",\"url\":\"https:\/\/evertonfc.cz\/wp-content\/uploads\/2023\/12\/Everton-2-0-Chelsea-by-Getty-Images-10-12-2023.jpg\",\"contentUrl\":\"https:\/\/evertonfc.cz\/wp-content\/uploads\/2023\/12\/Everton-2-0-Chelsea-by-Getty-Images-10-12-2023.jpg\",\"width\":720,\"height\":405},{\"@type\":\"BreadcrumbList\",\"@id\":\"https:\/\/evertonfc.cz\/index.php\/2023\/12\/10\/everton-chelsea-20-3\/#breadcrumb\",\"itemListElement\":[{\"@type\":\"ListItem\",\"position\":1,\"name\":\"Home\",\"item\":\"https:\/\/evertonfc.cz\/\"},{\"@type\":\"ListItem\",\"position\":2,\"name\":\"Everton &#8211; Chelsea 2:0\"}]},{\"@type\":\"WebSite\",\"@id\":\"https:\/\/evertonfc.cz\/#website\",\"url\":\"https:\/\/evertonfc.cz\/\",\"name\":\"Official Czech &amp; Slovak Everton Supporters&#039; Club\",\"description\":\"\",\"publisher\":{\"@id\":\"https:\/\/evertonfc.cz\/#organization\"},\"potentialAction\":[{\"@type\":\"SearchAction\",\"target\":{\"@type\":\"EntryPoint\",\"urlTemplate\":\"https:\/\/evertonfc.cz\/?s={search_term_string}\"},\"query-input\":{\"@type\":\"PropertyValueSpecification\",\"valueRequired\":true,\"valueName\":\"search_term_string\"}}],\"inLanguage\":\"cs\"},{\"@type\":\"Organization\",\"@id\":\"https:\/\/evertonfc.cz\/#organization\",\"name\":\"Official Czech & Slovak Everton Supporters' Club\",\"url\":\"https:\/\/evertonfc.cz\/\",\"logo\":{\"@type\":\"ImageObject\",\"inLanguage\":\"cs\",\"@id\":\"https:\/\/evertonfc.cz\/#\/schema\/logo\/image\/\",\"url\":\"https:\/\/evertonfc.cz\/wp-content\/uploads\/2019\/05\/logo.png\",\"contentUrl\":\"https:\/\/evertonfc.cz\/wp-content\/uploads\/2019\/05\/logo.png\",\"width\":112,\"height\":112,\"caption\":\"Official Czech & Slovak Everton Supporters' Club\"},\"image\":{\"@id\":\"https:\/\/evertonfc.cz\/#\/schema\/logo\/image\/\"},\"sameAs\":[\"https:\/\/www.facebook.com\/everton.fans.cz.sk\"]},{\"@type\":\"Person\",\"@id\":\"https:\/\/evertonfc.cz\/#\/schema\/person\/b30daf6a5852f4811f8207a17ec1bf78\",\"name\":\"Javor\",\"sameAs\":[\"https:\/\/x.com\/LoudinJan\"],\"url\":\"https:\/\/evertonfc.cz\/index.php\/author\/javor\/\"}]}<\/script>\n<!-- \/ Yoast SEO plugin. -->","yoast_head_json":{"title":"Everton - Chelsea 2:0 - Official Czech &amp; Slovak Everton Supporters&#039; Club","description":"Sean Dyche si d\u011bl\u00e1 z\u00e1lusk na mana\u017eera m\u011bs\u00edce.","robots":{"index":"index","follow":"follow","max-snippet":"max-snippet:-1","max-image-preview":"max-image-preview:large","max-video-preview":"max-video-preview:-1"},"canonical":"https:\/\/evertonfc.cz\/index.php\/2023\/12\/10\/everton-chelsea-20-3\/","og_locale":"cs_CZ","og_type":"article","og_title":"Everton - Chelsea 2:0 - Official Czech &amp; Slovak Everton Supporters&#039; Club","og_description":"Sean Dyche si d\u011bl\u00e1 z\u00e1lusk na mana\u017eera m\u011bs\u00edce.","og_url":"https:\/\/evertonfc.cz\/index.php\/2023\/12\/10\/everton-chelsea-20-3\/","og_site_name":"Official Czech &amp; Slovak Everton Supporters&#039; Club","article_publisher":"https:\/\/www.facebook.com\/everton.fans.cz.sk","article_published_time":"2023-12-10T16:05:33+00:00","article_modified_time":"2023-12-12T08:33:10+00:00","og_image":[{"width":720,"height":405,"url":"https:\/\/evertonfc.cz\/wp-content\/uploads\/2023\/12\/Everton-2-0-Chelsea-by-Getty-Images-10-12-2023.jpg","type":"image\/jpeg"}],"author":"Javor","twitter_card":"summary_large_image","twitter_creator":"@LoudinJan","twitter_misc":{"Napsal(a)":"Javor","Odhadovan\u00e1 doba \u010dten\u00ed":"3 minuty"},"schema":{"@context":"https:\/\/schema.org","@graph":[{"@type":"Article","@id":"https:\/\/evertonfc.cz\/index.php\/2023\/12\/10\/everton-chelsea-20-3\/#article","isPartOf":{"@id":"https:\/\/evertonfc.cz\/index.php\/2023\/12\/10\/everton-chelsea-20-3\/"},"author":{"name":"Javor","@id":"https:\/\/evertonfc.cz\/#\/schema\/person\/b30daf6a5852f4811f8207a17ec1bf78"},"headline":"Everton &#8211; Chelsea 2:0","datePublished":"2023-12-10T16:05:33+00:00","dateModified":"2023-12-12T08:33:10+00:00","mainEntityOfPage":{"@id":"https:\/\/evertonfc.cz\/index.php\/2023\/12\/10\/everton-chelsea-20-3\/"},"wordCount":683,"commentCount":31,"publisher":{"@id":"https:\/\/evertonfc.cz\/#organization"},"image":{"@id":"https:\/\/evertonfc.cz\/index.php\/2023\/12\/10\/everton-chelsea-20-3\/#primaryimage"},"thumbnailUrl":"https:\/\/evertonfc.cz\/wp-content\/uploads\/2023\/12\/Everton-2-0-Chelsea-by-Getty-Images-10-12-2023.jpg","articleSection":["Z\u00e1pasy"],"inLanguage":"cs","potentialAction":[{"@type":"CommentAction","name":"Comment","target":["https:\/\/evertonfc.cz\/index.php\/2023\/12\/10\/everton-chelsea-20-3\/#respond"]}]},{"@type":"WebPage","@id":"https:\/\/evertonfc.cz\/index.php\/2023\/12\/10\/everton-chelsea-20-3\/","url":"https:\/\/evertonfc.cz\/index.php\/2023\/12\/10\/everton-chelsea-20-3\/","name":"Everton - Chelsea 2:0 - Official Czech &amp; Slovak Everton Supporters&#039; Club","isPartOf":{"@id":"https:\/\/evertonfc.cz\/#website"},"primaryImageOfPage":{"@id":"https:\/\/evertonfc.cz\/index.php\/2023\/12\/10\/everton-chelsea-20-3\/#primaryimage"},"image":{"@id":"https:\/\/evertonfc.cz\/index.php\/2023\/12\/10\/everton-chelsea-20-3\/#primaryimage"},"thumbnailUrl":"https:\/\/evertonfc.cz\/wp-content\/uploads\/2023\/12\/Everton-2-0-Chelsea-by-Getty-Images-10-12-2023.jpg","datePublished":"2023-12-10T16:05:33+00:00","dateModified":"2023-12-12T08:33:10+00:00","description":"Sean Dyche si d\u011bl\u00e1 z\u00e1lusk na mana\u017eera m\u011bs\u00edce.","breadcrumb":{"@id":"https:\/\/evertonfc.cz\/index.php\/2023\/12\/10\/everton-chelsea-20-3\/#breadcrumb"},"inLanguage":"cs","potentialAction":[{"@type":"ReadAction","target":["https:\/\/evertonfc.cz\/index.php\/2023\/12\/10\/everton-chelsea-20-3\/"]}]},{"@type":"ImageObject","inLanguage":"cs","@id":"https:\/\/evertonfc.cz\/index.php\/2023\/12\/10\/everton-chelsea-20-3\/#primaryimage","url":"https:\/\/evertonfc.cz\/wp-content\/uploads\/2023\/12\/Everton-2-0-Chelsea-by-Getty-Images-10-12-2023.jpg","contentUrl":"https:\/\/evertonfc.cz\/wp-content\/uploads\/2023\/12\/Everton-2-0-Chelsea-by-Getty-Images-10-12-2023.jpg","width":720,"height":405},{"@type":"BreadcrumbList","@id":"https:\/\/evertonfc.cz\/index.php\/2023\/12\/10\/everton-chelsea-20-3\/#breadcrumb","itemListElement":[{"@type":"ListItem","position":1,"name":"Home","item":"https:\/\/evertonfc.cz\/"},{"@type":"ListItem","position":2,"name":"Everton &#8211; Chelsea 2:0"}]},{"@type":"WebSite","@id":"https:\/\/evertonfc.cz\/#website","url":"https:\/\/evertonfc.cz\/","name":"Official Czech &amp; Slovak Everton Supporters&#039; Club","description":"","publisher":{"@id":"https:\/\/evertonfc.cz\/#organization"},"potentialAction":[{"@type":"SearchAction","target":{"@type":"EntryPoint","urlTemplate":"https:\/\/evertonfc.cz\/?s={search_term_string}"},"query-input":{"@type":"PropertyValueSpecification","valueRequired":true,"valueName":"search_term_string"}}],"inLanguage":"cs"},{"@type":"Organization","@id":"https:\/\/evertonfc.cz\/#organization","name":"Official Czech & Slovak Everton Supporters' Club","url":"https:\/\/evertonfc.cz\/","logo":{"@type":"ImageObject","inLanguage":"cs","@id":"https:\/\/evertonfc.cz\/#\/schema\/logo\/image\/","url":"https:\/\/evertonfc.cz\/wp-content\/uploads\/2019\/05\/logo.png","contentUrl":"https:\/\/evertonfc.cz\/wp-content\/uploads\/2019\/05\/logo.png","width":112,"height":112,"caption":"Official Czech & Slovak Everton Supporters' Club"},"image":{"@id":"https:\/\/evertonfc.cz\/#\/schema\/logo\/image\/"},"sameAs":["https:\/\/www.facebook.com\/everton.fans.cz.sk"]},{"@type":"Person","@id":"https:\/\/evertonfc.cz\/#\/schema\/person\/b30daf6a5852f4811f8207a17ec1bf78","name":"Javor","sameAs":["https:\/\/x.com\/LoudinJan"],"url":"https:\/\/evertonfc.cz\/index.php\/author\/javor\/"}]}},"_links":{"self":[{"href":"https:\/\/evertonfc.cz\/index.php\/wp-json\/wp\/v2\/posts\/23444"}],"collection":[{"href":"https:\/\/evertonfc.cz\/index.php\/wp-json\/wp\/v2\/posts"}],"about":[{"href":"https:\/\/evertonfc.cz\/index.php\/wp-json\/wp\/v2\/types\/post"}],"author":[{"embeddable":true,"href":"https:\/\/evertonfc.cz\/index.php\/wp-json\/wp\/v2\/users\/12"}],"replies":[{"embeddable":true,"href":"https:\/\/evertonfc.cz\/index.php\/wp-json\/wp\/v2\/comments?post=23444"}],"version-history":[{"count":6,"href":"https:\/\/evertonfc.cz\/index.php\/wp-json\/wp\/v2\/posts\/23444\/revisions"}],"predecessor-version":[{"id":23454,"href":"https:\/\/evertonfc.cz\/index.php\/wp-json\/wp\/v2\/posts\/23444\/revisions\/23454"}],"wp:featuredmedia":[{"embeddable":true,"href":"https:\/\/evertonfc.cz\/index.php\/wp-json\/wp\/v2\/media\/23447"}],"wp:attachment":[{"href":"https:\/\/evertonfc.cz\/index.php\/wp-json\/wp\/v2\/media?parent=23444"}],"wp:term":[{"taxonomy":"category","embeddable":true,"href":"https:\/\/evertonfc.cz\/index.php\/wp-json\/wp\/v2\/categories?post=23444"},{"taxonomy":"post_tag","embeddable":true,"href":"https:\/\/evertonfc.cz\/index.php\/wp-json\/wp\/v2\/tags?post=23444"}],"curies":[{"name":"wp","href":"https:\/\/api.w.org\/{rel}","templated":true}]}}