{"id":23478,"date":"2023-12-16T11:59:06","date_gmt":"2023-12-16T10:59:06","guid":{"rendered":"https:\/\/evertonfc.cz\/?p=23478"},"modified":"2023-12-16T12:53:14","modified_gmt":"2023-12-16T11:53:14","slug":"preview-burnley-everton-7","status":"publish","type":"post","link":"https:\/\/evertonfc.cz\/index.php\/2023\/12\/16\/preview-burnley-everton-7\/","title":{"rendered":"Preview: Burnley &#8211; Everton"},"content":{"rendered":"<h4>Body jsou to, o\u010d tu b\u011b\u017e\u00ed. Kdo to pozn\u00e1 d\u0159\u00edv, nech\u00e1v\u00e1 za sebou sn\u00edlky a v\u00e1havce. Jen\u017ee cesta je z\u0159\u00eddka rovn\u00e1 a hladk\u00e1, a tak se zas a znovu mus\u00edme pt\u00e1t: Keane, \u010di Ben\u00edk?<\/h4>\n<p>Po dvou ne\u010dekan\u00fdch v\u00fdhr\u00e1ch se vlila do na\u0161ich \u017eil nov\u00e1, optimistick\u00e1 krev. V\u0161ichni Evertonians ale v\u011bd\u00ed. Nav\u00edc, pot\u0159ebujeme to potvrdit proti soused\u016fm z tabulky. Jen\u017ee i Burnley chce \u017e\u00edt, Kompany chce \u017e\u00edt. Zat\u00edm Clarets d\u011blali z\u00e1\u0159ezy jen u soused\u016f ze suter\u00e9nu, te\u010f vystrkuj\u00ed hlavu a v\u011bt\u0159\u00ed v p\u0159\u00edzem\u00ed.<\/p>\n<p>Kde\u017ee lo\u0148sk\u00e9 sn\u011bhy jsou. A kde potom ty p\u0159edlo\u0148sk\u00e9. Mars je\u0161t\u011b ani jednou nedokon\u010dil svou pou\u0165 kolem Slunce od doby, kdy to bylo v\u0161echno n\u011bjak jinak. Ur\u010dit\u011b si vzpom\u00edn\u00e1te. V\u00a0dubnu 2022 ry\u0161av\u00fd b\u016fh v\u00e1lky Sean Dyche porazil Everton v\u00a0boji na \u017eivot a na smrt na Turf Moor. Ani dv\u011b Richarlisonovy penalty n\u00e1s nespasily a hlas v\u00a0hlav\u011b na\u0159\u00edkal: \u201eTen bl\u00e1zen to zase dok\u00e1\u017ee a my sestoup\u00edme.\u201c Burnley byli bod za Evertonem a Dyche byl jejich p\u00e1nem.<\/p>\n<p>Jen\u017ee za t\u00fdden bylo v\u0161echno jinak, prohra v\u00a0Norwichi a stalo se n\u011bco pro m\u011b nep\u0159edv\u00eddateln\u00e9ho. Burnley se st\u0159elili do nohy, Dyche hodili p\u0159es palubu a zachr\u00e1nit je nedok\u00e1zal ani Michael Jackson. Nastoupili pou\u0165 p\u0159estavby, v\u017edy\u0165 po sestupu jim z\u016fstalo jen p\u00e1r hr\u00e1\u010d\u016f jako na volejbal. Z\u00a0t\u011bch, co pamatuj\u00ed dycheball \u2013 jen 5.<\/p>\n<h4>Ze soupe\u0159ova t\u00e1bora<\/h4>\n<p>P\u0159estavby se ujal Vincent Kompany a vedl si v\u00edce ne\u017e zdatn\u011b. Uhranut\u00e9 Championship sledovalo Burnley z\u00a0odstupu a n\u00e1lepka kopyt p\u0159ekrylo modern\u00edm h\u00e1vem. Jen\u017ee vy\u0161\u0161\u00ed level u\u017e ned\u00e1v\u00e1 takovou volnost k\u00a0rozletu.<\/p>\n<p>S vidinou toho se klub z Lancashire jako jedin\u00fd z nov\u00e1\u010dk\u016f rozhodl nabit\u00e9 prost\u0159edky z postupu investovat do k\u00e1dru. Mana\u017eerovy vazby na City se projevily s p\u0159\u00edchodem mistra Evropy Jamese Trafforda mezi t\u0159i ty\u010de. Doposud to \u017e\u00e1dn\u00e1 velk\u00e1 sl\u00e1va nebyla, a\u017e do minul\u00e9ho t\u00fddne, kdy si zvednul sebev\u011bdom\u00ed proti Brightonu, vychytal rem\u00edzu 1:1.<\/p>\n<p>Dal\u0161\u00ed posilou je n\u011bmeck\u00fd obr\u00e1nce Beyer, kter\u00fd se tak\u00e9 po zran\u011bn\u00ed zved\u00e1. Zeki Amdouni z\u00a0Basileje zat\u00edm stihl 2 ligov\u00e9 branky, od konkurence uloupen\u00fd Sander Berge zat\u00edm dr\u017e\u00ed stranou sl\u00e1vy. Kdo pab\u011brku, je Aaron Ramsey II. Do\u0161l\u00fd z\u00a0Aston Villy. P\u0159\u00edjemn\u00fdm p\u0159ekvapen\u00ed, kdy\u017e odmysl\u00edm cenu, je 19let\u00fd Odobert Wilson, jen\u017e p\u0159i sb\u00edr\u00e1n\u00ed minutek stihl 2 branky.<\/p>\n<p>Z t\u011bch 5 pam\u011btn\u00edk\u016f &#8211; Charlie Taylor, Brownhill, Cork, Gudmundsson, Jay Rodriguez, nen\u00ed jich o moc v\u00edc, ne\u017e exClarets na na\u0161\u00ed stran\u011b, hraj\u00ed pravideln\u011b a\u017e na zran\u011bn\u00e9ho Corka pod Kompanym v\u0161ichni. Jen\u017ee Taylor se vykartoval, dopln\u00ed tak absent\u00e9ry Obafemiho, Koleosha a nejlep\u0161\u00edho st\u0159elce s\u00a03 z\u00e1sahy Lylea Fostera. To jsou 3 \u00fato\u010dn\u00edci a trochu to vysv\u011btluje, pro\u010d m\u00e1 Rodriguez tolik minut.<\/p>\n<h4>Co nov\u00e9ho u n\u00e1s<\/h4>\n<p>Ot\u00e1zka z \u00favodu sp\u00ed\u0161e vykresluje na\u0161\u00ed situaci, ale je sp\u00ed\u0161e \u0159e\u010dnick\u00e1. Proto\u017ee odpov\u011b\u010f je t\u00e9m\u011b\u0159 jist\u00e1. Tedy j\u00e1 bych si tipnul. Ale popo\u0159ad\u011b. Branthwaite nasko\u010dil skv\u011ble, ale nasb\u00edral 5 napomenut\u00ed a mus\u00ed do kouta. Mimochodem, v\u00a0dal\u0161\u00edm u\u017e kle\u010d\u00ed Idrissa Gueye.<\/p>\n<p>Tak\u017ee n\u00e1m nezb\u00fdv\u00e1 moc variant, n\u00e1hradn\u00ed st\u0159edn\u00ed obr\u00e1nce m\u00e1me jen 2. Nespornou prerekvizitu z\u00a0uhaze\u010d\u016f m\u00e1 ale pouze Michael Keane, kter\u00fd Dycheovi vd\u011b\u010d\u00ed za mnoh\u00e9, Tarkowski by mu se vzpom\u00ednkami mohl pomoci. Ben Godfrey je sp\u00ed\u0161e alternativou na kraj, kdyby se Sean rozhodl pro nasazen\u00ed Mykolenka na st\u0159ed, ale tomu moc nev\u011b\u0159\u00edm.<\/p>\n<p>Zprava n\u00e1m za\u010dalo taky profukovat, na marodku lehli Coleman s Youngem, kte\u0159\u00ed by b\u00fdvali tak\u00e9 mohli zasko\u010dit. Z akademie asi tak\u00e9 nezasv\u00edt\u00ed, je asi t\u0159eba uv\u00e9st, \u017ee ve v\u010derej\u0161\u00edm z\u00e1pase U-21 (prohr\u00e1li s WBA 1:3) nenastoupil vedle kapit\u00e1na Ryana Astleyho jeho obvykl\u00fd kolega Elijah Campbell, kter\u00e9ho tak mo\u017en\u00e1 uvid\u00edme na lavi\u010dce. Mo\u017en\u00e1 i st\u0159elce Okoronkwa, jen\u017e v\u010derej\u0161\u00ed ma\u010d tak\u00e9 vynechal.<\/p>\n<p>Nepotkaj\u00ed se tam patrn\u011b ani s navracej\u00edc\u00edm se Dele Allim, ani s Andre Gomesem, ten si odbyl v\u010dera prvn\u00ed polo\u010das. Mykolenko se uzdravil, Onana snad bude tak\u00e9 ready, tak\u017ee Sean Dyche u\u017e dal\u0161\u00ed vynucen\u00e9 zm\u011bny \u0159e\u0161it nebude.<\/p>\n<p>Ten si na tiskovce liboval nad n\u00e1ladou v t\u00fdmu a dobrou formou. A\u0165 u\u017e odvol\u00e1n\u00ed dopadne jakkoli, Dyche se na smilov\u00e1n\u00ed spol\u00e9hat nebude. A\u010d upozornil, \u017ee t\u00fdm hr\u00e1l dob\u0159e ji\u017e p\u0159ed z\u00e1sahem shora, nelze opominout i faktor fanou\u0161kovsk\u00e9 podpory. Ostatn\u011b, tu dok\u00e1zal udr\u017eet Sean i v b\u00fdval\u00e9m p\u016fsobi\u0161ti, kde po n\u011bm z\u016fstal hostinec s jeho jm\u00e9nem. Mo\u017en\u00e1 tam po pr\u00e1ci na jedno, dv\u011b zasko\u010d\u00ed. Pokud bude m\u00edt co slavit, tak to povol\u00edm.<\/p>\n<h4>Jak to bylo v\u00a0minulosti a zaj\u00edmavosti<\/h4>\n<p>P\u011bkn\u00e1 v\u00fdhra z\u00a0listopadu v\u00a0ligov\u00e9m poh\u00e1ru. Nelze se k\u00a0tomu ale moc v\u00e1zat, te\u010f to bude jin\u00e9 i v\u00a0tom, \u017ee se t\u00fdmy prohod\u00ed. A na Turf Moore jsme t\u0159ikr\u00e1t nezv\u00edt\u011bzili. Naposledy na \u0160t\u011bp\u00e1na 2018 5:1. To je hezk\u00e1 vzpom\u00ednka. A Burnley tady doposud uhr\u00e1li jen 3 body z\u00a024 (1-0-7).<\/p>\n<p>Everton se m\u016f\u017ee spolehnout na dobrou obranu, Dyche\u016fv trademark. M\u00e9n\u011b inkasovali jen redshites, Arsenal a City. Pokud by se poda\u0159ilo udr\u017eet 4 z\u00e1pasy po sob\u011b \u010dist\u00e9 konto, byl by to poprv\u00e9 od roku 2002. Tenkr\u00e1t to Moyesova sme\u010dka dot\u00e1hla k\u00a05 ligov\u00fdm v\u00fdhr\u00e1m 1:0 v\u00a0\u0159ad\u011b. Obdiv.<\/p>\n<p>Celkovou bilanci s\u00a0Burnley m\u00e1me v\u00a0EPL vyrovnanou (8-1-7), ale na Turf Moore to tolik nevych\u00e1zelo, co\u017e byla Dycheova pr\u00e1ce, h\u00e1d\u00e1m. V\u00a0\u00fapln\u011b celkov\u00e9 m\u00e1me navrch 53-30-38 a st\u0159elecky se bl\u00ed\u017e\u00edme k\u00a0miln\u00edku 199:173. Douf\u00e1m, \u017ee n\u00e1s a\u0165 u\u017e DCL nebo Beto dostanou za n\u011bj.<\/p>\n<p>P\u00edskat bude Anthony Taylor. Jeho ned\u00e1vn\u00e1 bilance z\u00e1pasu Toffees je ostudn\u00e1. Odp\u00edskal u\u017e 5 por\u00e1\u017eek Evertonu za sebou a m\u011bl by s\u00a0t\u00edm n\u011bco d\u011blat. Naposledy jsme pod n\u00edm zv\u00edt\u011bzili v\u00a0pam\u00e1tn\u00e9m utk\u00e1n\u00ed s\u00a0Palace v\u00a0kv\u011bnu 2022. P\u0159ed 3 roky p\u00edskal stejn\u00fd z\u00e1pas, skon\u010dilo to 1:1 a bez karet.<\/p>\n<p style=\"text-align: right;\"><span style=\"font-size: 8pt;\">foto zdroj: Bobbie Jackson, clubcall.com<\/span><\/p>\n<p><strong>Co<\/strong>: Burnley FC &#8211; Everton FC, 17. kolo Premier League<br \/>\n<strong>Kdy<\/strong>: 16. prosince 2023 od\u00a018:30<br \/>\n<strong>Kde:<\/strong> Turf Moor &#8211; Harry Potts Way, Burnley, Lancashire, BB10 4BX (kapacita: 21\u00a0944)<br \/>\n<strong>TV<\/strong>: od 18:25 v r\u00e1mci Hlavn\u00edho programu na Canal+ Sport, komentuje Mat\u00fa\u0161 Luk\u00e1\u010d<br \/>\n<strong>Rozhod\u010d\u00ed<\/strong>: Anthony Taylor\u00a0 <strong>Postrann\u00ed<\/strong>: Gary Beswick, Adam Nunn\u00a0 <strong>\u010ctvrt\u00fd<\/strong> <strong>rozhod\u010d\u00ed<\/strong>: Tom Bramall<br \/>\n<strong>VAR<\/strong>: Chris Kavanagh\u00a0 <strong>Asistent VAR<\/strong>: Sian Masseyov\u00e1-Ellisov\u00e1<\/p>\n","protected":false},"excerpt":{"rendered":"<p>Body jsou to, o\u010d tu b\u011b\u017e\u00ed. Kdo to pozn\u00e1 d\u0159\u00edv, nech\u00e1v\u00e1 za sebou sn\u00edlky a v\u00e1havce. Jen\u017ee cesta je z\u0159\u00eddka rovn\u00e1 a hladk\u00e1, a tak se zas a znovu mus\u00edme pt\u00e1t: Keane, \u010di Ben\u00edk?<\/p>\n","protected":false},"author":10,"featured_media":23477,"comment_status":"open","ping_status":"closed","sticky":false,"template":"","format":"standard","meta":{"_eb_attr":"","_monsterinsights_skip_tracking":false,"_monsterinsights_sitenote_active":false,"_monsterinsights_sitenote_note":"","_monsterinsights_sitenote_category":0,"footnotes":""},"categories":[4],"tags":[],"yoast_head":"<!-- This site is optimized with the Yoast SEO plugin v23.4 - https:\/\/yoast.com\/wordpress\/plugins\/seo\/ -->\n<title>Preview: Burnley - Everton - Official Czech &amp; Slovak Everton Supporters&#039; Club<\/title>\n<meta name=\"robots\" content=\"index, follow, max-snippet:-1, max-image-preview:large, max-video-preview:-1\" \/>\n<link rel=\"canonical\" href=\"https:\/\/evertonfc.cz\/index.php\/2023\/12\/16\/preview-burnley-everton-7\/\" \/>\n<meta property=\"og:locale\" content=\"cs_CZ\" \/>\n<meta property=\"og:type\" content=\"article\" \/>\n<meta property=\"og:title\" content=\"Preview: Burnley - Everton - Official Czech &amp; Slovak Everton Supporters&#039; Club\" \/>\n<meta property=\"og:description\" content=\"Body jsou to, o\u010d tu b\u011b\u017e\u00ed. Kdo to pozn\u00e1 d\u0159\u00edv, nech\u00e1v\u00e1 za sebou sn\u00edlky a v\u00e1havce. Jen\u017ee cesta je z\u0159\u00eddka rovn\u00e1 a hladk\u00e1, a tak se zas a znovu mus\u00edme pt\u00e1t: Keane, \u010di Ben\u00edk?\" \/>\n<meta property=\"og:url\" content=\"https:\/\/evertonfc.cz\/index.php\/2023\/12\/16\/preview-burnley-everton-7\/\" \/>\n<meta property=\"og:site_name\" content=\"Official Czech &amp; Slovak Everton Supporters&#039; Club\" \/>\n<meta property=\"article:publisher\" content=\"https:\/\/www.facebook.com\/everton.fans.cz.sk\" \/>\n<meta property=\"article:published_time\" content=\"2023-12-16T10:59:06+00:00\" \/>\n<meta property=\"article:modified_time\" content=\"2023-12-16T11:53:14+00:00\" \/>\n<meta property=\"og:image\" content=\"https:\/\/evertonfc.cz\/wp-content\/uploads\/2023\/12\/royal_dyche.jpg\" \/>\n\t<meta property=\"og:image:width\" content=\"720\" \/>\n\t<meta property=\"og:image:height\" content=\"405\" \/>\n\t<meta property=\"og:image:type\" content=\"image\/jpeg\" \/>\n<meta name=\"author\" content=\"Fip\" \/>\n<meta name=\"twitter:card\" content=\"summary_large_image\" \/>\n<meta name=\"twitter:label1\" content=\"Napsal(a)\" \/>\n\t<meta name=\"twitter:data1\" content=\"Fip\" \/>\n\t<meta name=\"twitter:label2\" content=\"Odhadovan\u00e1 doba \u010dten\u00ed\" \/>\n\t<meta name=\"twitter:data2\" content=\"6 minut\" \/>\n<script type=\"application\/ld+json\" class=\"yoast-schema-graph\">{\"@context\":\"https:\/\/schema.org\",\"@graph\":[{\"@type\":\"Article\",\"@id\":\"https:\/\/evertonfc.cz\/index.php\/2023\/12\/16\/preview-burnley-everton-7\/#article\",\"isPartOf\":{\"@id\":\"https:\/\/evertonfc.cz\/index.php\/2023\/12\/16\/preview-burnley-everton-7\/\"},\"author\":{\"name\":\"Fip\",\"@id\":\"https:\/\/evertonfc.cz\/#\/schema\/person\/35904009755e8eaa0dc1a5f5f0419002\"},\"headline\":\"Preview: Burnley &#8211; Everton\",\"datePublished\":\"2023-12-16T10:59:06+00:00\",\"dateModified\":\"2023-12-16T11:53:14+00:00\",\"mainEntityOfPage\":{\"@id\":\"https:\/\/evertonfc.cz\/index.php\/2023\/12\/16\/preview-burnley-everton-7\/\"},\"wordCount\":1180,\"commentCount\":13,\"publisher\":{\"@id\":\"https:\/\/evertonfc.cz\/#organization\"},\"image\":{\"@id\":\"https:\/\/evertonfc.cz\/index.php\/2023\/12\/16\/preview-burnley-everton-7\/#primaryimage\"},\"thumbnailUrl\":\"https:\/\/evertonfc.cz\/wp-content\/uploads\/2023\/12\/royal_dyche.jpg\",\"articleSection\":[\"Z\u00e1pasy\"],\"inLanguage\":\"cs\",\"potentialAction\":[{\"@type\":\"CommentAction\",\"name\":\"Comment\",\"target\":[\"https:\/\/evertonfc.cz\/index.php\/2023\/12\/16\/preview-burnley-everton-7\/#respond\"]}]},{\"@type\":\"WebPage\",\"@id\":\"https:\/\/evertonfc.cz\/index.php\/2023\/12\/16\/preview-burnley-everton-7\/\",\"url\":\"https:\/\/evertonfc.cz\/index.php\/2023\/12\/16\/preview-burnley-everton-7\/\",\"name\":\"Preview: Burnley - Everton - Official Czech &amp; Slovak Everton Supporters&#039; Club\",\"isPartOf\":{\"@id\":\"https:\/\/evertonfc.cz\/#website\"},\"primaryImageOfPage\":{\"@id\":\"https:\/\/evertonfc.cz\/index.php\/2023\/12\/16\/preview-burnley-everton-7\/#primaryimage\"},\"image\":{\"@id\":\"https:\/\/evertonfc.cz\/index.php\/2023\/12\/16\/preview-burnley-everton-7\/#primaryimage\"},\"thumbnailUrl\":\"https:\/\/evertonfc.cz\/wp-content\/uploads\/2023\/12\/royal_dyche.jpg\",\"datePublished\":\"2023-12-16T10:59:06+00:00\",\"dateModified\":\"2023-12-16T11:53:14+00:00\",\"breadcrumb\":{\"@id\":\"https:\/\/evertonfc.cz\/index.php\/2023\/12\/16\/preview-burnley-everton-7\/#breadcrumb\"},\"inLanguage\":\"cs\",\"potentialAction\":[{\"@type\":\"ReadAction\",\"target\":[\"https:\/\/evertonfc.cz\/index.php\/2023\/12\/16\/preview-burnley-everton-7\/\"]}]},{\"@type\":\"ImageObject\",\"inLanguage\":\"cs\",\"@id\":\"https:\/\/evertonfc.cz\/index.php\/2023\/12\/16\/preview-burnley-everton-7\/#primaryimage\",\"url\":\"https:\/\/evertonfc.cz\/wp-content\/uploads\/2023\/12\/royal_dyche.jpg\",\"contentUrl\":\"https:\/\/evertonfc.cz\/wp-content\/uploads\/2023\/12\/royal_dyche.jpg\",\"width\":720,\"height\":405},{\"@type\":\"BreadcrumbList\",\"@id\":\"https:\/\/evertonfc.cz\/index.php\/2023\/12\/16\/preview-burnley-everton-7\/#breadcrumb\",\"itemListElement\":[{\"@type\":\"ListItem\",\"position\":1,\"name\":\"Home\",\"item\":\"https:\/\/evertonfc.cz\/\"},{\"@type\":\"ListItem\",\"position\":2,\"name\":\"Preview: Burnley &#8211; Everton\"}]},{\"@type\":\"WebSite\",\"@id\":\"https:\/\/evertonfc.cz\/#website\",\"url\":\"https:\/\/evertonfc.cz\/\",\"name\":\"Official Czech &amp; Slovak Everton Supporters&#039; Club\",\"description\":\"\",\"publisher\":{\"@id\":\"https:\/\/evertonfc.cz\/#organization\"},\"potentialAction\":[{\"@type\":\"SearchAction\",\"target\":{\"@type\":\"EntryPoint\",\"urlTemplate\":\"https:\/\/evertonfc.cz\/?s={search_term_string}\"},\"query-input\":{\"@type\":\"PropertyValueSpecification\",\"valueRequired\":true,\"valueName\":\"search_term_string\"}}],\"inLanguage\":\"cs\"},{\"@type\":\"Organization\",\"@id\":\"https:\/\/evertonfc.cz\/#organization\",\"name\":\"Official Czech & Slovak Everton Supporters' Club\",\"url\":\"https:\/\/evertonfc.cz\/\",\"logo\":{\"@type\":\"ImageObject\",\"inLanguage\":\"cs\",\"@id\":\"https:\/\/evertonfc.cz\/#\/schema\/logo\/image\/\",\"url\":\"https:\/\/evertonfc.cz\/wp-content\/uploads\/2019\/05\/logo.png\",\"contentUrl\":\"https:\/\/evertonfc.cz\/wp-content\/uploads\/2019\/05\/logo.png\",\"width\":112,\"height\":112,\"caption\":\"Official Czech & Slovak Everton Supporters' Club\"},\"image\":{\"@id\":\"https:\/\/evertonfc.cz\/#\/schema\/logo\/image\/\"},\"sameAs\":[\"https:\/\/www.facebook.com\/everton.fans.cz.sk\"]},{\"@type\":\"Person\",\"@id\":\"https:\/\/evertonfc.cz\/#\/schema\/person\/35904009755e8eaa0dc1a5f5f0419002\",\"name\":\"Fip\",\"url\":\"https:\/\/evertonfc.cz\/index.php\/author\/fip\/\"}]}<\/script>\n<!-- \/ Yoast SEO plugin. -->","yoast_head_json":{"title":"Preview: Burnley - Everton - Official Czech &amp; Slovak Everton Supporters&#039; Club","robots":{"index":"index","follow":"follow","max-snippet":"max-snippet:-1","max-image-preview":"max-image-preview:large","max-video-preview":"max-video-preview:-1"},"canonical":"https:\/\/evertonfc.cz\/index.php\/2023\/12\/16\/preview-burnley-everton-7\/","og_locale":"cs_CZ","og_type":"article","og_title":"Preview: Burnley - Everton - Official Czech &amp; Slovak Everton Supporters&#039; Club","og_description":"Body jsou to, o\u010d tu b\u011b\u017e\u00ed. Kdo to pozn\u00e1 d\u0159\u00edv, nech\u00e1v\u00e1 za sebou sn\u00edlky a v\u00e1havce. Jen\u017ee cesta je z\u0159\u00eddka rovn\u00e1 a hladk\u00e1, a tak se zas a znovu mus\u00edme pt\u00e1t: Keane, \u010di Ben\u00edk?","og_url":"https:\/\/evertonfc.cz\/index.php\/2023\/12\/16\/preview-burnley-everton-7\/","og_site_name":"Official Czech &amp; Slovak Everton Supporters&#039; Club","article_publisher":"https:\/\/www.facebook.com\/everton.fans.cz.sk","article_published_time":"2023-12-16T10:59:06+00:00","article_modified_time":"2023-12-16T11:53:14+00:00","og_image":[{"width":720,"height":405,"url":"https:\/\/evertonfc.cz\/wp-content\/uploads\/2023\/12\/royal_dyche.jpg","type":"image\/jpeg"}],"author":"Fip","twitter_card":"summary_large_image","twitter_misc":{"Napsal(a)":"Fip","Odhadovan\u00e1 doba \u010dten\u00ed":"6 minut"},"schema":{"@context":"https:\/\/schema.org","@graph":[{"@type":"Article","@id":"https:\/\/evertonfc.cz\/index.php\/2023\/12\/16\/preview-burnley-everton-7\/#article","isPartOf":{"@id":"https:\/\/evertonfc.cz\/index.php\/2023\/12\/16\/preview-burnley-everton-7\/"},"author":{"name":"Fip","@id":"https:\/\/evertonfc.cz\/#\/schema\/person\/35904009755e8eaa0dc1a5f5f0419002"},"headline":"Preview: Burnley &#8211; Everton","datePublished":"2023-12-16T10:59:06+00:00","dateModified":"2023-12-16T11:53:14+00:00","mainEntityOfPage":{"@id":"https:\/\/evertonfc.cz\/index.php\/2023\/12\/16\/preview-burnley-everton-7\/"},"wordCount":1180,"commentCount":13,"publisher":{"@id":"https:\/\/evertonfc.cz\/#organization"},"image":{"@id":"https:\/\/evertonfc.cz\/index.php\/2023\/12\/16\/preview-burnley-everton-7\/#primaryimage"},"thumbnailUrl":"https:\/\/evertonfc.cz\/wp-content\/uploads\/2023\/12\/royal_dyche.jpg","articleSection":["Z\u00e1pasy"],"inLanguage":"cs","potentialAction":[{"@type":"CommentAction","name":"Comment","target":["https:\/\/evertonfc.cz\/index.php\/2023\/12\/16\/preview-burnley-everton-7\/#respond"]}]},{"@type":"WebPage","@id":"https:\/\/evertonfc.cz\/index.php\/2023\/12\/16\/preview-burnley-everton-7\/","url":"https:\/\/evertonfc.cz\/index.php\/2023\/12\/16\/preview-burnley-everton-7\/","name":"Preview: Burnley - Everton - Official Czech &amp; Slovak Everton Supporters&#039; Club","isPartOf":{"@id":"https:\/\/evertonfc.cz\/#website"},"primaryImageOfPage":{"@id":"https:\/\/evertonfc.cz\/index.php\/2023\/12\/16\/preview-burnley-everton-7\/#primaryimage"},"image":{"@id":"https:\/\/evertonfc.cz\/index.php\/2023\/12\/16\/preview-burnley-everton-7\/#primaryimage"},"thumbnailUrl":"https:\/\/evertonfc.cz\/wp-content\/uploads\/2023\/12\/royal_dyche.jpg","datePublished":"2023-12-16T10:59:06+00:00","dateModified":"2023-12-16T11:53:14+00:00","breadcrumb":{"@id":"https:\/\/evertonfc.cz\/index.php\/2023\/12\/16\/preview-burnley-everton-7\/#breadcrumb"},"inLanguage":"cs","potentialAction":[{"@type":"ReadAction","target":["https:\/\/evertonfc.cz\/index.php\/2023\/12\/16\/preview-burnley-everton-7\/"]}]},{"@type":"ImageObject","inLanguage":"cs","@id":"https:\/\/evertonfc.cz\/index.php\/2023\/12\/16\/preview-burnley-everton-7\/#primaryimage","url":"https:\/\/evertonfc.cz\/wp-content\/uploads\/2023\/12\/royal_dyche.jpg","contentUrl":"https:\/\/evertonfc.cz\/wp-content\/uploads\/2023\/12\/royal_dyche.jpg","width":720,"height":405},{"@type":"BreadcrumbList","@id":"https:\/\/evertonfc.cz\/index.php\/2023\/12\/16\/preview-burnley-everton-7\/#breadcrumb","itemListElement":[{"@type":"ListItem","position":1,"name":"Home","item":"https:\/\/evertonfc.cz\/"},{"@type":"ListItem","position":2,"name":"Preview: Burnley &#8211; Everton"}]},{"@type":"WebSite","@id":"https:\/\/evertonfc.cz\/#website","url":"https:\/\/evertonfc.cz\/","name":"Official Czech &amp; Slovak Everton Supporters&#039; Club","description":"","publisher":{"@id":"https:\/\/evertonfc.cz\/#organization"},"potentialAction":[{"@type":"SearchAction","target":{"@type":"EntryPoint","urlTemplate":"https:\/\/evertonfc.cz\/?s={search_term_string}"},"query-input":{"@type":"PropertyValueSpecification","valueRequired":true,"valueName":"search_term_string"}}],"inLanguage":"cs"},{"@type":"Organization","@id":"https:\/\/evertonfc.cz\/#organization","name":"Official Czech & Slovak Everton Supporters' Club","url":"https:\/\/evertonfc.cz\/","logo":{"@type":"ImageObject","inLanguage":"cs","@id":"https:\/\/evertonfc.cz\/#\/schema\/logo\/image\/","url":"https:\/\/evertonfc.cz\/wp-content\/uploads\/2019\/05\/logo.png","contentUrl":"https:\/\/evertonfc.cz\/wp-content\/uploads\/2019\/05\/logo.png","width":112,"height":112,"caption":"Official Czech & Slovak Everton Supporters' Club"},"image":{"@id":"https:\/\/evertonfc.cz\/#\/schema\/logo\/image\/"},"sameAs":["https:\/\/www.facebook.com\/everton.fans.cz.sk"]},{"@type":"Person","@id":"https:\/\/evertonfc.cz\/#\/schema\/person\/35904009755e8eaa0dc1a5f5f0419002","name":"Fip","url":"https:\/\/evertonfc.cz\/index.php\/author\/fip\/"}]}},"_links":{"self":[{"href":"https:\/\/evertonfc.cz\/index.php\/wp-json\/wp\/v2\/posts\/23478"}],"collection":[{"href":"https:\/\/evertonfc.cz\/index.php\/wp-json\/wp\/v2\/posts"}],"about":[{"href":"https:\/\/evertonfc.cz\/index.php\/wp-json\/wp\/v2\/types\/post"}],"author":[{"embeddable":true,"href":"https:\/\/evertonfc.cz\/index.php\/wp-json\/wp\/v2\/users\/10"}],"replies":[{"embeddable":true,"href":"https:\/\/evertonfc.cz\/index.php\/wp-json\/wp\/v2\/comments?post=23478"}],"version-history":[{"count":5,"href":"https:\/\/evertonfc.cz\/index.php\/wp-json\/wp\/v2\/posts\/23478\/revisions"}],"predecessor-version":[{"id":23485,"href":"https:\/\/evertonfc.cz\/index.php\/wp-json\/wp\/v2\/posts\/23478\/revisions\/23485"}],"wp:featuredmedia":[{"embeddable":true,"href":"https:\/\/evertonfc.cz\/index.php\/wp-json\/wp\/v2\/media\/23477"}],"wp:attachment":[{"href":"https:\/\/evertonfc.cz\/index.php\/wp-json\/wp\/v2\/media?parent=23478"}],"wp:term":[{"taxonomy":"category","embeddable":true,"href":"https:\/\/evertonfc.cz\/index.php\/wp-json\/wp\/v2\/categories?post=23478"},{"taxonomy":"post_tag","embeddable":true,"href":"https:\/\/evertonfc.cz\/index.php\/wp-json\/wp\/v2\/tags?post=23478"}],"curies":[{"name":"wp","href":"https:\/\/api.w.org\/{rel}","templated":true}]}}