{"id":2348,"date":"2017-11-17T21:35:23","date_gmt":"2017-11-17T20:35:23","guid":{"rendered":"http:\/\/evertonfc.cz\/?p=2348"},"modified":"2021-04-04T14:00:28","modified_gmt":"2021-04-04T12:00:28","slug":"preview-crystal-palace-everton","status":"publish","type":"post","link":"https:\/\/evertonfc.cz\/index.php\/2017\/11\/17\/preview-crystal-palace-everton\/","title":{"rendered":"Preview: Crystal Palace &#8211; Everton"},"content":{"rendered":"\r\n<h4 class=\"wp-block-heading\">St\u00e1le s\u00a0p\u0159echodn\u011b \u00fa\u0159aduj\u00edc\u00edm Davidem Unsworthem na lavi\u010dce zaj\u00ed\u017ed\u00ed Everton na p\u016fdu posledn\u00edho celku Premier League, kde se bude sna\u017eit protrhnout desetim\u011bs\u00ed\u010dn\u00ed \u010dek\u00e1n\u00ed na venkovn\u00ed ligovou v\u00fdhru.<\/h4>\r\n\r\n\r\n\r\n<p>P\u0159edstavenstvo Evertonu se b\u011bhem reprezenta\u010dn\u00ed p\u0159est\u00e1vky sna\u017eilo vy\u0159e\u0161it ot\u00e1zku mana\u017eera. Jako ide\u00e1ln\u00edho kandid\u00e1ta si zvolilo Marca Silvu. Watford, Portugalc\u016fm zam\u011bstnavatel, ale zaujal r\u00e1zn\u00e9 a odm\u00edtav\u00e9 stanovisko, neobm\u011bk\u010dilo ho ani odstupn\u00e9 ve v\u00fd\u0161i 10 milion\u016f liber.<\/p>\r\n\r\n\r\n\r\n<p>Do\u010dasn\u00fdm mana\u017eerem tak nad\u00e1le z\u016fst\u00e1v\u00e1 David Unsworth, kter\u00fd po vyhazovu Ronalda Koemana vyhl\u00ed\u017e\u00ed u\u017e p\u00e1t\u00e9 utk\u00e1n\u00ed u kormidla. B\u00fdval\u00fd \u0159\u00edzn\u00fd obr\u00e1nce by r\u00e1d nav\u00e1zal na posledn\u00ed v\u00fdhru 3:2 proti Watfordu, po n\u00ed\u017e se Evertonu p\u0159eci jen o n\u011bco l\u00e9pe d\u00fdch\u00e1. Jakpak by ne, t\u0159\u00edbodov\u00fd pocit radosti se odkl\u00e1dal m\u011bs\u00edc a p\u016fl.<\/p>\r\n\r\n\r\n\r\n<p>Unsworthovi se nask\u00fdt\u00e1 dal\u0161\u00ed z\u00e1pas, v n\u011bm\u017e m\u016f\u017ee p\u0159esv\u011bd\u010dit sv\u00e9 nad\u0159\u00edzen\u00e9, aby mu sv\u011b\u0159ili mana\u017eerskou pozici aspo\u0148 do konce sez\u00f3ny. Ti mo\u017en\u00e1 k tomuto z\u00e1v\u011bru dosp\u011bj\u00ed co nevid\u011bt, proto\u017ee mise naj\u00edt ide\u00e1ln\u00edho mana\u017eera se v sou\u010dasn\u00e9 f\u00e1zi sez\u00f3ny ukazuje jako nemo\u017en\u00e1. Dlouhodob\u011bj\u0161\u00ed d\u016fv\u011bra v Unswortha se jev\u00ed logick\u00e1, p\u0159esto\u017ee jeho veden\u00ed t\u00fdmu lze zcela ur\u010dit\u011b vytknout n\u011bkolik v\u011bc\u00ed.<\/p>\r\n\r\n\r\n\r\n<p>Po 11 ligov\u00fdch kolech maj\u00ed Toffees na kont\u011b stejn\u00fd po\u010det bod\u016f a z patn\u00e1ct\u00e9ho m\u00edsta rozhodn\u011b mus\u00ed pohl\u00ed\u017eet na p\u0159\u00ed\u010dky vy\u0161\u0161\u00ed ne\u017e ni\u017e\u0161\u00ed. St\u0159etnut\u00ed na h\u0159i\u0161ti dvac\u00e1t\u00e9ho t\u00fdmu tabulky vypad\u00e1 coby ide\u00e1ln\u00ed p\u0159\u00edle\u017eitost vylep\u0161it bilanci, optimismus v\u0161ak trochu sr\u00e1\u017e\u00ed hroziv\u00e1 statistika deseti m\u011bs\u00edc\u016f bez venkovn\u00ed v\u00fdhry v Premier League. Naposledy se po\u0161t\u011bstilo v lednu pr\u00e1v\u011b v Selhurst Parku, n\u011bkte\u0159\u00ed si mo\u017en\u00e1 vzpomenou na Colemanovu v\u00edt\u011bznou branku z 87. minuty.<\/p>\r\n\r\n\r\n\r\n<p>Crystal Palace v l\u00e9t\u011b dosadil do pozici mana\u017eera Franka de Boera. V jihov\u00fdchodn\u00edm Lond\u00fdn\u011b ale Nizozemec vydr\u017eel pouze \u010dty\u0159i ligov\u00e1 kola, rozlou\u010dil se s bilanc\u00ed \u010dty\u0159 ligov\u00fdch proher bez vst\u0159elen\u00e9ho g\u00f3lu. Trochu p\u0159ed\u010dasn\u00e9 rozhodnut\u00ed, \u0159ekl by jeden. Druh\u00fd by s n\u00edm souhlasil pot\u00e9, co byl ozn\u00e1men n\u00e1stupce de Boera. S\u00e1zka na zaslou\u017eil\u00e9ho d\u016fchodce Roye Hodgsona, kter\u00fd si odpo\u010dinek od fotbalu u\u017e\u00edval od roku 2013, p\u0159ekvapila.<\/p>\r\n\r\n\r\n\r\n<p>S Hodgsonem Crystal Palace v n\u00e1sleduj\u00edc\u00edch \u0161esti ligov\u00fdch kolech zdolal Chelsea, remizoval s West Hamem a \u010dty\u0159ikr\u00e1t vy\u0161el napr\u00e1zdno. \u0164uk, \u0165uk. Kdo tam? Championship.<\/p>\r\n\r\n\r\n\r\n<p>Everton st\u00e1le postr\u00e1d\u00e1 dlouhodob\u011b zran\u011bn\u00e9 Funese Moriho, Colemana, McCarthyho, Barkleyho a Bolasieho. Naopak po\u00a0o\u0161kliv\u00e9m p\u00e1du v z\u00e1pase s Lyonem je op\u011bt p\u0159ipraven\u00fd nastoupit Cuco Martin. Unsworth rovn\u011b\u017e po\u010d\u00edt\u00e1 s dvojic\u00ed Schneiderlin-Mirallas, \u00fadajn\u00e9 dva t\u00fddny star\u00e9 vyk\u00e1z\u00e1n\u00ed z tr\u00e9ninku vyvr\u00e1til, a i kdy\u017e pravd\u011bpodobn\u011b do\u0161lo k n\u011bjak\u00e9mu disciplin\u00e1rn\u00edmu p\u0159oh\u0159e\u0161ku, o jejich oddanosti ke klubu nepochybuje.<\/p>\r\n\r\n\r\n\r\n<p>Eagles se po t\u00e9m\u011b\u0159 dvoum\u011bs\u00ed\u010dn\u00ed pauze vrac\u00ed \u00fato\u010dn\u00edk Christian Benteke, ov\u0161em kv\u016fli pot\u00ed\u017e\u00edm se z\u00e1dy je ve v\u00e1\u017en\u00e9m ohro\u017een\u00ed start Rubena Loftuse-Cheeka, jen\u017e zaujal p\u0159ed t\u00fddnem p\u0159i debutu v n\u00e1rodn\u00edm t\u00fdmu Anglie. Mezi jist\u011b absentuj\u00edc\u00ed pat\u0159\u00ed zran\u011bn\u00ed Jordon Mutch, Patrick van Aanholt, Lee Chung-yong a Conor Wickham.<\/p>\r\n\r\n\r\n\r\n<p><strong>Co:\u00a0<\/strong>Crystal Palace FC &#8211; Everton FC, 12. kolo Premier League<br \/><strong>Kdy:<\/strong>\u00a018. 11. 2017 od 16:00 SE\u010c<br \/><strong>Kde:<\/strong>\u00a0Selhurst Park, Lond\u00fdn (kapacita: 25 456)<br \/><strong>Rozhod\u010d\u00ed:<\/strong>\u00a0Anthony Taylor<\/p>\r\n","protected":false},"excerpt":{"rendered":"<p>St\u00e1le s\u00a0p\u0159echodn\u011b \u00fa\u0159aduj\u00edc\u00edm Davidem Unsworthem na lavi\u010dce zaj\u00ed\u017ed\u00ed Everton na p\u016fdu posledn\u00edho celku Premier League, kde se bude sna\u017eit protrhnout desetim\u011bs\u00ed\u010dn\u00ed \u010dek\u00e1n\u00ed na venkovn\u00ed ligovou v\u00fdhru.<\/p>\n","protected":false},"author":6,"featured_media":12110,"comment_status":"open","ping_status":"closed","sticky":false,"template":"","format":"standard","meta":{"_eb_attr":"","_monsterinsights_skip_tracking":false,"_monsterinsights_sitenote_active":false,"_monsterinsights_sitenote_note":"","_monsterinsights_sitenote_category":0,"footnotes":""},"categories":[4],"tags":[],"yoast_head":"<!-- This site is optimized with the Yoast SEO plugin v23.4 - https:\/\/yoast.com\/wordpress\/plugins\/seo\/ -->\n<title>Preview: Crystal Palace - Everton - Official Czech &amp; Slovak Everton Supporters&#039; Club<\/title>\n<meta name=\"robots\" content=\"index, follow, max-snippet:-1, max-image-preview:large, max-video-preview:-1\" \/>\n<link rel=\"canonical\" href=\"https:\/\/evertonfc.cz\/index.php\/2017\/11\/17\/preview-crystal-palace-everton\/\" \/>\n<meta property=\"og:locale\" content=\"cs_CZ\" \/>\n<meta property=\"og:type\" content=\"article\" \/>\n<meta property=\"og:title\" content=\"Preview: Crystal Palace - Everton - Official Czech &amp; Slovak Everton Supporters&#039; Club\" \/>\n<meta property=\"og:description\" content=\"St\u00e1le s\u00a0p\u0159echodn\u011b \u00fa\u0159aduj\u00edc\u00edm Davidem Unsworthem na lavi\u010dce zaj\u00ed\u017ed\u00ed Everton na p\u016fdu posledn\u00edho celku Premier League, kde se bude sna\u017eit protrhnout desetim\u011bs\u00ed\u010dn\u00ed \u010dek\u00e1n\u00ed na venkovn\u00ed ligovou v\u00fdhru.\" \/>\n<meta property=\"og:url\" content=\"https:\/\/evertonfc.cz\/index.php\/2017\/11\/17\/preview-crystal-palace-everton\/\" \/>\n<meta property=\"og:site_name\" content=\"Official Czech &amp; Slovak Everton Supporters&#039; Club\" \/>\n<meta property=\"article:publisher\" content=\"https:\/\/www.facebook.com\/everton.fans.cz.sk\" \/>\n<meta property=\"article:published_time\" content=\"2017-11-17T20:35:23+00:00\" \/>\n<meta property=\"article:modified_time\" content=\"2021-04-04T12:00:28+00:00\" \/>\n<meta property=\"og:image\" content=\"https:\/\/evertonfc.cz\/wp-content\/uploads\/2020\/09\/Crystal-Palace-VS-Everton-26-9-2020.jpg\" \/>\n\t<meta property=\"og:image:width\" content=\"720\" \/>\n\t<meta property=\"og:image:height\" content=\"405\" \/>\n\t<meta property=\"og:image:type\" content=\"image\/jpeg\" \/>\n<meta name=\"author\" content=\"Ri\u010di\" \/>\n<meta name=\"twitter:card\" content=\"summary_large_image\" \/>\n<meta name=\"twitter:creator\" content=\"@rbrejsa\" \/>\n<meta name=\"twitter:label1\" content=\"Napsal(a)\" \/>\n\t<meta name=\"twitter:data1\" content=\"Ri\u010di\" \/>\n\t<meta name=\"twitter:label2\" content=\"Odhadovan\u00e1 doba \u010dten\u00ed\" \/>\n\t<meta name=\"twitter:data2\" content=\"3 minuty\" \/>\n<script type=\"application\/ld+json\" class=\"yoast-schema-graph\">{\"@context\":\"https:\/\/schema.org\",\"@graph\":[{\"@type\":\"Article\",\"@id\":\"https:\/\/evertonfc.cz\/index.php\/2017\/11\/17\/preview-crystal-palace-everton\/#article\",\"isPartOf\":{\"@id\":\"https:\/\/evertonfc.cz\/index.php\/2017\/11\/17\/preview-crystal-palace-everton\/\"},\"author\":{\"name\":\"Ri\u010di\",\"@id\":\"https:\/\/evertonfc.cz\/#\/schema\/person\/f7a5daedb2ffee98480bc70e191aaef1\"},\"headline\":\"Preview: Crystal Palace &#8211; Everton\",\"datePublished\":\"2017-11-17T20:35:23+00:00\",\"dateModified\":\"2021-04-04T12:00:28+00:00\",\"mainEntityOfPage\":{\"@id\":\"https:\/\/evertonfc.cz\/index.php\/2017\/11\/17\/preview-crystal-palace-everton\/\"},\"wordCount\":646,\"commentCount\":0,\"publisher\":{\"@id\":\"https:\/\/evertonfc.cz\/#organization\"},\"image\":{\"@id\":\"https:\/\/evertonfc.cz\/index.php\/2017\/11\/17\/preview-crystal-palace-everton\/#primaryimage\"},\"thumbnailUrl\":\"https:\/\/evertonfc.cz\/wp-content\/uploads\/2020\/09\/Crystal-Palace-VS-Everton-26-9-2020.jpg\",\"articleSection\":[\"Z\u00e1pasy\"],\"inLanguage\":\"cs\",\"potentialAction\":[{\"@type\":\"CommentAction\",\"name\":\"Comment\",\"target\":[\"https:\/\/evertonfc.cz\/index.php\/2017\/11\/17\/preview-crystal-palace-everton\/#respond\"]}]},{\"@type\":\"WebPage\",\"@id\":\"https:\/\/evertonfc.cz\/index.php\/2017\/11\/17\/preview-crystal-palace-everton\/\",\"url\":\"https:\/\/evertonfc.cz\/index.php\/2017\/11\/17\/preview-crystal-palace-everton\/\",\"name\":\"Preview: Crystal Palace - Everton - Official Czech &amp; Slovak Everton Supporters&#039; Club\",\"isPartOf\":{\"@id\":\"https:\/\/evertonfc.cz\/#website\"},\"primaryImageOfPage\":{\"@id\":\"https:\/\/evertonfc.cz\/index.php\/2017\/11\/17\/preview-crystal-palace-everton\/#primaryimage\"},\"image\":{\"@id\":\"https:\/\/evertonfc.cz\/index.php\/2017\/11\/17\/preview-crystal-palace-everton\/#primaryimage\"},\"thumbnailUrl\":\"https:\/\/evertonfc.cz\/wp-content\/uploads\/2020\/09\/Crystal-Palace-VS-Everton-26-9-2020.jpg\",\"datePublished\":\"2017-11-17T20:35:23+00:00\",\"dateModified\":\"2021-04-04T12:00:28+00:00\",\"breadcrumb\":{\"@id\":\"https:\/\/evertonfc.cz\/index.php\/2017\/11\/17\/preview-crystal-palace-everton\/#breadcrumb\"},\"inLanguage\":\"cs\",\"potentialAction\":[{\"@type\":\"ReadAction\",\"target\":[\"https:\/\/evertonfc.cz\/index.php\/2017\/11\/17\/preview-crystal-palace-everton\/\"]}]},{\"@type\":\"ImageObject\",\"inLanguage\":\"cs\",\"@id\":\"https:\/\/evertonfc.cz\/index.php\/2017\/11\/17\/preview-crystal-palace-everton\/#primaryimage\",\"url\":\"https:\/\/evertonfc.cz\/wp-content\/uploads\/2020\/09\/Crystal-Palace-VS-Everton-26-9-2020.jpg\",\"contentUrl\":\"https:\/\/evertonfc.cz\/wp-content\/uploads\/2020\/09\/Crystal-Palace-VS-Everton-26-9-2020.jpg\",\"width\":720,\"height\":405},{\"@type\":\"BreadcrumbList\",\"@id\":\"https:\/\/evertonfc.cz\/index.php\/2017\/11\/17\/preview-crystal-palace-everton\/#breadcrumb\",\"itemListElement\":[{\"@type\":\"ListItem\",\"position\":1,\"name\":\"Home\",\"item\":\"https:\/\/evertonfc.cz\/\"},{\"@type\":\"ListItem\",\"position\":2,\"name\":\"Preview: Crystal Palace &#8211; Everton\"}]},{\"@type\":\"WebSite\",\"@id\":\"https:\/\/evertonfc.cz\/#website\",\"url\":\"https:\/\/evertonfc.cz\/\",\"name\":\"Official Czech &amp; Slovak Everton Supporters&#039; Club\",\"description\":\"\",\"publisher\":{\"@id\":\"https:\/\/evertonfc.cz\/#organization\"},\"potentialAction\":[{\"@type\":\"SearchAction\",\"target\":{\"@type\":\"EntryPoint\",\"urlTemplate\":\"https:\/\/evertonfc.cz\/?s={search_term_string}\"},\"query-input\":{\"@type\":\"PropertyValueSpecification\",\"valueRequired\":true,\"valueName\":\"search_term_string\"}}],\"inLanguage\":\"cs\"},{\"@type\":\"Organization\",\"@id\":\"https:\/\/evertonfc.cz\/#organization\",\"name\":\"Official Czech & Slovak Everton Supporters' Club\",\"url\":\"https:\/\/evertonfc.cz\/\",\"logo\":{\"@type\":\"ImageObject\",\"inLanguage\":\"cs\",\"@id\":\"https:\/\/evertonfc.cz\/#\/schema\/logo\/image\/\",\"url\":\"https:\/\/evertonfc.cz\/wp-content\/uploads\/2019\/05\/logo.png\",\"contentUrl\":\"https:\/\/evertonfc.cz\/wp-content\/uploads\/2019\/05\/logo.png\",\"width\":112,\"height\":112,\"caption\":\"Official Czech & Slovak Everton Supporters' Club\"},\"image\":{\"@id\":\"https:\/\/evertonfc.cz\/#\/schema\/logo\/image\/\"},\"sameAs\":[\"https:\/\/www.facebook.com\/everton.fans.cz.sk\"]},{\"@type\":\"Person\",\"@id\":\"https:\/\/evertonfc.cz\/#\/schema\/person\/f7a5daedb2ffee98480bc70e191aaef1\",\"name\":\"Ri\u010di\",\"sameAs\":[\"https:\/\/x.com\/rbrejsa\"],\"url\":\"https:\/\/evertonfc.cz\/index.php\/author\/rici\/\"}]}<\/script>\n<!-- \/ Yoast SEO plugin. -->","yoast_head_json":{"title":"Preview: Crystal Palace - Everton - Official Czech &amp; Slovak Everton Supporters&#039; Club","robots":{"index":"index","follow":"follow","max-snippet":"max-snippet:-1","max-image-preview":"max-image-preview:large","max-video-preview":"max-video-preview:-1"},"canonical":"https:\/\/evertonfc.cz\/index.php\/2017\/11\/17\/preview-crystal-palace-everton\/","og_locale":"cs_CZ","og_type":"article","og_title":"Preview: Crystal Palace - Everton - Official Czech &amp; Slovak Everton Supporters&#039; Club","og_description":"St\u00e1le s\u00a0p\u0159echodn\u011b \u00fa\u0159aduj\u00edc\u00edm Davidem Unsworthem na lavi\u010dce zaj\u00ed\u017ed\u00ed Everton na p\u016fdu posledn\u00edho celku Premier League, kde se bude sna\u017eit protrhnout desetim\u011bs\u00ed\u010dn\u00ed \u010dek\u00e1n\u00ed na venkovn\u00ed ligovou v\u00fdhru.","og_url":"https:\/\/evertonfc.cz\/index.php\/2017\/11\/17\/preview-crystal-palace-everton\/","og_site_name":"Official Czech &amp; Slovak Everton Supporters&#039; Club","article_publisher":"https:\/\/www.facebook.com\/everton.fans.cz.sk","article_published_time":"2017-11-17T20:35:23+00:00","article_modified_time":"2021-04-04T12:00:28+00:00","og_image":[{"width":720,"height":405,"url":"https:\/\/evertonfc.cz\/wp-content\/uploads\/2020\/09\/Crystal-Palace-VS-Everton-26-9-2020.jpg","type":"image\/jpeg"}],"author":"Ri\u010di","twitter_card":"summary_large_image","twitter_creator":"@rbrejsa","twitter_misc":{"Napsal(a)":"Ri\u010di","Odhadovan\u00e1 doba \u010dten\u00ed":"3 minuty"},"schema":{"@context":"https:\/\/schema.org","@graph":[{"@type":"Article","@id":"https:\/\/evertonfc.cz\/index.php\/2017\/11\/17\/preview-crystal-palace-everton\/#article","isPartOf":{"@id":"https:\/\/evertonfc.cz\/index.php\/2017\/11\/17\/preview-crystal-palace-everton\/"},"author":{"name":"Ri\u010di","@id":"https:\/\/evertonfc.cz\/#\/schema\/person\/f7a5daedb2ffee98480bc70e191aaef1"},"headline":"Preview: Crystal Palace &#8211; Everton","datePublished":"2017-11-17T20:35:23+00:00","dateModified":"2021-04-04T12:00:28+00:00","mainEntityOfPage":{"@id":"https:\/\/evertonfc.cz\/index.php\/2017\/11\/17\/preview-crystal-palace-everton\/"},"wordCount":646,"commentCount":0,"publisher":{"@id":"https:\/\/evertonfc.cz\/#organization"},"image":{"@id":"https:\/\/evertonfc.cz\/index.php\/2017\/11\/17\/preview-crystal-palace-everton\/#primaryimage"},"thumbnailUrl":"https:\/\/evertonfc.cz\/wp-content\/uploads\/2020\/09\/Crystal-Palace-VS-Everton-26-9-2020.jpg","articleSection":["Z\u00e1pasy"],"inLanguage":"cs","potentialAction":[{"@type":"CommentAction","name":"Comment","target":["https:\/\/evertonfc.cz\/index.php\/2017\/11\/17\/preview-crystal-palace-everton\/#respond"]}]},{"@type":"WebPage","@id":"https:\/\/evertonfc.cz\/index.php\/2017\/11\/17\/preview-crystal-palace-everton\/","url":"https:\/\/evertonfc.cz\/index.php\/2017\/11\/17\/preview-crystal-palace-everton\/","name":"Preview: Crystal Palace - Everton - Official Czech &amp; Slovak Everton Supporters&#039; Club","isPartOf":{"@id":"https:\/\/evertonfc.cz\/#website"},"primaryImageOfPage":{"@id":"https:\/\/evertonfc.cz\/index.php\/2017\/11\/17\/preview-crystal-palace-everton\/#primaryimage"},"image":{"@id":"https:\/\/evertonfc.cz\/index.php\/2017\/11\/17\/preview-crystal-palace-everton\/#primaryimage"},"thumbnailUrl":"https:\/\/evertonfc.cz\/wp-content\/uploads\/2020\/09\/Crystal-Palace-VS-Everton-26-9-2020.jpg","datePublished":"2017-11-17T20:35:23+00:00","dateModified":"2021-04-04T12:00:28+00:00","breadcrumb":{"@id":"https:\/\/evertonfc.cz\/index.php\/2017\/11\/17\/preview-crystal-palace-everton\/#breadcrumb"},"inLanguage":"cs","potentialAction":[{"@type":"ReadAction","target":["https:\/\/evertonfc.cz\/index.php\/2017\/11\/17\/preview-crystal-palace-everton\/"]}]},{"@type":"ImageObject","inLanguage":"cs","@id":"https:\/\/evertonfc.cz\/index.php\/2017\/11\/17\/preview-crystal-palace-everton\/#primaryimage","url":"https:\/\/evertonfc.cz\/wp-content\/uploads\/2020\/09\/Crystal-Palace-VS-Everton-26-9-2020.jpg","contentUrl":"https:\/\/evertonfc.cz\/wp-content\/uploads\/2020\/09\/Crystal-Palace-VS-Everton-26-9-2020.jpg","width":720,"height":405},{"@type":"BreadcrumbList","@id":"https:\/\/evertonfc.cz\/index.php\/2017\/11\/17\/preview-crystal-palace-everton\/#breadcrumb","itemListElement":[{"@type":"ListItem","position":1,"name":"Home","item":"https:\/\/evertonfc.cz\/"},{"@type":"ListItem","position":2,"name":"Preview: Crystal Palace &#8211; Everton"}]},{"@type":"WebSite","@id":"https:\/\/evertonfc.cz\/#website","url":"https:\/\/evertonfc.cz\/","name":"Official Czech &amp; Slovak Everton Supporters&#039; Club","description":"","publisher":{"@id":"https:\/\/evertonfc.cz\/#organization"},"potentialAction":[{"@type":"SearchAction","target":{"@type":"EntryPoint","urlTemplate":"https:\/\/evertonfc.cz\/?s={search_term_string}"},"query-input":{"@type":"PropertyValueSpecification","valueRequired":true,"valueName":"search_term_string"}}],"inLanguage":"cs"},{"@type":"Organization","@id":"https:\/\/evertonfc.cz\/#organization","name":"Official Czech & Slovak Everton Supporters' Club","url":"https:\/\/evertonfc.cz\/","logo":{"@type":"ImageObject","inLanguage":"cs","@id":"https:\/\/evertonfc.cz\/#\/schema\/logo\/image\/","url":"https:\/\/evertonfc.cz\/wp-content\/uploads\/2019\/05\/logo.png","contentUrl":"https:\/\/evertonfc.cz\/wp-content\/uploads\/2019\/05\/logo.png","width":112,"height":112,"caption":"Official Czech & Slovak Everton Supporters' Club"},"image":{"@id":"https:\/\/evertonfc.cz\/#\/schema\/logo\/image\/"},"sameAs":["https:\/\/www.facebook.com\/everton.fans.cz.sk"]},{"@type":"Person","@id":"https:\/\/evertonfc.cz\/#\/schema\/person\/f7a5daedb2ffee98480bc70e191aaef1","name":"Ri\u010di","sameAs":["https:\/\/x.com\/rbrejsa"],"url":"https:\/\/evertonfc.cz\/index.php\/author\/rici\/"}]}},"_links":{"self":[{"href":"https:\/\/evertonfc.cz\/index.php\/wp-json\/wp\/v2\/posts\/2348"}],"collection":[{"href":"https:\/\/evertonfc.cz\/index.php\/wp-json\/wp\/v2\/posts"}],"about":[{"href":"https:\/\/evertonfc.cz\/index.php\/wp-json\/wp\/v2\/types\/post"}],"author":[{"embeddable":true,"href":"https:\/\/evertonfc.cz\/index.php\/wp-json\/wp\/v2\/users\/6"}],"replies":[{"embeddable":true,"href":"https:\/\/evertonfc.cz\/index.php\/wp-json\/wp\/v2\/comments?post=2348"}],"version-history":[{"count":3,"href":"https:\/\/evertonfc.cz\/index.php\/wp-json\/wp\/v2\/posts\/2348\/revisions"}],"predecessor-version":[{"id":14874,"href":"https:\/\/evertonfc.cz\/index.php\/wp-json\/wp\/v2\/posts\/2348\/revisions\/14874"}],"wp:featuredmedia":[{"embeddable":true,"href":"https:\/\/evertonfc.cz\/index.php\/wp-json\/wp\/v2\/media\/12110"}],"wp:attachment":[{"href":"https:\/\/evertonfc.cz\/index.php\/wp-json\/wp\/v2\/media?parent=2348"}],"wp:term":[{"taxonomy":"category","embeddable":true,"href":"https:\/\/evertonfc.cz\/index.php\/wp-json\/wp\/v2\/categories?post=2348"},{"taxonomy":"post_tag","embeddable":true,"href":"https:\/\/evertonfc.cz\/index.php\/wp-json\/wp\/v2\/tags?post=2348"}],"curies":[{"name":"wp","href":"https:\/\/api.w.org\/{rel}","templated":true}]}}